{"id":3002,"date":"2018-01-18T10:19:37","date_gmt":"2018-01-18T09:19:37","guid":{"rendered":"https:\/\/www.organisator.ch\/?p=3002"},"modified":"2018-01-18T10:19:37","modified_gmt":"2018-01-18T09:19:37","slug":"alpensymposium-2018-viel-philosophie-politik-und-ein-rockstar","status":"publish","type":"post","link":"https:\/\/www.organisator.ch\/it\/allgemein\/2018-01-18\/alpensymposium-2018-viel-philosophie-politik-und-ein-rockstar\/","title":{"rendered":"Simposio alpino 2018: tanta filosofia, politica - e una rock star"},"content":{"rendered":"<figure id=\"attachment_3008\" aria-describedby=\"caption-attachment-3008\" style=\"width: 640px\" class=\"wp-caption alignnone\"><img loading=\"lazy\" decoding=\"async\" class=\"size-full wp-image-3008\" src=\"https:\/\/www.organisator.ch\/wp-content\/uploads\/2018\/01\/Alpensymposium-2018-Viel-Philosophie-Politik-und-ein-Rockstar-1_Organisator.jpg\" alt=\"\" width=\"640\" height=\"425\" srcset=\"https:\/\/www.organisator.ch\/wp-content\/uploads\/2018\/01\/Alpensymposium-2018-Viel-Philosophie-Politik-und-ein-Rockstar-1_Organisator.jpg 640w, https:\/\/www.organisator.ch\/wp-content\/uploads\/2018\/01\/Alpensymposium-2018-Viel-Philosophie-Politik-und-ein-Rockstar-1_Organisator-16x12.jpg 16w, https:\/\/www.organisator.ch\/wp-content\/uploads\/2018\/01\/Alpensymposium-2018-Viel-Philosophie-Politik-und-ein-Rockstar-1_Organisator-264x175.jpg 264w, https:\/\/www.organisator.ch\/wp-content\/uploads\/2018\/01\/Alpensymposium-2018-Viel-Philosophie-Politik-und-ein-Rockstar-1_Organisator-527x350.jpg 527w, https:\/\/www.organisator.ch\/wp-content\/uploads\/2018\/01\/Alpensymposium-2018-Viel-Philosophie-Politik-und-ein-Rockstar-1_Organisator-300x199.jpg 300w\" sizes=\"auto, (max-width: 640px) 100vw, 640px\" \/><figcaption id=\"caption-attachment-3008\" class=\"wp-caption-text\">Non una rockstar, ma un filosofo: Anders Indset ha messo in guardia da una \"esplosione dell'intelligenza\" all'Alpine Symposium 2018. (Immagini: Thomas Berner)<\/figcaption><\/figure>\n<p>Gli esseri umani diventeranno obsoleti un giorno? Secondo il filosofo economico norvegese Anders Indset, questa visione piuttosto cupa del futuro potrebbe un giorno diventare realt\u00e0. Ha messo in guardia dal sottovalutare la velocit\u00e0 degli sviluppi tecnologici. \"L'informatica quantistica raggiunger\u00e0 una svolta quest'anno\", prevede Indset. \"Ci sar\u00e0 un'esplosione dell'intelligenza, tra tre o cinque anni avremo macchine con un QI pari a quello degli esseri umani adulti\", ha previsto. L'Intelligenza Artificiale (AI) diventer\u00e0 Intelligenza Artificiale Generale (AGI). Dobbiamo avere rispetto per la visione di un \"Homo Obsoletus\"\", ha ammonito Indset, invitando il pubblico a diventare essi stessi artefici del cambiamento, per non essere semplicemente alla sua merc\u00e9. Non \u00e8 possibile che gli algoritmi diventino le nuove autorit\u00e0.<\/p>\n<h2>Per una buona vita<\/h2>\n<p>Le presentazioni di Rolf Dobelli e Mahsa Amoudadashi si sono concentrate sulle \"piccole cose\". Mahsa Amoudadashi ha invocato al Simposio delle Alpi 2018 una maggiore cordialit\u00e0 nei rapporti con clienti e dipendenti. Tuttavia, questo non pu\u00f2 essere appreso, ma deve essere prima \"risvegliato\" attraverso un entusiasmo esemplare. Rolf Dobelli ha dato a sua volta alcuni input per una \"buona vita\", come ad esempio: Dire di pi\u00f9 \"no\", essere pi\u00f9 modesti o smettere di confrontarsi sempre con gli altri.<\/p>\n<figure id=\"attachment_3011\" aria-describedby=\"caption-attachment-3011\" style=\"width: 640px\" class=\"wp-caption alignnone\"><img loading=\"lazy\" decoding=\"async\" class=\"size-full wp-image-3011\" src=\"https:\/\/www.organisator.ch\/wp-content\/uploads\/2018\/01\/Alpensymposium-2018-Viel-Philosophie-Politik-und-ein-Rockstar-4_Organisator.jpg\" alt=\"\" width=\"640\" height=\"425\" srcset=\"https:\/\/www.organisator.ch\/wp-content\/uploads\/2018\/01\/Alpensymposium-2018-Viel-Philosophie-Politik-und-ein-Rockstar-4_Organisator.jpg 640w, https:\/\/www.organisator.ch\/wp-content\/uploads\/2018\/01\/Alpensymposium-2018-Viel-Philosophie-Politik-und-ein-Rockstar-4_Organisator-16x12.jpg 16w, https:\/\/www.organisator.ch\/wp-content\/uploads\/2018\/01\/Alpensymposium-2018-Viel-Philosophie-Politik-und-ein-Rockstar-4_Organisator-264x175.jpg 264w, https:\/\/www.organisator.ch\/wp-content\/uploads\/2018\/01\/Alpensymposium-2018-Viel-Philosophie-Politik-und-ein-Rockstar-4_Organisator-527x350.jpg 527w, https:\/\/www.organisator.ch\/wp-content\/uploads\/2018\/01\/Alpensymposium-2018-Viel-Philosophie-Politik-und-ein-Rockstar-4_Organisator-300x199.jpg 300w\" sizes=\"auto, (max-width: 640px) 100vw, 640px\" \/><figcaption id=\"caption-attachment-3011\" class=\"wp-caption-text\">Joachim Gauck, ex Presidente della Repubblica Federale Tedesca: \"Robusta civilt\u00e0\" come obiettivo.<\/figcaption><\/figure>\n<h2>Europa: la risposta al 21\u00b0 secolo<\/h2>\n<p>Anche Joachim Gauck, ex Presidente della Repubblica Federale di Germania, ha parlato con calma. Vede una sfida nel crescente populismo, ma vorrebbe vedere un po' pi\u00f9 di serenit\u00e0, un \"antistaminico\", come dice lui. Le paure giustificate delle persone devono avere spazio per essere espresse. In risposta, ha detto, abbiamo bisogno di un linguaggio semplice e invitante. Ma questo campo non dovrebbe essere lasciato ai populisti. Le loro ricette sono troppo seducenti. I politici sono invece chiamati a semplificare i processi sempre pi\u00f9 complessi in modo \"illuminante\" attraverso la comunicazione. Joachim Gauck \u00e8 convinto che un discorso civile appropriato sia ancora possibile attraverso una \"robusta civilt\u00e0\".<\/p>\n<figure id=\"attachment_3012\" aria-describedby=\"caption-attachment-3012\" style=\"width: 640px\" class=\"wp-caption alignnone\"><img loading=\"lazy\" decoding=\"async\" class=\"size-full wp-image-3012\" src=\"https:\/\/www.organisator.ch\/wp-content\/uploads\/2018\/01\/Alpensymposium-2018-Viel-Philosophie-Politik-und-ein-Rockstar-5_Organisator.jpg\" alt=\"\" width=\"640\" height=\"411\" srcset=\"https:\/\/www.organisator.ch\/wp-content\/uploads\/2018\/01\/Alpensymposium-2018-Viel-Philosophie-Politik-und-ein-Rockstar-5_Organisator.jpg 640w, https:\/\/www.organisator.ch\/wp-content\/uploads\/2018\/01\/Alpensymposium-2018-Viel-Philosophie-Politik-und-ein-Rockstar-5_Organisator-16x10.jpg 16w, https:\/\/www.organisator.ch\/wp-content\/uploads\/2018\/01\/Alpensymposium-2018-Viel-Philosophie-Politik-und-ein-Rockstar-5_Organisator-273x175.jpg 273w, https:\/\/www.organisator.ch\/wp-content\/uploads\/2018\/01\/Alpensymposium-2018-Viel-Philosophie-Politik-und-ein-Rockstar-5_Organisator-545x350.jpg 545w, https:\/\/www.organisator.ch\/wp-content\/uploads\/2018\/01\/Alpensymposium-2018-Viel-Philosophie-Politik-und-ein-Rockstar-5_Organisator-300x193.jpg 300w\" sizes=\"auto, (max-width: 640px) 100vw, 640px\" \/><figcaption id=\"caption-attachment-3012\" class=\"wp-caption-text\">Peer Steinbr\u00fcck: i problemi non possono pi\u00f9 essere risolti a livello nazionale.<\/figcaption><\/figure>\n<p>Il secondo \"peso massimo\" politico presente al Simposio delle Alpi 2018 \u00e8 stato l'ex ministro delle Finanze tedesco Peer Steinbr\u00fcck. Anch'egli ha messo in guardia dal crescente populismo, ma al contrario ha chiarito che un \"ritiro nel proprio castello di carri\" \u00e8 una strategia sbagliata. \"Nessun problema pu\u00f2 pi\u00f9 essere risolto solo a livello nazionale\", ha detto Steinbr\u00fcck. L'Europa \u00e8 messa a dura prova dalla Brexit, dai problemi finanziari e demografici e dalle incertezze nelle politiche di grandi potenze come gli Stati Uniti e la Russia. Ma \u00e8 proprio questa Europa l'unica risposta corretta al XXI secolo. E dove vede la Svizzera in questa Europa? In particolare, deve essere risolto il problema della libera circolazione delle persone.<\/p>\n<h2>Rockstar e uomo d'affari<\/h2>\n<p>Il motto del Simposio delle Alpi di quest'anno era \"Piano B\". Bruce Dickinson ha molti \"piani B\" di questo tipo. Cantante della band heavy metal britannica Iron Maiden, Dickinson \u00e8 anche un accorto uomo d'affari. \u00c8 difficile immaginare il genere rock senza il suo gruppo e la sua musica. Come pilota - pilota lui stesso un Boeing 747 con tutta l'attrezzatura della band da un concerto all'altro - ha anche fondato diverse societ\u00e0 di manutenzione aeronautica e ha gestito un'intera compagnia aerea, Air Djibouti. Nello spirito della \"diversificazione\", Bruce Dickinson \u00e8 anche produttore di birra e orologiaio.<\/p>\n<figure id=\"attachment_3010\" aria-describedby=\"caption-attachment-3010\" style=\"width: 640px\" class=\"wp-caption alignnone\"><img loading=\"lazy\" decoding=\"async\" class=\"size-full wp-image-3010\" src=\"https:\/\/www.organisator.ch\/wp-content\/uploads\/2018\/01\/Alpensymposium-2018-Viel-Philosophie-Politik-und-ein-Rockstar-3_Organisator.jpg\" alt=\"\" width=\"640\" height=\"425\" srcset=\"https:\/\/www.organisator.ch\/wp-content\/uploads\/2018\/01\/Alpensymposium-2018-Viel-Philosophie-Politik-und-ein-Rockstar-3_Organisator.jpg 640w, https:\/\/www.organisator.ch\/wp-content\/uploads\/2018\/01\/Alpensymposium-2018-Viel-Philosophie-Politik-und-ein-Rockstar-3_Organisator-16x12.jpg 16w, https:\/\/www.organisator.ch\/wp-content\/uploads\/2018\/01\/Alpensymposium-2018-Viel-Philosophie-Politik-und-ein-Rockstar-3_Organisator-264x175.jpg 264w, https:\/\/www.organisator.ch\/wp-content\/uploads\/2018\/01\/Alpensymposium-2018-Viel-Philosophie-Politik-und-ein-Rockstar-3_Organisator-527x350.jpg 527w, https:\/\/www.organisator.ch\/wp-content\/uploads\/2018\/01\/Alpensymposium-2018-Viel-Philosophie-Politik-und-ein-Rockstar-3_Organisator-300x199.jpg 300w\" sizes=\"auto, (max-width: 640px) 100vw, 640px\" \/><figcaption id=\"caption-attachment-3010\" class=\"wp-caption-text\">Rockstar e uomo d'affari: il cantante degli \"Iron Maiden\" e imprenditore aeronautico Bruce Dickinson.<\/figcaption><\/figure>\n<h2>Nuovi mondi lavorativi, emozioni e umorismo<\/h2>\n<p>Altre performance impressionanti ed emozionanti sono state quelle delle due sorelle Melati e Isabel Wijsen. Come studentesse a Bali, hanno lanciato un'iniziativa con l'organizzazione \"Bye Bye Plastic Bags\" contro l'immenso inquinamento degli oceani e delle spiagge con i rifiuti di plastica. Con la loro rinfrescante esibizione, hanno conquistato i cuori del pubblico dell'Alpine Symposium 2018. Samuel Koch, invece, ha raccontato il suo ritorno alla vita, completamente cambiata dopo il grave incidente, davanti alle telecamere in funzione nel programma televisivo \"Wetten, dass...?\". Allo stesso modo, Michel Fornasier \u00e8 nato senza la mano destra. Grazie alla sua protesi bionica di mano \"iLimb Ultra Revolution\", \u00e8 comunque in grado di camminare con due mani e utilizza questo esempio per dimostrare le possibilit\u00e0 della robotica. La professoressa bernese Kathrin Altwegg ha riferito sulla missione della sonda spaziale \"Rosetta\" verso la cometa Tschuri-Gerassimov. L'imprenditore Viktor Calabr\u00f2 ha mostrato come nuove e pi\u00f9 flessibili forme di occupazione possano portare nuovi vantaggi all'economia. Infine, il dottor Roman F. Szeliga, medico, manager, autore e clown della clinica, e il cabarettista Florian Schroeder hanno strappato diverse risate al pubblico con le loro performance.<\/p>\n<figure id=\"attachment_3009\" aria-describedby=\"caption-attachment-3009\" style=\"width: 448px\" class=\"wp-caption alignnone\"><img loading=\"lazy\" decoding=\"async\" class=\"size-full wp-image-3009\" src=\"https:\/\/www.organisator.ch\/wp-content\/uploads\/2018\/01\/Alpensymposium-2018-Viel-Philosophie-Politik-und-ein-Rockstar-2_Organisator.jpg\" alt=\"\" width=\"448\" height=\"298\" srcset=\"https:\/\/www.organisator.ch\/wp-content\/uploads\/2018\/01\/Alpensymposium-2018-Viel-Philosophie-Politik-und-ein-Rockstar-2_Organisator.jpg 448w, https:\/\/www.organisator.ch\/wp-content\/uploads\/2018\/01\/Alpensymposium-2018-Viel-Philosophie-Politik-und-ein-Rockstar-2_Organisator-16x12.jpg 16w, https:\/\/www.organisator.ch\/wp-content\/uploads\/2018\/01\/Alpensymposium-2018-Viel-Philosophie-Politik-und-ein-Rockstar-2_Organisator-263x175.jpg 263w, https:\/\/www.organisator.ch\/wp-content\/uploads\/2018\/01\/Alpensymposium-2018-Viel-Philosophie-Politik-und-ein-Rockstar-2_Organisator-300x200.jpg 300w\" sizes=\"auto, (max-width: 448px) 100vw, 448px\" \/><figcaption id=\"caption-attachment-3009\" class=\"wp-caption-text\">Ha dimostrato che anche i giovani possono fare una grande differenza: Melati e Isabel Wijsen e il loro programma ambientale \"Bye Bye Plasticbags\".<\/figcaption><\/figure>\n<p><a href=\"http:\/\/www.alpensymposium.ch\"><em>www.alpensymposium.ch<\/em><\/a><\/p>\n<p>&nbsp;<\/p>","protected":false},"excerpt":{"rendered":"<p>Wird der Mensch doch einmal obsolet?\u00a0Diese eher d\u00fcster anmutende Zukunftsvision\u00a0k\u00f6nnte durchaus dereinst mal Realit\u00e4t werden,\u00a0glaubt\u00a0Wirtschaftsphilosoph Anders Indset aus Norwegen. Er warnte davor, die Geschwindigkeit der technologischen Entwicklungen zu untersch\u00e4tzen. &#8222;Noch dieses Jahr wird Quantum Computing einen Durchbruch erzielen&#8220;, prophezeit Indset. &#8222;Es wird zu einer Explosion der Intelligenz kommen, in drei bis f\u00fcnf Jahren werden wir [&hellip;]<\/p>\n","protected":false},"author":4,"featured_media":3011,"comment_status":"open","ping_status":"open","sticky":false,"template":"","format":"standard","meta":{"_acf_changed":false,"_yoast_wpseo_focuskw":"Alpensymposium 2018","_yoast_wpseo_metadesc":"Das Alpensymposium 2018 lockte am 16. und 17. Januar wieder etliche Hundert G\u00e4ste ins Hotel Victoria Jungfrau in Interlaken. Keynote-Speaker wie Anders Indset, Joachim Gauck, Peer Steinbr\u00fcck oder Bruce Dickinson lieferten viel Stoff zum Nachdenken.","articlekey":"","footnotes":""},"categories":[1],"tags":[335,502,508,531],"class_list":["post-3002","post","type-post","status-publish","format-standard","has-post-thumbnail","hentry","category-allgemein","tag-management-und-unternehmensfuehrung","tag-veranstaltungen","tag-vermischtes","tag-wirtschaftspolitik"],"acf":[],"yoast_head":"<!-- This site is optimized with the Yoast SEO plugin v27.4 - https:\/\/yoast.com\/product\/yoast-seo-wordpress\/ -->\n<title>Alpensymposium 2018: Viel Philosophie, Politik - und ein Rockstar - Organisator<\/title>\n<meta name=\"description\" content=\"Das Alpensymposium 2018 lockte am 16. und 17. Januar wieder etliche Hundert G\u00e4ste ins Hotel Victoria Jungfrau in Interlaken. Keynote-Speaker wie Anders Indset, Joachim Gauck, Peer Steinbr\u00fcck oder Bruce Dickinson lieferten viel Stoff zum Nachdenken.\" \/>\n<meta name=\"robots\" content=\"index, follow, max-snippet:-1, max-image-preview:large, max-video-preview:-1\" \/>\n<link rel=\"canonical\" href=\"https:\/\/www.organisator.ch\/it\/generale\/2018-01-18\/alpensymposium-2018-viel-philosophie-politik-und-ein-rockstar\/\" \/>\n<meta property=\"og:locale\" content=\"it_IT\" \/>\n<meta property=\"og:type\" content=\"article\" \/>\n<meta property=\"og:title\" content=\"Alpensymposium 2018: Viel Philosophie, Politik - und ein Rockstar\" \/>\n<meta property=\"og:description\" content=\"Das #Alpensymposium 2018 lockte am 16. und 17. Januar wieder etliche Hundert G\u00e4ste ins Hotel Victoria Jungfrau in Interlaken. Keynote-Speaker wie Anders #Indset, Joachim #Gauck, Peer #Steinbr\u00fcck oder Bruce #Dickinson lieferten viel Stoff zum Nachdenken.\" \/>\n<meta property=\"og:url\" content=\"https:\/\/www.organisator.ch\/it\/generale\/2018-01-18\/alpensymposium-2018-viel-philosophie-politik-und-ein-rockstar\/\" \/>\n<meta property=\"og:site_name\" content=\"Organisator\" \/>\n<meta property=\"article:publisher\" content=\"https:\/\/www.facebook.com\/OrganisatorFachmagazin\" \/>\n<meta property=\"article:published_time\" content=\"2018-01-18T09:19:37+00:00\" \/>\n<meta property=\"og:image\" content=\"https:\/\/www.organisator.ch\/wp-content\/uploads\/2018\/01\/Alpensymposium-2018-Viel-Philosophie-Politik-und-ein-Rockstar-4_Organisator.jpg\" \/>\n\t<meta property=\"og:image:width\" content=\"640\" \/>\n\t<meta property=\"og:image:height\" content=\"425\" \/>\n\t<meta property=\"og:image:type\" content=\"image\/jpeg\" \/>\n<meta name=\"author\" content=\"thomas.berner\" \/>\n<meta name=\"twitter:card\" content=\"summary_large_image\" \/>\n<meta name=\"twitter:title\" content=\"#Alpensymposium 2018: Viel Philosophie, Politik - und ein #Rockstar\" \/>\n<meta name=\"twitter:description\" content=\"Das #Alpensymposium 2018 lockte am 16. und 17. Januar wieder etliche Hundert G\u00e4ste ins Hotel Victoria Jungfrau in Interlaken. Keynote-Speaker wie Anders #Indset, Joachim #Gauck, Peer #Steinbr\u00fcck oder Bruce #Dickinson lieferten viel Stoff zum Nachdenken.\" \/>\n<meta name=\"twitter:image\" content=\"https:\/\/www.organisator.ch\/wp-content\/uploads\/2018\/01\/Alpensymposium-2018-Viel-Philosophie-Politik-und-ein-Rockstar-4_Organisator.jpg\" \/>\n<script type=\"application\/ld+json\" class=\"yoast-schema-graph\">{\"@context\":\"https:\\\/\\\/schema.org\",\"@graph\":[{\"@type\":\"Article\",\"@id\":\"https:\\\/\\\/www.organisator.ch\\\/de\\\/allgemein\\\/2018-01-18\\\/alpensymposium-2018-viel-philosophie-politik-und-ein-rockstar\\\/#article\",\"isPartOf\":{\"@id\":\"https:\\\/\\\/www.organisator.ch\\\/de\\\/allgemein\\\/2018-01-18\\\/alpensymposium-2018-viel-philosophie-politik-und-ein-rockstar\\\/\"},\"author\":{\"name\":\"thomas.berner\",\"@id\":\"https:\\\/\\\/www.organisator.ch\\\/#\\\/schema\\\/person\\\/6f650f90b2842cd4c0cc334b4e36f67e\"},\"headline\":\"Alpensymposium 2018: Viel Philosophie, Politik &#8211; und ein Rockstar\",\"datePublished\":\"2018-01-18T09:19:37+00:00\",\"mainEntityOfPage\":{\"@id\":\"https:\\\/\\\/www.organisator.ch\\\/de\\\/allgemein\\\/2018-01-18\\\/alpensymposium-2018-viel-philosophie-politik-und-ein-rockstar\\\/\"},\"wordCount\":836,\"commentCount\":0,\"publisher\":{\"@id\":\"https:\\\/\\\/www.organisator.ch\\\/#organization\"},\"image\":{\"@id\":\"https:\\\/\\\/www.organisator.ch\\\/de\\\/allgemein\\\/2018-01-18\\\/alpensymposium-2018-viel-philosophie-politik-und-ein-rockstar\\\/#primaryimage\"},\"thumbnailUrl\":\"https:\\\/\\\/www.organisator.ch\\\/wp-content\\\/uploads\\\/2018\\\/01\\\/Alpensymposium-2018-Viel-Philosophie-Politik-und-ein-Rockstar-4_Organisator.jpg\",\"keywords\":[\"Management und Unternehmensf\u00fchrung\",\"Veranstaltungen\",\"Vermischtes\",\"Wirtschaftspolitik\"],\"articleSection\":[\"Allgemein\"],\"inLanguage\":\"it-IT\"},{\"@type\":\"WebPage\",\"@id\":\"https:\\\/\\\/www.organisator.ch\\\/de\\\/allgemein\\\/2018-01-18\\\/alpensymposium-2018-viel-philosophie-politik-und-ein-rockstar\\\/\",\"url\":\"https:\\\/\\\/www.organisator.ch\\\/de\\\/allgemein\\\/2018-01-18\\\/alpensymposium-2018-viel-philosophie-politik-und-ein-rockstar\\\/\",\"name\":\"Alpensymposium 2018: Viel Philosophie, Politik - und ein Rockstar - Organisator\",\"isPartOf\":{\"@id\":\"https:\\\/\\\/www.organisator.ch\\\/#website\"},\"primaryImageOfPage\":{\"@id\":\"https:\\\/\\\/www.organisator.ch\\\/de\\\/allgemein\\\/2018-01-18\\\/alpensymposium-2018-viel-philosophie-politik-und-ein-rockstar\\\/#primaryimage\"},\"image\":{\"@id\":\"https:\\\/\\\/www.organisator.ch\\\/de\\\/allgemein\\\/2018-01-18\\\/alpensymposium-2018-viel-philosophie-politik-und-ein-rockstar\\\/#primaryimage\"},\"thumbnailUrl\":\"https:\\\/\\\/www.organisator.ch\\\/wp-content\\\/uploads\\\/2018\\\/01\\\/Alpensymposium-2018-Viel-Philosophie-Politik-und-ein-Rockstar-4_Organisator.jpg\",\"datePublished\":\"2018-01-18T09:19:37+00:00\",\"description\":\"Das Alpensymposium 2018 lockte am 16. und 17. Januar wieder etliche Hundert G\u00e4ste ins Hotel Victoria Jungfrau in Interlaken. Keynote-Speaker wie Anders Indset, Joachim Gauck, Peer Steinbr\u00fcck oder Bruce Dickinson lieferten viel Stoff zum Nachdenken.\",\"breadcrumb\":{\"@id\":\"https:\\\/\\\/www.organisator.ch\\\/de\\\/allgemein\\\/2018-01-18\\\/alpensymposium-2018-viel-philosophie-politik-und-ein-rockstar\\\/#breadcrumb\"},\"inLanguage\":\"it-IT\",\"potentialAction\":[{\"@type\":\"ReadAction\",\"target\":[\"https:\\\/\\\/www.organisator.ch\\\/de\\\/allgemein\\\/2018-01-18\\\/alpensymposium-2018-viel-philosophie-politik-und-ein-rockstar\\\/\"]}]},{\"@type\":\"ImageObject\",\"inLanguage\":\"it-IT\",\"@id\":\"https:\\\/\\\/www.organisator.ch\\\/de\\\/allgemein\\\/2018-01-18\\\/alpensymposium-2018-viel-philosophie-politik-und-ein-rockstar\\\/#primaryimage\",\"url\":\"https:\\\/\\\/www.organisator.ch\\\/wp-content\\\/uploads\\\/2018\\\/01\\\/Alpensymposium-2018-Viel-Philosophie-Politik-und-ein-Rockstar-4_Organisator.jpg\",\"contentUrl\":\"https:\\\/\\\/www.organisator.ch\\\/wp-content\\\/uploads\\\/2018\\\/01\\\/Alpensymposium-2018-Viel-Philosophie-Politik-und-ein-Rockstar-4_Organisator.jpg\",\"width\":640,\"height\":425,\"caption\":\"Joachim Gauck, ehemaliger deutscher Bundespr\u00e4sident: \\\"Robuste Zivilit\u00e4t\\\" als Ziel.\"},{\"@type\":\"BreadcrumbList\",\"@id\":\"https:\\\/\\\/www.organisator.ch\\\/de\\\/allgemein\\\/2018-01-18\\\/alpensymposium-2018-viel-philosophie-politik-und-ein-rockstar\\\/#breadcrumb\",\"itemListElement\":[{\"@type\":\"ListItem\",\"position\":1,\"name\":\"Home\",\"item\":\"https:\\\/\\\/www.organisator.ch\\\/\"},{\"@type\":\"ListItem\",\"position\":2,\"name\":\"Alpensymposium 2018: Viel Philosophie, Politik &#8211; und ein Rockstar\"}]},{\"@type\":\"WebSite\",\"@id\":\"https:\\\/\\\/www.organisator.ch\\\/#website\",\"url\":\"https:\\\/\\\/www.organisator.ch\\\/\",\"name\":\"Organisator\",\"description\":\"Kompetent. Praxisnah. Der ORGANISATOR bereitet in 10 Ausgaben pro Jahr die wesentlichen Themen f\u00fcr F\u00fchrungskr\u00e4fte von KMU auf.\",\"publisher\":{\"@id\":\"https:\\\/\\\/www.organisator.ch\\\/#organization\"},\"potentialAction\":[{\"@type\":\"SearchAction\",\"target\":{\"@type\":\"EntryPoint\",\"urlTemplate\":\"https:\\\/\\\/www.organisator.ch\\\/?s={search_term_string}\"},\"query-input\":{\"@type\":\"PropertyValueSpecification\",\"valueRequired\":true,\"valueName\":\"search_term_string\"}}],\"inLanguage\":\"it-IT\"},{\"@type\":\"Organization\",\"@id\":\"https:\\\/\\\/www.organisator.ch\\\/#organization\",\"name\":\"Organisator\",\"url\":\"https:\\\/\\\/www.organisator.ch\\\/\",\"logo\":{\"@type\":\"ImageObject\",\"inLanguage\":\"it-IT\",\"@id\":\"https:\\\/\\\/www.organisator.ch\\\/#\\\/schema\\\/logo\\\/image\\\/\",\"url\":\"https:\\\/\\\/www.organisator.ch\\\/wp-content\\\/uploads\\\/2022\\\/01\\\/Logo_Organisator_Website.png\",\"contentUrl\":\"https:\\\/\\\/www.organisator.ch\\\/wp-content\\\/uploads\\\/2022\\\/01\\\/Logo_Organisator_Website.png\",\"width\":800,\"height\":77,\"caption\":\"Organisator\"},\"image\":{\"@id\":\"https:\\\/\\\/www.organisator.ch\\\/#\\\/schema\\\/logo\\\/image\\\/\"},\"sameAs\":[\"https:\\\/\\\/www.facebook.com\\\/OrganisatorFachmagazin\",\"https:\\\/\\\/www.linkedin.com\\\/showcase\\\/organisator-das-magazin-fr-kmu\",\"https:\\\/\\\/www.xing.com\\\/news\\\/pages\\\/organisator-ch-695\",\"https:\\\/\\\/www.youtube.com\\\/channel\\\/UCGP2Sq0iWaZwT3BdIAQFYpw\"]},{\"@type\":\"Person\",\"@id\":\"https:\\\/\\\/www.organisator.ch\\\/#\\\/schema\\\/person\\\/6f650f90b2842cd4c0cc334b4e36f67e\",\"name\":\"thomas.berner\",\"image\":{\"@type\":\"ImageObject\",\"inLanguage\":\"it-IT\",\"@id\":\"https:\\\/\\\/secure.gravatar.com\\\/avatar\\\/ac5001d2a36cb6c6cd3e50789007ffca834b477b74a2144564522e944eabff61?s=96&d=mm&r=g\",\"url\":\"https:\\\/\\\/secure.gravatar.com\\\/avatar\\\/ac5001d2a36cb6c6cd3e50789007ffca834b477b74a2144564522e944eabff61?s=96&d=mm&r=g\",\"contentUrl\":\"https:\\\/\\\/secure.gravatar.com\\\/avatar\\\/ac5001d2a36cb6c6cd3e50789007ffca834b477b74a2144564522e944eabff61?s=96&d=mm&r=g\",\"caption\":\"thomas.berner\"},\"url\":\"https:\\\/\\\/www.organisator.ch\\\/it\\\/author\\\/thomas-berner\\\/\"}]}<\/script>\n<!-- \/ Yoast SEO plugin. -->","yoast_head_json":{"title":"Simposio delle Alpi 2018: tanta filosofia, politica e un organizzatore rockstar","description":"L'Alpine Symposium 2018 ha nuovamente attirato diverse centinaia di ospiti all'Hotel Victoria Jungfrau di Interlaken il 16 e 17 gennaio. Relatori di spicco come Anders Indset, Joachim Gauck, Peer Steinbr\u00fcck e Bruce Dickinson hanno fornito numerosi spunti di riflessione.","robots":{"index":"index","follow":"follow","max-snippet":"max-snippet:-1","max-image-preview":"max-image-preview:large","max-video-preview":"max-video-preview:-1"},"canonical":"https:\/\/www.organisator.ch\/it\/generale\/2018-01-18\/alpensymposium-2018-viel-philosophie-politik-und-ein-rockstar\/","og_locale":"it_IT","og_type":"article","og_title":"Alpensymposium 2018: Viel Philosophie, Politik - und ein Rockstar","og_description":"Das #Alpensymposium 2018 lockte am 16. und 17. Januar wieder etliche Hundert G\u00e4ste ins Hotel Victoria Jungfrau in Interlaken. Keynote-Speaker wie Anders #Indset, Joachim #Gauck, Peer #Steinbr\u00fcck oder Bruce #Dickinson lieferten viel Stoff zum Nachdenken.","og_url":"https:\/\/www.organisator.ch\/it\/generale\/2018-01-18\/alpensymposium-2018-viel-philosophie-politik-und-ein-rockstar\/","og_site_name":"Organisator","article_publisher":"https:\/\/www.facebook.com\/OrganisatorFachmagazin","article_published_time":"2018-01-18T09:19:37+00:00","og_image":[{"width":640,"height":425,"url":"https:\/\/www.organisator.ch\/wp-content\/uploads\/2018\/01\/Alpensymposium-2018-Viel-Philosophie-Politik-und-ein-Rockstar-4_Organisator.jpg","type":"image\/jpeg"}],"author":"thomas.berner","twitter_card":"summary_large_image","twitter_title":"#Alpensymposium 2018: Viel Philosophie, Politik - und ein #Rockstar","twitter_description":"Das #Alpensymposium 2018 lockte am 16. und 17. Januar wieder etliche Hundert G\u00e4ste ins Hotel Victoria Jungfrau in Interlaken. Keynote-Speaker wie Anders #Indset, Joachim #Gauck, Peer #Steinbr\u00fcck oder Bruce #Dickinson lieferten viel Stoff zum Nachdenken.","twitter_image":"https:\/\/www.organisator.ch\/wp-content\/uploads\/2018\/01\/Alpensymposium-2018-Viel-Philosophie-Politik-und-ein-Rockstar-4_Organisator.jpg","schema":{"@context":"https:\/\/schema.org","@graph":[{"@type":"Article","@id":"https:\/\/www.organisator.ch\/de\/allgemein\/2018-01-18\/alpensymposium-2018-viel-philosophie-politik-und-ein-rockstar\/#article","isPartOf":{"@id":"https:\/\/www.organisator.ch\/de\/allgemein\/2018-01-18\/alpensymposium-2018-viel-philosophie-politik-und-ein-rockstar\/"},"author":{"name":"thomas.berner","@id":"https:\/\/www.organisator.ch\/#\/schema\/person\/6f650f90b2842cd4c0cc334b4e36f67e"},"headline":"Alpensymposium 2018: Viel Philosophie, Politik &#8211; und ein Rockstar","datePublished":"2018-01-18T09:19:37+00:00","mainEntityOfPage":{"@id":"https:\/\/www.organisator.ch\/de\/allgemein\/2018-01-18\/alpensymposium-2018-viel-philosophie-politik-und-ein-rockstar\/"},"wordCount":836,"commentCount":0,"publisher":{"@id":"https:\/\/www.organisator.ch\/#organization"},"image":{"@id":"https:\/\/www.organisator.ch\/de\/allgemein\/2018-01-18\/alpensymposium-2018-viel-philosophie-politik-und-ein-rockstar\/#primaryimage"},"thumbnailUrl":"https:\/\/www.organisator.ch\/wp-content\/uploads\/2018\/01\/Alpensymposium-2018-Viel-Philosophie-Politik-und-ein-Rockstar-4_Organisator.jpg","keywords":["Management und Unternehmensf\u00fchrung","Veranstaltungen","Vermischtes","Wirtschaftspolitik"],"articleSection":["Allgemein"],"inLanguage":"it-IT"},{"@type":"WebPage","@id":"https:\/\/www.organisator.ch\/de\/allgemein\/2018-01-18\/alpensymposium-2018-viel-philosophie-politik-und-ein-rockstar\/","url":"https:\/\/www.organisator.ch\/de\/allgemein\/2018-01-18\/alpensymposium-2018-viel-philosophie-politik-und-ein-rockstar\/","name":"Simposio delle Alpi 2018: tanta filosofia, politica e un organizzatore rockstar","isPartOf":{"@id":"https:\/\/www.organisator.ch\/#website"},"primaryImageOfPage":{"@id":"https:\/\/www.organisator.ch\/de\/allgemein\/2018-01-18\/alpensymposium-2018-viel-philosophie-politik-und-ein-rockstar\/#primaryimage"},"image":{"@id":"https:\/\/www.organisator.ch\/de\/allgemein\/2018-01-18\/alpensymposium-2018-viel-philosophie-politik-und-ein-rockstar\/#primaryimage"},"thumbnailUrl":"https:\/\/www.organisator.ch\/wp-content\/uploads\/2018\/01\/Alpensymposium-2018-Viel-Philosophie-Politik-und-ein-Rockstar-4_Organisator.jpg","datePublished":"2018-01-18T09:19:37+00:00","description":"L'Alpine Symposium 2018 ha nuovamente attirato diverse centinaia di ospiti all'Hotel Victoria Jungfrau di Interlaken il 16 e 17 gennaio. Relatori di spicco come Anders Indset, Joachim Gauck, Peer Steinbr\u00fcck e Bruce Dickinson hanno fornito numerosi spunti di riflessione.","breadcrumb":{"@id":"https:\/\/www.organisator.ch\/de\/allgemein\/2018-01-18\/alpensymposium-2018-viel-philosophie-politik-und-ein-rockstar\/#breadcrumb"},"inLanguage":"it-IT","potentialAction":[{"@type":"ReadAction","target":["https:\/\/www.organisator.ch\/de\/allgemein\/2018-01-18\/alpensymposium-2018-viel-philosophie-politik-und-ein-rockstar\/"]}]},{"@type":"ImageObject","inLanguage":"it-IT","@id":"https:\/\/www.organisator.ch\/de\/allgemein\/2018-01-18\/alpensymposium-2018-viel-philosophie-politik-und-ein-rockstar\/#primaryimage","url":"https:\/\/www.organisator.ch\/wp-content\/uploads\/2018\/01\/Alpensymposium-2018-Viel-Philosophie-Politik-und-ein-Rockstar-4_Organisator.jpg","contentUrl":"https:\/\/www.organisator.ch\/wp-content\/uploads\/2018\/01\/Alpensymposium-2018-Viel-Philosophie-Politik-und-ein-Rockstar-4_Organisator.jpg","width":640,"height":425,"caption":"Joachim Gauck, ehemaliger deutscher Bundespr\u00e4sident: \"Robuste Zivilit\u00e4t\" als Ziel."},{"@type":"BreadcrumbList","@id":"https:\/\/www.organisator.ch\/de\/allgemein\/2018-01-18\/alpensymposium-2018-viel-philosophie-politik-und-ein-rockstar\/#breadcrumb","itemListElement":[{"@type":"ListItem","position":1,"name":"Home","item":"https:\/\/www.organisator.ch\/"},{"@type":"ListItem","position":2,"name":"Alpensymposium 2018: Viel Philosophie, Politik &#8211; und ein Rockstar"}]},{"@type":"WebSite","@id":"https:\/\/www.organisator.ch\/#website","url":"https:\/\/www.organisator.ch\/","name":"Organizzatore","description":"Competente. Pratico. In 10 numeri all'anno, ORGANISATOR presenta i temi essenziali per i manager delle PMI.","publisher":{"@id":"https:\/\/www.organisator.ch\/#organization"},"potentialAction":[{"@type":"SearchAction","target":{"@type":"EntryPoint","urlTemplate":"https:\/\/www.organisator.ch\/?s={search_term_string}"},"query-input":{"@type":"PropertyValueSpecification","valueRequired":true,"valueName":"search_term_string"}}],"inLanguage":"it-IT"},{"@type":"Organization","@id":"https:\/\/www.organisator.ch\/#organization","name":"Organizzatore","url":"https:\/\/www.organisator.ch\/","logo":{"@type":"ImageObject","inLanguage":"it-IT","@id":"https:\/\/www.organisator.ch\/#\/schema\/logo\/image\/","url":"https:\/\/www.organisator.ch\/wp-content\/uploads\/2022\/01\/Logo_Organisator_Website.png","contentUrl":"https:\/\/www.organisator.ch\/wp-content\/uploads\/2022\/01\/Logo_Organisator_Website.png","width":800,"height":77,"caption":"Organisator"},"image":{"@id":"https:\/\/www.organisator.ch\/#\/schema\/logo\/image\/"},"sameAs":["https:\/\/www.facebook.com\/OrganisatorFachmagazin","https:\/\/www.linkedin.com\/showcase\/organisator-das-magazin-fr-kmu","https:\/\/www.xing.com\/news\/pages\/organisator-ch-695","https:\/\/www.youtube.com\/channel\/UCGP2Sq0iWaZwT3BdIAQFYpw"]},{"@type":"Person","@id":"https:\/\/www.organisator.ch\/#\/schema\/person\/6f650f90b2842cd4c0cc334b4e36f67e","name":"Tommaso.berner","image":{"@type":"ImageObject","inLanguage":"it-IT","@id":"https:\/\/secure.gravatar.com\/avatar\/ac5001d2a36cb6c6cd3e50789007ffca834b477b74a2144564522e944eabff61?s=96&d=mm&r=g","url":"https:\/\/secure.gravatar.com\/avatar\/ac5001d2a36cb6c6cd3e50789007ffca834b477b74a2144564522e944eabff61?s=96&d=mm&r=g","contentUrl":"https:\/\/secure.gravatar.com\/avatar\/ac5001d2a36cb6c6cd3e50789007ffca834b477b74a2144564522e944eabff61?s=96&d=mm&r=g","caption":"thomas.berner"},"url":"https:\/\/www.organisator.ch\/it\/author\/thomas-berner\/"}]}},"_links":{"self":[{"href":"https:\/\/www.organisator.ch\/it\/wp-json\/wp\/v2\/posts\/3002","targetHints":{"allow":["GET"]}}],"collection":[{"href":"https:\/\/www.organisator.ch\/it\/wp-json\/wp\/v2\/posts"}],"about":[{"href":"https:\/\/www.organisator.ch\/it\/wp-json\/wp\/v2\/types\/post"}],"author":[{"embeddable":true,"href":"https:\/\/www.organisator.ch\/it\/wp-json\/wp\/v2\/users\/4"}],"replies":[{"embeddable":true,"href":"https:\/\/www.organisator.ch\/it\/wp-json\/wp\/v2\/comments?post=3002"}],"version-history":[{"count":0,"href":"https:\/\/www.organisator.ch\/it\/wp-json\/wp\/v2\/posts\/3002\/revisions"}],"wp:featuredmedia":[{"embeddable":true,"href":"https:\/\/www.organisator.ch\/it\/wp-json\/wp\/v2\/media\/3011"}],"wp:attachment":[{"href":"https:\/\/www.organisator.ch\/it\/wp-json\/wp\/v2\/media?parent=3002"}],"wp:term":[{"taxonomy":"category","embeddable":true,"href":"https:\/\/www.organisator.ch\/it\/wp-json\/wp\/v2\/categories?post=3002"},{"taxonomy":"post_tag","embeddable":true,"href":"https:\/\/www.organisator.ch\/it\/wp-json\/wp\/v2\/tags?post=3002"}],"curies":[{"name":"wp","href":"https:\/\/api.w.org\/{rel}","templated":true}]}}