{"id":30030,"date":"2024-09-24T11:02:47","date_gmt":"2024-09-24T09:02:47","guid":{"rendered":"https:\/\/www.organisator.ch\/?p=30030"},"modified":"2024-09-24T11:02:47","modified_gmt":"2024-09-24T09:02:47","slug":"canon-schweiz-feiert-mit-seinen-partnerinnen-doppelte-erfolge","status":"publish","type":"post","link":"https:\/\/www.organisator.ch\/it\/management\/2024-09-24\/canon-schweiz-feiert-mit-seinen-partnerinnen-doppelte-erfolge\/","title":{"rendered":"Canon Svizzera festeggia un doppio successo con i suoi partner"},"content":{"rendered":"<figure id=\"attachment_30034\" aria-describedby=\"caption-attachment-30034\" style=\"width: 680px\" class=\"wp-caption alignnone\"><img loading=\"lazy\" decoding=\"async\" class=\"size-full wp-image-30034\" src=\"https:\/\/www.organisator.ch\/wp-content\/uploads\/2024\/09\/Canon_Bild1_ps.jpg\" alt=\"\" width=\"680\" height=\"492\" srcset=\"https:\/\/www.organisator.ch\/wp-content\/uploads\/2024\/09\/Canon_Bild1_ps.jpg 680w, https:\/\/www.organisator.ch\/wp-content\/uploads\/2024\/09\/Canon_Bild1_ps-18x12.jpg 18w, https:\/\/www.organisator.ch\/wp-content\/uploads\/2024\/09\/Canon_Bild1_ps-375x271.jpg 375w, https:\/\/www.organisator.ch\/wp-content\/uploads\/2024\/09\/Canon_Bild1_ps-484x350.jpg 484w\" sizes=\"auto, (max-width: 680px) 100vw, 680px\" \/><figcaption id=\"caption-attachment-30034\" class=\"wp-caption-text\">Canon Svizzera e i suoi partner festeggiano insieme il Think Tank Event 2024 (Immagine: www.canon.ch)<\/figcaption><\/figure>\n<p>Quest'anno, l'evento annuale dei partner si \u00e8 svolto il 12 settembre 2024 presso la sede dello JED a Schlieren, un luogo con una storia particolare. L'edificio era un tempo la tipografia della NZZ, ma oggi \u00e8 una location suggestiva per eventi e manifestazioni.<\/p>\n<p>Nell'ambito dell'evento, Canon ha premiato i suoi partner in nove diverse categorie per i loro eccezionali risultati. Il premio viene assegnato alle aziende che hanno contribuito in modo significativo al successo congiunto del mercato dei sistemi e delle soluzioni Canon grazie alle loro forti prestazioni nel 2023, come il Service Excellence Award, che \u00e8 stato assegnato a Witzig Alteco Digital Services AG.<\/p>\n<p>Oltre ai premi celebrativi, c'\u00e8 un altro motivo per festeggiare: Canon Svizzera ha raggiunto record storici in diverse aree su base 12 mesi a luglio 2024. Nonostante un mercato generale in calo, Canon Svizzera, secondo IDC<strong>1 <\/strong>L'azienda ha aumentato sia la sua quota di mercato nel segmento delle stampanti multifunzione a colori A3 sia il numero di stampanti multifunzione A3\/A4 vendute, consolidando ulteriormente la sua leadership di mercato. Questi successi non sarebbero stati possibili senza la stretta e fiduciosa collaborazione con i suoi partner.<\/p>\n<p>Karl Heinz-Pritz, Head of Partner Channel, Canon (Schweiz) AG, spiega: \"Con questi premi desideriamo ringraziare i nostri partner per la loro collaborazione fiduciosa e di successo e congratularci con tutti i vincitori. Il vostro impegno e le vostre eccellenti prestazioni hanno contribuito in modo significativo al rafforzamento del marchio Canon e al raggiungimento di nuove cifre record\".<\/p>\n<p>Oltre a celebrare questi successi, i partecipanti hanno assistito a un programma interattivo che ha offerto approfondimenti sulle strategie e sulle soluzioni Canon. Un momento particolare \u00e8 stata la stimolante presentazione di Matthias Mattenberger, CEO del Gruppo Mattenberg, sul tema \"Strategic Brandtelling\". Egli ha sottolineato l'importanza cruciale di una comunicazione mirata del marchio, pi\u00f9 importante che mai nell'attuale mercato iper-saturo.<\/p>\n<p>L'evento si \u00e8 concluso con una cena comune, in cui i partner hanno avuto l'opportunit\u00e0 di concludere insieme la giornata di successo.<\/p>\n<p><em>Fonte: <a href=\"http:\/\/www.canon.ch\">www.canon.ch<\/a><\/em><\/p>","protected":false},"excerpt":{"rendered":"<p>Canon Svizzera e i suoi partner hanno tutti i motivi per festeggiare: in occasione del Canon Partner Think Tank di quest'anno, tenutosi il 12 settembre 2024 presso lo storico JED di Schlieren, l'azienda non solo ha consegnato i premi per i risultati eccezionali, ma ha anche annunciato nuovi record di quote di mercato che non sarebbero stati possibili senza la stretta collaborazione con i suoi partner.<\/p>","protected":false},"author":58,"featured_media":30034,"comment_status":"closed","ping_status":"closed","sticky":false,"template":"","format":"standard","meta":{"_acf_changed":false,"_yoast_wpseo_focuskw":"Canon Schweiz","_yoast_wpseo_metadesc":"Canon Schweiz und seine Partner:innen haten allen Grund zu feiern beim diesj\u00e4hrigen Canon Partner Think Tank am 12. September 2024.","articlekey":"","footnotes":""},"categories":[28],"tags":[743,4528,334,1887,492],"class_list":["post-30030","post","type-post","status-publish","format-standard","has-post-thumbnail","hentry","category-management","tag-auszeichnung","tag-erfolge","tag-management","tag-partner","tag-unternehmen"],"acf":[],"yoast_head":"<!-- This site is optimized with the Yoast SEO plugin v27.4 - https:\/\/yoast.com\/product\/yoast-seo-wordpress\/ -->\n<title>Canon Schweiz feiert mit seinen Partner:innen doppelte Erfolge - Organisator<\/title>\n<meta name=\"description\" content=\"Canon Schweiz und seine Partner:innen haten allen Grund zu feiern beim diesj\u00e4hrigen Canon Partner Think Tank am 12. September 2024.\" \/>\n<meta name=\"robots\" content=\"index, follow, max-snippet:-1, max-image-preview:large, max-video-preview:-1\" \/>\n<link rel=\"canonical\" href=\"https:\/\/www.organisator.ch\/it\/gestione-2\/2024-09-24\/canon-schweiz-feiert-mit-seinen-partnerinnen-doppelte-erfolge\/\" \/>\n<meta property=\"og:locale\" content=\"it_IT\" \/>\n<meta property=\"og:type\" content=\"article\" \/>\n<meta property=\"og:title\" content=\"Canon Schweiz feiert mit seinen Partner:innen doppelte Erfolge\" \/>\n<meta property=\"og:description\" content=\"Canon Schweiz und seine Partner:innen haten allen Grund zu feiern beim diesj\u00e4hrigen Canon Partner Think Tank am 12. September 2024.\" \/>\n<meta property=\"og:url\" content=\"https:\/\/www.organisator.ch\/it\/gestione-2\/2024-09-24\/canon-schweiz-feiert-mit-seinen-partnerinnen-doppelte-erfolge\/\" \/>\n<meta property=\"og:site_name\" content=\"Organisator\" \/>\n<meta property=\"article:publisher\" content=\"https:\/\/www.facebook.com\/OrganisatorFachmagazin\" \/>\n<meta property=\"article:published_time\" content=\"2024-09-24T09:02:47+00:00\" \/>\n<meta property=\"og:image\" content=\"https:\/\/www.organisator.ch\/wp-content\/uploads\/2024\/09\/Canon_Bild1_ps.jpg\" \/>\n\t<meta property=\"og:image:width\" content=\"680\" \/>\n\t<meta property=\"og:image:height\" content=\"492\" \/>\n\t<meta property=\"og:image:type\" content=\"image\/jpeg\" \/>\n<meta name=\"author\" content=\"Adelisa Kalajdzini\" \/>\n<meta name=\"twitter:card\" content=\"summary_large_image\" \/>\n<meta name=\"twitter:title\" content=\"Canon Schweiz feiert mit seinen Partner:innen doppelte Erfolge\" \/>\n<meta name=\"twitter:description\" content=\"#Canon #Schweiz und seine #Partner:innen haten allen Grund zu feiern beim diesj\u00e4hrigen Canon Partner #Think #Tank am 12. September 2024.\" \/>\n<meta name=\"twitter:image\" content=\"https:\/\/www.organisator.ch\/wp-content\/uploads\/2024\/09\/Canon_Bild1_ps.jpg\" \/>\n<script type=\"application\/ld+json\" class=\"yoast-schema-graph\">{\"@context\":\"https:\\\/\\\/schema.org\",\"@graph\":[{\"@type\":\"Article\",\"@id\":\"https:\\\/\\\/www.organisator.ch\\\/management\\\/2024-09-24\\\/canon-schweiz-feiert-mit-seinen-partnerinnen-doppelte-erfolge\\\/#article\",\"isPartOf\":{\"@id\":\"https:\\\/\\\/www.organisator.ch\\\/management\\\/2024-09-24\\\/canon-schweiz-feiert-mit-seinen-partnerinnen-doppelte-erfolge\\\/\"},\"author\":{\"name\":\"Adelisa Kalajdzini\",\"@id\":\"https:\\\/\\\/www.organisator.ch\\\/#\\\/schema\\\/person\\\/2e1314a2172123f874db408d8911d3f3\"},\"headline\":\"Canon Schweiz feiert mit seinen Partner:innen doppelte Erfolge\",\"datePublished\":\"2024-09-24T09:02:47+00:00\",\"mainEntityOfPage\":{\"@id\":\"https:\\\/\\\/www.organisator.ch\\\/management\\\/2024-09-24\\\/canon-schweiz-feiert-mit-seinen-partnerinnen-doppelte-erfolge\\\/\"},\"wordCount\":372,\"publisher\":{\"@id\":\"https:\\\/\\\/www.organisator.ch\\\/#organization\"},\"image\":{\"@id\":\"https:\\\/\\\/www.organisator.ch\\\/management\\\/2024-09-24\\\/canon-schweiz-feiert-mit-seinen-partnerinnen-doppelte-erfolge\\\/#primaryimage\"},\"thumbnailUrl\":\"https:\\\/\\\/www.organisator.ch\\\/wp-content\\\/uploads\\\/2024\\\/09\\\/Canon_Bild1_ps.jpg\",\"keywords\":[\"Auszeichnung\",\"Erfolge\",\"Management\",\"Partner\",\"Unternehmen\"],\"articleSection\":[\"MANAGEMENT\"],\"inLanguage\":\"it-IT\"},{\"@type\":\"WebPage\",\"@id\":\"https:\\\/\\\/www.organisator.ch\\\/management\\\/2024-09-24\\\/canon-schweiz-feiert-mit-seinen-partnerinnen-doppelte-erfolge\\\/\",\"url\":\"https:\\\/\\\/www.organisator.ch\\\/management\\\/2024-09-24\\\/canon-schweiz-feiert-mit-seinen-partnerinnen-doppelte-erfolge\\\/\",\"name\":\"Canon Schweiz feiert mit seinen Partner:innen doppelte Erfolge - Organisator\",\"isPartOf\":{\"@id\":\"https:\\\/\\\/www.organisator.ch\\\/#website\"},\"primaryImageOfPage\":{\"@id\":\"https:\\\/\\\/www.organisator.ch\\\/management\\\/2024-09-24\\\/canon-schweiz-feiert-mit-seinen-partnerinnen-doppelte-erfolge\\\/#primaryimage\"},\"image\":{\"@id\":\"https:\\\/\\\/www.organisator.ch\\\/management\\\/2024-09-24\\\/canon-schweiz-feiert-mit-seinen-partnerinnen-doppelte-erfolge\\\/#primaryimage\"},\"thumbnailUrl\":\"https:\\\/\\\/www.organisator.ch\\\/wp-content\\\/uploads\\\/2024\\\/09\\\/Canon_Bild1_ps.jpg\",\"datePublished\":\"2024-09-24T09:02:47+00:00\",\"description\":\"Canon Schweiz und seine Partner:innen haten allen Grund zu feiern beim diesj\u00e4hrigen Canon Partner Think Tank am 12. September 2024.\",\"breadcrumb\":{\"@id\":\"https:\\\/\\\/www.organisator.ch\\\/management\\\/2024-09-24\\\/canon-schweiz-feiert-mit-seinen-partnerinnen-doppelte-erfolge\\\/#breadcrumb\"},\"inLanguage\":\"it-IT\",\"potentialAction\":[{\"@type\":\"ReadAction\",\"target\":[\"https:\\\/\\\/www.organisator.ch\\\/management\\\/2024-09-24\\\/canon-schweiz-feiert-mit-seinen-partnerinnen-doppelte-erfolge\\\/\"]}]},{\"@type\":\"ImageObject\",\"inLanguage\":\"it-IT\",\"@id\":\"https:\\\/\\\/www.organisator.ch\\\/management\\\/2024-09-24\\\/canon-schweiz-feiert-mit-seinen-partnerinnen-doppelte-erfolge\\\/#primaryimage\",\"url\":\"https:\\\/\\\/www.organisator.ch\\\/wp-content\\\/uploads\\\/2024\\\/09\\\/Canon_Bild1_ps.jpg\",\"contentUrl\":\"https:\\\/\\\/www.organisator.ch\\\/wp-content\\\/uploads\\\/2024\\\/09\\\/Canon_Bild1_ps.jpg\",\"width\":680,\"height\":492,\"caption\":\"Canon Schweiz und seine Partner:innen feiern gemeinsam beim Think Tank Event 2024. (Bild: www.canon.ch)\"},{\"@type\":\"BreadcrumbList\",\"@id\":\"https:\\\/\\\/www.organisator.ch\\\/management\\\/2024-09-24\\\/canon-schweiz-feiert-mit-seinen-partnerinnen-doppelte-erfolge\\\/#breadcrumb\",\"itemListElement\":[{\"@type\":\"ListItem\",\"position\":1,\"name\":\"Home\",\"item\":\"https:\\\/\\\/www.organisator.ch\\\/\"},{\"@type\":\"ListItem\",\"position\":2,\"name\":\"Canon Schweiz feiert mit seinen Partner:innen doppelte Erfolge\"}]},{\"@type\":\"WebSite\",\"@id\":\"https:\\\/\\\/www.organisator.ch\\\/#website\",\"url\":\"https:\\\/\\\/www.organisator.ch\\\/\",\"name\":\"Organisator\",\"description\":\"Kompetent. Praxisnah. Der ORGANISATOR bereitet in 10 Ausgaben pro Jahr die wesentlichen Themen f\u00fcr F\u00fchrungskr\u00e4fte von KMU auf.\",\"publisher\":{\"@id\":\"https:\\\/\\\/www.organisator.ch\\\/#organization\"},\"potentialAction\":[{\"@type\":\"SearchAction\",\"target\":{\"@type\":\"EntryPoint\",\"urlTemplate\":\"https:\\\/\\\/www.organisator.ch\\\/?s={search_term_string}\"},\"query-input\":{\"@type\":\"PropertyValueSpecification\",\"valueRequired\":true,\"valueName\":\"search_term_string\"}}],\"inLanguage\":\"it-IT\"},{\"@type\":\"Organization\",\"@id\":\"https:\\\/\\\/www.organisator.ch\\\/#organization\",\"name\":\"Organisator\",\"url\":\"https:\\\/\\\/www.organisator.ch\\\/\",\"logo\":{\"@type\":\"ImageObject\",\"inLanguage\":\"it-IT\",\"@id\":\"https:\\\/\\\/www.organisator.ch\\\/#\\\/schema\\\/logo\\\/image\\\/\",\"url\":\"https:\\\/\\\/www.organisator.ch\\\/wp-content\\\/uploads\\\/2022\\\/01\\\/Logo_Organisator_Website.png\",\"contentUrl\":\"https:\\\/\\\/www.organisator.ch\\\/wp-content\\\/uploads\\\/2022\\\/01\\\/Logo_Organisator_Website.png\",\"width\":800,\"height\":77,\"caption\":\"Organisator\"},\"image\":{\"@id\":\"https:\\\/\\\/www.organisator.ch\\\/#\\\/schema\\\/logo\\\/image\\\/\"},\"sameAs\":[\"https:\\\/\\\/www.facebook.com\\\/OrganisatorFachmagazin\",\"https:\\\/\\\/www.linkedin.com\\\/showcase\\\/organisator-das-magazin-fr-kmu\",\"https:\\\/\\\/www.xing.com\\\/news\\\/pages\\\/organisator-ch-695\",\"https:\\\/\\\/www.youtube.com\\\/channel\\\/UCGP2Sq0iWaZwT3BdIAQFYpw\"]},{\"@type\":\"Person\",\"@id\":\"https:\\\/\\\/www.organisator.ch\\\/#\\\/schema\\\/person\\\/2e1314a2172123f874db408d8911d3f3\",\"name\":\"Adelisa Kalajdzini\",\"image\":{\"@type\":\"ImageObject\",\"inLanguage\":\"it-IT\",\"@id\":\"https:\\\/\\\/secure.gravatar.com\\\/avatar\\\/09a397c22ac58cad6f160ee8306348599df9df58a8ede73696226897b9fa4b24?s=96&d=mm&r=g\",\"url\":\"https:\\\/\\\/secure.gravatar.com\\\/avatar\\\/09a397c22ac58cad6f160ee8306348599df9df58a8ede73696226897b9fa4b24?s=96&d=mm&r=g\",\"contentUrl\":\"https:\\\/\\\/secure.gravatar.com\\\/avatar\\\/09a397c22ac58cad6f160ee8306348599df9df58a8ede73696226897b9fa4b24?s=96&d=mm&r=g\",\"caption\":\"Adelisa Kalajdzini\"},\"url\":\"https:\\\/\\\/www.organisator.ch\\\/it\\\/author\\\/adelisa-kalajdzini\\\/\"}]}<\/script>\n<!-- \/ Yoast SEO plugin. -->","yoast_head_json":{"title":"Canon Svizzera celebra un doppio successo con i suoi partner - organizzatore","description":"Canon Svizzera e i suoi partner hanno avuto tutti i motivi per festeggiare in occasione del Canon Partner Think Tank di quest'anno, tenutosi il 12 settembre 2024.","robots":{"index":"index","follow":"follow","max-snippet":"max-snippet:-1","max-image-preview":"max-image-preview:large","max-video-preview":"max-video-preview:-1"},"canonical":"https:\/\/www.organisator.ch\/it\/gestione-2\/2024-09-24\/canon-schweiz-feiert-mit-seinen-partnerinnen-doppelte-erfolge\/","og_locale":"it_IT","og_type":"article","og_title":"Canon Schweiz feiert mit seinen Partner:innen doppelte Erfolge","og_description":"Canon Schweiz und seine Partner:innen haten allen Grund zu feiern beim diesj\u00e4hrigen Canon Partner Think Tank am 12. September 2024.","og_url":"https:\/\/www.organisator.ch\/it\/gestione-2\/2024-09-24\/canon-schweiz-feiert-mit-seinen-partnerinnen-doppelte-erfolge\/","og_site_name":"Organisator","article_publisher":"https:\/\/www.facebook.com\/OrganisatorFachmagazin","article_published_time":"2024-09-24T09:02:47+00:00","og_image":[{"width":680,"height":492,"url":"https:\/\/www.organisator.ch\/wp-content\/uploads\/2024\/09\/Canon_Bild1_ps.jpg","type":"image\/jpeg"}],"author":"Adelisa Kalajdzini","twitter_card":"summary_large_image","twitter_title":"Canon Schweiz feiert mit seinen Partner:innen doppelte Erfolge","twitter_description":"#Canon #Schweiz und seine #Partner:innen haten allen Grund zu feiern beim diesj\u00e4hrigen Canon Partner #Think #Tank am 12. September 2024.","twitter_image":"https:\/\/www.organisator.ch\/wp-content\/uploads\/2024\/09\/Canon_Bild1_ps.jpg","schema":{"@context":"https:\/\/schema.org","@graph":[{"@type":"Article","@id":"https:\/\/www.organisator.ch\/management\/2024-09-24\/canon-schweiz-feiert-mit-seinen-partnerinnen-doppelte-erfolge\/#article","isPartOf":{"@id":"https:\/\/www.organisator.ch\/management\/2024-09-24\/canon-schweiz-feiert-mit-seinen-partnerinnen-doppelte-erfolge\/"},"author":{"name":"Adelisa Kalajdzini","@id":"https:\/\/www.organisator.ch\/#\/schema\/person\/2e1314a2172123f874db408d8911d3f3"},"headline":"Canon Schweiz feiert mit seinen Partner:innen doppelte Erfolge","datePublished":"2024-09-24T09:02:47+00:00","mainEntityOfPage":{"@id":"https:\/\/www.organisator.ch\/management\/2024-09-24\/canon-schweiz-feiert-mit-seinen-partnerinnen-doppelte-erfolge\/"},"wordCount":372,"publisher":{"@id":"https:\/\/www.organisator.ch\/#organization"},"image":{"@id":"https:\/\/www.organisator.ch\/management\/2024-09-24\/canon-schweiz-feiert-mit-seinen-partnerinnen-doppelte-erfolge\/#primaryimage"},"thumbnailUrl":"https:\/\/www.organisator.ch\/wp-content\/uploads\/2024\/09\/Canon_Bild1_ps.jpg","keywords":["Auszeichnung","Erfolge","Management","Partner","Unternehmen"],"articleSection":["MANAGEMENT"],"inLanguage":"it-IT"},{"@type":"WebPage","@id":"https:\/\/www.organisator.ch\/management\/2024-09-24\/canon-schweiz-feiert-mit-seinen-partnerinnen-doppelte-erfolge\/","url":"https:\/\/www.organisator.ch\/management\/2024-09-24\/canon-schweiz-feiert-mit-seinen-partnerinnen-doppelte-erfolge\/","name":"Canon Svizzera celebra un doppio successo con i suoi partner - organizzatore","isPartOf":{"@id":"https:\/\/www.organisator.ch\/#website"},"primaryImageOfPage":{"@id":"https:\/\/www.organisator.ch\/management\/2024-09-24\/canon-schweiz-feiert-mit-seinen-partnerinnen-doppelte-erfolge\/#primaryimage"},"image":{"@id":"https:\/\/www.organisator.ch\/management\/2024-09-24\/canon-schweiz-feiert-mit-seinen-partnerinnen-doppelte-erfolge\/#primaryimage"},"thumbnailUrl":"https:\/\/www.organisator.ch\/wp-content\/uploads\/2024\/09\/Canon_Bild1_ps.jpg","datePublished":"2024-09-24T09:02:47+00:00","description":"Canon Svizzera e i suoi partner hanno avuto tutti i motivi per festeggiare in occasione del Canon Partner Think Tank di quest'anno, tenutosi il 12 settembre 2024.","breadcrumb":{"@id":"https:\/\/www.organisator.ch\/management\/2024-09-24\/canon-schweiz-feiert-mit-seinen-partnerinnen-doppelte-erfolge\/#breadcrumb"},"inLanguage":"it-IT","potentialAction":[{"@type":"ReadAction","target":["https:\/\/www.organisator.ch\/management\/2024-09-24\/canon-schweiz-feiert-mit-seinen-partnerinnen-doppelte-erfolge\/"]}]},{"@type":"ImageObject","inLanguage":"it-IT","@id":"https:\/\/www.organisator.ch\/management\/2024-09-24\/canon-schweiz-feiert-mit-seinen-partnerinnen-doppelte-erfolge\/#primaryimage","url":"https:\/\/www.organisator.ch\/wp-content\/uploads\/2024\/09\/Canon_Bild1_ps.jpg","contentUrl":"https:\/\/www.organisator.ch\/wp-content\/uploads\/2024\/09\/Canon_Bild1_ps.jpg","width":680,"height":492,"caption":"Canon Schweiz und seine Partner:innen feiern gemeinsam beim Think Tank Event 2024. (Bild: www.canon.ch)"},{"@type":"BreadcrumbList","@id":"https:\/\/www.organisator.ch\/management\/2024-09-24\/canon-schweiz-feiert-mit-seinen-partnerinnen-doppelte-erfolge\/#breadcrumb","itemListElement":[{"@type":"ListItem","position":1,"name":"Home","item":"https:\/\/www.organisator.ch\/"},{"@type":"ListItem","position":2,"name":"Canon Schweiz feiert mit seinen Partner:innen doppelte Erfolge"}]},{"@type":"WebSite","@id":"https:\/\/www.organisator.ch\/#website","url":"https:\/\/www.organisator.ch\/","name":"Organizzatore","description":"Competente. Pratico. In 10 numeri all'anno, ORGANISATOR presenta i temi essenziali per i manager delle PMI.","publisher":{"@id":"https:\/\/www.organisator.ch\/#organization"},"potentialAction":[{"@type":"SearchAction","target":{"@type":"EntryPoint","urlTemplate":"https:\/\/www.organisator.ch\/?s={search_term_string}"},"query-input":{"@type":"PropertyValueSpecification","valueRequired":true,"valueName":"search_term_string"}}],"inLanguage":"it-IT"},{"@type":"Organization","@id":"https:\/\/www.organisator.ch\/#organization","name":"Organizzatore","url":"https:\/\/www.organisator.ch\/","logo":{"@type":"ImageObject","inLanguage":"it-IT","@id":"https:\/\/www.organisator.ch\/#\/schema\/logo\/image\/","url":"https:\/\/www.organisator.ch\/wp-content\/uploads\/2022\/01\/Logo_Organisator_Website.png","contentUrl":"https:\/\/www.organisator.ch\/wp-content\/uploads\/2022\/01\/Logo_Organisator_Website.png","width":800,"height":77,"caption":"Organisator"},"image":{"@id":"https:\/\/www.organisator.ch\/#\/schema\/logo\/image\/"},"sameAs":["https:\/\/www.facebook.com\/OrganisatorFachmagazin","https:\/\/www.linkedin.com\/showcase\/organisator-das-magazin-fr-kmu","https:\/\/www.xing.com\/news\/pages\/organisator-ch-695","https:\/\/www.youtube.com\/channel\/UCGP2Sq0iWaZwT3BdIAQFYpw"]},{"@type":"Person","@id":"https:\/\/www.organisator.ch\/#\/schema\/person\/2e1314a2172123f874db408d8911d3f3","name":"Adelisa Kalajdzini","image":{"@type":"ImageObject","inLanguage":"it-IT","@id":"https:\/\/secure.gravatar.com\/avatar\/09a397c22ac58cad6f160ee8306348599df9df58a8ede73696226897b9fa4b24?s=96&d=mm&r=g","url":"https:\/\/secure.gravatar.com\/avatar\/09a397c22ac58cad6f160ee8306348599df9df58a8ede73696226897b9fa4b24?s=96&d=mm&r=g","contentUrl":"https:\/\/secure.gravatar.com\/avatar\/09a397c22ac58cad6f160ee8306348599df9df58a8ede73696226897b9fa4b24?s=96&d=mm&r=g","caption":"Adelisa Kalajdzini"},"url":"https:\/\/www.organisator.ch\/it\/author\/adelisa-kalajdzini\/"}]}},"_links":{"self":[{"href":"https:\/\/www.organisator.ch\/it\/wp-json\/wp\/v2\/posts\/30030","targetHints":{"allow":["GET"]}}],"collection":[{"href":"https:\/\/www.organisator.ch\/it\/wp-json\/wp\/v2\/posts"}],"about":[{"href":"https:\/\/www.organisator.ch\/it\/wp-json\/wp\/v2\/types\/post"}],"author":[{"embeddable":true,"href":"https:\/\/www.organisator.ch\/it\/wp-json\/wp\/v2\/users\/58"}],"replies":[{"embeddable":true,"href":"https:\/\/www.organisator.ch\/it\/wp-json\/wp\/v2\/comments?post=30030"}],"version-history":[{"count":7,"href":"https:\/\/www.organisator.ch\/it\/wp-json\/wp\/v2\/posts\/30030\/revisions"}],"predecessor-version":[{"id":30093,"href":"https:\/\/www.organisator.ch\/it\/wp-json\/wp\/v2\/posts\/30030\/revisions\/30093"}],"wp:featuredmedia":[{"embeddable":true,"href":"https:\/\/www.organisator.ch\/it\/wp-json\/wp\/v2\/media\/30034"}],"wp:attachment":[{"href":"https:\/\/www.organisator.ch\/it\/wp-json\/wp\/v2\/media?parent=30030"}],"wp:term":[{"taxonomy":"category","embeddable":true,"href":"https:\/\/www.organisator.ch\/it\/wp-json\/wp\/v2\/categories?post=30030"},{"taxonomy":"post_tag","embeddable":true,"href":"https:\/\/www.organisator.ch\/it\/wp-json\/wp\/v2\/tags?post=30030"}],"curies":[{"name":"wp","href":"https:\/\/api.w.org\/{rel}","templated":true}]}}