{"id":30147,"date":"2024-09-26T15:42:04","date_gmt":"2024-09-26T13:42:04","guid":{"rendered":"https:\/\/www.markt-kom.com\/?p=224006"},"modified":"2024-11-08T07:31:37","modified_gmt":"2024-11-08T06:31:37","slug":"bakom-erhaelt-neuen-leiter-fuer-die-abteilung-telecomdienste-und-post","status":"publish","type":"post","link":"https:\/\/www.organisator.ch\/it\/marketing\/2024-09-26\/bakom-erhaelt-neuen-leiter-fuer-die-abteilung-telecomdienste-und-post\/","title":{"rendered":"Bakom nomina il nuovo responsabile della Divisione Servizi di Telecomunicazione e Postali"},"content":{"rendered":"<figure id=\"attachment_224007\" class=\"wp-caption aligncenter\" style=\"width: 1200px\" aria-describedby=\"caption-attachment-224007\"><img class=\"aligncenter wp-image-224007 size-full\" src=\"https:\/\/www.markt-kom.com\/wp-content\/uploads\/2024\/09\/Matthias-Huerlimann-Bakom-Telecomdienste-Post.jpg\" alt=\"Matthias H\u00fcrlimann\" width=\"1200\" height=\"900\" \/>\r\n<figcaption id=\"caption-attachment-224007\" class=\"wp-caption-text\">(Immagine: zVg.)<\/figcaption>\r\n<\/figure>\r\n<p>Dopo aver studiato legge all'Universit\u00e0 di Berna, Matthias H\u00fcrlimann si \u00e8 formato come avvocato bernese. Dal 2002 ha lavorato come assistente presso l'Istituto di diritto pubblico dell'Universit\u00e0 di Berna ed \u00e8 stato anche segretario legale della commissione d'appello universitaria e di una commissione cantonale di valutazione delle espropriazioni. Nel 2008 \u00e8 entrato a far parte dell'UFCOM come avvocato responsabile dei procedimenti, prima di essere nominato responsabile della sezione Diritto delle telecomunicazioni nel 2013.<\/p>\r\n<p>H\u00fcrlimann, che vive a Berna, assumer\u00e0 il nuovo incarico il 1\u00b0 novembre 2024. Succede a Ren\u00e9 D\u00f6nni Kuoni, che assumer\u00e0 un altro ruolo all'interno dell'Ufficio come vicedirettore e responsabile della divisione Licenze e gestione delle frequenze. <em>(pd)<\/em><\/p>","protected":false},"excerpt":{"rendered":"<p>Il Consigliere federale Albert R\u00f6sti ha nominato Matthias H\u00fcrlimann nuovo vicedirettore e capo della Divisione Servizi di telecomunicazione e posta dell'Ufficio federale delle comunicazioni (UFCOM). Il 51enne assumer\u00e0 il nuovo incarico nel novembre 2024.<\/p>","protected":false},"author":8,"featured_media":0,"comment_status":"closed","ping_status":"closed","sticky":false,"template":"","format":"standard","meta":{"_acf_changed":false,"_yoast_wpseo_focuskw":"Matthias H\u00fcrlimann","_yoast_wpseo_metadesc":"Matthias H\u00fcrlimann \u00fcbernimmt am 1. November 2024 die Leitung der Sektion Telecomrecht beim Bakom in Bern.","articlekey":"","footnotes":""},"categories":[29],"tags":[4546,4343],"class_list":["post-30147","post","type-post","status-publish","format-standard","hentry","category-marketing","tag-bakom","tag-markom"],"acf":[],"yoast_head":"<!-- This site is optimized with the Yoast SEO plugin v27.5 - https:\/\/yoast.com\/product\/yoast-seo-wordpress\/ -->\n<title>Bakom erh\u00e4lt neuen Leiter f\u00fcr die Abteilung Telecomdienste und Post - Organisator<\/title>\n<meta name=\"description\" content=\"Matthias H\u00fcrlimann \u00fcbernimmt am 1. November 2024 die Leitung der Sektion Telecomrecht beim Bakom in Bern.\" \/>\n<meta name=\"robots\" content=\"index, follow, max-snippet:-1, max-image-preview:large, max-video-preview:-1\" \/>\n<link rel=\"canonical\" href=\"https:\/\/www.organisator.ch\/it\/marketing\/2024-09-26\/bakom-erhaelt-neuen-leiter-fuer-die-abteilung-telecomdienste-und-post\/\" \/>\n<meta property=\"og:locale\" content=\"it_IT\" \/>\n<meta property=\"og:type\" content=\"article\" \/>\n<meta property=\"og:title\" content=\"Bakom erh\u00e4lt neuen Leiter f\u00fcr die Abteilung Telecomdienste und Post - Organisator\" \/>\n<meta property=\"og:description\" content=\"Matthias H\u00fcrlimann \u00fcbernimmt am 1. November 2024 die Leitung der Sektion Telecomrecht beim Bakom in Bern.\" \/>\n<meta property=\"og:url\" content=\"https:\/\/www.organisator.ch\/it\/marketing\/2024-09-26\/bakom-erhaelt-neuen-leiter-fuer-die-abteilung-telecomdienste-und-post\/\" \/>\n<meta property=\"og:site_name\" content=\"Organisator\" \/>\n<meta property=\"article:publisher\" content=\"https:\/\/www.facebook.com\/OrganisatorFachmagazin\" \/>\n<meta property=\"article:published_time\" content=\"2024-09-26T13:42:04+00:00\" \/>\n<meta property=\"article:modified_time\" content=\"2024-11-08T06:31:37+00:00\" \/>\n<meta property=\"og:image\" content=\"https:\/\/www.markt-kom.com\/wp-content\/uploads\/2024\/09\/Matthias-Huerlimann-Bakom-Telecomdienste-Post.jpg\" \/>\n<meta name=\"author\" content=\"galledia\" \/>\n<meta name=\"twitter:card\" content=\"summary_large_image\" \/>\n<meta name=\"twitter:creator\" content=\"@admin\" \/>\n<script type=\"application\/ld+json\" class=\"yoast-schema-graph\">{\"@context\":\"https:\\\/\\\/schema.org\",\"@graph\":[{\"@type\":\"Article\",\"@id\":\"https:\\\/\\\/www.organisator.ch\\\/marketing\\\/2024-09-26\\\/bakom-erhaelt-neuen-leiter-fuer-die-abteilung-telecomdienste-und-post\\\/#article\",\"isPartOf\":{\"@id\":\"https:\\\/\\\/www.organisator.ch\\\/marketing\\\/2024-09-26\\\/bakom-erhaelt-neuen-leiter-fuer-die-abteilung-telecomdienste-und-post\\\/\"},\"author\":{\"name\":\"galledia\",\"@id\":\"https:\\\/\\\/www.organisator.ch\\\/#\\\/schema\\\/person\\\/4e51799071cd2dd1232ac003643ef5f0\"},\"headline\":\"Bakom erh\u00e4lt neuen Leiter f\u00fcr die Abteilung Telecomdienste und Post\",\"datePublished\":\"2024-09-26T13:42:04+00:00\",\"dateModified\":\"2024-11-08T06:31:37+00:00\",\"mainEntityOfPage\":{\"@id\":\"https:\\\/\\\/www.organisator.ch\\\/marketing\\\/2024-09-26\\\/bakom-erhaelt-neuen-leiter-fuer-die-abteilung-telecomdienste-und-post\\\/\"},\"wordCount\":125,\"publisher\":{\"@id\":\"https:\\\/\\\/www.organisator.ch\\\/#organization\"},\"image\":{\"@id\":\"https:\\\/\\\/www.organisator.ch\\\/marketing\\\/2024-09-26\\\/bakom-erhaelt-neuen-leiter-fuer-die-abteilung-telecomdienste-und-post\\\/#primaryimage\"},\"thumbnailUrl\":\"https:\\\/\\\/www.markt-kom.com\\\/wp-content\\\/uploads\\\/2024\\\/09\\\/Matthias-Huerlimann-Bakom-Telecomdienste-Post.jpg\",\"keywords\":[\"Bakom\",\"MarKom\"],\"articleSection\":[\"MARKETING\"],\"inLanguage\":\"it-IT\"},{\"@type\":\"WebPage\",\"@id\":\"https:\\\/\\\/www.organisator.ch\\\/marketing\\\/2024-09-26\\\/bakom-erhaelt-neuen-leiter-fuer-die-abteilung-telecomdienste-und-post\\\/\",\"url\":\"https:\\\/\\\/www.organisator.ch\\\/marketing\\\/2024-09-26\\\/bakom-erhaelt-neuen-leiter-fuer-die-abteilung-telecomdienste-und-post\\\/\",\"name\":\"Bakom erh\u00e4lt neuen Leiter f\u00fcr die Abteilung Telecomdienste und Post - Organisator\",\"isPartOf\":{\"@id\":\"https:\\\/\\\/www.organisator.ch\\\/#website\"},\"primaryImageOfPage\":{\"@id\":\"https:\\\/\\\/www.organisator.ch\\\/marketing\\\/2024-09-26\\\/bakom-erhaelt-neuen-leiter-fuer-die-abteilung-telecomdienste-und-post\\\/#primaryimage\"},\"image\":{\"@id\":\"https:\\\/\\\/www.organisator.ch\\\/marketing\\\/2024-09-26\\\/bakom-erhaelt-neuen-leiter-fuer-die-abteilung-telecomdienste-und-post\\\/#primaryimage\"},\"thumbnailUrl\":\"https:\\\/\\\/www.markt-kom.com\\\/wp-content\\\/uploads\\\/2024\\\/09\\\/Matthias-Huerlimann-Bakom-Telecomdienste-Post.jpg\",\"datePublished\":\"2024-09-26T13:42:04+00:00\",\"dateModified\":\"2024-11-08T06:31:37+00:00\",\"description\":\"Matthias H\u00fcrlimann \u00fcbernimmt am 1. November 2024 die Leitung der Sektion Telecomrecht beim Bakom in Bern.\",\"breadcrumb\":{\"@id\":\"https:\\\/\\\/www.organisator.ch\\\/marketing\\\/2024-09-26\\\/bakom-erhaelt-neuen-leiter-fuer-die-abteilung-telecomdienste-und-post\\\/#breadcrumb\"},\"inLanguage\":\"it-IT\",\"potentialAction\":[{\"@type\":\"ReadAction\",\"target\":[\"https:\\\/\\\/www.organisator.ch\\\/marketing\\\/2024-09-26\\\/bakom-erhaelt-neuen-leiter-fuer-die-abteilung-telecomdienste-und-post\\\/\"]}]},{\"@type\":\"ImageObject\",\"inLanguage\":\"it-IT\",\"@id\":\"https:\\\/\\\/www.organisator.ch\\\/marketing\\\/2024-09-26\\\/bakom-erhaelt-neuen-leiter-fuer-die-abteilung-telecomdienste-und-post\\\/#primaryimage\",\"url\":\"https:\\\/\\\/www.markt-kom.com\\\/wp-content\\\/uploads\\\/2024\\\/09\\\/Matthias-Huerlimann-Bakom-Telecomdienste-Post.jpg\",\"contentUrl\":\"https:\\\/\\\/www.markt-kom.com\\\/wp-content\\\/uploads\\\/2024\\\/09\\\/Matthias-Huerlimann-Bakom-Telecomdienste-Post.jpg\"},{\"@type\":\"BreadcrumbList\",\"@id\":\"https:\\\/\\\/www.organisator.ch\\\/marketing\\\/2024-09-26\\\/bakom-erhaelt-neuen-leiter-fuer-die-abteilung-telecomdienste-und-post\\\/#breadcrumb\",\"itemListElement\":[{\"@type\":\"ListItem\",\"position\":1,\"name\":\"Home\",\"item\":\"https:\\\/\\\/www.organisator.ch\\\/\"},{\"@type\":\"ListItem\",\"position\":2,\"name\":\"Bakom erh\u00e4lt neuen Leiter f\u00fcr die Abteilung Telecomdienste und Post\"}]},{\"@type\":\"WebSite\",\"@id\":\"https:\\\/\\\/www.organisator.ch\\\/#website\",\"url\":\"https:\\\/\\\/www.organisator.ch\\\/\",\"name\":\"Organisator\",\"description\":\"Kompetent. Praxisnah. Der ORGANISATOR bereitet in 10 Ausgaben pro Jahr die wesentlichen Themen f\u00fcr F\u00fchrungskr\u00e4fte von KMU auf.\",\"publisher\":{\"@id\":\"https:\\\/\\\/www.organisator.ch\\\/#organization\"},\"potentialAction\":[{\"@type\":\"SearchAction\",\"target\":{\"@type\":\"EntryPoint\",\"urlTemplate\":\"https:\\\/\\\/www.organisator.ch\\\/?s={search_term_string}\"},\"query-input\":{\"@type\":\"PropertyValueSpecification\",\"valueRequired\":true,\"valueName\":\"search_term_string\"}}],\"inLanguage\":\"it-IT\"},{\"@type\":\"Organization\",\"@id\":\"https:\\\/\\\/www.organisator.ch\\\/#organization\",\"name\":\"Organisator\",\"url\":\"https:\\\/\\\/www.organisator.ch\\\/\",\"logo\":{\"@type\":\"ImageObject\",\"inLanguage\":\"it-IT\",\"@id\":\"https:\\\/\\\/www.organisator.ch\\\/#\\\/schema\\\/logo\\\/image\\\/\",\"url\":\"https:\\\/\\\/www.organisator.ch\\\/wp-content\\\/uploads\\\/2022\\\/01\\\/Logo_Organisator_Website.png\",\"contentUrl\":\"https:\\\/\\\/www.organisator.ch\\\/wp-content\\\/uploads\\\/2022\\\/01\\\/Logo_Organisator_Website.png\",\"width\":800,\"height\":77,\"caption\":\"Organisator\"},\"image\":{\"@id\":\"https:\\\/\\\/www.organisator.ch\\\/#\\\/schema\\\/logo\\\/image\\\/\"},\"sameAs\":[\"https:\\\/\\\/www.facebook.com\\\/OrganisatorFachmagazin\",\"https:\\\/\\\/www.linkedin.com\\\/showcase\\\/organisator-das-magazin-fr-kmu\",\"https:\\\/\\\/www.xing.com\\\/news\\\/pages\\\/organisator-ch-695\",\"https:\\\/\\\/www.youtube.com\\\/channel\\\/UCGP2Sq0iWaZwT3BdIAQFYpw\"]},{\"@type\":\"Person\",\"@id\":\"https:\\\/\\\/www.organisator.ch\\\/#\\\/schema\\\/person\\\/4e51799071cd2dd1232ac003643ef5f0\",\"name\":\"galledia\",\"image\":{\"@type\":\"ImageObject\",\"inLanguage\":\"it-IT\",\"@id\":\"https:\\\/\\\/secure.gravatar.com\\\/avatar\\\/78a7f90c01fc2bfc875782a0d4922b37cde2cf184ce347b91316d23cd7f69a36?s=96&d=mm&r=g\",\"url\":\"https:\\\/\\\/secure.gravatar.com\\\/avatar\\\/78a7f90c01fc2bfc875782a0d4922b37cde2cf184ce347b91316d23cd7f69a36?s=96&d=mm&r=g\",\"contentUrl\":\"https:\\\/\\\/secure.gravatar.com\\\/avatar\\\/78a7f90c01fc2bfc875782a0d4922b37cde2cf184ce347b91316d23cd7f69a36?s=96&d=mm&r=g\",\"caption\":\"galledia\"},\"sameAs\":[\"https:\\\/\\\/x.com\\\/admin\"],\"url\":\"https:\\\/\\\/www.organisator.ch\\\/it\\\/author\\\/galledia\\\/\"}]}<\/script>\n<!-- \/ Yoast SEO plugin. -->","yoast_head_json":{"title":"Bakom nomina il nuovo responsabile del Dipartimento Servizi di Telecomunicazione e Servizi Postali - Organizzatore","description":"Matthias H\u00fcrlimann assumer\u00e0 la direzione della Sezione Diritto delle telecomunicazioni dell'UFCOM a Berna il 1\u00b0 novembre 2024.","robots":{"index":"index","follow":"follow","max-snippet":"max-snippet:-1","max-image-preview":"max-image-preview:large","max-video-preview":"max-video-preview:-1"},"canonical":"https:\/\/www.organisator.ch\/it\/marketing\/2024-09-26\/bakom-erhaelt-neuen-leiter-fuer-die-abteilung-telecomdienste-und-post\/","og_locale":"it_IT","og_type":"article","og_title":"Bakom erh\u00e4lt neuen Leiter f\u00fcr die Abteilung Telecomdienste und Post - Organisator","og_description":"Matthias H\u00fcrlimann \u00fcbernimmt am 1. November 2024 die Leitung der Sektion Telecomrecht beim Bakom in Bern.","og_url":"https:\/\/www.organisator.ch\/it\/marketing\/2024-09-26\/bakom-erhaelt-neuen-leiter-fuer-die-abteilung-telecomdienste-und-post\/","og_site_name":"Organisator","article_publisher":"https:\/\/www.facebook.com\/OrganisatorFachmagazin","article_published_time":"2024-09-26T13:42:04+00:00","article_modified_time":"2024-11-08T06:31:37+00:00","og_image":[{"url":"https:\/\/www.markt-kom.com\/wp-content\/uploads\/2024\/09\/Matthias-Huerlimann-Bakom-Telecomdienste-Post.jpg","type":"","width":"","height":""}],"author":"galledia","twitter_card":"summary_large_image","twitter_creator":"@admin","schema":{"@context":"https:\/\/schema.org","@graph":[{"@type":"Article","@id":"https:\/\/www.organisator.ch\/marketing\/2024-09-26\/bakom-erhaelt-neuen-leiter-fuer-die-abteilung-telecomdienste-und-post\/#article","isPartOf":{"@id":"https:\/\/www.organisator.ch\/marketing\/2024-09-26\/bakom-erhaelt-neuen-leiter-fuer-die-abteilung-telecomdienste-und-post\/"},"author":{"name":"galledia","@id":"https:\/\/www.organisator.ch\/#\/schema\/person\/4e51799071cd2dd1232ac003643ef5f0"},"headline":"Bakom erh\u00e4lt neuen Leiter f\u00fcr die Abteilung Telecomdienste und Post","datePublished":"2024-09-26T13:42:04+00:00","dateModified":"2024-11-08T06:31:37+00:00","mainEntityOfPage":{"@id":"https:\/\/www.organisator.ch\/marketing\/2024-09-26\/bakom-erhaelt-neuen-leiter-fuer-die-abteilung-telecomdienste-und-post\/"},"wordCount":125,"publisher":{"@id":"https:\/\/www.organisator.ch\/#organization"},"image":{"@id":"https:\/\/www.organisator.ch\/marketing\/2024-09-26\/bakom-erhaelt-neuen-leiter-fuer-die-abteilung-telecomdienste-und-post\/#primaryimage"},"thumbnailUrl":"https:\/\/www.markt-kom.com\/wp-content\/uploads\/2024\/09\/Matthias-Huerlimann-Bakom-Telecomdienste-Post.jpg","keywords":["Bakom","MarKom"],"articleSection":["MARKETING"],"inLanguage":"it-IT"},{"@type":"WebPage","@id":"https:\/\/www.organisator.ch\/marketing\/2024-09-26\/bakom-erhaelt-neuen-leiter-fuer-die-abteilung-telecomdienste-und-post\/","url":"https:\/\/www.organisator.ch\/marketing\/2024-09-26\/bakom-erhaelt-neuen-leiter-fuer-die-abteilung-telecomdienste-und-post\/","name":"Bakom nomina il nuovo responsabile del Dipartimento Servizi di Telecomunicazione e Servizi Postali - Organizzatore","isPartOf":{"@id":"https:\/\/www.organisator.ch\/#website"},"primaryImageOfPage":{"@id":"https:\/\/www.organisator.ch\/marketing\/2024-09-26\/bakom-erhaelt-neuen-leiter-fuer-die-abteilung-telecomdienste-und-post\/#primaryimage"},"image":{"@id":"https:\/\/www.organisator.ch\/marketing\/2024-09-26\/bakom-erhaelt-neuen-leiter-fuer-die-abteilung-telecomdienste-und-post\/#primaryimage"},"thumbnailUrl":"https:\/\/www.markt-kom.com\/wp-content\/uploads\/2024\/09\/Matthias-Huerlimann-Bakom-Telecomdienste-Post.jpg","datePublished":"2024-09-26T13:42:04+00:00","dateModified":"2024-11-08T06:31:37+00:00","description":"Matthias H\u00fcrlimann assumer\u00e0 la direzione della Sezione Diritto delle telecomunicazioni dell'UFCOM a Berna il 1\u00b0 novembre 2024.","breadcrumb":{"@id":"https:\/\/www.organisator.ch\/marketing\/2024-09-26\/bakom-erhaelt-neuen-leiter-fuer-die-abteilung-telecomdienste-und-post\/#breadcrumb"},"inLanguage":"it-IT","potentialAction":[{"@type":"ReadAction","target":["https:\/\/www.organisator.ch\/marketing\/2024-09-26\/bakom-erhaelt-neuen-leiter-fuer-die-abteilung-telecomdienste-und-post\/"]}]},{"@type":"ImageObject","inLanguage":"it-IT","@id":"https:\/\/www.organisator.ch\/marketing\/2024-09-26\/bakom-erhaelt-neuen-leiter-fuer-die-abteilung-telecomdienste-und-post\/#primaryimage","url":"https:\/\/www.markt-kom.com\/wp-content\/uploads\/2024\/09\/Matthias-Huerlimann-Bakom-Telecomdienste-Post.jpg","contentUrl":"https:\/\/www.markt-kom.com\/wp-content\/uploads\/2024\/09\/Matthias-Huerlimann-Bakom-Telecomdienste-Post.jpg"},{"@type":"BreadcrumbList","@id":"https:\/\/www.organisator.ch\/marketing\/2024-09-26\/bakom-erhaelt-neuen-leiter-fuer-die-abteilung-telecomdienste-und-post\/#breadcrumb","itemListElement":[{"@type":"ListItem","position":1,"name":"Home","item":"https:\/\/www.organisator.ch\/"},{"@type":"ListItem","position":2,"name":"Bakom erh\u00e4lt neuen Leiter f\u00fcr die Abteilung Telecomdienste und Post"}]},{"@type":"WebSite","@id":"https:\/\/www.organisator.ch\/#website","url":"https:\/\/www.organisator.ch\/","name":"Organizzatore","description":"Competente. Pratico. In 10 numeri all'anno, ORGANISATOR presenta i temi essenziali per i manager delle PMI.","publisher":{"@id":"https:\/\/www.organisator.ch\/#organization"},"potentialAction":[{"@type":"SearchAction","target":{"@type":"EntryPoint","urlTemplate":"https:\/\/www.organisator.ch\/?s={search_term_string}"},"query-input":{"@type":"PropertyValueSpecification","valueRequired":true,"valueName":"search_term_string"}}],"inLanguage":"it-IT"},{"@type":"Organization","@id":"https:\/\/www.organisator.ch\/#organization","name":"Organizzatore","url":"https:\/\/www.organisator.ch\/","logo":{"@type":"ImageObject","inLanguage":"it-IT","@id":"https:\/\/www.organisator.ch\/#\/schema\/logo\/image\/","url":"https:\/\/www.organisator.ch\/wp-content\/uploads\/2022\/01\/Logo_Organisator_Website.png","contentUrl":"https:\/\/www.organisator.ch\/wp-content\/uploads\/2022\/01\/Logo_Organisator_Website.png","width":800,"height":77,"caption":"Organisator"},"image":{"@id":"https:\/\/www.organisator.ch\/#\/schema\/logo\/image\/"},"sameAs":["https:\/\/www.facebook.com\/OrganisatorFachmagazin","https:\/\/www.linkedin.com\/showcase\/organisator-das-magazin-fr-kmu","https:\/\/www.xing.com\/news\/pages\/organisator-ch-695","https:\/\/www.youtube.com\/channel\/UCGP2Sq0iWaZwT3BdIAQFYpw"]},{"@type":"Person","@id":"https:\/\/www.organisator.ch\/#\/schema\/person\/4e51799071cd2dd1232ac003643ef5f0","name":"galledia","image":{"@type":"ImageObject","inLanguage":"it-IT","@id":"https:\/\/secure.gravatar.com\/avatar\/78a7f90c01fc2bfc875782a0d4922b37cde2cf184ce347b91316d23cd7f69a36?s=96&d=mm&r=g","url":"https:\/\/secure.gravatar.com\/avatar\/78a7f90c01fc2bfc875782a0d4922b37cde2cf184ce347b91316d23cd7f69a36?s=96&d=mm&r=g","contentUrl":"https:\/\/secure.gravatar.com\/avatar\/78a7f90c01fc2bfc875782a0d4922b37cde2cf184ce347b91316d23cd7f69a36?s=96&d=mm&r=g","caption":"galledia"},"sameAs":["https:\/\/x.com\/admin"],"url":"https:\/\/www.organisator.ch\/it\/author\/galledia\/"}]}},"_links":{"self":[{"href":"https:\/\/www.organisator.ch\/it\/wp-json\/wp\/v2\/posts\/30147","targetHints":{"allow":["GET"]}}],"collection":[{"href":"https:\/\/www.organisator.ch\/it\/wp-json\/wp\/v2\/posts"}],"about":[{"href":"https:\/\/www.organisator.ch\/it\/wp-json\/wp\/v2\/types\/post"}],"author":[{"embeddable":true,"href":"https:\/\/www.organisator.ch\/it\/wp-json\/wp\/v2\/users\/8"}],"replies":[{"embeddable":true,"href":"https:\/\/www.organisator.ch\/it\/wp-json\/wp\/v2\/comments?post=30147"}],"version-history":[{"count":4,"href":"https:\/\/www.organisator.ch\/it\/wp-json\/wp\/v2\/posts\/30147\/revisions"}],"predecessor-version":[{"id":31870,"href":"https:\/\/www.organisator.ch\/it\/wp-json\/wp\/v2\/posts\/30147\/revisions\/31870"}],"wp:attachment":[{"href":"https:\/\/www.organisator.ch\/it\/wp-json\/wp\/v2\/media?parent=30147"}],"wp:term":[{"taxonomy":"category","embeddable":true,"href":"https:\/\/www.organisator.ch\/it\/wp-json\/wp\/v2\/categories?post=30147"},{"taxonomy":"post_tag","embeddable":true,"href":"https:\/\/www.organisator.ch\/it\/wp-json\/wp\/v2\/tags?post=30147"}],"curies":[{"name":"wp","href":"https:\/\/api.w.org\/{rel}","templated":true}]}}