{"id":30151,"date":"2024-09-26T14:23:59","date_gmt":"2024-09-26T12:23:59","guid":{"rendered":"https:\/\/www.markt-kom.com\/?p=223996"},"modified":"2024-11-08T07:35:29","modified_gmt":"2024-11-08T06:35:29","slug":"kreisvier-realisiert-nachhaltigkeitsbericht-fuer-thommen-group","status":"publish","type":"post","link":"https:\/\/www.organisator.ch\/it\/marketing\/2024-09-26\/kreisvier-realisiert-nachhaltigkeitsbericht-fuer-thommen-group\/","title":{"rendered":"Kreisvier realizza il rapporto di sostenibilit\u00e0 per il Gruppo Thommen"},"content":{"rendered":"<p><img class=\"aligncenter wp-image-223997 size-full\" src=\"https:\/\/www.markt-kom.com\/wp-content\/uploads\/2024\/09\/66e41dddcfaf48a04310d1d2_LSA_Thommen_NHB_Mockup_Cover-p-1600.jpg\" alt=\"Gruppo Thommen\" width=\"1200\" height=\"900\" \/><\/p>\r\n<p>La strategia di sostenibilit\u00e0 del Gruppo Thommen comprende 13 obiettivi in settori quali la protezione del clima e dell'ambiente, nonch\u00e9 la sicurezza sul lavoro, l'uguaglianza, la trasparenza nelle catene di fornitura e le misure anticorruzione. Di conseguenza, il bilancio annuale <a href=\"https:\/\/thommengroup.com\/sites\/thommengroup\/files\/Nachhaltigkeitsbericht_2023_ThommenGroup.pdf\" rel=\"noopener\">Rapporto di sostenibilit\u00e0 di<\/a>che Kreisvier \u00e8 stato incaricato di progettare e realizzare.<\/p>\r\n<p>L'agenzia ha creato il concetto visivo generale, ha determinato la scelta delle immagini e ha implementato il layout con infografiche, diagrammi e tabelle. Le numerose icone e i grafici appositamente creati aiutano a suddividere i dati statistici e a strutturare la ricchezza di informazioni in modo tangibile e visivamente accattivante.<\/p>\r\n<p>Kreisvier \u00e8 stato responsabile del rapporto, dal briefing alla pubblicazione cartacea e digitale in tre lingue.<\/p>\r\n<p><img class=\"aligncenter size-full wp-image-223998\" src=\"https:\/\/www.markt-kom.com\/wp-content\/uploads\/2024\/09\/66e41de51851f69f45fb6faf_LSA_Thommen_NHB_Mockup_DS-p-1600.jpg\" alt=\"\" width=\"1200\" height=\"900\" \/> <img class=\"aligncenter size-full wp-image-223999\" src=\"https:\/\/www.markt-kom.com\/wp-content\/uploads\/2024\/09\/66e171423b4ef37cf9e9ff77_LSA_Thommen_02-p-1600.jpg\" alt=\"\" width=\"1200\" height=\"675\" \/> <img class=\"aligncenter size-full wp-image-224000\" src=\"https:\/\/www.markt-kom.com\/wp-content\/uploads\/2024\/09\/66e17145799a9f649a323a40_LSA_Thommen_03-p-1600.jpg\" alt=\"\" width=\"1200\" height=\"675\" \/><\/p>\r\n<hr \/>\r\n<p><strong>Responsabile del Gruppo Thommen:<\/strong> Daniela Hees (Marketing e Comunicazione). <strong>Responsabile presso Kreisvier:<\/strong> D\u00e9sir\u00e9e Fuchs, Melsa Dogan (consulenza), Sven Kahler (creazione), Svenia Fielding (impaginazione), Sturm AG (elaborazione immagini).<\/p>","protected":false},"excerpt":{"rendered":"<p>Per un'azienda di riciclaggio, la sostenibilit\u00e0 non \u00e8 una promessa aggiuntiva, ma fa parte del core business. Con il Rapporto di Sostenibilit\u00e0 2023, Kreisvier ha presentato in modo chiaro e conciso l'impegno dell'azienda svizzera di riciclaggio Thommen Group.<\/p>","protected":false},"author":8,"featured_media":0,"comment_status":"closed","ping_status":"closed","sticky":false,"template":"","format":"standard","meta":{"_acf_changed":false,"_yoast_wpseo_focuskw":"Thommen Group","_yoast_wpseo_metadesc":"Thommen Group ver\u00f6ffentlicht umfassenden Nachhaltigkeitsbericht 2024 mit visueller Unterst\u00fctzung durch Kreisvier.","articlekey":"","footnotes":""},"categories":[29],"tags":[2826,3388,4343,1787],"class_list":["post-30151","post","type-post","status-publish","format-standard","hentry","category-marketing","tag-geschaeftsberichte","tag-kreisvier","tag-markom","tag-nachhaltigkeit"],"acf":[],"yoast_head":"<!-- This site is optimized with the Yoast SEO plugin v27.5 - https:\/\/yoast.com\/product\/yoast-seo-wordpress\/ -->\n<title>Kreisvier realisiert Nachhaltigkeitsbericht f\u00fcr Thommen Group - Organisator<\/title>\n<meta name=\"description\" content=\"Thommen Group ver\u00f6ffentlicht umfassenden Nachhaltigkeitsbericht 2024 mit visueller Unterst\u00fctzung durch Kreisvier.\" \/>\n<meta name=\"robots\" content=\"index, follow, max-snippet:-1, max-image-preview:large, max-video-preview:-1\" \/>\n<link rel=\"canonical\" href=\"https:\/\/www.organisator.ch\/it\/marketing\/2024-09-26\/kreisvier-realisiert-nachhaltigkeitsbericht-fuer-thommen-group\/\" \/>\n<meta property=\"og:locale\" content=\"it_IT\" \/>\n<meta property=\"og:type\" content=\"article\" \/>\n<meta property=\"og:title\" content=\"Kreisvier realisiert Nachhaltigkeitsbericht f\u00fcr Thommen Group - Organisator\" \/>\n<meta property=\"og:description\" content=\"Thommen Group ver\u00f6ffentlicht umfassenden Nachhaltigkeitsbericht 2024 mit visueller Unterst\u00fctzung durch Kreisvier.\" \/>\n<meta property=\"og:url\" content=\"https:\/\/www.organisator.ch\/it\/marketing\/2024-09-26\/kreisvier-realisiert-nachhaltigkeitsbericht-fuer-thommen-group\/\" \/>\n<meta property=\"og:site_name\" content=\"Organisator\" \/>\n<meta property=\"article:publisher\" content=\"https:\/\/www.facebook.com\/OrganisatorFachmagazin\" \/>\n<meta property=\"article:published_time\" content=\"2024-09-26T12:23:59+00:00\" \/>\n<meta property=\"article:modified_time\" content=\"2024-11-08T06:35:29+00:00\" \/>\n<meta property=\"og:image\" content=\"https:\/\/www.markt-kom.com\/wp-content\/uploads\/2024\/09\/66e41dddcfaf48a04310d1d2_LSA_Thommen_NHB_Mockup_Cover-p-1600.jpg\" \/>\n<meta name=\"author\" content=\"galledia\" \/>\n<meta name=\"twitter:card\" content=\"summary_large_image\" \/>\n<meta name=\"twitter:creator\" content=\"@admin\" \/>\n<script type=\"application\/ld+json\" class=\"yoast-schema-graph\">{\"@context\":\"https:\\\/\\\/schema.org\",\"@graph\":[{\"@type\":\"Article\",\"@id\":\"https:\\\/\\\/www.organisator.ch\\\/marketing\\\/2024-09-26\\\/kreisvier-realisiert-nachhaltigkeitsbericht-fuer-thommen-group\\\/#article\",\"isPartOf\":{\"@id\":\"https:\\\/\\\/www.organisator.ch\\\/marketing\\\/2024-09-26\\\/kreisvier-realisiert-nachhaltigkeitsbericht-fuer-thommen-group\\\/\"},\"author\":{\"name\":\"galledia\",\"@id\":\"https:\\\/\\\/www.organisator.ch\\\/#\\\/schema\\\/person\\\/4e51799071cd2dd1232ac003643ef5f0\"},\"headline\":\"Kreisvier realisiert Nachhaltigkeitsbericht f\u00fcr Thommen Group\",\"datePublished\":\"2024-09-26T12:23:59+00:00\",\"dateModified\":\"2024-11-08T06:35:29+00:00\",\"mainEntityOfPage\":{\"@id\":\"https:\\\/\\\/www.organisator.ch\\\/marketing\\\/2024-09-26\\\/kreisvier-realisiert-nachhaltigkeitsbericht-fuer-thommen-group\\\/\"},\"wordCount\":138,\"publisher\":{\"@id\":\"https:\\\/\\\/www.organisator.ch\\\/#organization\"},\"image\":{\"@id\":\"https:\\\/\\\/www.organisator.ch\\\/marketing\\\/2024-09-26\\\/kreisvier-realisiert-nachhaltigkeitsbericht-fuer-thommen-group\\\/#primaryimage\"},\"thumbnailUrl\":\"https:\\\/\\\/www.markt-kom.com\\\/wp-content\\\/uploads\\\/2024\\\/09\\\/66e41dddcfaf48a04310d1d2_LSA_Thommen_NHB_Mockup_Cover-p-1600.jpg\",\"keywords\":[\"Gesch\u00e4ftsberichte\",\"Kreisvier\",\"MarKom\",\"Nachhaltigkeit\"],\"articleSection\":[\"MARKETING\"],\"inLanguage\":\"it-IT\"},{\"@type\":\"WebPage\",\"@id\":\"https:\\\/\\\/www.organisator.ch\\\/marketing\\\/2024-09-26\\\/kreisvier-realisiert-nachhaltigkeitsbericht-fuer-thommen-group\\\/\",\"url\":\"https:\\\/\\\/www.organisator.ch\\\/marketing\\\/2024-09-26\\\/kreisvier-realisiert-nachhaltigkeitsbericht-fuer-thommen-group\\\/\",\"name\":\"Kreisvier realisiert Nachhaltigkeitsbericht f\u00fcr Thommen Group - Organisator\",\"isPartOf\":{\"@id\":\"https:\\\/\\\/www.organisator.ch\\\/#website\"},\"primaryImageOfPage\":{\"@id\":\"https:\\\/\\\/www.organisator.ch\\\/marketing\\\/2024-09-26\\\/kreisvier-realisiert-nachhaltigkeitsbericht-fuer-thommen-group\\\/#primaryimage\"},\"image\":{\"@id\":\"https:\\\/\\\/www.organisator.ch\\\/marketing\\\/2024-09-26\\\/kreisvier-realisiert-nachhaltigkeitsbericht-fuer-thommen-group\\\/#primaryimage\"},\"thumbnailUrl\":\"https:\\\/\\\/www.markt-kom.com\\\/wp-content\\\/uploads\\\/2024\\\/09\\\/66e41dddcfaf48a04310d1d2_LSA_Thommen_NHB_Mockup_Cover-p-1600.jpg\",\"datePublished\":\"2024-09-26T12:23:59+00:00\",\"dateModified\":\"2024-11-08T06:35:29+00:00\",\"description\":\"Thommen Group ver\u00f6ffentlicht umfassenden Nachhaltigkeitsbericht 2024 mit visueller Unterst\u00fctzung durch Kreisvier.\",\"breadcrumb\":{\"@id\":\"https:\\\/\\\/www.organisator.ch\\\/marketing\\\/2024-09-26\\\/kreisvier-realisiert-nachhaltigkeitsbericht-fuer-thommen-group\\\/#breadcrumb\"},\"inLanguage\":\"it-IT\",\"potentialAction\":[{\"@type\":\"ReadAction\",\"target\":[\"https:\\\/\\\/www.organisator.ch\\\/marketing\\\/2024-09-26\\\/kreisvier-realisiert-nachhaltigkeitsbericht-fuer-thommen-group\\\/\"]}]},{\"@type\":\"ImageObject\",\"inLanguage\":\"it-IT\",\"@id\":\"https:\\\/\\\/www.organisator.ch\\\/marketing\\\/2024-09-26\\\/kreisvier-realisiert-nachhaltigkeitsbericht-fuer-thommen-group\\\/#primaryimage\",\"url\":\"https:\\\/\\\/www.markt-kom.com\\\/wp-content\\\/uploads\\\/2024\\\/09\\\/66e41dddcfaf48a04310d1d2_LSA_Thommen_NHB_Mockup_Cover-p-1600.jpg\",\"contentUrl\":\"https:\\\/\\\/www.markt-kom.com\\\/wp-content\\\/uploads\\\/2024\\\/09\\\/66e41dddcfaf48a04310d1d2_LSA_Thommen_NHB_Mockup_Cover-p-1600.jpg\"},{\"@type\":\"BreadcrumbList\",\"@id\":\"https:\\\/\\\/www.organisator.ch\\\/marketing\\\/2024-09-26\\\/kreisvier-realisiert-nachhaltigkeitsbericht-fuer-thommen-group\\\/#breadcrumb\",\"itemListElement\":[{\"@type\":\"ListItem\",\"position\":1,\"name\":\"Home\",\"item\":\"https:\\\/\\\/www.organisator.ch\\\/\"},{\"@type\":\"ListItem\",\"position\":2,\"name\":\"Kreisvier realisiert Nachhaltigkeitsbericht f\u00fcr Thommen Group\"}]},{\"@type\":\"WebSite\",\"@id\":\"https:\\\/\\\/www.organisator.ch\\\/#website\",\"url\":\"https:\\\/\\\/www.organisator.ch\\\/\",\"name\":\"Organisator\",\"description\":\"Kompetent. Praxisnah. Der ORGANISATOR bereitet in 10 Ausgaben pro Jahr die wesentlichen Themen f\u00fcr F\u00fchrungskr\u00e4fte von KMU auf.\",\"publisher\":{\"@id\":\"https:\\\/\\\/www.organisator.ch\\\/#organization\"},\"potentialAction\":[{\"@type\":\"SearchAction\",\"target\":{\"@type\":\"EntryPoint\",\"urlTemplate\":\"https:\\\/\\\/www.organisator.ch\\\/?s={search_term_string}\"},\"query-input\":{\"@type\":\"PropertyValueSpecification\",\"valueRequired\":true,\"valueName\":\"search_term_string\"}}],\"inLanguage\":\"it-IT\"},{\"@type\":\"Organization\",\"@id\":\"https:\\\/\\\/www.organisator.ch\\\/#organization\",\"name\":\"Organisator\",\"url\":\"https:\\\/\\\/www.organisator.ch\\\/\",\"logo\":{\"@type\":\"ImageObject\",\"inLanguage\":\"it-IT\",\"@id\":\"https:\\\/\\\/www.organisator.ch\\\/#\\\/schema\\\/logo\\\/image\\\/\",\"url\":\"https:\\\/\\\/www.organisator.ch\\\/wp-content\\\/uploads\\\/2022\\\/01\\\/Logo_Organisator_Website.png\",\"contentUrl\":\"https:\\\/\\\/www.organisator.ch\\\/wp-content\\\/uploads\\\/2022\\\/01\\\/Logo_Organisator_Website.png\",\"width\":800,\"height\":77,\"caption\":\"Organisator\"},\"image\":{\"@id\":\"https:\\\/\\\/www.organisator.ch\\\/#\\\/schema\\\/logo\\\/image\\\/\"},\"sameAs\":[\"https:\\\/\\\/www.facebook.com\\\/OrganisatorFachmagazin\",\"https:\\\/\\\/www.linkedin.com\\\/showcase\\\/organisator-das-magazin-fr-kmu\",\"https:\\\/\\\/www.xing.com\\\/news\\\/pages\\\/organisator-ch-695\",\"https:\\\/\\\/www.youtube.com\\\/channel\\\/UCGP2Sq0iWaZwT3BdIAQFYpw\"]},{\"@type\":\"Person\",\"@id\":\"https:\\\/\\\/www.organisator.ch\\\/#\\\/schema\\\/person\\\/4e51799071cd2dd1232ac003643ef5f0\",\"name\":\"galledia\",\"image\":{\"@type\":\"ImageObject\",\"inLanguage\":\"it-IT\",\"@id\":\"https:\\\/\\\/secure.gravatar.com\\\/avatar\\\/78a7f90c01fc2bfc875782a0d4922b37cde2cf184ce347b91316d23cd7f69a36?s=96&d=mm&r=g\",\"url\":\"https:\\\/\\\/secure.gravatar.com\\\/avatar\\\/78a7f90c01fc2bfc875782a0d4922b37cde2cf184ce347b91316d23cd7f69a36?s=96&d=mm&r=g\",\"contentUrl\":\"https:\\\/\\\/secure.gravatar.com\\\/avatar\\\/78a7f90c01fc2bfc875782a0d4922b37cde2cf184ce347b91316d23cd7f69a36?s=96&d=mm&r=g\",\"caption\":\"galledia\"},\"sameAs\":[\"https:\\\/\\\/x.com\\\/admin\"],\"url\":\"https:\\\/\\\/www.organisator.ch\\\/it\\\/author\\\/galledia\\\/\"}]}<\/script>\n<!-- \/ Yoast SEO plugin. -->","yoast_head_json":{"title":"Kreisvier produce un rapporto di sostenibilit\u00e0 per il Gruppo Thommen - Organizzatore","description":"Il Gruppo Thommen pubblica il Rapporto di sostenibilit\u00e0 2024 con il supporto visivo di Kreisvier.","robots":{"index":"index","follow":"follow","max-snippet":"max-snippet:-1","max-image-preview":"max-image-preview:large","max-video-preview":"max-video-preview:-1"},"canonical":"https:\/\/www.organisator.ch\/it\/marketing\/2024-09-26\/kreisvier-realisiert-nachhaltigkeitsbericht-fuer-thommen-group\/","og_locale":"it_IT","og_type":"article","og_title":"Kreisvier realisiert Nachhaltigkeitsbericht f\u00fcr Thommen Group - Organisator","og_description":"Thommen Group ver\u00f6ffentlicht umfassenden Nachhaltigkeitsbericht 2024 mit visueller Unterst\u00fctzung durch Kreisvier.","og_url":"https:\/\/www.organisator.ch\/it\/marketing\/2024-09-26\/kreisvier-realisiert-nachhaltigkeitsbericht-fuer-thommen-group\/","og_site_name":"Organisator","article_publisher":"https:\/\/www.facebook.com\/OrganisatorFachmagazin","article_published_time":"2024-09-26T12:23:59+00:00","article_modified_time":"2024-11-08T06:35:29+00:00","og_image":[{"url":"https:\/\/www.markt-kom.com\/wp-content\/uploads\/2024\/09\/66e41dddcfaf48a04310d1d2_LSA_Thommen_NHB_Mockup_Cover-p-1600.jpg","type":"","width":"","height":""}],"author":"galledia","twitter_card":"summary_large_image","twitter_creator":"@admin","schema":{"@context":"https:\/\/schema.org","@graph":[{"@type":"Article","@id":"https:\/\/www.organisator.ch\/marketing\/2024-09-26\/kreisvier-realisiert-nachhaltigkeitsbericht-fuer-thommen-group\/#article","isPartOf":{"@id":"https:\/\/www.organisator.ch\/marketing\/2024-09-26\/kreisvier-realisiert-nachhaltigkeitsbericht-fuer-thommen-group\/"},"author":{"name":"galledia","@id":"https:\/\/www.organisator.ch\/#\/schema\/person\/4e51799071cd2dd1232ac003643ef5f0"},"headline":"Kreisvier realisiert Nachhaltigkeitsbericht f\u00fcr Thommen Group","datePublished":"2024-09-26T12:23:59+00:00","dateModified":"2024-11-08T06:35:29+00:00","mainEntityOfPage":{"@id":"https:\/\/www.organisator.ch\/marketing\/2024-09-26\/kreisvier-realisiert-nachhaltigkeitsbericht-fuer-thommen-group\/"},"wordCount":138,"publisher":{"@id":"https:\/\/www.organisator.ch\/#organization"},"image":{"@id":"https:\/\/www.organisator.ch\/marketing\/2024-09-26\/kreisvier-realisiert-nachhaltigkeitsbericht-fuer-thommen-group\/#primaryimage"},"thumbnailUrl":"https:\/\/www.markt-kom.com\/wp-content\/uploads\/2024\/09\/66e41dddcfaf48a04310d1d2_LSA_Thommen_NHB_Mockup_Cover-p-1600.jpg","keywords":["Gesch\u00e4ftsberichte","Kreisvier","MarKom","Nachhaltigkeit"],"articleSection":["MARKETING"],"inLanguage":"it-IT"},{"@type":"WebPage","@id":"https:\/\/www.organisator.ch\/marketing\/2024-09-26\/kreisvier-realisiert-nachhaltigkeitsbericht-fuer-thommen-group\/","url":"https:\/\/www.organisator.ch\/marketing\/2024-09-26\/kreisvier-realisiert-nachhaltigkeitsbericht-fuer-thommen-group\/","name":"Kreisvier produce un rapporto di sostenibilit\u00e0 per il Gruppo Thommen - Organizzatore","isPartOf":{"@id":"https:\/\/www.organisator.ch\/#website"},"primaryImageOfPage":{"@id":"https:\/\/www.organisator.ch\/marketing\/2024-09-26\/kreisvier-realisiert-nachhaltigkeitsbericht-fuer-thommen-group\/#primaryimage"},"image":{"@id":"https:\/\/www.organisator.ch\/marketing\/2024-09-26\/kreisvier-realisiert-nachhaltigkeitsbericht-fuer-thommen-group\/#primaryimage"},"thumbnailUrl":"https:\/\/www.markt-kom.com\/wp-content\/uploads\/2024\/09\/66e41dddcfaf48a04310d1d2_LSA_Thommen_NHB_Mockup_Cover-p-1600.jpg","datePublished":"2024-09-26T12:23:59+00:00","dateModified":"2024-11-08T06:35:29+00:00","description":"Il Gruppo Thommen pubblica il Rapporto di sostenibilit\u00e0 2024 con il supporto visivo di Kreisvier.","breadcrumb":{"@id":"https:\/\/www.organisator.ch\/marketing\/2024-09-26\/kreisvier-realisiert-nachhaltigkeitsbericht-fuer-thommen-group\/#breadcrumb"},"inLanguage":"it-IT","potentialAction":[{"@type":"ReadAction","target":["https:\/\/www.organisator.ch\/marketing\/2024-09-26\/kreisvier-realisiert-nachhaltigkeitsbericht-fuer-thommen-group\/"]}]},{"@type":"ImageObject","inLanguage":"it-IT","@id":"https:\/\/www.organisator.ch\/marketing\/2024-09-26\/kreisvier-realisiert-nachhaltigkeitsbericht-fuer-thommen-group\/#primaryimage","url":"https:\/\/www.markt-kom.com\/wp-content\/uploads\/2024\/09\/66e41dddcfaf48a04310d1d2_LSA_Thommen_NHB_Mockup_Cover-p-1600.jpg","contentUrl":"https:\/\/www.markt-kom.com\/wp-content\/uploads\/2024\/09\/66e41dddcfaf48a04310d1d2_LSA_Thommen_NHB_Mockup_Cover-p-1600.jpg"},{"@type":"BreadcrumbList","@id":"https:\/\/www.organisator.ch\/marketing\/2024-09-26\/kreisvier-realisiert-nachhaltigkeitsbericht-fuer-thommen-group\/#breadcrumb","itemListElement":[{"@type":"ListItem","position":1,"name":"Home","item":"https:\/\/www.organisator.ch\/"},{"@type":"ListItem","position":2,"name":"Kreisvier realisiert Nachhaltigkeitsbericht f\u00fcr Thommen Group"}]},{"@type":"WebSite","@id":"https:\/\/www.organisator.ch\/#website","url":"https:\/\/www.organisator.ch\/","name":"Organizzatore","description":"Competente. Pratico. In 10 numeri all'anno, ORGANISATOR presenta i temi essenziali per i manager delle PMI.","publisher":{"@id":"https:\/\/www.organisator.ch\/#organization"},"potentialAction":[{"@type":"SearchAction","target":{"@type":"EntryPoint","urlTemplate":"https:\/\/www.organisator.ch\/?s={search_term_string}"},"query-input":{"@type":"PropertyValueSpecification","valueRequired":true,"valueName":"search_term_string"}}],"inLanguage":"it-IT"},{"@type":"Organization","@id":"https:\/\/www.organisator.ch\/#organization","name":"Organizzatore","url":"https:\/\/www.organisator.ch\/","logo":{"@type":"ImageObject","inLanguage":"it-IT","@id":"https:\/\/www.organisator.ch\/#\/schema\/logo\/image\/","url":"https:\/\/www.organisator.ch\/wp-content\/uploads\/2022\/01\/Logo_Organisator_Website.png","contentUrl":"https:\/\/www.organisator.ch\/wp-content\/uploads\/2022\/01\/Logo_Organisator_Website.png","width":800,"height":77,"caption":"Organisator"},"image":{"@id":"https:\/\/www.organisator.ch\/#\/schema\/logo\/image\/"},"sameAs":["https:\/\/www.facebook.com\/OrganisatorFachmagazin","https:\/\/www.linkedin.com\/showcase\/organisator-das-magazin-fr-kmu","https:\/\/www.xing.com\/news\/pages\/organisator-ch-695","https:\/\/www.youtube.com\/channel\/UCGP2Sq0iWaZwT3BdIAQFYpw"]},{"@type":"Person","@id":"https:\/\/www.organisator.ch\/#\/schema\/person\/4e51799071cd2dd1232ac003643ef5f0","name":"galledia","image":{"@type":"ImageObject","inLanguage":"it-IT","@id":"https:\/\/secure.gravatar.com\/avatar\/78a7f90c01fc2bfc875782a0d4922b37cde2cf184ce347b91316d23cd7f69a36?s=96&d=mm&r=g","url":"https:\/\/secure.gravatar.com\/avatar\/78a7f90c01fc2bfc875782a0d4922b37cde2cf184ce347b91316d23cd7f69a36?s=96&d=mm&r=g","contentUrl":"https:\/\/secure.gravatar.com\/avatar\/78a7f90c01fc2bfc875782a0d4922b37cde2cf184ce347b91316d23cd7f69a36?s=96&d=mm&r=g","caption":"galledia"},"sameAs":["https:\/\/x.com\/admin"],"url":"https:\/\/www.organisator.ch\/it\/author\/galledia\/"}]}},"_links":{"self":[{"href":"https:\/\/www.organisator.ch\/it\/wp-json\/wp\/v2\/posts\/30151","targetHints":{"allow":["GET"]}}],"collection":[{"href":"https:\/\/www.organisator.ch\/it\/wp-json\/wp\/v2\/posts"}],"about":[{"href":"https:\/\/www.organisator.ch\/it\/wp-json\/wp\/v2\/types\/post"}],"author":[{"embeddable":true,"href":"https:\/\/www.organisator.ch\/it\/wp-json\/wp\/v2\/users\/8"}],"replies":[{"embeddable":true,"href":"https:\/\/www.organisator.ch\/it\/wp-json\/wp\/v2\/comments?post=30151"}],"version-history":[{"count":4,"href":"https:\/\/www.organisator.ch\/it\/wp-json\/wp\/v2\/posts\/30151\/revisions"}],"predecessor-version":[{"id":31874,"href":"https:\/\/www.organisator.ch\/it\/wp-json\/wp\/v2\/posts\/30151\/revisions\/31874"}],"wp:attachment":[{"href":"https:\/\/www.organisator.ch\/it\/wp-json\/wp\/v2\/media?parent=30151"}],"wp:term":[{"taxonomy":"category","embeddable":true,"href":"https:\/\/www.organisator.ch\/it\/wp-json\/wp\/v2\/categories?post=30151"},{"taxonomy":"post_tag","embeddable":true,"href":"https:\/\/www.organisator.ch\/it\/wp-json\/wp\/v2\/tags?post=30151"}],"curies":[{"name":"wp","href":"https:\/\/api.w.org\/{rel}","templated":true}]}}