{"id":30172,"date":"2024-09-27T07:46:22","date_gmt":"2024-09-27T05:46:22","guid":{"rendered":"https:\/\/www.organisator.ch\/?p=30172"},"modified":"2024-10-18T08:06:30","modified_gmt":"2024-10-18T06:06:30","slug":"ist-ihr-unternehmen-zu-familiaer","status":"publish","type":"post","link":"https:\/\/www.organisator.ch\/it\/management\/2024-09-27\/ist-ihr-unternehmen-zu-familiaer\/","title":{"rendered":"La vostra azienda \u00e8 troppo familiare?"},"content":{"rendered":"<figure id=\"attachment_30173\" aria-describedby=\"caption-attachment-30173\" style=\"width: 680px\" class=\"wp-caption alignnone\"><img loading=\"lazy\" decoding=\"async\" class=\"size-full wp-image-30173\" src=\"https:\/\/www.organisator.ch\/wp-content\/uploads\/2024\/09\/Ist-Ihr-Unternehmen-zu-familiaer_Organisator.jpg\" alt=\"\" width=\"680\" height=\"411\" srcset=\"https:\/\/www.organisator.ch\/wp-content\/uploads\/2024\/09\/Ist-Ihr-Unternehmen-zu-familiaer_Organisator.jpg 680w, https:\/\/www.organisator.ch\/wp-content\/uploads\/2024\/09\/Ist-Ihr-Unternehmen-zu-familiaer_Organisator-18x12.jpg 18w, https:\/\/www.organisator.ch\/wp-content\/uploads\/2024\/09\/Ist-Ihr-Unternehmen-zu-familiaer_Organisator-375x227.jpg 375w, https:\/\/www.organisator.ch\/wp-content\/uploads\/2024\/09\/Ist-Ihr-Unternehmen-zu-familiaer_Organisator-579x350.jpg 579w\" sizes=\"auto, (max-width: 680px) 100vw, 680px\" \/><figcaption id=\"caption-attachment-30173\" class=\"wp-caption-text\">Idillio familiare anche in azienda? L'empatia e la coesione sono importanti, ma non necessariamente sinonimo di famiglia. (Immagine: Pixabay.com)<\/figcaption><\/figure>\n<p>Le famiglie sono caratterizzate da coesione e coerenza. Questi valori sono di grande importanza nella vita personale, ma possono essere un ostacolo nel contesto aziendale.<\/p>\n<h3><strong>Perch\u00e9 la metafora della famiglia \u00e8 problematica<\/strong><\/h3>\n<p>Nelle famiglie, il mantenimento dello status quo ha spesso la precedenza sul cambiamento, mentre le aziende si affidano alla flessibilit\u00e0 e all'innovazione. In un'economia dinamica, le aziende devono adattarsi costantemente per rimanere competitive.<\/p>\n<p>Una famiglia \u00e8 orientata alla stabilit\u00e0, mentre un'azienda \u00e8 orientata verso obiettivi chiari e successi misurabili. Le aziende dovrebbero quindi essere viste pi\u00f9 come una comunit\u00e0 di prestazioni in cui l'eccellenza e la determinazione sono al centro dell'attenzione. Una comunit\u00e0 di questo tipo permette di raggiungere grandi obiettivi, perch\u00e9 le persone sono pronte a raccogliere le sfide.<\/p>\n<h3><strong>Le caratteristiche di una joint venture<\/strong><\/h3>\n<ol>\n<li><strong>Orientamento chiaro dell'obiettivo:<\/strong> L'attenzione si concentra su obiettivi misurabili che determinano il successo dell'azienda. Tutti i membri del team devono conoscere gli obiettivi e capire perch\u00e9 sono importanti. Senza un focus chiaro, l'azienda perde rapidamente slancio.<\/li>\n<li><strong>Flessibilit\u00e0<\/strong><strong>\u00e4<\/strong><strong>t:<\/strong> Le strutture devono essere orientate agli obiettivi, non alle preferenze personali. Un'organizzazione flessibile si adatta rapidamente ai cambiamenti e coglie le opportunit\u00e0. In una comunit\u00e0 performante, tutti sono pronti ad adattarsi alle esigenze.<\/li>\n<li><strong>Conformit\u00e0 agli standard:<\/strong> Standard e aspettative chiare promuovono una cultura dell'eccellenza. Mentre nelle famiglie si pratica spesso l'indulgenza, in un'azienda tutti devono sapere cosa \u00e8 accettabile e cosa no. Il rispetto degli standard garantisce il successo a lungo termine.<\/li>\n<li><strong>Adattabilit\u00e0:<\/strong> Ruoli e responsabilit\u00e0 devono adattarsi continuamente alle esigenze del mercato. Un'azienda di successo deve continuare a svilupparsi, mentre le strutture rigide portano alla stagnazione.<\/li>\n<li><strong>Concentrarsi sui risultati:<\/strong> Mentre le famiglie sono orientate verso l'interno, le aziende devono essere orientate verso l'esterno. Il successo si misura in base al valore aggiunto che l'azienda crea per i clienti e il mercato. La comunit\u00e0 della performance guarda all'esterno per ottenere risultati reali.<\/li>\n<\/ol>\n<h3><strong>Conclusione<\/strong><\/h3>\n<p>Un'azienda non \u00e8 una famiglia, n\u00e9 dovrebbe funzionare come tale. Come leader, \u00e8 vostra responsabilit\u00e0 creare un ambiente che favorisca l'eccellenza. L'empatia e la collaborazione sono importanti, ma devono sempre essere al servizio degli obiettivi comuni.<\/p>\n<p>&nbsp;<\/p>\n<p><i><strong>All'autore:<\/strong><br \/>\n<\/i><em>Volkmar V\u00f6lzke \u00e8 un massimizzatore di successi. Autore del libro. Consulente. Allenatore. Altoparlante.\u00a0<a href=\"http:\/\/www.volkmarvoelzke.ch\/\">www.volkmarvoelzke.ch<\/a><\/em><\/p>","protected":false},"excerpt":{"rendered":"<p>Nel mondo aziendale si diffonde spesso l'idea che un'azienda debba funzionare come una famiglia. All'inizio questa immagine sembra attraente: armonia, sostegno e sicurezza sono in primo piano. In pratica, per\u00f2, questa metafora pu\u00f2 presentare notevoli svantaggi, soprattutto se si trascurano le prestazioni e l'orientamento agli obiettivi.<\/p>","protected":false},"author":4,"featured_media":30173,"comment_status":"closed","ping_status":"closed","sticky":false,"template":"","format":"standard","meta":{"_acf_changed":false,"_yoast_wpseo_focuskw":"famili\u00e4r","_yoast_wpseo_metadesc":"Ein Unternehmen ist famili\u00e4r: In der Praxis kann diese Metapher erhebliche Nachteile mit sich bringen, wenn die Zielorientierung fehlt.","articlekey":"","footnotes":""},"categories":[28],"tags":[177,4551,335],"class_list":["post-30172","post","type-post","status-publish","format-standard","has-post-thumbnail","hentry","category-management","tag-erfolgs-impuls","tag-familie","tag-management-und-unternehmensfuehrung"],"acf":[],"yoast_head":"<!-- This site is optimized with the Yoast SEO plugin v27.5 - https:\/\/yoast.com\/product\/yoast-seo-wordpress\/ -->\n<title>Ist Ihr Unternehmen zu famili\u00e4r? - Organisator<\/title>\n<meta name=\"description\" content=\"Ein Unternehmen ist famili\u00e4r: In der Praxis kann diese Metapher erhebliche Nachteile mit sich bringen, wenn die Zielorientierung fehlt.\" \/>\n<meta name=\"robots\" content=\"index, follow, max-snippet:-1, max-image-preview:large, max-video-preview:-1\" \/>\n<link rel=\"canonical\" href=\"https:\/\/www.organisator.ch\/it\/gestione-2\/2024-09-27\/ist-ihr-unternehmen-zu-familiaer\/\" \/>\n<meta property=\"og:locale\" content=\"it_IT\" \/>\n<meta property=\"og:type\" content=\"article\" \/>\n<meta property=\"og:title\" content=\"Ist Ihr Unternehmen zu famili\u00e4r?\" \/>\n<meta property=\"og:description\" content=\"Ein Unternehmen ist famili\u00e4r: In der Praxis kann diese Metapher erhebliche Nachteile mit sich bringen, wenn die Zielorientierung fehlt.\" \/>\n<meta property=\"og:url\" content=\"https:\/\/www.organisator.ch\/it\/gestione-2\/2024-09-27\/ist-ihr-unternehmen-zu-familiaer\/\" \/>\n<meta property=\"og:site_name\" content=\"Organisator\" \/>\n<meta property=\"article:publisher\" content=\"https:\/\/www.facebook.com\/OrganisatorFachmagazin\" \/>\n<meta property=\"article:published_time\" content=\"2024-09-27T05:46:22+00:00\" \/>\n<meta property=\"article:modified_time\" content=\"2024-10-18T06:06:30+00:00\" \/>\n<meta property=\"og:image\" content=\"https:\/\/www.organisator.ch\/wp-content\/uploads\/2024\/09\/Ist-Ihr-Unternehmen-zu-familiaer_Organisator.jpg\" \/>\n\t<meta property=\"og:image:width\" content=\"680\" \/>\n\t<meta property=\"og:image:height\" content=\"411\" \/>\n\t<meta property=\"og:image:type\" content=\"image\/jpeg\" \/>\n<meta name=\"author\" content=\"thomas.berner\" \/>\n<meta name=\"twitter:card\" content=\"summary_large_image\" \/>\n<meta name=\"twitter:title\" content=\"Ist Ihr Unternehmen zu #famili\u00e4r?\" \/>\n<meta name=\"twitter:description\" content=\"Ein Unternehmen ist #famili\u00e4r: In der Praxis kann diese #Metapher erhebliche Nachteile mit sich bringen, wenn die #Zielorientierung fehlt.\" \/>\n<meta name=\"twitter:image\" content=\"https:\/\/www.organisator.ch\/wp-content\/uploads\/2024\/09\/Ist-Ihr-Unternehmen-zu-familiaer_Organisator.jpg\" \/>\n<script type=\"application\/ld+json\" class=\"yoast-schema-graph\">{\"@context\":\"https:\\\/\\\/schema.org\",\"@graph\":[{\"@type\":\"Article\",\"@id\":\"https:\\\/\\\/www.organisator.ch\\\/management\\\/2024-09-27\\\/ist-ihr-unternehmen-zu-familiaer\\\/#article\",\"isPartOf\":{\"@id\":\"https:\\\/\\\/www.organisator.ch\\\/management\\\/2024-09-27\\\/ist-ihr-unternehmen-zu-familiaer\\\/\"},\"author\":{\"name\":\"thomas.berner\",\"@id\":\"https:\\\/\\\/www.organisator.ch\\\/#\\\/schema\\\/person\\\/6f650f90b2842cd4c0cc334b4e36f67e\"},\"headline\":\"Ist Ihr Unternehmen zu famili\u00e4r?\",\"datePublished\":\"2024-09-27T05:46:22+00:00\",\"dateModified\":\"2024-10-18T06:06:30+00:00\",\"mainEntityOfPage\":{\"@id\":\"https:\\\/\\\/www.organisator.ch\\\/management\\\/2024-09-27\\\/ist-ihr-unternehmen-zu-familiaer\\\/\"},\"wordCount\":413,\"publisher\":{\"@id\":\"https:\\\/\\\/www.organisator.ch\\\/#organization\"},\"image\":{\"@id\":\"https:\\\/\\\/www.organisator.ch\\\/management\\\/2024-09-27\\\/ist-ihr-unternehmen-zu-familiaer\\\/#primaryimage\"},\"thumbnailUrl\":\"https:\\\/\\\/www.organisator.ch\\\/wp-content\\\/uploads\\\/2024\\\/09\\\/Ist-Ihr-Unternehmen-zu-familiaer_Organisator.jpg\",\"keywords\":[\"Erfolgs-Impuls\",\"Familie\",\"Management und Unternehmensf\u00fchrung\"],\"articleSection\":[\"MANAGEMENT\"],\"inLanguage\":\"it-IT\"},{\"@type\":\"WebPage\",\"@id\":\"https:\\\/\\\/www.organisator.ch\\\/management\\\/2024-09-27\\\/ist-ihr-unternehmen-zu-familiaer\\\/\",\"url\":\"https:\\\/\\\/www.organisator.ch\\\/management\\\/2024-09-27\\\/ist-ihr-unternehmen-zu-familiaer\\\/\",\"name\":\"Ist Ihr Unternehmen zu famili\u00e4r? - Organisator\",\"isPartOf\":{\"@id\":\"https:\\\/\\\/www.organisator.ch\\\/#website\"},\"primaryImageOfPage\":{\"@id\":\"https:\\\/\\\/www.organisator.ch\\\/management\\\/2024-09-27\\\/ist-ihr-unternehmen-zu-familiaer\\\/#primaryimage\"},\"image\":{\"@id\":\"https:\\\/\\\/www.organisator.ch\\\/management\\\/2024-09-27\\\/ist-ihr-unternehmen-zu-familiaer\\\/#primaryimage\"},\"thumbnailUrl\":\"https:\\\/\\\/www.organisator.ch\\\/wp-content\\\/uploads\\\/2024\\\/09\\\/Ist-Ihr-Unternehmen-zu-familiaer_Organisator.jpg\",\"datePublished\":\"2024-09-27T05:46:22+00:00\",\"dateModified\":\"2024-10-18T06:06:30+00:00\",\"description\":\"Ein Unternehmen ist famili\u00e4r: In der Praxis kann diese Metapher erhebliche Nachteile mit sich bringen, wenn die Zielorientierung fehlt.\",\"breadcrumb\":{\"@id\":\"https:\\\/\\\/www.organisator.ch\\\/management\\\/2024-09-27\\\/ist-ihr-unternehmen-zu-familiaer\\\/#breadcrumb\"},\"inLanguage\":\"it-IT\",\"potentialAction\":[{\"@type\":\"ReadAction\",\"target\":[\"https:\\\/\\\/www.organisator.ch\\\/management\\\/2024-09-27\\\/ist-ihr-unternehmen-zu-familiaer\\\/\"]}]},{\"@type\":\"ImageObject\",\"inLanguage\":\"it-IT\",\"@id\":\"https:\\\/\\\/www.organisator.ch\\\/management\\\/2024-09-27\\\/ist-ihr-unternehmen-zu-familiaer\\\/#primaryimage\",\"url\":\"https:\\\/\\\/www.organisator.ch\\\/wp-content\\\/uploads\\\/2024\\\/09\\\/Ist-Ihr-Unternehmen-zu-familiaer_Organisator.jpg\",\"contentUrl\":\"https:\\\/\\\/www.organisator.ch\\\/wp-content\\\/uploads\\\/2024\\\/09\\\/Ist-Ihr-Unternehmen-zu-familiaer_Organisator.jpg\",\"width\":680,\"height\":411,\"caption\":\"Familienidylle auch im Unternehmen? Empathie und Zusammenhalt sind wichtig, aber nicht zwingend gleichbedeutend mit familli\u00e4r. (Bild: Pixabay.com)\"},{\"@type\":\"BreadcrumbList\",\"@id\":\"https:\\\/\\\/www.organisator.ch\\\/management\\\/2024-09-27\\\/ist-ihr-unternehmen-zu-familiaer\\\/#breadcrumb\",\"itemListElement\":[{\"@type\":\"ListItem\",\"position\":1,\"name\":\"Home\",\"item\":\"https:\\\/\\\/www.organisator.ch\\\/\"},{\"@type\":\"ListItem\",\"position\":2,\"name\":\"Ist Ihr Unternehmen zu famili\u00e4r?\"}]},{\"@type\":\"WebSite\",\"@id\":\"https:\\\/\\\/www.organisator.ch\\\/#website\",\"url\":\"https:\\\/\\\/www.organisator.ch\\\/\",\"name\":\"Organisator\",\"description\":\"Kompetent. Praxisnah. Der ORGANISATOR bereitet in 10 Ausgaben pro Jahr die wesentlichen Themen f\u00fcr F\u00fchrungskr\u00e4fte von KMU auf.\",\"publisher\":{\"@id\":\"https:\\\/\\\/www.organisator.ch\\\/#organization\"},\"potentialAction\":[{\"@type\":\"SearchAction\",\"target\":{\"@type\":\"EntryPoint\",\"urlTemplate\":\"https:\\\/\\\/www.organisator.ch\\\/?s={search_term_string}\"},\"query-input\":{\"@type\":\"PropertyValueSpecification\",\"valueRequired\":true,\"valueName\":\"search_term_string\"}}],\"inLanguage\":\"it-IT\"},{\"@type\":\"Organization\",\"@id\":\"https:\\\/\\\/www.organisator.ch\\\/#organization\",\"name\":\"Organisator\",\"url\":\"https:\\\/\\\/www.organisator.ch\\\/\",\"logo\":{\"@type\":\"ImageObject\",\"inLanguage\":\"it-IT\",\"@id\":\"https:\\\/\\\/www.organisator.ch\\\/#\\\/schema\\\/logo\\\/image\\\/\",\"url\":\"https:\\\/\\\/www.organisator.ch\\\/wp-content\\\/uploads\\\/2022\\\/01\\\/Logo_Organisator_Website.png\",\"contentUrl\":\"https:\\\/\\\/www.organisator.ch\\\/wp-content\\\/uploads\\\/2022\\\/01\\\/Logo_Organisator_Website.png\",\"width\":800,\"height\":77,\"caption\":\"Organisator\"},\"image\":{\"@id\":\"https:\\\/\\\/www.organisator.ch\\\/#\\\/schema\\\/logo\\\/image\\\/\"},\"sameAs\":[\"https:\\\/\\\/www.facebook.com\\\/OrganisatorFachmagazin\",\"https:\\\/\\\/www.linkedin.com\\\/showcase\\\/organisator-das-magazin-fr-kmu\",\"https:\\\/\\\/www.xing.com\\\/news\\\/pages\\\/organisator-ch-695\",\"https:\\\/\\\/www.youtube.com\\\/channel\\\/UCGP2Sq0iWaZwT3BdIAQFYpw\"]},{\"@type\":\"Person\",\"@id\":\"https:\\\/\\\/www.organisator.ch\\\/#\\\/schema\\\/person\\\/6f650f90b2842cd4c0cc334b4e36f67e\",\"name\":\"thomas.berner\",\"image\":{\"@type\":\"ImageObject\",\"inLanguage\":\"it-IT\",\"@id\":\"https:\\\/\\\/secure.gravatar.com\\\/avatar\\\/ac5001d2a36cb6c6cd3e50789007ffca834b477b74a2144564522e944eabff61?s=96&d=mm&r=g\",\"url\":\"https:\\\/\\\/secure.gravatar.com\\\/avatar\\\/ac5001d2a36cb6c6cd3e50789007ffca834b477b74a2144564522e944eabff61?s=96&d=mm&r=g\",\"contentUrl\":\"https:\\\/\\\/secure.gravatar.com\\\/avatar\\\/ac5001d2a36cb6c6cd3e50789007ffca834b477b74a2144564522e944eabff61?s=96&d=mm&r=g\",\"caption\":\"thomas.berner\"},\"url\":\"https:\\\/\\\/www.organisator.ch\\\/it\\\/author\\\/thomas-berner\\\/\"}]}<\/script>\n<!-- \/ Yoast SEO plugin. -->","yoast_head_json":{"title":"La vostra azienda \u00e8 troppo familiare? - Organizzatore","description":"Un'azienda \u00e8 una famiglia: in pratica, questa metafora pu\u00f2 presentare notevoli svantaggi se manca l'orientamento agli obiettivi.","robots":{"index":"index","follow":"follow","max-snippet":"max-snippet:-1","max-image-preview":"max-image-preview:large","max-video-preview":"max-video-preview:-1"},"canonical":"https:\/\/www.organisator.ch\/it\/gestione-2\/2024-09-27\/ist-ihr-unternehmen-zu-familiaer\/","og_locale":"it_IT","og_type":"article","og_title":"Ist Ihr Unternehmen zu famili\u00e4r?","og_description":"Ein Unternehmen ist famili\u00e4r: In der Praxis kann diese Metapher erhebliche Nachteile mit sich bringen, wenn die Zielorientierung fehlt.","og_url":"https:\/\/www.organisator.ch\/it\/gestione-2\/2024-09-27\/ist-ihr-unternehmen-zu-familiaer\/","og_site_name":"Organisator","article_publisher":"https:\/\/www.facebook.com\/OrganisatorFachmagazin","article_published_time":"2024-09-27T05:46:22+00:00","article_modified_time":"2024-10-18T06:06:30+00:00","og_image":[{"width":680,"height":411,"url":"https:\/\/www.organisator.ch\/wp-content\/uploads\/2024\/09\/Ist-Ihr-Unternehmen-zu-familiaer_Organisator.jpg","type":"image\/jpeg"}],"author":"thomas.berner","twitter_card":"summary_large_image","twitter_title":"Ist Ihr Unternehmen zu #famili\u00e4r?","twitter_description":"Ein Unternehmen ist #famili\u00e4r: In der Praxis kann diese #Metapher erhebliche Nachteile mit sich bringen, wenn die #Zielorientierung fehlt.","twitter_image":"https:\/\/www.organisator.ch\/wp-content\/uploads\/2024\/09\/Ist-Ihr-Unternehmen-zu-familiaer_Organisator.jpg","schema":{"@context":"https:\/\/schema.org","@graph":[{"@type":"Article","@id":"https:\/\/www.organisator.ch\/management\/2024-09-27\/ist-ihr-unternehmen-zu-familiaer\/#article","isPartOf":{"@id":"https:\/\/www.organisator.ch\/management\/2024-09-27\/ist-ihr-unternehmen-zu-familiaer\/"},"author":{"name":"thomas.berner","@id":"https:\/\/www.organisator.ch\/#\/schema\/person\/6f650f90b2842cd4c0cc334b4e36f67e"},"headline":"Ist Ihr Unternehmen zu famili\u00e4r?","datePublished":"2024-09-27T05:46:22+00:00","dateModified":"2024-10-18T06:06:30+00:00","mainEntityOfPage":{"@id":"https:\/\/www.organisator.ch\/management\/2024-09-27\/ist-ihr-unternehmen-zu-familiaer\/"},"wordCount":413,"publisher":{"@id":"https:\/\/www.organisator.ch\/#organization"},"image":{"@id":"https:\/\/www.organisator.ch\/management\/2024-09-27\/ist-ihr-unternehmen-zu-familiaer\/#primaryimage"},"thumbnailUrl":"https:\/\/www.organisator.ch\/wp-content\/uploads\/2024\/09\/Ist-Ihr-Unternehmen-zu-familiaer_Organisator.jpg","keywords":["Erfolgs-Impuls","Familie","Management und Unternehmensf\u00fchrung"],"articleSection":["MANAGEMENT"],"inLanguage":"it-IT"},{"@type":"WebPage","@id":"https:\/\/www.organisator.ch\/management\/2024-09-27\/ist-ihr-unternehmen-zu-familiaer\/","url":"https:\/\/www.organisator.ch\/management\/2024-09-27\/ist-ihr-unternehmen-zu-familiaer\/","name":"La vostra azienda \u00e8 troppo familiare? - Organizzatore","isPartOf":{"@id":"https:\/\/www.organisator.ch\/#website"},"primaryImageOfPage":{"@id":"https:\/\/www.organisator.ch\/management\/2024-09-27\/ist-ihr-unternehmen-zu-familiaer\/#primaryimage"},"image":{"@id":"https:\/\/www.organisator.ch\/management\/2024-09-27\/ist-ihr-unternehmen-zu-familiaer\/#primaryimage"},"thumbnailUrl":"https:\/\/www.organisator.ch\/wp-content\/uploads\/2024\/09\/Ist-Ihr-Unternehmen-zu-familiaer_Organisator.jpg","datePublished":"2024-09-27T05:46:22+00:00","dateModified":"2024-10-18T06:06:30+00:00","description":"Un'azienda \u00e8 una famiglia: in pratica, questa metafora pu\u00f2 presentare notevoli svantaggi se manca l'orientamento agli obiettivi.","breadcrumb":{"@id":"https:\/\/www.organisator.ch\/management\/2024-09-27\/ist-ihr-unternehmen-zu-familiaer\/#breadcrumb"},"inLanguage":"it-IT","potentialAction":[{"@type":"ReadAction","target":["https:\/\/www.organisator.ch\/management\/2024-09-27\/ist-ihr-unternehmen-zu-familiaer\/"]}]},{"@type":"ImageObject","inLanguage":"it-IT","@id":"https:\/\/www.organisator.ch\/management\/2024-09-27\/ist-ihr-unternehmen-zu-familiaer\/#primaryimage","url":"https:\/\/www.organisator.ch\/wp-content\/uploads\/2024\/09\/Ist-Ihr-Unternehmen-zu-familiaer_Organisator.jpg","contentUrl":"https:\/\/www.organisator.ch\/wp-content\/uploads\/2024\/09\/Ist-Ihr-Unternehmen-zu-familiaer_Organisator.jpg","width":680,"height":411,"caption":"Familienidylle auch im Unternehmen? Empathie und Zusammenhalt sind wichtig, aber nicht zwingend gleichbedeutend mit familli\u00e4r. (Bild: Pixabay.com)"},{"@type":"BreadcrumbList","@id":"https:\/\/www.organisator.ch\/management\/2024-09-27\/ist-ihr-unternehmen-zu-familiaer\/#breadcrumb","itemListElement":[{"@type":"ListItem","position":1,"name":"Home","item":"https:\/\/www.organisator.ch\/"},{"@type":"ListItem","position":2,"name":"Ist Ihr Unternehmen zu famili\u00e4r?"}]},{"@type":"WebSite","@id":"https:\/\/www.organisator.ch\/#website","url":"https:\/\/www.organisator.ch\/","name":"Organizzatore","description":"Competente. Pratico. In 10 numeri all'anno, ORGANISATOR presenta i temi essenziali per i manager delle PMI.","publisher":{"@id":"https:\/\/www.organisator.ch\/#organization"},"potentialAction":[{"@type":"SearchAction","target":{"@type":"EntryPoint","urlTemplate":"https:\/\/www.organisator.ch\/?s={search_term_string}"},"query-input":{"@type":"PropertyValueSpecification","valueRequired":true,"valueName":"search_term_string"}}],"inLanguage":"it-IT"},{"@type":"Organization","@id":"https:\/\/www.organisator.ch\/#organization","name":"Organizzatore","url":"https:\/\/www.organisator.ch\/","logo":{"@type":"ImageObject","inLanguage":"it-IT","@id":"https:\/\/www.organisator.ch\/#\/schema\/logo\/image\/","url":"https:\/\/www.organisator.ch\/wp-content\/uploads\/2022\/01\/Logo_Organisator_Website.png","contentUrl":"https:\/\/www.organisator.ch\/wp-content\/uploads\/2022\/01\/Logo_Organisator_Website.png","width":800,"height":77,"caption":"Organisator"},"image":{"@id":"https:\/\/www.organisator.ch\/#\/schema\/logo\/image\/"},"sameAs":["https:\/\/www.facebook.com\/OrganisatorFachmagazin","https:\/\/www.linkedin.com\/showcase\/organisator-das-magazin-fr-kmu","https:\/\/www.xing.com\/news\/pages\/organisator-ch-695","https:\/\/www.youtube.com\/channel\/UCGP2Sq0iWaZwT3BdIAQFYpw"]},{"@type":"Person","@id":"https:\/\/www.organisator.ch\/#\/schema\/person\/6f650f90b2842cd4c0cc334b4e36f67e","name":"Tommaso.berner","image":{"@type":"ImageObject","inLanguage":"it-IT","@id":"https:\/\/secure.gravatar.com\/avatar\/ac5001d2a36cb6c6cd3e50789007ffca834b477b74a2144564522e944eabff61?s=96&d=mm&r=g","url":"https:\/\/secure.gravatar.com\/avatar\/ac5001d2a36cb6c6cd3e50789007ffca834b477b74a2144564522e944eabff61?s=96&d=mm&r=g","contentUrl":"https:\/\/secure.gravatar.com\/avatar\/ac5001d2a36cb6c6cd3e50789007ffca834b477b74a2144564522e944eabff61?s=96&d=mm&r=g","caption":"thomas.berner"},"url":"https:\/\/www.organisator.ch\/it\/author\/thomas-berner\/"}]}},"_links":{"self":[{"href":"https:\/\/www.organisator.ch\/it\/wp-json\/wp\/v2\/posts\/30172","targetHints":{"allow":["GET"]}}],"collection":[{"href":"https:\/\/www.organisator.ch\/it\/wp-json\/wp\/v2\/posts"}],"about":[{"href":"https:\/\/www.organisator.ch\/it\/wp-json\/wp\/v2\/types\/post"}],"author":[{"embeddable":true,"href":"https:\/\/www.organisator.ch\/it\/wp-json\/wp\/v2\/users\/4"}],"replies":[{"embeddable":true,"href":"https:\/\/www.organisator.ch\/it\/wp-json\/wp\/v2\/comments?post=30172"}],"version-history":[{"count":4,"href":"https:\/\/www.organisator.ch\/it\/wp-json\/wp\/v2\/posts\/30172\/revisions"}],"predecessor-version":[{"id":30997,"href":"https:\/\/www.organisator.ch\/it\/wp-json\/wp\/v2\/posts\/30172\/revisions\/30997"}],"wp:featuredmedia":[{"embeddable":true,"href":"https:\/\/www.organisator.ch\/it\/wp-json\/wp\/v2\/media\/30173"}],"wp:attachment":[{"href":"https:\/\/www.organisator.ch\/it\/wp-json\/wp\/v2\/media?parent=30172"}],"wp:term":[{"taxonomy":"category","embeddable":true,"href":"https:\/\/www.organisator.ch\/it\/wp-json\/wp\/v2\/categories?post=30172"},{"taxonomy":"post_tag","embeddable":true,"href":"https:\/\/www.organisator.ch\/it\/wp-json\/wp\/v2\/tags?post=30172"}],"curies":[{"name":"wp","href":"https:\/\/api.w.org\/{rel}","templated":true}]}}