{"id":30177,"date":"2024-09-27T13:00:34","date_gmt":"2024-09-27T11:00:34","guid":{"rendered":"https:\/\/www.organisator.ch\/?p=30177"},"modified":"2024-09-27T09:41:26","modified_gmt":"2024-09-27T07:41:26","slug":"hans-juerg-domenig-wird-neuer-praesident-des-chdu","status":"publish","type":"post","link":"https:\/\/www.organisator.ch\/it\/management\/2024-09-27\/hans-juerg-domenig-wird-neuer-praesident-des-chdu\/","title":{"rendered":"Hans J\u00fcrg Domenig diventa il nuovo presidente del CHDU"},"content":{"rendered":"<figure id=\"attachment_30178\" aria-describedby=\"caption-attachment-30178\" style=\"width: 680px\" class=\"wp-caption alignnone\"><img loading=\"lazy\" decoding=\"async\" class=\"size-full wp-image-30178\" src=\"https:\/\/www.organisator.ch\/wp-content\/uploads\/2024\/09\/CHDU-Praesident_Bild1_ps.jpg\" alt=\"\" width=\"680\" height=\"467\" srcset=\"https:\/\/www.organisator.ch\/wp-content\/uploads\/2024\/09\/CHDU-Praesident_Bild1_ps.jpg 680w, https:\/\/www.organisator.ch\/wp-content\/uploads\/2024\/09\/CHDU-Praesident_Bild1_ps-18x12.jpg 18w, https:\/\/www.organisator.ch\/wp-content\/uploads\/2024\/09\/CHDU-Praesident_Bild1_ps-375x258.jpg 375w, https:\/\/www.organisator.ch\/wp-content\/uploads\/2024\/09\/CHDU-Praesident_Bild1_ps-510x350.jpg 510w\" sizes=\"auto, (max-width: 680px) 100vw, 680px\" \/><figcaption id=\"caption-attachment-30178\" class=\"wp-caption-text\">Hans J\u00fcrg Domenig \u00e8 uno dei membri fondatori dell'associazione. (Immagine: www.chdu.ch)<\/figcaption><\/figure>\n<p>Il \"passaggio del testimone\" ha avuto luogo durante l'Assemblea generale del 29 agosto 2024. Dopo oltre due anni e mezzo di intenso impegno e di lavoro di sviluppo per il CHDU, Giacomo Garaventa ha ceduto il suo incarico a un esperto successore e collega del Consiglio direttivo, organizzando cos\u00ec la sua successione come Presidente dell'Associazione.<\/p>\n<p>\"Sar\u00f2 molto motivato a lavorare per gli interessi dei membri della nostra associazione e per l'ulteriore sviluppo della successione aziendale delle PMI in Svizzera. Ho la fortuna di far parte di un consiglio di amministrazione che condivide la mia passione per la successione delle PMI e che dispone di una grande esperienza. Sono impaziente di affrontare le sfide che mi attendono, di realizzare molti progetti interessanti e, soprattutto, di compiere progressi sostenibili a favore della successione attraverso e con la nostra associazione\", ha dichiarato Hans J\u00fcrg Domenig al momento di assumere la carica di nuovo Presidente della CHDU.<\/p>\n<p>Egli \u00e8 particolarmente interessato ad ancorare la successione aziendale come fattore economico e sociale fisso nell'agenda politica svizzera. \"Per questo motivo accogliamo con favore l'iniziativa di Dominik Blunschy (SZ), membro del Consiglio nazionale di centro, che all'inizio di giugno di quest'anno chiede al Consiglio federale di eliminare gli ostacoli alla successione aziendale e ci impegniamo a far s\u00ec che i passi successivi vengano seguiti\", ha aggiunto.<\/p>\n<p>Hans J\u00fcrg Domenig \u00e8 uno dei membri fondatori dell'associazione e, in qualit\u00e0 di membro del consiglio direttivo responsabile di \"Practice &amp; Teaching\", si \u00e8 dedicato allo sviluppo e all'ampliamento di ulteriori programmi di formazione per consulenti in materia di successione. Si occupa di pianificazione della successione per le PMI dal 1997 con la sua societ\u00e0 Ansatz AG Firmen-Nachfolge-Verkauf. Grazie alla sua vasta rete, ha avviato cooperazioni per l'associazione CHDU con Sales Swiss, Nosuf e l'Associazione dei piccoli proprietari. Domenig \u00e8 la \"forza trainante\" del reclutamento di altre associazioni industriali e professionali sotto l'ombrello della CHDU, al fine di lavorare insieme a favore della successione aziendale.<\/p>\n<p><em>Fonte: <a href=\"http:\/\/www.chdu.ch\">www.chdu.ch<\/a><\/em><\/p>","protected":false},"excerpt":{"rendered":"<p>I membri della Swiss Umbrella Organisation for Business Succession (CHDU) hanno eletto all'unanimit\u00e0 Hans J\u00fcrg Domenig come successore del presidente uscente Giacomo Garaventa.<\/p>","protected":false},"author":80,"featured_media":30178,"comment_status":"closed","ping_status":"closed","sticky":false,"template":"","format":"standard","meta":{"_acf_changed":false,"_yoast_wpseo_focuskw":"Hans J\u00fcrg Domenig","_yoast_wpseo_metadesc":"Einstimmig haben die Mitglieder des CHDU Hans J\u00fcrg Domenig zum Nachfolger des abtretenden Pr\u00e4sidenten Giacomo Garaventa gew\u00e4hlt.","articlekey":"","footnotes":""},"categories":[28],"tags":[301,335,4269,492,2435],"class_list":["post-30177","post","type-post","status-publish","format-standard","has-post-thumbnail","hentry","category-management","tag-kmu","tag-management-und-unternehmensfuehrung","tag-nachfolge","tag-unternehmen","tag-verband"],"acf":[],"yoast_head":"<!-- This site is optimized with the Yoast SEO plugin v27.5 - https:\/\/yoast.com\/product\/yoast-seo-wordpress\/ -->\n<title>Hans J\u00fcrg Domenig wird neuer Pr\u00e4sident des CHDU - Organisator<\/title>\n<meta name=\"description\" content=\"Einstimmig haben die Mitglieder des CHDU Hans J\u00fcrg Domenig zum Nachfolger des abtretenden Pr\u00e4sidenten Giacomo Garaventa gew\u00e4hlt.\" \/>\n<meta name=\"robots\" content=\"index, follow, max-snippet:-1, max-image-preview:large, max-video-preview:-1\" \/>\n<link rel=\"canonical\" href=\"https:\/\/www.organisator.ch\/it\/gestione-2\/2024-09-27\/hans-juerg-domenig-wird-neuer-praesident-des-chdu\/\" \/>\n<meta property=\"og:locale\" content=\"it_IT\" \/>\n<meta property=\"og:type\" content=\"article\" \/>\n<meta property=\"og:title\" content=\"Hans J\u00fcrg Domenig wird neuer Pr\u00e4sident des CHDU\" \/>\n<meta property=\"og:description\" content=\"Einstimmig haben die Mitglieder des CHDU Hans J\u00fcrg Domenig zum Nachfolger des abtretenden Pr\u00e4sidenten Giacomo Garaventa gew\u00e4hlt.\" \/>\n<meta property=\"og:url\" content=\"https:\/\/www.organisator.ch\/it\/gestione-2\/2024-09-27\/hans-juerg-domenig-wird-neuer-praesident-des-chdu\/\" \/>\n<meta property=\"og:site_name\" content=\"Organisator\" \/>\n<meta property=\"article:publisher\" content=\"https:\/\/www.facebook.com\/OrganisatorFachmagazin\" \/>\n<meta property=\"article:published_time\" content=\"2024-09-27T11:00:34+00:00\" \/>\n<meta property=\"og:image\" content=\"https:\/\/www.organisator.ch\/wp-content\/uploads\/2024\/09\/CHDU-Praesident_Bild1_ps.jpg\" \/>\n\t<meta property=\"og:image:width\" content=\"680\" \/>\n\t<meta property=\"og:image:height\" content=\"467\" \/>\n\t<meta property=\"og:image:type\" content=\"image\/jpeg\" \/>\n<meta name=\"author\" content=\"Dzana Muminovic\" \/>\n<meta name=\"twitter:card\" content=\"summary_large_image\" \/>\n<meta name=\"twitter:title\" content=\"Hans J\u00fcrg Domenig wird neuer Pr\u00e4sident des CHDU\" \/>\n<meta name=\"twitter:description\" content=\"Einstimmig haben die Mitglieder des #CHDU #Hans #J\u00fcrg #Domenig zum #Nachfolger des abtretenden Pr\u00e4sidenten Giacomo Garaventa gew\u00e4hlt.\" \/>\n<meta name=\"twitter:image\" content=\"https:\/\/www.organisator.ch\/wp-content\/uploads\/2024\/09\/CHDU-Praesident_Bild1_ps.jpg\" \/>\n<script type=\"application\/ld+json\" class=\"yoast-schema-graph\">{\"@context\":\"https:\\\/\\\/schema.org\",\"@graph\":[{\"@type\":\"Article\",\"@id\":\"https:\\\/\\\/www.organisator.ch\\\/management\\\/2024-09-27\\\/hans-juerg-domenig-wird-neuer-praesident-des-chdu\\\/#article\",\"isPartOf\":{\"@id\":\"https:\\\/\\\/www.organisator.ch\\\/management\\\/2024-09-27\\\/hans-juerg-domenig-wird-neuer-praesident-des-chdu\\\/\"},\"author\":{\"name\":\"Dzana Muminovic\",\"@id\":\"https:\\\/\\\/www.organisator.ch\\\/#\\\/schema\\\/person\\\/afccda3a71c06d4be2ed9100dd163db7\"},\"headline\":\"Hans J\u00fcrg Domenig wird neuer Pr\u00e4sident des CHDU\",\"datePublished\":\"2024-09-27T11:00:34+00:00\",\"mainEntityOfPage\":{\"@id\":\"https:\\\/\\\/www.organisator.ch\\\/management\\\/2024-09-27\\\/hans-juerg-domenig-wird-neuer-praesident-des-chdu\\\/\"},\"wordCount\":333,\"publisher\":{\"@id\":\"https:\\\/\\\/www.organisator.ch\\\/#organization\"},\"image\":{\"@id\":\"https:\\\/\\\/www.organisator.ch\\\/management\\\/2024-09-27\\\/hans-juerg-domenig-wird-neuer-praesident-des-chdu\\\/#primaryimage\"},\"thumbnailUrl\":\"https:\\\/\\\/www.organisator.ch\\\/wp-content\\\/uploads\\\/2024\\\/09\\\/CHDU-Praesident_Bild1_ps.jpg\",\"keywords\":[\"KMU\",\"Management und Unternehmensf\u00fchrung\",\"Nachfolge\",\"Unternehmen\",\"Verband\"],\"articleSection\":[\"MANAGEMENT\"],\"inLanguage\":\"it-IT\"},{\"@type\":\"WebPage\",\"@id\":\"https:\\\/\\\/www.organisator.ch\\\/management\\\/2024-09-27\\\/hans-juerg-domenig-wird-neuer-praesident-des-chdu\\\/\",\"url\":\"https:\\\/\\\/www.organisator.ch\\\/management\\\/2024-09-27\\\/hans-juerg-domenig-wird-neuer-praesident-des-chdu\\\/\",\"name\":\"Hans J\u00fcrg Domenig wird neuer Pr\u00e4sident des CHDU - Organisator\",\"isPartOf\":{\"@id\":\"https:\\\/\\\/www.organisator.ch\\\/#website\"},\"primaryImageOfPage\":{\"@id\":\"https:\\\/\\\/www.organisator.ch\\\/management\\\/2024-09-27\\\/hans-juerg-domenig-wird-neuer-praesident-des-chdu\\\/#primaryimage\"},\"image\":{\"@id\":\"https:\\\/\\\/www.organisator.ch\\\/management\\\/2024-09-27\\\/hans-juerg-domenig-wird-neuer-praesident-des-chdu\\\/#primaryimage\"},\"thumbnailUrl\":\"https:\\\/\\\/www.organisator.ch\\\/wp-content\\\/uploads\\\/2024\\\/09\\\/CHDU-Praesident_Bild1_ps.jpg\",\"datePublished\":\"2024-09-27T11:00:34+00:00\",\"description\":\"Einstimmig haben die Mitglieder des CHDU Hans J\u00fcrg Domenig zum Nachfolger des abtretenden Pr\u00e4sidenten Giacomo Garaventa gew\u00e4hlt.\",\"breadcrumb\":{\"@id\":\"https:\\\/\\\/www.organisator.ch\\\/management\\\/2024-09-27\\\/hans-juerg-domenig-wird-neuer-praesident-des-chdu\\\/#breadcrumb\"},\"inLanguage\":\"it-IT\",\"potentialAction\":[{\"@type\":\"ReadAction\",\"target\":[\"https:\\\/\\\/www.organisator.ch\\\/management\\\/2024-09-27\\\/hans-juerg-domenig-wird-neuer-praesident-des-chdu\\\/\"]}]},{\"@type\":\"ImageObject\",\"inLanguage\":\"it-IT\",\"@id\":\"https:\\\/\\\/www.organisator.ch\\\/management\\\/2024-09-27\\\/hans-juerg-domenig-wird-neuer-praesident-des-chdu\\\/#primaryimage\",\"url\":\"https:\\\/\\\/www.organisator.ch\\\/wp-content\\\/uploads\\\/2024\\\/09\\\/CHDU-Praesident_Bild1_ps.jpg\",\"contentUrl\":\"https:\\\/\\\/www.organisator.ch\\\/wp-content\\\/uploads\\\/2024\\\/09\\\/CHDU-Praesident_Bild1_ps.jpg\",\"width\":680,\"height\":467,\"caption\":\"Hans J\u00fcrg Domenig geh\u00f6rt zu den Gr\u00fcndungsmitgliedern des Verbands. (Bild: www.chdu.ch)\"},{\"@type\":\"BreadcrumbList\",\"@id\":\"https:\\\/\\\/www.organisator.ch\\\/management\\\/2024-09-27\\\/hans-juerg-domenig-wird-neuer-praesident-des-chdu\\\/#breadcrumb\",\"itemListElement\":[{\"@type\":\"ListItem\",\"position\":1,\"name\":\"Home\",\"item\":\"https:\\\/\\\/www.organisator.ch\\\/\"},{\"@type\":\"ListItem\",\"position\":2,\"name\":\"Hans J\u00fcrg Domenig wird neuer Pr\u00e4sident des CHDU\"}]},{\"@type\":\"WebSite\",\"@id\":\"https:\\\/\\\/www.organisator.ch\\\/#website\",\"url\":\"https:\\\/\\\/www.organisator.ch\\\/\",\"name\":\"Organisator\",\"description\":\"Kompetent. Praxisnah. Der ORGANISATOR bereitet in 10 Ausgaben pro Jahr die wesentlichen Themen f\u00fcr F\u00fchrungskr\u00e4fte von KMU auf.\",\"publisher\":{\"@id\":\"https:\\\/\\\/www.organisator.ch\\\/#organization\"},\"potentialAction\":[{\"@type\":\"SearchAction\",\"target\":{\"@type\":\"EntryPoint\",\"urlTemplate\":\"https:\\\/\\\/www.organisator.ch\\\/?s={search_term_string}\"},\"query-input\":{\"@type\":\"PropertyValueSpecification\",\"valueRequired\":true,\"valueName\":\"search_term_string\"}}],\"inLanguage\":\"it-IT\"},{\"@type\":\"Organization\",\"@id\":\"https:\\\/\\\/www.organisator.ch\\\/#organization\",\"name\":\"Organisator\",\"url\":\"https:\\\/\\\/www.organisator.ch\\\/\",\"logo\":{\"@type\":\"ImageObject\",\"inLanguage\":\"it-IT\",\"@id\":\"https:\\\/\\\/www.organisator.ch\\\/#\\\/schema\\\/logo\\\/image\\\/\",\"url\":\"https:\\\/\\\/www.organisator.ch\\\/wp-content\\\/uploads\\\/2022\\\/01\\\/Logo_Organisator_Website.png\",\"contentUrl\":\"https:\\\/\\\/www.organisator.ch\\\/wp-content\\\/uploads\\\/2022\\\/01\\\/Logo_Organisator_Website.png\",\"width\":800,\"height\":77,\"caption\":\"Organisator\"},\"image\":{\"@id\":\"https:\\\/\\\/www.organisator.ch\\\/#\\\/schema\\\/logo\\\/image\\\/\"},\"sameAs\":[\"https:\\\/\\\/www.facebook.com\\\/OrganisatorFachmagazin\",\"https:\\\/\\\/www.linkedin.com\\\/showcase\\\/organisator-das-magazin-fr-kmu\",\"https:\\\/\\\/www.xing.com\\\/news\\\/pages\\\/organisator-ch-695\",\"https:\\\/\\\/www.youtube.com\\\/channel\\\/UCGP2Sq0iWaZwT3BdIAQFYpw\"]},{\"@type\":\"Person\",\"@id\":\"https:\\\/\\\/www.organisator.ch\\\/#\\\/schema\\\/person\\\/afccda3a71c06d4be2ed9100dd163db7\",\"name\":\"Dzana Muminovic\",\"image\":{\"@type\":\"ImageObject\",\"inLanguage\":\"it-IT\",\"@id\":\"https:\\\/\\\/secure.gravatar.com\\\/avatar\\\/909c5c71aff4b38e88686f2ab2f1ba152571f394f41ed8bae431ea56ced93050?s=96&d=mm&r=g\",\"url\":\"https:\\\/\\\/secure.gravatar.com\\\/avatar\\\/909c5c71aff4b38e88686f2ab2f1ba152571f394f41ed8bae431ea56ced93050?s=96&d=mm&r=g\",\"contentUrl\":\"https:\\\/\\\/secure.gravatar.com\\\/avatar\\\/909c5c71aff4b38e88686f2ab2f1ba152571f394f41ed8bae431ea56ced93050?s=96&d=mm&r=g\",\"caption\":\"Dzana Muminovic\"},\"url\":\"https:\\\/\\\/www.organisator.ch\\\/it\\\/author\\\/dzana-muminovic\\\/\"}]}<\/script>\n<!-- \/ Yoast SEO plugin. -->","yoast_head_json":{"title":"Hans J\u00fcrg Domenig diventa il nuovo presidente del CHDU - Organizzatore","description":"I membri del CHDU hanno eletto all'unanimit\u00e0 Hans J\u00fcrg Domenig come successore del presidente uscente Giacomo Garaventa.","robots":{"index":"index","follow":"follow","max-snippet":"max-snippet:-1","max-image-preview":"max-image-preview:large","max-video-preview":"max-video-preview:-1"},"canonical":"https:\/\/www.organisator.ch\/it\/gestione-2\/2024-09-27\/hans-juerg-domenig-wird-neuer-praesident-des-chdu\/","og_locale":"it_IT","og_type":"article","og_title":"Hans J\u00fcrg Domenig wird neuer Pr\u00e4sident des CHDU","og_description":"Einstimmig haben die Mitglieder des CHDU Hans J\u00fcrg Domenig zum Nachfolger des abtretenden Pr\u00e4sidenten Giacomo Garaventa gew\u00e4hlt.","og_url":"https:\/\/www.organisator.ch\/it\/gestione-2\/2024-09-27\/hans-juerg-domenig-wird-neuer-praesident-des-chdu\/","og_site_name":"Organisator","article_publisher":"https:\/\/www.facebook.com\/OrganisatorFachmagazin","article_published_time":"2024-09-27T11:00:34+00:00","og_image":[{"width":680,"height":467,"url":"https:\/\/www.organisator.ch\/wp-content\/uploads\/2024\/09\/CHDU-Praesident_Bild1_ps.jpg","type":"image\/jpeg"}],"author":"Dzana Muminovic","twitter_card":"summary_large_image","twitter_title":"Hans J\u00fcrg Domenig wird neuer Pr\u00e4sident des CHDU","twitter_description":"Einstimmig haben die Mitglieder des #CHDU #Hans #J\u00fcrg #Domenig zum #Nachfolger des abtretenden Pr\u00e4sidenten Giacomo Garaventa gew\u00e4hlt.","twitter_image":"https:\/\/www.organisator.ch\/wp-content\/uploads\/2024\/09\/CHDU-Praesident_Bild1_ps.jpg","schema":{"@context":"https:\/\/schema.org","@graph":[{"@type":"Article","@id":"https:\/\/www.organisator.ch\/management\/2024-09-27\/hans-juerg-domenig-wird-neuer-praesident-des-chdu\/#article","isPartOf":{"@id":"https:\/\/www.organisator.ch\/management\/2024-09-27\/hans-juerg-domenig-wird-neuer-praesident-des-chdu\/"},"author":{"name":"Dzana Muminovic","@id":"https:\/\/www.organisator.ch\/#\/schema\/person\/afccda3a71c06d4be2ed9100dd163db7"},"headline":"Hans J\u00fcrg Domenig wird neuer Pr\u00e4sident des CHDU","datePublished":"2024-09-27T11:00:34+00:00","mainEntityOfPage":{"@id":"https:\/\/www.organisator.ch\/management\/2024-09-27\/hans-juerg-domenig-wird-neuer-praesident-des-chdu\/"},"wordCount":333,"publisher":{"@id":"https:\/\/www.organisator.ch\/#organization"},"image":{"@id":"https:\/\/www.organisator.ch\/management\/2024-09-27\/hans-juerg-domenig-wird-neuer-praesident-des-chdu\/#primaryimage"},"thumbnailUrl":"https:\/\/www.organisator.ch\/wp-content\/uploads\/2024\/09\/CHDU-Praesident_Bild1_ps.jpg","keywords":["KMU","Management und Unternehmensf\u00fchrung","Nachfolge","Unternehmen","Verband"],"articleSection":["MANAGEMENT"],"inLanguage":"it-IT"},{"@type":"WebPage","@id":"https:\/\/www.organisator.ch\/management\/2024-09-27\/hans-juerg-domenig-wird-neuer-praesident-des-chdu\/","url":"https:\/\/www.organisator.ch\/management\/2024-09-27\/hans-juerg-domenig-wird-neuer-praesident-des-chdu\/","name":"Hans J\u00fcrg Domenig diventa il nuovo presidente del CHDU - Organizzatore","isPartOf":{"@id":"https:\/\/www.organisator.ch\/#website"},"primaryImageOfPage":{"@id":"https:\/\/www.organisator.ch\/management\/2024-09-27\/hans-juerg-domenig-wird-neuer-praesident-des-chdu\/#primaryimage"},"image":{"@id":"https:\/\/www.organisator.ch\/management\/2024-09-27\/hans-juerg-domenig-wird-neuer-praesident-des-chdu\/#primaryimage"},"thumbnailUrl":"https:\/\/www.organisator.ch\/wp-content\/uploads\/2024\/09\/CHDU-Praesident_Bild1_ps.jpg","datePublished":"2024-09-27T11:00:34+00:00","description":"I membri del CHDU hanno eletto all'unanimit\u00e0 Hans J\u00fcrg Domenig come successore del presidente uscente Giacomo Garaventa.","breadcrumb":{"@id":"https:\/\/www.organisator.ch\/management\/2024-09-27\/hans-juerg-domenig-wird-neuer-praesident-des-chdu\/#breadcrumb"},"inLanguage":"it-IT","potentialAction":[{"@type":"ReadAction","target":["https:\/\/www.organisator.ch\/management\/2024-09-27\/hans-juerg-domenig-wird-neuer-praesident-des-chdu\/"]}]},{"@type":"ImageObject","inLanguage":"it-IT","@id":"https:\/\/www.organisator.ch\/management\/2024-09-27\/hans-juerg-domenig-wird-neuer-praesident-des-chdu\/#primaryimage","url":"https:\/\/www.organisator.ch\/wp-content\/uploads\/2024\/09\/CHDU-Praesident_Bild1_ps.jpg","contentUrl":"https:\/\/www.organisator.ch\/wp-content\/uploads\/2024\/09\/CHDU-Praesident_Bild1_ps.jpg","width":680,"height":467,"caption":"Hans J\u00fcrg Domenig geh\u00f6rt zu den Gr\u00fcndungsmitgliedern des Verbands. (Bild: www.chdu.ch)"},{"@type":"BreadcrumbList","@id":"https:\/\/www.organisator.ch\/management\/2024-09-27\/hans-juerg-domenig-wird-neuer-praesident-des-chdu\/#breadcrumb","itemListElement":[{"@type":"ListItem","position":1,"name":"Home","item":"https:\/\/www.organisator.ch\/"},{"@type":"ListItem","position":2,"name":"Hans J\u00fcrg Domenig wird neuer Pr\u00e4sident des CHDU"}]},{"@type":"WebSite","@id":"https:\/\/www.organisator.ch\/#website","url":"https:\/\/www.organisator.ch\/","name":"Organizzatore","description":"Competente. Pratico. In 10 numeri all'anno, ORGANISATOR presenta i temi essenziali per i manager delle PMI.","publisher":{"@id":"https:\/\/www.organisator.ch\/#organization"},"potentialAction":[{"@type":"SearchAction","target":{"@type":"EntryPoint","urlTemplate":"https:\/\/www.organisator.ch\/?s={search_term_string}"},"query-input":{"@type":"PropertyValueSpecification","valueRequired":true,"valueName":"search_term_string"}}],"inLanguage":"it-IT"},{"@type":"Organization","@id":"https:\/\/www.organisator.ch\/#organization","name":"Organizzatore","url":"https:\/\/www.organisator.ch\/","logo":{"@type":"ImageObject","inLanguage":"it-IT","@id":"https:\/\/www.organisator.ch\/#\/schema\/logo\/image\/","url":"https:\/\/www.organisator.ch\/wp-content\/uploads\/2022\/01\/Logo_Organisator_Website.png","contentUrl":"https:\/\/www.organisator.ch\/wp-content\/uploads\/2022\/01\/Logo_Organisator_Website.png","width":800,"height":77,"caption":"Organisator"},"image":{"@id":"https:\/\/www.organisator.ch\/#\/schema\/logo\/image\/"},"sameAs":["https:\/\/www.facebook.com\/OrganisatorFachmagazin","https:\/\/www.linkedin.com\/showcase\/organisator-das-magazin-fr-kmu","https:\/\/www.xing.com\/news\/pages\/organisator-ch-695","https:\/\/www.youtube.com\/channel\/UCGP2Sq0iWaZwT3BdIAQFYpw"]},{"@type":"Person","@id":"https:\/\/www.organisator.ch\/#\/schema\/person\/afccda3a71c06d4be2ed9100dd163db7","name":"Dzana Muminovic","image":{"@type":"ImageObject","inLanguage":"it-IT","@id":"https:\/\/secure.gravatar.com\/avatar\/909c5c71aff4b38e88686f2ab2f1ba152571f394f41ed8bae431ea56ced93050?s=96&d=mm&r=g","url":"https:\/\/secure.gravatar.com\/avatar\/909c5c71aff4b38e88686f2ab2f1ba152571f394f41ed8bae431ea56ced93050?s=96&d=mm&r=g","contentUrl":"https:\/\/secure.gravatar.com\/avatar\/909c5c71aff4b38e88686f2ab2f1ba152571f394f41ed8bae431ea56ced93050?s=96&d=mm&r=g","caption":"Dzana Muminovic"},"url":"https:\/\/www.organisator.ch\/it\/author\/dzana-muminovic\/"}]}},"_links":{"self":[{"href":"https:\/\/www.organisator.ch\/it\/wp-json\/wp\/v2\/posts\/30177","targetHints":{"allow":["GET"]}}],"collection":[{"href":"https:\/\/www.organisator.ch\/it\/wp-json\/wp\/v2\/posts"}],"about":[{"href":"https:\/\/www.organisator.ch\/it\/wp-json\/wp\/v2\/types\/post"}],"author":[{"embeddable":true,"href":"https:\/\/www.organisator.ch\/it\/wp-json\/wp\/v2\/users\/80"}],"replies":[{"embeddable":true,"href":"https:\/\/www.organisator.ch\/it\/wp-json\/wp\/v2\/comments?post=30177"}],"version-history":[{"count":4,"href":"https:\/\/www.organisator.ch\/it\/wp-json\/wp\/v2\/posts\/30177\/revisions"}],"predecessor-version":[{"id":30233,"href":"https:\/\/www.organisator.ch\/it\/wp-json\/wp\/v2\/posts\/30177\/revisions\/30233"}],"wp:featuredmedia":[{"embeddable":true,"href":"https:\/\/www.organisator.ch\/it\/wp-json\/wp\/v2\/media\/30178"}],"wp:attachment":[{"href":"https:\/\/www.organisator.ch\/it\/wp-json\/wp\/v2\/media?parent=30177"}],"wp:term":[{"taxonomy":"category","embeddable":true,"href":"https:\/\/www.organisator.ch\/it\/wp-json\/wp\/v2\/categories?post=30177"},{"taxonomy":"post_tag","embeddable":true,"href":"https:\/\/www.organisator.ch\/it\/wp-json\/wp\/v2\/tags?post=30177"}],"curies":[{"name":"wp","href":"https:\/\/api.w.org\/{rel}","templated":true}]}}