{"id":30225,"date":"2024-09-30T07:05:53","date_gmt":"2024-09-30T05:05:53","guid":{"rendered":"https:\/\/www.m-q.ch\/?p=20425"},"modified":"2024-11-08T06:22:03","modified_gmt":"2024-11-08T05:22:03","slug":"vbsf-fachtagung-2025-brandschutz-trifft-arbeitssicherheit","status":"publish","type":"post","link":"https:\/\/www.organisator.ch\/it\/operational-excellence\/2024-09-30\/vbsf-fachtagung-2025-brandschutz-trifft-arbeitssicherheit\/","title":{"rendered":"Simposio VBSF 2025: la protezione antincendio incontra la sicurezza sul lavoro"},"content":{"rendered":"<figure id=\"attachment_20431\" class=\"wp-caption alignnone\" style=\"width: 680px\" aria-describedby=\"caption-attachment-20431\"><img class=\"alignnone wp-image-20431 size-full\" src=\"https:\/\/www.m-q.ch\/wp-content\/uploads\/2024\/09\/VBSF-Fachtagung_Bild1_ps.jpg\" alt=\"Simposio VBSF 2025\" width=\"680\" height=\"314\" \/>\r\n<figcaption id=\"caption-attachment-20431\" class=\"wp-caption-text\">Esperti di protezione antincendio e responsabili della sicurezza sul lavoro si incontrano al simposio VBSF 2025. (Immagine: www.vbsf.ch)<\/figcaption>\r\n<\/figure>\r\n<p>La sicurezza sul lavoro e la protezione antincendio si occupano spesso di questioni simili, ma con obiettivi spesso contrastanti. \u00c8 quindi opportuno che gli esperti di sicurezza antincendio e i responsabili della sicurezza sul lavoro si scambino regolarmente informazioni e sviluppino insieme soluzioni.<\/p>\r\n<p>Lo fanno in organizzazioni come la VBSF, l'Associazione svizzera dei professionisti della protezione antincendio e della sicurezza. Tra i suoi membri ci sono molti specialisti della protezione antincendio e molti esperti di sicurezza sul lavoro.<\/p>\r\n<h3><strong>La protezione antincendio incontra la sicurezza sul lavoro<\/strong><\/h3>\r\n<p>Sar\u00e0 esattamente cos\u00ec il 20 marzo 2025 al KKL di Lucerna. L\u00ec si terr\u00e0 la Conferenza VBSF 2025, rivolta a tutti coloro che sono interessati alla protezione antincendio e alla sicurezza sul lavoro, indipendentemente dal fatto che siano o meno membri della VBSF.<\/p>\r\n<p>I partecipanti potranno assistere a un totale di dieci conferenze, ciascuna della durata di 30-60 minuti, e a due workshop della durata di 90 e 120 minuti. Tutte le presentazioni e un workshop saranno bilingue e tradotti dal tedesco al francese. La partecipazione prevede anche crediti di formazione continua: Swiss Safety Center AG riconosce l'evento come una giornata di formazione continua per gli specialisti della protezione antincendio ISO 17024. La VKF riconosce il simposio VBSF come 1 giorno di formazione continua. I punti di formazione continua per il percorso di sicurezza sul lavoro sono stati richiesti alla SGAS.<\/p>\r\n<h3><strong>Tracciare la sicurezza sul lavoro<\/strong><\/h3>\r\n<p>La Conferenza VBSF 2025 \u00e8 suddivisa in due percorsi tematici paralleli. I partecipanti possono scegliere quali presentazioni parallele desiderano seguire.<\/p>\r\n<p>Il percorso sulla sicurezza sul lavoro inizia con un workshop sugli strumenti digitali per la sicurezza sul lavoro e la tutela della salute. I requisiti per le misure di salute e sicurezza sul lavoro sono in costante aumento, soprattutto per quanto riguarda la documentazione. Gli strumenti digitali sono ideali per mantenere una visione d'insieme e la certezza del diritto. Marco Lobsiger, amministratore delegato di Lobsiger &amp; Partner GmbH, illustrer\u00e0 ai partecipanti vari scenari per mostrare come tali strumenti possano supportare i responsabili della sicurezza.<\/p>\r\n<p>Le seguenti lezioni trattano argomenti quali<\/p>\r\n<ul>\r\n\t<li><strong>Nozioni di primo soccorso in azienda<\/strong>Ogni azienda ha bisogno di un concetto di primo soccorso e cosa deve essere pensato e incluso? Quali sono le differenze tra questi concetti per le aziende pi\u00f9 piccole e per quelle pi\u00f9 grandi? (Bruno Ducceschi, Vicepresidente dell'Associazione svizzera per il pronto soccorso aziendale)<\/li>\r\n\t<li><strong>Linee guida di laboratorio e sostanze pericolose - esempi di applicazione pratica<\/strong>La lezione presenta esempi attuali di applicazione pratica della linea guida EKAS per i laboratori. Vengono delineate le domande pi\u00f9 comuni che un progetto si trova ad affrontare, vengono spiegati gli articoli corrispondenti della direttiva e vengono presentate le risposte trovate nei progetti. (Thomas Plattner, Ingegnere della sicurezza EigV, Project Manager e Partner RISAM AG)<\/li>\r\n\t<li><strong>Sostanze CMR - cancerogene, mutagene e tossiche per la riproduzione:<\/strong> Le sostanze CMR sono spesso sottovalutate, in quanto i dipendenti colpiti possono essere esposti per lungo tempo senza causare malattie. Perch\u00e9 le sostanze CMR sono pericolose, come riconoscerle e dove trovare informazioni per proteggere i dipendenti? (Andrea Zemp, consulente AS &amp; GS e IRM, Centro Svizzero per la Sicurezza AG)<\/li>\r\n\t<li><strong>Piccole quantit\u00e0 di solventi:<\/strong> I solventi sono presenti in molte aziende: dove superano il limite delle quantit\u00e0 de minimis e come devono gestirli le aziende che si trovano al di sotto di tale limite? (Felix Gell, consulente e proprietario di Gsell Sicherheit GmbH)<\/li>\r\n\t<li><strong>Sistemi di primo soccorso in Svizzera: <\/strong>Sempre pi\u00f9 cantoni in Svizzera dispongono di sistemi di primo soccorso. L'obiettivo \u00e8 quello di essere in grado di prestare i primi soccorsi in modo pi\u00f9 rapido e quindi pi\u00f9 efficace in caso di emergenza medica. Quali sono i diversi approcci e come si pu\u00f2 partecipare? (Roman Burkart, direttore dell'Interverband f\u00fcr Rettungswesen IVR e presidente dello Swiss Resuscitation Council SRC)<\/li>\r\n<\/ul>\r\n<h3><strong>Protezione antincendio su binari<\/strong><\/h3>\r\n<p>Anche la traccia sulla protezione antincendio affronta argomenti e questioni attuali e talvolta complesse - e anche questa traccia include un workshop: per circa 120 minuti, i partecipanti pianificano vari compiti pratici, tra cui SHEVS con problemi speciali o facciate con benefici aggiuntivi per impianti fotovoltaici o verde. Nei workshop sulla pianificazione della protezione antincendio, organizzati da Christian Kohler e Alois Sch\u00e4lin (AFC Academy \/ AFC Air Flow Consulting AG), i partecipanti lavoreranno su progetti campione sotto guida e con discussione e presentazione dei piani.<\/p>\r\n<p>Le altre presentazioni della sezione antincendio tratteranno i seguenti argomenti:<\/p>\r\n<ul>\r\n\t<li><strong>Come funzionano i sistemi di allarme antincendio e i sistemi di evacuazione tecnica?<\/strong> La presentazione descrive le basi dell'interazione, mostra le soluzioni precedenti e le possibilit\u00e0 per il futuro e discute i vantaggi delle soluzioni tecniche di evacuazione. (Kurt Girschweiler, responsabile della linea di prodotti Fire, Siemens Schweiz AG)<\/li>\r\n\t<li><strong>Protezione antincendio per i veicoli elettrici negli edifici:<\/strong> La causa della discussione sul rischio, i confronti tecnici tra i veicoli e i loro rischi, l'influenza del carico, la posizione dell'installazione, la prevenzione e la lotta antincendio e lo scopo delle simulazioni: questa presentazione affronta tutti questi argomenti. (Mario Venturini, esperto di protezione antincendio e amministratore delegato di Sintegral.ch GmbH)<\/li>\r\n\t<li><strong>Incendi di veicoli elettrici nei parcheggi (sotterranei):<\/strong> Cosa fanno i vigili del fuoco quando un veicolo elettrico prende fuoco in un garage (sotterraneo) e come si differenzia da un incendio che coinvolge un veicolo ad alimentazione tradizionale? E: come pu\u00f2 un'azienda svolgere al meglio il lavoro di preparazione per i vigili del fuoco? (Jan Bauke, responsabile della formazione FWZS, vicecomandante FW, Protezione e soccorso di Zurigo)<\/li>\r\n\t<li><strong>Rischio di incendio per i sistemi di stoccaggio domestici: sfide e strategie di prevenzione<\/strong>Il numero di impianti fotovoltaici e dei relativi sistemi di accumulo domestici \u00e8 in rapido aumento. Questo sviluppo aumenta anche il potenziale rischio di incendio, che \u00e8 rilevante anche per le aziende. In questa presentazione verranno evidenziati i rischi e discusse le possibili misure di prevenzione. (Marion Meinert, Professore di Sicurezza e Protezione, Universit\u00e0 di Furtwangen)<\/li>\r\n<\/ul>\r\n<h3><strong>Sicurezza sul lavoro e protezione antincendio al KKL di Lucerna<\/strong><\/h3>\r\n<p>I due percorsi si ricongiungono alla fine, quando J\u00fcrg Sch\u00e4r (responsabile degli edifici e della sicurezza del KKL Luzern) parla di sicurezza sul lavoro e protezione antincendio nella sede della Conferenza VBSF 2025. Il KKL di Lucerna ospita concerti, congressi, un museo, catering e mostre, il che significa che diverse persone sono qui in momenti diversi. Come sono organizzate la sicurezza sul lavoro e la protezione antincendio al KKL di Lucerna e cosa \u00e8 importante?<\/p>\r\n<h3><strong>Mostra di accompagnamento e Assemblea Generale VBSF 2025<\/strong><\/h3>\r\n<p>Durante la Conferenza VBSF 2025 ci sar\u00e0 anche una mostra di accompagnamento, dove fino a 16 espositori presenteranno i loro prodotti e servizi durante le pause.  Dopo la Conferenza VBSF 2025, la 47a Assemblea Generale VBSF avr\u00e0 luogo a partire dalle 16.50, seguita da un aperitivo, al quale sono ovviamente ammessi solo i membri VBSF.<\/p>\r\n<p>La VBSF Conference 2025 \u00e8 organizzata da bentomedia GmbH e dalla piattaforma online safety-security.ch e sostenuta da diversi sponsor: Siemens Schweiz AG \u00e8 sponsor d'oro, mentre AFC Academy, CSF Wunderle GmbH e Lobisger &amp; Partner GmbH con l'applicazione web safely sono sponsor d'argento.<\/p>\r\n<p><em>Fonte: <a href=\"http:\/\/www.vbsf.ch\/\">www.vbsf.ch<\/a><\/em><\/p>\n<p class=\"syndicated-attribution\">Questo articolo \u00e8 apparso originariamente su m-q.ch - <a href=\"https:\/\/www.m-q.ch\/de\/vbsf-fachtagung-2025-brandschutz-trifft-arbeitssicherheit\/\" target=\"_blank\">https:\/\/www.m-q.ch\/de\/vbsf-fachtagung-2025-brandschutz-trifft-arbeitssicherheit\/<\/a><\/p>","protected":false},"excerpt":{"rendered":"<p>Il 20 marzo 2025, presso il KKL di Lucerna, si terr\u00e0 un incontro di settore: Durante la VBSF Conference 2025 si incontreranno esperti di protezione antincendio e responsabili della sicurezza sul lavoro. La conferenza sar\u00e0 suddivisa in due percorsi tematici paralleli, con un totale di dieci presentazioni, due workshop e una mostra di accompagnamento.<\/p>","protected":false},"author":80,"featured_media":0,"comment_status":"closed","ping_status":"closed","sticky":false,"template":"","format":"standard","meta":{"_acf_changed":false,"_yoast_wpseo_focuskw":"VBSF-Fachtagung 2025","_yoast_wpseo_metadesc":"VBSF-Fachtagung 2025 in Luzern: Brandschutz- und Arbeitssicherheits-Experten treffen sich zur Diskussion und Weiterbildung.","articlekey":"","footnotes":""},"categories":[582],"tags":[53,871,1150,418,518],"class_list":["post-30225","post","type-post","status-publish","format-standard","hentry","category-operational-excellence","tag-arbeitssicherheit","tag-brandschutz","tag-fachtagung","tag-risikomanagement","tag-weiterbildung"],"acf":[],"yoast_head":"<!-- This site is optimized with the Yoast SEO plugin v27.5 - https:\/\/yoast.com\/product\/yoast-seo-wordpress\/ -->\n<title>VBSF-Fachtagung 2025: Brandschutz trifft Arbeitssicherheit - Organisator<\/title>\n<meta name=\"description\" content=\"VBSF-Fachtagung 2025 in Luzern: Brandschutz- und Arbeitssicherheits-Experten treffen sich zur Diskussion und Weiterbildung.\" \/>\n<meta name=\"robots\" content=\"index, follow, max-snippet:-1, max-image-preview:large, max-video-preview:-1\" \/>\n<link rel=\"canonical\" href=\"https:\/\/www.organisator.ch\/it\/eccellenza-operativa\/2024-09-30\/vbsf-fachtagung-2025-brandschutz-trifft-arbeitssicherheit\/\" \/>\n<meta property=\"og:locale\" content=\"it_IT\" \/>\n<meta property=\"og:type\" content=\"article\" \/>\n<meta property=\"og:title\" content=\"VBSF-Fachtagung 2025: Brandschutz trifft Arbeitssicherheit - Organisator\" \/>\n<meta property=\"og:description\" content=\"VBSF-Fachtagung 2025 in Luzern: Brandschutz- und Arbeitssicherheits-Experten treffen sich zur Diskussion und Weiterbildung.\" \/>\n<meta property=\"og:url\" content=\"https:\/\/www.organisator.ch\/it\/eccellenza-operativa\/2024-09-30\/vbsf-fachtagung-2025-brandschutz-trifft-arbeitssicherheit\/\" \/>\n<meta property=\"og:site_name\" content=\"Organisator\" \/>\n<meta property=\"article:publisher\" content=\"https:\/\/www.facebook.com\/OrganisatorFachmagazin\" \/>\n<meta property=\"article:published_time\" content=\"2024-09-30T05:05:53+00:00\" \/>\n<meta property=\"article:modified_time\" content=\"2024-11-08T05:22:03+00:00\" \/>\n<meta property=\"og:image\" content=\"https:\/\/www.m-q.ch\/wp-content\/uploads\/2024\/09\/VBSF-Fachtagung_Bild1_ps.jpg\" \/>\n<meta name=\"author\" content=\"Dzana Muminovic\" \/>\n<meta name=\"twitter:card\" content=\"summary_large_image\" \/>\n<script type=\"application\/ld+json\" class=\"yoast-schema-graph\">{\"@context\":\"https:\\\/\\\/schema.org\",\"@graph\":[{\"@type\":\"Article\",\"@id\":\"https:\\\/\\\/www.organisator.ch\\\/operational-excellence\\\/2024-09-30\\\/vbsf-fachtagung-2025-brandschutz-trifft-arbeitssicherheit\\\/#article\",\"isPartOf\":{\"@id\":\"https:\\\/\\\/www.organisator.ch\\\/operational-excellence\\\/2024-09-30\\\/vbsf-fachtagung-2025-brandschutz-trifft-arbeitssicherheit\\\/\"},\"author\":{\"name\":\"Dzana Muminovic\",\"@id\":\"https:\\\/\\\/www.organisator.ch\\\/#\\\/schema\\\/person\\\/afccda3a71c06d4be2ed9100dd163db7\"},\"headline\":\"VBSF-Fachtagung 2025: Brandschutz trifft Arbeitssicherheit\",\"datePublished\":\"2024-09-30T05:05:53+00:00\",\"dateModified\":\"2024-11-08T05:22:03+00:00\",\"mainEntityOfPage\":{\"@id\":\"https:\\\/\\\/www.organisator.ch\\\/operational-excellence\\\/2024-09-30\\\/vbsf-fachtagung-2025-brandschutz-trifft-arbeitssicherheit\\\/\"},\"wordCount\":1051,\"publisher\":{\"@id\":\"https:\\\/\\\/www.organisator.ch\\\/#organization\"},\"image\":{\"@id\":\"https:\\\/\\\/www.organisator.ch\\\/operational-excellence\\\/2024-09-30\\\/vbsf-fachtagung-2025-brandschutz-trifft-arbeitssicherheit\\\/#primaryimage\"},\"thumbnailUrl\":\"https:\\\/\\\/www.m-q.ch\\\/wp-content\\\/uploads\\\/2024\\\/09\\\/VBSF-Fachtagung_Bild1_ps.jpg\",\"keywords\":[\"Arbeitssicherheit\",\"Brandschutz\",\"Fachtagung\",\"Risikomanagement\",\"Weiterbildung\"],\"articleSection\":[\"OPERATIONAL EXCELLENCE\"],\"inLanguage\":\"it-IT\"},{\"@type\":\"WebPage\",\"@id\":\"https:\\\/\\\/www.organisator.ch\\\/operational-excellence\\\/2024-09-30\\\/vbsf-fachtagung-2025-brandschutz-trifft-arbeitssicherheit\\\/\",\"url\":\"https:\\\/\\\/www.organisator.ch\\\/operational-excellence\\\/2024-09-30\\\/vbsf-fachtagung-2025-brandschutz-trifft-arbeitssicherheit\\\/\",\"name\":\"VBSF-Fachtagung 2025: Brandschutz trifft Arbeitssicherheit - Organisator\",\"isPartOf\":{\"@id\":\"https:\\\/\\\/www.organisator.ch\\\/#website\"},\"primaryImageOfPage\":{\"@id\":\"https:\\\/\\\/www.organisator.ch\\\/operational-excellence\\\/2024-09-30\\\/vbsf-fachtagung-2025-brandschutz-trifft-arbeitssicherheit\\\/#primaryimage\"},\"image\":{\"@id\":\"https:\\\/\\\/www.organisator.ch\\\/operational-excellence\\\/2024-09-30\\\/vbsf-fachtagung-2025-brandschutz-trifft-arbeitssicherheit\\\/#primaryimage\"},\"thumbnailUrl\":\"https:\\\/\\\/www.m-q.ch\\\/wp-content\\\/uploads\\\/2024\\\/09\\\/VBSF-Fachtagung_Bild1_ps.jpg\",\"datePublished\":\"2024-09-30T05:05:53+00:00\",\"dateModified\":\"2024-11-08T05:22:03+00:00\",\"description\":\"VBSF-Fachtagung 2025 in Luzern: Brandschutz- und Arbeitssicherheits-Experten treffen sich zur Diskussion und Weiterbildung.\",\"breadcrumb\":{\"@id\":\"https:\\\/\\\/www.organisator.ch\\\/operational-excellence\\\/2024-09-30\\\/vbsf-fachtagung-2025-brandschutz-trifft-arbeitssicherheit\\\/#breadcrumb\"},\"inLanguage\":\"it-IT\",\"potentialAction\":[{\"@type\":\"ReadAction\",\"target\":[\"https:\\\/\\\/www.organisator.ch\\\/operational-excellence\\\/2024-09-30\\\/vbsf-fachtagung-2025-brandschutz-trifft-arbeitssicherheit\\\/\"]}]},{\"@type\":\"ImageObject\",\"inLanguage\":\"it-IT\",\"@id\":\"https:\\\/\\\/www.organisator.ch\\\/operational-excellence\\\/2024-09-30\\\/vbsf-fachtagung-2025-brandschutz-trifft-arbeitssicherheit\\\/#primaryimage\",\"url\":\"https:\\\/\\\/www.m-q.ch\\\/wp-content\\\/uploads\\\/2024\\\/09\\\/VBSF-Fachtagung_Bild1_ps.jpg\",\"contentUrl\":\"https:\\\/\\\/www.m-q.ch\\\/wp-content\\\/uploads\\\/2024\\\/09\\\/VBSF-Fachtagung_Bild1_ps.jpg\"},{\"@type\":\"BreadcrumbList\",\"@id\":\"https:\\\/\\\/www.organisator.ch\\\/operational-excellence\\\/2024-09-30\\\/vbsf-fachtagung-2025-brandschutz-trifft-arbeitssicherheit\\\/#breadcrumb\",\"itemListElement\":[{\"@type\":\"ListItem\",\"position\":1,\"name\":\"Home\",\"item\":\"https:\\\/\\\/www.organisator.ch\\\/\"},{\"@type\":\"ListItem\",\"position\":2,\"name\":\"VBSF-Fachtagung 2025: Brandschutz trifft Arbeitssicherheit\"}]},{\"@type\":\"WebSite\",\"@id\":\"https:\\\/\\\/www.organisator.ch\\\/#website\",\"url\":\"https:\\\/\\\/www.organisator.ch\\\/\",\"name\":\"Organisator\",\"description\":\"Kompetent. Praxisnah. Der ORGANISATOR bereitet in 10 Ausgaben pro Jahr die wesentlichen Themen f\u00fcr F\u00fchrungskr\u00e4fte von KMU auf.\",\"publisher\":{\"@id\":\"https:\\\/\\\/www.organisator.ch\\\/#organization\"},\"potentialAction\":[{\"@type\":\"SearchAction\",\"target\":{\"@type\":\"EntryPoint\",\"urlTemplate\":\"https:\\\/\\\/www.organisator.ch\\\/?s={search_term_string}\"},\"query-input\":{\"@type\":\"PropertyValueSpecification\",\"valueRequired\":true,\"valueName\":\"search_term_string\"}}],\"inLanguage\":\"it-IT\"},{\"@type\":\"Organization\",\"@id\":\"https:\\\/\\\/www.organisator.ch\\\/#organization\",\"name\":\"Organisator\",\"url\":\"https:\\\/\\\/www.organisator.ch\\\/\",\"logo\":{\"@type\":\"ImageObject\",\"inLanguage\":\"it-IT\",\"@id\":\"https:\\\/\\\/www.organisator.ch\\\/#\\\/schema\\\/logo\\\/image\\\/\",\"url\":\"https:\\\/\\\/www.organisator.ch\\\/wp-content\\\/uploads\\\/2022\\\/01\\\/Logo_Organisator_Website.png\",\"contentUrl\":\"https:\\\/\\\/www.organisator.ch\\\/wp-content\\\/uploads\\\/2022\\\/01\\\/Logo_Organisator_Website.png\",\"width\":800,\"height\":77,\"caption\":\"Organisator\"},\"image\":{\"@id\":\"https:\\\/\\\/www.organisator.ch\\\/#\\\/schema\\\/logo\\\/image\\\/\"},\"sameAs\":[\"https:\\\/\\\/www.facebook.com\\\/OrganisatorFachmagazin\",\"https:\\\/\\\/www.linkedin.com\\\/showcase\\\/organisator-das-magazin-fr-kmu\",\"https:\\\/\\\/www.xing.com\\\/news\\\/pages\\\/organisator-ch-695\",\"https:\\\/\\\/www.youtube.com\\\/channel\\\/UCGP2Sq0iWaZwT3BdIAQFYpw\"]},{\"@type\":\"Person\",\"@id\":\"https:\\\/\\\/www.organisator.ch\\\/#\\\/schema\\\/person\\\/afccda3a71c06d4be2ed9100dd163db7\",\"name\":\"Dzana Muminovic\",\"image\":{\"@type\":\"ImageObject\",\"inLanguage\":\"it-IT\",\"@id\":\"https:\\\/\\\/secure.gravatar.com\\\/avatar\\\/909c5c71aff4b38e88686f2ab2f1ba152571f394f41ed8bae431ea56ced93050?s=96&d=mm&r=g\",\"url\":\"https:\\\/\\\/secure.gravatar.com\\\/avatar\\\/909c5c71aff4b38e88686f2ab2f1ba152571f394f41ed8bae431ea56ced93050?s=96&d=mm&r=g\",\"contentUrl\":\"https:\\\/\\\/secure.gravatar.com\\\/avatar\\\/909c5c71aff4b38e88686f2ab2f1ba152571f394f41ed8bae431ea56ced93050?s=96&d=mm&r=g\",\"caption\":\"Dzana Muminovic\"},\"url\":\"https:\\\/\\\/www.organisator.ch\\\/it\\\/author\\\/dzana-muminovic\\\/\"}]}<\/script>\n<!-- \/ Yoast SEO plugin. -->","yoast_head_json":{"title":"Conferenza VBSF 2025: La protezione antincendio incontra la sicurezza sul lavoro - Organizzatore","description":"Conferenza VBSF 2025 a Lucerna: esperti di protezione antincendio e sicurezza sul lavoro si incontrano per discutere e formarsi.","robots":{"index":"index","follow":"follow","max-snippet":"max-snippet:-1","max-image-preview":"max-image-preview:large","max-video-preview":"max-video-preview:-1"},"canonical":"https:\/\/www.organisator.ch\/it\/eccellenza-operativa\/2024-09-30\/vbsf-fachtagung-2025-brandschutz-trifft-arbeitssicherheit\/","og_locale":"it_IT","og_type":"article","og_title":"VBSF-Fachtagung 2025: Brandschutz trifft Arbeitssicherheit - Organisator","og_description":"VBSF-Fachtagung 2025 in Luzern: Brandschutz- und Arbeitssicherheits-Experten treffen sich zur Diskussion und Weiterbildung.","og_url":"https:\/\/www.organisator.ch\/it\/eccellenza-operativa\/2024-09-30\/vbsf-fachtagung-2025-brandschutz-trifft-arbeitssicherheit\/","og_site_name":"Organisator","article_publisher":"https:\/\/www.facebook.com\/OrganisatorFachmagazin","article_published_time":"2024-09-30T05:05:53+00:00","article_modified_time":"2024-11-08T05:22:03+00:00","og_image":[{"url":"https:\/\/www.m-q.ch\/wp-content\/uploads\/2024\/09\/VBSF-Fachtagung_Bild1_ps.jpg","type":"","width":"","height":""}],"author":"Dzana Muminovic","twitter_card":"summary_large_image","schema":{"@context":"https:\/\/schema.org","@graph":[{"@type":"Article","@id":"https:\/\/www.organisator.ch\/operational-excellence\/2024-09-30\/vbsf-fachtagung-2025-brandschutz-trifft-arbeitssicherheit\/#article","isPartOf":{"@id":"https:\/\/www.organisator.ch\/operational-excellence\/2024-09-30\/vbsf-fachtagung-2025-brandschutz-trifft-arbeitssicherheit\/"},"author":{"name":"Dzana Muminovic","@id":"https:\/\/www.organisator.ch\/#\/schema\/person\/afccda3a71c06d4be2ed9100dd163db7"},"headline":"VBSF-Fachtagung 2025: Brandschutz trifft Arbeitssicherheit","datePublished":"2024-09-30T05:05:53+00:00","dateModified":"2024-11-08T05:22:03+00:00","mainEntityOfPage":{"@id":"https:\/\/www.organisator.ch\/operational-excellence\/2024-09-30\/vbsf-fachtagung-2025-brandschutz-trifft-arbeitssicherheit\/"},"wordCount":1051,"publisher":{"@id":"https:\/\/www.organisator.ch\/#organization"},"image":{"@id":"https:\/\/www.organisator.ch\/operational-excellence\/2024-09-30\/vbsf-fachtagung-2025-brandschutz-trifft-arbeitssicherheit\/#primaryimage"},"thumbnailUrl":"https:\/\/www.m-q.ch\/wp-content\/uploads\/2024\/09\/VBSF-Fachtagung_Bild1_ps.jpg","keywords":["Arbeitssicherheit","Brandschutz","Fachtagung","Risikomanagement","Weiterbildung"],"articleSection":["OPERATIONAL EXCELLENCE"],"inLanguage":"it-IT"},{"@type":"WebPage","@id":"https:\/\/www.organisator.ch\/operational-excellence\/2024-09-30\/vbsf-fachtagung-2025-brandschutz-trifft-arbeitssicherheit\/","url":"https:\/\/www.organisator.ch\/operational-excellence\/2024-09-30\/vbsf-fachtagung-2025-brandschutz-trifft-arbeitssicherheit\/","name":"Conferenza VBSF 2025: La protezione antincendio incontra la sicurezza sul lavoro - Organizzatore","isPartOf":{"@id":"https:\/\/www.organisator.ch\/#website"},"primaryImageOfPage":{"@id":"https:\/\/www.organisator.ch\/operational-excellence\/2024-09-30\/vbsf-fachtagung-2025-brandschutz-trifft-arbeitssicherheit\/#primaryimage"},"image":{"@id":"https:\/\/www.organisator.ch\/operational-excellence\/2024-09-30\/vbsf-fachtagung-2025-brandschutz-trifft-arbeitssicherheit\/#primaryimage"},"thumbnailUrl":"https:\/\/www.m-q.ch\/wp-content\/uploads\/2024\/09\/VBSF-Fachtagung_Bild1_ps.jpg","datePublished":"2024-09-30T05:05:53+00:00","dateModified":"2024-11-08T05:22:03+00:00","description":"Conferenza VBSF 2025 a Lucerna: esperti di protezione antincendio e sicurezza sul lavoro si incontrano per discutere e formarsi.","breadcrumb":{"@id":"https:\/\/www.organisator.ch\/operational-excellence\/2024-09-30\/vbsf-fachtagung-2025-brandschutz-trifft-arbeitssicherheit\/#breadcrumb"},"inLanguage":"it-IT","potentialAction":[{"@type":"ReadAction","target":["https:\/\/www.organisator.ch\/operational-excellence\/2024-09-30\/vbsf-fachtagung-2025-brandschutz-trifft-arbeitssicherheit\/"]}]},{"@type":"ImageObject","inLanguage":"it-IT","@id":"https:\/\/www.organisator.ch\/operational-excellence\/2024-09-30\/vbsf-fachtagung-2025-brandschutz-trifft-arbeitssicherheit\/#primaryimage","url":"https:\/\/www.m-q.ch\/wp-content\/uploads\/2024\/09\/VBSF-Fachtagung_Bild1_ps.jpg","contentUrl":"https:\/\/www.m-q.ch\/wp-content\/uploads\/2024\/09\/VBSF-Fachtagung_Bild1_ps.jpg"},{"@type":"BreadcrumbList","@id":"https:\/\/www.organisator.ch\/operational-excellence\/2024-09-30\/vbsf-fachtagung-2025-brandschutz-trifft-arbeitssicherheit\/#breadcrumb","itemListElement":[{"@type":"ListItem","position":1,"name":"Home","item":"https:\/\/www.organisator.ch\/"},{"@type":"ListItem","position":2,"name":"VBSF-Fachtagung 2025: Brandschutz trifft Arbeitssicherheit"}]},{"@type":"WebSite","@id":"https:\/\/www.organisator.ch\/#website","url":"https:\/\/www.organisator.ch\/","name":"Organizzatore","description":"Competente. Pratico. In 10 numeri all'anno, ORGANISATOR presenta i temi essenziali per i manager delle PMI.","publisher":{"@id":"https:\/\/www.organisator.ch\/#organization"},"potentialAction":[{"@type":"SearchAction","target":{"@type":"EntryPoint","urlTemplate":"https:\/\/www.organisator.ch\/?s={search_term_string}"},"query-input":{"@type":"PropertyValueSpecification","valueRequired":true,"valueName":"search_term_string"}}],"inLanguage":"it-IT"},{"@type":"Organization","@id":"https:\/\/www.organisator.ch\/#organization","name":"Organizzatore","url":"https:\/\/www.organisator.ch\/","logo":{"@type":"ImageObject","inLanguage":"it-IT","@id":"https:\/\/www.organisator.ch\/#\/schema\/logo\/image\/","url":"https:\/\/www.organisator.ch\/wp-content\/uploads\/2022\/01\/Logo_Organisator_Website.png","contentUrl":"https:\/\/www.organisator.ch\/wp-content\/uploads\/2022\/01\/Logo_Organisator_Website.png","width":800,"height":77,"caption":"Organisator"},"image":{"@id":"https:\/\/www.organisator.ch\/#\/schema\/logo\/image\/"},"sameAs":["https:\/\/www.facebook.com\/OrganisatorFachmagazin","https:\/\/www.linkedin.com\/showcase\/organisator-das-magazin-fr-kmu","https:\/\/www.xing.com\/news\/pages\/organisator-ch-695","https:\/\/www.youtube.com\/channel\/UCGP2Sq0iWaZwT3BdIAQFYpw"]},{"@type":"Person","@id":"https:\/\/www.organisator.ch\/#\/schema\/person\/afccda3a71c06d4be2ed9100dd163db7","name":"Dzana Muminovic","image":{"@type":"ImageObject","inLanguage":"it-IT","@id":"https:\/\/secure.gravatar.com\/avatar\/909c5c71aff4b38e88686f2ab2f1ba152571f394f41ed8bae431ea56ced93050?s=96&d=mm&r=g","url":"https:\/\/secure.gravatar.com\/avatar\/909c5c71aff4b38e88686f2ab2f1ba152571f394f41ed8bae431ea56ced93050?s=96&d=mm&r=g","contentUrl":"https:\/\/secure.gravatar.com\/avatar\/909c5c71aff4b38e88686f2ab2f1ba152571f394f41ed8bae431ea56ced93050?s=96&d=mm&r=g","caption":"Dzana Muminovic"},"url":"https:\/\/www.organisator.ch\/it\/author\/dzana-muminovic\/"}]}},"_links":{"self":[{"href":"https:\/\/www.organisator.ch\/it\/wp-json\/wp\/v2\/posts\/30225","targetHints":{"allow":["GET"]}}],"collection":[{"href":"https:\/\/www.organisator.ch\/it\/wp-json\/wp\/v2\/posts"}],"about":[{"href":"https:\/\/www.organisator.ch\/it\/wp-json\/wp\/v2\/types\/post"}],"author":[{"embeddable":true,"href":"https:\/\/www.organisator.ch\/it\/wp-json\/wp\/v2\/users\/80"}],"replies":[{"embeddable":true,"href":"https:\/\/www.organisator.ch\/it\/wp-json\/wp\/v2\/comments?post=30225"}],"version-history":[{"count":6,"href":"https:\/\/www.organisator.ch\/it\/wp-json\/wp\/v2\/posts\/30225\/revisions"}],"predecessor-version":[{"id":31852,"href":"https:\/\/www.organisator.ch\/it\/wp-json\/wp\/v2\/posts\/30225\/revisions\/31852"}],"wp:attachment":[{"href":"https:\/\/www.organisator.ch\/it\/wp-json\/wp\/v2\/media?parent=30225"}],"wp:term":[{"taxonomy":"category","embeddable":true,"href":"https:\/\/www.organisator.ch\/it\/wp-json\/wp\/v2\/categories?post=30225"},{"taxonomy":"post_tag","embeddable":true,"href":"https:\/\/www.organisator.ch\/it\/wp-json\/wp\/v2\/tags?post=30225"}],"curies":[{"name":"wp","href":"https:\/\/api.w.org\/{rel}","templated":true}]}}