{"id":30240,"date":"2024-09-30T13:21:49","date_gmt":"2024-09-30T11:21:49","guid":{"rendered":"https:\/\/www.organisator.ch\/?p=30240"},"modified":"2024-09-30T16:23:09","modified_gmt":"2024-09-30T14:23:09","slug":"zeitmanagement-meistern-so-besiegen-sie-ablenkungen-fristen-und-ueberlastung","status":"publish","type":"post","link":"https:\/\/www.organisator.ch\/it\/human-resources\/2024-09-30\/zeitmanagement-meistern-so-besiegen-sie-ablenkungen-fristen-und-ueberlastung\/","title":{"rendered":"Padroneggiare la gestione del tempo: come sconfiggere distrazioni, scadenze e sovraccarico di lavoro"},"content":{"rendered":"<figure id=\"attachment_30241\" aria-describedby=\"caption-attachment-30241\" style=\"width: 680px\" class=\"wp-caption alignnone\"><img loading=\"lazy\" decoding=\"async\" class=\"size-full wp-image-30241\" src=\"https:\/\/www.organisator.ch\/wp-content\/uploads\/2024\/09\/RobertWalters_Bild1_ps.jpg\" alt=\"\" width=\"680\" height=\"454\" srcset=\"https:\/\/www.organisator.ch\/wp-content\/uploads\/2024\/09\/RobertWalters_Bild1_ps.jpg 680w, https:\/\/www.organisator.ch\/wp-content\/uploads\/2024\/09\/RobertWalters_Bild1_ps-18x12.jpg 18w, https:\/\/www.organisator.ch\/wp-content\/uploads\/2024\/09\/RobertWalters_Bild1_ps-375x250.jpg 375w, https:\/\/www.organisator.ch\/wp-content\/uploads\/2024\/09\/RobertWalters_Bild1_ps-524x350.jpg 524w\" sizes=\"auto, (max-width: 680px) 100vw, 680px\" \/><figcaption id=\"caption-attachment-30241\" class=\"wp-caption-text\">Avete paura di essere considerati antipatici se dite \"no\"? Tutto dipende da come lo dite. (Immagine: www.depositphotos.com)<\/figcaption><\/figure>\n<h3><strong>1. interruzioni da parte dei colleghi nei momenti di punta\u00a0\u00a0\u00a0<\/strong><\/h3>\n<p>Avete molto da fare e i vostri colleghi continuano a rivolgersi a voi con domande o richieste. La tentazione \u00e8 quella di rimandarli alla segreteria telefonica, ma questo non fa altro che riempire la casella di posta elettronica. \u00c8 meglio chiedere loro di tornare un'ora dopo o di chiamare in un altro momento conveniente. Spesso i problemi si risolvono da soli o si rivelano meno urgenti del previsto. In questo modo, la vostra casella di posta rimane pulita e potete tenere sotto controllo la situazione.\u00a0\u00a0\u00a0<\/p>\n<h3><strong>2. difficolt\u00e0 a dire \"no\u00a0<\/strong><\/h3>\n<p>Avete paura di essere considerati antipatici se dite \"no\"? Dipende da come lo si dice. Ad esempio: \"Al momento sto lavorando a un progetto importante. Posso farlo io pi\u00f9 tardi?\" oppure \"Posso farlo io pi\u00f9 tardi in giornata? Se si rimane cordiali e disponibili, si apparir\u00e0 professionali senza dover affrontare un lavoro extra.\u00a0 \u00a0<\/p>\n<h3><strong>3. i colleghi sono difficili da raggiungere\u00a0 \u00a0\u00a0<\/strong><\/h3>\n<p>Lavorare con colleghi irraggiungibili pu\u00f2 essere frustrante. Invece di aspettare una risposta via e-mail, programmate orari di ufficio regolari. In questo modo, lo scambio di informazioni importanti avverr\u00e0 in tempo utile e il lavoro non si bloccher\u00e0. Non dimenticate di concordare scadenze chiare.\u00a0 \u00a0<\/p>\n<h3><strong>4. scadenze irraggiungibili\u00a0 \u00a0\u00a0<\/strong><\/h3>\n<p>\u00c8 capitato a tutti: una scadenza che si rivela irrealizzabile. Il segreto? Una comunicazione tempestiva. Se vi rendete conto di essere in ritardo sulla tabella di marcia, parlatene immediatamente con il vostro superiore e proponete una soluzione alternativa. Ad esempio: \"Non posso farlo oggi, qualcuno pu\u00f2 aiutarmi?\". In questo modo eviterete lo stress dell'ultimo minuto e dimostrerete che state pensando in anticipo.\u00a0\u00a0\u00a0<\/p>\n<h3><strong>5. ricadere in abitudini inefficienti\u00a0\u00a0\u00a0<\/strong><\/h3>\n<p>\u00c8 difficile rompere le vecchie abitudini, soprattutto quando ci si distrae. Vi ritrovate a prendere continuamente il telefono mentre cercate di rispondere a una e-mail? Mettete il silenzioso o mettetelo da parte. Nessuno \u00e8 perfetto e non c'\u00e8 nulla di male ad allontanarsi qualche volta, purch\u00e9 si sia consapevoli del proprio comportamento e lo si corregga in tempo.\u00a0\u00a0\u00a0<\/p>\n<h3><strong>6. attivit\u00e0 ad hoc disturbano l'elenco delle cose da fare\u00a0\u00a0\u00a0\u00a0<\/strong><\/h3>\n<p>Le attivit\u00e0 ad hoc sono piccole attivit\u00e0 non urgenti che si ripetono frequentemente e possono sconvolgere in modo significativo i vostri piani. La soluzione? Considerate le vostre attivit\u00e0 come pietre e ghiaia. I \"mattoni\" sono i compiti pi\u00f9 importanti e urgenti, la \"ghiaia\" sono i compiti piccoli e meno importanti. Se non fate attenzione, presto vi occuperete solo della ghiaia. Iniziate quindi sempre con i sassi, in modo da poter iniziare davvero con i compiti pi\u00f9 importanti. Della ghiaia ci si pu\u00f2 occupare in un secondo momento.\u00a0\u00a0\u00a0<\/p>\n<h3><strong>7. scarsa pianificazione da parte del vostro responsabile di linea\u00a0<\/strong><\/h3>\n<p>A volte la scarsa pianificazione del vostro manager causa lavoro extra. Abbiate il coraggio di essere onesti se non avete spazio nella vostra agenda. Ad esempio, proponete: \"Posso farlo domani perch\u00e9 oggi non ho spazio?\". La flessibilit\u00e0 \u00e8 un bene, ma si possono anche stabilire dei limiti. La chiave \u00e8 una buona comunicazione.<\/p>\n<h3><strong>8. costante riprogrammazione a causa di compiti urgenti\u00a0\u00a0\u00a0<\/strong><\/h3>\n<p>I compiti urgenti e imprevisti possono disturbare la vostra giornata. Riservate ogni giorno un blocco di tempo per questi impegni imprevisti. \u00c8 importante che nella vostra agenda ci sia spazio per rimandare. Alla fine della giornata, potete valutare: Era davvero urgente o poteva essere evitato? Questo vi aiuter\u00e0 a pianificare e a stabilire meglio le priorit\u00e0.\u00a0\u00a0<\/p>\n<p><em>Fonte: <a href=\"http:\/\/www.robertwalters.ch\">www.robertwalters.ch<\/a><\/em><\/p>","protected":false},"excerpt":{"rendered":"<p>Email, scadenze e liste infinite di cose da fare... avete spesso la sensazione che non ci siano mai abbastanza ore nella giornata? Allora una buona gestione del tempo \u00e8 essenziale. Lo specialista svizzero del reclutamento Robert Walters illustra le sfide pi\u00f9 comuni e fornisce consigli pratici su come migliorare la produttivit\u00e0 e il flusso di lavoro.   <\/p>","protected":false},"author":80,"featured_media":30241,"comment_status":"closed","ping_status":"closed","sticky":false,"template":"","format":"standard","meta":{"_acf_changed":false,"_yoast_wpseo_focuskw":"Zeitmanagement","_yoast_wpseo_metadesc":"Der Rekrutierungsspezialist Robert Walters gibt praktische Tipps zur Verbesserung Ihrer Produktivit\u00e4t und Ihres Arbeitsablaufs.","articlekey":"","footnotes":""},"categories":[579],"tags":[295,4069,1952,492,4010],"class_list":["post-30240","post","type-post","status-publish","format-standard","has-post-thumbnail","hentry","category-human-resources","tag-karriere-tipps","tag-mitarbeiter","tag-produktivitaet","tag-unternehmen","tag-zeitmanagement"],"acf":[],"yoast_head":"<!-- This site is optimized with the Yoast SEO plugin v27.4 - https:\/\/yoast.com\/product\/yoast-seo-wordpress\/ -->\n<title>Zeitmanagement meistern: So besiegen Sie Ablenkungen, Fristen und \u00dcberlastung - Organisator<\/title>\n<meta name=\"description\" content=\"Der Rekrutierungsspezialist Robert Walters gibt praktische Tipps zur Verbesserung Ihrer Produktivit\u00e4t und Ihres Arbeitsablaufs.\" \/>\n<meta name=\"robots\" content=\"index, follow, max-snippet:-1, max-image-preview:large, max-video-preview:-1\" \/>\n<link rel=\"canonical\" href=\"https:\/\/www.organisator.ch\/it\/risorse-umane\/2024-09-30\/zeitmanagement-meistern-so-besiegen-sie-ablenkungen-fristen-und-ueberlastung\/\" \/>\n<meta property=\"og:locale\" content=\"it_IT\" \/>\n<meta property=\"og:type\" content=\"article\" \/>\n<meta property=\"og:title\" content=\"So besiegen Sie Ablenkungen, Fristen und \u00dcberlastung\" \/>\n<meta property=\"og:description\" content=\"Der Rekrutierungsspezialist Robert Walters gibt praktische Tipps zur Verbesserung Ihrer Produktivit\u00e4t und Ihres Arbeitsablaufs.\" \/>\n<meta property=\"og:url\" content=\"https:\/\/www.organisator.ch\/it\/risorse-umane\/2024-09-30\/zeitmanagement-meistern-so-besiegen-sie-ablenkungen-fristen-und-ueberlastung\/\" \/>\n<meta property=\"og:site_name\" content=\"Organisator\" \/>\n<meta property=\"article:publisher\" content=\"https:\/\/www.facebook.com\/OrganisatorFachmagazin\" \/>\n<meta property=\"article:published_time\" content=\"2024-09-30T11:21:49+00:00\" \/>\n<meta property=\"article:modified_time\" content=\"2024-09-30T14:23:09+00:00\" \/>\n<meta property=\"og:image\" content=\"https:\/\/www.organisator.ch\/wp-content\/uploads\/2024\/09\/RobertWalters_Bild1_ps.jpg\" \/>\n\t<meta property=\"og:image:width\" content=\"680\" \/>\n\t<meta property=\"og:image:height\" content=\"454\" \/>\n\t<meta property=\"og:image:type\" content=\"image\/jpeg\" \/>\n<meta name=\"author\" content=\"Dzana Muminovic\" \/>\n<meta name=\"twitter:card\" content=\"summary_large_image\" \/>\n<meta name=\"twitter:title\" content=\"So besiegen Sie Ablenkungen, Fristen und \u00dcberlastung\" \/>\n<meta name=\"twitter:description\" content=\"Der #Rekrutierungsspezialist #Robert #Walters gibt praktische #Tipps zur #Verbesserung Ihrer #Produktivit\u00e4t und Ihres #Arbeitsablaufs.\" \/>\n<meta name=\"twitter:image\" content=\"https:\/\/www.organisator.ch\/wp-content\/uploads\/2024\/09\/RobertWalters_Bild1_ps.jpg\" \/>\n<script type=\"application\/ld+json\" class=\"yoast-schema-graph\">{\"@context\":\"https:\\\/\\\/schema.org\",\"@graph\":[{\"@type\":\"Article\",\"@id\":\"https:\\\/\\\/www.organisator.ch\\\/human-resources\\\/2024-09-30\\\/zeitmanagement-meistern-so-besiegen-sie-ablenkungen-fristen-und-ueberlastung\\\/#article\",\"isPartOf\":{\"@id\":\"https:\\\/\\\/www.organisator.ch\\\/human-resources\\\/2024-09-30\\\/zeitmanagement-meistern-so-besiegen-sie-ablenkungen-fristen-und-ueberlastung\\\/\"},\"author\":{\"name\":\"Dzana Muminovic\",\"@id\":\"https:\\\/\\\/www.organisator.ch\\\/#\\\/schema\\\/person\\\/afccda3a71c06d4be2ed9100dd163db7\"},\"headline\":\"Zeitmanagement meistern: So besiegen Sie Ablenkungen, Fristen und \u00dcberlastung\",\"datePublished\":\"2024-09-30T11:21:49+00:00\",\"dateModified\":\"2024-09-30T14:23:09+00:00\",\"mainEntityOfPage\":{\"@id\":\"https:\\\/\\\/www.organisator.ch\\\/human-resources\\\/2024-09-30\\\/zeitmanagement-meistern-so-besiegen-sie-ablenkungen-fristen-und-ueberlastung\\\/\"},\"wordCount\":616,\"publisher\":{\"@id\":\"https:\\\/\\\/www.organisator.ch\\\/#organization\"},\"image\":{\"@id\":\"https:\\\/\\\/www.organisator.ch\\\/human-resources\\\/2024-09-30\\\/zeitmanagement-meistern-so-besiegen-sie-ablenkungen-fristen-und-ueberlastung\\\/#primaryimage\"},\"thumbnailUrl\":\"https:\\\/\\\/www.organisator.ch\\\/wp-content\\\/uploads\\\/2024\\\/09\\\/RobertWalters_Bild1_ps.jpg\",\"keywords\":[\"Karriere Tipps\",\"Mitarbeiter\",\"Produktivit\u00e4t\",\"Unternehmen\",\"Zeitmanagement\"],\"articleSection\":[\"HUMAN RESOURCES\"],\"inLanguage\":\"it-IT\"},{\"@type\":\"WebPage\",\"@id\":\"https:\\\/\\\/www.organisator.ch\\\/human-resources\\\/2024-09-30\\\/zeitmanagement-meistern-so-besiegen-sie-ablenkungen-fristen-und-ueberlastung\\\/\",\"url\":\"https:\\\/\\\/www.organisator.ch\\\/human-resources\\\/2024-09-30\\\/zeitmanagement-meistern-so-besiegen-sie-ablenkungen-fristen-und-ueberlastung\\\/\",\"name\":\"Zeitmanagement meistern: So besiegen Sie Ablenkungen, Fristen und \u00dcberlastung - Organisator\",\"isPartOf\":{\"@id\":\"https:\\\/\\\/www.organisator.ch\\\/#website\"},\"primaryImageOfPage\":{\"@id\":\"https:\\\/\\\/www.organisator.ch\\\/human-resources\\\/2024-09-30\\\/zeitmanagement-meistern-so-besiegen-sie-ablenkungen-fristen-und-ueberlastung\\\/#primaryimage\"},\"image\":{\"@id\":\"https:\\\/\\\/www.organisator.ch\\\/human-resources\\\/2024-09-30\\\/zeitmanagement-meistern-so-besiegen-sie-ablenkungen-fristen-und-ueberlastung\\\/#primaryimage\"},\"thumbnailUrl\":\"https:\\\/\\\/www.organisator.ch\\\/wp-content\\\/uploads\\\/2024\\\/09\\\/RobertWalters_Bild1_ps.jpg\",\"datePublished\":\"2024-09-30T11:21:49+00:00\",\"dateModified\":\"2024-09-30T14:23:09+00:00\",\"description\":\"Der Rekrutierungsspezialist Robert Walters gibt praktische Tipps zur Verbesserung Ihrer Produktivit\u00e4t und Ihres Arbeitsablaufs.\",\"breadcrumb\":{\"@id\":\"https:\\\/\\\/www.organisator.ch\\\/human-resources\\\/2024-09-30\\\/zeitmanagement-meistern-so-besiegen-sie-ablenkungen-fristen-und-ueberlastung\\\/#breadcrumb\"},\"inLanguage\":\"it-IT\",\"potentialAction\":[{\"@type\":\"ReadAction\",\"target\":[\"https:\\\/\\\/www.organisator.ch\\\/human-resources\\\/2024-09-30\\\/zeitmanagement-meistern-so-besiegen-sie-ablenkungen-fristen-und-ueberlastung\\\/\"]}]},{\"@type\":\"ImageObject\",\"inLanguage\":\"it-IT\",\"@id\":\"https:\\\/\\\/www.organisator.ch\\\/human-resources\\\/2024-09-30\\\/zeitmanagement-meistern-so-besiegen-sie-ablenkungen-fristen-und-ueberlastung\\\/#primaryimage\",\"url\":\"https:\\\/\\\/www.organisator.ch\\\/wp-content\\\/uploads\\\/2024\\\/09\\\/RobertWalters_Bild1_ps.jpg\",\"contentUrl\":\"https:\\\/\\\/www.organisator.ch\\\/wp-content\\\/uploads\\\/2024\\\/09\\\/RobertWalters_Bild1_ps.jpg\",\"width\":680,\"height\":454,\"caption\":\"Haben Sie Angst, als unsympathisch zu gelten, wenn Sie \u201eNein\u201c sagen? Es kommt nur darauf an, wie Sie es sagen. (Bild: www.depositphotos.com)\"},{\"@type\":\"BreadcrumbList\",\"@id\":\"https:\\\/\\\/www.organisator.ch\\\/human-resources\\\/2024-09-30\\\/zeitmanagement-meistern-so-besiegen-sie-ablenkungen-fristen-und-ueberlastung\\\/#breadcrumb\",\"itemListElement\":[{\"@type\":\"ListItem\",\"position\":1,\"name\":\"Home\",\"item\":\"https:\\\/\\\/www.organisator.ch\\\/\"},{\"@type\":\"ListItem\",\"position\":2,\"name\":\"Zeitmanagement meistern: So besiegen Sie Ablenkungen, Fristen und \u00dcberlastung\"}]},{\"@type\":\"WebSite\",\"@id\":\"https:\\\/\\\/www.organisator.ch\\\/#website\",\"url\":\"https:\\\/\\\/www.organisator.ch\\\/\",\"name\":\"Organisator\",\"description\":\"Kompetent. Praxisnah. Der ORGANISATOR bereitet in 10 Ausgaben pro Jahr die wesentlichen Themen f\u00fcr F\u00fchrungskr\u00e4fte von KMU auf.\",\"publisher\":{\"@id\":\"https:\\\/\\\/www.organisator.ch\\\/#organization\"},\"potentialAction\":[{\"@type\":\"SearchAction\",\"target\":{\"@type\":\"EntryPoint\",\"urlTemplate\":\"https:\\\/\\\/www.organisator.ch\\\/?s={search_term_string}\"},\"query-input\":{\"@type\":\"PropertyValueSpecification\",\"valueRequired\":true,\"valueName\":\"search_term_string\"}}],\"inLanguage\":\"it-IT\"},{\"@type\":\"Organization\",\"@id\":\"https:\\\/\\\/www.organisator.ch\\\/#organization\",\"name\":\"Organisator\",\"url\":\"https:\\\/\\\/www.organisator.ch\\\/\",\"logo\":{\"@type\":\"ImageObject\",\"inLanguage\":\"it-IT\",\"@id\":\"https:\\\/\\\/www.organisator.ch\\\/#\\\/schema\\\/logo\\\/image\\\/\",\"url\":\"https:\\\/\\\/www.organisator.ch\\\/wp-content\\\/uploads\\\/2022\\\/01\\\/Logo_Organisator_Website.png\",\"contentUrl\":\"https:\\\/\\\/www.organisator.ch\\\/wp-content\\\/uploads\\\/2022\\\/01\\\/Logo_Organisator_Website.png\",\"width\":800,\"height\":77,\"caption\":\"Organisator\"},\"image\":{\"@id\":\"https:\\\/\\\/www.organisator.ch\\\/#\\\/schema\\\/logo\\\/image\\\/\"},\"sameAs\":[\"https:\\\/\\\/www.facebook.com\\\/OrganisatorFachmagazin\",\"https:\\\/\\\/www.linkedin.com\\\/showcase\\\/organisator-das-magazin-fr-kmu\",\"https:\\\/\\\/www.xing.com\\\/news\\\/pages\\\/organisator-ch-695\",\"https:\\\/\\\/www.youtube.com\\\/channel\\\/UCGP2Sq0iWaZwT3BdIAQFYpw\"]},{\"@type\":\"Person\",\"@id\":\"https:\\\/\\\/www.organisator.ch\\\/#\\\/schema\\\/person\\\/afccda3a71c06d4be2ed9100dd163db7\",\"name\":\"Dzana Muminovic\",\"image\":{\"@type\":\"ImageObject\",\"inLanguage\":\"it-IT\",\"@id\":\"https:\\\/\\\/secure.gravatar.com\\\/avatar\\\/909c5c71aff4b38e88686f2ab2f1ba152571f394f41ed8bae431ea56ced93050?s=96&d=mm&r=g\",\"url\":\"https:\\\/\\\/secure.gravatar.com\\\/avatar\\\/909c5c71aff4b38e88686f2ab2f1ba152571f394f41ed8bae431ea56ced93050?s=96&d=mm&r=g\",\"contentUrl\":\"https:\\\/\\\/secure.gravatar.com\\\/avatar\\\/909c5c71aff4b38e88686f2ab2f1ba152571f394f41ed8bae431ea56ced93050?s=96&d=mm&r=g\",\"caption\":\"Dzana Muminovic\"},\"url\":\"https:\\\/\\\/www.organisator.ch\\\/it\\\/author\\\/dzana-muminovic\\\/\"}]}<\/script>\n<!-- \/ Yoast SEO plugin. -->","yoast_head_json":{"title":"Padroneggiare la gestione del tempo: come sconfiggere distrazioni, scadenze e sovraccarico - Organiser","description":"L'esperto di reclutamento Robert Walters fornisce consigli pratici per migliorare la produttivit\u00e0 e il flusso di lavoro.","robots":{"index":"index","follow":"follow","max-snippet":"max-snippet:-1","max-image-preview":"max-image-preview:large","max-video-preview":"max-video-preview:-1"},"canonical":"https:\/\/www.organisator.ch\/it\/risorse-umane\/2024-09-30\/zeitmanagement-meistern-so-besiegen-sie-ablenkungen-fristen-und-ueberlastung\/","og_locale":"it_IT","og_type":"article","og_title":"So besiegen Sie Ablenkungen, Fristen und \u00dcberlastung","og_description":"Der Rekrutierungsspezialist Robert Walters gibt praktische Tipps zur Verbesserung Ihrer Produktivit\u00e4t und Ihres Arbeitsablaufs.","og_url":"https:\/\/www.organisator.ch\/it\/risorse-umane\/2024-09-30\/zeitmanagement-meistern-so-besiegen-sie-ablenkungen-fristen-und-ueberlastung\/","og_site_name":"Organisator","article_publisher":"https:\/\/www.facebook.com\/OrganisatorFachmagazin","article_published_time":"2024-09-30T11:21:49+00:00","article_modified_time":"2024-09-30T14:23:09+00:00","og_image":[{"width":680,"height":454,"url":"https:\/\/www.organisator.ch\/wp-content\/uploads\/2024\/09\/RobertWalters_Bild1_ps.jpg","type":"image\/jpeg"}],"author":"Dzana Muminovic","twitter_card":"summary_large_image","twitter_title":"So besiegen Sie Ablenkungen, Fristen und \u00dcberlastung","twitter_description":"Der #Rekrutierungsspezialist #Robert #Walters gibt praktische #Tipps zur #Verbesserung Ihrer #Produktivit\u00e4t und Ihres #Arbeitsablaufs.","twitter_image":"https:\/\/www.organisator.ch\/wp-content\/uploads\/2024\/09\/RobertWalters_Bild1_ps.jpg","schema":{"@context":"https:\/\/schema.org","@graph":[{"@type":"Article","@id":"https:\/\/www.organisator.ch\/human-resources\/2024-09-30\/zeitmanagement-meistern-so-besiegen-sie-ablenkungen-fristen-und-ueberlastung\/#article","isPartOf":{"@id":"https:\/\/www.organisator.ch\/human-resources\/2024-09-30\/zeitmanagement-meistern-so-besiegen-sie-ablenkungen-fristen-und-ueberlastung\/"},"author":{"name":"Dzana Muminovic","@id":"https:\/\/www.organisator.ch\/#\/schema\/person\/afccda3a71c06d4be2ed9100dd163db7"},"headline":"Zeitmanagement meistern: So besiegen Sie Ablenkungen, Fristen und \u00dcberlastung","datePublished":"2024-09-30T11:21:49+00:00","dateModified":"2024-09-30T14:23:09+00:00","mainEntityOfPage":{"@id":"https:\/\/www.organisator.ch\/human-resources\/2024-09-30\/zeitmanagement-meistern-so-besiegen-sie-ablenkungen-fristen-und-ueberlastung\/"},"wordCount":616,"publisher":{"@id":"https:\/\/www.organisator.ch\/#organization"},"image":{"@id":"https:\/\/www.organisator.ch\/human-resources\/2024-09-30\/zeitmanagement-meistern-so-besiegen-sie-ablenkungen-fristen-und-ueberlastung\/#primaryimage"},"thumbnailUrl":"https:\/\/www.organisator.ch\/wp-content\/uploads\/2024\/09\/RobertWalters_Bild1_ps.jpg","keywords":["Karriere Tipps","Mitarbeiter","Produktivit\u00e4t","Unternehmen","Zeitmanagement"],"articleSection":["HUMAN RESOURCES"],"inLanguage":"it-IT"},{"@type":"WebPage","@id":"https:\/\/www.organisator.ch\/human-resources\/2024-09-30\/zeitmanagement-meistern-so-besiegen-sie-ablenkungen-fristen-und-ueberlastung\/","url":"https:\/\/www.organisator.ch\/human-resources\/2024-09-30\/zeitmanagement-meistern-so-besiegen-sie-ablenkungen-fristen-und-ueberlastung\/","name":"Padroneggiare la gestione del tempo: come sconfiggere distrazioni, scadenze e sovraccarico - Organiser","isPartOf":{"@id":"https:\/\/www.organisator.ch\/#website"},"primaryImageOfPage":{"@id":"https:\/\/www.organisator.ch\/human-resources\/2024-09-30\/zeitmanagement-meistern-so-besiegen-sie-ablenkungen-fristen-und-ueberlastung\/#primaryimage"},"image":{"@id":"https:\/\/www.organisator.ch\/human-resources\/2024-09-30\/zeitmanagement-meistern-so-besiegen-sie-ablenkungen-fristen-und-ueberlastung\/#primaryimage"},"thumbnailUrl":"https:\/\/www.organisator.ch\/wp-content\/uploads\/2024\/09\/RobertWalters_Bild1_ps.jpg","datePublished":"2024-09-30T11:21:49+00:00","dateModified":"2024-09-30T14:23:09+00:00","description":"L'esperto di reclutamento Robert Walters fornisce consigli pratici per migliorare la produttivit\u00e0 e il flusso di lavoro.","breadcrumb":{"@id":"https:\/\/www.organisator.ch\/human-resources\/2024-09-30\/zeitmanagement-meistern-so-besiegen-sie-ablenkungen-fristen-und-ueberlastung\/#breadcrumb"},"inLanguage":"it-IT","potentialAction":[{"@type":"ReadAction","target":["https:\/\/www.organisator.ch\/human-resources\/2024-09-30\/zeitmanagement-meistern-so-besiegen-sie-ablenkungen-fristen-und-ueberlastung\/"]}]},{"@type":"ImageObject","inLanguage":"it-IT","@id":"https:\/\/www.organisator.ch\/human-resources\/2024-09-30\/zeitmanagement-meistern-so-besiegen-sie-ablenkungen-fristen-und-ueberlastung\/#primaryimage","url":"https:\/\/www.organisator.ch\/wp-content\/uploads\/2024\/09\/RobertWalters_Bild1_ps.jpg","contentUrl":"https:\/\/www.organisator.ch\/wp-content\/uploads\/2024\/09\/RobertWalters_Bild1_ps.jpg","width":680,"height":454,"caption":"Haben Sie Angst, als unsympathisch zu gelten, wenn Sie \u201eNein\u201c sagen? Es kommt nur darauf an, wie Sie es sagen. (Bild: www.depositphotos.com)"},{"@type":"BreadcrumbList","@id":"https:\/\/www.organisator.ch\/human-resources\/2024-09-30\/zeitmanagement-meistern-so-besiegen-sie-ablenkungen-fristen-und-ueberlastung\/#breadcrumb","itemListElement":[{"@type":"ListItem","position":1,"name":"Home","item":"https:\/\/www.organisator.ch\/"},{"@type":"ListItem","position":2,"name":"Zeitmanagement meistern: So besiegen Sie Ablenkungen, Fristen und \u00dcberlastung"}]},{"@type":"WebSite","@id":"https:\/\/www.organisator.ch\/#website","url":"https:\/\/www.organisator.ch\/","name":"Organizzatore","description":"Competente. Pratico. In 10 numeri all'anno, ORGANISATOR presenta i temi essenziali per i manager delle PMI.","publisher":{"@id":"https:\/\/www.organisator.ch\/#organization"},"potentialAction":[{"@type":"SearchAction","target":{"@type":"EntryPoint","urlTemplate":"https:\/\/www.organisator.ch\/?s={search_term_string}"},"query-input":{"@type":"PropertyValueSpecification","valueRequired":true,"valueName":"search_term_string"}}],"inLanguage":"it-IT"},{"@type":"Organization","@id":"https:\/\/www.organisator.ch\/#organization","name":"Organizzatore","url":"https:\/\/www.organisator.ch\/","logo":{"@type":"ImageObject","inLanguage":"it-IT","@id":"https:\/\/www.organisator.ch\/#\/schema\/logo\/image\/","url":"https:\/\/www.organisator.ch\/wp-content\/uploads\/2022\/01\/Logo_Organisator_Website.png","contentUrl":"https:\/\/www.organisator.ch\/wp-content\/uploads\/2022\/01\/Logo_Organisator_Website.png","width":800,"height":77,"caption":"Organisator"},"image":{"@id":"https:\/\/www.organisator.ch\/#\/schema\/logo\/image\/"},"sameAs":["https:\/\/www.facebook.com\/OrganisatorFachmagazin","https:\/\/www.linkedin.com\/showcase\/organisator-das-magazin-fr-kmu","https:\/\/www.xing.com\/news\/pages\/organisator-ch-695","https:\/\/www.youtube.com\/channel\/UCGP2Sq0iWaZwT3BdIAQFYpw"]},{"@type":"Person","@id":"https:\/\/www.organisator.ch\/#\/schema\/person\/afccda3a71c06d4be2ed9100dd163db7","name":"Dzana Muminovic","image":{"@type":"ImageObject","inLanguage":"it-IT","@id":"https:\/\/secure.gravatar.com\/avatar\/909c5c71aff4b38e88686f2ab2f1ba152571f394f41ed8bae431ea56ced93050?s=96&d=mm&r=g","url":"https:\/\/secure.gravatar.com\/avatar\/909c5c71aff4b38e88686f2ab2f1ba152571f394f41ed8bae431ea56ced93050?s=96&d=mm&r=g","contentUrl":"https:\/\/secure.gravatar.com\/avatar\/909c5c71aff4b38e88686f2ab2f1ba152571f394f41ed8bae431ea56ced93050?s=96&d=mm&r=g","caption":"Dzana Muminovic"},"url":"https:\/\/www.organisator.ch\/it\/author\/dzana-muminovic\/"}]}},"_links":{"self":[{"href":"https:\/\/www.organisator.ch\/it\/wp-json\/wp\/v2\/posts\/30240","targetHints":{"allow":["GET"]}}],"collection":[{"href":"https:\/\/www.organisator.ch\/it\/wp-json\/wp\/v2\/posts"}],"about":[{"href":"https:\/\/www.organisator.ch\/it\/wp-json\/wp\/v2\/types\/post"}],"author":[{"embeddable":true,"href":"https:\/\/www.organisator.ch\/it\/wp-json\/wp\/v2\/users\/80"}],"replies":[{"embeddable":true,"href":"https:\/\/www.organisator.ch\/it\/wp-json\/wp\/v2\/comments?post=30240"}],"version-history":[{"count":3,"href":"https:\/\/www.organisator.ch\/it\/wp-json\/wp\/v2\/posts\/30240\/revisions"}],"predecessor-version":[{"id":30287,"href":"https:\/\/www.organisator.ch\/it\/wp-json\/wp\/v2\/posts\/30240\/revisions\/30287"}],"wp:featuredmedia":[{"embeddable":true,"href":"https:\/\/www.organisator.ch\/it\/wp-json\/wp\/v2\/media\/30241"}],"wp:attachment":[{"href":"https:\/\/www.organisator.ch\/it\/wp-json\/wp\/v2\/media?parent=30240"}],"wp:term":[{"taxonomy":"category","embeddable":true,"href":"https:\/\/www.organisator.ch\/it\/wp-json\/wp\/v2\/categories?post=30240"},{"taxonomy":"post_tag","embeddable":true,"href":"https:\/\/www.organisator.ch\/it\/wp-json\/wp\/v2\/tags?post=30240"}],"curies":[{"name":"wp","href":"https:\/\/api.w.org\/{rel}","templated":true}]}}