{"id":30260,"date":"2024-10-01T10:23:33","date_gmt":"2024-10-01T08:23:33","guid":{"rendered":"https:\/\/www.organisator.ch\/?p=30260"},"modified":"2024-10-01T13:25:48","modified_gmt":"2024-10-01T11:25:48","slug":"franke-gruppe-erwirbt-wesco","status":"publish","type":"post","link":"https:\/\/www.organisator.ch\/it\/management\/2024-10-01\/franke-gruppe-erwirbt-wesco\/","title":{"rendered":"Il Gruppo Franke acquisisce Wesco"},"content":{"rendered":"<figure id=\"attachment_30264\" aria-describedby=\"caption-attachment-30264\" style=\"width: 680px\" class=\"wp-caption alignnone\"><img loading=\"lazy\" decoding=\"async\" class=\"size-full wp-image-30264\" src=\"https:\/\/www.organisator.ch\/wp-content\/uploads\/2024\/09\/Franke-Bild1_ps.png\" alt=\"\" width=\"680\" height=\"464\" srcset=\"https:\/\/www.organisator.ch\/wp-content\/uploads\/2024\/09\/Franke-Bild1_ps.png 680w, https:\/\/www.organisator.ch\/wp-content\/uploads\/2024\/09\/Franke-Bild1_ps-18x12.png 18w, https:\/\/www.organisator.ch\/wp-content\/uploads\/2024\/09\/Franke-Bild1_ps-375x256.png 375w, https:\/\/www.organisator.ch\/wp-content\/uploads\/2024\/09\/Franke-Bild1_ps-513x350.png 513w\" sizes=\"auto, (max-width: 680px) 100vw, 680px\" \/><figcaption id=\"caption-attachment-30264\" class=\"wp-caption-text\">Il Gruppo Franke rafforza la sua posizione di mercato nel settore dei coperchi per cucine. (Immagine: www.franke.com)<\/figcaption><\/figure>\n<p>Il Gruppo svizzero Franke, con sede ad Aarburg, ha stipulato un contratto di acquisto per l'acquisizione di 100% dal Gruppo Wesco, produttore di alta qualit\u00e0 di coperchi per cucine e sistemi di ventilazione in Svizzera e Germania. Il completamento della transazione \u00e8 ancora soggetto all'approvazione delle autorit\u00e0 competenti in materia di concorrenza. I dettagli finanziari della transazione non saranno resi noti.<\/p>\n<p>Wesco AG, una consociata del Gruppo Wesco, \u00e8 un esperto riconosciuto per le cappe aspiranti e la filtrazione dell'aria in case, scuole e uffici in Svizzera. berbel Ablufttechnik GmbH, la consociata tedesca del Gruppo, \u00e8 un marchio leader in Germania nel settore delle cappe aspiranti e degli estrattori per piani cottura. Nell'esercizio finanziario 2022\/2023, il Gruppo Wesco ha generato un fatturato netto di 97 milioni di franchi svizzeri e ha impiegato un totale di 280 persone.<\/p>\n<h3>I marchi pi\u00f9 forti si uniscono sotto Franke Home Solutions<\/h3>\n<p>Il Gruppo Wesco entra a far parte di Franke Home Solutions, una divisione del Gruppo Franke, leader mondiale nella fornitura di sistemi e soluzioni intelligenti per la cucina di casa.<\/p>\n<p>L'acquisizione del Gruppo Wesco offre al Gruppo Franke l'opportunit\u00e0 di rafforzare la propria posizione nel mercato delle cappe aspiranti e di raggiungere gradualmente una posizione di leadership in Germania e Svizzera. Con i suoi marchi Wesco e berbel, il Gruppo Wesco \u00e8 fortemente rappresentato come fornitore premium sui mercati svizzero e tedesco di cappe da cucina e completa e rafforza la gamma di Franke sia geograficamente che strategicamente. Il marchio berbel, in particolare, \u00e8 riconosciuto in Germania, il pi\u00f9 grande mercato europeo, per le sue soluzioni tecniche uniche, l'eccellente lavorazione e il design.<\/p>\n<p>Barbara Borra, CEO di Franke Home Solutions, ha commentato: \"L'acquisizione di Wesco \u00e8 per noi una scelta strategica ideale. Wesco apporta alla nostra azienda una tecnologia avanzata per la qualit\u00e0 dell'aria e una solida rete di distribuzione in Svizzera e Germania. Sfruttando la portata globale e la forza finanziaria di Franke, possiamo sostenere la crescita di Wesco sia nei suoi mercati tradizionali che a livello internazionale. In Wesco abbiamo trovato un'azienda che condivide i nostri valori in termini di qualit\u00e0, tecnologia e innovazione\".<\/p>\n<figure id=\"attachment_30265\" aria-describedby=\"caption-attachment-30265\" style=\"width: 680px\" class=\"wp-caption alignnone\"><img loading=\"lazy\" decoding=\"async\" class=\"wp-image-30265 size-full\" src=\"https:\/\/www.organisator.ch\/wp-content\/uploads\/2024\/09\/CEOs_Bild2_ps.jpg\" alt=\"\" width=\"680\" height=\"455\" srcset=\"https:\/\/www.organisator.ch\/wp-content\/uploads\/2024\/09\/CEOs_Bild2_ps.jpg 680w, https:\/\/www.organisator.ch\/wp-content\/uploads\/2024\/09\/CEOs_Bild2_ps-18x12.jpg 18w, https:\/\/www.organisator.ch\/wp-content\/uploads\/2024\/09\/CEOs_Bild2_ps-375x251.jpg 375w, https:\/\/www.organisator.ch\/wp-content\/uploads\/2024\/09\/CEOs_Bild2_ps-523x350.jpg 523w\" sizes=\"auto, (max-width: 680px) 100vw, 680px\" \/><figcaption id=\"caption-attachment-30265\" class=\"wp-caption-text\">Barbara Borra, CEO di Franke Home Solutions e Beat Ernst, Presidente del Consiglio di Amministrazione e proprietario del Wesco Group. (Immagine: www.franke.com)<\/figcaption><\/figure>\n<p>Beat Ernst, proprietario del Gruppo Wesco, spiega: \"Nell'ambito di un piano di successione, ho deciso di vendere la mia azienda a Franke. Poich\u00e9 nel nostro ambiente familiare non c'\u00e8 successione, era importante per me trovare una soluzione sostenibile per consegnare il lavoro di una vita in buone mani. Franke ha le competenze e le risorse necessarie per sfruttare appieno il potenziale dei nostri marchi e posizionarli con ancora pi\u00f9 successo sul mercato\".<\/p>\n<p><em>Fonte: <a href=\"http:\/\/www.franke.com\">www.franke.com<\/a><\/em><\/p>","protected":false},"excerpt":{"rendered":"<p>Il Gruppo Franke acquisisce il gruppo svizzero Wesco, ampliando cos\u00ec la propria competenza nel campo della tecnologia per la qualit\u00e0 dell'aria e rafforzando la propria posizione di mercato in Svizzera e Germania.<\/p>","protected":false},"author":80,"featured_media":30264,"comment_status":"closed","ping_status":"closed","sticky":false,"template":"","format":"standard","meta":{"_acf_changed":false,"_yoast_wpseo_focuskw":"Franke Gruppe","_yoast_wpseo_metadesc":"Die Franke Gruppe \u00fcbernimmt die Schweizer Wesco Gruppe und erweitert damit ihre Kernkompetenz im Bereich der Luftqualit\u00e4tstechnologie.","articlekey":"","footnotes":""},"categories":[28],"tags":[3355,3323,424,475,492],"class_list":["post-30260","post","type-post","status-publish","format-standard","has-post-thumbnail","hentry","category-management","tag-deutschland","tag-firmenuebernahmen","tag-schweiz","tag-technologie","tag-unternehmen"],"acf":[],"yoast_head":"<!-- This site is optimized with the Yoast SEO plugin v27.5 - https:\/\/yoast.com\/product\/yoast-seo-wordpress\/ -->\n<title>Franke Gruppe erwirbt Wesco - Organisator<\/title>\n<meta name=\"description\" content=\"Die Franke Gruppe \u00fcbernimmt die Schweizer Wesco Gruppe und erweitert damit ihre Kernkompetenz im Bereich der Luftqualit\u00e4tstechnologie.\" \/>\n<meta name=\"robots\" content=\"index, follow, max-snippet:-1, max-image-preview:large, max-video-preview:-1\" \/>\n<link rel=\"canonical\" href=\"https:\/\/www.organisator.ch\/it\/gestione-2\/2024-10-01\/franke-gruppe-erwirbt-wesco\/\" \/>\n<meta property=\"og:locale\" content=\"it_IT\" \/>\n<meta property=\"og:type\" content=\"article\" \/>\n<meta property=\"og:title\" content=\"Franke Gruppe erwirbt WESCO\" \/>\n<meta property=\"og:description\" content=\"Die Franke Gruppe \u00fcbernimmt die Schweizer WESCO Gruppe und erweitert damit ihre Kernkompetenz im Bereich der Luftqualit\u00e4tstechnologie.\" \/>\n<meta property=\"og:url\" content=\"https:\/\/www.organisator.ch\/it\/gestione-2\/2024-10-01\/franke-gruppe-erwirbt-wesco\/\" \/>\n<meta property=\"og:site_name\" content=\"Organisator\" \/>\n<meta property=\"article:publisher\" content=\"https:\/\/www.facebook.com\/OrganisatorFachmagazin\" \/>\n<meta property=\"article:published_time\" content=\"2024-10-01T08:23:33+00:00\" \/>\n<meta property=\"article:modified_time\" content=\"2024-10-01T11:25:48+00:00\" \/>\n<meta property=\"og:image\" content=\"https:\/\/www.organisator.ch\/wp-content\/uploads\/2024\/09\/Franke-Bild1_ps.png\" \/>\n\t<meta property=\"og:image:width\" content=\"680\" \/>\n\t<meta property=\"og:image:height\" content=\"464\" \/>\n\t<meta property=\"og:image:type\" content=\"image\/png\" \/>\n<meta name=\"author\" content=\"Dzana Muminovic\" \/>\n<meta name=\"twitter:card\" content=\"summary_large_image\" \/>\n<meta name=\"twitter:title\" content=\"Franke Gruppe erwirbt WESCO\" \/>\n<meta name=\"twitter:description\" content=\"Die #Franke #Gruppe \u00fcbernimmt die Schweizer #WESCO Gruppe und erweitert damit ihre Kernkompetenz im Bereich der #Luftqualit\u00e4tstechnologie.\" \/>\n<meta name=\"twitter:image\" content=\"https:\/\/www.organisator.ch\/wp-content\/uploads\/2024\/09\/Franke-Bild1_ps.png\" \/>\n<script type=\"application\/ld+json\" class=\"yoast-schema-graph\">{\"@context\":\"https:\\\/\\\/schema.org\",\"@graph\":[{\"@type\":\"Article\",\"@id\":\"https:\\\/\\\/www.organisator.ch\\\/management\\\/2024-10-01\\\/franke-gruppe-erwirbt-wesco\\\/#article\",\"isPartOf\":{\"@id\":\"https:\\\/\\\/www.organisator.ch\\\/management\\\/2024-10-01\\\/franke-gruppe-erwirbt-wesco\\\/\"},\"author\":{\"name\":\"Dzana Muminovic\",\"@id\":\"https:\\\/\\\/www.organisator.ch\\\/#\\\/schema\\\/person\\\/afccda3a71c06d4be2ed9100dd163db7\"},\"headline\":\"Franke Gruppe erwirbt Wesco\",\"datePublished\":\"2024-10-01T08:23:33+00:00\",\"dateModified\":\"2024-10-01T11:25:48+00:00\",\"mainEntityOfPage\":{\"@id\":\"https:\\\/\\\/www.organisator.ch\\\/management\\\/2024-10-01\\\/franke-gruppe-erwirbt-wesco\\\/\"},\"wordCount\":482,\"publisher\":{\"@id\":\"https:\\\/\\\/www.organisator.ch\\\/#organization\"},\"image\":{\"@id\":\"https:\\\/\\\/www.organisator.ch\\\/management\\\/2024-10-01\\\/franke-gruppe-erwirbt-wesco\\\/#primaryimage\"},\"thumbnailUrl\":\"https:\\\/\\\/www.organisator.ch\\\/wp-content\\\/uploads\\\/2024\\\/09\\\/Franke-Bild1_ps.png\",\"keywords\":[\"Deutschland\",\"Firmen\u00fcbernahmen\",\"Schweiz\",\"Technologie\",\"Unternehmen\"],\"articleSection\":[\"MANAGEMENT\"],\"inLanguage\":\"it-IT\"},{\"@type\":\"WebPage\",\"@id\":\"https:\\\/\\\/www.organisator.ch\\\/management\\\/2024-10-01\\\/franke-gruppe-erwirbt-wesco\\\/\",\"url\":\"https:\\\/\\\/www.organisator.ch\\\/management\\\/2024-10-01\\\/franke-gruppe-erwirbt-wesco\\\/\",\"name\":\"Franke Gruppe erwirbt Wesco - Organisator\",\"isPartOf\":{\"@id\":\"https:\\\/\\\/www.organisator.ch\\\/#website\"},\"primaryImageOfPage\":{\"@id\":\"https:\\\/\\\/www.organisator.ch\\\/management\\\/2024-10-01\\\/franke-gruppe-erwirbt-wesco\\\/#primaryimage\"},\"image\":{\"@id\":\"https:\\\/\\\/www.organisator.ch\\\/management\\\/2024-10-01\\\/franke-gruppe-erwirbt-wesco\\\/#primaryimage\"},\"thumbnailUrl\":\"https:\\\/\\\/www.organisator.ch\\\/wp-content\\\/uploads\\\/2024\\\/09\\\/Franke-Bild1_ps.png\",\"datePublished\":\"2024-10-01T08:23:33+00:00\",\"dateModified\":\"2024-10-01T11:25:48+00:00\",\"description\":\"Die Franke Gruppe \u00fcbernimmt die Schweizer Wesco Gruppe und erweitert damit ihre Kernkompetenz im Bereich der Luftqualit\u00e4tstechnologie.\",\"breadcrumb\":{\"@id\":\"https:\\\/\\\/www.organisator.ch\\\/management\\\/2024-10-01\\\/franke-gruppe-erwirbt-wesco\\\/#breadcrumb\"},\"inLanguage\":\"it-IT\",\"potentialAction\":[{\"@type\":\"ReadAction\",\"target\":[\"https:\\\/\\\/www.organisator.ch\\\/management\\\/2024-10-01\\\/franke-gruppe-erwirbt-wesco\\\/\"]}]},{\"@type\":\"ImageObject\",\"inLanguage\":\"it-IT\",\"@id\":\"https:\\\/\\\/www.organisator.ch\\\/management\\\/2024-10-01\\\/franke-gruppe-erwirbt-wesco\\\/#primaryimage\",\"url\":\"https:\\\/\\\/www.organisator.ch\\\/wp-content\\\/uploads\\\/2024\\\/09\\\/Franke-Bild1_ps.png\",\"contentUrl\":\"https:\\\/\\\/www.organisator.ch\\\/wp-content\\\/uploads\\\/2024\\\/09\\\/Franke-Bild1_ps.png\",\"width\":680,\"height\":464,\"caption\":\"Franke Gruppe st\u00e4rkt Marktposition im Bereich Dunstabzugshauben. (Bild: www.franke.com)\"},{\"@type\":\"BreadcrumbList\",\"@id\":\"https:\\\/\\\/www.organisator.ch\\\/management\\\/2024-10-01\\\/franke-gruppe-erwirbt-wesco\\\/#breadcrumb\",\"itemListElement\":[{\"@type\":\"ListItem\",\"position\":1,\"name\":\"Home\",\"item\":\"https:\\\/\\\/www.organisator.ch\\\/\"},{\"@type\":\"ListItem\",\"position\":2,\"name\":\"Franke Gruppe erwirbt Wesco\"}]},{\"@type\":\"WebSite\",\"@id\":\"https:\\\/\\\/www.organisator.ch\\\/#website\",\"url\":\"https:\\\/\\\/www.organisator.ch\\\/\",\"name\":\"Organisator\",\"description\":\"Kompetent. Praxisnah. Der ORGANISATOR bereitet in 10 Ausgaben pro Jahr die wesentlichen Themen f\u00fcr F\u00fchrungskr\u00e4fte von KMU auf.\",\"publisher\":{\"@id\":\"https:\\\/\\\/www.organisator.ch\\\/#organization\"},\"potentialAction\":[{\"@type\":\"SearchAction\",\"target\":{\"@type\":\"EntryPoint\",\"urlTemplate\":\"https:\\\/\\\/www.organisator.ch\\\/?s={search_term_string}\"},\"query-input\":{\"@type\":\"PropertyValueSpecification\",\"valueRequired\":true,\"valueName\":\"search_term_string\"}}],\"inLanguage\":\"it-IT\"},{\"@type\":\"Organization\",\"@id\":\"https:\\\/\\\/www.organisator.ch\\\/#organization\",\"name\":\"Organisator\",\"url\":\"https:\\\/\\\/www.organisator.ch\\\/\",\"logo\":{\"@type\":\"ImageObject\",\"inLanguage\":\"it-IT\",\"@id\":\"https:\\\/\\\/www.organisator.ch\\\/#\\\/schema\\\/logo\\\/image\\\/\",\"url\":\"https:\\\/\\\/www.organisator.ch\\\/wp-content\\\/uploads\\\/2022\\\/01\\\/Logo_Organisator_Website.png\",\"contentUrl\":\"https:\\\/\\\/www.organisator.ch\\\/wp-content\\\/uploads\\\/2022\\\/01\\\/Logo_Organisator_Website.png\",\"width\":800,\"height\":77,\"caption\":\"Organisator\"},\"image\":{\"@id\":\"https:\\\/\\\/www.organisator.ch\\\/#\\\/schema\\\/logo\\\/image\\\/\"},\"sameAs\":[\"https:\\\/\\\/www.facebook.com\\\/OrganisatorFachmagazin\",\"https:\\\/\\\/www.linkedin.com\\\/showcase\\\/organisator-das-magazin-fr-kmu\",\"https:\\\/\\\/www.xing.com\\\/news\\\/pages\\\/organisator-ch-695\",\"https:\\\/\\\/www.youtube.com\\\/channel\\\/UCGP2Sq0iWaZwT3BdIAQFYpw\"]},{\"@type\":\"Person\",\"@id\":\"https:\\\/\\\/www.organisator.ch\\\/#\\\/schema\\\/person\\\/afccda3a71c06d4be2ed9100dd163db7\",\"name\":\"Dzana Muminovic\",\"image\":{\"@type\":\"ImageObject\",\"inLanguage\":\"it-IT\",\"@id\":\"https:\\\/\\\/secure.gravatar.com\\\/avatar\\\/909c5c71aff4b38e88686f2ab2f1ba152571f394f41ed8bae431ea56ced93050?s=96&d=mm&r=g\",\"url\":\"https:\\\/\\\/secure.gravatar.com\\\/avatar\\\/909c5c71aff4b38e88686f2ab2f1ba152571f394f41ed8bae431ea56ced93050?s=96&d=mm&r=g\",\"contentUrl\":\"https:\\\/\\\/secure.gravatar.com\\\/avatar\\\/909c5c71aff4b38e88686f2ab2f1ba152571f394f41ed8bae431ea56ced93050?s=96&d=mm&r=g\",\"caption\":\"Dzana Muminovic\"},\"url\":\"https:\\\/\\\/www.organisator.ch\\\/it\\\/author\\\/dzana-muminovic\\\/\"}]}<\/script>\n<!-- \/ Yoast SEO plugin. -->","yoast_head_json":{"title":"Il Gruppo Franke acquisisce Wesco - Organiser","description":"Il Gruppo Franke rileva il Gruppo svizzero Wesco, ampliando cos\u00ec la propria competenza nel campo della tecnologia della qualit\u00e0 dell'aria.","robots":{"index":"index","follow":"follow","max-snippet":"max-snippet:-1","max-image-preview":"max-image-preview:large","max-video-preview":"max-video-preview:-1"},"canonical":"https:\/\/www.organisator.ch\/it\/gestione-2\/2024-10-01\/franke-gruppe-erwirbt-wesco\/","og_locale":"it_IT","og_type":"article","og_title":"Franke Gruppe erwirbt WESCO","og_description":"Die Franke Gruppe \u00fcbernimmt die Schweizer WESCO Gruppe und erweitert damit ihre Kernkompetenz im Bereich der Luftqualit\u00e4tstechnologie.","og_url":"https:\/\/www.organisator.ch\/it\/gestione-2\/2024-10-01\/franke-gruppe-erwirbt-wesco\/","og_site_name":"Organisator","article_publisher":"https:\/\/www.facebook.com\/OrganisatorFachmagazin","article_published_time":"2024-10-01T08:23:33+00:00","article_modified_time":"2024-10-01T11:25:48+00:00","og_image":[{"width":680,"height":464,"url":"https:\/\/www.organisator.ch\/wp-content\/uploads\/2024\/09\/Franke-Bild1_ps.png","type":"image\/png"}],"author":"Dzana Muminovic","twitter_card":"summary_large_image","twitter_title":"Franke Gruppe erwirbt WESCO","twitter_description":"Die #Franke #Gruppe \u00fcbernimmt die Schweizer #WESCO Gruppe und erweitert damit ihre Kernkompetenz im Bereich der #Luftqualit\u00e4tstechnologie.","twitter_image":"https:\/\/www.organisator.ch\/wp-content\/uploads\/2024\/09\/Franke-Bild1_ps.png","schema":{"@context":"https:\/\/schema.org","@graph":[{"@type":"Article","@id":"https:\/\/www.organisator.ch\/management\/2024-10-01\/franke-gruppe-erwirbt-wesco\/#article","isPartOf":{"@id":"https:\/\/www.organisator.ch\/management\/2024-10-01\/franke-gruppe-erwirbt-wesco\/"},"author":{"name":"Dzana Muminovic","@id":"https:\/\/www.organisator.ch\/#\/schema\/person\/afccda3a71c06d4be2ed9100dd163db7"},"headline":"Franke Gruppe erwirbt Wesco","datePublished":"2024-10-01T08:23:33+00:00","dateModified":"2024-10-01T11:25:48+00:00","mainEntityOfPage":{"@id":"https:\/\/www.organisator.ch\/management\/2024-10-01\/franke-gruppe-erwirbt-wesco\/"},"wordCount":482,"publisher":{"@id":"https:\/\/www.organisator.ch\/#organization"},"image":{"@id":"https:\/\/www.organisator.ch\/management\/2024-10-01\/franke-gruppe-erwirbt-wesco\/#primaryimage"},"thumbnailUrl":"https:\/\/www.organisator.ch\/wp-content\/uploads\/2024\/09\/Franke-Bild1_ps.png","keywords":["Deutschland","Firmen\u00fcbernahmen","Schweiz","Technologie","Unternehmen"],"articleSection":["MANAGEMENT"],"inLanguage":"it-IT"},{"@type":"WebPage","@id":"https:\/\/www.organisator.ch\/management\/2024-10-01\/franke-gruppe-erwirbt-wesco\/","url":"https:\/\/www.organisator.ch\/management\/2024-10-01\/franke-gruppe-erwirbt-wesco\/","name":"Il Gruppo Franke acquisisce Wesco - Organiser","isPartOf":{"@id":"https:\/\/www.organisator.ch\/#website"},"primaryImageOfPage":{"@id":"https:\/\/www.organisator.ch\/management\/2024-10-01\/franke-gruppe-erwirbt-wesco\/#primaryimage"},"image":{"@id":"https:\/\/www.organisator.ch\/management\/2024-10-01\/franke-gruppe-erwirbt-wesco\/#primaryimage"},"thumbnailUrl":"https:\/\/www.organisator.ch\/wp-content\/uploads\/2024\/09\/Franke-Bild1_ps.png","datePublished":"2024-10-01T08:23:33+00:00","dateModified":"2024-10-01T11:25:48+00:00","description":"Il Gruppo Franke rileva il Gruppo svizzero Wesco, ampliando cos\u00ec la propria competenza nel campo della tecnologia della qualit\u00e0 dell'aria.","breadcrumb":{"@id":"https:\/\/www.organisator.ch\/management\/2024-10-01\/franke-gruppe-erwirbt-wesco\/#breadcrumb"},"inLanguage":"it-IT","potentialAction":[{"@type":"ReadAction","target":["https:\/\/www.organisator.ch\/management\/2024-10-01\/franke-gruppe-erwirbt-wesco\/"]}]},{"@type":"ImageObject","inLanguage":"it-IT","@id":"https:\/\/www.organisator.ch\/management\/2024-10-01\/franke-gruppe-erwirbt-wesco\/#primaryimage","url":"https:\/\/www.organisator.ch\/wp-content\/uploads\/2024\/09\/Franke-Bild1_ps.png","contentUrl":"https:\/\/www.organisator.ch\/wp-content\/uploads\/2024\/09\/Franke-Bild1_ps.png","width":680,"height":464,"caption":"Franke Gruppe st\u00e4rkt Marktposition im Bereich Dunstabzugshauben. (Bild: www.franke.com)"},{"@type":"BreadcrumbList","@id":"https:\/\/www.organisator.ch\/management\/2024-10-01\/franke-gruppe-erwirbt-wesco\/#breadcrumb","itemListElement":[{"@type":"ListItem","position":1,"name":"Home","item":"https:\/\/www.organisator.ch\/"},{"@type":"ListItem","position":2,"name":"Franke Gruppe erwirbt Wesco"}]},{"@type":"WebSite","@id":"https:\/\/www.organisator.ch\/#website","url":"https:\/\/www.organisator.ch\/","name":"Organizzatore","description":"Competente. Pratico. In 10 numeri all'anno, ORGANISATOR presenta i temi essenziali per i manager delle PMI.","publisher":{"@id":"https:\/\/www.organisator.ch\/#organization"},"potentialAction":[{"@type":"SearchAction","target":{"@type":"EntryPoint","urlTemplate":"https:\/\/www.organisator.ch\/?s={search_term_string}"},"query-input":{"@type":"PropertyValueSpecification","valueRequired":true,"valueName":"search_term_string"}}],"inLanguage":"it-IT"},{"@type":"Organization","@id":"https:\/\/www.organisator.ch\/#organization","name":"Organizzatore","url":"https:\/\/www.organisator.ch\/","logo":{"@type":"ImageObject","inLanguage":"it-IT","@id":"https:\/\/www.organisator.ch\/#\/schema\/logo\/image\/","url":"https:\/\/www.organisator.ch\/wp-content\/uploads\/2022\/01\/Logo_Organisator_Website.png","contentUrl":"https:\/\/www.organisator.ch\/wp-content\/uploads\/2022\/01\/Logo_Organisator_Website.png","width":800,"height":77,"caption":"Organisator"},"image":{"@id":"https:\/\/www.organisator.ch\/#\/schema\/logo\/image\/"},"sameAs":["https:\/\/www.facebook.com\/OrganisatorFachmagazin","https:\/\/www.linkedin.com\/showcase\/organisator-das-magazin-fr-kmu","https:\/\/www.xing.com\/news\/pages\/organisator-ch-695","https:\/\/www.youtube.com\/channel\/UCGP2Sq0iWaZwT3BdIAQFYpw"]},{"@type":"Person","@id":"https:\/\/www.organisator.ch\/#\/schema\/person\/afccda3a71c06d4be2ed9100dd163db7","name":"Dzana Muminovic","image":{"@type":"ImageObject","inLanguage":"it-IT","@id":"https:\/\/secure.gravatar.com\/avatar\/909c5c71aff4b38e88686f2ab2f1ba152571f394f41ed8bae431ea56ced93050?s=96&d=mm&r=g","url":"https:\/\/secure.gravatar.com\/avatar\/909c5c71aff4b38e88686f2ab2f1ba152571f394f41ed8bae431ea56ced93050?s=96&d=mm&r=g","contentUrl":"https:\/\/secure.gravatar.com\/avatar\/909c5c71aff4b38e88686f2ab2f1ba152571f394f41ed8bae431ea56ced93050?s=96&d=mm&r=g","caption":"Dzana Muminovic"},"url":"https:\/\/www.organisator.ch\/it\/author\/dzana-muminovic\/"}]}},"_links":{"self":[{"href":"https:\/\/www.organisator.ch\/it\/wp-json\/wp\/v2\/posts\/30260","targetHints":{"allow":["GET"]}}],"collection":[{"href":"https:\/\/www.organisator.ch\/it\/wp-json\/wp\/v2\/posts"}],"about":[{"href":"https:\/\/www.organisator.ch\/it\/wp-json\/wp\/v2\/types\/post"}],"author":[{"embeddable":true,"href":"https:\/\/www.organisator.ch\/it\/wp-json\/wp\/v2\/users\/80"}],"replies":[{"embeddable":true,"href":"https:\/\/www.organisator.ch\/it\/wp-json\/wp\/v2\/comments?post=30260"}],"version-history":[{"count":10,"href":"https:\/\/www.organisator.ch\/it\/wp-json\/wp\/v2\/posts\/30260\/revisions"}],"predecessor-version":[{"id":30306,"href":"https:\/\/www.organisator.ch\/it\/wp-json\/wp\/v2\/posts\/30260\/revisions\/30306"}],"wp:featuredmedia":[{"embeddable":true,"href":"https:\/\/www.organisator.ch\/it\/wp-json\/wp\/v2\/media\/30264"}],"wp:attachment":[{"href":"https:\/\/www.organisator.ch\/it\/wp-json\/wp\/v2\/media?parent=30260"}],"wp:term":[{"taxonomy":"category","embeddable":true,"href":"https:\/\/www.organisator.ch\/it\/wp-json\/wp\/v2\/categories?post=30260"},{"taxonomy":"post_tag","embeddable":true,"href":"https:\/\/www.organisator.ch\/it\/wp-json\/wp\/v2\/tags?post=30260"}],"curies":[{"name":"wp","href":"https:\/\/api.w.org\/{rel}","templated":true}]}}