{"id":30270,"date":"2024-09-30T18:28:28","date_gmt":"2024-09-30T16:28:28","guid":{"rendered":"https:\/\/www.markt-kom.com\/?p=224136"},"modified":"2024-11-08T06:18:23","modified_gmt":"2024-11-08T05:18:23","slug":"studie-von-staempfli-beleuchtet-die-verbandskommunikation","status":"publish","type":"post","link":"https:\/\/www.organisator.ch\/it\/marketing\/2024-09-30\/studie-von-staempfli-beleuchtet-die-verbandskommunikation\/","title":{"rendered":"Uno studio di St\u00e4mpfli fa luce sulla comunicazione associativa"},"content":{"rendered":"<figure id=\"attachment_224138\" class=\"wp-caption aligncenter\" style=\"width: 1200px\" aria-describedby=\"caption-attachment-224138\"><img class=\"aligncenter wp-image-224138 size-full\" src=\"https:\/\/www.markt-kom.com\/wp-content\/uploads\/2024\/09\/staempfli-vmi-studie-verbaende-grafik-1.jpg\" alt=\"Comunicazione dell&#039;associazione\" width=\"1200\" height=\"900\" \/>\r\n<figcaption id=\"caption-attachment-224138\" class=\"wp-caption-text\">(Grafico: St\u00e4mpfli\/VMI)<\/figcaption>\r\n<\/figure>\r\n<p>St\u00e4mpfli Kommunikation e l'Association Management Institute (VMI) dell'Universit\u00e0 di Friburgo hanno nuovamente raccolto informazioni sulle pratiche di comunicazione e sulle sfide attuali delle associazioni svizzere nell'ambito della loro seconda indagine completa. Un totale di 379 organizzazioni ha partecipato al sondaggio online - un numero record, secondo St\u00e4mpfli, che sottolinea la crescente importanza della comunicazione digitale e strategica.<\/p>\r\n<p>Lo studio evidenzia chiare tendenze nella trasformazione digitale, fa luce sui colli di bottiglia delle risorse e fornisce idee pratiche su come le associazioni possono rendere la loro comunicazione e il loro marketing adatti al futuro.<\/p>\r\n<h3>A che punto sono oggi le associazioni?<\/h3>\r\n<p>Rispetto allo studio precedente del 2017, ci sono tendenze chiare: l'uso dei social media \u00e8 ancora in crescita. In particolare, LinkedIn e Instagram hanno acquisito un'importanza massiccia nella comunicazione associativa. Mentre i mezzi pubblicitari tradizionali stanno perdendo rilevanza, gli eventi e gli incontri faccia a faccia rimangono piattaforme di comunicazione fondamentali. \"I risultati riflettono la crescente digitalizzazione, ma anche la stabilit\u00e0 di canali di comunicazione consolidati\", afferma Nathalie Maring, coautrice dello studio.<\/p>\r\n<h3>Risorse e gruppi target come sfide<\/h3>\r\n<p>Oltre alle tendenze, lo studio fa luce anche sulle sfide attuali che le associazioni devono affrontare. Molte di esse sono alle prese con risorse limitate e con la crescente pressione a rivolgersi a gruppi target pi\u00f9 giovani. Quasi tre associazioni su cinque stanno quindi pianificando misure mirate per ringiovanire i propri membri: una questione chiave che potrebbe determinare la rilevanza di molte organizzazioni in futuro.<\/p>\r\n<h3>Supporto mirato per le moderne strategie di comunicazione<\/h3>\r\n<p>St\u00e4mpfli Kommunikation intende utilizzare i risultati dello studio in modo mirato per sostenere i clienti nell'ulteriore sviluppo delle loro strategie di comunicazione. \"Utilizzeremo i nuovi risultati dello studio per guidare i nostri clienti attraverso le sfide della comunicazione digitale e offrire loro un valore aggiunto mirato\", sottolinea Monica Masciadri, co-responsabile della comunicazione associativa.<\/p>\r\n<p>Anche se la pubblicazione scientifica dettagliata dello studio non avverr\u00e0 prima della fine di ottobre 2024, le associazioni possono gi\u00e0 accedere ai risultati che possono utilizzare per ottimizzare le loro strategie di comunicazione. \"Lo studio non si limita a fare il punto sulla situazione attuale, ma fornisce anche idee pratiche su come le associazioni possono migliorare la loro comunicazione in futuro\", spiega il Prof. Dr. Markus Gm\u00fcr del VMI.<\/p>","protected":false},"excerpt":{"rendered":"<p>L'attuale studio sulle associazioni condotto da St\u00e4mpfli Kommunikation e dall'Association Management Institute VMI dell'Universit\u00e0 di Friburgo offre una panoramica sulle attuali strategie di comunicazione e sulle sfide delle associazioni svizzere.<\/p>","protected":false},"author":8,"featured_media":0,"comment_status":"closed","ping_status":"closed","sticky":false,"template":"","format":"standard","meta":{"_acf_changed":false,"_yoast_wpseo_focuskw":"Verbandskommunikation","_yoast_wpseo_metadesc":"Neue Studie von St\u00e4mpfli und VMI zeigt digitale Trends und Herausforderungen der Schweizer Verb\u00e4nde auf.","articlekey":"","footnotes":""},"categories":[29],"tags":[4343,4070,459,503],"class_list":["post-30270","post","type-post","status-publish","format-standard","hentry","category-marketing","tag-markom","tag-staempfli-kommunikation","tag-studie","tag-verbaende"],"acf":[],"yoast_head":"<!-- This site is optimized with the Yoast SEO plugin v27.5 - https:\/\/yoast.com\/product\/yoast-seo-wordpress\/ -->\n<title>Studie von St\u00e4mpfli beleuchtet die Verbandskommunikation - Organisator<\/title>\n<meta name=\"description\" content=\"Neue Studie von St\u00e4mpfli und VMI zeigt digitale Trends und Herausforderungen der Schweizer Verb\u00e4nde auf.\" \/>\n<meta name=\"robots\" content=\"index, follow, max-snippet:-1, max-image-preview:large, max-video-preview:-1\" \/>\n<link rel=\"canonical\" href=\"https:\/\/www.organisator.ch\/it\/marketing\/2024-09-30\/studie-von-staempfli-beleuchtet-die-verbandskommunikation\/\" \/>\n<meta property=\"og:locale\" content=\"it_IT\" \/>\n<meta property=\"og:type\" content=\"article\" \/>\n<meta property=\"og:title\" content=\"Studie von St\u00e4mpfli beleuchtet die Verbandskommunikation - Organisator\" \/>\n<meta property=\"og:description\" content=\"Neue Studie von St\u00e4mpfli und VMI zeigt digitale Trends und Herausforderungen der Schweizer Verb\u00e4nde auf.\" \/>\n<meta property=\"og:url\" content=\"https:\/\/www.organisator.ch\/it\/marketing\/2024-09-30\/studie-von-staempfli-beleuchtet-die-verbandskommunikation\/\" \/>\n<meta property=\"og:site_name\" content=\"Organisator\" \/>\n<meta property=\"article:publisher\" content=\"https:\/\/www.facebook.com\/OrganisatorFachmagazin\" \/>\n<meta property=\"article:published_time\" content=\"2024-09-30T16:28:28+00:00\" \/>\n<meta property=\"article:modified_time\" content=\"2024-11-08T05:18:23+00:00\" \/>\n<meta property=\"og:image\" content=\"https:\/\/www.markt-kom.com\/wp-content\/uploads\/2024\/09\/staempfli-vmi-studie-verbaende-grafik-1.jpg\" \/>\n<meta name=\"author\" content=\"galledia\" \/>\n<meta name=\"twitter:card\" content=\"summary_large_image\" \/>\n<meta name=\"twitter:creator\" content=\"@admin\" \/>\n<script type=\"application\/ld+json\" class=\"yoast-schema-graph\">{\"@context\":\"https:\\\/\\\/schema.org\",\"@graph\":[{\"@type\":\"Article\",\"@id\":\"https:\\\/\\\/www.organisator.ch\\\/marketing\\\/2024-09-30\\\/studie-von-staempfli-beleuchtet-die-verbandskommunikation\\\/#article\",\"isPartOf\":{\"@id\":\"https:\\\/\\\/www.organisator.ch\\\/marketing\\\/2024-09-30\\\/studie-von-staempfli-beleuchtet-die-verbandskommunikation\\\/\"},\"author\":{\"name\":\"galledia\",\"@id\":\"https:\\\/\\\/www.organisator.ch\\\/#\\\/schema\\\/person\\\/4e51799071cd2dd1232ac003643ef5f0\"},\"headline\":\"Studie von St\u00e4mpfli beleuchtet die Verbandskommunikation\",\"datePublished\":\"2024-09-30T16:28:28+00:00\",\"dateModified\":\"2024-11-08T05:18:23+00:00\",\"mainEntityOfPage\":{\"@id\":\"https:\\\/\\\/www.organisator.ch\\\/marketing\\\/2024-09-30\\\/studie-von-staempfli-beleuchtet-die-verbandskommunikation\\\/\"},\"wordCount\":351,\"publisher\":{\"@id\":\"https:\\\/\\\/www.organisator.ch\\\/#organization\"},\"image\":{\"@id\":\"https:\\\/\\\/www.organisator.ch\\\/marketing\\\/2024-09-30\\\/studie-von-staempfli-beleuchtet-die-verbandskommunikation\\\/#primaryimage\"},\"thumbnailUrl\":\"https:\\\/\\\/www.markt-kom.com\\\/wp-content\\\/uploads\\\/2024\\\/09\\\/staempfli-vmi-studie-verbaende-grafik-1.jpg\",\"keywords\":[\"MarKom\",\"St\u00e4mpfli Kommunikation\",\"Studie\",\"Verb\u00e4nde\"],\"articleSection\":[\"MARKETING\"],\"inLanguage\":\"it-IT\"},{\"@type\":\"WebPage\",\"@id\":\"https:\\\/\\\/www.organisator.ch\\\/marketing\\\/2024-09-30\\\/studie-von-staempfli-beleuchtet-die-verbandskommunikation\\\/\",\"url\":\"https:\\\/\\\/www.organisator.ch\\\/marketing\\\/2024-09-30\\\/studie-von-staempfli-beleuchtet-die-verbandskommunikation\\\/\",\"name\":\"Studie von St\u00e4mpfli beleuchtet die Verbandskommunikation - Organisator\",\"isPartOf\":{\"@id\":\"https:\\\/\\\/www.organisator.ch\\\/#website\"},\"primaryImageOfPage\":{\"@id\":\"https:\\\/\\\/www.organisator.ch\\\/marketing\\\/2024-09-30\\\/studie-von-staempfli-beleuchtet-die-verbandskommunikation\\\/#primaryimage\"},\"image\":{\"@id\":\"https:\\\/\\\/www.organisator.ch\\\/marketing\\\/2024-09-30\\\/studie-von-staempfli-beleuchtet-die-verbandskommunikation\\\/#primaryimage\"},\"thumbnailUrl\":\"https:\\\/\\\/www.markt-kom.com\\\/wp-content\\\/uploads\\\/2024\\\/09\\\/staempfli-vmi-studie-verbaende-grafik-1.jpg\",\"datePublished\":\"2024-09-30T16:28:28+00:00\",\"dateModified\":\"2024-11-08T05:18:23+00:00\",\"description\":\"Neue Studie von St\u00e4mpfli und VMI zeigt digitale Trends und Herausforderungen der Schweizer Verb\u00e4nde auf.\",\"breadcrumb\":{\"@id\":\"https:\\\/\\\/www.organisator.ch\\\/marketing\\\/2024-09-30\\\/studie-von-staempfli-beleuchtet-die-verbandskommunikation\\\/#breadcrumb\"},\"inLanguage\":\"it-IT\",\"potentialAction\":[{\"@type\":\"ReadAction\",\"target\":[\"https:\\\/\\\/www.organisator.ch\\\/marketing\\\/2024-09-30\\\/studie-von-staempfli-beleuchtet-die-verbandskommunikation\\\/\"]}]},{\"@type\":\"ImageObject\",\"inLanguage\":\"it-IT\",\"@id\":\"https:\\\/\\\/www.organisator.ch\\\/marketing\\\/2024-09-30\\\/studie-von-staempfli-beleuchtet-die-verbandskommunikation\\\/#primaryimage\",\"url\":\"https:\\\/\\\/www.markt-kom.com\\\/wp-content\\\/uploads\\\/2024\\\/09\\\/staempfli-vmi-studie-verbaende-grafik-1.jpg\",\"contentUrl\":\"https:\\\/\\\/www.markt-kom.com\\\/wp-content\\\/uploads\\\/2024\\\/09\\\/staempfli-vmi-studie-verbaende-grafik-1.jpg\"},{\"@type\":\"BreadcrumbList\",\"@id\":\"https:\\\/\\\/www.organisator.ch\\\/marketing\\\/2024-09-30\\\/studie-von-staempfli-beleuchtet-die-verbandskommunikation\\\/#breadcrumb\",\"itemListElement\":[{\"@type\":\"ListItem\",\"position\":1,\"name\":\"Home\",\"item\":\"https:\\\/\\\/www.organisator.ch\\\/\"},{\"@type\":\"ListItem\",\"position\":2,\"name\":\"Studie von St\u00e4mpfli beleuchtet die Verbandskommunikation\"}]},{\"@type\":\"WebSite\",\"@id\":\"https:\\\/\\\/www.organisator.ch\\\/#website\",\"url\":\"https:\\\/\\\/www.organisator.ch\\\/\",\"name\":\"Organisator\",\"description\":\"Kompetent. Praxisnah. Der ORGANISATOR bereitet in 10 Ausgaben pro Jahr die wesentlichen Themen f\u00fcr F\u00fchrungskr\u00e4fte von KMU auf.\",\"publisher\":{\"@id\":\"https:\\\/\\\/www.organisator.ch\\\/#organization\"},\"potentialAction\":[{\"@type\":\"SearchAction\",\"target\":{\"@type\":\"EntryPoint\",\"urlTemplate\":\"https:\\\/\\\/www.organisator.ch\\\/?s={search_term_string}\"},\"query-input\":{\"@type\":\"PropertyValueSpecification\",\"valueRequired\":true,\"valueName\":\"search_term_string\"}}],\"inLanguage\":\"it-IT\"},{\"@type\":\"Organization\",\"@id\":\"https:\\\/\\\/www.organisator.ch\\\/#organization\",\"name\":\"Organisator\",\"url\":\"https:\\\/\\\/www.organisator.ch\\\/\",\"logo\":{\"@type\":\"ImageObject\",\"inLanguage\":\"it-IT\",\"@id\":\"https:\\\/\\\/www.organisator.ch\\\/#\\\/schema\\\/logo\\\/image\\\/\",\"url\":\"https:\\\/\\\/www.organisator.ch\\\/wp-content\\\/uploads\\\/2022\\\/01\\\/Logo_Organisator_Website.png\",\"contentUrl\":\"https:\\\/\\\/www.organisator.ch\\\/wp-content\\\/uploads\\\/2022\\\/01\\\/Logo_Organisator_Website.png\",\"width\":800,\"height\":77,\"caption\":\"Organisator\"},\"image\":{\"@id\":\"https:\\\/\\\/www.organisator.ch\\\/#\\\/schema\\\/logo\\\/image\\\/\"},\"sameAs\":[\"https:\\\/\\\/www.facebook.com\\\/OrganisatorFachmagazin\",\"https:\\\/\\\/www.linkedin.com\\\/showcase\\\/organisator-das-magazin-fr-kmu\",\"https:\\\/\\\/www.xing.com\\\/news\\\/pages\\\/organisator-ch-695\",\"https:\\\/\\\/www.youtube.com\\\/channel\\\/UCGP2Sq0iWaZwT3BdIAQFYpw\"]},{\"@type\":\"Person\",\"@id\":\"https:\\\/\\\/www.organisator.ch\\\/#\\\/schema\\\/person\\\/4e51799071cd2dd1232ac003643ef5f0\",\"name\":\"galledia\",\"image\":{\"@type\":\"ImageObject\",\"inLanguage\":\"it-IT\",\"@id\":\"https:\\\/\\\/secure.gravatar.com\\\/avatar\\\/78a7f90c01fc2bfc875782a0d4922b37cde2cf184ce347b91316d23cd7f69a36?s=96&d=mm&r=g\",\"url\":\"https:\\\/\\\/secure.gravatar.com\\\/avatar\\\/78a7f90c01fc2bfc875782a0d4922b37cde2cf184ce347b91316d23cd7f69a36?s=96&d=mm&r=g\",\"contentUrl\":\"https:\\\/\\\/secure.gravatar.com\\\/avatar\\\/78a7f90c01fc2bfc875782a0d4922b37cde2cf184ce347b91316d23cd7f69a36?s=96&d=mm&r=g\",\"caption\":\"galledia\"},\"sameAs\":[\"https:\\\/\\\/x.com\\\/admin\"],\"url\":\"https:\\\/\\\/www.organisator.ch\\\/it\\\/author\\\/galledia\\\/\"}]}<\/script>\n<!-- \/ Yoast SEO plugin. -->","yoast_head_json":{"title":"Lo studio di St\u00e4mpfli fa luce sulla comunicazione associativa - Organizzatore","description":"Un nuovo studio di St\u00e4mpfli e VMI rivela le tendenze e le sfide digitali delle organizzazioni svizzere.","robots":{"index":"index","follow":"follow","max-snippet":"max-snippet:-1","max-image-preview":"max-image-preview:large","max-video-preview":"max-video-preview:-1"},"canonical":"https:\/\/www.organisator.ch\/it\/marketing\/2024-09-30\/studie-von-staempfli-beleuchtet-die-verbandskommunikation\/","og_locale":"it_IT","og_type":"article","og_title":"Studie von St\u00e4mpfli beleuchtet die Verbandskommunikation - Organisator","og_description":"Neue Studie von St\u00e4mpfli und VMI zeigt digitale Trends und Herausforderungen der Schweizer Verb\u00e4nde auf.","og_url":"https:\/\/www.organisator.ch\/it\/marketing\/2024-09-30\/studie-von-staempfli-beleuchtet-die-verbandskommunikation\/","og_site_name":"Organisator","article_publisher":"https:\/\/www.facebook.com\/OrganisatorFachmagazin","article_published_time":"2024-09-30T16:28:28+00:00","article_modified_time":"2024-11-08T05:18:23+00:00","og_image":[{"url":"https:\/\/www.markt-kom.com\/wp-content\/uploads\/2024\/09\/staempfli-vmi-studie-verbaende-grafik-1.jpg","type":"","width":"","height":""}],"author":"galledia","twitter_card":"summary_large_image","twitter_creator":"@admin","schema":{"@context":"https:\/\/schema.org","@graph":[{"@type":"Article","@id":"https:\/\/www.organisator.ch\/marketing\/2024-09-30\/studie-von-staempfli-beleuchtet-die-verbandskommunikation\/#article","isPartOf":{"@id":"https:\/\/www.organisator.ch\/marketing\/2024-09-30\/studie-von-staempfli-beleuchtet-die-verbandskommunikation\/"},"author":{"name":"galledia","@id":"https:\/\/www.organisator.ch\/#\/schema\/person\/4e51799071cd2dd1232ac003643ef5f0"},"headline":"Studie von St\u00e4mpfli beleuchtet die Verbandskommunikation","datePublished":"2024-09-30T16:28:28+00:00","dateModified":"2024-11-08T05:18:23+00:00","mainEntityOfPage":{"@id":"https:\/\/www.organisator.ch\/marketing\/2024-09-30\/studie-von-staempfli-beleuchtet-die-verbandskommunikation\/"},"wordCount":351,"publisher":{"@id":"https:\/\/www.organisator.ch\/#organization"},"image":{"@id":"https:\/\/www.organisator.ch\/marketing\/2024-09-30\/studie-von-staempfli-beleuchtet-die-verbandskommunikation\/#primaryimage"},"thumbnailUrl":"https:\/\/www.markt-kom.com\/wp-content\/uploads\/2024\/09\/staempfli-vmi-studie-verbaende-grafik-1.jpg","keywords":["MarKom","St\u00e4mpfli Kommunikation","Studie","Verb\u00e4nde"],"articleSection":["MARKETING"],"inLanguage":"it-IT"},{"@type":"WebPage","@id":"https:\/\/www.organisator.ch\/marketing\/2024-09-30\/studie-von-staempfli-beleuchtet-die-verbandskommunikation\/","url":"https:\/\/www.organisator.ch\/marketing\/2024-09-30\/studie-von-staempfli-beleuchtet-die-verbandskommunikation\/","name":"Lo studio di St\u00e4mpfli fa luce sulla comunicazione associativa - Organizzatore","isPartOf":{"@id":"https:\/\/www.organisator.ch\/#website"},"primaryImageOfPage":{"@id":"https:\/\/www.organisator.ch\/marketing\/2024-09-30\/studie-von-staempfli-beleuchtet-die-verbandskommunikation\/#primaryimage"},"image":{"@id":"https:\/\/www.organisator.ch\/marketing\/2024-09-30\/studie-von-staempfli-beleuchtet-die-verbandskommunikation\/#primaryimage"},"thumbnailUrl":"https:\/\/www.markt-kom.com\/wp-content\/uploads\/2024\/09\/staempfli-vmi-studie-verbaende-grafik-1.jpg","datePublished":"2024-09-30T16:28:28+00:00","dateModified":"2024-11-08T05:18:23+00:00","description":"Un nuovo studio di St\u00e4mpfli e VMI rivela le tendenze e le sfide digitali delle organizzazioni svizzere.","breadcrumb":{"@id":"https:\/\/www.organisator.ch\/marketing\/2024-09-30\/studie-von-staempfli-beleuchtet-die-verbandskommunikation\/#breadcrumb"},"inLanguage":"it-IT","potentialAction":[{"@type":"ReadAction","target":["https:\/\/www.organisator.ch\/marketing\/2024-09-30\/studie-von-staempfli-beleuchtet-die-verbandskommunikation\/"]}]},{"@type":"ImageObject","inLanguage":"it-IT","@id":"https:\/\/www.organisator.ch\/marketing\/2024-09-30\/studie-von-staempfli-beleuchtet-die-verbandskommunikation\/#primaryimage","url":"https:\/\/www.markt-kom.com\/wp-content\/uploads\/2024\/09\/staempfli-vmi-studie-verbaende-grafik-1.jpg","contentUrl":"https:\/\/www.markt-kom.com\/wp-content\/uploads\/2024\/09\/staempfli-vmi-studie-verbaende-grafik-1.jpg"},{"@type":"BreadcrumbList","@id":"https:\/\/www.organisator.ch\/marketing\/2024-09-30\/studie-von-staempfli-beleuchtet-die-verbandskommunikation\/#breadcrumb","itemListElement":[{"@type":"ListItem","position":1,"name":"Home","item":"https:\/\/www.organisator.ch\/"},{"@type":"ListItem","position":2,"name":"Studie von St\u00e4mpfli beleuchtet die Verbandskommunikation"}]},{"@type":"WebSite","@id":"https:\/\/www.organisator.ch\/#website","url":"https:\/\/www.organisator.ch\/","name":"Organizzatore","description":"Competente. Pratico. In 10 numeri all'anno, ORGANISATOR presenta i temi essenziali per i manager delle PMI.","publisher":{"@id":"https:\/\/www.organisator.ch\/#organization"},"potentialAction":[{"@type":"SearchAction","target":{"@type":"EntryPoint","urlTemplate":"https:\/\/www.organisator.ch\/?s={search_term_string}"},"query-input":{"@type":"PropertyValueSpecification","valueRequired":true,"valueName":"search_term_string"}}],"inLanguage":"it-IT"},{"@type":"Organization","@id":"https:\/\/www.organisator.ch\/#organization","name":"Organizzatore","url":"https:\/\/www.organisator.ch\/","logo":{"@type":"ImageObject","inLanguage":"it-IT","@id":"https:\/\/www.organisator.ch\/#\/schema\/logo\/image\/","url":"https:\/\/www.organisator.ch\/wp-content\/uploads\/2022\/01\/Logo_Organisator_Website.png","contentUrl":"https:\/\/www.organisator.ch\/wp-content\/uploads\/2022\/01\/Logo_Organisator_Website.png","width":800,"height":77,"caption":"Organisator"},"image":{"@id":"https:\/\/www.organisator.ch\/#\/schema\/logo\/image\/"},"sameAs":["https:\/\/www.facebook.com\/OrganisatorFachmagazin","https:\/\/www.linkedin.com\/showcase\/organisator-das-magazin-fr-kmu","https:\/\/www.xing.com\/news\/pages\/organisator-ch-695","https:\/\/www.youtube.com\/channel\/UCGP2Sq0iWaZwT3BdIAQFYpw"]},{"@type":"Person","@id":"https:\/\/www.organisator.ch\/#\/schema\/person\/4e51799071cd2dd1232ac003643ef5f0","name":"galledia","image":{"@type":"ImageObject","inLanguage":"it-IT","@id":"https:\/\/secure.gravatar.com\/avatar\/78a7f90c01fc2bfc875782a0d4922b37cde2cf184ce347b91316d23cd7f69a36?s=96&d=mm&r=g","url":"https:\/\/secure.gravatar.com\/avatar\/78a7f90c01fc2bfc875782a0d4922b37cde2cf184ce347b91316d23cd7f69a36?s=96&d=mm&r=g","contentUrl":"https:\/\/secure.gravatar.com\/avatar\/78a7f90c01fc2bfc875782a0d4922b37cde2cf184ce347b91316d23cd7f69a36?s=96&d=mm&r=g","caption":"galledia"},"sameAs":["https:\/\/x.com\/admin"],"url":"https:\/\/www.organisator.ch\/it\/author\/galledia\/"}]}},"_links":{"self":[{"href":"https:\/\/www.organisator.ch\/it\/wp-json\/wp\/v2\/posts\/30270","targetHints":{"allow":["GET"]}}],"collection":[{"href":"https:\/\/www.organisator.ch\/it\/wp-json\/wp\/v2\/posts"}],"about":[{"href":"https:\/\/www.organisator.ch\/it\/wp-json\/wp\/v2\/types\/post"}],"author":[{"embeddable":true,"href":"https:\/\/www.organisator.ch\/it\/wp-json\/wp\/v2\/users\/8"}],"replies":[{"embeddable":true,"href":"https:\/\/www.organisator.ch\/it\/wp-json\/wp\/v2\/comments?post=30270"}],"version-history":[{"count":5,"href":"https:\/\/www.organisator.ch\/it\/wp-json\/wp\/v2\/posts\/30270\/revisions"}],"predecessor-version":[{"id":31849,"href":"https:\/\/www.organisator.ch\/it\/wp-json\/wp\/v2\/posts\/30270\/revisions\/31849"}],"wp:attachment":[{"href":"https:\/\/www.organisator.ch\/it\/wp-json\/wp\/v2\/media?parent=30270"}],"wp:term":[{"taxonomy":"category","embeddable":true,"href":"https:\/\/www.organisator.ch\/it\/wp-json\/wp\/v2\/categories?post=30270"},{"taxonomy":"post_tag","embeddable":true,"href":"https:\/\/www.organisator.ch\/it\/wp-json\/wp\/v2\/tags?post=30270"}],"curies":[{"name":"wp","href":"https:\/\/api.w.org\/{rel}","templated":true}]}}