{"id":30313,"date":"2024-10-02T07:32:12","date_gmt":"2024-10-02T05:32:12","guid":{"rendered":"https:\/\/www.organisator.ch\/?p=30313"},"modified":"2024-10-01T15:32:47","modified_gmt":"2024-10-01T13:32:47","slug":"rekordhoch-arbeitsplaetzezuwachs-im-bereich-der-erneuerbaren-energien","status":"publish","type":"post","link":"https:\/\/www.organisator.ch\/it\/sustainability\/2024-10-02\/rekordhoch-arbeitsplaetzezuwachs-im-bereich-der-erneuerbaren-energien\/","title":{"rendered":"Record di crescita dei posti di lavoro nel settore delle energie rinnovabili"},"content":{"rendered":"<figure id=\"attachment_30315\" aria-describedby=\"caption-attachment-30315\" style=\"width: 680px\" class=\"wp-caption alignnone\"><img loading=\"lazy\" decoding=\"async\" class=\"size-full wp-image-30315\" src=\"https:\/\/www.organisator.ch\/wp-content\/uploads\/2024\/10\/ILO_IRENA_Bild1_ps.jpg\" alt=\"\" width=\"680\" height=\"395\" srcset=\"https:\/\/www.organisator.ch\/wp-content\/uploads\/2024\/10\/ILO_IRENA_Bild1_ps.jpg 680w, https:\/\/www.organisator.ch\/wp-content\/uploads\/2024\/10\/ILO_IRENA_Bild1_ps-18x10.jpg 18w, https:\/\/www.organisator.ch\/wp-content\/uploads\/2024\/10\/ILO_IRENA_Bild1_ps-375x218.jpg 375w, https:\/\/www.organisator.ch\/wp-content\/uploads\/2024\/10\/ILO_IRENA_Bild1_ps-603x350.jpg 603w\" sizes=\"auto, (max-width: 680px) 100vw, 680px\" \/><figcaption id=\"caption-attachment-30315\" class=\"wp-caption-text\">L'aumento di 18 % rispetto all'anno precedente riflette la forte crescita della capacit\u00e0 di generazione di energia rinnovabile e la costante espansione della costruzione di impianti. (Immagine: www.irena.org \/ www.ilo.org)<\/figcaption><\/figure>\n<p>Tuttavia, un'analisi pi\u00f9 approfondita dei dati contenuti nel rapporto rivela un quadro generale contrastante. L'anno scorso la Cina ha installato da sola quasi due terzi della nuova capacit\u00e0 mondiale di energia solare ed eolica.<\/p>\n<p>La Cina occupa il primo posto con circa 7,4 milioni di posti di lavoro nel settore delle energie rinnovabili, pari a 46% del totale globale. Seguono l'UE con 1,8 milioni, il Brasile con 1,56 milioni e gli Stati Uniti, a pari merito con l'India, con poco meno di 1 milione di posti di lavoro ciascuno.<\/p>\n<p>Come negli anni precedenti, l'impulso maggiore \u00e8 arrivato dal settore fotovoltaico (PV), in rapida crescita, che ha creato 7,2 milioni di posti di lavoro in tutto il mondo. La Cina, il principale produttore e installatore di impianti fotovoltaici, ne ha creati 4,6 milioni. Grazie ai notevoli investimenti della Cina, il Sud-Est asiatico \u00e8 diventato un importante polo di esportazione del fotovoltaico e sta creando posti di lavoro nella regione.<\/p>\n<p>Il secondo maggior numero di posti di lavoro \u00e8 stato registrato nei biocarburanti liquidi, seguiti dall'energia idroelettrica ed eolica. Il leader dei biocarburanti \u00e8 il Brasile, che rappresenta un terzo dei 2,8 milioni di posti di lavoro in questo settore a livello mondiale. L'Indonesia, con la sua produzione in rapida crescita, rappresenta un quarto dei posti di lavoro globali nel settore dei biocarburanti, collocandosi al secondo posto.<\/p>\n<p>Un'eccezione alla tendenza generale di crescita, dovuta al rallentamento dell'espansione, \u00e8 l'energia idroelettrica, con un calo dei posti di lavoro diretti da circa 2,5 milioni nel 2022 a 2,3 milioni. Cina, India, Brasile, Vietnam e Pakistan sono i maggiori datori di lavoro del settore.<\/p>\n<p>La Cina e l'Europa occupano la prima posizione nel settore dell'energia eolica. Dominano la produzione e l'installazione di turbine e hanno contribuito rispettivamente con 52 % e 21 % al totale di 1,5 milioni di posti di lavoro nel mondo.<\/p>\n<p>Nonostante l'enorme potenziale di risorse, l'Africa rappresenta ancora solo una piccola parte degli investimenti globali nelle energie rinnovabili, che si traducono in un totale di 324.000 posti di lavoro nel settore delle energie rinnovabili nel 2023. In regioni come l'Africa, che hanno urgente bisogno di un accesso sicuro e sostenibile all'energia, soprattutto nelle aree remote, le soluzioni di energia rinnovabile decentralizzata (DRE) - sistemi autosufficienti non collegati alle reti di distribuzione - potrebbero colmare il divario di accesso e creare posti di lavoro. Eliminare le barriere all'imprenditoria femminile nel settore DRE pu\u00f2 dare impulso al settore e migliorare le economie locali e l'equit\u00e0 energetica.<\/p>\n<p>Francesco La Camera, Direttore Generale dell'IRENA, ha commentato cos\u00ec l'elevata concentrazione geografica: \"La transizione energetica e i suoi benefici socio-economici non devono essere limitati a una o due regioni. Se vogliamo davvero mantenere la nostra promessa collettiva di triplicare la capacit\u00e0 di produzione di energia rinnovabile entro il 2030, il mondo deve intensificare gli sforzi e sostenere le regioni emarginate nell'eliminazione degli ostacoli alla loro transizione energetica. Una maggiore cooperazione internazionale pu\u00f2 mobilitare maggiori finanziamenti per il sostegno alle politiche e lo sviluppo delle capacit\u00e0 nei Paesi che non stanno ancora beneficiando della creazione di posti di lavoro nel settore delle energie rinnovabili.\"<\/p>\n<p>Per soddisfare la crescente domanda di manodopera qualificata e diversificata nel contesto della transizione energetica, la politica deve sostenere misure a favore di una forza lavoro pi\u00f9 diversificata e di una migliore parit\u00e0 di genere. Con le donne che rappresentano il 32 % del numero totale di dipendenti nel settore delle energie rinnovabili, l'equilibrio di genere in questo settore rimane squilibrato, anche se il numero di posti di lavoro \u00e8 in costante aumento. \u00c8 un compito essenziale dell'istruzione e della formazione creare opportunit\u00e0 di lavoro diversificate per le donne, i giovani e i membri di minoranze e gruppi svantaggiati.<\/p>\n<p>\"Investire nell'istruzione, nello sviluppo delle competenze e nella formazione pu\u00f2 riqualificare tutti i lavoratori provenienti dai settori dei combustibili fossili, affrontare le disuguaglianze di genere e di altro tipo e preparare la forza lavoro a nuovi ruoli nell'energia pulita. Questo \u00e8 essenziale per dotare i lavoratori delle conoscenze e delle competenze necessarie per un lavoro dignitoso e per garantire una transizione energetica giusta e sostenibile. Con la firma dell'Accordo di Parigi ci siamo impegnati a realizzare una transizione energetica sostenibile\", ha dichiarato Gilbert F. Houngbo, Direttore generale dell'ILO.<\/p>\n<p>L'11\u00aa edizione della Rassegna annuale fa parte delle analisi complete dell'IRENA sugli impatti socio-economici di una transizione energetica basata sulle energie rinnovabili. Questa edizione - la quarta prodotta in collaborazione con l'ILO - sottolinea l'importanza di un approccio incentrato sulle persone e sull'ambiente per consentire una transizione energetica equa e inclusiva. Chiede quadri politici olistici che vadano oltre il perseguimento dell'innovazione tecnologica per raggiungere l'obiettivo di triplicare l'energia rapidamente e al minor costo possibile, oltre a dare priorit\u00e0 alla creazione di valore locale, garantendo la creazione di posti di lavoro dignitosi e basandosi sulla partecipazione attiva dei lavoratori e delle comunit\u00e0 nel plasmare la transizione energetica. L'ILO ha contribuito a questo rapporto con la sua esperienza nel campo dell'occupazione e ha scritto il capitolo sulle competenze.<\/p>\n<p><em>Fonte: <a href=\"http:\/\/www.irena.org\">www.irena.org<\/a> \/ <a href=\"http:\/\/www.ilo.org\">www.ilo.org<\/a><\/em><\/p>","protected":false},"excerpt":{"rendered":"<p>La crescita dei posti di lavoro nelle energie rinnovabili ha raggiunto un livello record nel 2023, passando da 13,7 milioni nel 2022 a 16,2 milioni nel 2023, secondo il rapporto Renewable Energy and Jobs - Annual Review 2024 recentemente pubblicato dall'Agenzia Internazionale per le Energie Rinnovabili (IRENA) e dall'Organizzazione Internazionale del Lavoro (ILO). L'aumento di 18 % rispetto all'anno precedente riflette la forte crescita della capacit\u00e0 di generazione di energia rinnovabile e la costante espansione della costruzione di impianti.<\/p>","protected":false},"author":58,"featured_media":30315,"comment_status":"closed","ping_status":"closed","sticky":false,"template":"","format":"standard","meta":{"_acf_changed":false,"_yoast_wpseo_focuskw":"Arbeitspl\u00e4tzezuwachs","_yoast_wpseo_metadesc":"Im Jahr 2023 wurde ein Rekordhoch beim Arbeitspl\u00e4tzezuwachs im Bereich der erneuerbaren Energien verzeichnet.","articlekey":"","footnotes":""},"categories":[580],"tags":[4568,1098,4303,4569,492],"class_list":["post-30313","post","type-post","status-publish","format-standard","has-post-thumbnail","hentry","category-sustainability","tag-arbeitsplaetzezuwachs","tag-enerneuerbare-energie","tag-fachkraefte","tag-rekordhoch","tag-unternehmen"],"acf":[],"yoast_head":"<!-- This site is optimized with the Yoast SEO plugin v27.4 - https:\/\/yoast.com\/product\/yoast-seo-wordpress\/ -->\n<title>Rekordhoch: Arbeitspl\u00e4tzezuwachs im Bereich der erneuerbaren Energien - Organisator<\/title>\n<meta name=\"description\" content=\"Im Jahr 2023 wurde ein Rekordhoch beim Arbeitspl\u00e4tzezuwachs im Bereich der erneuerbaren Energien verzeichnet.\" \/>\n<meta name=\"robots\" content=\"index, follow, max-snippet:-1, max-image-preview:large, max-video-preview:-1\" \/>\n<link rel=\"canonical\" href=\"https:\/\/www.organisator.ch\/it\/sostenibilita\/2024-10-02\/rekordhoch-arbeitsplaetzezuwachs-im-bereich-der-erneuerbaren-energien\/\" \/>\n<meta property=\"og:locale\" content=\"it_IT\" \/>\n<meta property=\"og:type\" content=\"article\" \/>\n<meta property=\"og:title\" content=\"Rekordhoch: Arbeitspl\u00e4tzezuwachs im Bereich der erneuerbaren Energien\" \/>\n<meta property=\"og:description\" content=\"Im Jahr 2023 wurde ein Rekordhoch beim Arbeitspl\u00e4tzezuwachs im Bereich der erneuerbaren Energien verzeichnet.\" \/>\n<meta property=\"og:url\" content=\"https:\/\/www.organisator.ch\/it\/sostenibilita\/2024-10-02\/rekordhoch-arbeitsplaetzezuwachs-im-bereich-der-erneuerbaren-energien\/\" \/>\n<meta property=\"og:site_name\" content=\"Organisator\" \/>\n<meta property=\"article:publisher\" content=\"https:\/\/www.facebook.com\/OrganisatorFachmagazin\" \/>\n<meta property=\"article:published_time\" content=\"2024-10-02T05:32:12+00:00\" \/>\n<meta property=\"og:image\" content=\"https:\/\/www.organisator.ch\/wp-content\/uploads\/2024\/10\/ILO_IRENA_Bild1_ps.jpg\" \/>\n\t<meta property=\"og:image:width\" content=\"680\" \/>\n\t<meta property=\"og:image:height\" content=\"395\" \/>\n\t<meta property=\"og:image:type\" content=\"image\/jpeg\" \/>\n<meta name=\"author\" content=\"Adelisa Kalajdzini\" \/>\n<meta name=\"twitter:card\" content=\"summary_large_image\" \/>\n<meta name=\"twitter:title\" content=\"Rekordhoch: Arbeitspl\u00e4tzezuwachs im Bereich der erneuerbaren Energien\" \/>\n<meta name=\"twitter:description\" content=\"Im Jahr 2023 wurde ein #Rekordhoch beim #Arbeitspl\u00e4tzezuwachs im #Bereich der #erneuerbaren #Energien verzeichnet.\" \/>\n<meta name=\"twitter:image\" content=\"https:\/\/www.organisator.ch\/wp-content\/uploads\/2024\/10\/ILO_IRENA_Bild1_ps.jpg\" \/>\n<script type=\"application\/ld+json\" class=\"yoast-schema-graph\">{\"@context\":\"https:\\\/\\\/schema.org\",\"@graph\":[{\"@type\":\"Article\",\"@id\":\"https:\\\/\\\/www.organisator.ch\\\/sustainability\\\/2024-10-02\\\/rekordhoch-arbeitsplaetzezuwachs-im-bereich-der-erneuerbaren-energien\\\/#article\",\"isPartOf\":{\"@id\":\"https:\\\/\\\/www.organisator.ch\\\/sustainability\\\/2024-10-02\\\/rekordhoch-arbeitsplaetzezuwachs-im-bereich-der-erneuerbaren-energien\\\/\"},\"author\":{\"name\":\"Adelisa Kalajdzini\",\"@id\":\"https:\\\/\\\/www.organisator.ch\\\/#\\\/schema\\\/person\\\/2e1314a2172123f874db408d8911d3f3\"},\"headline\":\"Rekordhoch: Arbeitspl\u00e4tzezuwachs im Bereich der erneuerbaren Energien\",\"datePublished\":\"2024-10-02T05:32:12+00:00\",\"mainEntityOfPage\":{\"@id\":\"https:\\\/\\\/www.organisator.ch\\\/sustainability\\\/2024-10-02\\\/rekordhoch-arbeitsplaetzezuwachs-im-bereich-der-erneuerbaren-energien\\\/\"},\"wordCount\":856,\"publisher\":{\"@id\":\"https:\\\/\\\/www.organisator.ch\\\/#organization\"},\"image\":{\"@id\":\"https:\\\/\\\/www.organisator.ch\\\/sustainability\\\/2024-10-02\\\/rekordhoch-arbeitsplaetzezuwachs-im-bereich-der-erneuerbaren-energien\\\/#primaryimage\"},\"thumbnailUrl\":\"https:\\\/\\\/www.organisator.ch\\\/wp-content\\\/uploads\\\/2024\\\/10\\\/ILO_IRENA_Bild1_ps.jpg\",\"keywords\":[\"Arbeitspl\u00e4tzezuwachs\",\"Enerneuerbare Energie\",\"Fachkr\u00e4fte\",\"Rekordhoch\",\"Unternehmen\"],\"articleSection\":[\"SUSTAINABILITY\"],\"inLanguage\":\"it-IT\"},{\"@type\":\"WebPage\",\"@id\":\"https:\\\/\\\/www.organisator.ch\\\/sustainability\\\/2024-10-02\\\/rekordhoch-arbeitsplaetzezuwachs-im-bereich-der-erneuerbaren-energien\\\/\",\"url\":\"https:\\\/\\\/www.organisator.ch\\\/sustainability\\\/2024-10-02\\\/rekordhoch-arbeitsplaetzezuwachs-im-bereich-der-erneuerbaren-energien\\\/\",\"name\":\"Rekordhoch: Arbeitspl\u00e4tzezuwachs im Bereich der erneuerbaren Energien - Organisator\",\"isPartOf\":{\"@id\":\"https:\\\/\\\/www.organisator.ch\\\/#website\"},\"primaryImageOfPage\":{\"@id\":\"https:\\\/\\\/www.organisator.ch\\\/sustainability\\\/2024-10-02\\\/rekordhoch-arbeitsplaetzezuwachs-im-bereich-der-erneuerbaren-energien\\\/#primaryimage\"},\"image\":{\"@id\":\"https:\\\/\\\/www.organisator.ch\\\/sustainability\\\/2024-10-02\\\/rekordhoch-arbeitsplaetzezuwachs-im-bereich-der-erneuerbaren-energien\\\/#primaryimage\"},\"thumbnailUrl\":\"https:\\\/\\\/www.organisator.ch\\\/wp-content\\\/uploads\\\/2024\\\/10\\\/ILO_IRENA_Bild1_ps.jpg\",\"datePublished\":\"2024-10-02T05:32:12+00:00\",\"description\":\"Im Jahr 2023 wurde ein Rekordhoch beim Arbeitspl\u00e4tzezuwachs im Bereich der erneuerbaren Energien verzeichnet.\",\"breadcrumb\":{\"@id\":\"https:\\\/\\\/www.organisator.ch\\\/sustainability\\\/2024-10-02\\\/rekordhoch-arbeitsplaetzezuwachs-im-bereich-der-erneuerbaren-energien\\\/#breadcrumb\"},\"inLanguage\":\"it-IT\",\"potentialAction\":[{\"@type\":\"ReadAction\",\"target\":[\"https:\\\/\\\/www.organisator.ch\\\/sustainability\\\/2024-10-02\\\/rekordhoch-arbeitsplaetzezuwachs-im-bereich-der-erneuerbaren-energien\\\/\"]}]},{\"@type\":\"ImageObject\",\"inLanguage\":\"it-IT\",\"@id\":\"https:\\\/\\\/www.organisator.ch\\\/sustainability\\\/2024-10-02\\\/rekordhoch-arbeitsplaetzezuwachs-im-bereich-der-erneuerbaren-energien\\\/#primaryimage\",\"url\":\"https:\\\/\\\/www.organisator.ch\\\/wp-content\\\/uploads\\\/2024\\\/10\\\/ILO_IRENA_Bild1_ps.jpg\",\"contentUrl\":\"https:\\\/\\\/www.organisator.ch\\\/wp-content\\\/uploads\\\/2024\\\/10\\\/ILO_IRENA_Bild1_ps.jpg\",\"width\":680,\"height\":395,\"caption\":\"Der Zuwachs um 18 % im Vergleich zum Vorjahr spiegelt das starke Wachstum der Erzeugungskapazit\u00e4t erneuerbarer Energien gepaart mit einer konstanten Erweiterung des Anlagebaus wider. (Bild: www.irena.org \\\/ www.ilo.org)\"},{\"@type\":\"BreadcrumbList\",\"@id\":\"https:\\\/\\\/www.organisator.ch\\\/sustainability\\\/2024-10-02\\\/rekordhoch-arbeitsplaetzezuwachs-im-bereich-der-erneuerbaren-energien\\\/#breadcrumb\",\"itemListElement\":[{\"@type\":\"ListItem\",\"position\":1,\"name\":\"Home\",\"item\":\"https:\\\/\\\/www.organisator.ch\\\/\"},{\"@type\":\"ListItem\",\"position\":2,\"name\":\"Rekordhoch: Arbeitspl\u00e4tzezuwachs im Bereich der erneuerbaren Energien\"}]},{\"@type\":\"WebSite\",\"@id\":\"https:\\\/\\\/www.organisator.ch\\\/#website\",\"url\":\"https:\\\/\\\/www.organisator.ch\\\/\",\"name\":\"Organisator\",\"description\":\"Kompetent. Praxisnah. Der ORGANISATOR bereitet in 10 Ausgaben pro Jahr die wesentlichen Themen f\u00fcr F\u00fchrungskr\u00e4fte von KMU auf.\",\"publisher\":{\"@id\":\"https:\\\/\\\/www.organisator.ch\\\/#organization\"},\"potentialAction\":[{\"@type\":\"SearchAction\",\"target\":{\"@type\":\"EntryPoint\",\"urlTemplate\":\"https:\\\/\\\/www.organisator.ch\\\/?s={search_term_string}\"},\"query-input\":{\"@type\":\"PropertyValueSpecification\",\"valueRequired\":true,\"valueName\":\"search_term_string\"}}],\"inLanguage\":\"it-IT\"},{\"@type\":\"Organization\",\"@id\":\"https:\\\/\\\/www.organisator.ch\\\/#organization\",\"name\":\"Organisator\",\"url\":\"https:\\\/\\\/www.organisator.ch\\\/\",\"logo\":{\"@type\":\"ImageObject\",\"inLanguage\":\"it-IT\",\"@id\":\"https:\\\/\\\/www.organisator.ch\\\/#\\\/schema\\\/logo\\\/image\\\/\",\"url\":\"https:\\\/\\\/www.organisator.ch\\\/wp-content\\\/uploads\\\/2022\\\/01\\\/Logo_Organisator_Website.png\",\"contentUrl\":\"https:\\\/\\\/www.organisator.ch\\\/wp-content\\\/uploads\\\/2022\\\/01\\\/Logo_Organisator_Website.png\",\"width\":800,\"height\":77,\"caption\":\"Organisator\"},\"image\":{\"@id\":\"https:\\\/\\\/www.organisator.ch\\\/#\\\/schema\\\/logo\\\/image\\\/\"},\"sameAs\":[\"https:\\\/\\\/www.facebook.com\\\/OrganisatorFachmagazin\",\"https:\\\/\\\/www.linkedin.com\\\/showcase\\\/organisator-das-magazin-fr-kmu\",\"https:\\\/\\\/www.xing.com\\\/news\\\/pages\\\/organisator-ch-695\",\"https:\\\/\\\/www.youtube.com\\\/channel\\\/UCGP2Sq0iWaZwT3BdIAQFYpw\"]},{\"@type\":\"Person\",\"@id\":\"https:\\\/\\\/www.organisator.ch\\\/#\\\/schema\\\/person\\\/2e1314a2172123f874db408d8911d3f3\",\"name\":\"Adelisa Kalajdzini\",\"image\":{\"@type\":\"ImageObject\",\"inLanguage\":\"it-IT\",\"@id\":\"https:\\\/\\\/secure.gravatar.com\\\/avatar\\\/09a397c22ac58cad6f160ee8306348599df9df58a8ede73696226897b9fa4b24?s=96&d=mm&r=g\",\"url\":\"https:\\\/\\\/secure.gravatar.com\\\/avatar\\\/09a397c22ac58cad6f160ee8306348599df9df58a8ede73696226897b9fa4b24?s=96&d=mm&r=g\",\"contentUrl\":\"https:\\\/\\\/secure.gravatar.com\\\/avatar\\\/09a397c22ac58cad6f160ee8306348599df9df58a8ede73696226897b9fa4b24?s=96&d=mm&r=g\",\"caption\":\"Adelisa Kalajdzini\"},\"url\":\"https:\\\/\\\/www.organisator.ch\\\/it\\\/author\\\/adelisa-kalajdzini\\\/\"}]}<\/script>\n<!-- \/ Yoast SEO plugin. -->","yoast_head_json":{"title":"Record: crescita dei posti di lavoro nel settore delle energie rinnovabili - Organizzatore","description":"Nel 2023 \u00e8 stato registrato un record di crescita occupazionale nel settore delle energie rinnovabili.","robots":{"index":"index","follow":"follow","max-snippet":"max-snippet:-1","max-image-preview":"max-image-preview:large","max-video-preview":"max-video-preview:-1"},"canonical":"https:\/\/www.organisator.ch\/it\/sostenibilita\/2024-10-02\/rekordhoch-arbeitsplaetzezuwachs-im-bereich-der-erneuerbaren-energien\/","og_locale":"it_IT","og_type":"article","og_title":"Rekordhoch: Arbeitspl\u00e4tzezuwachs im Bereich der erneuerbaren Energien","og_description":"Im Jahr 2023 wurde ein Rekordhoch beim Arbeitspl\u00e4tzezuwachs im Bereich der erneuerbaren Energien verzeichnet.","og_url":"https:\/\/www.organisator.ch\/it\/sostenibilita\/2024-10-02\/rekordhoch-arbeitsplaetzezuwachs-im-bereich-der-erneuerbaren-energien\/","og_site_name":"Organisator","article_publisher":"https:\/\/www.facebook.com\/OrganisatorFachmagazin","article_published_time":"2024-10-02T05:32:12+00:00","og_image":[{"width":680,"height":395,"url":"https:\/\/www.organisator.ch\/wp-content\/uploads\/2024\/10\/ILO_IRENA_Bild1_ps.jpg","type":"image\/jpeg"}],"author":"Adelisa Kalajdzini","twitter_card":"summary_large_image","twitter_title":"Rekordhoch: Arbeitspl\u00e4tzezuwachs im Bereich der erneuerbaren Energien","twitter_description":"Im Jahr 2023 wurde ein #Rekordhoch beim #Arbeitspl\u00e4tzezuwachs im #Bereich der #erneuerbaren #Energien verzeichnet.","twitter_image":"https:\/\/www.organisator.ch\/wp-content\/uploads\/2024\/10\/ILO_IRENA_Bild1_ps.jpg","schema":{"@context":"https:\/\/schema.org","@graph":[{"@type":"Article","@id":"https:\/\/www.organisator.ch\/sustainability\/2024-10-02\/rekordhoch-arbeitsplaetzezuwachs-im-bereich-der-erneuerbaren-energien\/#article","isPartOf":{"@id":"https:\/\/www.organisator.ch\/sustainability\/2024-10-02\/rekordhoch-arbeitsplaetzezuwachs-im-bereich-der-erneuerbaren-energien\/"},"author":{"name":"Adelisa Kalajdzini","@id":"https:\/\/www.organisator.ch\/#\/schema\/person\/2e1314a2172123f874db408d8911d3f3"},"headline":"Rekordhoch: Arbeitspl\u00e4tzezuwachs im Bereich der erneuerbaren Energien","datePublished":"2024-10-02T05:32:12+00:00","mainEntityOfPage":{"@id":"https:\/\/www.organisator.ch\/sustainability\/2024-10-02\/rekordhoch-arbeitsplaetzezuwachs-im-bereich-der-erneuerbaren-energien\/"},"wordCount":856,"publisher":{"@id":"https:\/\/www.organisator.ch\/#organization"},"image":{"@id":"https:\/\/www.organisator.ch\/sustainability\/2024-10-02\/rekordhoch-arbeitsplaetzezuwachs-im-bereich-der-erneuerbaren-energien\/#primaryimage"},"thumbnailUrl":"https:\/\/www.organisator.ch\/wp-content\/uploads\/2024\/10\/ILO_IRENA_Bild1_ps.jpg","keywords":["Arbeitspl\u00e4tzezuwachs","Enerneuerbare Energie","Fachkr\u00e4fte","Rekordhoch","Unternehmen"],"articleSection":["SUSTAINABILITY"],"inLanguage":"it-IT"},{"@type":"WebPage","@id":"https:\/\/www.organisator.ch\/sustainability\/2024-10-02\/rekordhoch-arbeitsplaetzezuwachs-im-bereich-der-erneuerbaren-energien\/","url":"https:\/\/www.organisator.ch\/sustainability\/2024-10-02\/rekordhoch-arbeitsplaetzezuwachs-im-bereich-der-erneuerbaren-energien\/","name":"Record: crescita dei posti di lavoro nel settore delle energie rinnovabili - Organizzatore","isPartOf":{"@id":"https:\/\/www.organisator.ch\/#website"},"primaryImageOfPage":{"@id":"https:\/\/www.organisator.ch\/sustainability\/2024-10-02\/rekordhoch-arbeitsplaetzezuwachs-im-bereich-der-erneuerbaren-energien\/#primaryimage"},"image":{"@id":"https:\/\/www.organisator.ch\/sustainability\/2024-10-02\/rekordhoch-arbeitsplaetzezuwachs-im-bereich-der-erneuerbaren-energien\/#primaryimage"},"thumbnailUrl":"https:\/\/www.organisator.ch\/wp-content\/uploads\/2024\/10\/ILO_IRENA_Bild1_ps.jpg","datePublished":"2024-10-02T05:32:12+00:00","description":"Nel 2023 \u00e8 stato registrato un record di crescita occupazionale nel settore delle energie rinnovabili.","breadcrumb":{"@id":"https:\/\/www.organisator.ch\/sustainability\/2024-10-02\/rekordhoch-arbeitsplaetzezuwachs-im-bereich-der-erneuerbaren-energien\/#breadcrumb"},"inLanguage":"it-IT","potentialAction":[{"@type":"ReadAction","target":["https:\/\/www.organisator.ch\/sustainability\/2024-10-02\/rekordhoch-arbeitsplaetzezuwachs-im-bereich-der-erneuerbaren-energien\/"]}]},{"@type":"ImageObject","inLanguage":"it-IT","@id":"https:\/\/www.organisator.ch\/sustainability\/2024-10-02\/rekordhoch-arbeitsplaetzezuwachs-im-bereich-der-erneuerbaren-energien\/#primaryimage","url":"https:\/\/www.organisator.ch\/wp-content\/uploads\/2024\/10\/ILO_IRENA_Bild1_ps.jpg","contentUrl":"https:\/\/www.organisator.ch\/wp-content\/uploads\/2024\/10\/ILO_IRENA_Bild1_ps.jpg","width":680,"height":395,"caption":"Der Zuwachs um 18 % im Vergleich zum Vorjahr spiegelt das starke Wachstum der Erzeugungskapazit\u00e4t erneuerbarer Energien gepaart mit einer konstanten Erweiterung des Anlagebaus wider. (Bild: www.irena.org \/ www.ilo.org)"},{"@type":"BreadcrumbList","@id":"https:\/\/www.organisator.ch\/sustainability\/2024-10-02\/rekordhoch-arbeitsplaetzezuwachs-im-bereich-der-erneuerbaren-energien\/#breadcrumb","itemListElement":[{"@type":"ListItem","position":1,"name":"Home","item":"https:\/\/www.organisator.ch\/"},{"@type":"ListItem","position":2,"name":"Rekordhoch: Arbeitspl\u00e4tzezuwachs im Bereich der erneuerbaren Energien"}]},{"@type":"WebSite","@id":"https:\/\/www.organisator.ch\/#website","url":"https:\/\/www.organisator.ch\/","name":"Organizzatore","description":"Competente. Pratico. In 10 numeri all'anno, ORGANISATOR presenta i temi essenziali per i manager delle PMI.","publisher":{"@id":"https:\/\/www.organisator.ch\/#organization"},"potentialAction":[{"@type":"SearchAction","target":{"@type":"EntryPoint","urlTemplate":"https:\/\/www.organisator.ch\/?s={search_term_string}"},"query-input":{"@type":"PropertyValueSpecification","valueRequired":true,"valueName":"search_term_string"}}],"inLanguage":"it-IT"},{"@type":"Organization","@id":"https:\/\/www.organisator.ch\/#organization","name":"Organizzatore","url":"https:\/\/www.organisator.ch\/","logo":{"@type":"ImageObject","inLanguage":"it-IT","@id":"https:\/\/www.organisator.ch\/#\/schema\/logo\/image\/","url":"https:\/\/www.organisator.ch\/wp-content\/uploads\/2022\/01\/Logo_Organisator_Website.png","contentUrl":"https:\/\/www.organisator.ch\/wp-content\/uploads\/2022\/01\/Logo_Organisator_Website.png","width":800,"height":77,"caption":"Organisator"},"image":{"@id":"https:\/\/www.organisator.ch\/#\/schema\/logo\/image\/"},"sameAs":["https:\/\/www.facebook.com\/OrganisatorFachmagazin","https:\/\/www.linkedin.com\/showcase\/organisator-das-magazin-fr-kmu","https:\/\/www.xing.com\/news\/pages\/organisator-ch-695","https:\/\/www.youtube.com\/channel\/UCGP2Sq0iWaZwT3BdIAQFYpw"]},{"@type":"Person","@id":"https:\/\/www.organisator.ch\/#\/schema\/person\/2e1314a2172123f874db408d8911d3f3","name":"Adelisa Kalajdzini","image":{"@type":"ImageObject","inLanguage":"it-IT","@id":"https:\/\/secure.gravatar.com\/avatar\/09a397c22ac58cad6f160ee8306348599df9df58a8ede73696226897b9fa4b24?s=96&d=mm&r=g","url":"https:\/\/secure.gravatar.com\/avatar\/09a397c22ac58cad6f160ee8306348599df9df58a8ede73696226897b9fa4b24?s=96&d=mm&r=g","contentUrl":"https:\/\/secure.gravatar.com\/avatar\/09a397c22ac58cad6f160ee8306348599df9df58a8ede73696226897b9fa4b24?s=96&d=mm&r=g","caption":"Adelisa Kalajdzini"},"url":"https:\/\/www.organisator.ch\/it\/author\/adelisa-kalajdzini\/"}]}},"_links":{"self":[{"href":"https:\/\/www.organisator.ch\/it\/wp-json\/wp\/v2\/posts\/30313","targetHints":{"allow":["GET"]}}],"collection":[{"href":"https:\/\/www.organisator.ch\/it\/wp-json\/wp\/v2\/posts"}],"about":[{"href":"https:\/\/www.organisator.ch\/it\/wp-json\/wp\/v2\/types\/post"}],"author":[{"embeddable":true,"href":"https:\/\/www.organisator.ch\/it\/wp-json\/wp\/v2\/users\/58"}],"replies":[{"embeddable":true,"href":"https:\/\/www.organisator.ch\/it\/wp-json\/wp\/v2\/comments?post=30313"}],"version-history":[{"count":4,"href":"https:\/\/www.organisator.ch\/it\/wp-json\/wp\/v2\/posts\/30313\/revisions"}],"predecessor-version":[{"id":30391,"href":"https:\/\/www.organisator.ch\/it\/wp-json\/wp\/v2\/posts\/30313\/revisions\/30391"}],"wp:featuredmedia":[{"embeddable":true,"href":"https:\/\/www.organisator.ch\/it\/wp-json\/wp\/v2\/media\/30315"}],"wp:attachment":[{"href":"https:\/\/www.organisator.ch\/it\/wp-json\/wp\/v2\/media?parent=30313"}],"wp:term":[{"taxonomy":"category","embeddable":true,"href":"https:\/\/www.organisator.ch\/it\/wp-json\/wp\/v2\/categories?post=30313"},{"taxonomy":"post_tag","embeddable":true,"href":"https:\/\/www.organisator.ch\/it\/wp-json\/wp\/v2\/tags?post=30313"}],"curies":[{"name":"wp","href":"https:\/\/api.w.org\/{rel}","templated":true}]}}