{"id":3054,"date":"2018-01-29T08:42:29","date_gmt":"2018-01-29T07:42:29","guid":{"rendered":"https:\/\/www.organisator.ch\/?p=3054"},"modified":"2018-01-29T08:42:29","modified_gmt":"2018-01-29T07:42:29","slug":"was-donald-trump-entscheidet-hat-gemaess-economiesuisse-gewaltigen-einfluss-auf-die-schweizer-wirtschaft","status":"publish","type":"post","link":"https:\/\/www.organisator.ch\/it\/allgemein\/2018-01-29\/was-donald-trump-entscheidet-hat-gemaess-economiesuisse-gewaltigen-einfluss-auf-die-schweizer-wirtschaft\/","title":{"rendered":"Ci\u00f2 che Donald Trump decide avr\u00e0 un \"enorme impatto\" sull'economia svizzera, secondo economiesuisse"},"content":{"rendered":"<figure id=\"attachment_367\" aria-describedby=\"caption-attachment-367\" style=\"width: 680px\" class=\"wp-caption alignnone\"><img loading=\"lazy\" decoding=\"async\" class=\"size-medium wp-image-367\" src=\"https:\/\/www.organisator.ch\/wp-content\/uploads\/2016\/12\/Gastkommentar-Doing-Business-In-America-organisator.jpg\" alt=\"\" width=\"680\" height=\"454\" srcset=\"https:\/\/www.organisator.ch\/wp-content\/uploads\/2016\/12\/Gastkommentar-Doing-Business-In-America-organisator.jpg 848w, https:\/\/www.organisator.ch\/wp-content\/uploads\/2016\/12\/Gastkommentar-Doing-Business-In-America-organisator-680x454.jpg 680w, https:\/\/www.organisator.ch\/wp-content\/uploads\/2016\/12\/Gastkommentar-Doing-Business-In-America-organisator-768x513.jpg 768w, https:\/\/www.organisator.ch\/wp-content\/uploads\/2016\/12\/Gastkommentar-Doing-Business-In-America-organisator-16x12.jpg 16w, https:\/\/www.organisator.ch\/wp-content\/uploads\/2016\/12\/Gastkommentar-Doing-Business-In-America-organisator-262x175.jpg 262w, https:\/\/www.organisator.ch\/wp-content\/uploads\/2016\/12\/Gastkommentar-Doing-Business-In-America-organisator-524x350.jpg 524w, https:\/\/www.organisator.ch\/wp-content\/uploads\/2016\/12\/Gastkommentar-Doing-Business-In-America-organisator-300x200.jpg 300w\" sizes=\"auto, (max-width: 680px) 100vw, 680px\" \/><figcaption id=\"caption-attachment-367\" class=\"wp-caption-text\">\"Trump\" Donald Trump: sta aprendo la strada a un accordo di libero scambio tra Svizzera e America? (Immagine: Alisa - Fotolia.com)<\/figcaption><\/figure>\n<p>Il fatto che Donald Trump abbia confermato al presidente Alain Berset, in occasione del WEF, di voler collaborare pi\u00f9 strettamente con la Svizzera in futuro \u00e8 considerato da economiesuisse un \"segnale positivo\". \u00c8 ovvio che le decisioni del Presidente degli Stati Uniti avranno un forte impatto sulle aziende svizzere, scrivono Jan Atteslander, responsabile del commercio estero, e Marc Engelhard in un rapporto. <a href=\"http:\/\/www.economiesuisse.ch\/de\/artikel\/5-gruende-warum-die-usa-so-wichtig-fuer-die-schweiz-sind?utm_source=economiesuisse+sign+up&amp;utm_campaign=c279c5fee5-29052017_Newsletter_DE&amp;utm_medium=email&amp;utm_term=0_90b8869e8e-c279c5fee5-94363333\">Articolo<\/a> sul sito web dell'associazione economica ombrello. Prendendo in esame i dati delle statistiche sulle esportazioni dell'Amministrazione federale delle dogane, gli autori indicano cinque motivi per cui gli Stati Uniti sono cos\u00ec importanti per la Svizzera. Dopo tutto, gli Stati Uniti sono al secondo posto dopo la Germania con un volume di scambi di 88 miliardi di franchi svizzeri e 46 miliardi di euro. Da notare anche l'ampio avanzo commerciale: Tale cifra ammonta a 17 miliardi di franchi svizzeri e non \u00e8 superiore a quella di nessun altro partner commerciale.<\/p>\n<h2>Motivo 1: \"Made in Switzerland<\/h2>\n<p>Il primo motivo per cui gli Stati Uniti sono cos\u00ec importanti per la Svizzera \u00e8 il valore aggiunto esportato. Dopo tutto, le statistiche doganali forniscono informazioni solo sulle cifre lorde. Sono inclusi anche tutti gli input intermedi e i singoli componenti acquistati dalle aziende svizzere all'estero. L'OCSE raccoglie regolarmente dati sul valore aggiunto effettivamente esportato. Per gli Stati Uniti, si tratta di 34 miliardi di dollari, pari al 13% del valore aggiunto totale esportato dalla Svizzera. Solo in Germania si vende pi\u00f9 qualit\u00e0 svizzera. Quindi, agli occhi di economiesuisse, \"Made in Switzerland\" continua ad essere un successo al botteghino degli Stati Uniti.<\/p>\n<h2>Motivo 2: Gli Stati Uniti sono il primo cliente per i servizi offerti<\/h2>\n<p>\u00c8 un dato di fatto che il settore dei servizi \u00e8 in crescita. Tuttavia, economiesuisse ignora in qualche modo a chi sia dovuta questa crescita. Non bisogna infatti dimenticare che il settore industriale svizzero si sta complessivamente riducendo. Le esportazioni di servizi rappresentano ora un terzo. Secondo la Banca Nazionale Svizzera, i fornitori di servizi svizzeri generano circa 33 miliardi di franchi svizzeri di fatturato negli Stati Uniti con i servizi (escluso il turismo). Gli Stati Uniti sono quindi il partner commerciale pi\u00f9 importante in questo settore. In confronto, i fornitori di servizi svizzeri realizzano un fatturato di 12 miliardi di franchi svizzeri con la Germania.<\/p>\n<h2><strong>Motivo 3: Desiderio di libero scambio<\/strong><\/h2>\n<p>La maggior parte delle aziende importatrici ed esportatrici sono PMI. Alcuni di questi sono leader del mercato mondiale nei loro settori. Se si chiede alle PMI con quale Paese la Svizzera dovrebbe coltivare migliori relazioni commerciali, la risposta pi\u00f9 frequente \u00e8: gli Stati Uniti. Secondo un sondaggio del Credit Suisse del 2014, lo shock del franco ha probabilmente rafforzato il desiderio di un accordo di libero scambio con gli Stati Uniti. Secondo le PMI svizzere, il fatto che non esista un accordo di questo tipo tra Svizzera e Stati Uniti \u00e8 una \"grave omissione\", afferma economiesuisse.<\/p>\n<h2><strong>Motivo 4: Gli Stati Uniti come investitori<\/strong><\/h2>\n<p>Donald Trump dovrebbe essere contento: molte aziende svizzere stanno gi\u00e0 investendo negli Stati Uniti. Secondo la BNS, il capitale sociale degli Stati Uniti ammonta a 234 miliardi di franchi. Per contro, anche gli Stati Uniti investono molto in Svizzera: sono il terzo investitore diretto pi\u00f9 importante, dopo Lussemburgo e Paesi Bassi. \u00c8 quindi chiaro, afferma economiesuisse, che tutte le misure adottate da Donald Trump in materia di fiscalit\u00e0 e investimenti avranno un impatto diretto sulla piazza economica svizzera.<\/p>\n<h2>Motivo 5: Ancora molto potenziale<\/h2>\n<p>Secondo economiesuisse, gli Stati Uniti offrono alle aziende svizzere la possibilit\u00e0 di ottenere profitti commerciali enormemente elevati. Da questo punto di vista, il mercato americano \u00e8 paragonabile a quello dell'UE. I dati commerciali attuali, tuttavia, indicano che \u00e8 possibile fare molto di pi\u00f9. Un prerequisito, tuttavia, \u00e8 un accesso ottimale al commercio negli Stati Uniti. economiesuisse \u00e8 quindi lieta che Donald Trump abbia confermato al Presidente Alain Berset di voler collaborare pi\u00f9 strettamente con il nostro Paese. Secondo economiesuisse, entrambe le parti trarrebbero vantaggio da un accordo di libero scambio, sulla base delle cifre citate.<\/p>\n<p>Ulteriori informazioni: <a href=\"http:\/\/www.economiesuisse.ch\/de\/publikationen\/aussenwirtschaftsstrategie-der-schweiz-forderungen-der-wirtschaft\">Documento di posizione di economiesuisse<\/a><\/p>\n<div class=\"col-sm-4 col-centered\"><\/div>","protected":false},"excerpt":{"rendered":"<p>Dass Donald Trump hat am WEF gegen\u00fcber Bundespr\u00e4sident Alain Berset bekr\u00e4ftigt hat, k\u00fcnftig enger mit der Schweiz zusammenarbeiten zu wollen, wertet economiesuisse als &#8222;erfreuliches Signal&#8220;. Denn es sei offensichtlich, dass die Entscheidungen des US-Pr\u00e4sidenten einen grossen Einfluss auf Schweizer Unternehmen haben werden, schreiben Jan Atteslander, Leiter Aussenwirtschaft, und Marc Engelhard in einem Artikel auf der [&hellip;]<\/p>\n","protected":false},"author":4,"featured_media":367,"comment_status":"open","ping_status":"open","sticky":false,"template":"","format":"standard","meta":{"_acf_changed":false,"_yoast_wpseo_focuskw":"Donald Trump","_yoast_wpseo_metadesc":"Am diesj\u00e4hrigen WEF in Davos waren alle Augen auf US-Pr\u00e4sident Donald Trump gerichtet. In einem Gespr\u00e4ch mit Bundespr\u00e4sident Alain Berset wurden die guten Beziehungen zwischen der Schweiz und den USA betont.","articlekey":"","footnotes":""},"categories":[1],"tags":[63,503,508,531],"class_list":["post-3054","post","type-post","status-publish","format-standard","has-post-thumbnail","hentry","category-allgemein","tag-aussenwirtschaft","tag-verbaende","tag-vermischtes","tag-wirtschaftspolitik"],"acf":[],"yoast_head":"<!-- This site is optimized with the Yoast SEO plugin v27.5 - https:\/\/yoast.com\/product\/yoast-seo-wordpress\/ -->\n<title>Was Donald Trump entscheidet, hat gem\u00e4ss economiesuisse &quot;gewaltigen Einfluss&quot; auf die Schweizer Wirtschaft - Organisator<\/title>\n<meta name=\"description\" content=\"Am diesj\u00e4hrigen WEF in Davos waren alle Augen auf US-Pr\u00e4sident Donald Trump gerichtet. In einem Gespr\u00e4ch mit Bundespr\u00e4sident Alain Berset wurden die guten Beziehungen zwischen der Schweiz und den USA betont.\" \/>\n<meta name=\"robots\" content=\"index, follow, max-snippet:-1, max-image-preview:large, max-video-preview:-1\" \/>\n<link rel=\"canonical\" href=\"https:\/\/www.organisator.ch\/it\/generale\/2018-01-29\/was-donald-trump-entscheidet-hat-gemaess-economiesuisse-gewaltigen-einfluss-auf-die-schweizer-wirtschaft\/\" \/>\n<meta property=\"og:locale\" content=\"it_IT\" \/>\n<meta property=\"og:type\" content=\"article\" \/>\n<meta property=\"og:title\" content=\"Was Donald Trump entscheidet, hat gem\u00e4ss economiesuisse &quot;gewaltigen Einfluss&quot; auf die Schweizer Wirtschaft\" \/>\n<meta property=\"og:description\" content=\"Am diesj\u00e4hrigen #WEF in Davos waren alle Augen auf US-Pr\u00e4sident Donald #Trump gerichtet. In einem Gespr\u00e4ch mit Bundespr\u00e4sident Alain #Berset wurden die guten Beziehungen zwischen der Schweiz und den #USA betont.\" \/>\n<meta property=\"og:url\" content=\"https:\/\/www.organisator.ch\/it\/generale\/2018-01-29\/was-donald-trump-entscheidet-hat-gemaess-economiesuisse-gewaltigen-einfluss-auf-die-schweizer-wirtschaft\/\" \/>\n<meta property=\"og:site_name\" content=\"Organisator\" \/>\n<meta property=\"article:publisher\" content=\"https:\/\/www.facebook.com\/OrganisatorFachmagazin\" \/>\n<meta property=\"article:published_time\" content=\"2018-01-29T07:42:29+00:00\" \/>\n<meta property=\"og:image\" content=\"https:\/\/www.organisator.ch\/wp-content\/uploads\/2016\/12\/Gastkommentar-Doing-Business-In-America-organisator.jpg\" \/>\n\t<meta property=\"og:image:width\" content=\"848\" \/>\n\t<meta property=\"og:image:height\" content=\"566\" \/>\n\t<meta property=\"og:image:type\" content=\"image\/jpeg\" \/>\n<meta name=\"author\" content=\"thomas.berner\" \/>\n<meta name=\"twitter:card\" content=\"summary_large_image\" \/>\n<meta name=\"twitter:title\" content=\"Was Donald #Trump entscheidet, hat gem\u00e4ss #economiesuisse &quot;gewaltigen Einfluss&quot; auf die Schweizer Wirtschaft\" \/>\n<meta name=\"twitter:description\" content=\"Am diesj\u00e4hrigen #WEF in Davos waren alle Augen auf US-Pr\u00e4sident Donald #Trump gerichtet. In einem Gespr\u00e4ch mit Bundespr\u00e4sident Alain #Berset wurden die guten Beziehungen zwischen der Schweiz und den #USA betont.\" \/>\n<meta name=\"twitter:image\" content=\"https:\/\/www.organisator.ch\/wp-content\/uploads\/2016\/12\/Gastkommentar-Doing-Business-In-America-organisator.jpg\" \/>\n<script type=\"application\/ld+json\" class=\"yoast-schema-graph\">{\"@context\":\"https:\\\/\\\/schema.org\",\"@graph\":[{\"@type\":\"Article\",\"@id\":\"https:\\\/\\\/www.organisator.ch\\\/de\\\/allgemein\\\/2018-01-29\\\/was-donald-trump-entscheidet-hat-gemaess-economiesuisse-gewaltigen-einfluss-auf-die-schweizer-wirtschaft\\\/#article\",\"isPartOf\":{\"@id\":\"https:\\\/\\\/www.organisator.ch\\\/de\\\/allgemein\\\/2018-01-29\\\/was-donald-trump-entscheidet-hat-gemaess-economiesuisse-gewaltigen-einfluss-auf-die-schweizer-wirtschaft\\\/\"},\"author\":{\"name\":\"thomas.berner\",\"@id\":\"https:\\\/\\\/www.organisator.ch\\\/#\\\/schema\\\/person\\\/6f650f90b2842cd4c0cc334b4e36f67e\"},\"headline\":\"Was Donald Trump entscheidet, hat gem\u00e4ss economiesuisse &#8222;gewaltigen Einfluss&#8220; auf die Schweizer Wirtschaft\",\"datePublished\":\"2018-01-29T07:42:29+00:00\",\"mainEntityOfPage\":{\"@id\":\"https:\\\/\\\/www.organisator.ch\\\/de\\\/allgemein\\\/2018-01-29\\\/was-donald-trump-entscheidet-hat-gemaess-economiesuisse-gewaltigen-einfluss-auf-die-schweizer-wirtschaft\\\/\"},\"wordCount\":635,\"commentCount\":0,\"publisher\":{\"@id\":\"https:\\\/\\\/www.organisator.ch\\\/#organization\"},\"image\":{\"@id\":\"https:\\\/\\\/www.organisator.ch\\\/de\\\/allgemein\\\/2018-01-29\\\/was-donald-trump-entscheidet-hat-gemaess-economiesuisse-gewaltigen-einfluss-auf-die-schweizer-wirtschaft\\\/#primaryimage\"},\"thumbnailUrl\":\"https:\\\/\\\/www.organisator.ch\\\/wp-content\\\/uploads\\\/2016\\\/12\\\/Gastkommentar-Doing-Business-In-America-organisator.jpg\",\"keywords\":[\"Aussenwirtschaft\",\"Verb\u00e4nde\",\"Vermischtes\",\"Wirtschaftspolitik\"],\"articleSection\":[\"Allgemein\"],\"inLanguage\":\"it-IT\"},{\"@type\":\"WebPage\",\"@id\":\"https:\\\/\\\/www.organisator.ch\\\/de\\\/allgemein\\\/2018-01-29\\\/was-donald-trump-entscheidet-hat-gemaess-economiesuisse-gewaltigen-einfluss-auf-die-schweizer-wirtschaft\\\/\",\"url\":\"https:\\\/\\\/www.organisator.ch\\\/de\\\/allgemein\\\/2018-01-29\\\/was-donald-trump-entscheidet-hat-gemaess-economiesuisse-gewaltigen-einfluss-auf-die-schweizer-wirtschaft\\\/\",\"name\":\"Was Donald Trump entscheidet, hat gem\u00e4ss economiesuisse \\\"gewaltigen Einfluss\\\" auf die Schweizer Wirtschaft - Organisator\",\"isPartOf\":{\"@id\":\"https:\\\/\\\/www.organisator.ch\\\/#website\"},\"primaryImageOfPage\":{\"@id\":\"https:\\\/\\\/www.organisator.ch\\\/de\\\/allgemein\\\/2018-01-29\\\/was-donald-trump-entscheidet-hat-gemaess-economiesuisse-gewaltigen-einfluss-auf-die-schweizer-wirtschaft\\\/#primaryimage\"},\"image\":{\"@id\":\"https:\\\/\\\/www.organisator.ch\\\/de\\\/allgemein\\\/2018-01-29\\\/was-donald-trump-entscheidet-hat-gemaess-economiesuisse-gewaltigen-einfluss-auf-die-schweizer-wirtschaft\\\/#primaryimage\"},\"thumbnailUrl\":\"https:\\\/\\\/www.organisator.ch\\\/wp-content\\\/uploads\\\/2016\\\/12\\\/Gastkommentar-Doing-Business-In-America-organisator.jpg\",\"datePublished\":\"2018-01-29T07:42:29+00:00\",\"description\":\"Am diesj\u00e4hrigen WEF in Davos waren alle Augen auf US-Pr\u00e4sident Donald Trump gerichtet. In einem Gespr\u00e4ch mit Bundespr\u00e4sident Alain Berset wurden die guten Beziehungen zwischen der Schweiz und den USA betont.\",\"breadcrumb\":{\"@id\":\"https:\\\/\\\/www.organisator.ch\\\/de\\\/allgemein\\\/2018-01-29\\\/was-donald-trump-entscheidet-hat-gemaess-economiesuisse-gewaltigen-einfluss-auf-die-schweizer-wirtschaft\\\/#breadcrumb\"},\"inLanguage\":\"it-IT\",\"potentialAction\":[{\"@type\":\"ReadAction\",\"target\":[\"https:\\\/\\\/www.organisator.ch\\\/de\\\/allgemein\\\/2018-01-29\\\/was-donald-trump-entscheidet-hat-gemaess-economiesuisse-gewaltigen-einfluss-auf-die-schweizer-wirtschaft\\\/\"]}]},{\"@type\":\"ImageObject\",\"inLanguage\":\"it-IT\",\"@id\":\"https:\\\/\\\/www.organisator.ch\\\/de\\\/allgemein\\\/2018-01-29\\\/was-donald-trump-entscheidet-hat-gemaess-economiesuisse-gewaltigen-einfluss-auf-die-schweizer-wirtschaft\\\/#primaryimage\",\"url\":\"https:\\\/\\\/www.organisator.ch\\\/wp-content\\\/uploads\\\/2016\\\/12\\\/Gastkommentar-Doing-Business-In-America-organisator.jpg\",\"contentUrl\":\"https:\\\/\\\/www.organisator.ch\\\/wp-content\\\/uploads\\\/2016\\\/12\\\/Gastkommentar-Doing-Business-In-America-organisator.jpg\",\"width\":848,\"height\":566,\"caption\":\"\\\"Trumpf\\\" Donald Trump: Ist er Wegbereiter f\u00fcr ein schweizerisch-amerikanisches Freihandelsabkommen? (Bild: Alisa - Fotolia.com)\"},{\"@type\":\"BreadcrumbList\",\"@id\":\"https:\\\/\\\/www.organisator.ch\\\/de\\\/allgemein\\\/2018-01-29\\\/was-donald-trump-entscheidet-hat-gemaess-economiesuisse-gewaltigen-einfluss-auf-die-schweizer-wirtschaft\\\/#breadcrumb\",\"itemListElement\":[{\"@type\":\"ListItem\",\"position\":1,\"name\":\"Home\",\"item\":\"https:\\\/\\\/www.organisator.ch\\\/\"},{\"@type\":\"ListItem\",\"position\":2,\"name\":\"Was Donald Trump entscheidet, hat gem\u00e4ss economiesuisse &#8222;gewaltigen Einfluss&#8220; auf die Schweizer Wirtschaft\"}]},{\"@type\":\"WebSite\",\"@id\":\"https:\\\/\\\/www.organisator.ch\\\/#website\",\"url\":\"https:\\\/\\\/www.organisator.ch\\\/\",\"name\":\"Organisator\",\"description\":\"Kompetent. Praxisnah. Der ORGANISATOR bereitet in 10 Ausgaben pro Jahr die wesentlichen Themen f\u00fcr F\u00fchrungskr\u00e4fte von KMU auf.\",\"publisher\":{\"@id\":\"https:\\\/\\\/www.organisator.ch\\\/#organization\"},\"potentialAction\":[{\"@type\":\"SearchAction\",\"target\":{\"@type\":\"EntryPoint\",\"urlTemplate\":\"https:\\\/\\\/www.organisator.ch\\\/?s={search_term_string}\"},\"query-input\":{\"@type\":\"PropertyValueSpecification\",\"valueRequired\":true,\"valueName\":\"search_term_string\"}}],\"inLanguage\":\"it-IT\"},{\"@type\":\"Organization\",\"@id\":\"https:\\\/\\\/www.organisator.ch\\\/#organization\",\"name\":\"Organisator\",\"url\":\"https:\\\/\\\/www.organisator.ch\\\/\",\"logo\":{\"@type\":\"ImageObject\",\"inLanguage\":\"it-IT\",\"@id\":\"https:\\\/\\\/www.organisator.ch\\\/#\\\/schema\\\/logo\\\/image\\\/\",\"url\":\"https:\\\/\\\/www.organisator.ch\\\/wp-content\\\/uploads\\\/2022\\\/01\\\/Logo_Organisator_Website.png\",\"contentUrl\":\"https:\\\/\\\/www.organisator.ch\\\/wp-content\\\/uploads\\\/2022\\\/01\\\/Logo_Organisator_Website.png\",\"width\":800,\"height\":77,\"caption\":\"Organisator\"},\"image\":{\"@id\":\"https:\\\/\\\/www.organisator.ch\\\/#\\\/schema\\\/logo\\\/image\\\/\"},\"sameAs\":[\"https:\\\/\\\/www.facebook.com\\\/OrganisatorFachmagazin\",\"https:\\\/\\\/www.linkedin.com\\\/showcase\\\/organisator-das-magazin-fr-kmu\",\"https:\\\/\\\/www.xing.com\\\/news\\\/pages\\\/organisator-ch-695\",\"https:\\\/\\\/www.youtube.com\\\/channel\\\/UCGP2Sq0iWaZwT3BdIAQFYpw\"]},{\"@type\":\"Person\",\"@id\":\"https:\\\/\\\/www.organisator.ch\\\/#\\\/schema\\\/person\\\/6f650f90b2842cd4c0cc334b4e36f67e\",\"name\":\"thomas.berner\",\"image\":{\"@type\":\"ImageObject\",\"inLanguage\":\"it-IT\",\"@id\":\"https:\\\/\\\/secure.gravatar.com\\\/avatar\\\/ac5001d2a36cb6c6cd3e50789007ffca834b477b74a2144564522e944eabff61?s=96&d=mm&r=g\",\"url\":\"https:\\\/\\\/secure.gravatar.com\\\/avatar\\\/ac5001d2a36cb6c6cd3e50789007ffca834b477b74a2144564522e944eabff61?s=96&d=mm&r=g\",\"contentUrl\":\"https:\\\/\\\/secure.gravatar.com\\\/avatar\\\/ac5001d2a36cb6c6cd3e50789007ffca834b477b74a2144564522e944eabff61?s=96&d=mm&r=g\",\"caption\":\"thomas.berner\"},\"url\":\"https:\\\/\\\/www.organisator.ch\\\/it\\\/author\\\/thomas-berner\\\/\"}]}<\/script>\n<!-- \/ Yoast SEO plugin. -->","yoast_head_json":{"title":"Le decisioni di Donald Trump avranno un \"enorme impatto\" sull'economia svizzera, secondo economiesuisse - Organizzatore","description":"Al WEF di Davos di quest'anno, tutti gli occhi erano puntati sul Presidente degli Stati Uniti Donald Trump. In un colloquio con il Presidente Alain Berset, sono state sottolineate le buone relazioni tra la Svizzera e gli Stati Uniti.","robots":{"index":"index","follow":"follow","max-snippet":"max-snippet:-1","max-image-preview":"max-image-preview:large","max-video-preview":"max-video-preview:-1"},"canonical":"https:\/\/www.organisator.ch\/it\/generale\/2018-01-29\/was-donald-trump-entscheidet-hat-gemaess-economiesuisse-gewaltigen-einfluss-auf-die-schweizer-wirtschaft\/","og_locale":"it_IT","og_type":"article","og_title":"Was Donald Trump entscheidet, hat gem\u00e4ss economiesuisse \"gewaltigen Einfluss\" auf die Schweizer Wirtschaft","og_description":"Am diesj\u00e4hrigen #WEF in Davos waren alle Augen auf US-Pr\u00e4sident Donald #Trump gerichtet. In einem Gespr\u00e4ch mit Bundespr\u00e4sident Alain #Berset wurden die guten Beziehungen zwischen der Schweiz und den #USA betont.","og_url":"https:\/\/www.organisator.ch\/it\/generale\/2018-01-29\/was-donald-trump-entscheidet-hat-gemaess-economiesuisse-gewaltigen-einfluss-auf-die-schweizer-wirtschaft\/","og_site_name":"Organisator","article_publisher":"https:\/\/www.facebook.com\/OrganisatorFachmagazin","article_published_time":"2018-01-29T07:42:29+00:00","og_image":[{"width":848,"height":566,"url":"https:\/\/www.organisator.ch\/wp-content\/uploads\/2016\/12\/Gastkommentar-Doing-Business-In-America-organisator.jpg","type":"image\/jpeg"}],"author":"thomas.berner","twitter_card":"summary_large_image","twitter_title":"Was Donald #Trump entscheidet, hat gem\u00e4ss #economiesuisse \"gewaltigen Einfluss\" auf die Schweizer Wirtschaft","twitter_description":"Am diesj\u00e4hrigen #WEF in Davos waren alle Augen auf US-Pr\u00e4sident Donald #Trump gerichtet. In einem Gespr\u00e4ch mit Bundespr\u00e4sident Alain #Berset wurden die guten Beziehungen zwischen der Schweiz und den #USA betont.","twitter_image":"https:\/\/www.organisator.ch\/wp-content\/uploads\/2016\/12\/Gastkommentar-Doing-Business-In-America-organisator.jpg","schema":{"@context":"https:\/\/schema.org","@graph":[{"@type":"Article","@id":"https:\/\/www.organisator.ch\/de\/allgemein\/2018-01-29\/was-donald-trump-entscheidet-hat-gemaess-economiesuisse-gewaltigen-einfluss-auf-die-schweizer-wirtschaft\/#article","isPartOf":{"@id":"https:\/\/www.organisator.ch\/de\/allgemein\/2018-01-29\/was-donald-trump-entscheidet-hat-gemaess-economiesuisse-gewaltigen-einfluss-auf-die-schweizer-wirtschaft\/"},"author":{"name":"thomas.berner","@id":"https:\/\/www.organisator.ch\/#\/schema\/person\/6f650f90b2842cd4c0cc334b4e36f67e"},"headline":"Was Donald Trump entscheidet, hat gem\u00e4ss economiesuisse &#8222;gewaltigen Einfluss&#8220; auf die Schweizer Wirtschaft","datePublished":"2018-01-29T07:42:29+00:00","mainEntityOfPage":{"@id":"https:\/\/www.organisator.ch\/de\/allgemein\/2018-01-29\/was-donald-trump-entscheidet-hat-gemaess-economiesuisse-gewaltigen-einfluss-auf-die-schweizer-wirtschaft\/"},"wordCount":635,"commentCount":0,"publisher":{"@id":"https:\/\/www.organisator.ch\/#organization"},"image":{"@id":"https:\/\/www.organisator.ch\/de\/allgemein\/2018-01-29\/was-donald-trump-entscheidet-hat-gemaess-economiesuisse-gewaltigen-einfluss-auf-die-schweizer-wirtschaft\/#primaryimage"},"thumbnailUrl":"https:\/\/www.organisator.ch\/wp-content\/uploads\/2016\/12\/Gastkommentar-Doing-Business-In-America-organisator.jpg","keywords":["Aussenwirtschaft","Verb\u00e4nde","Vermischtes","Wirtschaftspolitik"],"articleSection":["Allgemein"],"inLanguage":"it-IT"},{"@type":"WebPage","@id":"https:\/\/www.organisator.ch\/de\/allgemein\/2018-01-29\/was-donald-trump-entscheidet-hat-gemaess-economiesuisse-gewaltigen-einfluss-auf-die-schweizer-wirtschaft\/","url":"https:\/\/www.organisator.ch\/de\/allgemein\/2018-01-29\/was-donald-trump-entscheidet-hat-gemaess-economiesuisse-gewaltigen-einfluss-auf-die-schweizer-wirtschaft\/","name":"Le decisioni di Donald Trump avranno un \"enorme impatto\" sull'economia svizzera, secondo economiesuisse - Organizzatore","isPartOf":{"@id":"https:\/\/www.organisator.ch\/#website"},"primaryImageOfPage":{"@id":"https:\/\/www.organisator.ch\/de\/allgemein\/2018-01-29\/was-donald-trump-entscheidet-hat-gemaess-economiesuisse-gewaltigen-einfluss-auf-die-schweizer-wirtschaft\/#primaryimage"},"image":{"@id":"https:\/\/www.organisator.ch\/de\/allgemein\/2018-01-29\/was-donald-trump-entscheidet-hat-gemaess-economiesuisse-gewaltigen-einfluss-auf-die-schweizer-wirtschaft\/#primaryimage"},"thumbnailUrl":"https:\/\/www.organisator.ch\/wp-content\/uploads\/2016\/12\/Gastkommentar-Doing-Business-In-America-organisator.jpg","datePublished":"2018-01-29T07:42:29+00:00","description":"Al WEF di Davos di quest'anno, tutti gli occhi erano puntati sul Presidente degli Stati Uniti Donald Trump. In un colloquio con il Presidente Alain Berset, sono state sottolineate le buone relazioni tra la Svizzera e gli Stati Uniti.","breadcrumb":{"@id":"https:\/\/www.organisator.ch\/de\/allgemein\/2018-01-29\/was-donald-trump-entscheidet-hat-gemaess-economiesuisse-gewaltigen-einfluss-auf-die-schweizer-wirtschaft\/#breadcrumb"},"inLanguage":"it-IT","potentialAction":[{"@type":"ReadAction","target":["https:\/\/www.organisator.ch\/de\/allgemein\/2018-01-29\/was-donald-trump-entscheidet-hat-gemaess-economiesuisse-gewaltigen-einfluss-auf-die-schweizer-wirtschaft\/"]}]},{"@type":"ImageObject","inLanguage":"it-IT","@id":"https:\/\/www.organisator.ch\/de\/allgemein\/2018-01-29\/was-donald-trump-entscheidet-hat-gemaess-economiesuisse-gewaltigen-einfluss-auf-die-schweizer-wirtschaft\/#primaryimage","url":"https:\/\/www.organisator.ch\/wp-content\/uploads\/2016\/12\/Gastkommentar-Doing-Business-In-America-organisator.jpg","contentUrl":"https:\/\/www.organisator.ch\/wp-content\/uploads\/2016\/12\/Gastkommentar-Doing-Business-In-America-organisator.jpg","width":848,"height":566,"caption":"\"Trumpf\" Donald Trump: Ist er Wegbereiter f\u00fcr ein schweizerisch-amerikanisches Freihandelsabkommen? (Bild: Alisa - Fotolia.com)"},{"@type":"BreadcrumbList","@id":"https:\/\/www.organisator.ch\/de\/allgemein\/2018-01-29\/was-donald-trump-entscheidet-hat-gemaess-economiesuisse-gewaltigen-einfluss-auf-die-schweizer-wirtschaft\/#breadcrumb","itemListElement":[{"@type":"ListItem","position":1,"name":"Home","item":"https:\/\/www.organisator.ch\/"},{"@type":"ListItem","position":2,"name":"Was Donald Trump entscheidet, hat gem\u00e4ss economiesuisse &#8222;gewaltigen Einfluss&#8220; auf die Schweizer Wirtschaft"}]},{"@type":"WebSite","@id":"https:\/\/www.organisator.ch\/#website","url":"https:\/\/www.organisator.ch\/","name":"Organizzatore","description":"Competente. Pratico. In 10 numeri all'anno, ORGANISATOR presenta i temi essenziali per i manager delle PMI.","publisher":{"@id":"https:\/\/www.organisator.ch\/#organization"},"potentialAction":[{"@type":"SearchAction","target":{"@type":"EntryPoint","urlTemplate":"https:\/\/www.organisator.ch\/?s={search_term_string}"},"query-input":{"@type":"PropertyValueSpecification","valueRequired":true,"valueName":"search_term_string"}}],"inLanguage":"it-IT"},{"@type":"Organization","@id":"https:\/\/www.organisator.ch\/#organization","name":"Organizzatore","url":"https:\/\/www.organisator.ch\/","logo":{"@type":"ImageObject","inLanguage":"it-IT","@id":"https:\/\/www.organisator.ch\/#\/schema\/logo\/image\/","url":"https:\/\/www.organisator.ch\/wp-content\/uploads\/2022\/01\/Logo_Organisator_Website.png","contentUrl":"https:\/\/www.organisator.ch\/wp-content\/uploads\/2022\/01\/Logo_Organisator_Website.png","width":800,"height":77,"caption":"Organisator"},"image":{"@id":"https:\/\/www.organisator.ch\/#\/schema\/logo\/image\/"},"sameAs":["https:\/\/www.facebook.com\/OrganisatorFachmagazin","https:\/\/www.linkedin.com\/showcase\/organisator-das-magazin-fr-kmu","https:\/\/www.xing.com\/news\/pages\/organisator-ch-695","https:\/\/www.youtube.com\/channel\/UCGP2Sq0iWaZwT3BdIAQFYpw"]},{"@type":"Person","@id":"https:\/\/www.organisator.ch\/#\/schema\/person\/6f650f90b2842cd4c0cc334b4e36f67e","name":"Tommaso.berner","image":{"@type":"ImageObject","inLanguage":"it-IT","@id":"https:\/\/secure.gravatar.com\/avatar\/ac5001d2a36cb6c6cd3e50789007ffca834b477b74a2144564522e944eabff61?s=96&d=mm&r=g","url":"https:\/\/secure.gravatar.com\/avatar\/ac5001d2a36cb6c6cd3e50789007ffca834b477b74a2144564522e944eabff61?s=96&d=mm&r=g","contentUrl":"https:\/\/secure.gravatar.com\/avatar\/ac5001d2a36cb6c6cd3e50789007ffca834b477b74a2144564522e944eabff61?s=96&d=mm&r=g","caption":"thomas.berner"},"url":"https:\/\/www.organisator.ch\/it\/author\/thomas-berner\/"}]}},"_links":{"self":[{"href":"https:\/\/www.organisator.ch\/it\/wp-json\/wp\/v2\/posts\/3054","targetHints":{"allow":["GET"]}}],"collection":[{"href":"https:\/\/www.organisator.ch\/it\/wp-json\/wp\/v2\/posts"}],"about":[{"href":"https:\/\/www.organisator.ch\/it\/wp-json\/wp\/v2\/types\/post"}],"author":[{"embeddable":true,"href":"https:\/\/www.organisator.ch\/it\/wp-json\/wp\/v2\/users\/4"}],"replies":[{"embeddable":true,"href":"https:\/\/www.organisator.ch\/it\/wp-json\/wp\/v2\/comments?post=3054"}],"version-history":[{"count":0,"href":"https:\/\/www.organisator.ch\/it\/wp-json\/wp\/v2\/posts\/3054\/revisions"}],"wp:featuredmedia":[{"embeddable":true,"href":"https:\/\/www.organisator.ch\/it\/wp-json\/wp\/v2\/media\/367"}],"wp:attachment":[{"href":"https:\/\/www.organisator.ch\/it\/wp-json\/wp\/v2\/media?parent=3054"}],"wp:term":[{"taxonomy":"category","embeddable":true,"href":"https:\/\/www.organisator.ch\/it\/wp-json\/wp\/v2\/categories?post=3054"},{"taxonomy":"post_tag","embeddable":true,"href":"https:\/\/www.organisator.ch\/it\/wp-json\/wp\/v2\/tags?post=3054"}],"curies":[{"name":"wp","href":"https:\/\/api.w.org\/{rel}","templated":true}]}}