{"id":30544,"date":"2024-10-09T12:30:35","date_gmt":"2024-10-09T10:30:35","guid":{"rendered":"https:\/\/www.organisator.ch\/?p=30544"},"modified":"2024-10-09T10:58:55","modified_gmt":"2024-10-09T08:58:55","slug":"prof-dr-brian-p-rueeger-ist-neuer-rektor-der-hwz","status":"publish","type":"post","link":"https:\/\/www.organisator.ch\/it\/management\/2024-10-09\/prof-dr-brian-p-rueeger-ist-neuer-rektor-der-hwz\/","title":{"rendered":"Il Prof. Dr. Brian P. R\u00fceger \u00e8 il nuovo Rettore dell'HWZ"},"content":{"rendered":"<figure id=\"attachment_30545\" aria-describedby=\"caption-attachment-30545\" style=\"width: 680px\" class=\"wp-caption alignnone\"><img loading=\"lazy\" decoding=\"async\" class=\"size-full wp-image-30545\" src=\"https:\/\/www.organisator.ch\/wp-content\/uploads\/2024\/10\/Stabuebergabe-Rektoren-HWZ_Bild1_ps.jpg\" alt=\"\" width=\"680\" height=\"453\" srcset=\"https:\/\/www.organisator.ch\/wp-content\/uploads\/2024\/10\/Stabuebergabe-Rektoren-HWZ_Bild1_ps.jpg 680w, https:\/\/www.organisator.ch\/wp-content\/uploads\/2024\/10\/Stabuebergabe-Rektoren-HWZ_Bild1_ps-18x12.jpg 18w, https:\/\/www.organisator.ch\/wp-content\/uploads\/2024\/10\/Stabuebergabe-Rektoren-HWZ_Bild1_ps-375x250.jpg 375w, https:\/\/www.organisator.ch\/wp-content\/uploads\/2024\/10\/Stabuebergabe-Rektoren-HWZ_Bild1_ps-525x350.jpg 525w\" sizes=\"auto, (max-width: 680px) 100vw, 680px\" \/><figcaption id=\"caption-attachment-30545\" class=\"wp-caption-text\">Il Prof. Dr. R\u00fceger succede al Prof. Matthias R\u00fcegg. (Immagine: www.fh-hwz.ch)<\/figcaption><\/figure>\n<p>Il Prof. Dr. Brian R\u00fceger ha trascorso pi\u00f9 di un decennio a fondare e dirigere l'Istituto di Marketing Management (IMM) dell'Universit\u00e0 di Scienze Applicate di Zurigo (ZHAW) e a guidarne lo sviluppo fino a farlo diventare il pi\u00f9 grande istituto di formazione continua a livello universitario nel campo del marketing in Svizzera. Per i suoi eccellenti risultati, \u00e8 stato premiato a livello internazionale come \"Leader imprenditoriale maschile dell'anno\" (secondo classificato) dall'ACEEU nel 2022.<\/p>\n<p>In precedenza, ha maturato esperienze imprenditoriali come consulente per aziende internazionali nel campo dei nuovi mercati e delle tecnologie, come imprenditore seriale per diverse start-up nel settore high-tech e come amministratore delegato per l'area EMEA di una societ\u00e0 americana quotata in borsa. Nel 2015 ha completato il dottorato di ricerca presso l'Universit\u00e0 di Zurigo nel campo dell'innovazione dei servizi e della gestione dei servizi per le aziende svizzere.<\/p>\n<p>\"Le aziende in Svizzera hanno bisogno di un'universit\u00e0 che le aiuti ad affrontare le sfide attuali e future. I laureati di HWZ sono gi\u00e0 estremamente interessanti sul mercato del lavoro perch\u00e9 sono dotati degli strumenti pi\u00f9 moderni a tutti i livelli. Questo mi \u00e8 stato confermato da numerosi decision maker di vari settori industriali e si riflette anche nelle impressionanti carriere degli ex laureati\", afferma il nuovo rettore Brian P. R\u00fceger. L'HWZ svolge un lavoro eccellente a tutti i livelli. La rapidit\u00e0 e la vicinanza dell'HWZ alle aziende lo rendono un partner accademico affidabile per tutte le imprese. \"Continueremo su questa strada e diventeremo l'universit\u00e0 pi\u00f9 imprenditoriale della Svizzera\", afferma R\u00fceger.<\/p>\n<h3><strong>R\u00fceger subentra a R\u00fcegg<\/strong><\/h3>\n<p>\"Abbiamo trovato il candidato ideale nel Prof. Dr. Brian P. R\u00fceger. Il suo curriculum impressionante e la sua esperienza imprenditoriale lo rendono il successore perfetto del Prof. Matthias R\u00fcegg come Rettore dell'HWZ. Non vediamo l'ora di lavorare con lui\", afferma Sascha M. Burkhalter, delegato del Consiglio di amministrazione dell'HWZ.<\/p>\n<p>Il Prof. Dr. R\u00fceger succede al Prof. Matthias R\u00fcegg, che ha guidato l'HWZ con grande successo per molti anni. Sotto la guida del Prof. R\u00fcegg, l'HWZ \u00e8 riuscito a rafforzare in modo duraturo la sua posizione di universit\u00e0 leader in Svizzera per i corsi di laurea a tempo parziale. Durante il suo mandato, l'HWZ ha realizzato numerosi progetti strategici, tra cui l'introduzione di nuovi corsi di laurea orientati al futuro e l'ampliamento delle collaborazioni con il mondo economico. Grazie alla sua guida prudente e al suo fiuto per gli sviluppi futuri, ha reso l'HWZ un attore indispensabile nel panorama dell'istruzione.<\/p>\n<p>\"\u00c8 stato un grande onore accompagnare l'HWZ nel suo percorso di crescita negli ultimi anni e rendere l'universit\u00e0 ci\u00f2 che \u00e8 oggi: un'istituzione dinamica e innovativa che lavora a stretto contatto con le esigenze dell'economia e della societ\u00e0. Sono convinto che il Prof. Dr. R\u00fceger guider\u00e0 l'HWZ verso un futuro di successo con la sua esperienza e la sua visione\", afferma il rettore uscente Matthias R\u00fcegg.<\/p>\n<p>In un tributo personale al suo mandato, R\u00fcegg aggiunge: \"Gli ultimi anni sono stati caratterizzati da sfide e opportunit\u00e0 che abbiamo affrontato con successo insieme come squadra. Sono orgoglioso di aver affermato l'HWZ come un'universit\u00e0 imprenditoriale che offre corsi di laurea orientati alla pratica e allo stesso tempo garantisce un'elevata qualit\u00e0 accademica. Desidero ringraziare tutto il personale e gli studenti per il loro instancabile impegno e la loro passione. \u00c8 giunto il momento di passare la responsabilit\u00e0 e sono certo che l'HWZ svilupper\u00e0 un carisma ancora maggiore sotto la guida del Prof. Dr. R\u00fceger\".<\/p>\n<p>Il Prof. Matthias R\u00fcegg ha lasciato un segno indelebile nell'HWZ e ha contribuito in modo significativo all'ulteriore sviluppo del sistema educativo svizzero.<\/p>\n<p><em>Fonte: <a href=\"http:\/\/www.fh-hwz.ch\">www.fh-hwz.ch<\/a><\/em><\/p>","protected":false},"excerpt":{"rendered":"<p>Il Consiglio di Amministrazione dell'Universit\u00e0 di Scienze Applicate HWZ di Zurigo \u00e8 lieto di annunciare la nomina del Prof. Dr. Brian P. R\u00fceger a nuovo Rettore. Con effetto immediato, il Prof. Dr. R\u00fceger assumer\u00e0 la direzione della HWZ, che \u00e8 l'universit\u00e0 leader in Svizzera per i corsi di laurea part-time in economia. <\/p>","protected":false},"author":80,"featured_media":30545,"comment_status":"closed","ping_status":"closed","sticky":false,"template":"","format":"standard","meta":{"_acf_changed":false,"_yoast_wpseo_focuskw":"Brian P. R\u00fceger","_yoast_wpseo_metadesc":"Der Verwaltungsrat der HWZ Hochschule f\u00fcr Wirtschaft Z\u00fcrich freut sich, die Stabs\u00fcbergabe an Prof. Dr. Brian P. R\u00fceger zum neuen Rektor bekanntzugeben.","articlekey":"","footnotes":""},"categories":[28],"tags":[4596,1382,4597,4595],"class_list":["post-30544","post","type-post","status-publish","format-standard","has-post-thumbnail","hentry","category-management","tag-hochschule","tag-hwz","tag-rektor","tag-stabuebergabe"],"acf":[],"yoast_head":"<!-- This site is optimized with the Yoast SEO plugin v27.5 - https:\/\/yoast.com\/product\/yoast-seo-wordpress\/ -->\n<title>Prof. Dr. Brian P. R\u00fceger ist neuer Rektor der HWZ - Organisator<\/title>\n<meta name=\"description\" content=\"Der Verwaltungsrat der HWZ Hochschule f\u00fcr Wirtschaft Z\u00fcrich freut sich, die Stabs\u00fcbergabe an Prof. Dr. Brian P. R\u00fceger zum neuen Rektor bekanntzugeben.\" \/>\n<meta name=\"robots\" content=\"index, follow, max-snippet:-1, max-image-preview:large, max-video-preview:-1\" \/>\n<link rel=\"canonical\" href=\"https:\/\/www.organisator.ch\/it\/gestione-2\/2024-10-09\/prof-dr-brian-p-rueeger-ist-neuer-rektor-der-hwz\/\" \/>\n<meta property=\"og:locale\" content=\"it_IT\" \/>\n<meta property=\"og:type\" content=\"article\" \/>\n<meta property=\"og:title\" content=\"Prof. Dr. Brian P. R\u00fceger ist neuer Rektor der HWZ\" \/>\n<meta property=\"og:description\" content=\"Der Verwaltungsrat der HWZ Hochschule f\u00fcr Wirtschaft Z\u00fcrich freut sich, die Stabs\u00fcbergabe an Prof. Dr. Brian P. R\u00fceger zum neuen Rektor bekanntzugeben.\" \/>\n<meta property=\"og:url\" content=\"https:\/\/www.organisator.ch\/it\/gestione-2\/2024-10-09\/prof-dr-brian-p-rueeger-ist-neuer-rektor-der-hwz\/\" \/>\n<meta property=\"og:site_name\" content=\"Organisator\" \/>\n<meta property=\"article:publisher\" content=\"https:\/\/www.facebook.com\/OrganisatorFachmagazin\" \/>\n<meta property=\"article:published_time\" content=\"2024-10-09T10:30:35+00:00\" \/>\n<meta property=\"og:image\" content=\"https:\/\/www.organisator.ch\/wp-content\/uploads\/2024\/10\/Stabuebergabe-Rektoren-HWZ_Bild1_ps.jpg\" \/>\n\t<meta property=\"og:image:width\" content=\"680\" \/>\n\t<meta property=\"og:image:height\" content=\"453\" \/>\n\t<meta property=\"og:image:type\" content=\"image\/jpeg\" \/>\n<meta name=\"author\" content=\"Dzana Muminovic\" \/>\n<meta name=\"twitter:card\" content=\"summary_large_image\" \/>\n<meta name=\"twitter:title\" content=\"Prof. Dr. Brian P. R\u00fceger ist neuer Rektor der HWZ\" \/>\n<meta name=\"twitter:description\" content=\"Der #Verwaltungsrat der #HWZ #Hochschule f\u00fcr #Wirtschaft #Z\u00fcrich freut sich, die #Stabs\u00fcbergabe an Prof. Dr. #Brian P. #R\u00fceger zum neuen #Rektor bekanntzugeben.\" \/>\n<meta name=\"twitter:image\" content=\"https:\/\/www.organisator.ch\/wp-content\/uploads\/2024\/10\/Stabuebergabe-Rektoren-HWZ_Bild1_ps.jpg\" \/>\n<script type=\"application\/ld+json\" class=\"yoast-schema-graph\">{\"@context\":\"https:\\\/\\\/schema.org\",\"@graph\":[{\"@type\":\"Article\",\"@id\":\"https:\\\/\\\/www.organisator.ch\\\/management\\\/2024-10-09\\\/prof-dr-brian-p-rueeger-ist-neuer-rektor-der-hwz\\\/#article\",\"isPartOf\":{\"@id\":\"https:\\\/\\\/www.organisator.ch\\\/management\\\/2024-10-09\\\/prof-dr-brian-p-rueeger-ist-neuer-rektor-der-hwz\\\/\"},\"author\":{\"name\":\"Dzana Muminovic\",\"@id\":\"https:\\\/\\\/www.organisator.ch\\\/#\\\/schema\\\/person\\\/afccda3a71c06d4be2ed9100dd163db7\"},\"headline\":\"Prof. Dr. Brian P. R\u00fceger ist neuer Rektor der HWZ\",\"datePublished\":\"2024-10-09T10:30:35+00:00\",\"mainEntityOfPage\":{\"@id\":\"https:\\\/\\\/www.organisator.ch\\\/management\\\/2024-10-09\\\/prof-dr-brian-p-rueeger-ist-neuer-rektor-der-hwz\\\/\"},\"wordCount\":641,\"publisher\":{\"@id\":\"https:\\\/\\\/www.organisator.ch\\\/#organization\"},\"image\":{\"@id\":\"https:\\\/\\\/www.organisator.ch\\\/management\\\/2024-10-09\\\/prof-dr-brian-p-rueeger-ist-neuer-rektor-der-hwz\\\/#primaryimage\"},\"thumbnailUrl\":\"https:\\\/\\\/www.organisator.ch\\\/wp-content\\\/uploads\\\/2024\\\/10\\\/Stabuebergabe-Rektoren-HWZ_Bild1_ps.jpg\",\"keywords\":[\"Hochschule\",\"HWZ\",\"Rektor\",\"Stab\u00fcbergabe\"],\"articleSection\":[\"MANAGEMENT\"],\"inLanguage\":\"it-IT\"},{\"@type\":\"WebPage\",\"@id\":\"https:\\\/\\\/www.organisator.ch\\\/management\\\/2024-10-09\\\/prof-dr-brian-p-rueeger-ist-neuer-rektor-der-hwz\\\/\",\"url\":\"https:\\\/\\\/www.organisator.ch\\\/management\\\/2024-10-09\\\/prof-dr-brian-p-rueeger-ist-neuer-rektor-der-hwz\\\/\",\"name\":\"Prof. Dr. Brian P. R\u00fceger ist neuer Rektor der HWZ - Organisator\",\"isPartOf\":{\"@id\":\"https:\\\/\\\/www.organisator.ch\\\/#website\"},\"primaryImageOfPage\":{\"@id\":\"https:\\\/\\\/www.organisator.ch\\\/management\\\/2024-10-09\\\/prof-dr-brian-p-rueeger-ist-neuer-rektor-der-hwz\\\/#primaryimage\"},\"image\":{\"@id\":\"https:\\\/\\\/www.organisator.ch\\\/management\\\/2024-10-09\\\/prof-dr-brian-p-rueeger-ist-neuer-rektor-der-hwz\\\/#primaryimage\"},\"thumbnailUrl\":\"https:\\\/\\\/www.organisator.ch\\\/wp-content\\\/uploads\\\/2024\\\/10\\\/Stabuebergabe-Rektoren-HWZ_Bild1_ps.jpg\",\"datePublished\":\"2024-10-09T10:30:35+00:00\",\"description\":\"Der Verwaltungsrat der HWZ Hochschule f\u00fcr Wirtschaft Z\u00fcrich freut sich, die Stabs\u00fcbergabe an Prof. Dr. Brian P. R\u00fceger zum neuen Rektor bekanntzugeben.\",\"breadcrumb\":{\"@id\":\"https:\\\/\\\/www.organisator.ch\\\/management\\\/2024-10-09\\\/prof-dr-brian-p-rueeger-ist-neuer-rektor-der-hwz\\\/#breadcrumb\"},\"inLanguage\":\"it-IT\",\"potentialAction\":[{\"@type\":\"ReadAction\",\"target\":[\"https:\\\/\\\/www.organisator.ch\\\/management\\\/2024-10-09\\\/prof-dr-brian-p-rueeger-ist-neuer-rektor-der-hwz\\\/\"]}]},{\"@type\":\"ImageObject\",\"inLanguage\":\"it-IT\",\"@id\":\"https:\\\/\\\/www.organisator.ch\\\/management\\\/2024-10-09\\\/prof-dr-brian-p-rueeger-ist-neuer-rektor-der-hwz\\\/#primaryimage\",\"url\":\"https:\\\/\\\/www.organisator.ch\\\/wp-content\\\/uploads\\\/2024\\\/10\\\/Stabuebergabe-Rektoren-HWZ_Bild1_ps.jpg\",\"contentUrl\":\"https:\\\/\\\/www.organisator.ch\\\/wp-content\\\/uploads\\\/2024\\\/10\\\/Stabuebergabe-Rektoren-HWZ_Bild1_ps.jpg\",\"width\":680,\"height\":453,\"caption\":\"Prof. Dr. R\u00fceger tritt die Nachfolge von Prof. Matthias R\u00fcegg an. (Bild: www.fh-hwz.ch)\"},{\"@type\":\"BreadcrumbList\",\"@id\":\"https:\\\/\\\/www.organisator.ch\\\/management\\\/2024-10-09\\\/prof-dr-brian-p-rueeger-ist-neuer-rektor-der-hwz\\\/#breadcrumb\",\"itemListElement\":[{\"@type\":\"ListItem\",\"position\":1,\"name\":\"Home\",\"item\":\"https:\\\/\\\/www.organisator.ch\\\/\"},{\"@type\":\"ListItem\",\"position\":2,\"name\":\"Prof. Dr. Brian P. R\u00fceger ist neuer Rektor der HWZ\"}]},{\"@type\":\"WebSite\",\"@id\":\"https:\\\/\\\/www.organisator.ch\\\/#website\",\"url\":\"https:\\\/\\\/www.organisator.ch\\\/\",\"name\":\"Organisator\",\"description\":\"Kompetent. Praxisnah. Der ORGANISATOR bereitet in 10 Ausgaben pro Jahr die wesentlichen Themen f\u00fcr F\u00fchrungskr\u00e4fte von KMU auf.\",\"publisher\":{\"@id\":\"https:\\\/\\\/www.organisator.ch\\\/#organization\"},\"potentialAction\":[{\"@type\":\"SearchAction\",\"target\":{\"@type\":\"EntryPoint\",\"urlTemplate\":\"https:\\\/\\\/www.organisator.ch\\\/?s={search_term_string}\"},\"query-input\":{\"@type\":\"PropertyValueSpecification\",\"valueRequired\":true,\"valueName\":\"search_term_string\"}}],\"inLanguage\":\"it-IT\"},{\"@type\":\"Organization\",\"@id\":\"https:\\\/\\\/www.organisator.ch\\\/#organization\",\"name\":\"Organisator\",\"url\":\"https:\\\/\\\/www.organisator.ch\\\/\",\"logo\":{\"@type\":\"ImageObject\",\"inLanguage\":\"it-IT\",\"@id\":\"https:\\\/\\\/www.organisator.ch\\\/#\\\/schema\\\/logo\\\/image\\\/\",\"url\":\"https:\\\/\\\/www.organisator.ch\\\/wp-content\\\/uploads\\\/2022\\\/01\\\/Logo_Organisator_Website.png\",\"contentUrl\":\"https:\\\/\\\/www.organisator.ch\\\/wp-content\\\/uploads\\\/2022\\\/01\\\/Logo_Organisator_Website.png\",\"width\":800,\"height\":77,\"caption\":\"Organisator\"},\"image\":{\"@id\":\"https:\\\/\\\/www.organisator.ch\\\/#\\\/schema\\\/logo\\\/image\\\/\"},\"sameAs\":[\"https:\\\/\\\/www.facebook.com\\\/OrganisatorFachmagazin\",\"https:\\\/\\\/www.linkedin.com\\\/showcase\\\/organisator-das-magazin-fr-kmu\",\"https:\\\/\\\/www.xing.com\\\/news\\\/pages\\\/organisator-ch-695\",\"https:\\\/\\\/www.youtube.com\\\/channel\\\/UCGP2Sq0iWaZwT3BdIAQFYpw\"]},{\"@type\":\"Person\",\"@id\":\"https:\\\/\\\/www.organisator.ch\\\/#\\\/schema\\\/person\\\/afccda3a71c06d4be2ed9100dd163db7\",\"name\":\"Dzana Muminovic\",\"image\":{\"@type\":\"ImageObject\",\"inLanguage\":\"it-IT\",\"@id\":\"https:\\\/\\\/secure.gravatar.com\\\/avatar\\\/909c5c71aff4b38e88686f2ab2f1ba152571f394f41ed8bae431ea56ced93050?s=96&d=mm&r=g\",\"url\":\"https:\\\/\\\/secure.gravatar.com\\\/avatar\\\/909c5c71aff4b38e88686f2ab2f1ba152571f394f41ed8bae431ea56ced93050?s=96&d=mm&r=g\",\"contentUrl\":\"https:\\\/\\\/secure.gravatar.com\\\/avatar\\\/909c5c71aff4b38e88686f2ab2f1ba152571f394f41ed8bae431ea56ced93050?s=96&d=mm&r=g\",\"caption\":\"Dzana Muminovic\"},\"url\":\"https:\\\/\\\/www.organisator.ch\\\/it\\\/author\\\/dzana-muminovic\\\/\"}]}<\/script>\n<!-- \/ Yoast SEO plugin. -->","yoast_head_json":{"title":"Il Prof. Dr. Brian P. R\u00fceger \u00e8 il nuovo Rettore dell'HWZ - Organizzatore","description":"Il Consiglio di Amministrazione dell'Universit\u00e0 di Scienze Applicate HWZ di Zurigo \u00e8 lieto di annunciare la nomina del Prof. Dr. Brian P. R\u00fceger a nuovo Rettore.","robots":{"index":"index","follow":"follow","max-snippet":"max-snippet:-1","max-image-preview":"max-image-preview:large","max-video-preview":"max-video-preview:-1"},"canonical":"https:\/\/www.organisator.ch\/it\/gestione-2\/2024-10-09\/prof-dr-brian-p-rueeger-ist-neuer-rektor-der-hwz\/","og_locale":"it_IT","og_type":"article","og_title":"Prof. Dr. Brian P. R\u00fceger ist neuer Rektor der HWZ","og_description":"Der Verwaltungsrat der HWZ Hochschule f\u00fcr Wirtschaft Z\u00fcrich freut sich, die Stabs\u00fcbergabe an Prof. Dr. Brian P. R\u00fceger zum neuen Rektor bekanntzugeben.","og_url":"https:\/\/www.organisator.ch\/it\/gestione-2\/2024-10-09\/prof-dr-brian-p-rueeger-ist-neuer-rektor-der-hwz\/","og_site_name":"Organisator","article_publisher":"https:\/\/www.facebook.com\/OrganisatorFachmagazin","article_published_time":"2024-10-09T10:30:35+00:00","og_image":[{"width":680,"height":453,"url":"https:\/\/www.organisator.ch\/wp-content\/uploads\/2024\/10\/Stabuebergabe-Rektoren-HWZ_Bild1_ps.jpg","type":"image\/jpeg"}],"author":"Dzana Muminovic","twitter_card":"summary_large_image","twitter_title":"Prof. Dr. Brian P. R\u00fceger ist neuer Rektor der HWZ","twitter_description":"Der #Verwaltungsrat der #HWZ #Hochschule f\u00fcr #Wirtschaft #Z\u00fcrich freut sich, die #Stabs\u00fcbergabe an Prof. Dr. #Brian P. #R\u00fceger zum neuen #Rektor bekanntzugeben.","twitter_image":"https:\/\/www.organisator.ch\/wp-content\/uploads\/2024\/10\/Stabuebergabe-Rektoren-HWZ_Bild1_ps.jpg","schema":{"@context":"https:\/\/schema.org","@graph":[{"@type":"Article","@id":"https:\/\/www.organisator.ch\/management\/2024-10-09\/prof-dr-brian-p-rueeger-ist-neuer-rektor-der-hwz\/#article","isPartOf":{"@id":"https:\/\/www.organisator.ch\/management\/2024-10-09\/prof-dr-brian-p-rueeger-ist-neuer-rektor-der-hwz\/"},"author":{"name":"Dzana Muminovic","@id":"https:\/\/www.organisator.ch\/#\/schema\/person\/afccda3a71c06d4be2ed9100dd163db7"},"headline":"Prof. Dr. Brian P. R\u00fceger ist neuer Rektor der HWZ","datePublished":"2024-10-09T10:30:35+00:00","mainEntityOfPage":{"@id":"https:\/\/www.organisator.ch\/management\/2024-10-09\/prof-dr-brian-p-rueeger-ist-neuer-rektor-der-hwz\/"},"wordCount":641,"publisher":{"@id":"https:\/\/www.organisator.ch\/#organization"},"image":{"@id":"https:\/\/www.organisator.ch\/management\/2024-10-09\/prof-dr-brian-p-rueeger-ist-neuer-rektor-der-hwz\/#primaryimage"},"thumbnailUrl":"https:\/\/www.organisator.ch\/wp-content\/uploads\/2024\/10\/Stabuebergabe-Rektoren-HWZ_Bild1_ps.jpg","keywords":["Hochschule","HWZ","Rektor","Stab\u00fcbergabe"],"articleSection":["MANAGEMENT"],"inLanguage":"it-IT"},{"@type":"WebPage","@id":"https:\/\/www.organisator.ch\/management\/2024-10-09\/prof-dr-brian-p-rueeger-ist-neuer-rektor-der-hwz\/","url":"https:\/\/www.organisator.ch\/management\/2024-10-09\/prof-dr-brian-p-rueeger-ist-neuer-rektor-der-hwz\/","name":"Il Prof. Dr. Brian P. R\u00fceger \u00e8 il nuovo Rettore dell'HWZ - Organizzatore","isPartOf":{"@id":"https:\/\/www.organisator.ch\/#website"},"primaryImageOfPage":{"@id":"https:\/\/www.organisator.ch\/management\/2024-10-09\/prof-dr-brian-p-rueeger-ist-neuer-rektor-der-hwz\/#primaryimage"},"image":{"@id":"https:\/\/www.organisator.ch\/management\/2024-10-09\/prof-dr-brian-p-rueeger-ist-neuer-rektor-der-hwz\/#primaryimage"},"thumbnailUrl":"https:\/\/www.organisator.ch\/wp-content\/uploads\/2024\/10\/Stabuebergabe-Rektoren-HWZ_Bild1_ps.jpg","datePublished":"2024-10-09T10:30:35+00:00","description":"Il Consiglio di Amministrazione dell'Universit\u00e0 di Scienze Applicate HWZ di Zurigo \u00e8 lieto di annunciare la nomina del Prof. Dr. Brian P. R\u00fceger a nuovo Rettore.","breadcrumb":{"@id":"https:\/\/www.organisator.ch\/management\/2024-10-09\/prof-dr-brian-p-rueeger-ist-neuer-rektor-der-hwz\/#breadcrumb"},"inLanguage":"it-IT","potentialAction":[{"@type":"ReadAction","target":["https:\/\/www.organisator.ch\/management\/2024-10-09\/prof-dr-brian-p-rueeger-ist-neuer-rektor-der-hwz\/"]}]},{"@type":"ImageObject","inLanguage":"it-IT","@id":"https:\/\/www.organisator.ch\/management\/2024-10-09\/prof-dr-brian-p-rueeger-ist-neuer-rektor-der-hwz\/#primaryimage","url":"https:\/\/www.organisator.ch\/wp-content\/uploads\/2024\/10\/Stabuebergabe-Rektoren-HWZ_Bild1_ps.jpg","contentUrl":"https:\/\/www.organisator.ch\/wp-content\/uploads\/2024\/10\/Stabuebergabe-Rektoren-HWZ_Bild1_ps.jpg","width":680,"height":453,"caption":"Prof. Dr. R\u00fceger tritt die Nachfolge von Prof. Matthias R\u00fcegg an. (Bild: www.fh-hwz.ch)"},{"@type":"BreadcrumbList","@id":"https:\/\/www.organisator.ch\/management\/2024-10-09\/prof-dr-brian-p-rueeger-ist-neuer-rektor-der-hwz\/#breadcrumb","itemListElement":[{"@type":"ListItem","position":1,"name":"Home","item":"https:\/\/www.organisator.ch\/"},{"@type":"ListItem","position":2,"name":"Prof. Dr. Brian P. R\u00fceger ist neuer Rektor der HWZ"}]},{"@type":"WebSite","@id":"https:\/\/www.organisator.ch\/#website","url":"https:\/\/www.organisator.ch\/","name":"Organizzatore","description":"Competente. Pratico. In 10 numeri all'anno, ORGANISATOR presenta i temi essenziali per i manager delle PMI.","publisher":{"@id":"https:\/\/www.organisator.ch\/#organization"},"potentialAction":[{"@type":"SearchAction","target":{"@type":"EntryPoint","urlTemplate":"https:\/\/www.organisator.ch\/?s={search_term_string}"},"query-input":{"@type":"PropertyValueSpecification","valueRequired":true,"valueName":"search_term_string"}}],"inLanguage":"it-IT"},{"@type":"Organization","@id":"https:\/\/www.organisator.ch\/#organization","name":"Organizzatore","url":"https:\/\/www.organisator.ch\/","logo":{"@type":"ImageObject","inLanguage":"it-IT","@id":"https:\/\/www.organisator.ch\/#\/schema\/logo\/image\/","url":"https:\/\/www.organisator.ch\/wp-content\/uploads\/2022\/01\/Logo_Organisator_Website.png","contentUrl":"https:\/\/www.organisator.ch\/wp-content\/uploads\/2022\/01\/Logo_Organisator_Website.png","width":800,"height":77,"caption":"Organisator"},"image":{"@id":"https:\/\/www.organisator.ch\/#\/schema\/logo\/image\/"},"sameAs":["https:\/\/www.facebook.com\/OrganisatorFachmagazin","https:\/\/www.linkedin.com\/showcase\/organisator-das-magazin-fr-kmu","https:\/\/www.xing.com\/news\/pages\/organisator-ch-695","https:\/\/www.youtube.com\/channel\/UCGP2Sq0iWaZwT3BdIAQFYpw"]},{"@type":"Person","@id":"https:\/\/www.organisator.ch\/#\/schema\/person\/afccda3a71c06d4be2ed9100dd163db7","name":"Dzana Muminovic","image":{"@type":"ImageObject","inLanguage":"it-IT","@id":"https:\/\/secure.gravatar.com\/avatar\/909c5c71aff4b38e88686f2ab2f1ba152571f394f41ed8bae431ea56ced93050?s=96&d=mm&r=g","url":"https:\/\/secure.gravatar.com\/avatar\/909c5c71aff4b38e88686f2ab2f1ba152571f394f41ed8bae431ea56ced93050?s=96&d=mm&r=g","contentUrl":"https:\/\/secure.gravatar.com\/avatar\/909c5c71aff4b38e88686f2ab2f1ba152571f394f41ed8bae431ea56ced93050?s=96&d=mm&r=g","caption":"Dzana Muminovic"},"url":"https:\/\/www.organisator.ch\/it\/author\/dzana-muminovic\/"}]}},"_links":{"self":[{"href":"https:\/\/www.organisator.ch\/it\/wp-json\/wp\/v2\/posts\/30544","targetHints":{"allow":["GET"]}}],"collection":[{"href":"https:\/\/www.organisator.ch\/it\/wp-json\/wp\/v2\/posts"}],"about":[{"href":"https:\/\/www.organisator.ch\/it\/wp-json\/wp\/v2\/types\/post"}],"author":[{"embeddable":true,"href":"https:\/\/www.organisator.ch\/it\/wp-json\/wp\/v2\/users\/80"}],"replies":[{"embeddable":true,"href":"https:\/\/www.organisator.ch\/it\/wp-json\/wp\/v2\/comments?post=30544"}],"version-history":[{"count":3,"href":"https:\/\/www.organisator.ch\/it\/wp-json\/wp\/v2\/posts\/30544\/revisions"}],"predecessor-version":[{"id":30568,"href":"https:\/\/www.organisator.ch\/it\/wp-json\/wp\/v2\/posts\/30544\/revisions\/30568"}],"wp:featuredmedia":[{"embeddable":true,"href":"https:\/\/www.organisator.ch\/it\/wp-json\/wp\/v2\/media\/30545"}],"wp:attachment":[{"href":"https:\/\/www.organisator.ch\/it\/wp-json\/wp\/v2\/media?parent=30544"}],"wp:term":[{"taxonomy":"category","embeddable":true,"href":"https:\/\/www.organisator.ch\/it\/wp-json\/wp\/v2\/categories?post=30544"},{"taxonomy":"post_tag","embeddable":true,"href":"https:\/\/www.organisator.ch\/it\/wp-json\/wp\/v2\/tags?post=30544"}],"curies":[{"name":"wp","href":"https:\/\/api.w.org\/{rel}","templated":true}]}}