{"id":30575,"date":"2024-10-10T09:11:10","date_gmt":"2024-10-10T07:11:10","guid":{"rendered":"https:\/\/www.organisator.ch\/?p=30575"},"modified":"2024-10-10T09:13:18","modified_gmt":"2024-10-10T07:13:18","slug":"emanuele-diquattro-wird-neuer-ceo-der-inventx-ag","status":"publish","type":"post","link":"https:\/\/www.organisator.ch\/it\/management\/2024-10-10\/emanuele-diquattro-wird-neuer-ceo-der-inventx-ag\/","title":{"rendered":"Emanuele Diquattro diventa il nuovo CEO di Inventx AG"},"content":{"rendered":"<figure id=\"attachment_30577\" aria-describedby=\"caption-attachment-30577\" style=\"width: 680px\" class=\"wp-caption alignnone\"><img loading=\"lazy\" decoding=\"async\" class=\"wp-image-30577 size-full\" src=\"https:\/\/www.organisator.ch\/wp-content\/uploads\/2024\/10\/Emanuele-Diquattro_Inventx_Bild1_ps-e1728544392633.jpg\" alt=\"\" width=\"680\" height=\"550\" \/><figcaption id=\"caption-attachment-30577\" class=\"wp-caption-text\">Emanuele Diquattro - Nuovo CEO di Inventx AG. (Immagine: www.inventx.ch)<\/figcaption><\/figure>\n<p>In Emanuele Diquattro, Inventx ha trovato la combinazione perfetta di forza di leadership, competenza nel settore e nella tecnologia, attenzione al cliente ed esperienza nella responsabilit\u00e0 imprenditoriale complessiva. Il nuovo CEO entrer\u00e0 a far parte di Inventx il 1\u00b0 novembre 2024 e, dopo la fase introduttiva, guider\u00e0 il Comitato esecutivo di Inventx, composto da sei membri, a partire dal 1\u00b0 gennaio 2025, per guidare l'affermato fornitore di servizi informatici e di digitalizzazione per l'industria finanziaria svizzera verso un'ulteriore penetrazione del mercato nel settore bancario e uno sviluppo ancora pi\u00f9 riuscito del mercato assicurativo.<\/p>\n<p>Pu\u00f2 contare su Damian Hallenbarter, Head of Banking, che in primavera \u00e8 passato da Schwyzer Kantonalbank a Inventx, per sostenere e far crescere ulteriormente questi due mercati chiave per Inventx. Con Daniel Wenger, responsabile del settore assicurativo di Inventx, si trova in un tandem di potere per espandere la quota di mercato del secondo pilastro di Inventx.<\/p>\n<p>Partito da Sanitas Krankenversicherung AG, Emanuele Diquattro ha imparato il mestiere di assicuratore da zero. Dopo aver lavorato per diversi anni in funzioni orientate al cliente e alla gestione di progetti, si \u00e8 dedicato sempre pi\u00f9 all'IT, diventando in pochi anni responsabile dei progetti e della gestione dei processi IT. In qualit\u00e0 di CIO, ha presto trasformato l'intera organizzazione IT dell'assicuratore e si \u00e8 occupato dello sviluppo di nuovi modelli di business digitali come co-leader. Pi\u00f9 recentemente, in qualit\u00e0 di Chief Marketing Officer e Deputy CEO di Sanitas, \u00e8 stato responsabile dell'intero team multidimensionale di vendite e marketing. In questo ruolo ha progettato il riposizionamento strategico verso un'organizzazione di vendita \"digital-first\", della cui implementazione \u00e8 stato anche responsabile fino al suo passaggio ad Adcubum nel 2018.<\/p>\n<p>Emanuele Diquattro \u00e8 entrato a far parte del rinomato produttore di software assicurativo - i cui prodotti includono la soluzione assicurativa principale Syrius, che Inventx offre come servizio applicativo gestito nel modello PaaS - in qualit\u00e0 di Chief Commercial Officer ed \u00e8 stato nominato CEO solo un anno dopo. Nei tre anni della sua leadership, ha guidato la direzione futura dell'azienda, che conta 400 dipendenti, in particolare con lo sviluppo di una moderna architettura IT per le sue soluzioni software, e ha aumentato in modo significativo il suo valore aziendale. Nel 2022 ha lasciato Adcubum per combinare le sue diverse esperienze nel settore delle vendite, delle assicurazioni e dello sviluppo di piattaforme in un nuovo modello di business presso l'InsurTech internazionale wefox in qualit\u00e0 di Country Lead Svizzera, per poi svilupparlo.<\/p>\n<p>Il 42enne svizzero \u00e8 un economista aziendale certificato e ha conseguito un Master in Business Engineering presso la Zurich School of Economics. Attualmente \u00e8 membro dell'Executive Advisory Board dell'AI Business School e membro del consiglio di amministrazione di diverse societ\u00e0 digitali, di vendita e di consulenza.<\/p>\n<p>Emanuele Diquattro subentra nel ruolo di CEO al cofondatore e proprietario di Inventx Gregor St\u00fccheli, che ora si concentrer\u00e0 nuovamente sul suo ruolo di Presidente del Consiglio di Amministrazione.<\/p>\n<p>Gregor St\u00fccheli passa il testimone al nuovo CEO con le seguenti parole: \"Emanuele Diquattro porta con s\u00e9 il pacchetto perfetto di competenze, networking ed esperienza di cui Inventx ha bisogno per questo ruolo all'interfaccia tra tecnologia e competenze commerciali specifiche del settore. Ma ci\u00f2 che mi convince di pi\u00f9 di lui \u00e8 la sua attenzione al cliente e il suo gioco di squadra. Questo lo rende un'incarnazione ideale dei nostri valori aziendali e pu\u00f2 portare con s\u00e9 i nostri clienti e i nostri dipendenti nel nostro ambizioso viaggio imprenditoriale\".<\/p>\n<p>Emanuele Diquattro non vede l'ora di affrontare la sfida: \"Ho seguito la storia di successo di Inventx nel corso degli anni e mi riempie di orgoglio il fatto di poter continuare a scrivere e plasmare questa storia come CEO. Sono convinto che in futuro sar\u00f2 in grado di stabilire ulteriori pietre miliari nei nostri settori chiave con il Consiglio di Amministrazione guidato dai fondatori Gregor St\u00fccheli e Hans Nagel, un Comitato esecutivo ottimamente organizzato e un team altamente motivato.\"<\/p>\n<p>Oltre ai CEO designati, Damian Hallenbarter e Daniel Wenger, il Comitato esecutivo di Inventx comprende anche Patrick Hagen, CFO, Fabio Cortesi, CTO, e Christoph Z\u00fcger, Business Development &amp; Sales.<\/p>\n<p><em>Fonte: <a href=\"http:\/\/www.inventx.ch\">www.inventx.ch<\/a><\/em><\/p>","protected":false},"excerpt":{"rendered":"<p>Emanuele Diquattro entrer\u00e0 in Inventx a novembre e, in qualit\u00e0 di CEO da gennaio 2025, guider\u00e0 l'affermato partner informatico e di digitalizzazione di rinomate banche e compagnie assicurative svizzere verso un'ulteriore crescita. <\/p>","protected":false},"author":58,"featured_media":30577,"comment_status":"closed","ping_status":"closed","sticky":false,"template":"","format":"standard","meta":{"_acf_changed":false,"_yoast_wpseo_focuskw":"Emanuele Diquattro","_yoast_wpseo_metadesc":"Emanuele Diquattro wird ab November zur Inventx stossen und ab Januar 2025 als CEO \u00fcbernehmen.","articlekey":"","footnotes":""},"categories":[28],"tags":[904,156,286,334,492],"class_list":["post-30575","post","type-post","status-publish","format-standard","has-post-thumbnail","hentry","category-management","tag-ceo","tag-digitalisierung","tag-it","tag-management","tag-unternehmen"],"acf":[],"yoast_head":"<!-- This site is optimized with the Yoast SEO plugin v27.5 - https:\/\/yoast.com\/product\/yoast-seo-wordpress\/ -->\n<title>Emanuele Diquattro wird neuer CEO der Inventx AG - Organisator<\/title>\n<meta name=\"description\" content=\"Emanuele Diquattro wird ab November zur Inventx stossen und ab Januar 2025 als CEO \u00fcbernehmen.\" \/>\n<meta name=\"robots\" content=\"index, follow, max-snippet:-1, max-image-preview:large, max-video-preview:-1\" \/>\n<link rel=\"canonical\" href=\"https:\/\/www.organisator.ch\/it\/gestione-2\/2024-10-10\/emanuele-diquattro-wird-neuer-ceo-der-inventx-ag\/\" \/>\n<meta property=\"og:locale\" content=\"it_IT\" \/>\n<meta property=\"og:type\" content=\"article\" \/>\n<meta property=\"og:title\" content=\"Emanuele Diquattro wird neuer CEO der Inventx AG\" \/>\n<meta property=\"og:description\" content=\"Emanuele Diquattro wird ab November zur Inventx stossen und ab Januar 2025 als CEO \u00fcbernehmen.\" \/>\n<meta property=\"og:url\" content=\"https:\/\/www.organisator.ch\/it\/gestione-2\/2024-10-10\/emanuele-diquattro-wird-neuer-ceo-der-inventx-ag\/\" \/>\n<meta property=\"og:site_name\" content=\"Organisator\" \/>\n<meta property=\"article:publisher\" content=\"https:\/\/www.facebook.com\/OrganisatorFachmagazin\" \/>\n<meta property=\"article:published_time\" content=\"2024-10-10T07:11:10+00:00\" \/>\n<meta property=\"article:modified_time\" content=\"2024-10-10T07:13:18+00:00\" \/>\n<meta property=\"og:image\" content=\"https:\/\/www.organisator.ch\/wp-content\/uploads\/2024\/10\/Emanuele-Diquattro_Inventx_Bild1_ps-e1728544392633.jpg\" \/>\n\t<meta property=\"og:image:width\" content=\"680\" \/>\n\t<meta property=\"og:image:height\" content=\"550\" \/>\n\t<meta property=\"og:image:type\" content=\"image\/jpeg\" \/>\n<meta name=\"author\" content=\"Adelisa Kalajdzini\" \/>\n<meta name=\"twitter:card\" content=\"summary_large_image\" \/>\n<meta name=\"twitter:title\" content=\"Emanuele Diquattro wird neuer CEO der Inventx AG\" \/>\n<meta name=\"twitter:description\" content=\"#Emanuele #Diquattro wird ab November zur #Inventx stossen und ab Januar 2025 als #CEO \u00fcbernehmen.\" \/>\n<meta name=\"twitter:image\" content=\"https:\/\/www.organisator.ch\/wp-content\/uploads\/2024\/10\/Emanuele-Diquattro_Inventx_Bild1_ps-e1728544473795.jpg\" \/>\n<script type=\"application\/ld+json\" class=\"yoast-schema-graph\">{\"@context\":\"https:\\\/\\\/schema.org\",\"@graph\":[{\"@type\":\"Article\",\"@id\":\"https:\\\/\\\/www.organisator.ch\\\/management\\\/2024-10-10\\\/emanuele-diquattro-wird-neuer-ceo-der-inventx-ag\\\/#article\",\"isPartOf\":{\"@id\":\"https:\\\/\\\/www.organisator.ch\\\/management\\\/2024-10-10\\\/emanuele-diquattro-wird-neuer-ceo-der-inventx-ag\\\/\"},\"author\":{\"name\":\"Adelisa Kalajdzini\",\"@id\":\"https:\\\/\\\/www.organisator.ch\\\/#\\\/schema\\\/person\\\/2e1314a2172123f874db408d8911d3f3\"},\"headline\":\"Emanuele Diquattro wird neuer CEO der Inventx AG\",\"datePublished\":\"2024-10-10T07:11:10+00:00\",\"dateModified\":\"2024-10-10T07:13:18+00:00\",\"mainEntityOfPage\":{\"@id\":\"https:\\\/\\\/www.organisator.ch\\\/management\\\/2024-10-10\\\/emanuele-diquattro-wird-neuer-ceo-der-inventx-ag\\\/\"},\"wordCount\":644,\"publisher\":{\"@id\":\"https:\\\/\\\/www.organisator.ch\\\/#organization\"},\"image\":{\"@id\":\"https:\\\/\\\/www.organisator.ch\\\/management\\\/2024-10-10\\\/emanuele-diquattro-wird-neuer-ceo-der-inventx-ag\\\/#primaryimage\"},\"thumbnailUrl\":\"https:\\\/\\\/www.organisator.ch\\\/wp-content\\\/uploads\\\/2024\\\/10\\\/Emanuele-Diquattro_Inventx_Bild1_ps-e1728544473795.jpg\",\"keywords\":[\"CEO\",\"Digitalisierung\",\"IT\",\"Management\",\"Unternehmen\"],\"articleSection\":[\"MANAGEMENT\"],\"inLanguage\":\"it-IT\"},{\"@type\":\"WebPage\",\"@id\":\"https:\\\/\\\/www.organisator.ch\\\/management\\\/2024-10-10\\\/emanuele-diquattro-wird-neuer-ceo-der-inventx-ag\\\/\",\"url\":\"https:\\\/\\\/www.organisator.ch\\\/management\\\/2024-10-10\\\/emanuele-diquattro-wird-neuer-ceo-der-inventx-ag\\\/\",\"name\":\"Emanuele Diquattro wird neuer CEO der Inventx AG - Organisator\",\"isPartOf\":{\"@id\":\"https:\\\/\\\/www.organisator.ch\\\/#website\"},\"primaryImageOfPage\":{\"@id\":\"https:\\\/\\\/www.organisator.ch\\\/management\\\/2024-10-10\\\/emanuele-diquattro-wird-neuer-ceo-der-inventx-ag\\\/#primaryimage\"},\"image\":{\"@id\":\"https:\\\/\\\/www.organisator.ch\\\/management\\\/2024-10-10\\\/emanuele-diquattro-wird-neuer-ceo-der-inventx-ag\\\/#primaryimage\"},\"thumbnailUrl\":\"https:\\\/\\\/www.organisator.ch\\\/wp-content\\\/uploads\\\/2024\\\/10\\\/Emanuele-Diquattro_Inventx_Bild1_ps-e1728544473795.jpg\",\"datePublished\":\"2024-10-10T07:11:10+00:00\",\"dateModified\":\"2024-10-10T07:13:18+00:00\",\"description\":\"Emanuele Diquattro wird ab November zur Inventx stossen und ab Januar 2025 als CEO \u00fcbernehmen.\",\"breadcrumb\":{\"@id\":\"https:\\\/\\\/www.organisator.ch\\\/management\\\/2024-10-10\\\/emanuele-diquattro-wird-neuer-ceo-der-inventx-ag\\\/#breadcrumb\"},\"inLanguage\":\"it-IT\",\"potentialAction\":[{\"@type\":\"ReadAction\",\"target\":[\"https:\\\/\\\/www.organisator.ch\\\/management\\\/2024-10-10\\\/emanuele-diquattro-wird-neuer-ceo-der-inventx-ag\\\/\"]}]},{\"@type\":\"ImageObject\",\"inLanguage\":\"it-IT\",\"@id\":\"https:\\\/\\\/www.organisator.ch\\\/management\\\/2024-10-10\\\/emanuele-diquattro-wird-neuer-ceo-der-inventx-ag\\\/#primaryimage\",\"url\":\"https:\\\/\\\/www.organisator.ch\\\/wp-content\\\/uploads\\\/2024\\\/10\\\/Emanuele-Diquattro_Inventx_Bild1_ps-e1728544473795.jpg\",\"contentUrl\":\"https:\\\/\\\/www.organisator.ch\\\/wp-content\\\/uploads\\\/2024\\\/10\\\/Emanuele-Diquattro_Inventx_Bild1_ps-e1728544473795.jpg\",\"width\":642,\"height\":500,\"caption\":\"Emanuele Diquattro \u2013 Neuer CEO der Inventx AG. (Bild: www.inventx.ch)\"},{\"@type\":\"BreadcrumbList\",\"@id\":\"https:\\\/\\\/www.organisator.ch\\\/management\\\/2024-10-10\\\/emanuele-diquattro-wird-neuer-ceo-der-inventx-ag\\\/#breadcrumb\",\"itemListElement\":[{\"@type\":\"ListItem\",\"position\":1,\"name\":\"Home\",\"item\":\"https:\\\/\\\/www.organisator.ch\\\/\"},{\"@type\":\"ListItem\",\"position\":2,\"name\":\"Emanuele Diquattro wird neuer CEO der Inventx AG\"}]},{\"@type\":\"WebSite\",\"@id\":\"https:\\\/\\\/www.organisator.ch\\\/#website\",\"url\":\"https:\\\/\\\/www.organisator.ch\\\/\",\"name\":\"Organisator\",\"description\":\"Kompetent. Praxisnah. Der ORGANISATOR bereitet in 10 Ausgaben pro Jahr die wesentlichen Themen f\u00fcr F\u00fchrungskr\u00e4fte von KMU auf.\",\"publisher\":{\"@id\":\"https:\\\/\\\/www.organisator.ch\\\/#organization\"},\"potentialAction\":[{\"@type\":\"SearchAction\",\"target\":{\"@type\":\"EntryPoint\",\"urlTemplate\":\"https:\\\/\\\/www.organisator.ch\\\/?s={search_term_string}\"},\"query-input\":{\"@type\":\"PropertyValueSpecification\",\"valueRequired\":true,\"valueName\":\"search_term_string\"}}],\"inLanguage\":\"it-IT\"},{\"@type\":\"Organization\",\"@id\":\"https:\\\/\\\/www.organisator.ch\\\/#organization\",\"name\":\"Organisator\",\"url\":\"https:\\\/\\\/www.organisator.ch\\\/\",\"logo\":{\"@type\":\"ImageObject\",\"inLanguage\":\"it-IT\",\"@id\":\"https:\\\/\\\/www.organisator.ch\\\/#\\\/schema\\\/logo\\\/image\\\/\",\"url\":\"https:\\\/\\\/www.organisator.ch\\\/wp-content\\\/uploads\\\/2022\\\/01\\\/Logo_Organisator_Website.png\",\"contentUrl\":\"https:\\\/\\\/www.organisator.ch\\\/wp-content\\\/uploads\\\/2022\\\/01\\\/Logo_Organisator_Website.png\",\"width\":800,\"height\":77,\"caption\":\"Organisator\"},\"image\":{\"@id\":\"https:\\\/\\\/www.organisator.ch\\\/#\\\/schema\\\/logo\\\/image\\\/\"},\"sameAs\":[\"https:\\\/\\\/www.facebook.com\\\/OrganisatorFachmagazin\",\"https:\\\/\\\/www.linkedin.com\\\/showcase\\\/organisator-das-magazin-fr-kmu\",\"https:\\\/\\\/www.xing.com\\\/news\\\/pages\\\/organisator-ch-695\",\"https:\\\/\\\/www.youtube.com\\\/channel\\\/UCGP2Sq0iWaZwT3BdIAQFYpw\"]},{\"@type\":\"Person\",\"@id\":\"https:\\\/\\\/www.organisator.ch\\\/#\\\/schema\\\/person\\\/2e1314a2172123f874db408d8911d3f3\",\"name\":\"Adelisa Kalajdzini\",\"image\":{\"@type\":\"ImageObject\",\"inLanguage\":\"it-IT\",\"@id\":\"https:\\\/\\\/secure.gravatar.com\\\/avatar\\\/09a397c22ac58cad6f160ee8306348599df9df58a8ede73696226897b9fa4b24?s=96&d=mm&r=g\",\"url\":\"https:\\\/\\\/secure.gravatar.com\\\/avatar\\\/09a397c22ac58cad6f160ee8306348599df9df58a8ede73696226897b9fa4b24?s=96&d=mm&r=g\",\"contentUrl\":\"https:\\\/\\\/secure.gravatar.com\\\/avatar\\\/09a397c22ac58cad6f160ee8306348599df9df58a8ede73696226897b9fa4b24?s=96&d=mm&r=g\",\"caption\":\"Adelisa Kalajdzini\"},\"url\":\"https:\\\/\\\/www.organisator.ch\\\/it\\\/author\\\/adelisa-kalajdzini\\\/\"}]}<\/script>\n<!-- \/ Yoast SEO plugin. -->","yoast_head_json":{"title":"Emanuele Diquattro diventa nuovo CEO di Inventx AG - Organizzatore","description":"Emanuele Diquattro entrer\u00e0 a far parte di Inventx a novembre e assumer\u00e0 la carica di CEO a partire da gennaio 2025.","robots":{"index":"index","follow":"follow","max-snippet":"max-snippet:-1","max-image-preview":"max-image-preview:large","max-video-preview":"max-video-preview:-1"},"canonical":"https:\/\/www.organisator.ch\/it\/gestione-2\/2024-10-10\/emanuele-diquattro-wird-neuer-ceo-der-inventx-ag\/","og_locale":"it_IT","og_type":"article","og_title":"Emanuele Diquattro wird neuer CEO der Inventx AG","og_description":"Emanuele Diquattro wird ab November zur Inventx stossen und ab Januar 2025 als CEO \u00fcbernehmen.","og_url":"https:\/\/www.organisator.ch\/it\/gestione-2\/2024-10-10\/emanuele-diquattro-wird-neuer-ceo-der-inventx-ag\/","og_site_name":"Organisator","article_publisher":"https:\/\/www.facebook.com\/OrganisatorFachmagazin","article_published_time":"2024-10-10T07:11:10+00:00","article_modified_time":"2024-10-10T07:13:18+00:00","og_image":[{"width":680,"height":550,"url":"https:\/\/www.organisator.ch\/wp-content\/uploads\/2024\/10\/Emanuele-Diquattro_Inventx_Bild1_ps-e1728544392633.jpg","type":"image\/jpeg"}],"author":"Adelisa Kalajdzini","twitter_card":"summary_large_image","twitter_title":"Emanuele Diquattro wird neuer CEO der Inventx AG","twitter_description":"#Emanuele #Diquattro wird ab November zur #Inventx stossen und ab Januar 2025 als #CEO \u00fcbernehmen.","twitter_image":"https:\/\/www.organisator.ch\/wp-content\/uploads\/2024\/10\/Emanuele-Diquattro_Inventx_Bild1_ps-e1728544473795.jpg","schema":{"@context":"https:\/\/schema.org","@graph":[{"@type":"Article","@id":"https:\/\/www.organisator.ch\/management\/2024-10-10\/emanuele-diquattro-wird-neuer-ceo-der-inventx-ag\/#article","isPartOf":{"@id":"https:\/\/www.organisator.ch\/management\/2024-10-10\/emanuele-diquattro-wird-neuer-ceo-der-inventx-ag\/"},"author":{"name":"Adelisa Kalajdzini","@id":"https:\/\/www.organisator.ch\/#\/schema\/person\/2e1314a2172123f874db408d8911d3f3"},"headline":"Emanuele Diquattro wird neuer CEO der Inventx AG","datePublished":"2024-10-10T07:11:10+00:00","dateModified":"2024-10-10T07:13:18+00:00","mainEntityOfPage":{"@id":"https:\/\/www.organisator.ch\/management\/2024-10-10\/emanuele-diquattro-wird-neuer-ceo-der-inventx-ag\/"},"wordCount":644,"publisher":{"@id":"https:\/\/www.organisator.ch\/#organization"},"image":{"@id":"https:\/\/www.organisator.ch\/management\/2024-10-10\/emanuele-diquattro-wird-neuer-ceo-der-inventx-ag\/#primaryimage"},"thumbnailUrl":"https:\/\/www.organisator.ch\/wp-content\/uploads\/2024\/10\/Emanuele-Diquattro_Inventx_Bild1_ps-e1728544473795.jpg","keywords":["CEO","Digitalisierung","IT","Management","Unternehmen"],"articleSection":["MANAGEMENT"],"inLanguage":"it-IT"},{"@type":"WebPage","@id":"https:\/\/www.organisator.ch\/management\/2024-10-10\/emanuele-diquattro-wird-neuer-ceo-der-inventx-ag\/","url":"https:\/\/www.organisator.ch\/management\/2024-10-10\/emanuele-diquattro-wird-neuer-ceo-der-inventx-ag\/","name":"Emanuele Diquattro diventa nuovo CEO di Inventx AG - Organizzatore","isPartOf":{"@id":"https:\/\/www.organisator.ch\/#website"},"primaryImageOfPage":{"@id":"https:\/\/www.organisator.ch\/management\/2024-10-10\/emanuele-diquattro-wird-neuer-ceo-der-inventx-ag\/#primaryimage"},"image":{"@id":"https:\/\/www.organisator.ch\/management\/2024-10-10\/emanuele-diquattro-wird-neuer-ceo-der-inventx-ag\/#primaryimage"},"thumbnailUrl":"https:\/\/www.organisator.ch\/wp-content\/uploads\/2024\/10\/Emanuele-Diquattro_Inventx_Bild1_ps-e1728544473795.jpg","datePublished":"2024-10-10T07:11:10+00:00","dateModified":"2024-10-10T07:13:18+00:00","description":"Emanuele Diquattro entrer\u00e0 a far parte di Inventx a novembre e assumer\u00e0 la carica di CEO a partire da gennaio 2025.","breadcrumb":{"@id":"https:\/\/www.organisator.ch\/management\/2024-10-10\/emanuele-diquattro-wird-neuer-ceo-der-inventx-ag\/#breadcrumb"},"inLanguage":"it-IT","potentialAction":[{"@type":"ReadAction","target":["https:\/\/www.organisator.ch\/management\/2024-10-10\/emanuele-diquattro-wird-neuer-ceo-der-inventx-ag\/"]}]},{"@type":"ImageObject","inLanguage":"it-IT","@id":"https:\/\/www.organisator.ch\/management\/2024-10-10\/emanuele-diquattro-wird-neuer-ceo-der-inventx-ag\/#primaryimage","url":"https:\/\/www.organisator.ch\/wp-content\/uploads\/2024\/10\/Emanuele-Diquattro_Inventx_Bild1_ps-e1728544473795.jpg","contentUrl":"https:\/\/www.organisator.ch\/wp-content\/uploads\/2024\/10\/Emanuele-Diquattro_Inventx_Bild1_ps-e1728544473795.jpg","width":642,"height":500,"caption":"Emanuele Diquattro \u2013 Neuer CEO der Inventx AG. (Bild: www.inventx.ch)"},{"@type":"BreadcrumbList","@id":"https:\/\/www.organisator.ch\/management\/2024-10-10\/emanuele-diquattro-wird-neuer-ceo-der-inventx-ag\/#breadcrumb","itemListElement":[{"@type":"ListItem","position":1,"name":"Home","item":"https:\/\/www.organisator.ch\/"},{"@type":"ListItem","position":2,"name":"Emanuele Diquattro wird neuer CEO der Inventx AG"}]},{"@type":"WebSite","@id":"https:\/\/www.organisator.ch\/#website","url":"https:\/\/www.organisator.ch\/","name":"Organizzatore","description":"Competente. Pratico. In 10 numeri all'anno, ORGANISATOR presenta i temi essenziali per i manager delle PMI.","publisher":{"@id":"https:\/\/www.organisator.ch\/#organization"},"potentialAction":[{"@type":"SearchAction","target":{"@type":"EntryPoint","urlTemplate":"https:\/\/www.organisator.ch\/?s={search_term_string}"},"query-input":{"@type":"PropertyValueSpecification","valueRequired":true,"valueName":"search_term_string"}}],"inLanguage":"it-IT"},{"@type":"Organization","@id":"https:\/\/www.organisator.ch\/#organization","name":"Organizzatore","url":"https:\/\/www.organisator.ch\/","logo":{"@type":"ImageObject","inLanguage":"it-IT","@id":"https:\/\/www.organisator.ch\/#\/schema\/logo\/image\/","url":"https:\/\/www.organisator.ch\/wp-content\/uploads\/2022\/01\/Logo_Organisator_Website.png","contentUrl":"https:\/\/www.organisator.ch\/wp-content\/uploads\/2022\/01\/Logo_Organisator_Website.png","width":800,"height":77,"caption":"Organisator"},"image":{"@id":"https:\/\/www.organisator.ch\/#\/schema\/logo\/image\/"},"sameAs":["https:\/\/www.facebook.com\/OrganisatorFachmagazin","https:\/\/www.linkedin.com\/showcase\/organisator-das-magazin-fr-kmu","https:\/\/www.xing.com\/news\/pages\/organisator-ch-695","https:\/\/www.youtube.com\/channel\/UCGP2Sq0iWaZwT3BdIAQFYpw"]},{"@type":"Person","@id":"https:\/\/www.organisator.ch\/#\/schema\/person\/2e1314a2172123f874db408d8911d3f3","name":"Adelisa Kalajdzini","image":{"@type":"ImageObject","inLanguage":"it-IT","@id":"https:\/\/secure.gravatar.com\/avatar\/09a397c22ac58cad6f160ee8306348599df9df58a8ede73696226897b9fa4b24?s=96&d=mm&r=g","url":"https:\/\/secure.gravatar.com\/avatar\/09a397c22ac58cad6f160ee8306348599df9df58a8ede73696226897b9fa4b24?s=96&d=mm&r=g","contentUrl":"https:\/\/secure.gravatar.com\/avatar\/09a397c22ac58cad6f160ee8306348599df9df58a8ede73696226897b9fa4b24?s=96&d=mm&r=g","caption":"Adelisa Kalajdzini"},"url":"https:\/\/www.organisator.ch\/it\/author\/adelisa-kalajdzini\/"}]}},"_links":{"self":[{"href":"https:\/\/www.organisator.ch\/it\/wp-json\/wp\/v2\/posts\/30575","targetHints":{"allow":["GET"]}}],"collection":[{"href":"https:\/\/www.organisator.ch\/it\/wp-json\/wp\/v2\/posts"}],"about":[{"href":"https:\/\/www.organisator.ch\/it\/wp-json\/wp\/v2\/types\/post"}],"author":[{"embeddable":true,"href":"https:\/\/www.organisator.ch\/it\/wp-json\/wp\/v2\/users\/58"}],"replies":[{"embeddable":true,"href":"https:\/\/www.organisator.ch\/it\/wp-json\/wp\/v2\/comments?post=30575"}],"version-history":[{"count":7,"href":"https:\/\/www.organisator.ch\/it\/wp-json\/wp\/v2\/posts\/30575\/revisions"}],"predecessor-version":[{"id":30580,"href":"https:\/\/www.organisator.ch\/it\/wp-json\/wp\/v2\/posts\/30575\/revisions\/30580"}],"wp:featuredmedia":[{"embeddable":true,"href":"https:\/\/www.organisator.ch\/it\/wp-json\/wp\/v2\/media\/30577"}],"wp:attachment":[{"href":"https:\/\/www.organisator.ch\/it\/wp-json\/wp\/v2\/media?parent=30575"}],"wp:term":[{"taxonomy":"category","embeddable":true,"href":"https:\/\/www.organisator.ch\/it\/wp-json\/wp\/v2\/categories?post=30575"},{"taxonomy":"post_tag","embeddable":true,"href":"https:\/\/www.organisator.ch\/it\/wp-json\/wp\/v2\/tags?post=30575"}],"curies":[{"name":"wp","href":"https:\/\/api.w.org\/{rel}","templated":true}]}}