{"id":30588,"date":"2024-10-10T12:17:46","date_gmt":"2024-10-10T10:17:46","guid":{"rendered":"https:\/\/www.markt-kom.com\/?p=224873"},"modified":"2024-11-07T16:39:44","modified_gmt":"2024-11-07T15:39:44","slug":"bcm-schweiz-holt-zweimal-gold","status":"publish","type":"post","link":"https:\/\/www.organisator.ch\/it\/marketing\/2024-10-10\/bcm-schweiz-holt-zweimal-gold\/","title":{"rendered":"BCM: la Svizzera vince due volte l'oro"},"content":{"rendered":"<p><img class=\"alignnone wp-image-224874 size-full\" src=\"https:\/\/www.markt-kom.com\/wp-content\/uploads\/2024\/10\/siegerfoto_BCM24.jpg\" alt=\"Premi BCM Svizzera 2024\" width=\"1045\" height=\"744\" \/>La Svizzera \u00e8 uscita dai premi di quest'anno con due cubi d'oro BCM e sei posti d'argento: \"Due medaglie d'oro su otto - \u00e8 un risultato davvero ottimo\", afferma Guido Von Deschwanden, direttore per la Svizzera dell'organizzatore del BCM Content Marketing Forum e.V. (CMF). Il co-CEO Peter Kruppa aggiunge: \"La qualit\u00e0 e la forza della Svizzera sono state ancora una volta particolarmente evidenti in questa edizione del premio quando si \u00e8 trattato di contenuti di approfondimento, con prodotti eccellenti nella stampa e nell'audio\".<\/p>\r\n<p>Questi i vincitori svizzeri dell'oro: Bindella terra vite vita e Mattenberger Group con la rivista \"La vita \u00e8 bella\" e Takeda Pharma e Linkgroup con il podcast \"Buuchgf\u00fchl - Eine Stimme f\u00fcr eine stille chronische Krankheit\".<\/p>\r\n<p>\"\u00c8 stato un anno eccezionale per il BCM\", afferma Olaf Wolff, presidente del CMF: \"Per la prima volta abbiamo assegnato quattro premi d'oro in un'unica categoria. Non solo perch\u00e9 il numero di candidature \u00e8 stato eccezionalmente alto, ma anche perch\u00e9 la qualit\u00e0 dei progetti presentati \u00e8 stata sempre eccellente.\"<\/p>\r\n<p>\"Business to Consumer (B2C) - Society, Environment, Social and Non-Profit\" \u00e8 il nome della categoria che quest'anno ha battuto i record. \"Non \u00e8 una coincidenza: in questi tempi di sfide sociali, le aziende e le organizzazioni no-profit utilizzano sempre pi\u00f9 spesso il potere del content marketing per essere all'altezza della loro responsabilit\u00e0 sociale e prendere posizione sulle questioni importanti del nostro tempo\", afferma Peter Matz, rappresentante BCM al CMF.<\/p>\r\n<p>Di conseguenza, il tema della responsabilit\u00e0 sociale non \u00e8 stato solo un punto importante del programma giornaliero dell'evento BCM. \u00c8 anche questa l'area che ha prodotto la candidatura di maggior successo dell'anno: \"Climate Realism\" di WWF Germania e delle agenzie MSL, Leo Burnett, Digitas e Starcom Germany. Un progetto che ha visualizzato in modo impressionante le conseguenze del cambiamento climatico con l'aiuto dell'intelligenza artificiale generativa e ha colpito la giuria del BCM. L'organizzazione per la tutela dell'ambiente e le sue agenzie sono state premiate con cinque ori e un gran premio.<\/p>\r\n<p>Anche il secondo Gran Premio va a un'organizzazione senza scopo di lucro che affronta un problema sociale: L'iniziativa \"Laut gegen Nazis\". Con il progetto \"Recht gegen Rechts - Markenrechte eintragen, damit Nazis ihre Codes nicht weitertragen\" (Legge contro il diritto - registrare i diritti di marchio affinch\u00e9 i nazisti non diffondano i loro codici), realizzato da Jung von Matt, Sehnsucht Berlin e Redgert Comms, ha ricevuto il massimo dei voti da tre giurie e quindi tre premi d'oro e un Grand Prix.<\/p>\r\n<p>Potete trovare tutti i vincitori d'argento e d'oro dei BCM Awards di quest'anno qui <a href=\"http:\/\/shortlist2024.bestofcontentmarketing.com\/\">qui<\/a><\/p>\r\n<h3>Crescita per il Premio BCM<\/h3>\r\n<p>Nell'ambito della premiazione, il CMF ha annunciato anche una novit\u00e0: dal prossimo anno, il BCM Award sar\u00e0 ampliato in una famiglia di premi, con il BCM come fulcro e una serie di premi aggiuntivi e complementari. \"Il content marketing \u00e8 ormai parte integrante della maggior parte delle attivit\u00e0 di marketing\", afferma Regina Karnapp, direttore generale del CMF: \"Per il BCM, questo significa che la gamma di candidature \u00e8 cos\u00ec ampia che alcune discipline specializzate non ricevono l'attenzione che effettivamente meritano. Da questa constatazione \u00e8 nata l'idea di espandere il BCM in una famiglia di premi per affrontare e rafforzare importanti sotto-aree del content marketing\".<\/p>\r\n<p>Come primo nuovo membro della famiglia dei premi, il \"BCM-Best of Corporate Print\" inizier\u00e0 la fase di presentazione a dicembre e riconoscer\u00e0 i prodotti di content marketing realizzati in forma stampata. Il secondo nuovo concorso, il \"BCM Best of Influencer &amp; Content Creators\", sar\u00e0 lanciato ad aprile.<\/p>\r\n<hr \/>\r\n<p><em>Il Best of Content Marketing Award (BCM) \u00e8 il premio che premia il meglio del meglio di tutte le opere di comunicazione orientate ai contenuti nei Paesi di lingua tedesca. \u00c8 l'unico premio che si concentra costantemente sui contenuti nel processo di valutazione. Il processo della giuria e i criteri di valutazione sono trasparenti. Giurie di esperti, per un totale di circa 200 giurati, decidono i premi nelle 39 categorie previste. I partecipanti ricevono un feedback di alta qualit\u00e0 sul loro lavoro. <\/em><\/p>","protected":false},"excerpt":{"rendered":"<p>La Svizzera lascia il premio di quest'anno con due cubi d'oro Best of Content Marketing e sei posti d'argento.  Bindella terra vite vita e Mattenberger Group con la rivista \"La vita \u00e8 bella\" e Takeda Pharma e Linkgroup con il podcast \"Buuchgf\u00fchl - Eine Stimme f\u00fcr eine stille chronische Krankheit\" hanno vinto l'oro.<\/p>","protected":false},"author":8,"featured_media":0,"comment_status":"closed","ping_status":"closed","sticky":false,"template":"","format":"standard","meta":{"_acf_changed":false,"_yoast_wpseo_focuskw":"Schweiz BCM Awards 2024","_yoast_wpseo_metadesc":"Schweiz gewinnt 2 Gold- und 6 Silberpl\u00e4tze bei den BCM Awards 2024. Exzellente Leistungen in Print und Audio wurden gew\u00fcrdigt.","articlekey":"","footnotes":""},"categories":[29],"tags":[66,4609,4343],"class_list":["post-30588","post","type-post","status-publish","format-standard","hentry","category-marketing","tag-awards","tag-bcm-award","tag-markom"],"acf":[],"yoast_head":"<!-- This site is optimized with the Yoast SEO plugin v27.5 - https:\/\/yoast.com\/product\/yoast-seo-wordpress\/ -->\n<title>BCM: Schweiz holt zweimal Gold - Organisator<\/title>\n<meta name=\"description\" content=\"Schweiz gewinnt 2 Gold- und 6 Silberpl\u00e4tze bei den BCM Awards 2024. Exzellente Leistungen in Print und Audio wurden gew\u00fcrdigt.\" \/>\n<meta name=\"robots\" content=\"index, follow, max-snippet:-1, max-image-preview:large, max-video-preview:-1\" \/>\n<link rel=\"canonical\" href=\"https:\/\/www.organisator.ch\/it\/marketing\/2024-10-10\/bcm-schweiz-holt-zweimal-gold\/\" \/>\n<meta property=\"og:locale\" content=\"it_IT\" \/>\n<meta property=\"og:type\" content=\"article\" \/>\n<meta property=\"og:title\" content=\"BCM: Schweiz holt zweimal Gold - Organisator\" \/>\n<meta property=\"og:description\" content=\"Schweiz gewinnt 2 Gold- und 6 Silberpl\u00e4tze bei den BCM Awards 2024. Exzellente Leistungen in Print und Audio wurden gew\u00fcrdigt.\" \/>\n<meta property=\"og:url\" content=\"https:\/\/www.organisator.ch\/it\/marketing\/2024-10-10\/bcm-schweiz-holt-zweimal-gold\/\" \/>\n<meta property=\"og:site_name\" content=\"Organisator\" \/>\n<meta property=\"article:publisher\" content=\"https:\/\/www.facebook.com\/OrganisatorFachmagazin\" \/>\n<meta property=\"article:published_time\" content=\"2024-10-10T10:17:46+00:00\" \/>\n<meta property=\"article:modified_time\" content=\"2024-11-07T15:39:44+00:00\" \/>\n<meta property=\"og:image\" content=\"https:\/\/www.markt-kom.com\/wp-content\/uploads\/2024\/10\/siegerfoto_BCM24.jpg\" \/>\n<meta name=\"author\" content=\"galledia\" \/>\n<meta name=\"twitter:card\" content=\"summary_large_image\" \/>\n<meta name=\"twitter:creator\" content=\"@admin\" \/>\n<script type=\"application\/ld+json\" class=\"yoast-schema-graph\">{\"@context\":\"https:\\\/\\\/schema.org\",\"@graph\":[{\"@type\":\"Article\",\"@id\":\"https:\\\/\\\/www.organisator.ch\\\/marketing\\\/2024-10-10\\\/bcm-schweiz-holt-zweimal-gold\\\/#article\",\"isPartOf\":{\"@id\":\"https:\\\/\\\/www.organisator.ch\\\/marketing\\\/2024-10-10\\\/bcm-schweiz-holt-zweimal-gold\\\/\"},\"author\":{\"name\":\"galledia\",\"@id\":\"https:\\\/\\\/www.organisator.ch\\\/#\\\/schema\\\/person\\\/4e51799071cd2dd1232ac003643ef5f0\"},\"headline\":\"BCM: Schweiz holt zweimal Gold\",\"datePublished\":\"2024-10-10T10:17:46+00:00\",\"dateModified\":\"2024-11-07T15:39:44+00:00\",\"mainEntityOfPage\":{\"@id\":\"https:\\\/\\\/www.organisator.ch\\\/marketing\\\/2024-10-10\\\/bcm-schweiz-holt-zweimal-gold\\\/\"},\"wordCount\":630,\"publisher\":{\"@id\":\"https:\\\/\\\/www.organisator.ch\\\/#organization\"},\"image\":{\"@id\":\"https:\\\/\\\/www.organisator.ch\\\/marketing\\\/2024-10-10\\\/bcm-schweiz-holt-zweimal-gold\\\/#primaryimage\"},\"thumbnailUrl\":\"https:\\\/\\\/www.markt-kom.com\\\/wp-content\\\/uploads\\\/2024\\\/10\\\/siegerfoto_BCM24.jpg\",\"keywords\":[\"Awards\",\"BCM Award\",\"MarKom\"],\"articleSection\":[\"MARKETING\"],\"inLanguage\":\"it-IT\"},{\"@type\":\"WebPage\",\"@id\":\"https:\\\/\\\/www.organisator.ch\\\/marketing\\\/2024-10-10\\\/bcm-schweiz-holt-zweimal-gold\\\/\",\"url\":\"https:\\\/\\\/www.organisator.ch\\\/marketing\\\/2024-10-10\\\/bcm-schweiz-holt-zweimal-gold\\\/\",\"name\":\"BCM: Schweiz holt zweimal Gold - Organisator\",\"isPartOf\":{\"@id\":\"https:\\\/\\\/www.organisator.ch\\\/#website\"},\"primaryImageOfPage\":{\"@id\":\"https:\\\/\\\/www.organisator.ch\\\/marketing\\\/2024-10-10\\\/bcm-schweiz-holt-zweimal-gold\\\/#primaryimage\"},\"image\":{\"@id\":\"https:\\\/\\\/www.organisator.ch\\\/marketing\\\/2024-10-10\\\/bcm-schweiz-holt-zweimal-gold\\\/#primaryimage\"},\"thumbnailUrl\":\"https:\\\/\\\/www.markt-kom.com\\\/wp-content\\\/uploads\\\/2024\\\/10\\\/siegerfoto_BCM24.jpg\",\"datePublished\":\"2024-10-10T10:17:46+00:00\",\"dateModified\":\"2024-11-07T15:39:44+00:00\",\"description\":\"Schweiz gewinnt 2 Gold- und 6 Silberpl\u00e4tze bei den BCM Awards 2024. Exzellente Leistungen in Print und Audio wurden gew\u00fcrdigt.\",\"breadcrumb\":{\"@id\":\"https:\\\/\\\/www.organisator.ch\\\/marketing\\\/2024-10-10\\\/bcm-schweiz-holt-zweimal-gold\\\/#breadcrumb\"},\"inLanguage\":\"it-IT\",\"potentialAction\":[{\"@type\":\"ReadAction\",\"target\":[\"https:\\\/\\\/www.organisator.ch\\\/marketing\\\/2024-10-10\\\/bcm-schweiz-holt-zweimal-gold\\\/\"]}]},{\"@type\":\"ImageObject\",\"inLanguage\":\"it-IT\",\"@id\":\"https:\\\/\\\/www.organisator.ch\\\/marketing\\\/2024-10-10\\\/bcm-schweiz-holt-zweimal-gold\\\/#primaryimage\",\"url\":\"https:\\\/\\\/www.markt-kom.com\\\/wp-content\\\/uploads\\\/2024\\\/10\\\/siegerfoto_BCM24.jpg\",\"contentUrl\":\"https:\\\/\\\/www.markt-kom.com\\\/wp-content\\\/uploads\\\/2024\\\/10\\\/siegerfoto_BCM24.jpg\"},{\"@type\":\"BreadcrumbList\",\"@id\":\"https:\\\/\\\/www.organisator.ch\\\/marketing\\\/2024-10-10\\\/bcm-schweiz-holt-zweimal-gold\\\/#breadcrumb\",\"itemListElement\":[{\"@type\":\"ListItem\",\"position\":1,\"name\":\"Home\",\"item\":\"https:\\\/\\\/www.organisator.ch\\\/\"},{\"@type\":\"ListItem\",\"position\":2,\"name\":\"BCM: Schweiz holt zweimal Gold\"}]},{\"@type\":\"WebSite\",\"@id\":\"https:\\\/\\\/www.organisator.ch\\\/#website\",\"url\":\"https:\\\/\\\/www.organisator.ch\\\/\",\"name\":\"Organisator\",\"description\":\"Kompetent. Praxisnah. Der ORGANISATOR bereitet in 10 Ausgaben pro Jahr die wesentlichen Themen f\u00fcr F\u00fchrungskr\u00e4fte von KMU auf.\",\"publisher\":{\"@id\":\"https:\\\/\\\/www.organisator.ch\\\/#organization\"},\"potentialAction\":[{\"@type\":\"SearchAction\",\"target\":{\"@type\":\"EntryPoint\",\"urlTemplate\":\"https:\\\/\\\/www.organisator.ch\\\/?s={search_term_string}\"},\"query-input\":{\"@type\":\"PropertyValueSpecification\",\"valueRequired\":true,\"valueName\":\"search_term_string\"}}],\"inLanguage\":\"it-IT\"},{\"@type\":\"Organization\",\"@id\":\"https:\\\/\\\/www.organisator.ch\\\/#organization\",\"name\":\"Organisator\",\"url\":\"https:\\\/\\\/www.organisator.ch\\\/\",\"logo\":{\"@type\":\"ImageObject\",\"inLanguage\":\"it-IT\",\"@id\":\"https:\\\/\\\/www.organisator.ch\\\/#\\\/schema\\\/logo\\\/image\\\/\",\"url\":\"https:\\\/\\\/www.organisator.ch\\\/wp-content\\\/uploads\\\/2022\\\/01\\\/Logo_Organisator_Website.png\",\"contentUrl\":\"https:\\\/\\\/www.organisator.ch\\\/wp-content\\\/uploads\\\/2022\\\/01\\\/Logo_Organisator_Website.png\",\"width\":800,\"height\":77,\"caption\":\"Organisator\"},\"image\":{\"@id\":\"https:\\\/\\\/www.organisator.ch\\\/#\\\/schema\\\/logo\\\/image\\\/\"},\"sameAs\":[\"https:\\\/\\\/www.facebook.com\\\/OrganisatorFachmagazin\",\"https:\\\/\\\/www.linkedin.com\\\/showcase\\\/organisator-das-magazin-fr-kmu\",\"https:\\\/\\\/www.xing.com\\\/news\\\/pages\\\/organisator-ch-695\",\"https:\\\/\\\/www.youtube.com\\\/channel\\\/UCGP2Sq0iWaZwT3BdIAQFYpw\"]},{\"@type\":\"Person\",\"@id\":\"https:\\\/\\\/www.organisator.ch\\\/#\\\/schema\\\/person\\\/4e51799071cd2dd1232ac003643ef5f0\",\"name\":\"galledia\",\"image\":{\"@type\":\"ImageObject\",\"inLanguage\":\"it-IT\",\"@id\":\"https:\\\/\\\/secure.gravatar.com\\\/avatar\\\/78a7f90c01fc2bfc875782a0d4922b37cde2cf184ce347b91316d23cd7f69a36?s=96&d=mm&r=g\",\"url\":\"https:\\\/\\\/secure.gravatar.com\\\/avatar\\\/78a7f90c01fc2bfc875782a0d4922b37cde2cf184ce347b91316d23cd7f69a36?s=96&d=mm&r=g\",\"contentUrl\":\"https:\\\/\\\/secure.gravatar.com\\\/avatar\\\/78a7f90c01fc2bfc875782a0d4922b37cde2cf184ce347b91316d23cd7f69a36?s=96&d=mm&r=g\",\"caption\":\"galledia\"},\"sameAs\":[\"https:\\\/\\\/x.com\\\/admin\"],\"url\":\"https:\\\/\\\/www.organisator.ch\\\/it\\\/author\\\/galledia\\\/\"}]}<\/script>\n<!-- \/ Yoast SEO plugin. -->","yoast_head_json":{"title":"BCM: la Svizzera vince due volte l'oro - Organizzatore","description":"La Svizzera vince 2 medaglie d'oro e 6 d'argento ai BCM Awards 2024, che premiano l'eccellenza nella stampa e nell'audio.","robots":{"index":"index","follow":"follow","max-snippet":"max-snippet:-1","max-image-preview":"max-image-preview:large","max-video-preview":"max-video-preview:-1"},"canonical":"https:\/\/www.organisator.ch\/it\/marketing\/2024-10-10\/bcm-schweiz-holt-zweimal-gold\/","og_locale":"it_IT","og_type":"article","og_title":"BCM: Schweiz holt zweimal Gold - Organisator","og_description":"Schweiz gewinnt 2 Gold- und 6 Silberpl\u00e4tze bei den BCM Awards 2024. Exzellente Leistungen in Print und Audio wurden gew\u00fcrdigt.","og_url":"https:\/\/www.organisator.ch\/it\/marketing\/2024-10-10\/bcm-schweiz-holt-zweimal-gold\/","og_site_name":"Organisator","article_publisher":"https:\/\/www.facebook.com\/OrganisatorFachmagazin","article_published_time":"2024-10-10T10:17:46+00:00","article_modified_time":"2024-11-07T15:39:44+00:00","og_image":[{"url":"https:\/\/www.markt-kom.com\/wp-content\/uploads\/2024\/10\/siegerfoto_BCM24.jpg","type":"","width":"","height":""}],"author":"galledia","twitter_card":"summary_large_image","twitter_creator":"@admin","schema":{"@context":"https:\/\/schema.org","@graph":[{"@type":"Article","@id":"https:\/\/www.organisator.ch\/marketing\/2024-10-10\/bcm-schweiz-holt-zweimal-gold\/#article","isPartOf":{"@id":"https:\/\/www.organisator.ch\/marketing\/2024-10-10\/bcm-schweiz-holt-zweimal-gold\/"},"author":{"name":"galledia","@id":"https:\/\/www.organisator.ch\/#\/schema\/person\/4e51799071cd2dd1232ac003643ef5f0"},"headline":"BCM: Schweiz holt zweimal Gold","datePublished":"2024-10-10T10:17:46+00:00","dateModified":"2024-11-07T15:39:44+00:00","mainEntityOfPage":{"@id":"https:\/\/www.organisator.ch\/marketing\/2024-10-10\/bcm-schweiz-holt-zweimal-gold\/"},"wordCount":630,"publisher":{"@id":"https:\/\/www.organisator.ch\/#organization"},"image":{"@id":"https:\/\/www.organisator.ch\/marketing\/2024-10-10\/bcm-schweiz-holt-zweimal-gold\/#primaryimage"},"thumbnailUrl":"https:\/\/www.markt-kom.com\/wp-content\/uploads\/2024\/10\/siegerfoto_BCM24.jpg","keywords":["Awards","BCM Award","MarKom"],"articleSection":["MARKETING"],"inLanguage":"it-IT"},{"@type":"WebPage","@id":"https:\/\/www.organisator.ch\/marketing\/2024-10-10\/bcm-schweiz-holt-zweimal-gold\/","url":"https:\/\/www.organisator.ch\/marketing\/2024-10-10\/bcm-schweiz-holt-zweimal-gold\/","name":"BCM: la Svizzera vince due volte l'oro - Organizzatore","isPartOf":{"@id":"https:\/\/www.organisator.ch\/#website"},"primaryImageOfPage":{"@id":"https:\/\/www.organisator.ch\/marketing\/2024-10-10\/bcm-schweiz-holt-zweimal-gold\/#primaryimage"},"image":{"@id":"https:\/\/www.organisator.ch\/marketing\/2024-10-10\/bcm-schweiz-holt-zweimal-gold\/#primaryimage"},"thumbnailUrl":"https:\/\/www.markt-kom.com\/wp-content\/uploads\/2024\/10\/siegerfoto_BCM24.jpg","datePublished":"2024-10-10T10:17:46+00:00","dateModified":"2024-11-07T15:39:44+00:00","description":"La Svizzera vince 2 medaglie d'oro e 6 d'argento ai BCM Awards 2024, che premiano l'eccellenza nella stampa e nell'audio.","breadcrumb":{"@id":"https:\/\/www.organisator.ch\/marketing\/2024-10-10\/bcm-schweiz-holt-zweimal-gold\/#breadcrumb"},"inLanguage":"it-IT","potentialAction":[{"@type":"ReadAction","target":["https:\/\/www.organisator.ch\/marketing\/2024-10-10\/bcm-schweiz-holt-zweimal-gold\/"]}]},{"@type":"ImageObject","inLanguage":"it-IT","@id":"https:\/\/www.organisator.ch\/marketing\/2024-10-10\/bcm-schweiz-holt-zweimal-gold\/#primaryimage","url":"https:\/\/www.markt-kom.com\/wp-content\/uploads\/2024\/10\/siegerfoto_BCM24.jpg","contentUrl":"https:\/\/www.markt-kom.com\/wp-content\/uploads\/2024\/10\/siegerfoto_BCM24.jpg"},{"@type":"BreadcrumbList","@id":"https:\/\/www.organisator.ch\/marketing\/2024-10-10\/bcm-schweiz-holt-zweimal-gold\/#breadcrumb","itemListElement":[{"@type":"ListItem","position":1,"name":"Home","item":"https:\/\/www.organisator.ch\/"},{"@type":"ListItem","position":2,"name":"BCM: Schweiz holt zweimal Gold"}]},{"@type":"WebSite","@id":"https:\/\/www.organisator.ch\/#website","url":"https:\/\/www.organisator.ch\/","name":"Organizzatore","description":"Competente. Pratico. In 10 numeri all'anno, ORGANISATOR presenta i temi essenziali per i manager delle PMI.","publisher":{"@id":"https:\/\/www.organisator.ch\/#organization"},"potentialAction":[{"@type":"SearchAction","target":{"@type":"EntryPoint","urlTemplate":"https:\/\/www.organisator.ch\/?s={search_term_string}"},"query-input":{"@type":"PropertyValueSpecification","valueRequired":true,"valueName":"search_term_string"}}],"inLanguage":"it-IT"},{"@type":"Organization","@id":"https:\/\/www.organisator.ch\/#organization","name":"Organizzatore","url":"https:\/\/www.organisator.ch\/","logo":{"@type":"ImageObject","inLanguage":"it-IT","@id":"https:\/\/www.organisator.ch\/#\/schema\/logo\/image\/","url":"https:\/\/www.organisator.ch\/wp-content\/uploads\/2022\/01\/Logo_Organisator_Website.png","contentUrl":"https:\/\/www.organisator.ch\/wp-content\/uploads\/2022\/01\/Logo_Organisator_Website.png","width":800,"height":77,"caption":"Organisator"},"image":{"@id":"https:\/\/www.organisator.ch\/#\/schema\/logo\/image\/"},"sameAs":["https:\/\/www.facebook.com\/OrganisatorFachmagazin","https:\/\/www.linkedin.com\/showcase\/organisator-das-magazin-fr-kmu","https:\/\/www.xing.com\/news\/pages\/organisator-ch-695","https:\/\/www.youtube.com\/channel\/UCGP2Sq0iWaZwT3BdIAQFYpw"]},{"@type":"Person","@id":"https:\/\/www.organisator.ch\/#\/schema\/person\/4e51799071cd2dd1232ac003643ef5f0","name":"galledia","image":{"@type":"ImageObject","inLanguage":"it-IT","@id":"https:\/\/secure.gravatar.com\/avatar\/78a7f90c01fc2bfc875782a0d4922b37cde2cf184ce347b91316d23cd7f69a36?s=96&d=mm&r=g","url":"https:\/\/secure.gravatar.com\/avatar\/78a7f90c01fc2bfc875782a0d4922b37cde2cf184ce347b91316d23cd7f69a36?s=96&d=mm&r=g","contentUrl":"https:\/\/secure.gravatar.com\/avatar\/78a7f90c01fc2bfc875782a0d4922b37cde2cf184ce347b91316d23cd7f69a36?s=96&d=mm&r=g","caption":"galledia"},"sameAs":["https:\/\/x.com\/admin"],"url":"https:\/\/www.organisator.ch\/it\/author\/galledia\/"}]}},"_links":{"self":[{"href":"https:\/\/www.organisator.ch\/it\/wp-json\/wp\/v2\/posts\/30588","targetHints":{"allow":["GET"]}}],"collection":[{"href":"https:\/\/www.organisator.ch\/it\/wp-json\/wp\/v2\/posts"}],"about":[{"href":"https:\/\/www.organisator.ch\/it\/wp-json\/wp\/v2\/types\/post"}],"author":[{"embeddable":true,"href":"https:\/\/www.organisator.ch\/it\/wp-json\/wp\/v2\/users\/8"}],"replies":[{"embeddable":true,"href":"https:\/\/www.organisator.ch\/it\/wp-json\/wp\/v2\/comments?post=30588"}],"version-history":[{"count":2,"href":"https:\/\/www.organisator.ch\/it\/wp-json\/wp\/v2\/posts\/30588\/revisions"}],"predecessor-version":[{"id":31798,"href":"https:\/\/www.organisator.ch\/it\/wp-json\/wp\/v2\/posts\/30588\/revisions\/31798"}],"wp:attachment":[{"href":"https:\/\/www.organisator.ch\/it\/wp-json\/wp\/v2\/media?parent=30588"}],"wp:term":[{"taxonomy":"category","embeddable":true,"href":"https:\/\/www.organisator.ch\/it\/wp-json\/wp\/v2\/categories?post=30588"},{"taxonomy":"post_tag","embeddable":true,"href":"https:\/\/www.organisator.ch\/it\/wp-json\/wp\/v2\/tags?post=30588"}],"curies":[{"name":"wp","href":"https:\/\/api.w.org\/{rel}","templated":true}]}}