{"id":30672,"date":"2024-10-14T16:43:58","date_gmt":"2024-10-14T14:43:58","guid":{"rendered":"https:\/\/www.markt-kom.com\/?p=225030"},"modified":"2024-11-07T13:09:23","modified_gmt":"2024-11-07T12:09:23","slug":"fuenfmal-edelmetall-fuer-farner-am-london-international-award-2024","status":"publish","type":"post","link":"https:\/\/www.organisator.ch\/it\/marketing\/2024-10-14\/fuenfmal-edelmetall-fuer-farner-am-london-international-award-2024\/","title":{"rendered":"Cinque metalli preziosi per Farner al Premio Internazionale di Londra 2024"},"content":{"rendered":"<p><img class=\"aligncenter wp-image-225031 size-full\" src=\"https:\/\/www.markt-kom.com\/wp-content\/uploads\/2024\/10\/Farner_Auszeichnung_Lia-Awards.jpg\" alt=\"Premi LIA 2023\" width=\"1200\" height=\"846\" \/><\/p>\r\n<p>Dal 1986 la LIA premia gli eccellenti risultati creativi nel campo della pubblicit\u00e0, del design, del digitale e della tecnologia. \u00c8 uno dei premi pi\u00f9 importanti dell'industria creativa e attira ogni anno candidature da oltre 75 Paesi. I vincitori di quest'anno sono stati annunciati la scorsa settimana, seguiti dall'annuncio dei Premi speciali il 4 novembre.<\/p>\r\n<p>Con la campagna per Islam Alijaj, Farner ha vinto l'oro nella categoria \"Transformative Business Impact\", l'argento nelle categorie \"Creativity in PR\" ed \"Evolution\" e il bronzo in \"Evolution\" e \"Integration\". \"Giving A Voice To The Unheard\" ha sostenuto l'ingresso dell'attivista per i diritti dei disabili nel Consiglio nazionale nel 2023. La campagna politica si \u00e8 basata su uno storytelling autentico e sull'uso significativo dell'intelligenza artificiale. Ha gi\u00e0 vinto diversi premi, tra cui un Leone ai Campionati mondiali di pubblicit\u00e0 di Cannes. <em><a href=\"https:\/\/www.markt-kom.com\/de\/markom\/awards\/cannes-lions-shortlists-insights-loewen-hier-berichtet-werbewoche-ch-live\/\" rel=\"noopener\">(Markt-kom.com)<\/a><\/em>.<\/p>\r\n<p>Oltre ai cinque trofei per Farner, c'\u00e8 stato anche un certificato di finalista per la <a href=\"https:\/\/www.markt-kom.com\/de\/kreativity\/kampagnen\/jvm-und-myclimate-bringen-putin-zum-schweigen\/\" rel=\"noopener\">Campagna \"#putinyourvote\" di Jung von Matt per Myclimate<\/a> nella categoria \"Poster\".<\/p>","protected":false},"excerpt":{"rendered":"<p>Farner \u00e8 l'unica agenzia svizzera ad aver vinto una medaglia d'oro ai London International Awards (LIA) di quest'anno. La campagna politica \"Giving a Voice to the Unheard\" ha vinto una volta l'oro, due volte l'argento e due volte il bronzo.<\/p>","protected":false},"author":8,"featured_media":0,"comment_status":"closed","ping_status":"closed","sticky":false,"template":"","format":"standard","meta":{"_acf_changed":false,"_yoast_wpseo_focuskw":"LIA Awards 2023","_yoast_wpseo_metadesc":"LIA Awards 2023: Farner gewinnt Gold, Silber und Bronze mit der Kampagne \"Giving A Voice To The Unheard\" f\u00fcr Islam Alijaj.","articlekey":"","footnotes":""},"categories":[29],"tags":[66,3655,4623],"class_list":["post-30672","post","type-post","status-publish","format-standard","hentry","category-marketing","tag-awards","tag-farner","tag-london-international-awards"],"acf":[],"yoast_head":"<!-- This site is optimized with the Yoast SEO plugin v27.4 - https:\/\/yoast.com\/product\/yoast-seo-wordpress\/ -->\n<title>F\u00fcnfmal Edelmetall f\u00fcr Farner am London International Award 2024 - Organisator<\/title>\n<meta name=\"description\" content=\"LIA Awards 2023: Farner gewinnt Gold, Silber und Bronze mit der Kampagne &quot;Giving A Voice To The Unheard&quot; f\u00fcr Islam Alijaj.\" \/>\n<meta name=\"robots\" content=\"index, follow, max-snippet:-1, max-image-preview:large, max-video-preview:-1\" \/>\n<link rel=\"canonical\" href=\"https:\/\/www.organisator.ch\/it\/marketing\/2024-10-14\/fuenfmal-edelmetall-fuer-farner-am-london-international-award-2024\/\" \/>\n<meta property=\"og:locale\" content=\"it_IT\" \/>\n<meta property=\"og:type\" content=\"article\" \/>\n<meta property=\"og:title\" content=\"F\u00fcnfmal Edelmetall f\u00fcr Farner am London International Award 2024 - Organisator\" \/>\n<meta property=\"og:description\" content=\"LIA Awards 2023: Farner gewinnt Gold, Silber und Bronze mit der Kampagne &quot;Giving A Voice To The Unheard&quot; f\u00fcr Islam Alijaj.\" \/>\n<meta property=\"og:url\" content=\"https:\/\/www.organisator.ch\/it\/marketing\/2024-10-14\/fuenfmal-edelmetall-fuer-farner-am-london-international-award-2024\/\" \/>\n<meta property=\"og:site_name\" content=\"Organisator\" \/>\n<meta property=\"article:publisher\" content=\"https:\/\/www.facebook.com\/OrganisatorFachmagazin\" \/>\n<meta property=\"article:published_time\" content=\"2024-10-14T14:43:58+00:00\" \/>\n<meta property=\"article:modified_time\" content=\"2024-11-07T12:09:23+00:00\" \/>\n<meta property=\"og:image\" content=\"https:\/\/www.markt-kom.com\/wp-content\/uploads\/2024\/10\/Farner_Auszeichnung_Lia-Awards.jpg\" \/>\n<meta name=\"author\" content=\"galledia\" \/>\n<meta name=\"twitter:card\" content=\"summary_large_image\" \/>\n<meta name=\"twitter:creator\" content=\"@admin\" \/>\n<script type=\"application\/ld+json\" class=\"yoast-schema-graph\">{\"@context\":\"https:\\\/\\\/schema.org\",\"@graph\":[{\"@type\":\"Article\",\"@id\":\"https:\\\/\\\/www.organisator.ch\\\/marketing\\\/2024-10-14\\\/fuenfmal-edelmetall-fuer-farner-am-london-international-award-2024\\\/#article\",\"isPartOf\":{\"@id\":\"https:\\\/\\\/www.organisator.ch\\\/marketing\\\/2024-10-14\\\/fuenfmal-edelmetall-fuer-farner-am-london-international-award-2024\\\/\"},\"author\":{\"name\":\"galledia\",\"@id\":\"https:\\\/\\\/www.organisator.ch\\\/#\\\/schema\\\/person\\\/4e51799071cd2dd1232ac003643ef5f0\"},\"headline\":\"F\u00fcnfmal Edelmetall f\u00fcr Farner am London International Award 2024\",\"datePublished\":\"2024-10-14T14:43:58+00:00\",\"dateModified\":\"2024-11-07T12:09:23+00:00\",\"mainEntityOfPage\":{\"@id\":\"https:\\\/\\\/www.organisator.ch\\\/marketing\\\/2024-10-14\\\/fuenfmal-edelmetall-fuer-farner-am-london-international-award-2024\\\/\"},\"wordCount\":171,\"publisher\":{\"@id\":\"https:\\\/\\\/www.organisator.ch\\\/#organization\"},\"image\":{\"@id\":\"https:\\\/\\\/www.organisator.ch\\\/marketing\\\/2024-10-14\\\/fuenfmal-edelmetall-fuer-farner-am-london-international-award-2024\\\/#primaryimage\"},\"thumbnailUrl\":\"https:\\\/\\\/www.markt-kom.com\\\/wp-content\\\/uploads\\\/2024\\\/10\\\/Farner_Auszeichnung_Lia-Awards.jpg\",\"keywords\":[\"Awards\",\"Farner\",\"London International Awards\"],\"articleSection\":[\"MARKETING\"],\"inLanguage\":\"it-IT\"},{\"@type\":\"WebPage\",\"@id\":\"https:\\\/\\\/www.organisator.ch\\\/marketing\\\/2024-10-14\\\/fuenfmal-edelmetall-fuer-farner-am-london-international-award-2024\\\/\",\"url\":\"https:\\\/\\\/www.organisator.ch\\\/marketing\\\/2024-10-14\\\/fuenfmal-edelmetall-fuer-farner-am-london-international-award-2024\\\/\",\"name\":\"F\u00fcnfmal Edelmetall f\u00fcr Farner am London International Award 2024 - Organisator\",\"isPartOf\":{\"@id\":\"https:\\\/\\\/www.organisator.ch\\\/#website\"},\"primaryImageOfPage\":{\"@id\":\"https:\\\/\\\/www.organisator.ch\\\/marketing\\\/2024-10-14\\\/fuenfmal-edelmetall-fuer-farner-am-london-international-award-2024\\\/#primaryimage\"},\"image\":{\"@id\":\"https:\\\/\\\/www.organisator.ch\\\/marketing\\\/2024-10-14\\\/fuenfmal-edelmetall-fuer-farner-am-london-international-award-2024\\\/#primaryimage\"},\"thumbnailUrl\":\"https:\\\/\\\/www.markt-kom.com\\\/wp-content\\\/uploads\\\/2024\\\/10\\\/Farner_Auszeichnung_Lia-Awards.jpg\",\"datePublished\":\"2024-10-14T14:43:58+00:00\",\"dateModified\":\"2024-11-07T12:09:23+00:00\",\"description\":\"LIA Awards 2023: Farner gewinnt Gold, Silber und Bronze mit der Kampagne \\\"Giving A Voice To The Unheard\\\" f\u00fcr Islam Alijaj.\",\"breadcrumb\":{\"@id\":\"https:\\\/\\\/www.organisator.ch\\\/marketing\\\/2024-10-14\\\/fuenfmal-edelmetall-fuer-farner-am-london-international-award-2024\\\/#breadcrumb\"},\"inLanguage\":\"it-IT\",\"potentialAction\":[{\"@type\":\"ReadAction\",\"target\":[\"https:\\\/\\\/www.organisator.ch\\\/marketing\\\/2024-10-14\\\/fuenfmal-edelmetall-fuer-farner-am-london-international-award-2024\\\/\"]}]},{\"@type\":\"ImageObject\",\"inLanguage\":\"it-IT\",\"@id\":\"https:\\\/\\\/www.organisator.ch\\\/marketing\\\/2024-10-14\\\/fuenfmal-edelmetall-fuer-farner-am-london-international-award-2024\\\/#primaryimage\",\"url\":\"https:\\\/\\\/www.markt-kom.com\\\/wp-content\\\/uploads\\\/2024\\\/10\\\/Farner_Auszeichnung_Lia-Awards.jpg\",\"contentUrl\":\"https:\\\/\\\/www.markt-kom.com\\\/wp-content\\\/uploads\\\/2024\\\/10\\\/Farner_Auszeichnung_Lia-Awards.jpg\"},{\"@type\":\"BreadcrumbList\",\"@id\":\"https:\\\/\\\/www.organisator.ch\\\/marketing\\\/2024-10-14\\\/fuenfmal-edelmetall-fuer-farner-am-london-international-award-2024\\\/#breadcrumb\",\"itemListElement\":[{\"@type\":\"ListItem\",\"position\":1,\"name\":\"Home\",\"item\":\"https:\\\/\\\/www.organisator.ch\\\/\"},{\"@type\":\"ListItem\",\"position\":2,\"name\":\"F\u00fcnfmal Edelmetall f\u00fcr Farner am London International Award 2024\"}]},{\"@type\":\"WebSite\",\"@id\":\"https:\\\/\\\/www.organisator.ch\\\/#website\",\"url\":\"https:\\\/\\\/www.organisator.ch\\\/\",\"name\":\"Organisator\",\"description\":\"Kompetent. Praxisnah. Der ORGANISATOR bereitet in 10 Ausgaben pro Jahr die wesentlichen Themen f\u00fcr F\u00fchrungskr\u00e4fte von KMU auf.\",\"publisher\":{\"@id\":\"https:\\\/\\\/www.organisator.ch\\\/#organization\"},\"potentialAction\":[{\"@type\":\"SearchAction\",\"target\":{\"@type\":\"EntryPoint\",\"urlTemplate\":\"https:\\\/\\\/www.organisator.ch\\\/?s={search_term_string}\"},\"query-input\":{\"@type\":\"PropertyValueSpecification\",\"valueRequired\":true,\"valueName\":\"search_term_string\"}}],\"inLanguage\":\"it-IT\"},{\"@type\":\"Organization\",\"@id\":\"https:\\\/\\\/www.organisator.ch\\\/#organization\",\"name\":\"Organisator\",\"url\":\"https:\\\/\\\/www.organisator.ch\\\/\",\"logo\":{\"@type\":\"ImageObject\",\"inLanguage\":\"it-IT\",\"@id\":\"https:\\\/\\\/www.organisator.ch\\\/#\\\/schema\\\/logo\\\/image\\\/\",\"url\":\"https:\\\/\\\/www.organisator.ch\\\/wp-content\\\/uploads\\\/2022\\\/01\\\/Logo_Organisator_Website.png\",\"contentUrl\":\"https:\\\/\\\/www.organisator.ch\\\/wp-content\\\/uploads\\\/2022\\\/01\\\/Logo_Organisator_Website.png\",\"width\":800,\"height\":77,\"caption\":\"Organisator\"},\"image\":{\"@id\":\"https:\\\/\\\/www.organisator.ch\\\/#\\\/schema\\\/logo\\\/image\\\/\"},\"sameAs\":[\"https:\\\/\\\/www.facebook.com\\\/OrganisatorFachmagazin\",\"https:\\\/\\\/www.linkedin.com\\\/showcase\\\/organisator-das-magazin-fr-kmu\",\"https:\\\/\\\/www.xing.com\\\/news\\\/pages\\\/organisator-ch-695\",\"https:\\\/\\\/www.youtube.com\\\/channel\\\/UCGP2Sq0iWaZwT3BdIAQFYpw\"]},{\"@type\":\"Person\",\"@id\":\"https:\\\/\\\/www.organisator.ch\\\/#\\\/schema\\\/person\\\/4e51799071cd2dd1232ac003643ef5f0\",\"name\":\"galledia\",\"image\":{\"@type\":\"ImageObject\",\"inLanguage\":\"it-IT\",\"@id\":\"https:\\\/\\\/secure.gravatar.com\\\/avatar\\\/78a7f90c01fc2bfc875782a0d4922b37cde2cf184ce347b91316d23cd7f69a36?s=96&d=mm&r=g\",\"url\":\"https:\\\/\\\/secure.gravatar.com\\\/avatar\\\/78a7f90c01fc2bfc875782a0d4922b37cde2cf184ce347b91316d23cd7f69a36?s=96&d=mm&r=g\",\"contentUrl\":\"https:\\\/\\\/secure.gravatar.com\\\/avatar\\\/78a7f90c01fc2bfc875782a0d4922b37cde2cf184ce347b91316d23cd7f69a36?s=96&d=mm&r=g\",\"caption\":\"galledia\"},\"sameAs\":[\"https:\\\/\\\/x.com\\\/admin\"],\"url\":\"https:\\\/\\\/www.organisator.ch\\\/it\\\/author\\\/galledia\\\/\"}]}<\/script>\n<!-- \/ Yoast SEO plugin. -->","yoast_head_json":{"title":"Cinque metalli preziosi per Farner al Premio Internazionale Londra 2024 - Organizzatore","description":"Premi LIA 2023: Farner vince oro, argento e bronzo con la campagna \"Giving A Voice To The Unheard\" per Islam Alijaj.","robots":{"index":"index","follow":"follow","max-snippet":"max-snippet:-1","max-image-preview":"max-image-preview:large","max-video-preview":"max-video-preview:-1"},"canonical":"https:\/\/www.organisator.ch\/it\/marketing\/2024-10-14\/fuenfmal-edelmetall-fuer-farner-am-london-international-award-2024\/","og_locale":"it_IT","og_type":"article","og_title":"F\u00fcnfmal Edelmetall f\u00fcr Farner am London International Award 2024 - Organisator","og_description":"LIA Awards 2023: Farner gewinnt Gold, Silber und Bronze mit der Kampagne \"Giving A Voice To The Unheard\" f\u00fcr Islam Alijaj.","og_url":"https:\/\/www.organisator.ch\/it\/marketing\/2024-10-14\/fuenfmal-edelmetall-fuer-farner-am-london-international-award-2024\/","og_site_name":"Organisator","article_publisher":"https:\/\/www.facebook.com\/OrganisatorFachmagazin","article_published_time":"2024-10-14T14:43:58+00:00","article_modified_time":"2024-11-07T12:09:23+00:00","og_image":[{"url":"https:\/\/www.markt-kom.com\/wp-content\/uploads\/2024\/10\/Farner_Auszeichnung_Lia-Awards.jpg","type":"","width":"","height":""}],"author":"galledia","twitter_card":"summary_large_image","twitter_creator":"@admin","schema":{"@context":"https:\/\/schema.org","@graph":[{"@type":"Article","@id":"https:\/\/www.organisator.ch\/marketing\/2024-10-14\/fuenfmal-edelmetall-fuer-farner-am-london-international-award-2024\/#article","isPartOf":{"@id":"https:\/\/www.organisator.ch\/marketing\/2024-10-14\/fuenfmal-edelmetall-fuer-farner-am-london-international-award-2024\/"},"author":{"name":"galledia","@id":"https:\/\/www.organisator.ch\/#\/schema\/person\/4e51799071cd2dd1232ac003643ef5f0"},"headline":"F\u00fcnfmal Edelmetall f\u00fcr Farner am London International Award 2024","datePublished":"2024-10-14T14:43:58+00:00","dateModified":"2024-11-07T12:09:23+00:00","mainEntityOfPage":{"@id":"https:\/\/www.organisator.ch\/marketing\/2024-10-14\/fuenfmal-edelmetall-fuer-farner-am-london-international-award-2024\/"},"wordCount":171,"publisher":{"@id":"https:\/\/www.organisator.ch\/#organization"},"image":{"@id":"https:\/\/www.organisator.ch\/marketing\/2024-10-14\/fuenfmal-edelmetall-fuer-farner-am-london-international-award-2024\/#primaryimage"},"thumbnailUrl":"https:\/\/www.markt-kom.com\/wp-content\/uploads\/2024\/10\/Farner_Auszeichnung_Lia-Awards.jpg","keywords":["Awards","Farner","London International Awards"],"articleSection":["MARKETING"],"inLanguage":"it-IT"},{"@type":"WebPage","@id":"https:\/\/www.organisator.ch\/marketing\/2024-10-14\/fuenfmal-edelmetall-fuer-farner-am-london-international-award-2024\/","url":"https:\/\/www.organisator.ch\/marketing\/2024-10-14\/fuenfmal-edelmetall-fuer-farner-am-london-international-award-2024\/","name":"Cinque metalli preziosi per Farner al Premio Internazionale Londra 2024 - Organizzatore","isPartOf":{"@id":"https:\/\/www.organisator.ch\/#website"},"primaryImageOfPage":{"@id":"https:\/\/www.organisator.ch\/marketing\/2024-10-14\/fuenfmal-edelmetall-fuer-farner-am-london-international-award-2024\/#primaryimage"},"image":{"@id":"https:\/\/www.organisator.ch\/marketing\/2024-10-14\/fuenfmal-edelmetall-fuer-farner-am-london-international-award-2024\/#primaryimage"},"thumbnailUrl":"https:\/\/www.markt-kom.com\/wp-content\/uploads\/2024\/10\/Farner_Auszeichnung_Lia-Awards.jpg","datePublished":"2024-10-14T14:43:58+00:00","dateModified":"2024-11-07T12:09:23+00:00","description":"Premi LIA 2023: Farner vince oro, argento e bronzo con la campagna \"Giving A Voice To The Unheard\" per Islam Alijaj.","breadcrumb":{"@id":"https:\/\/www.organisator.ch\/marketing\/2024-10-14\/fuenfmal-edelmetall-fuer-farner-am-london-international-award-2024\/#breadcrumb"},"inLanguage":"it-IT","potentialAction":[{"@type":"ReadAction","target":["https:\/\/www.organisator.ch\/marketing\/2024-10-14\/fuenfmal-edelmetall-fuer-farner-am-london-international-award-2024\/"]}]},{"@type":"ImageObject","inLanguage":"it-IT","@id":"https:\/\/www.organisator.ch\/marketing\/2024-10-14\/fuenfmal-edelmetall-fuer-farner-am-london-international-award-2024\/#primaryimage","url":"https:\/\/www.markt-kom.com\/wp-content\/uploads\/2024\/10\/Farner_Auszeichnung_Lia-Awards.jpg","contentUrl":"https:\/\/www.markt-kom.com\/wp-content\/uploads\/2024\/10\/Farner_Auszeichnung_Lia-Awards.jpg"},{"@type":"BreadcrumbList","@id":"https:\/\/www.organisator.ch\/marketing\/2024-10-14\/fuenfmal-edelmetall-fuer-farner-am-london-international-award-2024\/#breadcrumb","itemListElement":[{"@type":"ListItem","position":1,"name":"Home","item":"https:\/\/www.organisator.ch\/"},{"@type":"ListItem","position":2,"name":"F\u00fcnfmal Edelmetall f\u00fcr Farner am London International Award 2024"}]},{"@type":"WebSite","@id":"https:\/\/www.organisator.ch\/#website","url":"https:\/\/www.organisator.ch\/","name":"Organizzatore","description":"Competente. Pratico. In 10 numeri all'anno, ORGANISATOR presenta i temi essenziali per i manager delle PMI.","publisher":{"@id":"https:\/\/www.organisator.ch\/#organization"},"potentialAction":[{"@type":"SearchAction","target":{"@type":"EntryPoint","urlTemplate":"https:\/\/www.organisator.ch\/?s={search_term_string}"},"query-input":{"@type":"PropertyValueSpecification","valueRequired":true,"valueName":"search_term_string"}}],"inLanguage":"it-IT"},{"@type":"Organization","@id":"https:\/\/www.organisator.ch\/#organization","name":"Organizzatore","url":"https:\/\/www.organisator.ch\/","logo":{"@type":"ImageObject","inLanguage":"it-IT","@id":"https:\/\/www.organisator.ch\/#\/schema\/logo\/image\/","url":"https:\/\/www.organisator.ch\/wp-content\/uploads\/2022\/01\/Logo_Organisator_Website.png","contentUrl":"https:\/\/www.organisator.ch\/wp-content\/uploads\/2022\/01\/Logo_Organisator_Website.png","width":800,"height":77,"caption":"Organisator"},"image":{"@id":"https:\/\/www.organisator.ch\/#\/schema\/logo\/image\/"},"sameAs":["https:\/\/www.facebook.com\/OrganisatorFachmagazin","https:\/\/www.linkedin.com\/showcase\/organisator-das-magazin-fr-kmu","https:\/\/www.xing.com\/news\/pages\/organisator-ch-695","https:\/\/www.youtube.com\/channel\/UCGP2Sq0iWaZwT3BdIAQFYpw"]},{"@type":"Person","@id":"https:\/\/www.organisator.ch\/#\/schema\/person\/4e51799071cd2dd1232ac003643ef5f0","name":"galledia","image":{"@type":"ImageObject","inLanguage":"it-IT","@id":"https:\/\/secure.gravatar.com\/avatar\/78a7f90c01fc2bfc875782a0d4922b37cde2cf184ce347b91316d23cd7f69a36?s=96&d=mm&r=g","url":"https:\/\/secure.gravatar.com\/avatar\/78a7f90c01fc2bfc875782a0d4922b37cde2cf184ce347b91316d23cd7f69a36?s=96&d=mm&r=g","contentUrl":"https:\/\/secure.gravatar.com\/avatar\/78a7f90c01fc2bfc875782a0d4922b37cde2cf184ce347b91316d23cd7f69a36?s=96&d=mm&r=g","caption":"galledia"},"sameAs":["https:\/\/x.com\/admin"],"url":"https:\/\/www.organisator.ch\/it\/author\/galledia\/"}]}},"_links":{"self":[{"href":"https:\/\/www.organisator.ch\/it\/wp-json\/wp\/v2\/posts\/30672","targetHints":{"allow":["GET"]}}],"collection":[{"href":"https:\/\/www.organisator.ch\/it\/wp-json\/wp\/v2\/posts"}],"about":[{"href":"https:\/\/www.organisator.ch\/it\/wp-json\/wp\/v2\/types\/post"}],"author":[{"embeddable":true,"href":"https:\/\/www.organisator.ch\/it\/wp-json\/wp\/v2\/users\/8"}],"replies":[{"embeddable":true,"href":"https:\/\/www.organisator.ch\/it\/wp-json\/wp\/v2\/comments?post=30672"}],"version-history":[{"count":4,"href":"https:\/\/www.organisator.ch\/it\/wp-json\/wp\/v2\/posts\/30672\/revisions"}],"predecessor-version":[{"id":31778,"href":"https:\/\/www.organisator.ch\/it\/wp-json\/wp\/v2\/posts\/30672\/revisions\/31778"}],"wp:attachment":[{"href":"https:\/\/www.organisator.ch\/it\/wp-json\/wp\/v2\/media?parent=30672"}],"wp:term":[{"taxonomy":"category","embeddable":true,"href":"https:\/\/www.organisator.ch\/it\/wp-json\/wp\/v2\/categories?post=30672"},{"taxonomy":"post_tag","embeddable":true,"href":"https:\/\/www.organisator.ch\/it\/wp-json\/wp\/v2\/tags?post=30672"}],"curies":[{"name":"wp","href":"https:\/\/api.w.org\/{rel}","templated":true}]}}