{"id":30706,"date":"2024-10-23T10:30:40","date_gmt":"2024-10-23T08:30:40","guid":{"rendered":"https:\/\/www.organisator.ch\/?p=30706"},"modified":"2024-10-25T07:12:54","modified_gmt":"2024-10-25T05:12:54","slug":"prix-svc-wirtschaftsraum-zuerich-2024-hauenstein-ag","status":"publish","type":"post","link":"https:\/\/www.organisator.ch\/it\/management\/2024-10-23\/prix-svc-wirtschaftsraum-zuerich-2024-hauenstein-ag\/","title":{"rendered":"Premio SVC Area economica Zurigo 2024: Hauenstein AG"},"content":{"rendered":"<figure id=\"attachment_30707\" aria-describedby=\"caption-attachment-30707\" style=\"width: 680px\" class=\"wp-caption alignnone\"><img loading=\"lazy\" decoding=\"async\" class=\"size-full wp-image-30707\" src=\"https:\/\/www.organisator.ch\/wp-content\/uploads\/2024\/10\/Hauenstein-AG_Bild1_ps.jpg\" alt=\"\" width=\"680\" height=\"510\" srcset=\"https:\/\/www.organisator.ch\/wp-content\/uploads\/2024\/10\/Hauenstein-AG_Bild1_ps.jpg 680w, https:\/\/www.organisator.ch\/wp-content\/uploads\/2024\/10\/Hauenstein-AG_Bild1_ps-16x12.jpg 16w, https:\/\/www.organisator.ch\/wp-content\/uploads\/2024\/10\/Hauenstein-AG_Bild1_ps-375x281.jpg 375w, https:\/\/www.organisator.ch\/wp-content\/uploads\/2024\/10\/Hauenstein-AG_Bild1_ps-467x350.jpg 467w\" sizes=\"auto, (max-width: 680px) 100vw, 680px\" \/><figcaption id=\"caption-attachment-30707\" class=\"wp-caption-text\">La sostenibilit\u00e0 \u00e8 sempre stata saldamente ancorata alla filosofia aziendale di Hauenstein AG. (Immagine: Hauenstein AG \/ www.hauenstein-rafz.ch)<\/figcaption><\/figure>\n<p>Hauenstein AG, con sede a Rafz ZH, \u00e8 uno dei principali vivai e centri di giardinaggio della Svizzera. Fondata nel 1890 da Walter Hauenstein, l'azienda familiare si \u00e8 fatta un nome nel corso di 130 anni specializzandosi nella produzione di piante resistenti. Con circa 180 dipendenti, Hauenstein AG gestisce oggi un vivaio a Rafz e quattro centri di giardinaggio a Rafz, Zurigo, Baar e Winterthur. Sotto la guida di Rainer Marxsen, responsabile della gestione operativa dal 2013, l'azienda punta su tradizione, sostenibilit\u00e0 e innovazione.<\/p>\n<h3>Pioniere dell'industria verde<\/h3>\n<p>Quello che \u00e8 iniziato nel 1890 come un piccolo vivaio di alberi su nove acri di terreno si \u00e8 rapidamente sviluppato in una delle aziende leader dell'industria orticola svizzera. Nel 1960, l'azienda \u00e8 stata trasformata in una societ\u00e0 per azioni e nello stesso anno Hauenstein ha aperto il primo centro di giardinaggio della Svizzera a Zurigo. Questo ha gettato le basi per il successo attuale dell'azienda.<\/p>\n<p>Un'altra pietra miliare nella storia dell'azienda \u00e8 stata l'espansione del giardino espositivo di Rafz nel 2013 e l'apertura del ristorante Botanica, che ha rivoluzionato l'esperienza di acquisto per i clienti. Nello stesso anno, Hauenstein AG ha ricevuto il Taspo Award come miglior garden center d'Europa gestito da un'azienda, a riprova della sua forza innovativa e del suo impegno per la massima qualit\u00e0.<\/p>\n<h3>La sostenibilit\u00e0 come pietra miliare<\/h3>\n<p>La sostenibilit\u00e0 \u00e8 sempre stata ben radicata nella filosofia aziendale di Hauenstein AG. Circa il 75 % delle piante offerte proviene dalla produzione propria di piante autoctone e resistenti, certificate con il marchio \"Suisse Garantie\". Dal 1979 le piante vengono irrigate con l'acqua del Reno. Si tratta di un sistema ecologico che evita completamente l'uso di acqua potabile. Inoltre, dal 2002 Hauenstein AG non utilizza pi\u00f9 la torba nella produzione di piante in contenitore e si affida ad agenti rinforzanti per le piante anzich\u00e9 a pesticidi chimici.<\/p>\n<p>La nuova sala pentole di Flaach, dotata di un impianto fotovoltaico, \u00e8 stata completata nell'aprile 2024. La maggior parte dell'elettricit\u00e0 generata viene utilizzata nella produzione, nelle aree sociali e per la ricarica dei veicoli elettrici, mentre l'energia in eccesso viene immessa nella rete pubblica. Questo rappresenta un ulteriore passo avanti verso un approvvigionamento energetico sostenibile.<\/p>\n<h3><strong>Impegno per il bene comune<\/strong><\/h3>\n<p>Ogni anno l'azienda sostiene progetti di beneficenza in linea con i suoi valori aziendali. Nel 2023, ad esempio, \u00e8 stato sostenuto per la quarta volta il progetto \"Hortipharr\" in Costa d'Avorio, che crea posti di lavoro locali e promuove lo sviluppo agricolo: un segno dell'impegno sociale a lungo termine dell'azienda.<\/p>\n<p><em>Ulteriori informazioni: <a href=\"https:\/\/www.hauenstein-rafz.ch\/de\/\">www.hauenstein-rafz.ch<\/a> \/ <a href=\"https:\/\/svc.swiss\/de\">www.svc.swiss<\/a><\/em><\/p>\n<blockquote>\n<h3>Premio SVC Spazio economico Zurigo 2024<\/h3>\n<p>La cerimonia di premiazione si terr\u00e0 marted\u00ec 26 novembre 2024 alla Kongresshaus di Zurigo. Sono attesi circa 1.500 ospiti provenienti dal mondo degli affari, della scienza, della politica e della cultura. La cerimonia di premiazione sar\u00e0 condotta da Nik Hartmann. <a href=\"https:\/\/svc.swiss\/sites\/default\/files\/2024-09\/svc_leporello_a5_wrzh_online.pdf\">Ulteriori informazioni<\/a>.<\/p>\n<\/blockquote>\n<p>&nbsp;<\/p>","protected":false},"excerpt":{"rendered":"<p>Il Prix SVC Zurich Economic Area sar\u00e0 assegnato il 26 novembre 2024. Cinque aziende sono in finale, una delle quali \u00e8 Hauenstein AG di Rafz ZH. Un breve ritratto di questa azienda tradizionale e innovativa del \"settore verde\".<\/p>","protected":false},"author":80,"featured_media":30707,"comment_status":"closed","ping_status":"closed","sticky":false,"template":"","format":"standard","meta":{"_acf_changed":false,"_yoast_wpseo_focuskw":"Hauenstein AG","_yoast_wpseo_metadesc":"Am 26. November 2024 wird der Prix SVC Wirtschaftsraum Z\u00fcrich verliehen. Mit im Final: Die Hauenstein AG aus Rafz ZH.","articlekey":"","footnotes":""},"categories":[28],"tags":[66,1787,392,424,492],"class_list":["post-30706","post","type-post","status-publish","format-standard","has-post-thumbnail","hentry","category-management","tag-awards","tag-nachhaltigkeit","tag-prix-svc-wirtschaftsraum-zuerich","tag-schweiz","tag-unternehmen"],"acf":[],"yoast_head":"<!-- This site is optimized with the Yoast SEO plugin v27.5 - https:\/\/yoast.com\/product\/yoast-seo-wordpress\/ -->\n<title>Prix SVC Wirtschaftsraum Z\u00fcrich 2024: Hauenstein AG - Organisator<\/title>\n<meta name=\"description\" content=\"Am 26. November 2024 wird der Prix SVC Wirtschaftsraum Z\u00fcrich verliehen. Mit im Final: Die Hauenstein AG aus Rafz ZH.\" \/>\n<meta name=\"robots\" content=\"index, follow, max-snippet:-1, max-image-preview:large, max-video-preview:-1\" \/>\n<link rel=\"canonical\" href=\"https:\/\/www.organisator.ch\/it\/gestione-2\/2024-10-23\/prix-svc-wirtschaftsraum-zuerich-2024-hauenstein-ag\/\" \/>\n<meta property=\"og:locale\" content=\"it_IT\" \/>\n<meta property=\"og:type\" content=\"article\" \/>\n<meta property=\"og:title\" content=\"Prix SVC Wirtschaftsraum Z\u00fcrich 2024: Hauenstein AG\" \/>\n<meta property=\"og:description\" content=\"Am 26. November 2024 wird der Prix SVC Wirtschaftsraum Z\u00fcrich verliehen. Mit im Final: Die Hauenstein AG aus Rafz ZH.\" \/>\n<meta property=\"og:url\" content=\"https:\/\/www.organisator.ch\/it\/gestione-2\/2024-10-23\/prix-svc-wirtschaftsraum-zuerich-2024-hauenstein-ag\/\" \/>\n<meta property=\"og:site_name\" content=\"Organisator\" \/>\n<meta property=\"article:publisher\" content=\"https:\/\/www.facebook.com\/OrganisatorFachmagazin\" \/>\n<meta property=\"article:published_time\" content=\"2024-10-23T08:30:40+00:00\" \/>\n<meta property=\"article:modified_time\" content=\"2024-10-25T05:12:54+00:00\" \/>\n<meta property=\"og:image\" content=\"https:\/\/www.organisator.ch\/wp-content\/uploads\/2024\/10\/Hauenstein-AG_Bild1_ps.jpg\" \/>\n\t<meta property=\"og:image:width\" content=\"680\" \/>\n\t<meta property=\"og:image:height\" content=\"510\" \/>\n\t<meta property=\"og:image:type\" content=\"image\/jpeg\" \/>\n<meta name=\"author\" content=\"Dzana Muminovic\" \/>\n<meta name=\"twitter:card\" content=\"summary_large_image\" \/>\n<meta name=\"twitter:title\" content=\"Prix SVC Wirtschaftsraum Z\u00fcrich 2024: Hauenstein AG\" \/>\n<meta name=\"twitter:description\" content=\"Am 26. November 2024 wird der #Prix #SVC #Wirtschaftsraum #Z\u00fcrich verliehen. Mit im #Final: Die #Hauenstein AG aus #Rafz ZH.\" \/>\n<meta name=\"twitter:image\" content=\"https:\/\/www.organisator.ch\/wp-content\/uploads\/2024\/10\/Hauenstein-AG_Bild1_ps.jpg\" \/>\n<script type=\"application\/ld+json\" class=\"yoast-schema-graph\">{\"@context\":\"https:\\\/\\\/schema.org\",\"@graph\":[{\"@type\":\"Article\",\"@id\":\"https:\\\/\\\/www.organisator.ch\\\/management\\\/2024-10-23\\\/prix-svc-wirtschaftsraum-zuerich-2024-hauenstein-ag\\\/#article\",\"isPartOf\":{\"@id\":\"https:\\\/\\\/www.organisator.ch\\\/management\\\/2024-10-23\\\/prix-svc-wirtschaftsraum-zuerich-2024-hauenstein-ag\\\/\"},\"author\":{\"name\":\"Dzana Muminovic\",\"@id\":\"https:\\\/\\\/www.organisator.ch\\\/#\\\/schema\\\/person\\\/afccda3a71c06d4be2ed9100dd163db7\"},\"headline\":\"Prix SVC Wirtschaftsraum Z\u00fcrich 2024: Hauenstein AG\",\"datePublished\":\"2024-10-23T08:30:40+00:00\",\"dateModified\":\"2024-10-25T05:12:54+00:00\",\"mainEntityOfPage\":{\"@id\":\"https:\\\/\\\/www.organisator.ch\\\/management\\\/2024-10-23\\\/prix-svc-wirtschaftsraum-zuerich-2024-hauenstein-ag\\\/\"},\"wordCount\":473,\"publisher\":{\"@id\":\"https:\\\/\\\/www.organisator.ch\\\/#organization\"},\"image\":{\"@id\":\"https:\\\/\\\/www.organisator.ch\\\/management\\\/2024-10-23\\\/prix-svc-wirtschaftsraum-zuerich-2024-hauenstein-ag\\\/#primaryimage\"},\"thumbnailUrl\":\"https:\\\/\\\/www.organisator.ch\\\/wp-content\\\/uploads\\\/2024\\\/10\\\/Hauenstein-AG_Bild1_ps.jpg\",\"keywords\":[\"Awards\",\"Nachhaltigkeit\",\"Prix SVC Wirtschaftsraum Z\u00fcrich\",\"Schweiz\",\"Unternehmen\"],\"articleSection\":[\"MANAGEMENT\"],\"inLanguage\":\"it-IT\"},{\"@type\":\"WebPage\",\"@id\":\"https:\\\/\\\/www.organisator.ch\\\/management\\\/2024-10-23\\\/prix-svc-wirtschaftsraum-zuerich-2024-hauenstein-ag\\\/\",\"url\":\"https:\\\/\\\/www.organisator.ch\\\/management\\\/2024-10-23\\\/prix-svc-wirtschaftsraum-zuerich-2024-hauenstein-ag\\\/\",\"name\":\"Prix SVC Wirtschaftsraum Z\u00fcrich 2024: Hauenstein AG - Organisator\",\"isPartOf\":{\"@id\":\"https:\\\/\\\/www.organisator.ch\\\/#website\"},\"primaryImageOfPage\":{\"@id\":\"https:\\\/\\\/www.organisator.ch\\\/management\\\/2024-10-23\\\/prix-svc-wirtschaftsraum-zuerich-2024-hauenstein-ag\\\/#primaryimage\"},\"image\":{\"@id\":\"https:\\\/\\\/www.organisator.ch\\\/management\\\/2024-10-23\\\/prix-svc-wirtschaftsraum-zuerich-2024-hauenstein-ag\\\/#primaryimage\"},\"thumbnailUrl\":\"https:\\\/\\\/www.organisator.ch\\\/wp-content\\\/uploads\\\/2024\\\/10\\\/Hauenstein-AG_Bild1_ps.jpg\",\"datePublished\":\"2024-10-23T08:30:40+00:00\",\"dateModified\":\"2024-10-25T05:12:54+00:00\",\"description\":\"Am 26. November 2024 wird der Prix SVC Wirtschaftsraum Z\u00fcrich verliehen. Mit im Final: Die Hauenstein AG aus Rafz ZH.\",\"breadcrumb\":{\"@id\":\"https:\\\/\\\/www.organisator.ch\\\/management\\\/2024-10-23\\\/prix-svc-wirtschaftsraum-zuerich-2024-hauenstein-ag\\\/#breadcrumb\"},\"inLanguage\":\"it-IT\",\"potentialAction\":[{\"@type\":\"ReadAction\",\"target\":[\"https:\\\/\\\/www.organisator.ch\\\/management\\\/2024-10-23\\\/prix-svc-wirtschaftsraum-zuerich-2024-hauenstein-ag\\\/\"]}]},{\"@type\":\"ImageObject\",\"inLanguage\":\"it-IT\",\"@id\":\"https:\\\/\\\/www.organisator.ch\\\/management\\\/2024-10-23\\\/prix-svc-wirtschaftsraum-zuerich-2024-hauenstein-ag\\\/#primaryimage\",\"url\":\"https:\\\/\\\/www.organisator.ch\\\/wp-content\\\/uploads\\\/2024\\\/10\\\/Hauenstein-AG_Bild1_ps.jpg\",\"contentUrl\":\"https:\\\/\\\/www.organisator.ch\\\/wp-content\\\/uploads\\\/2024\\\/10\\\/Hauenstein-AG_Bild1_ps.jpg\",\"width\":680,\"height\":510,\"caption\":\"Nachhaltigkeit ist seit jeher fest in der Unternehmensphilosophie der Hauenstein AG verankert. (Bild: Hauenstein AG \\\/ www.hauenstein-rafz.ch)\"},{\"@type\":\"BreadcrumbList\",\"@id\":\"https:\\\/\\\/www.organisator.ch\\\/management\\\/2024-10-23\\\/prix-svc-wirtschaftsraum-zuerich-2024-hauenstein-ag\\\/#breadcrumb\",\"itemListElement\":[{\"@type\":\"ListItem\",\"position\":1,\"name\":\"Home\",\"item\":\"https:\\\/\\\/www.organisator.ch\\\/\"},{\"@type\":\"ListItem\",\"position\":2,\"name\":\"Prix SVC Wirtschaftsraum Z\u00fcrich 2024: Hauenstein AG\"}]},{\"@type\":\"WebSite\",\"@id\":\"https:\\\/\\\/www.organisator.ch\\\/#website\",\"url\":\"https:\\\/\\\/www.organisator.ch\\\/\",\"name\":\"Organisator\",\"description\":\"Kompetent. Praxisnah. Der ORGANISATOR bereitet in 10 Ausgaben pro Jahr die wesentlichen Themen f\u00fcr F\u00fchrungskr\u00e4fte von KMU auf.\",\"publisher\":{\"@id\":\"https:\\\/\\\/www.organisator.ch\\\/#organization\"},\"potentialAction\":[{\"@type\":\"SearchAction\",\"target\":{\"@type\":\"EntryPoint\",\"urlTemplate\":\"https:\\\/\\\/www.organisator.ch\\\/?s={search_term_string}\"},\"query-input\":{\"@type\":\"PropertyValueSpecification\",\"valueRequired\":true,\"valueName\":\"search_term_string\"}}],\"inLanguage\":\"it-IT\"},{\"@type\":\"Organization\",\"@id\":\"https:\\\/\\\/www.organisator.ch\\\/#organization\",\"name\":\"Organisator\",\"url\":\"https:\\\/\\\/www.organisator.ch\\\/\",\"logo\":{\"@type\":\"ImageObject\",\"inLanguage\":\"it-IT\",\"@id\":\"https:\\\/\\\/www.organisator.ch\\\/#\\\/schema\\\/logo\\\/image\\\/\",\"url\":\"https:\\\/\\\/www.organisator.ch\\\/wp-content\\\/uploads\\\/2022\\\/01\\\/Logo_Organisator_Website.png\",\"contentUrl\":\"https:\\\/\\\/www.organisator.ch\\\/wp-content\\\/uploads\\\/2022\\\/01\\\/Logo_Organisator_Website.png\",\"width\":800,\"height\":77,\"caption\":\"Organisator\"},\"image\":{\"@id\":\"https:\\\/\\\/www.organisator.ch\\\/#\\\/schema\\\/logo\\\/image\\\/\"},\"sameAs\":[\"https:\\\/\\\/www.facebook.com\\\/OrganisatorFachmagazin\",\"https:\\\/\\\/www.linkedin.com\\\/showcase\\\/organisator-das-magazin-fr-kmu\",\"https:\\\/\\\/www.xing.com\\\/news\\\/pages\\\/organisator-ch-695\",\"https:\\\/\\\/www.youtube.com\\\/channel\\\/UCGP2Sq0iWaZwT3BdIAQFYpw\"]},{\"@type\":\"Person\",\"@id\":\"https:\\\/\\\/www.organisator.ch\\\/#\\\/schema\\\/person\\\/afccda3a71c06d4be2ed9100dd163db7\",\"name\":\"Dzana Muminovic\",\"image\":{\"@type\":\"ImageObject\",\"inLanguage\":\"it-IT\",\"@id\":\"https:\\\/\\\/secure.gravatar.com\\\/avatar\\\/909c5c71aff4b38e88686f2ab2f1ba152571f394f41ed8bae431ea56ced93050?s=96&d=mm&r=g\",\"url\":\"https:\\\/\\\/secure.gravatar.com\\\/avatar\\\/909c5c71aff4b38e88686f2ab2f1ba152571f394f41ed8bae431ea56ced93050?s=96&d=mm&r=g\",\"contentUrl\":\"https:\\\/\\\/secure.gravatar.com\\\/avatar\\\/909c5c71aff4b38e88686f2ab2f1ba152571f394f41ed8bae431ea56ced93050?s=96&d=mm&r=g\",\"caption\":\"Dzana Muminovic\"},\"url\":\"https:\\\/\\\/www.organisator.ch\\\/it\\\/author\\\/dzana-muminovic\\\/\"}]}<\/script>\n<!-- \/ Yoast SEO plugin. -->","yoast_head_json":{"title":"Premio SVC Area economica Zurigo 2024: Hauenstein AG - Organizzatore","description":"Il Prix SVC Zurich Economic Area sar\u00e0 assegnato il 26 novembre 2024. In finale anche: Hauenstein AG di Rafz ZH.","robots":{"index":"index","follow":"follow","max-snippet":"max-snippet:-1","max-image-preview":"max-image-preview:large","max-video-preview":"max-video-preview:-1"},"canonical":"https:\/\/www.organisator.ch\/it\/gestione-2\/2024-10-23\/prix-svc-wirtschaftsraum-zuerich-2024-hauenstein-ag\/","og_locale":"it_IT","og_type":"article","og_title":"Prix SVC Wirtschaftsraum Z\u00fcrich 2024: Hauenstein AG","og_description":"Am 26. November 2024 wird der Prix SVC Wirtschaftsraum Z\u00fcrich verliehen. Mit im Final: Die Hauenstein AG aus Rafz ZH.","og_url":"https:\/\/www.organisator.ch\/it\/gestione-2\/2024-10-23\/prix-svc-wirtschaftsraum-zuerich-2024-hauenstein-ag\/","og_site_name":"Organisator","article_publisher":"https:\/\/www.facebook.com\/OrganisatorFachmagazin","article_published_time":"2024-10-23T08:30:40+00:00","article_modified_time":"2024-10-25T05:12:54+00:00","og_image":[{"width":680,"height":510,"url":"https:\/\/www.organisator.ch\/wp-content\/uploads\/2024\/10\/Hauenstein-AG_Bild1_ps.jpg","type":"image\/jpeg"}],"author":"Dzana Muminovic","twitter_card":"summary_large_image","twitter_title":"Prix SVC Wirtschaftsraum Z\u00fcrich 2024: Hauenstein AG","twitter_description":"Am 26. November 2024 wird der #Prix #SVC #Wirtschaftsraum #Z\u00fcrich verliehen. Mit im #Final: Die #Hauenstein AG aus #Rafz ZH.","twitter_image":"https:\/\/www.organisator.ch\/wp-content\/uploads\/2024\/10\/Hauenstein-AG_Bild1_ps.jpg","schema":{"@context":"https:\/\/schema.org","@graph":[{"@type":"Article","@id":"https:\/\/www.organisator.ch\/management\/2024-10-23\/prix-svc-wirtschaftsraum-zuerich-2024-hauenstein-ag\/#article","isPartOf":{"@id":"https:\/\/www.organisator.ch\/management\/2024-10-23\/prix-svc-wirtschaftsraum-zuerich-2024-hauenstein-ag\/"},"author":{"name":"Dzana Muminovic","@id":"https:\/\/www.organisator.ch\/#\/schema\/person\/afccda3a71c06d4be2ed9100dd163db7"},"headline":"Prix SVC Wirtschaftsraum Z\u00fcrich 2024: Hauenstein AG","datePublished":"2024-10-23T08:30:40+00:00","dateModified":"2024-10-25T05:12:54+00:00","mainEntityOfPage":{"@id":"https:\/\/www.organisator.ch\/management\/2024-10-23\/prix-svc-wirtschaftsraum-zuerich-2024-hauenstein-ag\/"},"wordCount":473,"publisher":{"@id":"https:\/\/www.organisator.ch\/#organization"},"image":{"@id":"https:\/\/www.organisator.ch\/management\/2024-10-23\/prix-svc-wirtschaftsraum-zuerich-2024-hauenstein-ag\/#primaryimage"},"thumbnailUrl":"https:\/\/www.organisator.ch\/wp-content\/uploads\/2024\/10\/Hauenstein-AG_Bild1_ps.jpg","keywords":["Awards","Nachhaltigkeit","Prix SVC Wirtschaftsraum Z\u00fcrich","Schweiz","Unternehmen"],"articleSection":["MANAGEMENT"],"inLanguage":"it-IT"},{"@type":"WebPage","@id":"https:\/\/www.organisator.ch\/management\/2024-10-23\/prix-svc-wirtschaftsraum-zuerich-2024-hauenstein-ag\/","url":"https:\/\/www.organisator.ch\/management\/2024-10-23\/prix-svc-wirtschaftsraum-zuerich-2024-hauenstein-ag\/","name":"Premio SVC Area economica Zurigo 2024: Hauenstein AG - Organizzatore","isPartOf":{"@id":"https:\/\/www.organisator.ch\/#website"},"primaryImageOfPage":{"@id":"https:\/\/www.organisator.ch\/management\/2024-10-23\/prix-svc-wirtschaftsraum-zuerich-2024-hauenstein-ag\/#primaryimage"},"image":{"@id":"https:\/\/www.organisator.ch\/management\/2024-10-23\/prix-svc-wirtschaftsraum-zuerich-2024-hauenstein-ag\/#primaryimage"},"thumbnailUrl":"https:\/\/www.organisator.ch\/wp-content\/uploads\/2024\/10\/Hauenstein-AG_Bild1_ps.jpg","datePublished":"2024-10-23T08:30:40+00:00","dateModified":"2024-10-25T05:12:54+00:00","description":"Il Prix SVC Zurich Economic Area sar\u00e0 assegnato il 26 novembre 2024. In finale anche: Hauenstein AG di Rafz ZH.","breadcrumb":{"@id":"https:\/\/www.organisator.ch\/management\/2024-10-23\/prix-svc-wirtschaftsraum-zuerich-2024-hauenstein-ag\/#breadcrumb"},"inLanguage":"it-IT","potentialAction":[{"@type":"ReadAction","target":["https:\/\/www.organisator.ch\/management\/2024-10-23\/prix-svc-wirtschaftsraum-zuerich-2024-hauenstein-ag\/"]}]},{"@type":"ImageObject","inLanguage":"it-IT","@id":"https:\/\/www.organisator.ch\/management\/2024-10-23\/prix-svc-wirtschaftsraum-zuerich-2024-hauenstein-ag\/#primaryimage","url":"https:\/\/www.organisator.ch\/wp-content\/uploads\/2024\/10\/Hauenstein-AG_Bild1_ps.jpg","contentUrl":"https:\/\/www.organisator.ch\/wp-content\/uploads\/2024\/10\/Hauenstein-AG_Bild1_ps.jpg","width":680,"height":510,"caption":"Nachhaltigkeit ist seit jeher fest in der Unternehmensphilosophie der Hauenstein AG verankert. (Bild: Hauenstein AG \/ www.hauenstein-rafz.ch)"},{"@type":"BreadcrumbList","@id":"https:\/\/www.organisator.ch\/management\/2024-10-23\/prix-svc-wirtschaftsraum-zuerich-2024-hauenstein-ag\/#breadcrumb","itemListElement":[{"@type":"ListItem","position":1,"name":"Home","item":"https:\/\/www.organisator.ch\/"},{"@type":"ListItem","position":2,"name":"Prix SVC Wirtschaftsraum Z\u00fcrich 2024: Hauenstein AG"}]},{"@type":"WebSite","@id":"https:\/\/www.organisator.ch\/#website","url":"https:\/\/www.organisator.ch\/","name":"Organizzatore","description":"Competente. Pratico. In 10 numeri all'anno, ORGANISATOR presenta i temi essenziali per i manager delle PMI.","publisher":{"@id":"https:\/\/www.organisator.ch\/#organization"},"potentialAction":[{"@type":"SearchAction","target":{"@type":"EntryPoint","urlTemplate":"https:\/\/www.organisator.ch\/?s={search_term_string}"},"query-input":{"@type":"PropertyValueSpecification","valueRequired":true,"valueName":"search_term_string"}}],"inLanguage":"it-IT"},{"@type":"Organization","@id":"https:\/\/www.organisator.ch\/#organization","name":"Organizzatore","url":"https:\/\/www.organisator.ch\/","logo":{"@type":"ImageObject","inLanguage":"it-IT","@id":"https:\/\/www.organisator.ch\/#\/schema\/logo\/image\/","url":"https:\/\/www.organisator.ch\/wp-content\/uploads\/2022\/01\/Logo_Organisator_Website.png","contentUrl":"https:\/\/www.organisator.ch\/wp-content\/uploads\/2022\/01\/Logo_Organisator_Website.png","width":800,"height":77,"caption":"Organisator"},"image":{"@id":"https:\/\/www.organisator.ch\/#\/schema\/logo\/image\/"},"sameAs":["https:\/\/www.facebook.com\/OrganisatorFachmagazin","https:\/\/www.linkedin.com\/showcase\/organisator-das-magazin-fr-kmu","https:\/\/www.xing.com\/news\/pages\/organisator-ch-695","https:\/\/www.youtube.com\/channel\/UCGP2Sq0iWaZwT3BdIAQFYpw"]},{"@type":"Person","@id":"https:\/\/www.organisator.ch\/#\/schema\/person\/afccda3a71c06d4be2ed9100dd163db7","name":"Dzana Muminovic","image":{"@type":"ImageObject","inLanguage":"it-IT","@id":"https:\/\/secure.gravatar.com\/avatar\/909c5c71aff4b38e88686f2ab2f1ba152571f394f41ed8bae431ea56ced93050?s=96&d=mm&r=g","url":"https:\/\/secure.gravatar.com\/avatar\/909c5c71aff4b38e88686f2ab2f1ba152571f394f41ed8bae431ea56ced93050?s=96&d=mm&r=g","contentUrl":"https:\/\/secure.gravatar.com\/avatar\/909c5c71aff4b38e88686f2ab2f1ba152571f394f41ed8bae431ea56ced93050?s=96&d=mm&r=g","caption":"Dzana Muminovic"},"url":"https:\/\/www.organisator.ch\/it\/author\/dzana-muminovic\/"}]}},"_links":{"self":[{"href":"https:\/\/www.organisator.ch\/it\/wp-json\/wp\/v2\/posts\/30706","targetHints":{"allow":["GET"]}}],"collection":[{"href":"https:\/\/www.organisator.ch\/it\/wp-json\/wp\/v2\/posts"}],"about":[{"href":"https:\/\/www.organisator.ch\/it\/wp-json\/wp\/v2\/types\/post"}],"author":[{"embeddable":true,"href":"https:\/\/www.organisator.ch\/it\/wp-json\/wp\/v2\/users\/80"}],"replies":[{"embeddable":true,"href":"https:\/\/www.organisator.ch\/it\/wp-json\/wp\/v2\/comments?post=30706"}],"version-history":[{"count":13,"href":"https:\/\/www.organisator.ch\/it\/wp-json\/wp\/v2\/posts\/30706\/revisions"}],"predecessor-version":[{"id":31217,"href":"https:\/\/www.organisator.ch\/it\/wp-json\/wp\/v2\/posts\/30706\/revisions\/31217"}],"wp:featuredmedia":[{"embeddable":true,"href":"https:\/\/www.organisator.ch\/it\/wp-json\/wp\/v2\/media\/30707"}],"wp:attachment":[{"href":"https:\/\/www.organisator.ch\/it\/wp-json\/wp\/v2\/media?parent=30706"}],"wp:term":[{"taxonomy":"category","embeddable":true,"href":"https:\/\/www.organisator.ch\/it\/wp-json\/wp\/v2\/categories?post=30706"},{"taxonomy":"post_tag","embeddable":true,"href":"https:\/\/www.organisator.ch\/it\/wp-json\/wp\/v2\/tags?post=30706"}],"curies":[{"name":"wp","href":"https:\/\/api.w.org\/{rel}","templated":true}]}}