{"id":30737,"date":"2024-10-16T13:20:37","date_gmt":"2024-10-16T11:20:37","guid":{"rendered":"https:\/\/www.organisator.ch\/?p=30737"},"modified":"2024-10-16T09:56:03","modified_gmt":"2024-10-16T07:56:03","slug":"iway-wird-eigenstaendiger-telefonieanbieter-fuer-festnetz-und-mobile","status":"publish","type":"post","link":"https:\/\/www.organisator.ch\/it\/management\/2024-10-16\/iway-wird-eigenstaendiger-telefonieanbieter-fuer-festnetz-und-mobile\/","title":{"rendered":"iWay diventa un fornitore indipendente di telefonia per reti fisse e mobili"},"content":{"rendered":"<figure id=\"attachment_30738\" aria-describedby=\"caption-attachment-30738\" style=\"width: 680px\" class=\"wp-caption alignnone\"><img loading=\"lazy\" decoding=\"async\" class=\"size-full wp-image-30738\" src=\"https:\/\/www.organisator.ch\/wp-content\/uploads\/2024\/10\/iWay_Bild1_ps.jpg\" alt=\"\" width=\"680\" height=\"412\" srcset=\"https:\/\/www.organisator.ch\/wp-content\/uploads\/2024\/10\/iWay_Bild1_ps.jpg 680w, https:\/\/www.organisator.ch\/wp-content\/uploads\/2024\/10\/iWay_Bild1_ps-18x12.jpg 18w, https:\/\/www.organisator.ch\/wp-content\/uploads\/2024\/10\/iWay_Bild1_ps-375x227.jpg 375w, https:\/\/www.organisator.ch\/wp-content\/uploads\/2024\/10\/iWay_Bild1_ps-578x350.jpg 578w\" sizes=\"auto, (max-width: 680px) 100vw, 680px\" \/><figcaption id=\"caption-attachment-30738\" class=\"wp-caption-text\">I nuovi servizi di telefonia mobile di iWay saranno disponibili a partire dalla met\u00e0 del 2025. (Immagine: www.iway.ch)<\/figcaption><\/figure>\n<p>Allo stesso modo, iWay diventer\u00e0 un fornitore indipendente di comunicazioni mobili. A tal fine, l'azienda operer\u00e0 come operatore di rete mobile virtuale (MVNO). iWay utilizzer\u00e0 la rete mobile fisica di Swisscom, ma creer\u00e0 una propria piattaforma hardware e software e operer\u00e0 in modo ampiamente indipendente. Ci\u00f2 significa che iWay potr\u00e0 sviluppare e commercializzare i propri modelli tariffari e le proprie offerte, differenziandosi in modo ancora pi\u00f9 efficace dai suoi concorrenti sul mercato delle comunicazioni mobili. I nuovi servizi mobili saranno disponibili a partire dalla met\u00e0 del 2025.<\/p>\n<p>\"Stiamo costruendo una nuova infrastruttura pi\u00f9 affidabile e proprietaria. Questo ci permetter\u00e0 di offrire ai nostri partner e clienti servizi pi\u00f9 interessanti in futuro\", afferma Markus Vetterli, CEO di iWay. \"In qualit\u00e0 di fornitore di telefonia indipendente, ci troveremo ad affrontare meno dipendenze sia nel settore delle reti fisse che in quello delle comunicazioni mobili, il che ci consentir\u00e0 di reagire con maggiore flessibilit\u00e0 ai cambiamenti del mercato e di implementare pi\u00f9 rapidamente gli sviluppi dei prodotti.\" Una transizione senza problemi alla nuova infrastruttura \u00e8 una priorit\u00e0 assoluta per iWay.<\/p>\n<p>I partner e i clienti saranno informati tempestivamente sulle fasi successive. I partner di iWay potranno ordinare e gestire i nuovi prodotti tramite il portale dei partner esistente. I partner avranno anche l'opportunit\u00e0 di acquistare e commercializzare i prodotti di telefonia di iWay in un modello white label con il proprio marchio. I clienti finali, a loro volta, beneficeranno di offerte migliori, poich\u00e9 la nuova strategia di telefonia fissa e mobile consentir\u00e0 a iWay di concentrarsi ancora di pi\u00f9 sull'obiettivo di essere la migliore alternativa ai principali provider. Nell'ambito di questa nuova direzione strategica, iWay porr\u00e0 fine alla collaborazione con Nexphone.<\/p>\n<p><em>Fonte: <a href=\"http:\/\/www.iway.ch\">www.iway.ch<\/a><\/em><\/p>","protected":false},"excerpt":{"rendered":"<p>Il provider Internet iWay sta lavorando a soluzioni proprie per la telefonia fissa e mobile. L'azienda sta attualmente costruendo la propria infrastruttura a questo scopo. I nuovi prodotti per la telefonia fissa saranno disponibili dall'inizio del 2025. <\/p>","protected":false},"author":80,"featured_media":0,"comment_status":"closed","ping_status":"closed","sticky":false,"template":"","format":"standard","meta":{"_acf_changed":false,"_yoast_wpseo_focuskw":"Internetanbieter","_yoast_wpseo_metadesc":"Der Internetanbieter iWay arbeitet an eigenen L\u00f6sungen f\u00fcr Festnetz- und Mobiltelefonie. Dazu baut das Unternehmen aktuell eine eigene Infrastruktur auf.","articlekey":"","footnotes":""},"categories":[28],"tags":[1405,4620,424,477,492],"class_list":["post-30737","post","type-post","status-publish","format-standard","hentry","category-management","tag-infrastruktur","tag-internetanbieter","tag-schweiz","tag-telefonie","tag-unternehmen"],"acf":[],"yoast_head":"<!-- This site is optimized with the Yoast SEO plugin v27.5 - https:\/\/yoast.com\/product\/yoast-seo-wordpress\/ -->\n<title>iWay wird eigenst\u00e4ndiger Telefonieanbieter f\u00fcr Festnetz und Mobile - Organisator<\/title>\n<meta name=\"description\" content=\"Der Internetanbieter iWay arbeitet an eigenen L\u00f6sungen f\u00fcr Festnetz- und Mobiltelefonie. Dazu baut das Unternehmen aktuell eine eigene Infrastruktur auf.\" \/>\n<meta name=\"robots\" content=\"index, follow, max-snippet:-1, max-image-preview:large, max-video-preview:-1\" \/>\n<link rel=\"canonical\" href=\"https:\/\/www.organisator.ch\/it\/gestione-2\/2024-10-16\/iway-wird-eigenstaendiger-telefonieanbieter-fuer-festnetz-und-mobile\/\" \/>\n<meta property=\"og:locale\" content=\"it_IT\" \/>\n<meta property=\"og:type\" content=\"article\" \/>\n<meta property=\"og:title\" content=\"iWay wird eigenst\u00e4ndiger Telefonieanbieter f\u00fcr Festnetz und Mobile\" \/>\n<meta property=\"og:description\" content=\"Der Internetanbieter iWay arbeitet an eigenen L\u00f6sungen f\u00fcr Festnetz- und Mobiltelefonie. Dazu baut das Unternehmen aktuell eine eigene Infrastruktur auf.\" \/>\n<meta property=\"og:url\" content=\"https:\/\/www.organisator.ch\/it\/gestione-2\/2024-10-16\/iway-wird-eigenstaendiger-telefonieanbieter-fuer-festnetz-und-mobile\/\" \/>\n<meta property=\"og:site_name\" content=\"Organisator\" \/>\n<meta property=\"article:publisher\" content=\"https:\/\/www.facebook.com\/OrganisatorFachmagazin\" \/>\n<meta property=\"article:published_time\" content=\"2024-10-16T11:20:37+00:00\" \/>\n<meta property=\"og:image\" content=\"https:\/\/www.organisator.ch\/wp-content\/uploads\/2024\/10\/iWay_Bild1_ps.jpg\" \/>\n\t<meta property=\"og:image:width\" content=\"680\" \/>\n\t<meta property=\"og:image:height\" content=\"412\" \/>\n\t<meta property=\"og:image:type\" content=\"image\/jpeg\" \/>\n<meta name=\"author\" content=\"Dzana Muminovic\" \/>\n<meta name=\"twitter:card\" content=\"summary_large_image\" \/>\n<meta name=\"twitter:title\" content=\"iWay wird eigenst\u00e4ndiger Telefonieanbieter f\u00fcr Festnetz und Mobile\" \/>\n<meta name=\"twitter:description\" content=\"Der Internetanbieter iWay arbeitet an eigenen L\u00f6sungen f\u00fcr Festnetz- und Mobiltelefonie. Dazu baut das Unternehmen aktuell eine eigene Infrastruktur auf.\" \/>\n<meta name=\"twitter:image\" content=\"https:\/\/www.organisator.ch\/wp-content\/uploads\/2024\/10\/iWay_Bild1_ps.jpg\" \/>\n<script type=\"application\/ld+json\" class=\"yoast-schema-graph\">{\"@context\":\"https:\\\/\\\/schema.org\",\"@graph\":[{\"@type\":\"Article\",\"@id\":\"https:\\\/\\\/www.organisator.ch\\\/management\\\/2024-10-16\\\/iway-wird-eigenstaendiger-telefonieanbieter-fuer-festnetz-und-mobile\\\/#article\",\"isPartOf\":{\"@id\":\"https:\\\/\\\/www.organisator.ch\\\/management\\\/2024-10-16\\\/iway-wird-eigenstaendiger-telefonieanbieter-fuer-festnetz-und-mobile\\\/\"},\"author\":{\"name\":\"Dzana Muminovic\",\"@id\":\"https:\\\/\\\/www.organisator.ch\\\/#\\\/schema\\\/person\\\/afccda3a71c06d4be2ed9100dd163db7\"},\"headline\":\"iWay wird eigenst\u00e4ndiger Telefonieanbieter f\u00fcr Festnetz und Mobile\",\"datePublished\":\"2024-10-16T11:20:37+00:00\",\"mainEntityOfPage\":{\"@id\":\"https:\\\/\\\/www.organisator.ch\\\/management\\\/2024-10-16\\\/iway-wird-eigenstaendiger-telefonieanbieter-fuer-festnetz-und-mobile\\\/\"},\"wordCount\":287,\"publisher\":{\"@id\":\"https:\\\/\\\/www.organisator.ch\\\/#organization\"},\"image\":{\"@id\":\"https:\\\/\\\/www.organisator.ch\\\/management\\\/2024-10-16\\\/iway-wird-eigenstaendiger-telefonieanbieter-fuer-festnetz-und-mobile\\\/#primaryimage\"},\"thumbnailUrl\":\"https:\\\/\\\/www.organisator.ch\\\/wp-content\\\/uploads\\\/2024\\\/10\\\/iWay_Bild1_ps.jpg\",\"keywords\":[\"Infrastruktur\",\"Internetanbieter\",\"Schweiz\",\"Telefonie\",\"Unternehmen\"],\"articleSection\":[\"MANAGEMENT\"],\"inLanguage\":\"it-IT\"},{\"@type\":\"WebPage\",\"@id\":\"https:\\\/\\\/www.organisator.ch\\\/management\\\/2024-10-16\\\/iway-wird-eigenstaendiger-telefonieanbieter-fuer-festnetz-und-mobile\\\/\",\"url\":\"https:\\\/\\\/www.organisator.ch\\\/management\\\/2024-10-16\\\/iway-wird-eigenstaendiger-telefonieanbieter-fuer-festnetz-und-mobile\\\/\",\"name\":\"iWay wird eigenst\u00e4ndiger Telefonieanbieter f\u00fcr Festnetz und Mobile - Organisator\",\"isPartOf\":{\"@id\":\"https:\\\/\\\/www.organisator.ch\\\/#website\"},\"primaryImageOfPage\":{\"@id\":\"https:\\\/\\\/www.organisator.ch\\\/management\\\/2024-10-16\\\/iway-wird-eigenstaendiger-telefonieanbieter-fuer-festnetz-und-mobile\\\/#primaryimage\"},\"image\":{\"@id\":\"https:\\\/\\\/www.organisator.ch\\\/management\\\/2024-10-16\\\/iway-wird-eigenstaendiger-telefonieanbieter-fuer-festnetz-und-mobile\\\/#primaryimage\"},\"thumbnailUrl\":\"https:\\\/\\\/www.organisator.ch\\\/wp-content\\\/uploads\\\/2024\\\/10\\\/iWay_Bild1_ps.jpg\",\"datePublished\":\"2024-10-16T11:20:37+00:00\",\"description\":\"Der Internetanbieter iWay arbeitet an eigenen L\u00f6sungen f\u00fcr Festnetz- und Mobiltelefonie. Dazu baut das Unternehmen aktuell eine eigene Infrastruktur auf.\",\"breadcrumb\":{\"@id\":\"https:\\\/\\\/www.organisator.ch\\\/management\\\/2024-10-16\\\/iway-wird-eigenstaendiger-telefonieanbieter-fuer-festnetz-und-mobile\\\/#breadcrumb\"},\"inLanguage\":\"it-IT\",\"potentialAction\":[{\"@type\":\"ReadAction\",\"target\":[\"https:\\\/\\\/www.organisator.ch\\\/management\\\/2024-10-16\\\/iway-wird-eigenstaendiger-telefonieanbieter-fuer-festnetz-und-mobile\\\/\"]}]},{\"@type\":\"ImageObject\",\"inLanguage\":\"it-IT\",\"@id\":\"https:\\\/\\\/www.organisator.ch\\\/management\\\/2024-10-16\\\/iway-wird-eigenstaendiger-telefonieanbieter-fuer-festnetz-und-mobile\\\/#primaryimage\",\"url\":\"https:\\\/\\\/www.organisator.ch\\\/wp-content\\\/uploads\\\/2024\\\/10\\\/iWay_Bild1_ps.jpg\",\"contentUrl\":\"https:\\\/\\\/www.organisator.ch\\\/wp-content\\\/uploads\\\/2024\\\/10\\\/iWay_Bild1_ps.jpg\"},{\"@type\":\"BreadcrumbList\",\"@id\":\"https:\\\/\\\/www.organisator.ch\\\/management\\\/2024-10-16\\\/iway-wird-eigenstaendiger-telefonieanbieter-fuer-festnetz-und-mobile\\\/#breadcrumb\",\"itemListElement\":[{\"@type\":\"ListItem\",\"position\":1,\"name\":\"Home\",\"item\":\"https:\\\/\\\/www.organisator.ch\\\/\"},{\"@type\":\"ListItem\",\"position\":2,\"name\":\"iWay wird eigenst\u00e4ndiger Telefonieanbieter f\u00fcr Festnetz und Mobile\"}]},{\"@type\":\"WebSite\",\"@id\":\"https:\\\/\\\/www.organisator.ch\\\/#website\",\"url\":\"https:\\\/\\\/www.organisator.ch\\\/\",\"name\":\"Organisator\",\"description\":\"Kompetent. Praxisnah. Der ORGANISATOR bereitet in 10 Ausgaben pro Jahr die wesentlichen Themen f\u00fcr F\u00fchrungskr\u00e4fte von KMU auf.\",\"publisher\":{\"@id\":\"https:\\\/\\\/www.organisator.ch\\\/#organization\"},\"potentialAction\":[{\"@type\":\"SearchAction\",\"target\":{\"@type\":\"EntryPoint\",\"urlTemplate\":\"https:\\\/\\\/www.organisator.ch\\\/?s={search_term_string}\"},\"query-input\":{\"@type\":\"PropertyValueSpecification\",\"valueRequired\":true,\"valueName\":\"search_term_string\"}}],\"inLanguage\":\"it-IT\"},{\"@type\":\"Organization\",\"@id\":\"https:\\\/\\\/www.organisator.ch\\\/#organization\",\"name\":\"Organisator\",\"url\":\"https:\\\/\\\/www.organisator.ch\\\/\",\"logo\":{\"@type\":\"ImageObject\",\"inLanguage\":\"it-IT\",\"@id\":\"https:\\\/\\\/www.organisator.ch\\\/#\\\/schema\\\/logo\\\/image\\\/\",\"url\":\"https:\\\/\\\/www.organisator.ch\\\/wp-content\\\/uploads\\\/2022\\\/01\\\/Logo_Organisator_Website.png\",\"contentUrl\":\"https:\\\/\\\/www.organisator.ch\\\/wp-content\\\/uploads\\\/2022\\\/01\\\/Logo_Organisator_Website.png\",\"width\":800,\"height\":77,\"caption\":\"Organisator\"},\"image\":{\"@id\":\"https:\\\/\\\/www.organisator.ch\\\/#\\\/schema\\\/logo\\\/image\\\/\"},\"sameAs\":[\"https:\\\/\\\/www.facebook.com\\\/OrganisatorFachmagazin\",\"https:\\\/\\\/www.linkedin.com\\\/showcase\\\/organisator-das-magazin-fr-kmu\",\"https:\\\/\\\/www.xing.com\\\/news\\\/pages\\\/organisator-ch-695\",\"https:\\\/\\\/www.youtube.com\\\/channel\\\/UCGP2Sq0iWaZwT3BdIAQFYpw\"]},{\"@type\":\"Person\",\"@id\":\"https:\\\/\\\/www.organisator.ch\\\/#\\\/schema\\\/person\\\/afccda3a71c06d4be2ed9100dd163db7\",\"name\":\"Dzana Muminovic\",\"image\":{\"@type\":\"ImageObject\",\"inLanguage\":\"it-IT\",\"@id\":\"https:\\\/\\\/secure.gravatar.com\\\/avatar\\\/909c5c71aff4b38e88686f2ab2f1ba152571f394f41ed8bae431ea56ced93050?s=96&d=mm&r=g\",\"url\":\"https:\\\/\\\/secure.gravatar.com\\\/avatar\\\/909c5c71aff4b38e88686f2ab2f1ba152571f394f41ed8bae431ea56ced93050?s=96&d=mm&r=g\",\"contentUrl\":\"https:\\\/\\\/secure.gravatar.com\\\/avatar\\\/909c5c71aff4b38e88686f2ab2f1ba152571f394f41ed8bae431ea56ced93050?s=96&d=mm&r=g\",\"caption\":\"Dzana Muminovic\"},\"url\":\"https:\\\/\\\/www.organisator.ch\\\/it\\\/author\\\/dzana-muminovic\\\/\"}]}<\/script>\n<!-- \/ Yoast SEO plugin. -->","yoast_head_json":{"title":"iWay diventa un fornitore indipendente di telefonia fissa e mobile - Organizzatore","description":"Il provider Internet iWay sta lavorando a soluzioni proprie per la telefonia fissa e mobile. L'azienda sta attualmente costruendo la propria infrastruttura a questo scopo.","robots":{"index":"index","follow":"follow","max-snippet":"max-snippet:-1","max-image-preview":"max-image-preview:large","max-video-preview":"max-video-preview:-1"},"canonical":"https:\/\/www.organisator.ch\/it\/gestione-2\/2024-10-16\/iway-wird-eigenstaendiger-telefonieanbieter-fuer-festnetz-und-mobile\/","og_locale":"it_IT","og_type":"article","og_title":"iWay wird eigenst\u00e4ndiger Telefonieanbieter f\u00fcr Festnetz und Mobile","og_description":"Der Internetanbieter iWay arbeitet an eigenen L\u00f6sungen f\u00fcr Festnetz- und Mobiltelefonie. Dazu baut das Unternehmen aktuell eine eigene Infrastruktur auf.","og_url":"https:\/\/www.organisator.ch\/it\/gestione-2\/2024-10-16\/iway-wird-eigenstaendiger-telefonieanbieter-fuer-festnetz-und-mobile\/","og_site_name":"Organisator","article_publisher":"https:\/\/www.facebook.com\/OrganisatorFachmagazin","article_published_time":"2024-10-16T11:20:37+00:00","og_image":[{"width":680,"height":412,"url":"https:\/\/www.organisator.ch\/wp-content\/uploads\/2024\/10\/iWay_Bild1_ps.jpg","type":"image\/jpeg"}],"author":"Dzana Muminovic","twitter_card":"summary_large_image","twitter_title":"iWay wird eigenst\u00e4ndiger Telefonieanbieter f\u00fcr Festnetz und Mobile","twitter_description":"Der Internetanbieter iWay arbeitet an eigenen L\u00f6sungen f\u00fcr Festnetz- und Mobiltelefonie. Dazu baut das Unternehmen aktuell eine eigene Infrastruktur auf.","twitter_image":"https:\/\/www.organisator.ch\/wp-content\/uploads\/2024\/10\/iWay_Bild1_ps.jpg","schema":{"@context":"https:\/\/schema.org","@graph":[{"@type":"Article","@id":"https:\/\/www.organisator.ch\/management\/2024-10-16\/iway-wird-eigenstaendiger-telefonieanbieter-fuer-festnetz-und-mobile\/#article","isPartOf":{"@id":"https:\/\/www.organisator.ch\/management\/2024-10-16\/iway-wird-eigenstaendiger-telefonieanbieter-fuer-festnetz-und-mobile\/"},"author":{"name":"Dzana Muminovic","@id":"https:\/\/www.organisator.ch\/#\/schema\/person\/afccda3a71c06d4be2ed9100dd163db7"},"headline":"iWay wird eigenst\u00e4ndiger Telefonieanbieter f\u00fcr Festnetz und Mobile","datePublished":"2024-10-16T11:20:37+00:00","mainEntityOfPage":{"@id":"https:\/\/www.organisator.ch\/management\/2024-10-16\/iway-wird-eigenstaendiger-telefonieanbieter-fuer-festnetz-und-mobile\/"},"wordCount":287,"publisher":{"@id":"https:\/\/www.organisator.ch\/#organization"},"image":{"@id":"https:\/\/www.organisator.ch\/management\/2024-10-16\/iway-wird-eigenstaendiger-telefonieanbieter-fuer-festnetz-und-mobile\/#primaryimage"},"thumbnailUrl":"https:\/\/www.organisator.ch\/wp-content\/uploads\/2024\/10\/iWay_Bild1_ps.jpg","keywords":["Infrastruktur","Internetanbieter","Schweiz","Telefonie","Unternehmen"],"articleSection":["MANAGEMENT"],"inLanguage":"it-IT"},{"@type":"WebPage","@id":"https:\/\/www.organisator.ch\/management\/2024-10-16\/iway-wird-eigenstaendiger-telefonieanbieter-fuer-festnetz-und-mobile\/","url":"https:\/\/www.organisator.ch\/management\/2024-10-16\/iway-wird-eigenstaendiger-telefonieanbieter-fuer-festnetz-und-mobile\/","name":"iWay diventa un fornitore indipendente di telefonia fissa e mobile - Organizzatore","isPartOf":{"@id":"https:\/\/www.organisator.ch\/#website"},"primaryImageOfPage":{"@id":"https:\/\/www.organisator.ch\/management\/2024-10-16\/iway-wird-eigenstaendiger-telefonieanbieter-fuer-festnetz-und-mobile\/#primaryimage"},"image":{"@id":"https:\/\/www.organisator.ch\/management\/2024-10-16\/iway-wird-eigenstaendiger-telefonieanbieter-fuer-festnetz-und-mobile\/#primaryimage"},"thumbnailUrl":"https:\/\/www.organisator.ch\/wp-content\/uploads\/2024\/10\/iWay_Bild1_ps.jpg","datePublished":"2024-10-16T11:20:37+00:00","description":"Il provider Internet iWay sta lavorando a soluzioni proprie per la telefonia fissa e mobile. L'azienda sta attualmente costruendo la propria infrastruttura a questo scopo.","breadcrumb":{"@id":"https:\/\/www.organisator.ch\/management\/2024-10-16\/iway-wird-eigenstaendiger-telefonieanbieter-fuer-festnetz-und-mobile\/#breadcrumb"},"inLanguage":"it-IT","potentialAction":[{"@type":"ReadAction","target":["https:\/\/www.organisator.ch\/management\/2024-10-16\/iway-wird-eigenstaendiger-telefonieanbieter-fuer-festnetz-und-mobile\/"]}]},{"@type":"ImageObject","inLanguage":"it-IT","@id":"https:\/\/www.organisator.ch\/management\/2024-10-16\/iway-wird-eigenstaendiger-telefonieanbieter-fuer-festnetz-und-mobile\/#primaryimage","url":"https:\/\/www.organisator.ch\/wp-content\/uploads\/2024\/10\/iWay_Bild1_ps.jpg","contentUrl":"https:\/\/www.organisator.ch\/wp-content\/uploads\/2024\/10\/iWay_Bild1_ps.jpg"},{"@type":"BreadcrumbList","@id":"https:\/\/www.organisator.ch\/management\/2024-10-16\/iway-wird-eigenstaendiger-telefonieanbieter-fuer-festnetz-und-mobile\/#breadcrumb","itemListElement":[{"@type":"ListItem","position":1,"name":"Home","item":"https:\/\/www.organisator.ch\/"},{"@type":"ListItem","position":2,"name":"iWay wird eigenst\u00e4ndiger Telefonieanbieter f\u00fcr Festnetz und Mobile"}]},{"@type":"WebSite","@id":"https:\/\/www.organisator.ch\/#website","url":"https:\/\/www.organisator.ch\/","name":"Organizzatore","description":"Competente. Pratico. In 10 numeri all'anno, ORGANISATOR presenta i temi essenziali per i manager delle PMI.","publisher":{"@id":"https:\/\/www.organisator.ch\/#organization"},"potentialAction":[{"@type":"SearchAction","target":{"@type":"EntryPoint","urlTemplate":"https:\/\/www.organisator.ch\/?s={search_term_string}"},"query-input":{"@type":"PropertyValueSpecification","valueRequired":true,"valueName":"search_term_string"}}],"inLanguage":"it-IT"},{"@type":"Organization","@id":"https:\/\/www.organisator.ch\/#organization","name":"Organizzatore","url":"https:\/\/www.organisator.ch\/","logo":{"@type":"ImageObject","inLanguage":"it-IT","@id":"https:\/\/www.organisator.ch\/#\/schema\/logo\/image\/","url":"https:\/\/www.organisator.ch\/wp-content\/uploads\/2022\/01\/Logo_Organisator_Website.png","contentUrl":"https:\/\/www.organisator.ch\/wp-content\/uploads\/2022\/01\/Logo_Organisator_Website.png","width":800,"height":77,"caption":"Organisator"},"image":{"@id":"https:\/\/www.organisator.ch\/#\/schema\/logo\/image\/"},"sameAs":["https:\/\/www.facebook.com\/OrganisatorFachmagazin","https:\/\/www.linkedin.com\/showcase\/organisator-das-magazin-fr-kmu","https:\/\/www.xing.com\/news\/pages\/organisator-ch-695","https:\/\/www.youtube.com\/channel\/UCGP2Sq0iWaZwT3BdIAQFYpw"]},{"@type":"Person","@id":"https:\/\/www.organisator.ch\/#\/schema\/person\/afccda3a71c06d4be2ed9100dd163db7","name":"Dzana Muminovic","image":{"@type":"ImageObject","inLanguage":"it-IT","@id":"https:\/\/secure.gravatar.com\/avatar\/909c5c71aff4b38e88686f2ab2f1ba152571f394f41ed8bae431ea56ced93050?s=96&d=mm&r=g","url":"https:\/\/secure.gravatar.com\/avatar\/909c5c71aff4b38e88686f2ab2f1ba152571f394f41ed8bae431ea56ced93050?s=96&d=mm&r=g","contentUrl":"https:\/\/secure.gravatar.com\/avatar\/909c5c71aff4b38e88686f2ab2f1ba152571f394f41ed8bae431ea56ced93050?s=96&d=mm&r=g","caption":"Dzana Muminovic"},"url":"https:\/\/www.organisator.ch\/it\/author\/dzana-muminovic\/"}]}},"_links":{"self":[{"href":"https:\/\/www.organisator.ch\/it\/wp-json\/wp\/v2\/posts\/30737","targetHints":{"allow":["GET"]}}],"collection":[{"href":"https:\/\/www.organisator.ch\/it\/wp-json\/wp\/v2\/posts"}],"about":[{"href":"https:\/\/www.organisator.ch\/it\/wp-json\/wp\/v2\/types\/post"}],"author":[{"embeddable":true,"href":"https:\/\/www.organisator.ch\/it\/wp-json\/wp\/v2\/users\/80"}],"replies":[{"embeddable":true,"href":"https:\/\/www.organisator.ch\/it\/wp-json\/wp\/v2\/comments?post=30737"}],"version-history":[{"count":3,"href":"https:\/\/www.organisator.ch\/it\/wp-json\/wp\/v2\/posts\/30737\/revisions"}],"predecessor-version":[{"id":30956,"href":"https:\/\/www.organisator.ch\/it\/wp-json\/wp\/v2\/posts\/30737\/revisions\/30956"}],"wp:attachment":[{"href":"https:\/\/www.organisator.ch\/it\/wp-json\/wp\/v2\/media?parent=30737"}],"wp:term":[{"taxonomy":"category","embeddable":true,"href":"https:\/\/www.organisator.ch\/it\/wp-json\/wp\/v2\/categories?post=30737"},{"taxonomy":"post_tag","embeddable":true,"href":"https:\/\/www.organisator.ch\/it\/wp-json\/wp\/v2\/tags?post=30737"}],"curies":[{"name":"wp","href":"https:\/\/api.w.org\/{rel}","templated":true}]}}