{"id":30741,"date":"2024-10-17T06:55:00","date_gmt":"2024-10-17T04:55:00","guid":{"rendered":"https:\/\/www.organisator.ch\/?p=30741"},"modified":"2024-10-16T09:55:12","modified_gmt":"2024-10-16T07:55:12","slug":"geschaeftsklima-und-investitionsoptimismus-in-der-schweiz-ueber-dem-globalen-durchschnitt","status":"publish","type":"post","link":"https:\/\/www.organisator.ch\/it\/management\/2024-10-17\/geschaeftsklima-und-investitionsoptimismus-in-der-schweiz-ueber-dem-globalen-durchschnitt\/","title":{"rendered":"Clima imprenditoriale e ottimismo sugli investimenti in Svizzera al di sopra della media mondiale"},"content":{"rendered":"<figure id=\"attachment_30743\" aria-describedby=\"caption-attachment-30743\" style=\"width: 680px\" class=\"wp-caption alignnone\"><img loading=\"lazy\" decoding=\"async\" class=\"size-full wp-image-30743\" src=\"https:\/\/www.organisator.ch\/wp-content\/uploads\/2024\/10\/DB-Geschaeftsoptimismus_Bild1_ps.jpg\" alt=\"\" width=\"680\" height=\"510\" srcset=\"https:\/\/www.organisator.ch\/wp-content\/uploads\/2024\/10\/DB-Geschaeftsoptimismus_Bild1_ps.jpg 680w, https:\/\/www.organisator.ch\/wp-content\/uploads\/2024\/10\/DB-Geschaeftsoptimismus_Bild1_ps-16x12.jpg 16w, https:\/\/www.organisator.ch\/wp-content\/uploads\/2024\/10\/DB-Geschaeftsoptimismus_Bild1_ps-375x281.jpg 375w, https:\/\/www.organisator.ch\/wp-content\/uploads\/2024\/10\/DB-Geschaeftsoptimismus_Bild1_ps-467x350.jpg 467w\" sizes=\"auto, (max-width: 680px) 100vw, 680px\" \/><figcaption id=\"caption-attachment-30743\" class=\"wp-caption-text\">Il GBOI di Dun &amp; Bradstreet mostra che l'ottimismo delle imprese globali aumenter\u00e0 nel quarto trimestre del 2024 rispetto al trimestre precedente. (Immagine: www.depositphotos.com)<\/figcaption><\/figure>\n<p>Si sta prendendo sempre pi\u00f9 in considerazione la possibilit\u00e0 di diversificare le catene di approvvigionamento per gestire i rischi normativi. La crescita dell'ESG \u00e8 leggermente pi\u00f9 lenta rispetto al trimestre precedente. Il GBOI analizza il sentiment aziendale, le aspettative della catena di fornitura, le condizioni finanziarie e di investimento e le iniziative ESG di 10.000 aziende di 17 settori in 32 Paesi.<\/p>\n<h3><strong>La stabilizzazione delle catene di approvvigionamento rafforza le prospettive commerciali globali<\/strong><\/h3>\n<p>Il Global Business Optimism Index continua la sua tendenza al rialzo, aumentando del 7% nel quarto trimestre del 2024 rispetto al trimestre precedente. Oltre il 75% delle aziende, soprattutto quelle pi\u00f9 piccole, si dichiara ottimista sulla situazione degli ordini e sulle commesse nazionali e di esportazione. I settori dell'ospitalit\u00e0 e dell'alimentazione sono particolarmente fiduciosi a questo proposito.<\/p>\n<p>Questo sviluppo positivo si riflette anche nella stabilizzazione delle catene di approvvigionamento globali: il Global Supply Chain Continuity Index \u00e8 aumentato del 7%. Ci\u00f2 indica un miglioramento delle aspettative di un contesto di politica monetaria favorevole a livello mondiale. Allo stesso tempo, l'indagine mostra che le preoccupazioni normative specifiche del settore sono in aumento, con il 32% delle aziende che le cita come una delle loro principali preoccupazioni. Il nazionalismo, comprese le restrizioni all'esportazione di tecnologie e materie prime chiave, \u00e8 alla base di queste preoccupazioni.<\/p>\n<h3><strong>Economia svizzera forte: il clima imprenditoriale e la propensione agli investimenti superano i benchmark globali<\/strong><\/h3>\n<ul>\n<li><strong>Indice di ottimismo globale delle imprese: <\/strong>L'ottimismo delle imprese svizzere \u00e8 cresciuto del 13% e ha raggiunto i 140 punti, collocandosi ben al di sopra della media globale di 131 punti. A beneficiare di questa crescita sono soprattutto le grandi e medie imprese.<\/li>\n<li><strong>Indice di fiducia finanziaria delle imprese globali:<\/strong> La fiducia finanziaria nell'economia svizzera aumenta significativamente del 16%, raggiungendo i 140 punti nel quarto trimestre del 2024, in seguito all'ulteriore riduzione dei tassi di interesse da parte della BCE.<\/li>\n<li><strong>Indice di fiducia degli investimenti delle imprese a livello globale: <\/strong>In Svizzera, la propensione delle imprese a investire \u00e8 cresciuta di un ulteriore 9 percento, raggiungendo i 140 punti. Insieme al Regno Unito (+13%) e alla Spagna (+8%), la Svizzera \u00e8 una delle economie sviluppate con la pi\u00f9 forte fiducia negli investimenti nel quarto trimestre.<\/li>\n<li><strong>Indice di continuit\u00e0 della catena di fornitura globale: <\/strong>Il Global Supply Chain Continuity Index \u00e8 aumentato del 20%, raggiungendo i 123 punti, grazie alla riduzione dei costi di elettricit\u00e0 ed energia. Ciononostante, un'azienda su quattro in Svizzera, Stati Uniti e Spagna sta considerando la diversificazione delle catene di fornitura e dei mercati come la strategia preferita per affrontare i rischi normativi.<\/li>\n<li><strong>Indice ESG globale delle imprese: <\/strong>L'indice Global Business ESG \u00e8 aumentato del 4%, con un incremento del 18% rispetto al terzo trimestre.\u00a0<\/li>\n<\/ul>\n<p>\"Sebbene l'ottimismo delle imprese sia aumentato a livello globale e l'inflazione sia diminuita, la situazione geopolitica contribuisce all'incertezza economica\", afferma Arun Singh, Global Chief Economist di Dun &amp; Bradstreet. \"I rischi normativi specifici del settore e i requisiti pi\u00f9 severi in materia di dati sono stati citati come le maggiori preoccupazioni da un terzo degli intervistati. Per mitigare questi rischi, le aziende stanno valutando la possibilit\u00e0 di diversificare le catene di fornitura e i mercati per gestire il rischio normativo\".<\/p>\n<p><em>Fonte: <a href=\"http:\/\/www.dnb.co.uk\">www.dnb.co.uk<\/a><\/em><\/p>","protected":false},"excerpt":{"rendered":"<p>L'ultimo Global Business Optimism Insights Report (GBOI) di Dun &amp; Bradstreet mostra che l'ottimismo globale delle imprese \u00e8 aumentato nel quarto trimestre del 2024 rispetto al trimestre precedente. L'ottimismo delle imprese svizzere e la loro disponibilit\u00e0 a investire sono aumentati significativamente nel quarto trimestre del 2024 e sono superiori alla media globale. Sono soprattutto le grandi e medie imprese a beneficiare di questo sviluppo positivo. <\/p>","protected":false},"author":58,"featured_media":30743,"comment_status":"closed","ping_status":"closed","sticky":false,"template":"","format":"standard","meta":{"_acf_changed":false,"_yoast_wpseo_focuskw":"Gesch\u00e4ftsklima","_yoast_wpseo_metadesc":"Der aktuelle GBOI von Dun & Bradstreet zeigt, dass der weltweite Gesch\u00e4ftsoptimismus im vierten Quartal 2024 im Vergleich zum Vorquartal steigt.","articlekey":"","footnotes":""},"categories":[28],"tags":[4627,1441,334,424,492,2576],"class_list":["post-30741","post","type-post","status-publish","format-standard","has-post-thumbnail","hentry","category-management","tag-geschaeftsklima","tag-investition","tag-management","tag-schweiz","tag-unternehmen","tag-wirtschaft"],"acf":[],"yoast_head":"<!-- This site is optimized with the Yoast SEO plugin v27.5 - https:\/\/yoast.com\/product\/yoast-seo-wordpress\/ -->\n<title>Gesch\u00e4ftsklima und Investitionsoptimismus in der Schweiz \u00fcber dem globalen Durchschnitt - Organisator<\/title>\n<meta name=\"description\" content=\"Der aktuelle GBOI von Dun &amp; Bradstreet zeigt, dass der weltweite Gesch\u00e4ftsoptimismus im vierten Quartal 2024 im Vergleich zum Vorquartal steigt.\" \/>\n<meta name=\"robots\" content=\"index, follow, max-snippet:-1, max-image-preview:large, max-video-preview:-1\" \/>\n<link rel=\"canonical\" href=\"https:\/\/www.organisator.ch\/it\/gestione-2\/2024-10-17\/geschaeftsklima-und-investitionsoptimismus-in-der-schweiz-ueber-dem-globalen-durchschnitt\/\" \/>\n<meta property=\"og:locale\" content=\"it_IT\" \/>\n<meta property=\"og:type\" content=\"article\" \/>\n<meta property=\"og:title\" content=\"Gesch\u00e4ftsklima und Investitionsoptimismus in der Schweiz \u00fcber dem globalen Durchschnitt\" \/>\n<meta property=\"og:description\" content=\"Der aktuelle GBOI von Dun &amp; Bradstreet zeigt, dass der weltweite Gesch\u00e4ftsoptimismus im vierten Quartal 2024 im Vergleich zum Vorquartal steigt.\" \/>\n<meta property=\"og:url\" content=\"https:\/\/www.organisator.ch\/it\/gestione-2\/2024-10-17\/geschaeftsklima-und-investitionsoptimismus-in-der-schweiz-ueber-dem-globalen-durchschnitt\/\" \/>\n<meta property=\"og:site_name\" content=\"Organisator\" \/>\n<meta property=\"article:publisher\" content=\"https:\/\/www.facebook.com\/OrganisatorFachmagazin\" \/>\n<meta property=\"article:published_time\" content=\"2024-10-17T04:55:00+00:00\" \/>\n<meta property=\"og:image\" content=\"https:\/\/www.organisator.ch\/wp-content\/uploads\/2024\/10\/DB-Geschaeftsoptimismus_Bild1_ps.jpg\" \/>\n\t<meta property=\"og:image:width\" content=\"680\" \/>\n\t<meta property=\"og:image:height\" content=\"510\" \/>\n\t<meta property=\"og:image:type\" content=\"image\/jpeg\" \/>\n<meta name=\"author\" content=\"Adelisa Kalajdzini\" \/>\n<meta name=\"twitter:card\" content=\"summary_large_image\" \/>\n<meta name=\"twitter:title\" content=\"Gesch\u00e4ftsklima und Investitionsoptimismus in der Schweiz \u00fcber dem globalen Durchschnitt\" \/>\n<meta name=\"twitter:description\" content=\"Der aktuelle #GBOI von #Dun &amp; #Bradstreet zeigt, dass der weltweite #Gesch\u00e4ftsoptimismus im vierten #Quartal 2024 im Vergleich zum Vorquartal #steigt.\" \/>\n<meta name=\"twitter:image\" content=\"https:\/\/www.organisator.ch\/wp-content\/uploads\/2024\/10\/DB-Geschaeftsoptimismus_Bild1_ps.jpg\" \/>\n<script type=\"application\/ld+json\" class=\"yoast-schema-graph\">{\"@context\":\"https:\\\/\\\/schema.org\",\"@graph\":[{\"@type\":\"Article\",\"@id\":\"https:\\\/\\\/www.organisator.ch\\\/management\\\/2024-10-17\\\/geschaeftsklima-und-investitionsoptimismus-in-der-schweiz-ueber-dem-globalen-durchschnitt\\\/#article\",\"isPartOf\":{\"@id\":\"https:\\\/\\\/www.organisator.ch\\\/management\\\/2024-10-17\\\/geschaeftsklima-und-investitionsoptimismus-in-der-schweiz-ueber-dem-globalen-durchschnitt\\\/\"},\"author\":{\"name\":\"Adelisa Kalajdzini\",\"@id\":\"https:\\\/\\\/www.organisator.ch\\\/#\\\/schema\\\/person\\\/2e1314a2172123f874db408d8911d3f3\"},\"headline\":\"Gesch\u00e4ftsklima und Investitionsoptimismus in der Schweiz \u00fcber dem globalen Durchschnitt\",\"datePublished\":\"2024-10-17T04:55:00+00:00\",\"mainEntityOfPage\":{\"@id\":\"https:\\\/\\\/www.organisator.ch\\\/management\\\/2024-10-17\\\/geschaeftsklima-und-investitionsoptimismus-in-der-schweiz-ueber-dem-globalen-durchschnitt\\\/\"},\"wordCount\":488,\"publisher\":{\"@id\":\"https:\\\/\\\/www.organisator.ch\\\/#organization\"},\"image\":{\"@id\":\"https:\\\/\\\/www.organisator.ch\\\/management\\\/2024-10-17\\\/geschaeftsklima-und-investitionsoptimismus-in-der-schweiz-ueber-dem-globalen-durchschnitt\\\/#primaryimage\"},\"thumbnailUrl\":\"https:\\\/\\\/www.organisator.ch\\\/wp-content\\\/uploads\\\/2024\\\/10\\\/DB-Geschaeftsoptimismus_Bild1_ps.jpg\",\"keywords\":[\"Gesch\u00e4ftsklima\",\"Investition\",\"Management\",\"Schweiz\",\"Unternehmen\",\"Wirtschaft\"],\"articleSection\":[\"MANAGEMENT\"],\"inLanguage\":\"it-IT\"},{\"@type\":\"WebPage\",\"@id\":\"https:\\\/\\\/www.organisator.ch\\\/management\\\/2024-10-17\\\/geschaeftsklima-und-investitionsoptimismus-in-der-schweiz-ueber-dem-globalen-durchschnitt\\\/\",\"url\":\"https:\\\/\\\/www.organisator.ch\\\/management\\\/2024-10-17\\\/geschaeftsklima-und-investitionsoptimismus-in-der-schweiz-ueber-dem-globalen-durchschnitt\\\/\",\"name\":\"Gesch\u00e4ftsklima und Investitionsoptimismus in der Schweiz \u00fcber dem globalen Durchschnitt - Organisator\",\"isPartOf\":{\"@id\":\"https:\\\/\\\/www.organisator.ch\\\/#website\"},\"primaryImageOfPage\":{\"@id\":\"https:\\\/\\\/www.organisator.ch\\\/management\\\/2024-10-17\\\/geschaeftsklima-und-investitionsoptimismus-in-der-schweiz-ueber-dem-globalen-durchschnitt\\\/#primaryimage\"},\"image\":{\"@id\":\"https:\\\/\\\/www.organisator.ch\\\/management\\\/2024-10-17\\\/geschaeftsklima-und-investitionsoptimismus-in-der-schweiz-ueber-dem-globalen-durchschnitt\\\/#primaryimage\"},\"thumbnailUrl\":\"https:\\\/\\\/www.organisator.ch\\\/wp-content\\\/uploads\\\/2024\\\/10\\\/DB-Geschaeftsoptimismus_Bild1_ps.jpg\",\"datePublished\":\"2024-10-17T04:55:00+00:00\",\"description\":\"Der aktuelle GBOI von Dun & Bradstreet zeigt, dass der weltweite Gesch\u00e4ftsoptimismus im vierten Quartal 2024 im Vergleich zum Vorquartal steigt.\",\"breadcrumb\":{\"@id\":\"https:\\\/\\\/www.organisator.ch\\\/management\\\/2024-10-17\\\/geschaeftsklima-und-investitionsoptimismus-in-der-schweiz-ueber-dem-globalen-durchschnitt\\\/#breadcrumb\"},\"inLanguage\":\"it-IT\",\"potentialAction\":[{\"@type\":\"ReadAction\",\"target\":[\"https:\\\/\\\/www.organisator.ch\\\/management\\\/2024-10-17\\\/geschaeftsklima-und-investitionsoptimismus-in-der-schweiz-ueber-dem-globalen-durchschnitt\\\/\"]}]},{\"@type\":\"ImageObject\",\"inLanguage\":\"it-IT\",\"@id\":\"https:\\\/\\\/www.organisator.ch\\\/management\\\/2024-10-17\\\/geschaeftsklima-und-investitionsoptimismus-in-der-schweiz-ueber-dem-globalen-durchschnitt\\\/#primaryimage\",\"url\":\"https:\\\/\\\/www.organisator.ch\\\/wp-content\\\/uploads\\\/2024\\\/10\\\/DB-Geschaeftsoptimismus_Bild1_ps.jpg\",\"contentUrl\":\"https:\\\/\\\/www.organisator.ch\\\/wp-content\\\/uploads\\\/2024\\\/10\\\/DB-Geschaeftsoptimismus_Bild1_ps.jpg\",\"width\":680,\"height\":510,\"caption\":\"Der GBOI von Dun & Bradstreet zeigt, dass der weltweite Gesch\u00e4ftsoptimismus im vierten Quartal 2024 im Vergleich zum Vorquartal steigt. (Bild: www.depositphotos.com)\"},{\"@type\":\"BreadcrumbList\",\"@id\":\"https:\\\/\\\/www.organisator.ch\\\/management\\\/2024-10-17\\\/geschaeftsklima-und-investitionsoptimismus-in-der-schweiz-ueber-dem-globalen-durchschnitt\\\/#breadcrumb\",\"itemListElement\":[{\"@type\":\"ListItem\",\"position\":1,\"name\":\"Home\",\"item\":\"https:\\\/\\\/www.organisator.ch\\\/\"},{\"@type\":\"ListItem\",\"position\":2,\"name\":\"Gesch\u00e4ftsklima und Investitionsoptimismus in der Schweiz \u00fcber dem globalen Durchschnitt\"}]},{\"@type\":\"WebSite\",\"@id\":\"https:\\\/\\\/www.organisator.ch\\\/#website\",\"url\":\"https:\\\/\\\/www.organisator.ch\\\/\",\"name\":\"Organisator\",\"description\":\"Kompetent. Praxisnah. Der ORGANISATOR bereitet in 10 Ausgaben pro Jahr die wesentlichen Themen f\u00fcr F\u00fchrungskr\u00e4fte von KMU auf.\",\"publisher\":{\"@id\":\"https:\\\/\\\/www.organisator.ch\\\/#organization\"},\"potentialAction\":[{\"@type\":\"SearchAction\",\"target\":{\"@type\":\"EntryPoint\",\"urlTemplate\":\"https:\\\/\\\/www.organisator.ch\\\/?s={search_term_string}\"},\"query-input\":{\"@type\":\"PropertyValueSpecification\",\"valueRequired\":true,\"valueName\":\"search_term_string\"}}],\"inLanguage\":\"it-IT\"},{\"@type\":\"Organization\",\"@id\":\"https:\\\/\\\/www.organisator.ch\\\/#organization\",\"name\":\"Organisator\",\"url\":\"https:\\\/\\\/www.organisator.ch\\\/\",\"logo\":{\"@type\":\"ImageObject\",\"inLanguage\":\"it-IT\",\"@id\":\"https:\\\/\\\/www.organisator.ch\\\/#\\\/schema\\\/logo\\\/image\\\/\",\"url\":\"https:\\\/\\\/www.organisator.ch\\\/wp-content\\\/uploads\\\/2022\\\/01\\\/Logo_Organisator_Website.png\",\"contentUrl\":\"https:\\\/\\\/www.organisator.ch\\\/wp-content\\\/uploads\\\/2022\\\/01\\\/Logo_Organisator_Website.png\",\"width\":800,\"height\":77,\"caption\":\"Organisator\"},\"image\":{\"@id\":\"https:\\\/\\\/www.organisator.ch\\\/#\\\/schema\\\/logo\\\/image\\\/\"},\"sameAs\":[\"https:\\\/\\\/www.facebook.com\\\/OrganisatorFachmagazin\",\"https:\\\/\\\/www.linkedin.com\\\/showcase\\\/organisator-das-magazin-fr-kmu\",\"https:\\\/\\\/www.xing.com\\\/news\\\/pages\\\/organisator-ch-695\",\"https:\\\/\\\/www.youtube.com\\\/channel\\\/UCGP2Sq0iWaZwT3BdIAQFYpw\"]},{\"@type\":\"Person\",\"@id\":\"https:\\\/\\\/www.organisator.ch\\\/#\\\/schema\\\/person\\\/2e1314a2172123f874db408d8911d3f3\",\"name\":\"Adelisa Kalajdzini\",\"image\":{\"@type\":\"ImageObject\",\"inLanguage\":\"it-IT\",\"@id\":\"https:\\\/\\\/secure.gravatar.com\\\/avatar\\\/09a397c22ac58cad6f160ee8306348599df9df58a8ede73696226897b9fa4b24?s=96&d=mm&r=g\",\"url\":\"https:\\\/\\\/secure.gravatar.com\\\/avatar\\\/09a397c22ac58cad6f160ee8306348599df9df58a8ede73696226897b9fa4b24?s=96&d=mm&r=g\",\"contentUrl\":\"https:\\\/\\\/secure.gravatar.com\\\/avatar\\\/09a397c22ac58cad6f160ee8306348599df9df58a8ede73696226897b9fa4b24?s=96&d=mm&r=g\",\"caption\":\"Adelisa Kalajdzini\"},\"url\":\"https:\\\/\\\/www.organisator.ch\\\/it\\\/author\\\/adelisa-kalajdzini\\\/\"}]}<\/script>\n<!-- \/ Yoast SEO plugin. -->","yoast_head_json":{"title":"Clima imprenditoriale e ottimismo sugli investimenti in Svizzera al di sopra della media globale - Organizzatore","description":"L'ultimo GBOI di Dun &amp; Bradstreet mostra che l'ottimismo delle imprese globali aumenter\u00e0 nel quarto trimestre del 2024 rispetto al trimestre precedente.","robots":{"index":"index","follow":"follow","max-snippet":"max-snippet:-1","max-image-preview":"max-image-preview:large","max-video-preview":"max-video-preview:-1"},"canonical":"https:\/\/www.organisator.ch\/it\/gestione-2\/2024-10-17\/geschaeftsklima-und-investitionsoptimismus-in-der-schweiz-ueber-dem-globalen-durchschnitt\/","og_locale":"it_IT","og_type":"article","og_title":"Gesch\u00e4ftsklima und Investitionsoptimismus in der Schweiz \u00fcber dem globalen Durchschnitt","og_description":"Der aktuelle GBOI von Dun & Bradstreet zeigt, dass der weltweite Gesch\u00e4ftsoptimismus im vierten Quartal 2024 im Vergleich zum Vorquartal steigt.","og_url":"https:\/\/www.organisator.ch\/it\/gestione-2\/2024-10-17\/geschaeftsklima-und-investitionsoptimismus-in-der-schweiz-ueber-dem-globalen-durchschnitt\/","og_site_name":"Organisator","article_publisher":"https:\/\/www.facebook.com\/OrganisatorFachmagazin","article_published_time":"2024-10-17T04:55:00+00:00","og_image":[{"width":680,"height":510,"url":"https:\/\/www.organisator.ch\/wp-content\/uploads\/2024\/10\/DB-Geschaeftsoptimismus_Bild1_ps.jpg","type":"image\/jpeg"}],"author":"Adelisa Kalajdzini","twitter_card":"summary_large_image","twitter_title":"Gesch\u00e4ftsklima und Investitionsoptimismus in der Schweiz \u00fcber dem globalen Durchschnitt","twitter_description":"Der aktuelle #GBOI von #Dun & #Bradstreet zeigt, dass der weltweite #Gesch\u00e4ftsoptimismus im vierten #Quartal 2024 im Vergleich zum Vorquartal #steigt.","twitter_image":"https:\/\/www.organisator.ch\/wp-content\/uploads\/2024\/10\/DB-Geschaeftsoptimismus_Bild1_ps.jpg","schema":{"@context":"https:\/\/schema.org","@graph":[{"@type":"Article","@id":"https:\/\/www.organisator.ch\/management\/2024-10-17\/geschaeftsklima-und-investitionsoptimismus-in-der-schweiz-ueber-dem-globalen-durchschnitt\/#article","isPartOf":{"@id":"https:\/\/www.organisator.ch\/management\/2024-10-17\/geschaeftsklima-und-investitionsoptimismus-in-der-schweiz-ueber-dem-globalen-durchschnitt\/"},"author":{"name":"Adelisa Kalajdzini","@id":"https:\/\/www.organisator.ch\/#\/schema\/person\/2e1314a2172123f874db408d8911d3f3"},"headline":"Gesch\u00e4ftsklima und Investitionsoptimismus in der Schweiz \u00fcber dem globalen Durchschnitt","datePublished":"2024-10-17T04:55:00+00:00","mainEntityOfPage":{"@id":"https:\/\/www.organisator.ch\/management\/2024-10-17\/geschaeftsklima-und-investitionsoptimismus-in-der-schweiz-ueber-dem-globalen-durchschnitt\/"},"wordCount":488,"publisher":{"@id":"https:\/\/www.organisator.ch\/#organization"},"image":{"@id":"https:\/\/www.organisator.ch\/management\/2024-10-17\/geschaeftsklima-und-investitionsoptimismus-in-der-schweiz-ueber-dem-globalen-durchschnitt\/#primaryimage"},"thumbnailUrl":"https:\/\/www.organisator.ch\/wp-content\/uploads\/2024\/10\/DB-Geschaeftsoptimismus_Bild1_ps.jpg","keywords":["Gesch\u00e4ftsklima","Investition","Management","Schweiz","Unternehmen","Wirtschaft"],"articleSection":["MANAGEMENT"],"inLanguage":"it-IT"},{"@type":"WebPage","@id":"https:\/\/www.organisator.ch\/management\/2024-10-17\/geschaeftsklima-und-investitionsoptimismus-in-der-schweiz-ueber-dem-globalen-durchschnitt\/","url":"https:\/\/www.organisator.ch\/management\/2024-10-17\/geschaeftsklima-und-investitionsoptimismus-in-der-schweiz-ueber-dem-globalen-durchschnitt\/","name":"Clima imprenditoriale e ottimismo sugli investimenti in Svizzera al di sopra della media globale - Organizzatore","isPartOf":{"@id":"https:\/\/www.organisator.ch\/#website"},"primaryImageOfPage":{"@id":"https:\/\/www.organisator.ch\/management\/2024-10-17\/geschaeftsklima-und-investitionsoptimismus-in-der-schweiz-ueber-dem-globalen-durchschnitt\/#primaryimage"},"image":{"@id":"https:\/\/www.organisator.ch\/management\/2024-10-17\/geschaeftsklima-und-investitionsoptimismus-in-der-schweiz-ueber-dem-globalen-durchschnitt\/#primaryimage"},"thumbnailUrl":"https:\/\/www.organisator.ch\/wp-content\/uploads\/2024\/10\/DB-Geschaeftsoptimismus_Bild1_ps.jpg","datePublished":"2024-10-17T04:55:00+00:00","description":"L'ultimo GBOI di Dun &amp; Bradstreet mostra che l'ottimismo delle imprese globali aumenter\u00e0 nel quarto trimestre del 2024 rispetto al trimestre precedente.","breadcrumb":{"@id":"https:\/\/www.organisator.ch\/management\/2024-10-17\/geschaeftsklima-und-investitionsoptimismus-in-der-schweiz-ueber-dem-globalen-durchschnitt\/#breadcrumb"},"inLanguage":"it-IT","potentialAction":[{"@type":"ReadAction","target":["https:\/\/www.organisator.ch\/management\/2024-10-17\/geschaeftsklima-und-investitionsoptimismus-in-der-schweiz-ueber-dem-globalen-durchschnitt\/"]}]},{"@type":"ImageObject","inLanguage":"it-IT","@id":"https:\/\/www.organisator.ch\/management\/2024-10-17\/geschaeftsklima-und-investitionsoptimismus-in-der-schweiz-ueber-dem-globalen-durchschnitt\/#primaryimage","url":"https:\/\/www.organisator.ch\/wp-content\/uploads\/2024\/10\/DB-Geschaeftsoptimismus_Bild1_ps.jpg","contentUrl":"https:\/\/www.organisator.ch\/wp-content\/uploads\/2024\/10\/DB-Geschaeftsoptimismus_Bild1_ps.jpg","width":680,"height":510,"caption":"Der GBOI von Dun & Bradstreet zeigt, dass der weltweite Gesch\u00e4ftsoptimismus im vierten Quartal 2024 im Vergleich zum Vorquartal steigt. (Bild: www.depositphotos.com)"},{"@type":"BreadcrumbList","@id":"https:\/\/www.organisator.ch\/management\/2024-10-17\/geschaeftsklima-und-investitionsoptimismus-in-der-schweiz-ueber-dem-globalen-durchschnitt\/#breadcrumb","itemListElement":[{"@type":"ListItem","position":1,"name":"Home","item":"https:\/\/www.organisator.ch\/"},{"@type":"ListItem","position":2,"name":"Gesch\u00e4ftsklima und Investitionsoptimismus in der Schweiz \u00fcber dem globalen Durchschnitt"}]},{"@type":"WebSite","@id":"https:\/\/www.organisator.ch\/#website","url":"https:\/\/www.organisator.ch\/","name":"Organizzatore","description":"Competente. Pratico. In 10 numeri all'anno, ORGANISATOR presenta i temi essenziali per i manager delle PMI.","publisher":{"@id":"https:\/\/www.organisator.ch\/#organization"},"potentialAction":[{"@type":"SearchAction","target":{"@type":"EntryPoint","urlTemplate":"https:\/\/www.organisator.ch\/?s={search_term_string}"},"query-input":{"@type":"PropertyValueSpecification","valueRequired":true,"valueName":"search_term_string"}}],"inLanguage":"it-IT"},{"@type":"Organization","@id":"https:\/\/www.organisator.ch\/#organization","name":"Organizzatore","url":"https:\/\/www.organisator.ch\/","logo":{"@type":"ImageObject","inLanguage":"it-IT","@id":"https:\/\/www.organisator.ch\/#\/schema\/logo\/image\/","url":"https:\/\/www.organisator.ch\/wp-content\/uploads\/2022\/01\/Logo_Organisator_Website.png","contentUrl":"https:\/\/www.organisator.ch\/wp-content\/uploads\/2022\/01\/Logo_Organisator_Website.png","width":800,"height":77,"caption":"Organisator"},"image":{"@id":"https:\/\/www.organisator.ch\/#\/schema\/logo\/image\/"},"sameAs":["https:\/\/www.facebook.com\/OrganisatorFachmagazin","https:\/\/www.linkedin.com\/showcase\/organisator-das-magazin-fr-kmu","https:\/\/www.xing.com\/news\/pages\/organisator-ch-695","https:\/\/www.youtube.com\/channel\/UCGP2Sq0iWaZwT3BdIAQFYpw"]},{"@type":"Person","@id":"https:\/\/www.organisator.ch\/#\/schema\/person\/2e1314a2172123f874db408d8911d3f3","name":"Adelisa Kalajdzini","image":{"@type":"ImageObject","inLanguage":"it-IT","@id":"https:\/\/secure.gravatar.com\/avatar\/09a397c22ac58cad6f160ee8306348599df9df58a8ede73696226897b9fa4b24?s=96&d=mm&r=g","url":"https:\/\/secure.gravatar.com\/avatar\/09a397c22ac58cad6f160ee8306348599df9df58a8ede73696226897b9fa4b24?s=96&d=mm&r=g","contentUrl":"https:\/\/secure.gravatar.com\/avatar\/09a397c22ac58cad6f160ee8306348599df9df58a8ede73696226897b9fa4b24?s=96&d=mm&r=g","caption":"Adelisa Kalajdzini"},"url":"https:\/\/www.organisator.ch\/it\/author\/adelisa-kalajdzini\/"}]}},"_links":{"self":[{"href":"https:\/\/www.organisator.ch\/it\/wp-json\/wp\/v2\/posts\/30741","targetHints":{"allow":["GET"]}}],"collection":[{"href":"https:\/\/www.organisator.ch\/it\/wp-json\/wp\/v2\/posts"}],"about":[{"href":"https:\/\/www.organisator.ch\/it\/wp-json\/wp\/v2\/types\/post"}],"author":[{"embeddable":true,"href":"https:\/\/www.organisator.ch\/it\/wp-json\/wp\/v2\/users\/58"}],"replies":[{"embeddable":true,"href":"https:\/\/www.organisator.ch\/it\/wp-json\/wp\/v2\/comments?post=30741"}],"version-history":[{"count":4,"href":"https:\/\/www.organisator.ch\/it\/wp-json\/wp\/v2\/posts\/30741\/revisions"}],"predecessor-version":[{"id":30988,"href":"https:\/\/www.organisator.ch\/it\/wp-json\/wp\/v2\/posts\/30741\/revisions\/30988"}],"wp:featuredmedia":[{"embeddable":true,"href":"https:\/\/www.organisator.ch\/it\/wp-json\/wp\/v2\/media\/30743"}],"wp:attachment":[{"href":"https:\/\/www.organisator.ch\/it\/wp-json\/wp\/v2\/media?parent=30741"}],"wp:term":[{"taxonomy":"category","embeddable":true,"href":"https:\/\/www.organisator.ch\/it\/wp-json\/wp\/v2\/categories?post=30741"},{"taxonomy":"post_tag","embeddable":true,"href":"https:\/\/www.organisator.ch\/it\/wp-json\/wp\/v2\/tags?post=30741"}],"curies":[{"name":"wp","href":"https:\/\/api.w.org\/{rel}","templated":true}]}}