{"id":30757,"date":"2024-10-21T07:41:07","date_gmt":"2024-10-21T05:41:07","guid":{"rendered":"https:\/\/www.organisator.ch\/?p=30757"},"modified":"2024-10-16T14:41:35","modified_gmt":"2024-10-16T12:41:35","slug":"wachsende-walliser-firma-pharmalp-hat-kuenftig-zwei-ceos","status":"publish","type":"post","link":"https:\/\/www.organisator.ch\/it\/management\/2024-10-21\/wachsende-walliser-firma-pharmalp-hat-kuenftig-zwei-ceos\/","title":{"rendered":"L'azienda vallesana in crescita Pharmalp avr\u00e0 due CEO in futuro"},"content":{"rendered":"<figure id=\"attachment_30759\" aria-describedby=\"caption-attachment-30759\" style=\"width: 680px\" class=\"wp-caption alignnone\"><img loading=\"lazy\" decoding=\"async\" class=\"size-full wp-image-30759\" src=\"https:\/\/www.organisator.ch\/wp-content\/uploads\/2024\/10\/Pharmalp_Bild1_ps.jpg\" alt=\"\" width=\"680\" height=\"295\" srcset=\"https:\/\/www.organisator.ch\/wp-content\/uploads\/2024\/10\/Pharmalp_Bild1_ps.jpg 680w, https:\/\/www.organisator.ch\/wp-content\/uploads\/2024\/10\/Pharmalp_Bild1_ps-18x8.jpg 18w, https:\/\/www.organisator.ch\/wp-content\/uploads\/2024\/10\/Pharmalp_Bild1_ps-375x163.jpg 375w\" sizes=\"auto, (max-width: 680px) 100vw, 680px\" \/><figcaption id=\"caption-attachment-30759\" class=\"wp-caption-text\">Doroth\u00e9e Sineux, S\u00e9verin Ruoff e Philippe Meuwly. (Immagine: www.pharmalp.ch)<\/figcaption><\/figure>\n<p>Pharmalp, riconosciuta fin dall'inizio come una delle 100 migliori start-up della Svizzera, \u00e8 diventata in 12 anni una PMI vallesana in crescita dinamica. Il suo cofondatore e attuale CEO, il dottor Philippe Meuwly, continuer\u00e0 a ricoprire il ruolo di delegato del Consiglio di amministrazione.<\/p>\n<h3><strong>Integratori alimentari con forti radici svizzere<\/strong><\/h3>\n<p>Situata ai piedi delle Alpi svizzere, Pharmalp sfrutta l'ambiente circostante per innovare nella ricerca e nello sviluppo. Le due specializzazioni complementari - fitoterapia e probiotica - si basano sulla stessa filosofia: salute preventiva in aree in cui le soluzioni esistenti sono subottimali: Salute delle donne, prevenzione dei rischi cardiovascolari, gestione del sistema immunitario e dello stress, crescita sana dei bambini.<\/p>\n<p>Dalla sua fondazione nel 2012, Pharmalp commercializza oggi 13 integratori alimentari di origine naturale validati scientificamente. Sono venduti in farmacie, drogherie e tramite piattaforme di e-commerce in Svizzera e in diversi Paesi di esportazione.<\/p>\n<h3><strong>Sostenibilit\u00e0 e innovazione, vissute giorno per giorno da 12 anni<\/strong><\/h3>\n<p>Fin dalla sua fondazione nel 2012, Pharmalp ha posto la responsabilit\u00e0 sociale, il biologico e la territorialit\u00e0 al centro dei suoi valori. I partner svizzeri per la produzione e la raccolta di piante alpine biologiche e per la logistica, la Fondazione Polyval, garantiscono servizi locali di alta qualit\u00e0. Numerosi progetti di ricerca, riconosciuti e sostenuti da Innosuisse, l'agenzia svizzera per l'innovazione, e in Vallese dalla CCF e dalla Fondazione The Ark, sono realizzati in collaborazione con le universit\u00e0 e le scuole universitarie professionali svizzere per sviluppare ogni anno prodotti innovativi e differenzianti. Ad esempio, \u00e8 stato concesso un primo brevetto negli Stati Uniti e nell'Unione Europea che dimostra come uno specifico estratto vegetale di salice a fiore piccolo sia in grado di prevenire le infezioni vaginali, ed \u00e8 stato depositato un secondo brevetto che dimostra come estratti vegetali selezionati e principi attivi chimicamente identificati da essi estratti siano in grado di prevenire la recidiva delle infezioni del tratto urinario.<\/p>\n<h3><strong>Competenze complementari per lo sviluppo delle vendite all'estero<\/strong><\/h3>\n<p>I due co-CEO e il personale esistente sono specializzati nei settori della scienza, della regolamentazione, della qualit\u00e0, della distribuzione e della logistica e consentiranno a Pharmalp di guidare la propria crescita con priorit\u00e0 in Svizzera e in Asia.<\/p>\n<p><em>Fonte: <a href=\"http:\/\/www.pharmalp.ch\">www.pharmalp.ch<\/a><\/em><\/p>","protected":false},"excerpt":{"rendered":"<p>Doroth\u00e9e Sineux, cofondatrice e specialista nella commercializzazione di integratori alimentari, e S\u00e9verin Ruoff, con esperienza in grandi aziende internazionali e start-up, anche nello sviluppo e nella finanza, saranno nominati co-CEO di Pharmalp a partire dal 1\u00b0 gennaio 2025. <\/p>","protected":false},"author":58,"featured_media":30759,"comment_status":"closed","ping_status":"closed","sticky":false,"template":"","format":"standard","meta":{"_acf_changed":false,"_yoast_wpseo_focuskw":"Pharmalp","_yoast_wpseo_metadesc":"Doroth\u00e9e Sineux und S\u00e9verin Ruoff werden ab dem 1. Januar 2025 zu Co-CEOs von Pharmalp ernannt. Aktueller CEO, Dr. Philippe Meuwly, wird weiterhin als Delegierter des Verwaltungsrates t\u00e4tig sein.","articlekey":"","footnotes":""},"categories":[28],"tags":[904,301,335,424,450],"class_list":["post-30757","post","type-post","status-publish","format-standard","has-post-thumbnail","hentry","category-management","tag-ceo","tag-kmu","tag-management-und-unternehmensfuehrung","tag-schweiz","tag-start-ups"],"acf":[],"yoast_head":"<!-- This site is optimized with the Yoast SEO plugin v27.5 - https:\/\/yoast.com\/product\/yoast-seo-wordpress\/ -->\n<title>Wachsende Walliser Firma Pharmalp hat k\u00fcnftig zwei CEOs - Organisator<\/title>\n<meta name=\"description\" content=\"Doroth\u00e9e Sineux und S\u00e9verin Ruoff werden ab dem 1. Januar 2025 zu Co-CEOs von Pharmalp ernannt. Aktueller CEO, Dr. Philippe Meuwly, wird weiterhin als Delegierter des Verwaltungsrates t\u00e4tig sein.\" \/>\n<meta name=\"robots\" content=\"index, follow, max-snippet:-1, max-image-preview:large, max-video-preview:-1\" \/>\n<link rel=\"canonical\" href=\"https:\/\/www.organisator.ch\/it\/gestione-2\/2024-10-21\/wachsende-walliser-firma-pharmalp-hat-kuenftig-zwei-ceos\/\" \/>\n<meta property=\"og:locale\" content=\"it_IT\" \/>\n<meta property=\"og:type\" content=\"article\" \/>\n<meta property=\"og:title\" content=\"Wachsende Walliser Firma Pharmalp hat k\u00fcnftig zwei CEOs\" \/>\n<meta property=\"og:description\" content=\"Doroth\u00e9e Sineux und S\u00e9verin Ruoff werden ab dem 1. Januar 2025 zu Co-CEOs von Pharmalp ernannt. Aktueller CEO, Dr. Philippe Meuwly, wird weiterhin als Delegierter des Verwaltungsrates t\u00e4tig sein.\" \/>\n<meta property=\"og:url\" content=\"https:\/\/www.organisator.ch\/it\/gestione-2\/2024-10-21\/wachsende-walliser-firma-pharmalp-hat-kuenftig-zwei-ceos\/\" \/>\n<meta property=\"og:site_name\" content=\"Organisator\" \/>\n<meta property=\"article:publisher\" content=\"https:\/\/www.facebook.com\/OrganisatorFachmagazin\" \/>\n<meta property=\"article:published_time\" content=\"2024-10-21T05:41:07+00:00\" \/>\n<meta property=\"og:image\" content=\"https:\/\/www.organisator.ch\/wp-content\/uploads\/2024\/10\/Pharmalp_Bild1_ps.jpg\" \/>\n\t<meta property=\"og:image:width\" content=\"680\" \/>\n\t<meta property=\"og:image:height\" content=\"295\" \/>\n\t<meta property=\"og:image:type\" content=\"image\/jpeg\" \/>\n<meta name=\"author\" content=\"Adelisa Kalajdzini\" \/>\n<meta name=\"twitter:card\" content=\"summary_large_image\" \/>\n<meta name=\"twitter:title\" content=\"Wachsende Walliser Firma Pharmalp hat k\u00fcnftig zwei CEOs\" \/>\n<meta name=\"twitter:description\" content=\"#Doroth\u00e9e #Sineux und #S\u00e9verin #Ruoff werden ab dem 1. Januar 2025 zu #Co-CEOs von #Pharmalp ernannt. Aktueller CEO, Dr. #Philippe #Meuwly, wird weiterhin als Delegierter des Verwaltungsrates t\u00e4tig sein.\" \/>\n<meta name=\"twitter:image\" content=\"https:\/\/www.organisator.ch\/wp-content\/uploads\/2024\/10\/Pharmalp_Bild1_ps.jpg\" \/>\n<script type=\"application\/ld+json\" class=\"yoast-schema-graph\">{\"@context\":\"https:\\\/\\\/schema.org\",\"@graph\":[{\"@type\":\"Article\",\"@id\":\"https:\\\/\\\/www.organisator.ch\\\/management\\\/2024-10-21\\\/wachsende-walliser-firma-pharmalp-hat-kuenftig-zwei-ceos\\\/#article\",\"isPartOf\":{\"@id\":\"https:\\\/\\\/www.organisator.ch\\\/management\\\/2024-10-21\\\/wachsende-walliser-firma-pharmalp-hat-kuenftig-zwei-ceos\\\/\"},\"author\":{\"name\":\"Adelisa Kalajdzini\",\"@id\":\"https:\\\/\\\/www.organisator.ch\\\/#\\\/schema\\\/person\\\/2e1314a2172123f874db408d8911d3f3\"},\"headline\":\"Wachsende Walliser Firma Pharmalp hat k\u00fcnftig zwei CEOs\",\"datePublished\":\"2024-10-21T05:41:07+00:00\",\"mainEntityOfPage\":{\"@id\":\"https:\\\/\\\/www.organisator.ch\\\/management\\\/2024-10-21\\\/wachsende-walliser-firma-pharmalp-hat-kuenftig-zwei-ceos\\\/\"},\"wordCount\":368,\"publisher\":{\"@id\":\"https:\\\/\\\/www.organisator.ch\\\/#organization\"},\"image\":{\"@id\":\"https:\\\/\\\/www.organisator.ch\\\/management\\\/2024-10-21\\\/wachsende-walliser-firma-pharmalp-hat-kuenftig-zwei-ceos\\\/#primaryimage\"},\"thumbnailUrl\":\"https:\\\/\\\/www.organisator.ch\\\/wp-content\\\/uploads\\\/2024\\\/10\\\/Pharmalp_Bild1_ps.jpg\",\"keywords\":[\"CEO\",\"KMU\",\"Management und Unternehmensf\u00fchrung\",\"Schweiz\",\"Start-ups\"],\"articleSection\":[\"MANAGEMENT\"],\"inLanguage\":\"it-IT\"},{\"@type\":\"WebPage\",\"@id\":\"https:\\\/\\\/www.organisator.ch\\\/management\\\/2024-10-21\\\/wachsende-walliser-firma-pharmalp-hat-kuenftig-zwei-ceos\\\/\",\"url\":\"https:\\\/\\\/www.organisator.ch\\\/management\\\/2024-10-21\\\/wachsende-walliser-firma-pharmalp-hat-kuenftig-zwei-ceos\\\/\",\"name\":\"Wachsende Walliser Firma Pharmalp hat k\u00fcnftig zwei CEOs - Organisator\",\"isPartOf\":{\"@id\":\"https:\\\/\\\/www.organisator.ch\\\/#website\"},\"primaryImageOfPage\":{\"@id\":\"https:\\\/\\\/www.organisator.ch\\\/management\\\/2024-10-21\\\/wachsende-walliser-firma-pharmalp-hat-kuenftig-zwei-ceos\\\/#primaryimage\"},\"image\":{\"@id\":\"https:\\\/\\\/www.organisator.ch\\\/management\\\/2024-10-21\\\/wachsende-walliser-firma-pharmalp-hat-kuenftig-zwei-ceos\\\/#primaryimage\"},\"thumbnailUrl\":\"https:\\\/\\\/www.organisator.ch\\\/wp-content\\\/uploads\\\/2024\\\/10\\\/Pharmalp_Bild1_ps.jpg\",\"datePublished\":\"2024-10-21T05:41:07+00:00\",\"description\":\"Doroth\u00e9e Sineux und S\u00e9verin Ruoff werden ab dem 1. Januar 2025 zu Co-CEOs von Pharmalp ernannt. Aktueller CEO, Dr. Philippe Meuwly, wird weiterhin als Delegierter des Verwaltungsrates t\u00e4tig sein.\",\"breadcrumb\":{\"@id\":\"https:\\\/\\\/www.organisator.ch\\\/management\\\/2024-10-21\\\/wachsende-walliser-firma-pharmalp-hat-kuenftig-zwei-ceos\\\/#breadcrumb\"},\"inLanguage\":\"it-IT\",\"potentialAction\":[{\"@type\":\"ReadAction\",\"target\":[\"https:\\\/\\\/www.organisator.ch\\\/management\\\/2024-10-21\\\/wachsende-walliser-firma-pharmalp-hat-kuenftig-zwei-ceos\\\/\"]}]},{\"@type\":\"ImageObject\",\"inLanguage\":\"it-IT\",\"@id\":\"https:\\\/\\\/www.organisator.ch\\\/management\\\/2024-10-21\\\/wachsende-walliser-firma-pharmalp-hat-kuenftig-zwei-ceos\\\/#primaryimage\",\"url\":\"https:\\\/\\\/www.organisator.ch\\\/wp-content\\\/uploads\\\/2024\\\/10\\\/Pharmalp_Bild1_ps.jpg\",\"contentUrl\":\"https:\\\/\\\/www.organisator.ch\\\/wp-content\\\/uploads\\\/2024\\\/10\\\/Pharmalp_Bild1_ps.jpg\",\"width\":680,\"height\":295,\"caption\":\"Doroth\u00e9e Sineux, S\u00e9verin Ruoff und Philippe Meuwly. (Bild: www.pharmalp.ch)\"},{\"@type\":\"BreadcrumbList\",\"@id\":\"https:\\\/\\\/www.organisator.ch\\\/management\\\/2024-10-21\\\/wachsende-walliser-firma-pharmalp-hat-kuenftig-zwei-ceos\\\/#breadcrumb\",\"itemListElement\":[{\"@type\":\"ListItem\",\"position\":1,\"name\":\"Home\",\"item\":\"https:\\\/\\\/www.organisator.ch\\\/\"},{\"@type\":\"ListItem\",\"position\":2,\"name\":\"Wachsende Walliser Firma Pharmalp hat k\u00fcnftig zwei CEOs\"}]},{\"@type\":\"WebSite\",\"@id\":\"https:\\\/\\\/www.organisator.ch\\\/#website\",\"url\":\"https:\\\/\\\/www.organisator.ch\\\/\",\"name\":\"Organisator\",\"description\":\"Kompetent. Praxisnah. Der ORGANISATOR bereitet in 10 Ausgaben pro Jahr die wesentlichen Themen f\u00fcr F\u00fchrungskr\u00e4fte von KMU auf.\",\"publisher\":{\"@id\":\"https:\\\/\\\/www.organisator.ch\\\/#organization\"},\"potentialAction\":[{\"@type\":\"SearchAction\",\"target\":{\"@type\":\"EntryPoint\",\"urlTemplate\":\"https:\\\/\\\/www.organisator.ch\\\/?s={search_term_string}\"},\"query-input\":{\"@type\":\"PropertyValueSpecification\",\"valueRequired\":true,\"valueName\":\"search_term_string\"}}],\"inLanguage\":\"it-IT\"},{\"@type\":\"Organization\",\"@id\":\"https:\\\/\\\/www.organisator.ch\\\/#organization\",\"name\":\"Organisator\",\"url\":\"https:\\\/\\\/www.organisator.ch\\\/\",\"logo\":{\"@type\":\"ImageObject\",\"inLanguage\":\"it-IT\",\"@id\":\"https:\\\/\\\/www.organisator.ch\\\/#\\\/schema\\\/logo\\\/image\\\/\",\"url\":\"https:\\\/\\\/www.organisator.ch\\\/wp-content\\\/uploads\\\/2022\\\/01\\\/Logo_Organisator_Website.png\",\"contentUrl\":\"https:\\\/\\\/www.organisator.ch\\\/wp-content\\\/uploads\\\/2022\\\/01\\\/Logo_Organisator_Website.png\",\"width\":800,\"height\":77,\"caption\":\"Organisator\"},\"image\":{\"@id\":\"https:\\\/\\\/www.organisator.ch\\\/#\\\/schema\\\/logo\\\/image\\\/\"},\"sameAs\":[\"https:\\\/\\\/www.facebook.com\\\/OrganisatorFachmagazin\",\"https:\\\/\\\/www.linkedin.com\\\/showcase\\\/organisator-das-magazin-fr-kmu\",\"https:\\\/\\\/www.xing.com\\\/news\\\/pages\\\/organisator-ch-695\",\"https:\\\/\\\/www.youtube.com\\\/channel\\\/UCGP2Sq0iWaZwT3BdIAQFYpw\"]},{\"@type\":\"Person\",\"@id\":\"https:\\\/\\\/www.organisator.ch\\\/#\\\/schema\\\/person\\\/2e1314a2172123f874db408d8911d3f3\",\"name\":\"Adelisa Kalajdzini\",\"image\":{\"@type\":\"ImageObject\",\"inLanguage\":\"it-IT\",\"@id\":\"https:\\\/\\\/secure.gravatar.com\\\/avatar\\\/09a397c22ac58cad6f160ee8306348599df9df58a8ede73696226897b9fa4b24?s=96&d=mm&r=g\",\"url\":\"https:\\\/\\\/secure.gravatar.com\\\/avatar\\\/09a397c22ac58cad6f160ee8306348599df9df58a8ede73696226897b9fa4b24?s=96&d=mm&r=g\",\"contentUrl\":\"https:\\\/\\\/secure.gravatar.com\\\/avatar\\\/09a397c22ac58cad6f160ee8306348599df9df58a8ede73696226897b9fa4b24?s=96&d=mm&r=g\",\"caption\":\"Adelisa Kalajdzini\"},\"url\":\"https:\\\/\\\/www.organisator.ch\\\/it\\\/author\\\/adelisa-kalajdzini\\\/\"}]}<\/script>\n<!-- \/ Yoast SEO plugin. -->","yoast_head_json":{"title":"L'azienda vallesana in crescita Pharmalp avr\u00e0 due CEO in futuro - Organizzatore","description":"Doroth\u00e9e Sineux e S\u00e9verin Ruoff saranno nominati co-CEO di Pharmalp a partire dal 1\u00b0 gennaio 2025. L'attuale CEO, Philippe Meuwly, continuer\u00e0 a ricoprire il ruolo di Delegato del Consiglio di Amministrazione.","robots":{"index":"index","follow":"follow","max-snippet":"max-snippet:-1","max-image-preview":"max-image-preview:large","max-video-preview":"max-video-preview:-1"},"canonical":"https:\/\/www.organisator.ch\/it\/gestione-2\/2024-10-21\/wachsende-walliser-firma-pharmalp-hat-kuenftig-zwei-ceos\/","og_locale":"it_IT","og_type":"article","og_title":"Wachsende Walliser Firma Pharmalp hat k\u00fcnftig zwei CEOs","og_description":"Doroth\u00e9e Sineux und S\u00e9verin Ruoff werden ab dem 1. Januar 2025 zu Co-CEOs von Pharmalp ernannt. Aktueller CEO, Dr. Philippe Meuwly, wird weiterhin als Delegierter des Verwaltungsrates t\u00e4tig sein.","og_url":"https:\/\/www.organisator.ch\/it\/gestione-2\/2024-10-21\/wachsende-walliser-firma-pharmalp-hat-kuenftig-zwei-ceos\/","og_site_name":"Organisator","article_publisher":"https:\/\/www.facebook.com\/OrganisatorFachmagazin","article_published_time":"2024-10-21T05:41:07+00:00","og_image":[{"width":680,"height":295,"url":"https:\/\/www.organisator.ch\/wp-content\/uploads\/2024\/10\/Pharmalp_Bild1_ps.jpg","type":"image\/jpeg"}],"author":"Adelisa Kalajdzini","twitter_card":"summary_large_image","twitter_title":"Wachsende Walliser Firma Pharmalp hat k\u00fcnftig zwei CEOs","twitter_description":"#Doroth\u00e9e #Sineux und #S\u00e9verin #Ruoff werden ab dem 1. Januar 2025 zu #Co-CEOs von #Pharmalp ernannt. Aktueller CEO, Dr. #Philippe #Meuwly, wird weiterhin als Delegierter des Verwaltungsrates t\u00e4tig sein.","twitter_image":"https:\/\/www.organisator.ch\/wp-content\/uploads\/2024\/10\/Pharmalp_Bild1_ps.jpg","schema":{"@context":"https:\/\/schema.org","@graph":[{"@type":"Article","@id":"https:\/\/www.organisator.ch\/management\/2024-10-21\/wachsende-walliser-firma-pharmalp-hat-kuenftig-zwei-ceos\/#article","isPartOf":{"@id":"https:\/\/www.organisator.ch\/management\/2024-10-21\/wachsende-walliser-firma-pharmalp-hat-kuenftig-zwei-ceos\/"},"author":{"name":"Adelisa Kalajdzini","@id":"https:\/\/www.organisator.ch\/#\/schema\/person\/2e1314a2172123f874db408d8911d3f3"},"headline":"Wachsende Walliser Firma Pharmalp hat k\u00fcnftig zwei CEOs","datePublished":"2024-10-21T05:41:07+00:00","mainEntityOfPage":{"@id":"https:\/\/www.organisator.ch\/management\/2024-10-21\/wachsende-walliser-firma-pharmalp-hat-kuenftig-zwei-ceos\/"},"wordCount":368,"publisher":{"@id":"https:\/\/www.organisator.ch\/#organization"},"image":{"@id":"https:\/\/www.organisator.ch\/management\/2024-10-21\/wachsende-walliser-firma-pharmalp-hat-kuenftig-zwei-ceos\/#primaryimage"},"thumbnailUrl":"https:\/\/www.organisator.ch\/wp-content\/uploads\/2024\/10\/Pharmalp_Bild1_ps.jpg","keywords":["CEO","KMU","Management und Unternehmensf\u00fchrung","Schweiz","Start-ups"],"articleSection":["MANAGEMENT"],"inLanguage":"it-IT"},{"@type":"WebPage","@id":"https:\/\/www.organisator.ch\/management\/2024-10-21\/wachsende-walliser-firma-pharmalp-hat-kuenftig-zwei-ceos\/","url":"https:\/\/www.organisator.ch\/management\/2024-10-21\/wachsende-walliser-firma-pharmalp-hat-kuenftig-zwei-ceos\/","name":"L'azienda vallesana in crescita Pharmalp avr\u00e0 due CEO in futuro - Organizzatore","isPartOf":{"@id":"https:\/\/www.organisator.ch\/#website"},"primaryImageOfPage":{"@id":"https:\/\/www.organisator.ch\/management\/2024-10-21\/wachsende-walliser-firma-pharmalp-hat-kuenftig-zwei-ceos\/#primaryimage"},"image":{"@id":"https:\/\/www.organisator.ch\/management\/2024-10-21\/wachsende-walliser-firma-pharmalp-hat-kuenftig-zwei-ceos\/#primaryimage"},"thumbnailUrl":"https:\/\/www.organisator.ch\/wp-content\/uploads\/2024\/10\/Pharmalp_Bild1_ps.jpg","datePublished":"2024-10-21T05:41:07+00:00","description":"Doroth\u00e9e Sineux e S\u00e9verin Ruoff saranno nominati co-CEO di Pharmalp a partire dal 1\u00b0 gennaio 2025. L'attuale CEO, Philippe Meuwly, continuer\u00e0 a ricoprire il ruolo di Delegato del Consiglio di Amministrazione.","breadcrumb":{"@id":"https:\/\/www.organisator.ch\/management\/2024-10-21\/wachsende-walliser-firma-pharmalp-hat-kuenftig-zwei-ceos\/#breadcrumb"},"inLanguage":"it-IT","potentialAction":[{"@type":"ReadAction","target":["https:\/\/www.organisator.ch\/management\/2024-10-21\/wachsende-walliser-firma-pharmalp-hat-kuenftig-zwei-ceos\/"]}]},{"@type":"ImageObject","inLanguage":"it-IT","@id":"https:\/\/www.organisator.ch\/management\/2024-10-21\/wachsende-walliser-firma-pharmalp-hat-kuenftig-zwei-ceos\/#primaryimage","url":"https:\/\/www.organisator.ch\/wp-content\/uploads\/2024\/10\/Pharmalp_Bild1_ps.jpg","contentUrl":"https:\/\/www.organisator.ch\/wp-content\/uploads\/2024\/10\/Pharmalp_Bild1_ps.jpg","width":680,"height":295,"caption":"Doroth\u00e9e Sineux, S\u00e9verin Ruoff und Philippe Meuwly. (Bild: www.pharmalp.ch)"},{"@type":"BreadcrumbList","@id":"https:\/\/www.organisator.ch\/management\/2024-10-21\/wachsende-walliser-firma-pharmalp-hat-kuenftig-zwei-ceos\/#breadcrumb","itemListElement":[{"@type":"ListItem","position":1,"name":"Home","item":"https:\/\/www.organisator.ch\/"},{"@type":"ListItem","position":2,"name":"Wachsende Walliser Firma Pharmalp hat k\u00fcnftig zwei CEOs"}]},{"@type":"WebSite","@id":"https:\/\/www.organisator.ch\/#website","url":"https:\/\/www.organisator.ch\/","name":"Organizzatore","description":"Competente. Pratico. In 10 numeri all'anno, ORGANISATOR presenta i temi essenziali per i manager delle PMI.","publisher":{"@id":"https:\/\/www.organisator.ch\/#organization"},"potentialAction":[{"@type":"SearchAction","target":{"@type":"EntryPoint","urlTemplate":"https:\/\/www.organisator.ch\/?s={search_term_string}"},"query-input":{"@type":"PropertyValueSpecification","valueRequired":true,"valueName":"search_term_string"}}],"inLanguage":"it-IT"},{"@type":"Organization","@id":"https:\/\/www.organisator.ch\/#organization","name":"Organizzatore","url":"https:\/\/www.organisator.ch\/","logo":{"@type":"ImageObject","inLanguage":"it-IT","@id":"https:\/\/www.organisator.ch\/#\/schema\/logo\/image\/","url":"https:\/\/www.organisator.ch\/wp-content\/uploads\/2022\/01\/Logo_Organisator_Website.png","contentUrl":"https:\/\/www.organisator.ch\/wp-content\/uploads\/2022\/01\/Logo_Organisator_Website.png","width":800,"height":77,"caption":"Organisator"},"image":{"@id":"https:\/\/www.organisator.ch\/#\/schema\/logo\/image\/"},"sameAs":["https:\/\/www.facebook.com\/OrganisatorFachmagazin","https:\/\/www.linkedin.com\/showcase\/organisator-das-magazin-fr-kmu","https:\/\/www.xing.com\/news\/pages\/organisator-ch-695","https:\/\/www.youtube.com\/channel\/UCGP2Sq0iWaZwT3BdIAQFYpw"]},{"@type":"Person","@id":"https:\/\/www.organisator.ch\/#\/schema\/person\/2e1314a2172123f874db408d8911d3f3","name":"Adelisa Kalajdzini","image":{"@type":"ImageObject","inLanguage":"it-IT","@id":"https:\/\/secure.gravatar.com\/avatar\/09a397c22ac58cad6f160ee8306348599df9df58a8ede73696226897b9fa4b24?s=96&d=mm&r=g","url":"https:\/\/secure.gravatar.com\/avatar\/09a397c22ac58cad6f160ee8306348599df9df58a8ede73696226897b9fa4b24?s=96&d=mm&r=g","contentUrl":"https:\/\/secure.gravatar.com\/avatar\/09a397c22ac58cad6f160ee8306348599df9df58a8ede73696226897b9fa4b24?s=96&d=mm&r=g","caption":"Adelisa Kalajdzini"},"url":"https:\/\/www.organisator.ch\/it\/author\/adelisa-kalajdzini\/"}]}},"_links":{"self":[{"href":"https:\/\/www.organisator.ch\/it\/wp-json\/wp\/v2\/posts\/30757","targetHints":{"allow":["GET"]}}],"collection":[{"href":"https:\/\/www.organisator.ch\/it\/wp-json\/wp\/v2\/posts"}],"about":[{"href":"https:\/\/www.organisator.ch\/it\/wp-json\/wp\/v2\/types\/post"}],"author":[{"embeddable":true,"href":"https:\/\/www.organisator.ch\/it\/wp-json\/wp\/v2\/users\/58"}],"replies":[{"embeddable":true,"href":"https:\/\/www.organisator.ch\/it\/wp-json\/wp\/v2\/comments?post=30757"}],"version-history":[{"count":4,"href":"https:\/\/www.organisator.ch\/it\/wp-json\/wp\/v2\/posts\/30757\/revisions"}],"predecessor-version":[{"id":31104,"href":"https:\/\/www.organisator.ch\/it\/wp-json\/wp\/v2\/posts\/30757\/revisions\/31104"}],"wp:featuredmedia":[{"embeddable":true,"href":"https:\/\/www.organisator.ch\/it\/wp-json\/wp\/v2\/media\/30759"}],"wp:attachment":[{"href":"https:\/\/www.organisator.ch\/it\/wp-json\/wp\/v2\/media?parent=30757"}],"wp:term":[{"taxonomy":"category","embeddable":true,"href":"https:\/\/www.organisator.ch\/it\/wp-json\/wp\/v2\/categories?post=30757"},{"taxonomy":"post_tag","embeddable":true,"href":"https:\/\/www.organisator.ch\/it\/wp-json\/wp\/v2\/tags?post=30757"}],"curies":[{"name":"wp","href":"https:\/\/api.w.org\/{rel}","templated":true}]}}