{"id":30774,"date":"2024-10-16T15:36:54","date_gmt":"2024-10-16T13:36:54","guid":{"rendered":"https:\/\/www.markt-kom.com\/?p=225130"},"modified":"2024-11-07T12:33:52","modified_gmt":"2024-11-07T11:33:52","slug":"daniel-grieder-ist-deutschlands-cmo-of-the-year-2024","status":"publish","type":"post","link":"https:\/\/www.organisator.ch\/it\/marketing\/2024-10-16\/daniel-grieder-ist-deutschlands-cmo-of-the-year-2024\/","title":{"rendered":"Daniel Grieder \u00e8 il \"CMO dell'anno\" 2024 in Germania"},"content":{"rendered":"<figure id=\"attachment_225131\" class=\"wp-caption aligncenter\" style=\"width: 1200px\" aria-describedby=\"caption-attachment-225131\"><img class=\"aligncenter wp-image-225131 size-full\" src=\"https:\/\/www.markt-kom.com\/wp-content\/uploads\/2024\/10\/CMO-of-the-Year-2024_Stefan-Hoechter_Daniel-Grieder_1920x1080.jpg\" alt=\"Daniel Grieder \" width=\"1200\" height=\"675\" \/>\r\n<figcaption id=\"caption-attachment-225131\" class=\"wp-caption-text\">Daniel Grieder (a destra) di Hugo Boss \u00e8 il CMO tedesco dell'anno 2024. Stefan Hoechter di Adelholzener Alpenquellen ha ricevuto il premio CMO alla carriera. (Immagine: zVg. Serviceplan Group)<\/figcaption>\r\n<\/figure>\r\n<p>La giuria composta da 21 membri del Consiglio tedesco del \"CMO dell'anno\" e da selezionati esperti di marketing e media provenienti da case editrici, TV, universit\u00e0 e agenzie, ha eletto Daniel Grieder \"CMO dell'anno\" 2024 in Germania. Grieder \u00e8 CEO di Hugo Boss dal 2021 ed \u00e8 responsabile del fatto che l'azienda di moda di Metzingen sia in controtendenza rispetto al mercato e abbia ripreso la strada del successo.<\/p>\r\n<p>\"Sono lieto di ricevere questo premio, che \u00e8 un grande riconoscimento di ci\u00f2 che abbiamo realizzato come team di Hugo Boss negli ultimi tre anni\", afferma Grieder. \"Con il nostro rinnovamento completo del marchio e il nostro approccio di marketing digital-first, abbiamo reso 'Boss' e 'Hugo' nuovamente rilevanti, conquistando nuovi gruppi target e posizionando i marchi in modo ottimale per il futuro.\"<\/p>\r\n<p>In qualit\u00e0 di CEO di Hugo Boss, Daniel Grieder \u00e8 responsabile non solo della strategia aziendale e dello sviluppo dei prodotti, ma anche del marketing globale. Sotto la sua guida, il marchio principale Boss e il marchio pi\u00f9 giovane Hugo hanno ricevuto una nuova identit\u00e0 di marchio nel 2022, realizzata da Brandpulse. <em><a href=\"https:\/\/www.markt-kom.com\/de\/markom\/business\/brandpulse-schafft-neuen-gesamtauftritt-fuer-hugo-boss\/\" rel=\"noopener\">(Markt-kom.com)<\/a><\/em><em>.<\/em> Il marchio \u00e8 stato accolto molto bene negli ambienti degli stilisti e si rivolge principalmente a un gruppo target pi\u00f9 giovane. L'intensificazione del settore digitale e testimonial come l'icona dello sport e della moda David Beckham e star dei social media come Bella Poarch hanno trasformato Boss e Hugo in marchi lifestyle 24\/7 - un successo tale che l'azienda ha raddoppiato il fatturato tra il 2020 e il 2023, due anni prima di quanto inizialmente previsto.<\/p>\r\n<p>Il Prof. Dr. Sven Reinecke, direttore esecutivo dell'Institute for Marketing &amp; Customer Insight dell'Universit\u00e0 di San Gallo e portavoce della giuria, spiega la scelta del CMO dell'anno: \"Lo svizzero Daniel Grieder \u00e8 riuscito a riposizionare Hugo Boss come un marchio desiderabile - da un marchio tradizionale di fascia alta a un marchio lifestyle in crescita con il polso dei tempi.\"<\/p>\r\n<p>Da <a href=\"https:\/\/www.house-of-communication.com\/de\/de\/newsroom\/2023\/09\/serviceplan-group-cmo-of-the-year-2023-top-10.html\" rel=\"noopener\">dieci top CMO nominati<\/a> la giuria ha scelto il vincitore. La giuria ha utilizzato come base per la sua valutazione i dossier compilati dall'Institute for Marketing &amp; Customer Insight dell'Universit\u00e0 di San Gallo sui 10 migliori CMO. Il discorso elogiativo per il nuovo \"CMO dell'anno\" \u00e8 stato tenuto da Sabine Zantis, CMO di Deichmann. La presentatrice Bella Lesnik ha condotto la festosa serata di premiazione dei CMO, che si \u00e8 aperta con il discorso programmatico \"Beauty of Nature - Beauty of Brands\" di Daan Roosegaarde.<\/p>\r\n<h3><strong>Premio alla carriera per Hoechter<\/strong><\/h3>\r\n<p>Anche il \"CMO Lifetime Achievement Award\" \u00e8 stato assegnato per la seconda volta. Quest'anno, il premio per gli speciali risultati di marketing ottenuti da un marchio per un lungo periodo di tempo \u00e8 andato a Stefan Hoechter, amministratore delegato di Adelholzener Alpenquellen fino alla fine del 2024. \"Sotto la guida di Stefan Hoechter, l'azienda ha avuto uno sviluppo impressionante: da marchio locale di sorgenti minerali a miglior marchio nazionale nel mercato delle bevande analcoliche\", afferma Florian Haller, CEO del Gruppo Serviceplan, spiegando la decisione della giuria, \"Con campagne iconiche nel corso degli anni e innovazioni pionieristiche come Active O2, ha avuto un'influenza duratura sul settore e allo stesso tempo ha dimostrato che paga l'ancoraggio del lavoro del marchio al pi\u00f9 alto livello manageriale.\"<\/p>","protected":false},"excerpt":{"rendered":"<p>Il pi\u00f9 alto riconoscimento tedesco per il ruolo di Chief Marketing Officer va a Daniel Grieder di Hugo Boss. Anche Stefan Hoechter riceve il CMO Lifetime Achievement Award per gli straordinari risultati ottenuti come amministratore delegato di Adelholzener Alpenquellen.<\/p>","protected":false},"author":8,"featured_media":0,"comment_status":"closed","ping_status":"closed","sticky":false,"template":"","format":"standard","meta":{"_acf_changed":false,"_yoast_wpseo_focuskw":"Daniel Grieder","_yoast_wpseo_metadesc":"Daniel Grieder von Hugo Boss ist deutscher CMO of the Year 2024 f\u00fcr seine erfolgreiche Markenerneuerung und Umsatzsteigerung.","articlekey":"","footnotes":""},"categories":[29],"tags":[66,3733,3355,4351],"class_list":["post-30774","post","type-post","status-publish","format-standard","hentry","category-marketing","tag-awards","tag-cmo-of-the-year","tag-deutschland","tag-dexat"],"acf":[],"yoast_head":"<!-- This site is optimized with the Yoast SEO plugin v27.5 - https:\/\/yoast.com\/product\/yoast-seo-wordpress\/ -->\n<title>Daniel Grieder ist Deutschlands \u00abCMO of the Year\u00bb 2024 - Organisator<\/title>\n<meta name=\"description\" content=\"Daniel Grieder von Hugo Boss ist deutscher CMO of the Year 2024 f\u00fcr seine erfolgreiche Markenerneuerung und Umsatzsteigerung.\" \/>\n<meta name=\"robots\" content=\"index, follow, max-snippet:-1, max-image-preview:large, max-video-preview:-1\" \/>\n<link rel=\"canonical\" href=\"https:\/\/www.organisator.ch\/it\/marketing\/2024-10-16\/daniel-grieder-ist-deutschlands-cmo-of-the-year-2024\/\" \/>\n<meta property=\"og:locale\" content=\"it_IT\" \/>\n<meta property=\"og:type\" content=\"article\" \/>\n<meta property=\"og:title\" content=\"Daniel Grieder ist Deutschlands \u00abCMO of the Year\u00bb 2024 - Organisator\" \/>\n<meta property=\"og:description\" content=\"Daniel Grieder von Hugo Boss ist deutscher CMO of the Year 2024 f\u00fcr seine erfolgreiche Markenerneuerung und Umsatzsteigerung.\" \/>\n<meta property=\"og:url\" content=\"https:\/\/www.organisator.ch\/it\/marketing\/2024-10-16\/daniel-grieder-ist-deutschlands-cmo-of-the-year-2024\/\" \/>\n<meta property=\"og:site_name\" content=\"Organisator\" \/>\n<meta property=\"article:publisher\" content=\"https:\/\/www.facebook.com\/OrganisatorFachmagazin\" \/>\n<meta property=\"article:published_time\" content=\"2024-10-16T13:36:54+00:00\" \/>\n<meta property=\"article:modified_time\" content=\"2024-11-07T11:33:52+00:00\" \/>\n<meta property=\"og:image\" content=\"https:\/\/www.markt-kom.com\/wp-content\/uploads\/2024\/10\/CMO-of-the-Year-2024_Stefan-Hoechter_Daniel-Grieder_1920x1080.jpg\" \/>\n<meta name=\"author\" content=\"galledia\" \/>\n<meta name=\"twitter:card\" content=\"summary_large_image\" \/>\n<meta name=\"twitter:creator\" content=\"@admin\" \/>\n<script type=\"application\/ld+json\" class=\"yoast-schema-graph\">{\"@context\":\"https:\\\/\\\/schema.org\",\"@graph\":[{\"@type\":\"Article\",\"@id\":\"https:\\\/\\\/www.organisator.ch\\\/marketing\\\/2024-10-16\\\/daniel-grieder-ist-deutschlands-cmo-of-the-year-2024\\\/#article\",\"isPartOf\":{\"@id\":\"https:\\\/\\\/www.organisator.ch\\\/marketing\\\/2024-10-16\\\/daniel-grieder-ist-deutschlands-cmo-of-the-year-2024\\\/\"},\"author\":{\"name\":\"galledia\",\"@id\":\"https:\\\/\\\/www.organisator.ch\\\/#\\\/schema\\\/person\\\/4e51799071cd2dd1232ac003643ef5f0\"},\"headline\":\"Daniel Grieder ist Deutschlands \u00abCMO of the Year\u00bb 2024\",\"datePublished\":\"2024-10-16T13:36:54+00:00\",\"dateModified\":\"2024-11-07T11:33:52+00:00\",\"mainEntityOfPage\":{\"@id\":\"https:\\\/\\\/www.organisator.ch\\\/marketing\\\/2024-10-16\\\/daniel-grieder-ist-deutschlands-cmo-of-the-year-2024\\\/\"},\"wordCount\":508,\"publisher\":{\"@id\":\"https:\\\/\\\/www.organisator.ch\\\/#organization\"},\"image\":{\"@id\":\"https:\\\/\\\/www.organisator.ch\\\/marketing\\\/2024-10-16\\\/daniel-grieder-ist-deutschlands-cmo-of-the-year-2024\\\/#primaryimage\"},\"thumbnailUrl\":\"https:\\\/\\\/www.markt-kom.com\\\/wp-content\\\/uploads\\\/2024\\\/10\\\/CMO-of-the-Year-2024_Stefan-Hoechter_Daniel-Grieder_1920x1080.jpg\",\"keywords\":[\"Awards\",\"CMO of the year\",\"Deutschland\",\"DExAT\"],\"articleSection\":[\"MARKETING\"],\"inLanguage\":\"it-IT\"},{\"@type\":\"WebPage\",\"@id\":\"https:\\\/\\\/www.organisator.ch\\\/marketing\\\/2024-10-16\\\/daniel-grieder-ist-deutschlands-cmo-of-the-year-2024\\\/\",\"url\":\"https:\\\/\\\/www.organisator.ch\\\/marketing\\\/2024-10-16\\\/daniel-grieder-ist-deutschlands-cmo-of-the-year-2024\\\/\",\"name\":\"Daniel Grieder ist Deutschlands \u00abCMO of the Year\u00bb 2024 - Organisator\",\"isPartOf\":{\"@id\":\"https:\\\/\\\/www.organisator.ch\\\/#website\"},\"primaryImageOfPage\":{\"@id\":\"https:\\\/\\\/www.organisator.ch\\\/marketing\\\/2024-10-16\\\/daniel-grieder-ist-deutschlands-cmo-of-the-year-2024\\\/#primaryimage\"},\"image\":{\"@id\":\"https:\\\/\\\/www.organisator.ch\\\/marketing\\\/2024-10-16\\\/daniel-grieder-ist-deutschlands-cmo-of-the-year-2024\\\/#primaryimage\"},\"thumbnailUrl\":\"https:\\\/\\\/www.markt-kom.com\\\/wp-content\\\/uploads\\\/2024\\\/10\\\/CMO-of-the-Year-2024_Stefan-Hoechter_Daniel-Grieder_1920x1080.jpg\",\"datePublished\":\"2024-10-16T13:36:54+00:00\",\"dateModified\":\"2024-11-07T11:33:52+00:00\",\"description\":\"Daniel Grieder von Hugo Boss ist deutscher CMO of the Year 2024 f\u00fcr seine erfolgreiche Markenerneuerung und Umsatzsteigerung.\",\"breadcrumb\":{\"@id\":\"https:\\\/\\\/www.organisator.ch\\\/marketing\\\/2024-10-16\\\/daniel-grieder-ist-deutschlands-cmo-of-the-year-2024\\\/#breadcrumb\"},\"inLanguage\":\"it-IT\",\"potentialAction\":[{\"@type\":\"ReadAction\",\"target\":[\"https:\\\/\\\/www.organisator.ch\\\/marketing\\\/2024-10-16\\\/daniel-grieder-ist-deutschlands-cmo-of-the-year-2024\\\/\"]}]},{\"@type\":\"ImageObject\",\"inLanguage\":\"it-IT\",\"@id\":\"https:\\\/\\\/www.organisator.ch\\\/marketing\\\/2024-10-16\\\/daniel-grieder-ist-deutschlands-cmo-of-the-year-2024\\\/#primaryimage\",\"url\":\"https:\\\/\\\/www.markt-kom.com\\\/wp-content\\\/uploads\\\/2024\\\/10\\\/CMO-of-the-Year-2024_Stefan-Hoechter_Daniel-Grieder_1920x1080.jpg\",\"contentUrl\":\"https:\\\/\\\/www.markt-kom.com\\\/wp-content\\\/uploads\\\/2024\\\/10\\\/CMO-of-the-Year-2024_Stefan-Hoechter_Daniel-Grieder_1920x1080.jpg\"},{\"@type\":\"BreadcrumbList\",\"@id\":\"https:\\\/\\\/www.organisator.ch\\\/marketing\\\/2024-10-16\\\/daniel-grieder-ist-deutschlands-cmo-of-the-year-2024\\\/#breadcrumb\",\"itemListElement\":[{\"@type\":\"ListItem\",\"position\":1,\"name\":\"Home\",\"item\":\"https:\\\/\\\/www.organisator.ch\\\/\"},{\"@type\":\"ListItem\",\"position\":2,\"name\":\"Daniel Grieder ist Deutschlands \u00abCMO of the Year\u00bb 2024\"}]},{\"@type\":\"WebSite\",\"@id\":\"https:\\\/\\\/www.organisator.ch\\\/#website\",\"url\":\"https:\\\/\\\/www.organisator.ch\\\/\",\"name\":\"Organisator\",\"description\":\"Kompetent. Praxisnah. Der ORGANISATOR bereitet in 10 Ausgaben pro Jahr die wesentlichen Themen f\u00fcr F\u00fchrungskr\u00e4fte von KMU auf.\",\"publisher\":{\"@id\":\"https:\\\/\\\/www.organisator.ch\\\/#organization\"},\"potentialAction\":[{\"@type\":\"SearchAction\",\"target\":{\"@type\":\"EntryPoint\",\"urlTemplate\":\"https:\\\/\\\/www.organisator.ch\\\/?s={search_term_string}\"},\"query-input\":{\"@type\":\"PropertyValueSpecification\",\"valueRequired\":true,\"valueName\":\"search_term_string\"}}],\"inLanguage\":\"it-IT\"},{\"@type\":\"Organization\",\"@id\":\"https:\\\/\\\/www.organisator.ch\\\/#organization\",\"name\":\"Organisator\",\"url\":\"https:\\\/\\\/www.organisator.ch\\\/\",\"logo\":{\"@type\":\"ImageObject\",\"inLanguage\":\"it-IT\",\"@id\":\"https:\\\/\\\/www.organisator.ch\\\/#\\\/schema\\\/logo\\\/image\\\/\",\"url\":\"https:\\\/\\\/www.organisator.ch\\\/wp-content\\\/uploads\\\/2022\\\/01\\\/Logo_Organisator_Website.png\",\"contentUrl\":\"https:\\\/\\\/www.organisator.ch\\\/wp-content\\\/uploads\\\/2022\\\/01\\\/Logo_Organisator_Website.png\",\"width\":800,\"height\":77,\"caption\":\"Organisator\"},\"image\":{\"@id\":\"https:\\\/\\\/www.organisator.ch\\\/#\\\/schema\\\/logo\\\/image\\\/\"},\"sameAs\":[\"https:\\\/\\\/www.facebook.com\\\/OrganisatorFachmagazin\",\"https:\\\/\\\/www.linkedin.com\\\/showcase\\\/organisator-das-magazin-fr-kmu\",\"https:\\\/\\\/www.xing.com\\\/news\\\/pages\\\/organisator-ch-695\",\"https:\\\/\\\/www.youtube.com\\\/channel\\\/UCGP2Sq0iWaZwT3BdIAQFYpw\"]},{\"@type\":\"Person\",\"@id\":\"https:\\\/\\\/www.organisator.ch\\\/#\\\/schema\\\/person\\\/4e51799071cd2dd1232ac003643ef5f0\",\"name\":\"galledia\",\"image\":{\"@type\":\"ImageObject\",\"inLanguage\":\"it-IT\",\"@id\":\"https:\\\/\\\/secure.gravatar.com\\\/avatar\\\/78a7f90c01fc2bfc875782a0d4922b37cde2cf184ce347b91316d23cd7f69a36?s=96&d=mm&r=g\",\"url\":\"https:\\\/\\\/secure.gravatar.com\\\/avatar\\\/78a7f90c01fc2bfc875782a0d4922b37cde2cf184ce347b91316d23cd7f69a36?s=96&d=mm&r=g\",\"contentUrl\":\"https:\\\/\\\/secure.gravatar.com\\\/avatar\\\/78a7f90c01fc2bfc875782a0d4922b37cde2cf184ce347b91316d23cd7f69a36?s=96&d=mm&r=g\",\"caption\":\"galledia\"},\"sameAs\":[\"https:\\\/\\\/x.com\\\/admin\"],\"url\":\"https:\\\/\\\/www.organisator.ch\\\/it\\\/author\\\/galledia\\\/\"}]}<\/script>\n<!-- \/ Yoast SEO plugin. -->","yoast_head_json":{"title":"Daniel Grieder \u00e8 il \"CMO dell'anno\" 2024 in Germania - Organizzatore","description":"Daniel Grieder di Hugo Boss \u00e8 il CMO tedesco dell'anno 2024 per il successo del rinnovamento del marchio e l'aumento delle vendite.","robots":{"index":"index","follow":"follow","max-snippet":"max-snippet:-1","max-image-preview":"max-image-preview:large","max-video-preview":"max-video-preview:-1"},"canonical":"https:\/\/www.organisator.ch\/it\/marketing\/2024-10-16\/daniel-grieder-ist-deutschlands-cmo-of-the-year-2024\/","og_locale":"it_IT","og_type":"article","og_title":"Daniel Grieder ist Deutschlands \u00abCMO of the Year\u00bb 2024 - Organisator","og_description":"Daniel Grieder von Hugo Boss ist deutscher CMO of the Year 2024 f\u00fcr seine erfolgreiche Markenerneuerung und Umsatzsteigerung.","og_url":"https:\/\/www.organisator.ch\/it\/marketing\/2024-10-16\/daniel-grieder-ist-deutschlands-cmo-of-the-year-2024\/","og_site_name":"Organisator","article_publisher":"https:\/\/www.facebook.com\/OrganisatorFachmagazin","article_published_time":"2024-10-16T13:36:54+00:00","article_modified_time":"2024-11-07T11:33:52+00:00","og_image":[{"url":"https:\/\/www.markt-kom.com\/wp-content\/uploads\/2024\/10\/CMO-of-the-Year-2024_Stefan-Hoechter_Daniel-Grieder_1920x1080.jpg","type":"","width":"","height":""}],"author":"galledia","twitter_card":"summary_large_image","twitter_creator":"@admin","schema":{"@context":"https:\/\/schema.org","@graph":[{"@type":"Article","@id":"https:\/\/www.organisator.ch\/marketing\/2024-10-16\/daniel-grieder-ist-deutschlands-cmo-of-the-year-2024\/#article","isPartOf":{"@id":"https:\/\/www.organisator.ch\/marketing\/2024-10-16\/daniel-grieder-ist-deutschlands-cmo-of-the-year-2024\/"},"author":{"name":"galledia","@id":"https:\/\/www.organisator.ch\/#\/schema\/person\/4e51799071cd2dd1232ac003643ef5f0"},"headline":"Daniel Grieder ist Deutschlands \u00abCMO of the Year\u00bb 2024","datePublished":"2024-10-16T13:36:54+00:00","dateModified":"2024-11-07T11:33:52+00:00","mainEntityOfPage":{"@id":"https:\/\/www.organisator.ch\/marketing\/2024-10-16\/daniel-grieder-ist-deutschlands-cmo-of-the-year-2024\/"},"wordCount":508,"publisher":{"@id":"https:\/\/www.organisator.ch\/#organization"},"image":{"@id":"https:\/\/www.organisator.ch\/marketing\/2024-10-16\/daniel-grieder-ist-deutschlands-cmo-of-the-year-2024\/#primaryimage"},"thumbnailUrl":"https:\/\/www.markt-kom.com\/wp-content\/uploads\/2024\/10\/CMO-of-the-Year-2024_Stefan-Hoechter_Daniel-Grieder_1920x1080.jpg","keywords":["Awards","CMO of the year","Deutschland","DExAT"],"articleSection":["MARKETING"],"inLanguage":"it-IT"},{"@type":"WebPage","@id":"https:\/\/www.organisator.ch\/marketing\/2024-10-16\/daniel-grieder-ist-deutschlands-cmo-of-the-year-2024\/","url":"https:\/\/www.organisator.ch\/marketing\/2024-10-16\/daniel-grieder-ist-deutschlands-cmo-of-the-year-2024\/","name":"Daniel Grieder \u00e8 il \"CMO dell'anno\" 2024 in Germania - Organizzatore","isPartOf":{"@id":"https:\/\/www.organisator.ch\/#website"},"primaryImageOfPage":{"@id":"https:\/\/www.organisator.ch\/marketing\/2024-10-16\/daniel-grieder-ist-deutschlands-cmo-of-the-year-2024\/#primaryimage"},"image":{"@id":"https:\/\/www.organisator.ch\/marketing\/2024-10-16\/daniel-grieder-ist-deutschlands-cmo-of-the-year-2024\/#primaryimage"},"thumbnailUrl":"https:\/\/www.markt-kom.com\/wp-content\/uploads\/2024\/10\/CMO-of-the-Year-2024_Stefan-Hoechter_Daniel-Grieder_1920x1080.jpg","datePublished":"2024-10-16T13:36:54+00:00","dateModified":"2024-11-07T11:33:52+00:00","description":"Daniel Grieder di Hugo Boss \u00e8 il CMO tedesco dell'anno 2024 per il successo del rinnovamento del marchio e l'aumento delle vendite.","breadcrumb":{"@id":"https:\/\/www.organisator.ch\/marketing\/2024-10-16\/daniel-grieder-ist-deutschlands-cmo-of-the-year-2024\/#breadcrumb"},"inLanguage":"it-IT","potentialAction":[{"@type":"ReadAction","target":["https:\/\/www.organisator.ch\/marketing\/2024-10-16\/daniel-grieder-ist-deutschlands-cmo-of-the-year-2024\/"]}]},{"@type":"ImageObject","inLanguage":"it-IT","@id":"https:\/\/www.organisator.ch\/marketing\/2024-10-16\/daniel-grieder-ist-deutschlands-cmo-of-the-year-2024\/#primaryimage","url":"https:\/\/www.markt-kom.com\/wp-content\/uploads\/2024\/10\/CMO-of-the-Year-2024_Stefan-Hoechter_Daniel-Grieder_1920x1080.jpg","contentUrl":"https:\/\/www.markt-kom.com\/wp-content\/uploads\/2024\/10\/CMO-of-the-Year-2024_Stefan-Hoechter_Daniel-Grieder_1920x1080.jpg"},{"@type":"BreadcrumbList","@id":"https:\/\/www.organisator.ch\/marketing\/2024-10-16\/daniel-grieder-ist-deutschlands-cmo-of-the-year-2024\/#breadcrumb","itemListElement":[{"@type":"ListItem","position":1,"name":"Home","item":"https:\/\/www.organisator.ch\/"},{"@type":"ListItem","position":2,"name":"Daniel Grieder ist Deutschlands \u00abCMO of the Year\u00bb 2024"}]},{"@type":"WebSite","@id":"https:\/\/www.organisator.ch\/#website","url":"https:\/\/www.organisator.ch\/","name":"Organizzatore","description":"Competente. Pratico. In 10 numeri all'anno, ORGANISATOR presenta i temi essenziali per i manager delle PMI.","publisher":{"@id":"https:\/\/www.organisator.ch\/#organization"},"potentialAction":[{"@type":"SearchAction","target":{"@type":"EntryPoint","urlTemplate":"https:\/\/www.organisator.ch\/?s={search_term_string}"},"query-input":{"@type":"PropertyValueSpecification","valueRequired":true,"valueName":"search_term_string"}}],"inLanguage":"it-IT"},{"@type":"Organization","@id":"https:\/\/www.organisator.ch\/#organization","name":"Organizzatore","url":"https:\/\/www.organisator.ch\/","logo":{"@type":"ImageObject","inLanguage":"it-IT","@id":"https:\/\/www.organisator.ch\/#\/schema\/logo\/image\/","url":"https:\/\/www.organisator.ch\/wp-content\/uploads\/2022\/01\/Logo_Organisator_Website.png","contentUrl":"https:\/\/www.organisator.ch\/wp-content\/uploads\/2022\/01\/Logo_Organisator_Website.png","width":800,"height":77,"caption":"Organisator"},"image":{"@id":"https:\/\/www.organisator.ch\/#\/schema\/logo\/image\/"},"sameAs":["https:\/\/www.facebook.com\/OrganisatorFachmagazin","https:\/\/www.linkedin.com\/showcase\/organisator-das-magazin-fr-kmu","https:\/\/www.xing.com\/news\/pages\/organisator-ch-695","https:\/\/www.youtube.com\/channel\/UCGP2Sq0iWaZwT3BdIAQFYpw"]},{"@type":"Person","@id":"https:\/\/www.organisator.ch\/#\/schema\/person\/4e51799071cd2dd1232ac003643ef5f0","name":"galledia","image":{"@type":"ImageObject","inLanguage":"it-IT","@id":"https:\/\/secure.gravatar.com\/avatar\/78a7f90c01fc2bfc875782a0d4922b37cde2cf184ce347b91316d23cd7f69a36?s=96&d=mm&r=g","url":"https:\/\/secure.gravatar.com\/avatar\/78a7f90c01fc2bfc875782a0d4922b37cde2cf184ce347b91316d23cd7f69a36?s=96&d=mm&r=g","contentUrl":"https:\/\/secure.gravatar.com\/avatar\/78a7f90c01fc2bfc875782a0d4922b37cde2cf184ce347b91316d23cd7f69a36?s=96&d=mm&r=g","caption":"galledia"},"sameAs":["https:\/\/x.com\/admin"],"url":"https:\/\/www.organisator.ch\/it\/author\/galledia\/"}]}},"_links":{"self":[{"href":"https:\/\/www.organisator.ch\/it\/wp-json\/wp\/v2\/posts\/30774","targetHints":{"allow":["GET"]}}],"collection":[{"href":"https:\/\/www.organisator.ch\/it\/wp-json\/wp\/v2\/posts"}],"about":[{"href":"https:\/\/www.organisator.ch\/it\/wp-json\/wp\/v2\/types\/post"}],"author":[{"embeddable":true,"href":"https:\/\/www.organisator.ch\/it\/wp-json\/wp\/v2\/users\/8"}],"replies":[{"embeddable":true,"href":"https:\/\/www.organisator.ch\/it\/wp-json\/wp\/v2\/comments?post=30774"}],"version-history":[{"count":5,"href":"https:\/\/www.organisator.ch\/it\/wp-json\/wp\/v2\/posts\/30774\/revisions"}],"predecessor-version":[{"id":31755,"href":"https:\/\/www.organisator.ch\/it\/wp-json\/wp\/v2\/posts\/30774\/revisions\/31755"}],"wp:attachment":[{"href":"https:\/\/www.organisator.ch\/it\/wp-json\/wp\/v2\/media?parent=30774"}],"wp:term":[{"taxonomy":"category","embeddable":true,"href":"https:\/\/www.organisator.ch\/it\/wp-json\/wp\/v2\/categories?post=30774"},{"taxonomy":"post_tag","embeddable":true,"href":"https:\/\/www.organisator.ch\/it\/wp-json\/wp\/v2\/tags?post=30774"}],"curies":[{"name":"wp","href":"https:\/\/api.w.org\/{rel}","templated":true}]}}