{"id":30782,"date":"2024-10-17T06:58:03","date_gmt":"2024-10-17T04:58:03","guid":{"rendered":"https:\/\/www.m-q.ch\/?p=20577"},"modified":"2024-11-07T12:30:35","modified_gmt":"2024-11-07T11:30:35","slug":"kmus-schneiden-bei-der-cyberresilienz-schlecht-ab","status":"publish","type":"post","link":"https:\/\/www.organisator.ch\/it\/operational-excellence\/2024-10-17\/kmus-schneiden-bei-der-cyberresilienz-schlecht-ab\/","title":{"rendered":"Le PMI registrano scarsi risultati in termini di resilienza informatica"},"content":{"rendered":"<figure id=\"attachment_20578\" class=\"wp-caption alignnone\" style=\"width: 680px\" aria-describedby=\"caption-attachment-20578\"><img class=\"alignnone wp-image-20578 size-full\" src=\"https:\/\/www.m-q.ch\/wp-content\/uploads\/2024\/10\/Sophos_Bild1_ps.jpg\" alt=\"Carenza di competenze nella cybersecurity\" width=\"680\" height=\"424\" \/>\r\n<figcaption id=\"caption-attachment-20578\" class=\"wp-caption-text\">Le organizzazioni dovrebbero fare il punto sulle loro capacit\u00e0 di sicurezza e cercare modi per migliorare la loro resilienza informatica complessiva. (Immagine: www.depositphotos.com)<\/figcaption>\r\n<\/figure>\r\n<p>Sophos ha pubblicato un nuovo rapporto sull'impatto della carenza di competenze in materia di cybersicurezza. Il rapporto si basa su uno studio completo di 5.000 esperti di IT\/cybersecurity in 14 Paesi. Mostra alcuni effetti gravi sulle piccole e medie imprese (PMI) e sulle aziende con 100-500 dipendenti.<\/p>\r\n<p>I risultati pi\u00f9 importanti sono:<\/p>\r\n<ul>\r\n\t<li><strong>Le PMI sono colpite in modo sproporzionato dalla carenza di manodopera qualificata:<\/strong> La mancanza di capacit\u00e0\/esperienze interne in materia di cybersecurity \u00e8 al secondo posto tra i rischi di cybersecurity, superata solo dalle minacce zero-day.<\/li>\r\n\t<li><strong>Le PMI hanno un tasso pi\u00f9 elevato di criptazione dei dati negli attacchi ransomware:<\/strong> Nel 74% degli attacchi ransomware alle PMI, gli aggressori riescono a criptare i dati.<\/li>\r\n\t<li><strong>Nessun monitoraggio:<\/strong> Nel 33% dei casi, nelle PMI non c'\u00e8 nessuno che monitori, indaghi e risponda attivamente alle segnalazioni.<\/li>\r\n\t<li><strong>Indagare sugli avvisi di sicurezza sospetti \u00e8 una sfida:<\/strong> Il 96% dei dipendenti delle PMI trova difficile almeno un aspetto dell'indagine sugli avvisi di sicurezza sospetti.<\/li>\r\n\t<li><strong>Le PMI hanno difficolt\u00e0 a eliminare gli avvisi\/incidenti dannosi:<\/strong> Il 75% delle PMI ha difficolt\u00e0 a risolvere tempestivamente avvisi o incidenti dannosi.<\/li>\r\n<\/ul>\r\n<h3>91 % degli attacchi ransomware avvengono al di fuori del normale orario di lavoro<\/h3>\r\n<p>Aaron Bugal, Field CTO di Sophos, ha dichiarato: \"La mancanza di competenze interne in materia di cybersecurity \u00e8 uno dei maggiori rischi che le organizzazioni devono affrontare oggi. Se a questa crescente carenza di competenze si aggiunge l'ulteriore crisi di burnout dei professionisti della cybersecurity, le piccole imprese sono ancora pi\u00f9 vulnerabili agli attacchi. Con il 91% degli attacchi ransomware che si verificano al di fuori del normale orario di lavoro, le PMI devono essere in grado di monitorare le loro reti 24 ore su 24, 7 giorni su 7, per rilevare le attivit\u00e0 dannose prima che un aggressore possa esfiltrare o criptare i dati\".<\/p>\r\n<p>Le organizzazioni dovrebbero fare il punto sulle loro capacit\u00e0 di sicurezza e cercare modi per migliorare la loro resilienza informatica complessiva. Si tratta di un delicato equilibrio tra persone, processi e tecnologia. Comprendendo i punti di forza e i limiti del proprio team, le organizzazioni possono bilanciarli con le competenze esterne e migliorare la propria posizione di sicurezza.<\/p>\r\n<p><em>Fonte: <a href=\"http:\/\/www.sophos.de\/\">www.sophos.de<\/a><\/em><\/p>\n<p class=\"syndicated-attribution\">Questo articolo \u00e8 apparso originariamente su m-q.ch - <a href=\"https:\/\/www.m-q.ch\/de\/kmus-schneiden-bei-der-cyberresilienz-schlecht-ab\/\" target=\"_blank\">https:\/\/www.m-q.ch\/de\/kmus-schneiden-bei-der-cyberresilienz-schlecht-ab\/<\/a><\/p>","protected":false},"excerpt":{"rendered":"<p>Uno studio di Sophos conferma un potenziale di rischio superiore alla media per le piccole e medie imprese, soprattutto a causa della carenza di manodopera qualificata.<\/p>","protected":false},"author":80,"featured_media":0,"comment_status":"closed","ping_status":"closed","sticky":false,"template":"","format":"standard","meta":{"_acf_changed":false,"_yoast_wpseo_focuskw":"Fachkr\u00e4ftemangel Cybersicherheit","_yoast_wpseo_metadesc":"Sophos-Bericht 2024 zeigt, wie Fachkr\u00e4ftemangel KMUs bei Cyberangriffen schw\u00e4cht und L\u00f6sungsans\u00e4tze.","articlekey":"","footnotes":""},"categories":[582],"tags":[3027,194,301,4632,418,492],"class_list":["post-30782","post","type-post","status-publish","format-standard","hentry","category-operational-excellence","tag-cyberresilienz","tag-fachkraeftemangel","tag-kmu","tag-risiko","tag-risikomanagement","tag-unternehmen"],"acf":[],"yoast_head":"<!-- This site is optimized with the Yoast SEO plugin v27.5 - https:\/\/yoast.com\/product\/yoast-seo-wordpress\/ -->\n<title>KMUs schneiden bei der Cyberresilienz schlecht ab - Organisator<\/title>\n<meta name=\"description\" content=\"Sophos-Bericht 2024 zeigt, wie Fachkr\u00e4ftemangel KMUs bei Cyberangriffen schw\u00e4cht und L\u00f6sungsans\u00e4tze.\" \/>\n<meta name=\"robots\" content=\"index, follow, max-snippet:-1, max-image-preview:large, max-video-preview:-1\" \/>\n<link rel=\"canonical\" href=\"https:\/\/www.organisator.ch\/it\/eccellenza-operativa\/2024-10-17\/kmus-schneiden-bei-der-cyberresilienz-schlecht-ab\/\" \/>\n<meta property=\"og:locale\" content=\"it_IT\" \/>\n<meta property=\"og:type\" content=\"article\" \/>\n<meta property=\"og:title\" content=\"KMUs schneiden bei der Cyberresilienz schlecht ab - Organisator\" \/>\n<meta property=\"og:description\" content=\"Sophos-Bericht 2024 zeigt, wie Fachkr\u00e4ftemangel KMUs bei Cyberangriffen schw\u00e4cht und L\u00f6sungsans\u00e4tze.\" \/>\n<meta property=\"og:url\" content=\"https:\/\/www.organisator.ch\/it\/eccellenza-operativa\/2024-10-17\/kmus-schneiden-bei-der-cyberresilienz-schlecht-ab\/\" \/>\n<meta property=\"og:site_name\" content=\"Organisator\" \/>\n<meta property=\"article:publisher\" content=\"https:\/\/www.facebook.com\/OrganisatorFachmagazin\" \/>\n<meta property=\"article:published_time\" content=\"2024-10-17T04:58:03+00:00\" \/>\n<meta property=\"article:modified_time\" content=\"2024-11-07T11:30:35+00:00\" \/>\n<meta property=\"og:image\" content=\"https:\/\/www.m-q.ch\/wp-content\/uploads\/2024\/10\/Sophos_Bild1_ps.jpg\" \/>\n<meta name=\"author\" content=\"Dzana Muminovic\" \/>\n<meta name=\"twitter:card\" content=\"summary_large_image\" \/>\n<script type=\"application\/ld+json\" class=\"yoast-schema-graph\">{\"@context\":\"https:\\\/\\\/schema.org\",\"@graph\":[{\"@type\":\"Article\",\"@id\":\"https:\\\/\\\/www.organisator.ch\\\/operational-excellence\\\/2024-10-17\\\/kmus-schneiden-bei-der-cyberresilienz-schlecht-ab\\\/#article\",\"isPartOf\":{\"@id\":\"https:\\\/\\\/www.organisator.ch\\\/operational-excellence\\\/2024-10-17\\\/kmus-schneiden-bei-der-cyberresilienz-schlecht-ab\\\/\"},\"author\":{\"name\":\"Dzana Muminovic\",\"@id\":\"https:\\\/\\\/www.organisator.ch\\\/#\\\/schema\\\/person\\\/afccda3a71c06d4be2ed9100dd163db7\"},\"headline\":\"KMUs schneiden bei der Cyberresilienz schlecht ab\",\"datePublished\":\"2024-10-17T04:58:03+00:00\",\"dateModified\":\"2024-11-07T11:30:35+00:00\",\"mainEntityOfPage\":{\"@id\":\"https:\\\/\\\/www.organisator.ch\\\/operational-excellence\\\/2024-10-17\\\/kmus-schneiden-bei-der-cyberresilienz-schlecht-ab\\\/\"},\"wordCount\":351,\"publisher\":{\"@id\":\"https:\\\/\\\/www.organisator.ch\\\/#organization\"},\"image\":{\"@id\":\"https:\\\/\\\/www.organisator.ch\\\/operational-excellence\\\/2024-10-17\\\/kmus-schneiden-bei-der-cyberresilienz-schlecht-ab\\\/#primaryimage\"},\"thumbnailUrl\":\"https:\\\/\\\/www.m-q.ch\\\/wp-content\\\/uploads\\\/2024\\\/10\\\/Sophos_Bild1_ps.jpg\",\"keywords\":[\"Cyberresilienz\",\"Fachkr\u00e4ftemangel\",\"KMU\",\"Risiko\",\"Risikomanagement\",\"Unternehmen\"],\"articleSection\":[\"OPERATIONAL EXCELLENCE\"],\"inLanguage\":\"it-IT\"},{\"@type\":\"WebPage\",\"@id\":\"https:\\\/\\\/www.organisator.ch\\\/operational-excellence\\\/2024-10-17\\\/kmus-schneiden-bei-der-cyberresilienz-schlecht-ab\\\/\",\"url\":\"https:\\\/\\\/www.organisator.ch\\\/operational-excellence\\\/2024-10-17\\\/kmus-schneiden-bei-der-cyberresilienz-schlecht-ab\\\/\",\"name\":\"KMUs schneiden bei der Cyberresilienz schlecht ab - Organisator\",\"isPartOf\":{\"@id\":\"https:\\\/\\\/www.organisator.ch\\\/#website\"},\"primaryImageOfPage\":{\"@id\":\"https:\\\/\\\/www.organisator.ch\\\/operational-excellence\\\/2024-10-17\\\/kmus-schneiden-bei-der-cyberresilienz-schlecht-ab\\\/#primaryimage\"},\"image\":{\"@id\":\"https:\\\/\\\/www.organisator.ch\\\/operational-excellence\\\/2024-10-17\\\/kmus-schneiden-bei-der-cyberresilienz-schlecht-ab\\\/#primaryimage\"},\"thumbnailUrl\":\"https:\\\/\\\/www.m-q.ch\\\/wp-content\\\/uploads\\\/2024\\\/10\\\/Sophos_Bild1_ps.jpg\",\"datePublished\":\"2024-10-17T04:58:03+00:00\",\"dateModified\":\"2024-11-07T11:30:35+00:00\",\"description\":\"Sophos-Bericht 2024 zeigt, wie Fachkr\u00e4ftemangel KMUs bei Cyberangriffen schw\u00e4cht und L\u00f6sungsans\u00e4tze.\",\"breadcrumb\":{\"@id\":\"https:\\\/\\\/www.organisator.ch\\\/operational-excellence\\\/2024-10-17\\\/kmus-schneiden-bei-der-cyberresilienz-schlecht-ab\\\/#breadcrumb\"},\"inLanguage\":\"it-IT\",\"potentialAction\":[{\"@type\":\"ReadAction\",\"target\":[\"https:\\\/\\\/www.organisator.ch\\\/operational-excellence\\\/2024-10-17\\\/kmus-schneiden-bei-der-cyberresilienz-schlecht-ab\\\/\"]}]},{\"@type\":\"ImageObject\",\"inLanguage\":\"it-IT\",\"@id\":\"https:\\\/\\\/www.organisator.ch\\\/operational-excellence\\\/2024-10-17\\\/kmus-schneiden-bei-der-cyberresilienz-schlecht-ab\\\/#primaryimage\",\"url\":\"https:\\\/\\\/www.m-q.ch\\\/wp-content\\\/uploads\\\/2024\\\/10\\\/Sophos_Bild1_ps.jpg\",\"contentUrl\":\"https:\\\/\\\/www.m-q.ch\\\/wp-content\\\/uploads\\\/2024\\\/10\\\/Sophos_Bild1_ps.jpg\"},{\"@type\":\"BreadcrumbList\",\"@id\":\"https:\\\/\\\/www.organisator.ch\\\/operational-excellence\\\/2024-10-17\\\/kmus-schneiden-bei-der-cyberresilienz-schlecht-ab\\\/#breadcrumb\",\"itemListElement\":[{\"@type\":\"ListItem\",\"position\":1,\"name\":\"Home\",\"item\":\"https:\\\/\\\/www.organisator.ch\\\/\"},{\"@type\":\"ListItem\",\"position\":2,\"name\":\"KMUs schneiden bei der Cyberresilienz schlecht ab\"}]},{\"@type\":\"WebSite\",\"@id\":\"https:\\\/\\\/www.organisator.ch\\\/#website\",\"url\":\"https:\\\/\\\/www.organisator.ch\\\/\",\"name\":\"Organisator\",\"description\":\"Kompetent. Praxisnah. Der ORGANISATOR bereitet in 10 Ausgaben pro Jahr die wesentlichen Themen f\u00fcr F\u00fchrungskr\u00e4fte von KMU auf.\",\"publisher\":{\"@id\":\"https:\\\/\\\/www.organisator.ch\\\/#organization\"},\"potentialAction\":[{\"@type\":\"SearchAction\",\"target\":{\"@type\":\"EntryPoint\",\"urlTemplate\":\"https:\\\/\\\/www.organisator.ch\\\/?s={search_term_string}\"},\"query-input\":{\"@type\":\"PropertyValueSpecification\",\"valueRequired\":true,\"valueName\":\"search_term_string\"}}],\"inLanguage\":\"it-IT\"},{\"@type\":\"Organization\",\"@id\":\"https:\\\/\\\/www.organisator.ch\\\/#organization\",\"name\":\"Organisator\",\"url\":\"https:\\\/\\\/www.organisator.ch\\\/\",\"logo\":{\"@type\":\"ImageObject\",\"inLanguage\":\"it-IT\",\"@id\":\"https:\\\/\\\/www.organisator.ch\\\/#\\\/schema\\\/logo\\\/image\\\/\",\"url\":\"https:\\\/\\\/www.organisator.ch\\\/wp-content\\\/uploads\\\/2022\\\/01\\\/Logo_Organisator_Website.png\",\"contentUrl\":\"https:\\\/\\\/www.organisator.ch\\\/wp-content\\\/uploads\\\/2022\\\/01\\\/Logo_Organisator_Website.png\",\"width\":800,\"height\":77,\"caption\":\"Organisator\"},\"image\":{\"@id\":\"https:\\\/\\\/www.organisator.ch\\\/#\\\/schema\\\/logo\\\/image\\\/\"},\"sameAs\":[\"https:\\\/\\\/www.facebook.com\\\/OrganisatorFachmagazin\",\"https:\\\/\\\/www.linkedin.com\\\/showcase\\\/organisator-das-magazin-fr-kmu\",\"https:\\\/\\\/www.xing.com\\\/news\\\/pages\\\/organisator-ch-695\",\"https:\\\/\\\/www.youtube.com\\\/channel\\\/UCGP2Sq0iWaZwT3BdIAQFYpw\"]},{\"@type\":\"Person\",\"@id\":\"https:\\\/\\\/www.organisator.ch\\\/#\\\/schema\\\/person\\\/afccda3a71c06d4be2ed9100dd163db7\",\"name\":\"Dzana Muminovic\",\"image\":{\"@type\":\"ImageObject\",\"inLanguage\":\"it-IT\",\"@id\":\"https:\\\/\\\/secure.gravatar.com\\\/avatar\\\/909c5c71aff4b38e88686f2ab2f1ba152571f394f41ed8bae431ea56ced93050?s=96&d=mm&r=g\",\"url\":\"https:\\\/\\\/secure.gravatar.com\\\/avatar\\\/909c5c71aff4b38e88686f2ab2f1ba152571f394f41ed8bae431ea56ced93050?s=96&d=mm&r=g\",\"contentUrl\":\"https:\\\/\\\/secure.gravatar.com\\\/avatar\\\/909c5c71aff4b38e88686f2ab2f1ba152571f394f41ed8bae431ea56ced93050?s=96&d=mm&r=g\",\"caption\":\"Dzana Muminovic\"},\"url\":\"https:\\\/\\\/www.organisator.ch\\\/it\\\/author\\\/dzana-muminovic\\\/\"}]}<\/script>\n<!-- \/ Yoast SEO plugin. -->","yoast_head_json":{"title":"Le PMI hanno prestazioni scarse in termini di resilienza informatica - Organizzatore","description":"Il Rapporto Sophos 2024 mostra come la carenza di competenze indebolisca le PMI negli attacchi informatici e le possibili soluzioni","robots":{"index":"index","follow":"follow","max-snippet":"max-snippet:-1","max-image-preview":"max-image-preview:large","max-video-preview":"max-video-preview:-1"},"canonical":"https:\/\/www.organisator.ch\/it\/eccellenza-operativa\/2024-10-17\/kmus-schneiden-bei-der-cyberresilienz-schlecht-ab\/","og_locale":"it_IT","og_type":"article","og_title":"KMUs schneiden bei der Cyberresilienz schlecht ab - Organisator","og_description":"Sophos-Bericht 2024 zeigt, wie Fachkr\u00e4ftemangel KMUs bei Cyberangriffen schw\u00e4cht und L\u00f6sungsans\u00e4tze.","og_url":"https:\/\/www.organisator.ch\/it\/eccellenza-operativa\/2024-10-17\/kmus-schneiden-bei-der-cyberresilienz-schlecht-ab\/","og_site_name":"Organisator","article_publisher":"https:\/\/www.facebook.com\/OrganisatorFachmagazin","article_published_time":"2024-10-17T04:58:03+00:00","article_modified_time":"2024-11-07T11:30:35+00:00","og_image":[{"url":"https:\/\/www.m-q.ch\/wp-content\/uploads\/2024\/10\/Sophos_Bild1_ps.jpg","type":"","width":"","height":""}],"author":"Dzana Muminovic","twitter_card":"summary_large_image","schema":{"@context":"https:\/\/schema.org","@graph":[{"@type":"Article","@id":"https:\/\/www.organisator.ch\/operational-excellence\/2024-10-17\/kmus-schneiden-bei-der-cyberresilienz-schlecht-ab\/#article","isPartOf":{"@id":"https:\/\/www.organisator.ch\/operational-excellence\/2024-10-17\/kmus-schneiden-bei-der-cyberresilienz-schlecht-ab\/"},"author":{"name":"Dzana Muminovic","@id":"https:\/\/www.organisator.ch\/#\/schema\/person\/afccda3a71c06d4be2ed9100dd163db7"},"headline":"KMUs schneiden bei der Cyberresilienz schlecht ab","datePublished":"2024-10-17T04:58:03+00:00","dateModified":"2024-11-07T11:30:35+00:00","mainEntityOfPage":{"@id":"https:\/\/www.organisator.ch\/operational-excellence\/2024-10-17\/kmus-schneiden-bei-der-cyberresilienz-schlecht-ab\/"},"wordCount":351,"publisher":{"@id":"https:\/\/www.organisator.ch\/#organization"},"image":{"@id":"https:\/\/www.organisator.ch\/operational-excellence\/2024-10-17\/kmus-schneiden-bei-der-cyberresilienz-schlecht-ab\/#primaryimage"},"thumbnailUrl":"https:\/\/www.m-q.ch\/wp-content\/uploads\/2024\/10\/Sophos_Bild1_ps.jpg","keywords":["Cyberresilienz","Fachkr\u00e4ftemangel","KMU","Risiko","Risikomanagement","Unternehmen"],"articleSection":["OPERATIONAL EXCELLENCE"],"inLanguage":"it-IT"},{"@type":"WebPage","@id":"https:\/\/www.organisator.ch\/operational-excellence\/2024-10-17\/kmus-schneiden-bei-der-cyberresilienz-schlecht-ab\/","url":"https:\/\/www.organisator.ch\/operational-excellence\/2024-10-17\/kmus-schneiden-bei-der-cyberresilienz-schlecht-ab\/","name":"Le PMI hanno prestazioni scarse in termini di resilienza informatica - Organizzatore","isPartOf":{"@id":"https:\/\/www.organisator.ch\/#website"},"primaryImageOfPage":{"@id":"https:\/\/www.organisator.ch\/operational-excellence\/2024-10-17\/kmus-schneiden-bei-der-cyberresilienz-schlecht-ab\/#primaryimage"},"image":{"@id":"https:\/\/www.organisator.ch\/operational-excellence\/2024-10-17\/kmus-schneiden-bei-der-cyberresilienz-schlecht-ab\/#primaryimage"},"thumbnailUrl":"https:\/\/www.m-q.ch\/wp-content\/uploads\/2024\/10\/Sophos_Bild1_ps.jpg","datePublished":"2024-10-17T04:58:03+00:00","dateModified":"2024-11-07T11:30:35+00:00","description":"Il Rapporto Sophos 2024 mostra come la carenza di competenze indebolisca le PMI negli attacchi informatici e le possibili soluzioni","breadcrumb":{"@id":"https:\/\/www.organisator.ch\/operational-excellence\/2024-10-17\/kmus-schneiden-bei-der-cyberresilienz-schlecht-ab\/#breadcrumb"},"inLanguage":"it-IT","potentialAction":[{"@type":"ReadAction","target":["https:\/\/www.organisator.ch\/operational-excellence\/2024-10-17\/kmus-schneiden-bei-der-cyberresilienz-schlecht-ab\/"]}]},{"@type":"ImageObject","inLanguage":"it-IT","@id":"https:\/\/www.organisator.ch\/operational-excellence\/2024-10-17\/kmus-schneiden-bei-der-cyberresilienz-schlecht-ab\/#primaryimage","url":"https:\/\/www.m-q.ch\/wp-content\/uploads\/2024\/10\/Sophos_Bild1_ps.jpg","contentUrl":"https:\/\/www.m-q.ch\/wp-content\/uploads\/2024\/10\/Sophos_Bild1_ps.jpg"},{"@type":"BreadcrumbList","@id":"https:\/\/www.organisator.ch\/operational-excellence\/2024-10-17\/kmus-schneiden-bei-der-cyberresilienz-schlecht-ab\/#breadcrumb","itemListElement":[{"@type":"ListItem","position":1,"name":"Home","item":"https:\/\/www.organisator.ch\/"},{"@type":"ListItem","position":2,"name":"KMUs schneiden bei der Cyberresilienz schlecht ab"}]},{"@type":"WebSite","@id":"https:\/\/www.organisator.ch\/#website","url":"https:\/\/www.organisator.ch\/","name":"Organizzatore","description":"Competente. Pratico. In 10 numeri all'anno, ORGANISATOR presenta i temi essenziali per i manager delle PMI.","publisher":{"@id":"https:\/\/www.organisator.ch\/#organization"},"potentialAction":[{"@type":"SearchAction","target":{"@type":"EntryPoint","urlTemplate":"https:\/\/www.organisator.ch\/?s={search_term_string}"},"query-input":{"@type":"PropertyValueSpecification","valueRequired":true,"valueName":"search_term_string"}}],"inLanguage":"it-IT"},{"@type":"Organization","@id":"https:\/\/www.organisator.ch\/#organization","name":"Organizzatore","url":"https:\/\/www.organisator.ch\/","logo":{"@type":"ImageObject","inLanguage":"it-IT","@id":"https:\/\/www.organisator.ch\/#\/schema\/logo\/image\/","url":"https:\/\/www.organisator.ch\/wp-content\/uploads\/2022\/01\/Logo_Organisator_Website.png","contentUrl":"https:\/\/www.organisator.ch\/wp-content\/uploads\/2022\/01\/Logo_Organisator_Website.png","width":800,"height":77,"caption":"Organisator"},"image":{"@id":"https:\/\/www.organisator.ch\/#\/schema\/logo\/image\/"},"sameAs":["https:\/\/www.facebook.com\/OrganisatorFachmagazin","https:\/\/www.linkedin.com\/showcase\/organisator-das-magazin-fr-kmu","https:\/\/www.xing.com\/news\/pages\/organisator-ch-695","https:\/\/www.youtube.com\/channel\/UCGP2Sq0iWaZwT3BdIAQFYpw"]},{"@type":"Person","@id":"https:\/\/www.organisator.ch\/#\/schema\/person\/afccda3a71c06d4be2ed9100dd163db7","name":"Dzana Muminovic","image":{"@type":"ImageObject","inLanguage":"it-IT","@id":"https:\/\/secure.gravatar.com\/avatar\/909c5c71aff4b38e88686f2ab2f1ba152571f394f41ed8bae431ea56ced93050?s=96&d=mm&r=g","url":"https:\/\/secure.gravatar.com\/avatar\/909c5c71aff4b38e88686f2ab2f1ba152571f394f41ed8bae431ea56ced93050?s=96&d=mm&r=g","contentUrl":"https:\/\/secure.gravatar.com\/avatar\/909c5c71aff4b38e88686f2ab2f1ba152571f394f41ed8bae431ea56ced93050?s=96&d=mm&r=g","caption":"Dzana Muminovic"},"url":"https:\/\/www.organisator.ch\/it\/author\/dzana-muminovic\/"}]}},"_links":{"self":[{"href":"https:\/\/www.organisator.ch\/it\/wp-json\/wp\/v2\/posts\/30782","targetHints":{"allow":["GET"]}}],"collection":[{"href":"https:\/\/www.organisator.ch\/it\/wp-json\/wp\/v2\/posts"}],"about":[{"href":"https:\/\/www.organisator.ch\/it\/wp-json\/wp\/v2\/types\/post"}],"author":[{"embeddable":true,"href":"https:\/\/www.organisator.ch\/it\/wp-json\/wp\/v2\/users\/80"}],"replies":[{"embeddable":true,"href":"https:\/\/www.organisator.ch\/it\/wp-json\/wp\/v2\/comments?post=30782"}],"version-history":[{"count":5,"href":"https:\/\/www.organisator.ch\/it\/wp-json\/wp\/v2\/posts\/30782\/revisions"}],"predecessor-version":[{"id":31752,"href":"https:\/\/www.organisator.ch\/it\/wp-json\/wp\/v2\/posts\/30782\/revisions\/31752"}],"wp:attachment":[{"href":"https:\/\/www.organisator.ch\/it\/wp-json\/wp\/v2\/media?parent=30782"}],"wp:term":[{"taxonomy":"category","embeddable":true,"href":"https:\/\/www.organisator.ch\/it\/wp-json\/wp\/v2\/categories?post=30782"},{"taxonomy":"post_tag","embeddable":true,"href":"https:\/\/www.organisator.ch\/it\/wp-json\/wp\/v2\/tags?post=30782"}],"curies":[{"name":"wp","href":"https:\/\/api.w.org\/{rel}","templated":true}]}}