{"id":3082,"date":"2020-05-26T12:06:56","date_gmt":"2020-05-26T10:06:56","guid":{"rendered":"https:\/\/www.umweltperspektiven.ch\/?p=3082"},"modified":"2022-02-09T11:06:49","modified_gmt":"2022-02-09T10:06:49","slug":"schweizer-oekologie-forscher-gegen-die-naechste-pandemie","status":"publish","type":"post","link":"https:\/\/www.organisator.ch\/it\/sustainability\/2020-05-26\/schweizer-oekologie-forscher-gegen-die-naechste-pandemie\/","title":{"rendered":"Ricercatori svizzeri di ecologia contro la prossima pandemia"},"content":{"rendered":"<p>&nbsp;<\/p>\n<figure id=\"attachment_3083\" aria-describedby=\"caption-attachment-3083\" style=\"width: 680px\" class=\"wp-caption alignnone\"><img loading=\"lazy\" decoding=\"async\" class=\"size-medium wp-image-3083\" src=\"\/\/www.umweltperspektiven.ch\/wp-content\/uploads\/2020\/05\/Pandemie-\u00d6kologie-Forscher-UP-Umwelt-Perspektiven.jpg\" alt=\"\" width=\"680\" height=\"457\" \/><figcaption id=\"caption-attachment-3083\" class=\"wp-caption-text\">Ogni anno, le foreste vengono distrutte molte volte e le popolazioni animali vengono spostate. Questo ha un effetto drastico sulla situazione sanitaria globale, vedi crisi di Corona in corso. (Immagine: Unsplash_Justus_Menke)<\/figcaption><\/figure>\n<p class=\"article-paragraph\">Non ci sono due pandemie uguali. 126 I ricercatori svizzeri sono convinti: la pandemia di Covid 19 rientra nel gruppo delle zoonosi. Si tratta di malattie infettive che si trasmettono tra animali selvatici, animali domestici e umani.<\/p>\n<p class=\"article-paragraph\">La stragrande maggioranza dei virus sono innocui per gli esseri umani, ma anche una piccola percentuale di specie infettive \u00e8 sufficiente per formare una fenomenale riserva di aggressivi diffusori di malattie.<\/p>\n<p class=\"article-paragraph\">\"Per anni ci siamo confrontati con HIV, Ebola, Dengue, Zika, Chikungunya, febbre di Lassa, Sars, H5N1, H1N1 e altre nuove malattie. Il loro numero sembra aumentare costantemente negli ultimi 50 anni. Ecco perch\u00e9 le epidemie si verificano sempre pi\u00f9 frequentemente\", dice il commento recentemente pubblicato nel \"Bund\" (titolo: \"Mit mehr \u00d6kologie gegen die n\u00e4chste Pandemie\" [Con pi\u00f9 ecologia contro la prossima pandemia] del 24 maggio 2020).<\/p>\n<p class=\"article-paragraph\">Afferma che sulla terra esistono sempre meno animali selvatici. Ora rappresentano solo il cinque per cento della biomassa di tutti i mammiferi terrestri!<\/p>\n<p class=\"article-paragraph\">\"Pertanto, si potrebbe pensare che la minaccia rappresentata dalla trasmissione di un virus dai mammiferi selvatici all'uomo stia diminuendo. Ma \u00e8 il contrario. Perch\u00e9 la nostra impronta su tutto il pianeta \u00e8 diventata problematica\", continua.<\/p>\n<p class=\"article-paragraph\">Questo \u00e8 dimostrato in modo impressionante dal rapporto globale della Piattaforma intergovernativa sulla biodiversit\u00e0 e i servizi ecosistemici (<a href=\"\/\/ipbes.net\/\" target=\"_blank\" rel=\"noopener\">IPBES<\/a>).<\/p>\n<p><strong>Rischio n. 1: trasmissione di agenti patogeni<\/strong><\/p>\n<p class=\"article-paragraph\">La grave frammentazione e l'espansione urbana dei paesaggi naturali e il preoccupante impoverimento della biodiversit\u00e0 significano che le catene alimentari in natura sono cos\u00ec gravemente interrotte che la fauna selvatica in molti luoghi \u00e8 costretta a rivolgersi alle risorse derivanti dalle attivit\u00e0 umane.<\/p>\n<p class=\"article-paragraph\">Tuttavia, questo aumenta il rischio di trasmissione di agenti patogeni dagli animali selvatici agli esseri umani, direttamente o attraverso i loro animali domestici e il bestiame. I virus beneficiano di questi nuovi contatti molto pi\u00f9 frequenti con i nuovi ospiti potenziali. Quelli che fanno il salto beneficiano dell'interconnessione globale delle nostre attivit\u00e0, come stiamo vedendo ora con il virus Sars-Cov-2.<\/p>\n<p><strong>L'estinzione di massa delle specie progredisce<\/strong><\/p>\n<p class=\"article-paragraph\">Le pandemie sono solo un aspetto del cambiamento globale. Non meno preoccupante \u00e8 l'estinzione di massa delle specie innescata dai cambiamenti dell'ambiente naturale, il sovrasfruttamento delle risorse naturali, l'inquinamento dell'aria, dell'acqua e del suolo e lo sconvolgimento del clima causato dalle emissioni di gas serra.<\/p>\n<p class=\"article-paragraph\">L'umanit\u00e0 oggi si confronta con le conseguenze delle sue stesse attivit\u00e0. Come l'IPCC per il clima, l'IPBES ha un'ampia conoscenza fattuale sulle sfide della conservazione della biodiversit\u00e0 e degli ecosistemi. Le conclusioni che ne derivano devono essere fatte proprie da tutti gli attori della societ\u00e0, specialmente dai politici eletti, se vogliono avviare politiche nazionali e sovranazionali che siano all'altezza di queste sfide.<\/p>\n<p class=\"article-paragraph\"><strong>Il cambiamento politico, naturalmente, ha richiesto\u00a0<\/strong><\/p>\n<p>\"Noi quattro parliamo a nome di un totale di 126 scienziati svizzeri che chiedono ai nostri politici di agire immediatamente sui fattori che sono alla base delle prossime drammatiche pandemie. Come un passo importante nella direzione del necessario cambio di rotta, raccomandiamo di adottare misure innovative per contrastare il cambiamento climatico in modo pi\u00f9 deciso di prima, per proteggere la biodiversit\u00e0, le foreste tropicali e altri habitat naturali sulla terra e in acqua, e per promuovere un uso pi\u00f9 rispettoso della terra, cos\u00ec come un'economia che ci permetta di ridurre significativamente la nostra impronta ecologica\". (Fonte: La Confederazione)<\/p>\n<div>\n<div class=\"infoboxheader\" tabindex=\"0\" role=\"button\">\n<p>D<em>I 126 scienziati che sono dietro l'appello possono essere trovati su <a href=\"\/\/www.derbund.ch\/mit-mehr-oekologie-gegen-die-naechste-pandemie-739478012138\">qui<\/a><\/em><\/p>\n<p>&nbsp;<\/p>\n<\/div>\n<\/div>","protected":false},"excerpt":{"rendered":"<p>&nbsp; Keine Pandemie ist wie die andere. 126 Forschende aus der Schweiz sind \u00fcberzeugt: Die Covid-19-Pandemie f\u00e4llt in die Gruppe der Zoonosen. Das sind Infektionskrankheiten, die zwischen Wildtieren, Haustieren und Menschen \u00fcbertragen werden. Die \u00fcberwiegende Mehrheit von Viren sei f\u00fcr Menschen harmlos, aber schon ein kleiner Prozentsatz infekti\u00f6ser Arten reichte aus, um eine ph\u00e4nomenale Reserve [&hellip;]<\/p>\n","protected":false},"author":5,"featured_media":3083,"comment_status":"closed","ping_status":"closed","sticky":false,"template":"","format":"standard","meta":{"_acf_changed":false,"_yoast_wpseo_focuskw":"Pandemie","_yoast_wpseo_metadesc":"","articlekey":"","footnotes":""},"categories":[580],"tags":[731,953,1217,1570,1882,424,2606],"class_list":["post-3082","post","type-post","status-publish","format-standard","has-post-thumbnail","hentry","category-sustainability","tag-artensterben","tag-covid-19","tag-forscher","tag-krise","tag-pandemie","tag-schweiz","tag-zoonosen"],"acf":[],"yoast_head":"<!-- This site is optimized with the Yoast SEO plugin v27.4 - https:\/\/yoast.com\/product\/yoast-seo-wordpress\/ -->\n<title>Schweizer \u00d6kologie-Forscher gegen die n\u00e4chste Pandemie - Organisator<\/title>\n<meta name=\"robots\" content=\"index, follow, max-snippet:-1, max-image-preview:large, max-video-preview:-1\" \/>\n<link rel=\"canonical\" href=\"https:\/\/www.organisator.ch\/it\/sostenibilita\/2020-05-26\/schweizer-oekologie-forscher-gegen-die-naechste-pandemie\/\" \/>\n<meta property=\"og:locale\" content=\"it_IT\" \/>\n<meta property=\"og:type\" content=\"article\" \/>\n<meta property=\"og:title\" content=\"Schweizer \u00d6kologie-Forscher gegen die n\u00e4chste Pandemie - Organisator\" \/>\n<meta property=\"og:description\" content=\"&nbsp; Keine Pandemie ist wie die andere. 126 Forschende aus der Schweiz sind \u00fcberzeugt: Die Covid-19-Pandemie f\u00e4llt in die Gruppe der Zoonosen. Das sind Infektionskrankheiten, die zwischen Wildtieren, Haustieren und Menschen \u00fcbertragen werden. Die \u00fcberwiegende Mehrheit von Viren sei f\u00fcr Menschen harmlos, aber schon ein kleiner Prozentsatz infekti\u00f6ser Arten reichte aus, um eine ph\u00e4nomenale Reserve [&hellip;]\" \/>\n<meta property=\"og:url\" content=\"https:\/\/www.organisator.ch\/it\/sostenibilita\/2020-05-26\/schweizer-oekologie-forscher-gegen-die-naechste-pandemie\/\" \/>\n<meta property=\"og:site_name\" content=\"Organisator\" \/>\n<meta property=\"article:publisher\" content=\"https:\/\/www.facebook.com\/OrganisatorFachmagazin\" \/>\n<meta property=\"article:published_time\" content=\"2020-05-26T10:06:56+00:00\" \/>\n<meta property=\"article:modified_time\" content=\"2022-02-09T10:06:49+00:00\" \/>\n<meta property=\"og:image\" content=\"https:\/\/www.organisator.ch\/wp-content\/uploads\/2020\/05\/Pandemie-Oekologie-Forscher-UP-Umwelt-Perspektiven.jpg\" \/>\n\t<meta property=\"og:image:width\" content=\"2531\" \/>\n\t<meta property=\"og:image:height\" content=\"1700\" \/>\n\t<meta property=\"og:image:type\" content=\"image\/jpeg\" \/>\n<meta name=\"author\" content=\"michael.merz\" \/>\n<meta name=\"twitter:card\" content=\"summary_large_image\" \/>\n<script type=\"application\/ld+json\" class=\"yoast-schema-graph\">{\"@context\":\"https:\\\/\\\/schema.org\",\"@graph\":[{\"@type\":\"Article\",\"@id\":\"https:\\\/\\\/www.organisator.ch\\\/sustainability\\\/2020-05-26\\\/schweizer-oekologie-forscher-gegen-die-naechste-pandemie\\\/#article\",\"isPartOf\":{\"@id\":\"https:\\\/\\\/www.organisator.ch\\\/sustainability\\\/2020-05-26\\\/schweizer-oekologie-forscher-gegen-die-naechste-pandemie\\\/\"},\"author\":{\"name\":\"michael.merz\",\"@id\":\"https:\\\/\\\/www.organisator.ch\\\/#\\\/schema\\\/person\\\/134708ca9321c57b0362cceb7948ffbd\"},\"headline\":\"Schweizer \u00d6kologie-Forscher gegen die n\u00e4chste Pandemie\",\"datePublished\":\"2020-05-26T10:06:56+00:00\",\"dateModified\":\"2022-02-09T10:06:49+00:00\",\"mainEntityOfPage\":{\"@id\":\"https:\\\/\\\/www.organisator.ch\\\/sustainability\\\/2020-05-26\\\/schweizer-oekologie-forscher-gegen-die-naechste-pandemie\\\/\"},\"wordCount\":581,\"publisher\":{\"@id\":\"https:\\\/\\\/www.organisator.ch\\\/#organization\"},\"image\":{\"@id\":\"https:\\\/\\\/www.organisator.ch\\\/sustainability\\\/2020-05-26\\\/schweizer-oekologie-forscher-gegen-die-naechste-pandemie\\\/#primaryimage\"},\"thumbnailUrl\":\"https:\\\/\\\/www.organisator.ch\\\/wp-content\\\/uploads\\\/2020\\\/05\\\/Pandemie-Oekologie-Forscher-UP-Umwelt-Perspektiven.jpg\",\"keywords\":[\"Artensterben\",\"Covid-19\",\"Forscher\",\"Krise\",\"Pandemie\",\"Schweiz\",\"Zoonosen\"],\"articleSection\":[\"SUSTAINABILITY\"],\"inLanguage\":\"it-IT\"},{\"@type\":\"WebPage\",\"@id\":\"https:\\\/\\\/www.organisator.ch\\\/sustainability\\\/2020-05-26\\\/schweizer-oekologie-forscher-gegen-die-naechste-pandemie\\\/\",\"url\":\"https:\\\/\\\/www.organisator.ch\\\/sustainability\\\/2020-05-26\\\/schweizer-oekologie-forscher-gegen-die-naechste-pandemie\\\/\",\"name\":\"Schweizer \u00d6kologie-Forscher gegen die n\u00e4chste Pandemie - Organisator\",\"isPartOf\":{\"@id\":\"https:\\\/\\\/www.organisator.ch\\\/#website\"},\"primaryImageOfPage\":{\"@id\":\"https:\\\/\\\/www.organisator.ch\\\/sustainability\\\/2020-05-26\\\/schweizer-oekologie-forscher-gegen-die-naechste-pandemie\\\/#primaryimage\"},\"image\":{\"@id\":\"https:\\\/\\\/www.organisator.ch\\\/sustainability\\\/2020-05-26\\\/schweizer-oekologie-forscher-gegen-die-naechste-pandemie\\\/#primaryimage\"},\"thumbnailUrl\":\"https:\\\/\\\/www.organisator.ch\\\/wp-content\\\/uploads\\\/2020\\\/05\\\/Pandemie-Oekologie-Forscher-UP-Umwelt-Perspektiven.jpg\",\"datePublished\":\"2020-05-26T10:06:56+00:00\",\"dateModified\":\"2022-02-09T10:06:49+00:00\",\"breadcrumb\":{\"@id\":\"https:\\\/\\\/www.organisator.ch\\\/sustainability\\\/2020-05-26\\\/schweizer-oekologie-forscher-gegen-die-naechste-pandemie\\\/#breadcrumb\"},\"inLanguage\":\"it-IT\",\"potentialAction\":[{\"@type\":\"ReadAction\",\"target\":[\"https:\\\/\\\/www.organisator.ch\\\/sustainability\\\/2020-05-26\\\/schweizer-oekologie-forscher-gegen-die-naechste-pandemie\\\/\"]}]},{\"@type\":\"ImageObject\",\"inLanguage\":\"it-IT\",\"@id\":\"https:\\\/\\\/www.organisator.ch\\\/sustainability\\\/2020-05-26\\\/schweizer-oekologie-forscher-gegen-die-naechste-pandemie\\\/#primaryimage\",\"url\":\"https:\\\/\\\/www.organisator.ch\\\/wp-content\\\/uploads\\\/2020\\\/05\\\/Pandemie-Oekologie-Forscher-UP-Umwelt-Perspektiven.jpg\",\"contentUrl\":\"https:\\\/\\\/www.organisator.ch\\\/wp-content\\\/uploads\\\/2020\\\/05\\\/Pandemie-Oekologie-Forscher-UP-Umwelt-Perspektiven.jpg\",\"width\":2531,\"height\":1700,\"caption\":\"Jedes Jahr werden W\u00e4lder und Tierpopulationen um ein Vielfaches zerst\u00f6rt. Dies wirkt sich auch auf die weltweite Gesundheit aus. (Bild: Unsplash_Justus_Menke)\"},{\"@type\":\"BreadcrumbList\",\"@id\":\"https:\\\/\\\/www.organisator.ch\\\/sustainability\\\/2020-05-26\\\/schweizer-oekologie-forscher-gegen-die-naechste-pandemie\\\/#breadcrumb\",\"itemListElement\":[{\"@type\":\"ListItem\",\"position\":1,\"name\":\"Home\",\"item\":\"https:\\\/\\\/www.organisator.ch\\\/\"},{\"@type\":\"ListItem\",\"position\":2,\"name\":\"Schweizer \u00d6kologie-Forscher gegen die n\u00e4chste Pandemie\"}]},{\"@type\":\"WebSite\",\"@id\":\"https:\\\/\\\/www.organisator.ch\\\/#website\",\"url\":\"https:\\\/\\\/www.organisator.ch\\\/\",\"name\":\"Organisator\",\"description\":\"Kompetent. Praxisnah. Der ORGANISATOR bereitet in 10 Ausgaben pro Jahr die wesentlichen Themen f\u00fcr F\u00fchrungskr\u00e4fte von KMU auf.\",\"publisher\":{\"@id\":\"https:\\\/\\\/www.organisator.ch\\\/#organization\"},\"potentialAction\":[{\"@type\":\"SearchAction\",\"target\":{\"@type\":\"EntryPoint\",\"urlTemplate\":\"https:\\\/\\\/www.organisator.ch\\\/?s={search_term_string}\"},\"query-input\":{\"@type\":\"PropertyValueSpecification\",\"valueRequired\":true,\"valueName\":\"search_term_string\"}}],\"inLanguage\":\"it-IT\"},{\"@type\":\"Organization\",\"@id\":\"https:\\\/\\\/www.organisator.ch\\\/#organization\",\"name\":\"Organisator\",\"url\":\"https:\\\/\\\/www.organisator.ch\\\/\",\"logo\":{\"@type\":\"ImageObject\",\"inLanguage\":\"it-IT\",\"@id\":\"https:\\\/\\\/www.organisator.ch\\\/#\\\/schema\\\/logo\\\/image\\\/\",\"url\":\"https:\\\/\\\/www.organisator.ch\\\/wp-content\\\/uploads\\\/2022\\\/01\\\/Logo_Organisator_Website.png\",\"contentUrl\":\"https:\\\/\\\/www.organisator.ch\\\/wp-content\\\/uploads\\\/2022\\\/01\\\/Logo_Organisator_Website.png\",\"width\":800,\"height\":77,\"caption\":\"Organisator\"},\"image\":{\"@id\":\"https:\\\/\\\/www.organisator.ch\\\/#\\\/schema\\\/logo\\\/image\\\/\"},\"sameAs\":[\"https:\\\/\\\/www.facebook.com\\\/OrganisatorFachmagazin\",\"https:\\\/\\\/www.linkedin.com\\\/showcase\\\/organisator-das-magazin-fr-kmu\",\"https:\\\/\\\/www.xing.com\\\/news\\\/pages\\\/organisator-ch-695\",\"https:\\\/\\\/www.youtube.com\\\/channel\\\/UCGP2Sq0iWaZwT3BdIAQFYpw\"]},{\"@type\":\"Person\",\"@id\":\"https:\\\/\\\/www.organisator.ch\\\/#\\\/schema\\\/person\\\/134708ca9321c57b0362cceb7948ffbd\",\"name\":\"michael.merz\",\"image\":{\"@type\":\"ImageObject\",\"inLanguage\":\"it-IT\",\"@id\":\"https:\\\/\\\/secure.gravatar.com\\\/avatar\\\/?s=96&d=mm&r=g\",\"url\":\"https:\\\/\\\/secure.gravatar.com\\\/avatar\\\/?s=96&d=mm&r=g\",\"contentUrl\":\"https:\\\/\\\/secure.gravatar.com\\\/avatar\\\/?s=96&d=mm&r=g\",\"caption\":\"michael.merz\"},\"url\":\"https:\\\/\\\/www.organisator.ch\\\/it\\\/author\\\/michael-merz\\\/\"}]}<\/script>\n<!-- \/ Yoast SEO plugin. -->","yoast_head_json":{"title":"Ricercatori svizzeri di ecologia contro la prossima pandemia - Organizzatore","robots":{"index":"index","follow":"follow","max-snippet":"max-snippet:-1","max-image-preview":"max-image-preview:large","max-video-preview":"max-video-preview:-1"},"canonical":"https:\/\/www.organisator.ch\/it\/sostenibilita\/2020-05-26\/schweizer-oekologie-forscher-gegen-die-naechste-pandemie\/","og_locale":"it_IT","og_type":"article","og_title":"Schweizer \u00d6kologie-Forscher gegen die n\u00e4chste Pandemie - Organisator","og_description":"&nbsp; Keine Pandemie ist wie die andere. 126 Forschende aus der Schweiz sind \u00fcberzeugt: Die Covid-19-Pandemie f\u00e4llt in die Gruppe der Zoonosen. Das sind Infektionskrankheiten, die zwischen Wildtieren, Haustieren und Menschen \u00fcbertragen werden. Die \u00fcberwiegende Mehrheit von Viren sei f\u00fcr Menschen harmlos, aber schon ein kleiner Prozentsatz infekti\u00f6ser Arten reichte aus, um eine ph\u00e4nomenale Reserve [&hellip;]","og_url":"https:\/\/www.organisator.ch\/it\/sostenibilita\/2020-05-26\/schweizer-oekologie-forscher-gegen-die-naechste-pandemie\/","og_site_name":"Organisator","article_publisher":"https:\/\/www.facebook.com\/OrganisatorFachmagazin","article_published_time":"2020-05-26T10:06:56+00:00","article_modified_time":"2022-02-09T10:06:49+00:00","og_image":[{"width":2531,"height":1700,"url":"https:\/\/www.organisator.ch\/wp-content\/uploads\/2020\/05\/Pandemie-Oekologie-Forscher-UP-Umwelt-Perspektiven.jpg","type":"image\/jpeg"}],"author":"michael.merz","twitter_card":"summary_large_image","schema":{"@context":"https:\/\/schema.org","@graph":[{"@type":"Article","@id":"https:\/\/www.organisator.ch\/sustainability\/2020-05-26\/schweizer-oekologie-forscher-gegen-die-naechste-pandemie\/#article","isPartOf":{"@id":"https:\/\/www.organisator.ch\/sustainability\/2020-05-26\/schweizer-oekologie-forscher-gegen-die-naechste-pandemie\/"},"author":{"name":"michael.merz","@id":"https:\/\/www.organisator.ch\/#\/schema\/person\/134708ca9321c57b0362cceb7948ffbd"},"headline":"Schweizer \u00d6kologie-Forscher gegen die n\u00e4chste Pandemie","datePublished":"2020-05-26T10:06:56+00:00","dateModified":"2022-02-09T10:06:49+00:00","mainEntityOfPage":{"@id":"https:\/\/www.organisator.ch\/sustainability\/2020-05-26\/schweizer-oekologie-forscher-gegen-die-naechste-pandemie\/"},"wordCount":581,"publisher":{"@id":"https:\/\/www.organisator.ch\/#organization"},"image":{"@id":"https:\/\/www.organisator.ch\/sustainability\/2020-05-26\/schweizer-oekologie-forscher-gegen-die-naechste-pandemie\/#primaryimage"},"thumbnailUrl":"https:\/\/www.organisator.ch\/wp-content\/uploads\/2020\/05\/Pandemie-Oekologie-Forscher-UP-Umwelt-Perspektiven.jpg","keywords":["Artensterben","Covid-19","Forscher","Krise","Pandemie","Schweiz","Zoonosen"],"articleSection":["SUSTAINABILITY"],"inLanguage":"it-IT"},{"@type":"WebPage","@id":"https:\/\/www.organisator.ch\/sustainability\/2020-05-26\/schweizer-oekologie-forscher-gegen-die-naechste-pandemie\/","url":"https:\/\/www.organisator.ch\/sustainability\/2020-05-26\/schweizer-oekologie-forscher-gegen-die-naechste-pandemie\/","name":"Ricercatori svizzeri di ecologia contro la prossima pandemia - Organizzatore","isPartOf":{"@id":"https:\/\/www.organisator.ch\/#website"},"primaryImageOfPage":{"@id":"https:\/\/www.organisator.ch\/sustainability\/2020-05-26\/schweizer-oekologie-forscher-gegen-die-naechste-pandemie\/#primaryimage"},"image":{"@id":"https:\/\/www.organisator.ch\/sustainability\/2020-05-26\/schweizer-oekologie-forscher-gegen-die-naechste-pandemie\/#primaryimage"},"thumbnailUrl":"https:\/\/www.organisator.ch\/wp-content\/uploads\/2020\/05\/Pandemie-Oekologie-Forscher-UP-Umwelt-Perspektiven.jpg","datePublished":"2020-05-26T10:06:56+00:00","dateModified":"2022-02-09T10:06:49+00:00","breadcrumb":{"@id":"https:\/\/www.organisator.ch\/sustainability\/2020-05-26\/schweizer-oekologie-forscher-gegen-die-naechste-pandemie\/#breadcrumb"},"inLanguage":"it-IT","potentialAction":[{"@type":"ReadAction","target":["https:\/\/www.organisator.ch\/sustainability\/2020-05-26\/schweizer-oekologie-forscher-gegen-die-naechste-pandemie\/"]}]},{"@type":"ImageObject","inLanguage":"it-IT","@id":"https:\/\/www.organisator.ch\/sustainability\/2020-05-26\/schweizer-oekologie-forscher-gegen-die-naechste-pandemie\/#primaryimage","url":"https:\/\/www.organisator.ch\/wp-content\/uploads\/2020\/05\/Pandemie-Oekologie-Forscher-UP-Umwelt-Perspektiven.jpg","contentUrl":"https:\/\/www.organisator.ch\/wp-content\/uploads\/2020\/05\/Pandemie-Oekologie-Forscher-UP-Umwelt-Perspektiven.jpg","width":2531,"height":1700,"caption":"Jedes Jahr werden W\u00e4lder und Tierpopulationen um ein Vielfaches zerst\u00f6rt. Dies wirkt sich auch auf die weltweite Gesundheit aus. (Bild: Unsplash_Justus_Menke)"},{"@type":"BreadcrumbList","@id":"https:\/\/www.organisator.ch\/sustainability\/2020-05-26\/schweizer-oekologie-forscher-gegen-die-naechste-pandemie\/#breadcrumb","itemListElement":[{"@type":"ListItem","position":1,"name":"Home","item":"https:\/\/www.organisator.ch\/"},{"@type":"ListItem","position":2,"name":"Schweizer \u00d6kologie-Forscher gegen die n\u00e4chste Pandemie"}]},{"@type":"WebSite","@id":"https:\/\/www.organisator.ch\/#website","url":"https:\/\/www.organisator.ch\/","name":"Organizzatore","description":"Competente. Pratico. In 10 numeri all'anno, ORGANISATOR presenta i temi essenziali per i manager delle PMI.","publisher":{"@id":"https:\/\/www.organisator.ch\/#organization"},"potentialAction":[{"@type":"SearchAction","target":{"@type":"EntryPoint","urlTemplate":"https:\/\/www.organisator.ch\/?s={search_term_string}"},"query-input":{"@type":"PropertyValueSpecification","valueRequired":true,"valueName":"search_term_string"}}],"inLanguage":"it-IT"},{"@type":"Organization","@id":"https:\/\/www.organisator.ch\/#organization","name":"Organizzatore","url":"https:\/\/www.organisator.ch\/","logo":{"@type":"ImageObject","inLanguage":"it-IT","@id":"https:\/\/www.organisator.ch\/#\/schema\/logo\/image\/","url":"https:\/\/www.organisator.ch\/wp-content\/uploads\/2022\/01\/Logo_Organisator_Website.png","contentUrl":"https:\/\/www.organisator.ch\/wp-content\/uploads\/2022\/01\/Logo_Organisator_Website.png","width":800,"height":77,"caption":"Organisator"},"image":{"@id":"https:\/\/www.organisator.ch\/#\/schema\/logo\/image\/"},"sameAs":["https:\/\/www.facebook.com\/OrganisatorFachmagazin","https:\/\/www.linkedin.com\/showcase\/organisator-das-magazin-fr-kmu","https:\/\/www.xing.com\/news\/pages\/organisator-ch-695","https:\/\/www.youtube.com\/channel\/UCGP2Sq0iWaZwT3BdIAQFYpw"]},{"@type":"Person","@id":"https:\/\/www.organisator.ch\/#\/schema\/person\/134708ca9321c57b0362cceb7948ffbd","name":"michael.merz","image":{"@type":"ImageObject","inLanguage":"it-IT","@id":"https:\/\/secure.gravatar.com\/avatar\/?s=96&d=mm&r=g","url":"https:\/\/secure.gravatar.com\/avatar\/?s=96&d=mm&r=g","contentUrl":"https:\/\/secure.gravatar.com\/avatar\/?s=96&d=mm&r=g","caption":"michael.merz"},"url":"https:\/\/www.organisator.ch\/it\/author\/michael-merz\/"}]}},"_links":{"self":[{"href":"https:\/\/www.organisator.ch\/it\/wp-json\/wp\/v2\/posts\/3082","targetHints":{"allow":["GET"]}}],"collection":[{"href":"https:\/\/www.organisator.ch\/it\/wp-json\/wp\/v2\/posts"}],"about":[{"href":"https:\/\/www.organisator.ch\/it\/wp-json\/wp\/v2\/types\/post"}],"author":[{"embeddable":true,"href":"https:\/\/www.organisator.ch\/it\/wp-json\/wp\/v2\/users\/5"}],"replies":[{"embeddable":true,"href":"https:\/\/www.organisator.ch\/it\/wp-json\/wp\/v2\/comments?post=3082"}],"version-history":[{"count":1,"href":"https:\/\/www.organisator.ch\/it\/wp-json\/wp\/v2\/posts\/3082\/revisions"}],"predecessor-version":[{"id":10675,"href":"https:\/\/www.organisator.ch\/it\/wp-json\/wp\/v2\/posts\/3082\/revisions\/10675"}],"wp:featuredmedia":[{"embeddable":true,"href":"https:\/\/www.organisator.ch\/it\/wp-json\/wp\/v2\/media\/3083"}],"wp:attachment":[{"href":"https:\/\/www.organisator.ch\/it\/wp-json\/wp\/v2\/media?parent=3082"}],"wp:term":[{"taxonomy":"category","embeddable":true,"href":"https:\/\/www.organisator.ch\/it\/wp-json\/wp\/v2\/categories?post=3082"},{"taxonomy":"post_tag","embeddable":true,"href":"https:\/\/www.organisator.ch\/it\/wp-json\/wp\/v2\/tags?post=3082"}],"curies":[{"name":"wp","href":"https:\/\/api.w.org\/{rel}","templated":true}]}}