{"id":3099,"date":"2018-02-02T08:33:06","date_gmt":"2018-02-02T07:33:06","guid":{"rendered":"https:\/\/www.organisator.ch\/?p=3099"},"modified":"2018-02-02T08:33:06","modified_gmt":"2018-02-02T07:33:06","slug":"tom-luethi-wird-am-kmu-swiss-forum-fuer-tempo-sorgen","status":"publish","type":"post","link":"https:\/\/www.organisator.ch\/it\/allgemein\/2018-02-02\/tom-luethi-wird-am-kmu-swiss-forum-fuer-tempo-sorgen\/","title":{"rendered":"Tom L\u00fcthi dar\u00e0 il via al KMU SWISS Forum"},"content":{"rendered":"<figure id=\"attachment_3100\" aria-describedby=\"caption-attachment-3100\" style=\"width: 640px\" class=\"wp-caption alignnone\"><img loading=\"lazy\" decoding=\"async\" class=\"size-full wp-image-3100\" src=\"https:\/\/www.organisator.ch\/wp-content\/uploads\/2018\/02\/Tom-Luethi-wird-am-KMU-SWISS-Forum-fuer-Tempo-sorgen_Organisator.jpg\" alt=\"\" width=\"640\" height=\"262\" srcset=\"https:\/\/www.organisator.ch\/wp-content\/uploads\/2018\/02\/Tom-Luethi-wird-am-KMU-SWISS-Forum-fuer-Tempo-sorgen_Organisator.jpg 640w, https:\/\/www.organisator.ch\/wp-content\/uploads\/2018\/02\/Tom-Luethi-wird-am-KMU-SWISS-Forum-fuer-Tempo-sorgen_Organisator-16x7.jpg 16w, https:\/\/www.organisator.ch\/wp-content\/uploads\/2018\/02\/Tom-Luethi-wird-am-KMU-SWISS-Forum-fuer-Tempo-sorgen_Organisator-375x154.jpg 375w, https:\/\/www.organisator.ch\/wp-content\/uploads\/2018\/02\/Tom-Luethi-wird-am-KMU-SWISS-Forum-fuer-Tempo-sorgen_Organisator-300x123.jpg 300w\" sizes=\"auto, (max-width: 640px) 100vw, 640px\" \/><figcaption id=\"caption-attachment-3100\" class=\"wp-caption-text\">Il presentatore Hugo Bigi intervister\u00e0 ancora una volta ospiti interessanti al KMU SWISS Forum del 22 marzo 2018, tra cui il pilota di moto Tom L\u00fcthi. (Immagine: KMU SWISS)<\/figcaption><\/figure>\n<p>Il 16\u00b0 KMU SWISS Forum si terr\u00e0 gioved\u00ec 22 marzo 2018 presso il Centro Congressi Trafo Baden. Ancora una volta, personalit\u00e0 di spicco, tra cui Tom L\u00fcthi, si confronteranno come relatori e interlocutori, quest'anno sul tema \"Dinamica - Flessibilit\u00e0 d'azione\". Sono attesi circa 450 ospiti. \"Viviamo in un'epoca di cambiamenti. Per stare al passo con i cambiamenti \u00e8 necessario agire in modo rapido e flessibile\", cos\u00ec Armin Baumann, CEO di KMU SWISS AG, spiega la scelta dell'argomento.<\/p>\n<h2>Cambiare le cose collaudate richiede coraggio<\/h2>\n<p>Le aziende devono adattarsi a un mercato in rapida evoluzione. I manager devono prendere decisioni rapidamente e reagire in modo flessibile alle nuove condizioni di mercato. Solo chi affronta le sfide, sperimenta nuove idee ed \u00e8 innovativo \u00e8 competitivo. Ci vuole coraggio e una dose di dinamismo per abbandonare le cose gi\u00e0 collaudate e aprire nuovi orizzonti. Le condizioni del quadro giuridico e i requisiti normativi, la mancanza di lavoratori qualificati, le difficolt\u00e0 economiche e la paura della digitalizzazione rallentano il potere innovativo delle piccole e medie imprese (PMI).<\/p>\n<h2>Il cambiamento non riguarda solo il capo<\/h2>\n<p>Quali sono le strategie di successo che una PMI dovrebbe adottare per sopravvivere nell'attuale contesto economico in continua evoluzione? Quali sfide si pongono al management affinch\u00e9 i dipendenti accettino le novit\u00e0 e cresca una cultura della flessibilit\u00e0? Quali sono i requisiti per il nuovo mondo aziendale e lavorativo? Personaggi di diversi settori e industrie presentano le loro strategie di successo. Parlano della loro vita quotidiana e di come affrontano le nuove sfide. I relatori di quest'anno sono:<\/p>\n<ul>\n<li>Suzanne Grieger-Langer, Profiler<\/li>\n<li>J\u00fcrg Brand, Presidente di Roll infratec (holding) ag<\/li>\n<li>Madeleine St\u00f6ckli, CEO di B. Braun Medical AG<\/li>\n<li>Nils Planzer, CEO Planzer Transport AG<\/li>\n<li>Ruedi Matter, Direttore SRF<\/li>\n<li>Derek Brandt, CEO Sensile Medical AG<\/li>\n<li>Urs Kessler, CEO Ferrovie della Jungfrau<\/li>\n<\/ul>\n<h2>Il pilota di moto Tom L\u00fcthi come \"ospite speciale<\/h2>\n<p>Il Forum KMU SWISS sar\u00e0 condotto dal dottor Hugo Bigi, esperto di comunicazione e giornalista. Intervister\u00e0 anche il pilota di moto Tom L\u00fcthi, il suo manager Daniel M. Epp e uno dei suoi sponsor, Toni Lee, CEO SITAG AG. Ci sar\u00e0 anche tempo per fare rete e discutere. In seguito, la citt\u00e0 di Baden invita tutti gli ospiti del Forum al \"Mercato di Baden\". Quest'anno \u00e8 stata invitata come ospite Barbara L\u00fcthi, capogruppo e conduttrice del programma di discussione SRF \"Club\".<\/p>\n<p><em>Programma e biglietti: <a href=\"http:\/\/www.kmu-swiss.ch\/forum\">www.kmu-swiss.ch\/forum<\/a><\/em><\/p>","protected":false},"excerpt":{"rendered":"<p>Das 16. KMU SWISS Forum findet am Donnerstag, 22. M\u00e4rz 2018 im Kongresszentrum Trafo Baden statt. Einmal mehr werden\u00a0bekannte Pers\u00f6nlichkeiten, unter anderem Tom L\u00fcthi,\u00a0als\u00a0Referenten und Interviewpartner diskutieren, dieses Jahr\u00a0zum Thema \u00abDynamik \u2013 Flexibilit\u00e4t der Aktion\u00bb. Es werden rund 450 G\u00e4ste erwartet. &#8222;Wir leben in einer Zeit des Wandels. Es braucht rasches und flexibles Handeln, um [&hellip;]<\/p>\n","protected":false},"author":4,"featured_media":3100,"comment_status":"open","ping_status":"open","sticky":false,"template":"","format":"standard","meta":{"_acf_changed":false,"_yoast_wpseo_focuskw":"Tom L\u00fcthi","_yoast_wpseo_metadesc":"Am 22. M\u00e4rz 2018 pr\u00e4sentiert das \u00abKMU SWISS Forum\u00bb eine spannende Auswahl an hochkar\u00e4tigen Referenten. Unter dem Titel \u00abDynamik \u2013 Flexibilit\u00e4t der Aktion\u00bb sorgt unter anderem der Motorradrennfahrer Tom L\u00fcthi f\u00fcr Tempo.","articlekey":"","footnotes":""},"categories":[1],"tags":[103,275,502,508],"class_list":["post-3099","post","type-post","status-publish","format-standard","has-post-thumbnail","hentry","category-allgemein","tag-business-excellence","tag-institutionen","tag-veranstaltungen","tag-vermischtes"],"acf":[],"yoast_head":"<!-- This site is optimized with the Yoast SEO plugin v27.4 - https:\/\/yoast.com\/product\/yoast-seo-wordpress\/ -->\n<title>Tom L\u00fcthi wird am KMU SWISS Forum f\u00fcr Tempo sorgen - Organisator<\/title>\n<meta name=\"description\" content=\"Am 22. M\u00e4rz 2018 pr\u00e4sentiert das \u00abKMU SWISS Forum\u00bb eine spannende Auswahl an hochkar\u00e4tigen Referenten. Unter dem Titel \u00abDynamik \u2013 Flexibilit\u00e4t der Aktion\u00bb sorgt unter anderem der Motorradrennfahrer Tom L\u00fcthi f\u00fcr Tempo.\" \/>\n<meta name=\"robots\" content=\"index, follow, max-snippet:-1, max-image-preview:large, max-video-preview:-1\" \/>\n<link rel=\"canonical\" href=\"https:\/\/www.organisator.ch\/it\/generale\/2018-02-02\/tom-luethi-wird-am-kmu-swiss-forum-fuer-tempo-sorgen\/\" \/>\n<meta property=\"og:locale\" content=\"it_IT\" \/>\n<meta property=\"og:type\" content=\"article\" \/>\n<meta property=\"og:title\" content=\"Tom L\u00fcthi wird am KMU SWISS Forum f\u00fcr Tempo sorgen\" \/>\n<meta property=\"og:description\" content=\"Am 22. M\u00e4rz 2018 pr\u00e4sentiert das &quot;KMU SWISS Forum&quot; eine spannende Auswahl an hochkar\u00e4tigen Referenten. Unter dem Titel &quot;Dynamik \u2013 Flexibilit\u00e4t der Aktion&quot; sorgt unter anderem der #Motorradrennfahrer Tom #L\u00fcthi f\u00fcr Tempo.\" \/>\n<meta property=\"og:url\" content=\"https:\/\/www.organisator.ch\/it\/generale\/2018-02-02\/tom-luethi-wird-am-kmu-swiss-forum-fuer-tempo-sorgen\/\" \/>\n<meta property=\"og:site_name\" content=\"Organisator\" \/>\n<meta property=\"article:publisher\" content=\"https:\/\/www.facebook.com\/OrganisatorFachmagazin\" \/>\n<meta property=\"article:published_time\" content=\"2018-02-02T07:33:06+00:00\" \/>\n<meta property=\"og:image\" content=\"https:\/\/www.organisator.ch\/wp-content\/uploads\/2018\/02\/Tom-Luethi-wird-am-KMU-SWISS-Forum-fuer-Tempo-sorgen_Organisator.jpg\" \/>\n\t<meta property=\"og:image:width\" content=\"640\" \/>\n\t<meta property=\"og:image:height\" content=\"262\" \/>\n\t<meta property=\"og:image:type\" content=\"image\/jpeg\" \/>\n<meta name=\"author\" content=\"thomas.berner\" \/>\n<meta name=\"twitter:card\" content=\"summary_large_image\" \/>\n<meta name=\"twitter:title\" content=\"#TomL\u00fcthi wird am #KMUSWISSForum f\u00fcr Tempo sorgen\" \/>\n<meta name=\"twitter:description\" content=\"Am 22. M\u00e4rz 2018 pr\u00e4sentiert das &quot;KMU SWISS Forum&quot; eine spannende Auswahl an hochkar\u00e4tigen Referenten. Unter dem Titel &quot;Dynamik \u2013 Flexibilit\u00e4t der Aktion&quot; sorgt unter anderem der #Motorradrennfahrer #TomL\u00fcthi f\u00fcr Tempo.\" \/>\n<meta name=\"twitter:image\" content=\"https:\/\/www.organisator.ch\/wp-content\/uploads\/2018\/02\/Tom-L\u00fcthi-wird-am-KMU-SWISS-Forum-f\u00fcr-Tempo-sorgen_Organisator.jpg\" \/>\n<script type=\"application\/ld+json\" class=\"yoast-schema-graph\">{\"@context\":\"https:\\\/\\\/schema.org\",\"@graph\":[{\"@type\":\"Article\",\"@id\":\"https:\\\/\\\/www.organisator.ch\\\/de\\\/allgemein\\\/2018-02-02\\\/tom-luethi-wird-am-kmu-swiss-forum-fuer-tempo-sorgen\\\/#article\",\"isPartOf\":{\"@id\":\"https:\\\/\\\/www.organisator.ch\\\/de\\\/allgemein\\\/2018-02-02\\\/tom-luethi-wird-am-kmu-swiss-forum-fuer-tempo-sorgen\\\/\"},\"author\":{\"name\":\"thomas.berner\",\"@id\":\"https:\\\/\\\/www.organisator.ch\\\/#\\\/schema\\\/person\\\/6f650f90b2842cd4c0cc334b4e36f67e\"},\"headline\":\"Tom L\u00fcthi wird am KMU SWISS Forum f\u00fcr Tempo sorgen\",\"datePublished\":\"2018-02-02T07:33:06+00:00\",\"mainEntityOfPage\":{\"@id\":\"https:\\\/\\\/www.organisator.ch\\\/de\\\/allgemein\\\/2018-02-02\\\/tom-luethi-wird-am-kmu-swiss-forum-fuer-tempo-sorgen\\\/\"},\"wordCount\":419,\"commentCount\":0,\"publisher\":{\"@id\":\"https:\\\/\\\/www.organisator.ch\\\/#organization\"},\"image\":{\"@id\":\"https:\\\/\\\/www.organisator.ch\\\/de\\\/allgemein\\\/2018-02-02\\\/tom-luethi-wird-am-kmu-swiss-forum-fuer-tempo-sorgen\\\/#primaryimage\"},\"thumbnailUrl\":\"https:\\\/\\\/www.organisator.ch\\\/wp-content\\\/uploads\\\/2018\\\/02\\\/Tom-Luethi-wird-am-KMU-SWISS-Forum-fuer-Tempo-sorgen_Organisator.jpg\",\"keywords\":[\"Business Excellence\",\"Institutionen\",\"Veranstaltungen\",\"Vermischtes\"],\"articleSection\":[\"Allgemein\"],\"inLanguage\":\"it-IT\"},{\"@type\":\"WebPage\",\"@id\":\"https:\\\/\\\/www.organisator.ch\\\/de\\\/allgemein\\\/2018-02-02\\\/tom-luethi-wird-am-kmu-swiss-forum-fuer-tempo-sorgen\\\/\",\"url\":\"https:\\\/\\\/www.organisator.ch\\\/de\\\/allgemein\\\/2018-02-02\\\/tom-luethi-wird-am-kmu-swiss-forum-fuer-tempo-sorgen\\\/\",\"name\":\"Tom L\u00fcthi wird am KMU SWISS Forum f\u00fcr Tempo sorgen - Organisator\",\"isPartOf\":{\"@id\":\"https:\\\/\\\/www.organisator.ch\\\/#website\"},\"primaryImageOfPage\":{\"@id\":\"https:\\\/\\\/www.organisator.ch\\\/de\\\/allgemein\\\/2018-02-02\\\/tom-luethi-wird-am-kmu-swiss-forum-fuer-tempo-sorgen\\\/#primaryimage\"},\"image\":{\"@id\":\"https:\\\/\\\/www.organisator.ch\\\/de\\\/allgemein\\\/2018-02-02\\\/tom-luethi-wird-am-kmu-swiss-forum-fuer-tempo-sorgen\\\/#primaryimage\"},\"thumbnailUrl\":\"https:\\\/\\\/www.organisator.ch\\\/wp-content\\\/uploads\\\/2018\\\/02\\\/Tom-Luethi-wird-am-KMU-SWISS-Forum-fuer-Tempo-sorgen_Organisator.jpg\",\"datePublished\":\"2018-02-02T07:33:06+00:00\",\"description\":\"Am 22. M\u00e4rz 2018 pr\u00e4sentiert das \u00abKMU SWISS Forum\u00bb eine spannende Auswahl an hochkar\u00e4tigen Referenten. Unter dem Titel \u00abDynamik \u2013 Flexibilit\u00e4t der Aktion\u00bb sorgt unter anderem der Motorradrennfahrer Tom L\u00fcthi f\u00fcr Tempo.\",\"breadcrumb\":{\"@id\":\"https:\\\/\\\/www.organisator.ch\\\/de\\\/allgemein\\\/2018-02-02\\\/tom-luethi-wird-am-kmu-swiss-forum-fuer-tempo-sorgen\\\/#breadcrumb\"},\"inLanguage\":\"it-IT\",\"potentialAction\":[{\"@type\":\"ReadAction\",\"target\":[\"https:\\\/\\\/www.organisator.ch\\\/de\\\/allgemein\\\/2018-02-02\\\/tom-luethi-wird-am-kmu-swiss-forum-fuer-tempo-sorgen\\\/\"]}]},{\"@type\":\"ImageObject\",\"inLanguage\":\"it-IT\",\"@id\":\"https:\\\/\\\/www.organisator.ch\\\/de\\\/allgemein\\\/2018-02-02\\\/tom-luethi-wird-am-kmu-swiss-forum-fuer-tempo-sorgen\\\/#primaryimage\",\"url\":\"https:\\\/\\\/www.organisator.ch\\\/wp-content\\\/uploads\\\/2018\\\/02\\\/Tom-Luethi-wird-am-KMU-SWISS-Forum-fuer-Tempo-sorgen_Organisator.jpg\",\"contentUrl\":\"https:\\\/\\\/www.organisator.ch\\\/wp-content\\\/uploads\\\/2018\\\/02\\\/Tom-Luethi-wird-am-KMU-SWISS-Forum-fuer-Tempo-sorgen_Organisator.jpg\",\"width\":640,\"height\":262,\"caption\":\"Moderator Hugo Bigi wird am KMU SWISS Forum vom 22. M\u00e4rz 2018 wiederum interessante G\u00e4ste interviewen, unter anderem Motorradrennfahrer Tom L\u00fcthi. (Bild: KMU SWISS)\"},{\"@type\":\"BreadcrumbList\",\"@id\":\"https:\\\/\\\/www.organisator.ch\\\/de\\\/allgemein\\\/2018-02-02\\\/tom-luethi-wird-am-kmu-swiss-forum-fuer-tempo-sorgen\\\/#breadcrumb\",\"itemListElement\":[{\"@type\":\"ListItem\",\"position\":1,\"name\":\"Home\",\"item\":\"https:\\\/\\\/www.organisator.ch\\\/\"},{\"@type\":\"ListItem\",\"position\":2,\"name\":\"Tom L\u00fcthi wird am KMU SWISS Forum f\u00fcr Tempo sorgen\"}]},{\"@type\":\"WebSite\",\"@id\":\"https:\\\/\\\/www.organisator.ch\\\/#website\",\"url\":\"https:\\\/\\\/www.organisator.ch\\\/\",\"name\":\"Organisator\",\"description\":\"Kompetent. Praxisnah. Der ORGANISATOR bereitet in 10 Ausgaben pro Jahr die wesentlichen Themen f\u00fcr F\u00fchrungskr\u00e4fte von KMU auf.\",\"publisher\":{\"@id\":\"https:\\\/\\\/www.organisator.ch\\\/#organization\"},\"potentialAction\":[{\"@type\":\"SearchAction\",\"target\":{\"@type\":\"EntryPoint\",\"urlTemplate\":\"https:\\\/\\\/www.organisator.ch\\\/?s={search_term_string}\"},\"query-input\":{\"@type\":\"PropertyValueSpecification\",\"valueRequired\":true,\"valueName\":\"search_term_string\"}}],\"inLanguage\":\"it-IT\"},{\"@type\":\"Organization\",\"@id\":\"https:\\\/\\\/www.organisator.ch\\\/#organization\",\"name\":\"Organisator\",\"url\":\"https:\\\/\\\/www.organisator.ch\\\/\",\"logo\":{\"@type\":\"ImageObject\",\"inLanguage\":\"it-IT\",\"@id\":\"https:\\\/\\\/www.organisator.ch\\\/#\\\/schema\\\/logo\\\/image\\\/\",\"url\":\"https:\\\/\\\/www.organisator.ch\\\/wp-content\\\/uploads\\\/2022\\\/01\\\/Logo_Organisator_Website.png\",\"contentUrl\":\"https:\\\/\\\/www.organisator.ch\\\/wp-content\\\/uploads\\\/2022\\\/01\\\/Logo_Organisator_Website.png\",\"width\":800,\"height\":77,\"caption\":\"Organisator\"},\"image\":{\"@id\":\"https:\\\/\\\/www.organisator.ch\\\/#\\\/schema\\\/logo\\\/image\\\/\"},\"sameAs\":[\"https:\\\/\\\/www.facebook.com\\\/OrganisatorFachmagazin\",\"https:\\\/\\\/www.linkedin.com\\\/showcase\\\/organisator-das-magazin-fr-kmu\",\"https:\\\/\\\/www.xing.com\\\/news\\\/pages\\\/organisator-ch-695\",\"https:\\\/\\\/www.youtube.com\\\/channel\\\/UCGP2Sq0iWaZwT3BdIAQFYpw\"]},{\"@type\":\"Person\",\"@id\":\"https:\\\/\\\/www.organisator.ch\\\/#\\\/schema\\\/person\\\/6f650f90b2842cd4c0cc334b4e36f67e\",\"name\":\"thomas.berner\",\"image\":{\"@type\":\"ImageObject\",\"inLanguage\":\"it-IT\",\"@id\":\"https:\\\/\\\/secure.gravatar.com\\\/avatar\\\/ac5001d2a36cb6c6cd3e50789007ffca834b477b74a2144564522e944eabff61?s=96&d=mm&r=g\",\"url\":\"https:\\\/\\\/secure.gravatar.com\\\/avatar\\\/ac5001d2a36cb6c6cd3e50789007ffca834b477b74a2144564522e944eabff61?s=96&d=mm&r=g\",\"contentUrl\":\"https:\\\/\\\/secure.gravatar.com\\\/avatar\\\/ac5001d2a36cb6c6cd3e50789007ffca834b477b74a2144564522e944eabff61?s=96&d=mm&r=g\",\"caption\":\"thomas.berner\"},\"url\":\"https:\\\/\\\/www.organisator.ch\\\/it\\\/author\\\/thomas-berner\\\/\"}]}<\/script>\n<!-- \/ Yoast SEO plugin. -->","yoast_head_json":{"title":"Tom L\u00fcthi dar\u00e0 il ritmo al Forum KMU SWISS - Organizzatore","description":"Il 22 marzo 2018, il \"KMU SWISS Forum\" presenter\u00e0 un'entusiasmante selezione di relatori di prim'ordine. Con il titolo \"Dinamica - Flessibilit\u00e0 d'azione\", il pilota di moto Tom L\u00fcthi sar\u00e0 tra coloro che daranno il ritmo.","robots":{"index":"index","follow":"follow","max-snippet":"max-snippet:-1","max-image-preview":"max-image-preview:large","max-video-preview":"max-video-preview:-1"},"canonical":"https:\/\/www.organisator.ch\/it\/generale\/2018-02-02\/tom-luethi-wird-am-kmu-swiss-forum-fuer-tempo-sorgen\/","og_locale":"it_IT","og_type":"article","og_title":"Tom L\u00fcthi wird am KMU SWISS Forum f\u00fcr Tempo sorgen","og_description":"Am 22. M\u00e4rz 2018 pr\u00e4sentiert das \"KMU SWISS Forum\" eine spannende Auswahl an hochkar\u00e4tigen Referenten. Unter dem Titel \"Dynamik \u2013 Flexibilit\u00e4t der Aktion\" sorgt unter anderem der #Motorradrennfahrer Tom #L\u00fcthi f\u00fcr Tempo.","og_url":"https:\/\/www.organisator.ch\/it\/generale\/2018-02-02\/tom-luethi-wird-am-kmu-swiss-forum-fuer-tempo-sorgen\/","og_site_name":"Organisator","article_publisher":"https:\/\/www.facebook.com\/OrganisatorFachmagazin","article_published_time":"2018-02-02T07:33:06+00:00","og_image":[{"width":640,"height":262,"url":"https:\/\/www.organisator.ch\/wp-content\/uploads\/2018\/02\/Tom-Luethi-wird-am-KMU-SWISS-Forum-fuer-Tempo-sorgen_Organisator.jpg","type":"image\/jpeg"}],"author":"thomas.berner","twitter_card":"summary_large_image","twitter_title":"#TomL\u00fcthi wird am #KMUSWISSForum f\u00fcr Tempo sorgen","twitter_description":"Am 22. M\u00e4rz 2018 pr\u00e4sentiert das \"KMU SWISS Forum\" eine spannende Auswahl an hochkar\u00e4tigen Referenten. Unter dem Titel \"Dynamik \u2013 Flexibilit\u00e4t der Aktion\" sorgt unter anderem der #Motorradrennfahrer #TomL\u00fcthi f\u00fcr Tempo.","twitter_image":"https:\/\/www.organisator.ch\/wp-content\/uploads\/2018\/02\/Tom-L\u00fcthi-wird-am-KMU-SWISS-Forum-f\u00fcr-Tempo-sorgen_Organisator.jpg","schema":{"@context":"https:\/\/schema.org","@graph":[{"@type":"Article","@id":"https:\/\/www.organisator.ch\/de\/allgemein\/2018-02-02\/tom-luethi-wird-am-kmu-swiss-forum-fuer-tempo-sorgen\/#article","isPartOf":{"@id":"https:\/\/www.organisator.ch\/de\/allgemein\/2018-02-02\/tom-luethi-wird-am-kmu-swiss-forum-fuer-tempo-sorgen\/"},"author":{"name":"thomas.berner","@id":"https:\/\/www.organisator.ch\/#\/schema\/person\/6f650f90b2842cd4c0cc334b4e36f67e"},"headline":"Tom L\u00fcthi wird am KMU SWISS Forum f\u00fcr Tempo sorgen","datePublished":"2018-02-02T07:33:06+00:00","mainEntityOfPage":{"@id":"https:\/\/www.organisator.ch\/de\/allgemein\/2018-02-02\/tom-luethi-wird-am-kmu-swiss-forum-fuer-tempo-sorgen\/"},"wordCount":419,"commentCount":0,"publisher":{"@id":"https:\/\/www.organisator.ch\/#organization"},"image":{"@id":"https:\/\/www.organisator.ch\/de\/allgemein\/2018-02-02\/tom-luethi-wird-am-kmu-swiss-forum-fuer-tempo-sorgen\/#primaryimage"},"thumbnailUrl":"https:\/\/www.organisator.ch\/wp-content\/uploads\/2018\/02\/Tom-Luethi-wird-am-KMU-SWISS-Forum-fuer-Tempo-sorgen_Organisator.jpg","keywords":["Business Excellence","Institutionen","Veranstaltungen","Vermischtes"],"articleSection":["Allgemein"],"inLanguage":"it-IT"},{"@type":"WebPage","@id":"https:\/\/www.organisator.ch\/de\/allgemein\/2018-02-02\/tom-luethi-wird-am-kmu-swiss-forum-fuer-tempo-sorgen\/","url":"https:\/\/www.organisator.ch\/de\/allgemein\/2018-02-02\/tom-luethi-wird-am-kmu-swiss-forum-fuer-tempo-sorgen\/","name":"Tom L\u00fcthi dar\u00e0 il ritmo al Forum KMU SWISS - Organizzatore","isPartOf":{"@id":"https:\/\/www.organisator.ch\/#website"},"primaryImageOfPage":{"@id":"https:\/\/www.organisator.ch\/de\/allgemein\/2018-02-02\/tom-luethi-wird-am-kmu-swiss-forum-fuer-tempo-sorgen\/#primaryimage"},"image":{"@id":"https:\/\/www.organisator.ch\/de\/allgemein\/2018-02-02\/tom-luethi-wird-am-kmu-swiss-forum-fuer-tempo-sorgen\/#primaryimage"},"thumbnailUrl":"https:\/\/www.organisator.ch\/wp-content\/uploads\/2018\/02\/Tom-Luethi-wird-am-KMU-SWISS-Forum-fuer-Tempo-sorgen_Organisator.jpg","datePublished":"2018-02-02T07:33:06+00:00","description":"Il 22 marzo 2018, il \"KMU SWISS Forum\" presenter\u00e0 un'entusiasmante selezione di relatori di prim'ordine. Con il titolo \"Dinamica - Flessibilit\u00e0 d'azione\", il pilota di moto Tom L\u00fcthi sar\u00e0 tra coloro che daranno il ritmo.","breadcrumb":{"@id":"https:\/\/www.organisator.ch\/de\/allgemein\/2018-02-02\/tom-luethi-wird-am-kmu-swiss-forum-fuer-tempo-sorgen\/#breadcrumb"},"inLanguage":"it-IT","potentialAction":[{"@type":"ReadAction","target":["https:\/\/www.organisator.ch\/de\/allgemein\/2018-02-02\/tom-luethi-wird-am-kmu-swiss-forum-fuer-tempo-sorgen\/"]}]},{"@type":"ImageObject","inLanguage":"it-IT","@id":"https:\/\/www.organisator.ch\/de\/allgemein\/2018-02-02\/tom-luethi-wird-am-kmu-swiss-forum-fuer-tempo-sorgen\/#primaryimage","url":"https:\/\/www.organisator.ch\/wp-content\/uploads\/2018\/02\/Tom-Luethi-wird-am-KMU-SWISS-Forum-fuer-Tempo-sorgen_Organisator.jpg","contentUrl":"https:\/\/www.organisator.ch\/wp-content\/uploads\/2018\/02\/Tom-Luethi-wird-am-KMU-SWISS-Forum-fuer-Tempo-sorgen_Organisator.jpg","width":640,"height":262,"caption":"Moderator Hugo Bigi wird am KMU SWISS Forum vom 22. M\u00e4rz 2018 wiederum interessante G\u00e4ste interviewen, unter anderem Motorradrennfahrer Tom L\u00fcthi. (Bild: KMU SWISS)"},{"@type":"BreadcrumbList","@id":"https:\/\/www.organisator.ch\/de\/allgemein\/2018-02-02\/tom-luethi-wird-am-kmu-swiss-forum-fuer-tempo-sorgen\/#breadcrumb","itemListElement":[{"@type":"ListItem","position":1,"name":"Home","item":"https:\/\/www.organisator.ch\/"},{"@type":"ListItem","position":2,"name":"Tom L\u00fcthi wird am KMU SWISS Forum f\u00fcr Tempo sorgen"}]},{"@type":"WebSite","@id":"https:\/\/www.organisator.ch\/#website","url":"https:\/\/www.organisator.ch\/","name":"Organizzatore","description":"Competente. Pratico. In 10 numeri all'anno, ORGANISATOR presenta i temi essenziali per i manager delle PMI.","publisher":{"@id":"https:\/\/www.organisator.ch\/#organization"},"potentialAction":[{"@type":"SearchAction","target":{"@type":"EntryPoint","urlTemplate":"https:\/\/www.organisator.ch\/?s={search_term_string}"},"query-input":{"@type":"PropertyValueSpecification","valueRequired":true,"valueName":"search_term_string"}}],"inLanguage":"it-IT"},{"@type":"Organization","@id":"https:\/\/www.organisator.ch\/#organization","name":"Organizzatore","url":"https:\/\/www.organisator.ch\/","logo":{"@type":"ImageObject","inLanguage":"it-IT","@id":"https:\/\/www.organisator.ch\/#\/schema\/logo\/image\/","url":"https:\/\/www.organisator.ch\/wp-content\/uploads\/2022\/01\/Logo_Organisator_Website.png","contentUrl":"https:\/\/www.organisator.ch\/wp-content\/uploads\/2022\/01\/Logo_Organisator_Website.png","width":800,"height":77,"caption":"Organisator"},"image":{"@id":"https:\/\/www.organisator.ch\/#\/schema\/logo\/image\/"},"sameAs":["https:\/\/www.facebook.com\/OrganisatorFachmagazin","https:\/\/www.linkedin.com\/showcase\/organisator-das-magazin-fr-kmu","https:\/\/www.xing.com\/news\/pages\/organisator-ch-695","https:\/\/www.youtube.com\/channel\/UCGP2Sq0iWaZwT3BdIAQFYpw"]},{"@type":"Person","@id":"https:\/\/www.organisator.ch\/#\/schema\/person\/6f650f90b2842cd4c0cc334b4e36f67e","name":"Tommaso.berner","image":{"@type":"ImageObject","inLanguage":"it-IT","@id":"https:\/\/secure.gravatar.com\/avatar\/ac5001d2a36cb6c6cd3e50789007ffca834b477b74a2144564522e944eabff61?s=96&d=mm&r=g","url":"https:\/\/secure.gravatar.com\/avatar\/ac5001d2a36cb6c6cd3e50789007ffca834b477b74a2144564522e944eabff61?s=96&d=mm&r=g","contentUrl":"https:\/\/secure.gravatar.com\/avatar\/ac5001d2a36cb6c6cd3e50789007ffca834b477b74a2144564522e944eabff61?s=96&d=mm&r=g","caption":"thomas.berner"},"url":"https:\/\/www.organisator.ch\/it\/author\/thomas-berner\/"}]}},"_links":{"self":[{"href":"https:\/\/www.organisator.ch\/it\/wp-json\/wp\/v2\/posts\/3099","targetHints":{"allow":["GET"]}}],"collection":[{"href":"https:\/\/www.organisator.ch\/it\/wp-json\/wp\/v2\/posts"}],"about":[{"href":"https:\/\/www.organisator.ch\/it\/wp-json\/wp\/v2\/types\/post"}],"author":[{"embeddable":true,"href":"https:\/\/www.organisator.ch\/it\/wp-json\/wp\/v2\/users\/4"}],"replies":[{"embeddable":true,"href":"https:\/\/www.organisator.ch\/it\/wp-json\/wp\/v2\/comments?post=3099"}],"version-history":[{"count":0,"href":"https:\/\/www.organisator.ch\/it\/wp-json\/wp\/v2\/posts\/3099\/revisions"}],"wp:featuredmedia":[{"embeddable":true,"href":"https:\/\/www.organisator.ch\/it\/wp-json\/wp\/v2\/media\/3100"}],"wp:attachment":[{"href":"https:\/\/www.organisator.ch\/it\/wp-json\/wp\/v2\/media?parent=3099"}],"wp:term":[{"taxonomy":"category","embeddable":true,"href":"https:\/\/www.organisator.ch\/it\/wp-json\/wp\/v2\/categories?post=3099"},{"taxonomy":"post_tag","embeddable":true,"href":"https:\/\/www.organisator.ch\/it\/wp-json\/wp\/v2\/tags?post=3099"}],"curies":[{"name":"wp","href":"https:\/\/api.w.org\/{rel}","templated":true}]}}