{"id":31023,"date":"2024-10-24T09:37:22","date_gmt":"2024-10-24T07:37:22","guid":{"rendered":"https:\/\/www.organisator.ch\/?p=31023"},"modified":"2024-10-23T10:58:10","modified_gmt":"2024-10-23T08:58:10","slug":"die-macht-des-reverse-mentoring-im-digitalen-zeitalter","status":"publish","type":"post","link":"https:\/\/www.organisator.ch\/it\/human-resources\/2024-10-24\/die-macht-des-reverse-mentoring-im-digitalen-zeitalter\/","title":{"rendered":"Il potere del reverse mentoring nell'era digitale"},"content":{"rendered":"<figure id=\"attachment_31025\" aria-describedby=\"caption-attachment-31025\" style=\"width: 680px\" class=\"wp-caption alignnone\"><img loading=\"lazy\" decoding=\"async\" class=\"size-full wp-image-31025\" src=\"https:\/\/www.organisator.ch\/wp-content\/uploads\/2024\/10\/Robert-Walters_Bild1_ps.jpg\" alt=\"\" width=\"680\" height=\"454\" srcset=\"https:\/\/www.organisator.ch\/wp-content\/uploads\/2024\/10\/Robert-Walters_Bild1_ps.jpg 680w, https:\/\/www.organisator.ch\/wp-content\/uploads\/2024\/10\/Robert-Walters_Bild1_ps-18x12.jpg 18w, https:\/\/www.organisator.ch\/wp-content\/uploads\/2024\/10\/Robert-Walters_Bild1_ps-375x250.jpg 375w, https:\/\/www.organisator.ch\/wp-content\/uploads\/2024\/10\/Robert-Walters_Bild1_ps-524x350.jpg 524w\" sizes=\"auto, (max-width: 680px) 100vw, 680px\" \/><figcaption id=\"caption-attachment-31025\" class=\"wp-caption-text\">Il mentoring non solo promuove la cooperazione tra generazioni, ma anche una cultura dell'integrazione e dell'innovazione. (Immagine: www.depositphotos.com)<\/figcaption><\/figure>\n<p>Sfruttando il potenziale di ciascuna generazione, le aziende possono accelerare la trasformazione digitale e creare un ambiente in cui i dipendenti di tutte le et\u00e0 possano prosperare. Jordan Cajot, Business Director Technology &amp; Transformation di Robert Walters, societ\u00e0 svizzera specializzata in assunzioni, spiega.\u00a0\u00a0\u00a0<\/p>\n<h3><strong>Mentoring inverso: i giovani imparano a guidare gli anziani\u00a0\u00a0\u00a0<\/strong><\/h3>\n<p>Lo scambio di conoscenze tra generazioni \u00e8 essenziale per lo sviluppo dei talenti e la dinamica sta cambiando: i dipendenti pi\u00f9 giovani fanno da mentori alle generazioni pi\u00f9 anziane. Questo cosiddetto \"reverse mentoring\" offre una nuova prospettiva digitale alla generazione pi\u00f9 esperta. Jordan spiega: \"Il mentoring tra generazioni diverse non solo rafforza le competenze dei dipendenti, ma crea anche un ambiente di rispetto e integrazione reciproci. La combinazione delle competenze digitali dei lavoratori pi\u00f9 giovani con l'esperienza delle generazioni pi\u00f9 anziane consente una crescita aziendale pi\u00f9 rapida e intelligente\", afferma Jordan Cajot.<\/p>\n<h3>\u00a0<strong>Il cambiamento digitale guidato dalle generazioni\u00a0\u00a0\u00a0\u00a0<\/strong><\/h3>\n<p>Le generazioni pi\u00f9 anziane apportano conoscenze ed esperienze cruciali per le strategie a lungo termine, mentre i colleghi pi\u00f9 giovani dominano il campo di gioco digitale. Insieme, stanno accelerando la trasformazione digitale. Jordan spiega: \"La trasformazione digitale non riguarda solo la tecnologia, ma anche le persone. La collaborazione tra i professionisti pi\u00f9 anziani e i loro colleghi pi\u00f9 giovani \u00e8 essenziale per la futura redditivit\u00e0 delle aziende\".\u00a0\u00a0\u00a0<\/p>\n<h3><strong>Il mentoring come motore di integrazione e innovazione\u00a0\u00a0\u00a0\u00a0<\/strong><\/h3>\n<p>Il mentoring non solo promuove la collaborazione tra le generazioni, ma anche una cultura di integrazione e innovazione. Jordan osserva: \"Quando riuniamo le generazioni attraverso il mentoring, si crea una dinamica in cui l'innovazione pu\u00f2 fiorire. Le aziende che investono in queste relazioni attingono a una gamma pi\u00f9 ampia di competenze e creano una cultura inclusiva che \u00e8 essenziale per un'organizzazione innovativa e a prova di futuro\".\u00a0\u00a0\u00a0<\/p>\n<h3><strong>Vantaggi del reverse mentoring\u00a0\u00a0\u00a0<\/strong>\u00a0\u00a0<\/h3>\n<p>Il reverse mentoring non solo offre opportunit\u00e0 di trasferimento delle conoscenze, ma aiuta anche a trattenere i dipendenti pi\u00f9 giovani. Permette loro di trasmettere le proprie conoscenze e competenze, aiutandoli a distinguersi come esperti della materia. \"Dare ai giovani dipendenti l'opportunit\u00e0 di condividere le loro conoscenze li fa sentire apprezzati e ascoltati all'interno dell'organizzazione\", spiega Jordan. Questo riconoscimento \u00e8 fondamentale per il loro impegno e la loro motivazione\".\u00a0\u00a0\u00a0<\/p>\n<h3><strong>Cambiamento culturale e innovazione\u00a0\u00a0\u00a0\u00a0<\/strong><\/h3>\n<p>Il reverse mentoring pu\u00f2 anche fungere da catalizzatore per il cambiamento culturale nelle aziende. Offre l'opportunit\u00e0 di acquisire preziose conoscenze, ad esempio evidenziando le carenze e i processi inefficienti. Jordan sottolinea: \"La competenza acquisita con anni di esperienza pu\u00f2 essere limitante senza nuove prospettive. I membri pi\u00f9 giovani del team portano nuove idee e sfide che possono rompere le vecchie abitudini\".\u00a0\u00a0\u00a0<\/p>\n<p>Infine, Jordan condivide alcune idee per integrare il reverse mentoring in un'organizzazione:\u00a0\u00a0\u00a0<\/p>\n<ul>\n<li><strong>Organizzare una discussione di gruppo: <\/strong>Tenere regolarmente brevi discussioni con colleghi di generazioni diverse su argomenti o tendenze attuali.\u00a0\u00a0\u00a0<\/li>\n<li><strong>Ricerca:<\/strong> Chiedete ai membri pi\u00f9 giovani del team di fare ricerche su specifiche tecnologie o tendenze emergenti e di condividere le loro scoperte con le altre generazioni in brevi riunioni a pranzo.\u00a0\u00a0\u00a0<\/li>\n<li><strong>Mentoring personale:<\/strong> Fate incontrare i dipendenti esperti con i mentori pi\u00f9 giovani e incoraggiate incontri mensili one-to-one.\u00a0\u00a0\u00a0<\/li>\n<li><strong>Esperimento:<\/strong> Provate diversi formati e scoprite quello che si adatta meglio alle esigenze dell'organizzazione.\u00a0\u00a0<\/li>\n<\/ul>\n<p>Con queste iniziative, le organizzazioni possono sfruttare il potere del reverse mentoring per migliorare la loro cultura e le loro prestazioni.\u00a0\u00a0\u00a0\u00a0\u00a0<\/p>\n<p><em>Fonte: <a href=\"http:\/\/www.robertwalters.ch\">www.robertwalters.ch<\/a><\/em><\/p>","protected":false},"excerpt":{"rendered":"<p>Nel mondo di oggi, caratterizzato da rapidi cambiamenti tecnologici e da un pool di talenti diversi, la collaborazione intergenerazionale sta diventando sempre pi\u00f9 importante. Il reverse mentoring - in cui i dipendenti pi\u00f9 giovani fanno da mentori alle generazioni pi\u00f9 anziane - non solo crea un ponte tra le competenze tradizionali e le nuove tecnologie, ma getta anche le basi per una cultura del lavoro inclusiva. <\/p>","protected":false},"author":58,"featured_media":31025,"comment_status":"closed","ping_status":"closed","sticky":false,"template":"","format":"standard","meta":{"_acf_changed":false,"_yoast_wpseo_focuskw":"Reverse Mentoring","_yoast_wpseo_metadesc":"In der heutigen Zeit des raschen technologischen Wandels und eines vielf\u00e4ltigen Talentpools wird die Zusammenarbeit zwischen den Generationen immer wichtiger.","articlekey":"","footnotes":""},"categories":[579],"tags":[156,3365,4656,492],"class_list":["post-31023","post","type-post","status-publish","format-standard","has-post-thumbnail","hentry","category-human-resources","tag-digitalisierung","tag-generationen","tag-reverse-mentoring","tag-unternehmen"],"acf":[],"yoast_head":"<!-- This site is optimized with the Yoast SEO plugin v27.5 - https:\/\/yoast.com\/product\/yoast-seo-wordpress\/ -->\n<title>Die Macht des Reverse Mentoring im digitalen Zeitalter - Organisator<\/title>\n<meta name=\"description\" content=\"In der heutigen Zeit des raschen technologischen Wandels und eines vielf\u00e4ltigen Talentpools wird die Zusammenarbeit zwischen den Generationen immer wichtiger.\" \/>\n<meta name=\"robots\" content=\"index, follow, max-snippet:-1, max-image-preview:large, max-video-preview:-1\" \/>\n<link rel=\"canonical\" href=\"https:\/\/www.organisator.ch\/it\/risorse-umane\/2024-10-24\/die-macht-des-reverse-mentoring-im-digitalen-zeitalter\/\" \/>\n<meta property=\"og:locale\" content=\"it_IT\" \/>\n<meta property=\"og:type\" content=\"article\" \/>\n<meta property=\"og:title\" content=\"Die Macht des Reverse Mentoring im digitalen Zeitalter\" \/>\n<meta property=\"og:description\" content=\"In der heutigen Zeit des raschen technologischen Wandels und eines vielf\u00e4ltigen Talentpools wird die Zusammenarbeit zwischen den Generationen immer wichtiger.\" \/>\n<meta property=\"og:url\" content=\"https:\/\/www.organisator.ch\/it\/risorse-umane\/2024-10-24\/die-macht-des-reverse-mentoring-im-digitalen-zeitalter\/\" \/>\n<meta property=\"og:site_name\" content=\"Organisator\" \/>\n<meta property=\"article:publisher\" content=\"https:\/\/www.facebook.com\/OrganisatorFachmagazin\" \/>\n<meta property=\"article:published_time\" content=\"2024-10-24T07:37:22+00:00\" \/>\n<meta property=\"og:image\" content=\"https:\/\/www.organisator.ch\/wp-content\/uploads\/2024\/10\/Robert-Walters_Bild1_ps.jpg\" \/>\n\t<meta property=\"og:image:width\" content=\"680\" \/>\n\t<meta property=\"og:image:height\" content=\"454\" \/>\n\t<meta property=\"og:image:type\" content=\"image\/jpeg\" \/>\n<meta name=\"author\" content=\"Adelisa Kalajdzini\" \/>\n<meta name=\"twitter:card\" content=\"summary_large_image\" \/>\n<meta name=\"twitter:title\" content=\"Die Macht des Reverse Mentoring im digitalen Zeitalter\" \/>\n<meta name=\"twitter:description\" content=\"In der heutigen Zeit des raschen #technologischen #Wandels und eines vielf\u00e4ltigen #Talentpools wird die #Zusammenarbeit zwischen den #Generationen immer wichtiger.\" \/>\n<meta name=\"twitter:image\" content=\"https:\/\/www.organisator.ch\/wp-content\/uploads\/2024\/10\/Robert-Walters_Bild1_ps.jpg\" \/>\n<script type=\"application\/ld+json\" class=\"yoast-schema-graph\">{\"@context\":\"https:\\\/\\\/schema.org\",\"@graph\":[{\"@type\":\"Article\",\"@id\":\"https:\\\/\\\/www.organisator.ch\\\/human-resources\\\/2024-10-24\\\/die-macht-des-reverse-mentoring-im-digitalen-zeitalter\\\/#article\",\"isPartOf\":{\"@id\":\"https:\\\/\\\/www.organisator.ch\\\/human-resources\\\/2024-10-24\\\/die-macht-des-reverse-mentoring-im-digitalen-zeitalter\\\/\"},\"author\":{\"name\":\"Adelisa Kalajdzini\",\"@id\":\"https:\\\/\\\/www.organisator.ch\\\/#\\\/schema\\\/person\\\/2e1314a2172123f874db408d8911d3f3\"},\"headline\":\"Die Macht des Reverse Mentoring im digitalen Zeitalter\",\"datePublished\":\"2024-10-24T07:37:22+00:00\",\"mainEntityOfPage\":{\"@id\":\"https:\\\/\\\/www.organisator.ch\\\/human-resources\\\/2024-10-24\\\/die-macht-des-reverse-mentoring-im-digitalen-zeitalter\\\/\"},\"wordCount\":597,\"publisher\":{\"@id\":\"https:\\\/\\\/www.organisator.ch\\\/#organization\"},\"image\":{\"@id\":\"https:\\\/\\\/www.organisator.ch\\\/human-resources\\\/2024-10-24\\\/die-macht-des-reverse-mentoring-im-digitalen-zeitalter\\\/#primaryimage\"},\"thumbnailUrl\":\"https:\\\/\\\/www.organisator.ch\\\/wp-content\\\/uploads\\\/2024\\\/10\\\/Robert-Walters_Bild1_ps.jpg\",\"keywords\":[\"Digitalisierung\",\"Generationen\",\"Reverse Mentoring\",\"Unternehmen\"],\"articleSection\":[\"HUMAN RESOURCES\"],\"inLanguage\":\"it-IT\"},{\"@type\":\"WebPage\",\"@id\":\"https:\\\/\\\/www.organisator.ch\\\/human-resources\\\/2024-10-24\\\/die-macht-des-reverse-mentoring-im-digitalen-zeitalter\\\/\",\"url\":\"https:\\\/\\\/www.organisator.ch\\\/human-resources\\\/2024-10-24\\\/die-macht-des-reverse-mentoring-im-digitalen-zeitalter\\\/\",\"name\":\"Die Macht des Reverse Mentoring im digitalen Zeitalter - Organisator\",\"isPartOf\":{\"@id\":\"https:\\\/\\\/www.organisator.ch\\\/#website\"},\"primaryImageOfPage\":{\"@id\":\"https:\\\/\\\/www.organisator.ch\\\/human-resources\\\/2024-10-24\\\/die-macht-des-reverse-mentoring-im-digitalen-zeitalter\\\/#primaryimage\"},\"image\":{\"@id\":\"https:\\\/\\\/www.organisator.ch\\\/human-resources\\\/2024-10-24\\\/die-macht-des-reverse-mentoring-im-digitalen-zeitalter\\\/#primaryimage\"},\"thumbnailUrl\":\"https:\\\/\\\/www.organisator.ch\\\/wp-content\\\/uploads\\\/2024\\\/10\\\/Robert-Walters_Bild1_ps.jpg\",\"datePublished\":\"2024-10-24T07:37:22+00:00\",\"description\":\"In der heutigen Zeit des raschen technologischen Wandels und eines vielf\u00e4ltigen Talentpools wird die Zusammenarbeit zwischen den Generationen immer wichtiger.\",\"breadcrumb\":{\"@id\":\"https:\\\/\\\/www.organisator.ch\\\/human-resources\\\/2024-10-24\\\/die-macht-des-reverse-mentoring-im-digitalen-zeitalter\\\/#breadcrumb\"},\"inLanguage\":\"it-IT\",\"potentialAction\":[{\"@type\":\"ReadAction\",\"target\":[\"https:\\\/\\\/www.organisator.ch\\\/human-resources\\\/2024-10-24\\\/die-macht-des-reverse-mentoring-im-digitalen-zeitalter\\\/\"]}]},{\"@type\":\"ImageObject\",\"inLanguage\":\"it-IT\",\"@id\":\"https:\\\/\\\/www.organisator.ch\\\/human-resources\\\/2024-10-24\\\/die-macht-des-reverse-mentoring-im-digitalen-zeitalter\\\/#primaryimage\",\"url\":\"https:\\\/\\\/www.organisator.ch\\\/wp-content\\\/uploads\\\/2024\\\/10\\\/Robert-Walters_Bild1_ps.jpg\",\"contentUrl\":\"https:\\\/\\\/www.organisator.ch\\\/wp-content\\\/uploads\\\/2024\\\/10\\\/Robert-Walters_Bild1_ps.jpg\",\"width\":680,\"height\":454,\"caption\":\"Mentoring f\u00f6rdert nicht nur die Zusammenarbeit zwischen den Generationen, sondern auch eine Kultur der Integration und Innovation. (Bild: www.depositphotos.com)\"},{\"@type\":\"BreadcrumbList\",\"@id\":\"https:\\\/\\\/www.organisator.ch\\\/human-resources\\\/2024-10-24\\\/die-macht-des-reverse-mentoring-im-digitalen-zeitalter\\\/#breadcrumb\",\"itemListElement\":[{\"@type\":\"ListItem\",\"position\":1,\"name\":\"Home\",\"item\":\"https:\\\/\\\/www.organisator.ch\\\/\"},{\"@type\":\"ListItem\",\"position\":2,\"name\":\"Die Macht des Reverse Mentoring im digitalen Zeitalter\"}]},{\"@type\":\"WebSite\",\"@id\":\"https:\\\/\\\/www.organisator.ch\\\/#website\",\"url\":\"https:\\\/\\\/www.organisator.ch\\\/\",\"name\":\"Organisator\",\"description\":\"Kompetent. Praxisnah. Der ORGANISATOR bereitet in 10 Ausgaben pro Jahr die wesentlichen Themen f\u00fcr F\u00fchrungskr\u00e4fte von KMU auf.\",\"publisher\":{\"@id\":\"https:\\\/\\\/www.organisator.ch\\\/#organization\"},\"potentialAction\":[{\"@type\":\"SearchAction\",\"target\":{\"@type\":\"EntryPoint\",\"urlTemplate\":\"https:\\\/\\\/www.organisator.ch\\\/?s={search_term_string}\"},\"query-input\":{\"@type\":\"PropertyValueSpecification\",\"valueRequired\":true,\"valueName\":\"search_term_string\"}}],\"inLanguage\":\"it-IT\"},{\"@type\":\"Organization\",\"@id\":\"https:\\\/\\\/www.organisator.ch\\\/#organization\",\"name\":\"Organisator\",\"url\":\"https:\\\/\\\/www.organisator.ch\\\/\",\"logo\":{\"@type\":\"ImageObject\",\"inLanguage\":\"it-IT\",\"@id\":\"https:\\\/\\\/www.organisator.ch\\\/#\\\/schema\\\/logo\\\/image\\\/\",\"url\":\"https:\\\/\\\/www.organisator.ch\\\/wp-content\\\/uploads\\\/2022\\\/01\\\/Logo_Organisator_Website.png\",\"contentUrl\":\"https:\\\/\\\/www.organisator.ch\\\/wp-content\\\/uploads\\\/2022\\\/01\\\/Logo_Organisator_Website.png\",\"width\":800,\"height\":77,\"caption\":\"Organisator\"},\"image\":{\"@id\":\"https:\\\/\\\/www.organisator.ch\\\/#\\\/schema\\\/logo\\\/image\\\/\"},\"sameAs\":[\"https:\\\/\\\/www.facebook.com\\\/OrganisatorFachmagazin\",\"https:\\\/\\\/www.linkedin.com\\\/showcase\\\/organisator-das-magazin-fr-kmu\",\"https:\\\/\\\/www.xing.com\\\/news\\\/pages\\\/organisator-ch-695\",\"https:\\\/\\\/www.youtube.com\\\/channel\\\/UCGP2Sq0iWaZwT3BdIAQFYpw\"]},{\"@type\":\"Person\",\"@id\":\"https:\\\/\\\/www.organisator.ch\\\/#\\\/schema\\\/person\\\/2e1314a2172123f874db408d8911d3f3\",\"name\":\"Adelisa Kalajdzini\",\"image\":{\"@type\":\"ImageObject\",\"inLanguage\":\"it-IT\",\"@id\":\"https:\\\/\\\/secure.gravatar.com\\\/avatar\\\/09a397c22ac58cad6f160ee8306348599df9df58a8ede73696226897b9fa4b24?s=96&d=mm&r=g\",\"url\":\"https:\\\/\\\/secure.gravatar.com\\\/avatar\\\/09a397c22ac58cad6f160ee8306348599df9df58a8ede73696226897b9fa4b24?s=96&d=mm&r=g\",\"contentUrl\":\"https:\\\/\\\/secure.gravatar.com\\\/avatar\\\/09a397c22ac58cad6f160ee8306348599df9df58a8ede73696226897b9fa4b24?s=96&d=mm&r=g\",\"caption\":\"Adelisa Kalajdzini\"},\"url\":\"https:\\\/\\\/www.organisator.ch\\\/it\\\/author\\\/adelisa-kalajdzini\\\/\"}]}<\/script>\n<!-- \/ Yoast SEO plugin. -->","yoast_head_json":{"title":"Il potere del reverse mentoring nell'era digitale - Organizzatore","description":"Nel mondo di oggi, caratterizzato da rapidi cambiamenti tecnologici e da un pool di talenti diversi, la collaborazione intergenerazionale sta diventando sempre pi\u00f9 importante.","robots":{"index":"index","follow":"follow","max-snippet":"max-snippet:-1","max-image-preview":"max-image-preview:large","max-video-preview":"max-video-preview:-1"},"canonical":"https:\/\/www.organisator.ch\/it\/risorse-umane\/2024-10-24\/die-macht-des-reverse-mentoring-im-digitalen-zeitalter\/","og_locale":"it_IT","og_type":"article","og_title":"Die Macht des Reverse Mentoring im digitalen Zeitalter","og_description":"In der heutigen Zeit des raschen technologischen Wandels und eines vielf\u00e4ltigen Talentpools wird die Zusammenarbeit zwischen den Generationen immer wichtiger.","og_url":"https:\/\/www.organisator.ch\/it\/risorse-umane\/2024-10-24\/die-macht-des-reverse-mentoring-im-digitalen-zeitalter\/","og_site_name":"Organisator","article_publisher":"https:\/\/www.facebook.com\/OrganisatorFachmagazin","article_published_time":"2024-10-24T07:37:22+00:00","og_image":[{"width":680,"height":454,"url":"https:\/\/www.organisator.ch\/wp-content\/uploads\/2024\/10\/Robert-Walters_Bild1_ps.jpg","type":"image\/jpeg"}],"author":"Adelisa Kalajdzini","twitter_card":"summary_large_image","twitter_title":"Die Macht des Reverse Mentoring im digitalen Zeitalter","twitter_description":"In der heutigen Zeit des raschen #technologischen #Wandels und eines vielf\u00e4ltigen #Talentpools wird die #Zusammenarbeit zwischen den #Generationen immer wichtiger.","twitter_image":"https:\/\/www.organisator.ch\/wp-content\/uploads\/2024\/10\/Robert-Walters_Bild1_ps.jpg","schema":{"@context":"https:\/\/schema.org","@graph":[{"@type":"Article","@id":"https:\/\/www.organisator.ch\/human-resources\/2024-10-24\/die-macht-des-reverse-mentoring-im-digitalen-zeitalter\/#article","isPartOf":{"@id":"https:\/\/www.organisator.ch\/human-resources\/2024-10-24\/die-macht-des-reverse-mentoring-im-digitalen-zeitalter\/"},"author":{"name":"Adelisa Kalajdzini","@id":"https:\/\/www.organisator.ch\/#\/schema\/person\/2e1314a2172123f874db408d8911d3f3"},"headline":"Die Macht des Reverse Mentoring im digitalen Zeitalter","datePublished":"2024-10-24T07:37:22+00:00","mainEntityOfPage":{"@id":"https:\/\/www.organisator.ch\/human-resources\/2024-10-24\/die-macht-des-reverse-mentoring-im-digitalen-zeitalter\/"},"wordCount":597,"publisher":{"@id":"https:\/\/www.organisator.ch\/#organization"},"image":{"@id":"https:\/\/www.organisator.ch\/human-resources\/2024-10-24\/die-macht-des-reverse-mentoring-im-digitalen-zeitalter\/#primaryimage"},"thumbnailUrl":"https:\/\/www.organisator.ch\/wp-content\/uploads\/2024\/10\/Robert-Walters_Bild1_ps.jpg","keywords":["Digitalisierung","Generationen","Reverse Mentoring","Unternehmen"],"articleSection":["HUMAN RESOURCES"],"inLanguage":"it-IT"},{"@type":"WebPage","@id":"https:\/\/www.organisator.ch\/human-resources\/2024-10-24\/die-macht-des-reverse-mentoring-im-digitalen-zeitalter\/","url":"https:\/\/www.organisator.ch\/human-resources\/2024-10-24\/die-macht-des-reverse-mentoring-im-digitalen-zeitalter\/","name":"Il potere del reverse mentoring nell'era digitale - Organizzatore","isPartOf":{"@id":"https:\/\/www.organisator.ch\/#website"},"primaryImageOfPage":{"@id":"https:\/\/www.organisator.ch\/human-resources\/2024-10-24\/die-macht-des-reverse-mentoring-im-digitalen-zeitalter\/#primaryimage"},"image":{"@id":"https:\/\/www.organisator.ch\/human-resources\/2024-10-24\/die-macht-des-reverse-mentoring-im-digitalen-zeitalter\/#primaryimage"},"thumbnailUrl":"https:\/\/www.organisator.ch\/wp-content\/uploads\/2024\/10\/Robert-Walters_Bild1_ps.jpg","datePublished":"2024-10-24T07:37:22+00:00","description":"Nel mondo di oggi, caratterizzato da rapidi cambiamenti tecnologici e da un pool di talenti diversi, la collaborazione intergenerazionale sta diventando sempre pi\u00f9 importante.","breadcrumb":{"@id":"https:\/\/www.organisator.ch\/human-resources\/2024-10-24\/die-macht-des-reverse-mentoring-im-digitalen-zeitalter\/#breadcrumb"},"inLanguage":"it-IT","potentialAction":[{"@type":"ReadAction","target":["https:\/\/www.organisator.ch\/human-resources\/2024-10-24\/die-macht-des-reverse-mentoring-im-digitalen-zeitalter\/"]}]},{"@type":"ImageObject","inLanguage":"it-IT","@id":"https:\/\/www.organisator.ch\/human-resources\/2024-10-24\/die-macht-des-reverse-mentoring-im-digitalen-zeitalter\/#primaryimage","url":"https:\/\/www.organisator.ch\/wp-content\/uploads\/2024\/10\/Robert-Walters_Bild1_ps.jpg","contentUrl":"https:\/\/www.organisator.ch\/wp-content\/uploads\/2024\/10\/Robert-Walters_Bild1_ps.jpg","width":680,"height":454,"caption":"Mentoring f\u00f6rdert nicht nur die Zusammenarbeit zwischen den Generationen, sondern auch eine Kultur der Integration und Innovation. (Bild: www.depositphotos.com)"},{"@type":"BreadcrumbList","@id":"https:\/\/www.organisator.ch\/human-resources\/2024-10-24\/die-macht-des-reverse-mentoring-im-digitalen-zeitalter\/#breadcrumb","itemListElement":[{"@type":"ListItem","position":1,"name":"Home","item":"https:\/\/www.organisator.ch\/"},{"@type":"ListItem","position":2,"name":"Die Macht des Reverse Mentoring im digitalen Zeitalter"}]},{"@type":"WebSite","@id":"https:\/\/www.organisator.ch\/#website","url":"https:\/\/www.organisator.ch\/","name":"Organizzatore","description":"Competente. Pratico. In 10 numeri all'anno, ORGANISATOR presenta i temi essenziali per i manager delle PMI.","publisher":{"@id":"https:\/\/www.organisator.ch\/#organization"},"potentialAction":[{"@type":"SearchAction","target":{"@type":"EntryPoint","urlTemplate":"https:\/\/www.organisator.ch\/?s={search_term_string}"},"query-input":{"@type":"PropertyValueSpecification","valueRequired":true,"valueName":"search_term_string"}}],"inLanguage":"it-IT"},{"@type":"Organization","@id":"https:\/\/www.organisator.ch\/#organization","name":"Organizzatore","url":"https:\/\/www.organisator.ch\/","logo":{"@type":"ImageObject","inLanguage":"it-IT","@id":"https:\/\/www.organisator.ch\/#\/schema\/logo\/image\/","url":"https:\/\/www.organisator.ch\/wp-content\/uploads\/2022\/01\/Logo_Organisator_Website.png","contentUrl":"https:\/\/www.organisator.ch\/wp-content\/uploads\/2022\/01\/Logo_Organisator_Website.png","width":800,"height":77,"caption":"Organisator"},"image":{"@id":"https:\/\/www.organisator.ch\/#\/schema\/logo\/image\/"},"sameAs":["https:\/\/www.facebook.com\/OrganisatorFachmagazin","https:\/\/www.linkedin.com\/showcase\/organisator-das-magazin-fr-kmu","https:\/\/www.xing.com\/news\/pages\/organisator-ch-695","https:\/\/www.youtube.com\/channel\/UCGP2Sq0iWaZwT3BdIAQFYpw"]},{"@type":"Person","@id":"https:\/\/www.organisator.ch\/#\/schema\/person\/2e1314a2172123f874db408d8911d3f3","name":"Adelisa Kalajdzini","image":{"@type":"ImageObject","inLanguage":"it-IT","@id":"https:\/\/secure.gravatar.com\/avatar\/09a397c22ac58cad6f160ee8306348599df9df58a8ede73696226897b9fa4b24?s=96&d=mm&r=g","url":"https:\/\/secure.gravatar.com\/avatar\/09a397c22ac58cad6f160ee8306348599df9df58a8ede73696226897b9fa4b24?s=96&d=mm&r=g","contentUrl":"https:\/\/secure.gravatar.com\/avatar\/09a397c22ac58cad6f160ee8306348599df9df58a8ede73696226897b9fa4b24?s=96&d=mm&r=g","caption":"Adelisa Kalajdzini"},"url":"https:\/\/www.organisator.ch\/it\/author\/adelisa-kalajdzini\/"}]}},"_links":{"self":[{"href":"https:\/\/www.organisator.ch\/it\/wp-json\/wp\/v2\/posts\/31023","targetHints":{"allow":["GET"]}}],"collection":[{"href":"https:\/\/www.organisator.ch\/it\/wp-json\/wp\/v2\/posts"}],"about":[{"href":"https:\/\/www.organisator.ch\/it\/wp-json\/wp\/v2\/types\/post"}],"author":[{"embeddable":true,"href":"https:\/\/www.organisator.ch\/it\/wp-json\/wp\/v2\/users\/58"}],"replies":[{"embeddable":true,"href":"https:\/\/www.organisator.ch\/it\/wp-json\/wp\/v2\/comments?post=31023"}],"version-history":[{"count":6,"href":"https:\/\/www.organisator.ch\/it\/wp-json\/wp\/v2\/posts\/31023\/revisions"}],"predecessor-version":[{"id":31226,"href":"https:\/\/www.organisator.ch\/it\/wp-json\/wp\/v2\/posts\/31023\/revisions\/31226"}],"wp:featuredmedia":[{"embeddable":true,"href":"https:\/\/www.organisator.ch\/it\/wp-json\/wp\/v2\/media\/31025"}],"wp:attachment":[{"href":"https:\/\/www.organisator.ch\/it\/wp-json\/wp\/v2\/media?parent=31023"}],"wp:term":[{"taxonomy":"category","embeddable":true,"href":"https:\/\/www.organisator.ch\/it\/wp-json\/wp\/v2\/categories?post=31023"},{"taxonomy":"post_tag","embeddable":true,"href":"https:\/\/www.organisator.ch\/it\/wp-json\/wp\/v2\/tags?post=31023"}],"curies":[{"name":"wp","href":"https:\/\/api.w.org\/{rel}","templated":true}]}}