{"id":31027,"date":"2024-10-21T10:20:16","date_gmt":"2024-10-21T08:20:16","guid":{"rendered":"https:\/\/www.organisator.ch\/?p=31027"},"modified":"2024-10-18T12:39:59","modified_gmt":"2024-10-18T10:39:59","slug":"sustainable-switzerland-und-verkehrshaus-der-schweiz-starten-partnerschaft","status":"publish","type":"post","link":"https:\/\/www.organisator.ch\/it\/sustainability\/2024-10-21\/sustainable-switzerland-und-verkehrshaus-der-schweiz-starten-partnerschaft\/","title":{"rendered":"Svizzera sostenibile e Museo Svizzero dei Trasporti lanciano una partnership"},"content":{"rendered":"<figure id=\"attachment_31028\" aria-describedby=\"caption-attachment-31028\" style=\"width: 680px\" class=\"wp-caption alignnone\"><img loading=\"lazy\" decoding=\"async\" class=\"size-medium wp-image-31028\" src=\"https:\/\/www.organisator.ch\/wp-content\/uploads\/2024\/10\/Verkehrshaus-der-Schweiz-680x454.jpg\" alt=\"\" width=\"680\" height=\"454\" srcset=\"https:\/\/www.organisator.ch\/wp-content\/uploads\/2024\/10\/Verkehrshaus-der-Schweiz-680x454.jpg 680w, https:\/\/www.organisator.ch\/wp-content\/uploads\/2024\/10\/Verkehrshaus-der-Schweiz-1024x683.jpg 1024w, https:\/\/www.organisator.ch\/wp-content\/uploads\/2024\/10\/Verkehrshaus-der-Schweiz-768x512.jpg 768w, https:\/\/www.organisator.ch\/wp-content\/uploads\/2024\/10\/Verkehrshaus-der-Schweiz-1536x1025.jpg 1536w, https:\/\/www.organisator.ch\/wp-content\/uploads\/2024\/10\/Verkehrshaus-der-Schweiz-2048x1366.jpg 2048w, https:\/\/www.organisator.ch\/wp-content\/uploads\/2024\/10\/Verkehrshaus-der-Schweiz-18x12.jpg 18w, https:\/\/www.organisator.ch\/wp-content\/uploads\/2024\/10\/Verkehrshaus-der-Schweiz-375x250.jpg 375w, https:\/\/www.organisator.ch\/wp-content\/uploads\/2024\/10\/Verkehrshaus-der-Schweiz-525x350.jpg 525w, https:\/\/www.organisator.ch\/wp-content\/uploads\/2024\/10\/Verkehrshaus-der-Schweiz-1000x667.jpg 1000w, https:\/\/www.organisator.ch\/wp-content\/uploads\/2024\/10\/Verkehrshaus-der-Schweiz-scaled.jpg 1400w\" sizes=\"auto, (max-width: 680px) 100vw, 680px\" \/><figcaption id=\"caption-attachment-31028\" class=\"wp-caption-text\">Promuovere insieme il dialogo sulla sostenibilit\u00e0: Svizzera sostenibile e il Museo Svizzero dei Trasporti avviano una collaborazione. (Immagine: www.unternehmen.nzz.ch)<\/figcaption><\/figure>\n<p>Dall'aprile 2023, il Museo Svizzero dei Trasporti di Lucerna presenta la mostra permanente interattiva \"Vivi l'energia!\" nella \"Casa dell'energia\". Questa mostra promuove il dialogo scientifico, politico e sociale sul tema dell'energia. Dal 18 ottobre 2024, l'area \"Dialogo sulla sostenibilit\u00e0\" ha ampliato questa mostra. \u00c8 stata sviluppata congiuntamente da Svizzera sostenibile e dal Museo Svizzero dei Trasporti in collaborazione con partner scientifici.<\/p>\n<p>Al centro c'\u00e8 l'\"Emission Explorer\", uno strumento interattivo con cui i visitatori possono determinare la propria impronta di carbonio personale attraverso domande e autovalutazioni. L'Explorer \u00e8 stato sviluppato in collaborazione con l'iniziativa \"Energy Science for Tomorrow\" (ES4T), alla quale partecipano il Politecnico di Zurigo, l'EPFL di Losanna, l'Istituto Paul Scherrer PSI e l'Empa. L'esperienza \u00e8 completata dal dialogo interattivo sulla sostenibilit\u00e0 di Sustainable Switzerland. Quest'ultimo fornisce suggerimenti per una maggiore sostenibilit\u00e0 nella vita di tutti i giorni e invita i visitatori a esprimere le proprie opinioni sulle questioni chiave dello sviluppo sostenibile. Il dialogo \u00e8 completato da fatti interessanti e sorprendenti sui cinque temi della mobilit\u00e0, del volo, del consumo, dell'alimentazione e dell'abitare.<\/p>\n<p>Martin B\u00fctikofer, direttore del Museo Svizzero dei Trasporti, afferma: \"Sustainable Switzerland e il Museo Svizzero dei Trasporti perseguono lo stesso obiettivo: educare il grande pubblico alla sostenibilit\u00e0 e alla transizione energetica in modo obiettivo e basato sui fatti. La mostra interattiva rende questi temi tangibili e contribuisce a sensibilizzare l'opinione pubblica\".<\/p>\n<p>Felix Graf, CEO della NZZ, aggiunge: \"La Svizzera sostenibile promuove gli sviluppi sostenibili, mette all'ordine del giorno temi rilevanti e questioni urgenti ed evidenzia soluzioni pratiche. La partnership con il Museo Svizzero dei Trasporti rafforza questi sforzi, facilitando un importante trasferimento di conoscenze e motivando il pubblico a impegnarsi attivamente e in modo giocoso con le sfide del futuro.\"<\/p>\n<p><em>Fonte: <a href=\"http:\/\/www.unternehmen.nzz.ch\">www.unternehmen.nzz.ch<\/a><\/em><\/p>","protected":false},"excerpt":{"rendered":"<p>Sustainable Switzerland, l'iniziativa della NZZ per la sostenibilit\u00e0, ha avviato una collaborazione con il Museo Svizzero dei Trasporti di Lucerna. Insieme ad altri partner, il 18 ottobre 2024 apriranno l'area \"Dialogo sulla sostenibilit\u00e0\" nell'ambito della mostra \"Experience Energy!\". L'obiettivo \u00e8 fornire al pubblico informazioni concrete sulla sostenibilit\u00e0 e sulla transizione energetica.<\/p>","protected":false},"author":80,"featured_media":31028,"comment_status":"closed","ping_status":"closed","sticky":false,"template":"","format":"standard","meta":{"_acf_changed":false,"_yoast_wpseo_focuskw":"Sustainable Switzerland","_yoast_wpseo_metadesc":"Sustainable Switzerland, die Nachhaltigkeitsinitiative der NZZ, ist mit dem Verkehrshaus der Schweiz eine Partnerschaft eingegangen.","articlekey":"","footnotes":""},"categories":[580],"tags":[1787,1888,424,2246,4657],"class_list":["post-31027","post","type-post","status-publish","format-standard","has-post-thumbnail","hentry","category-sustainability","tag-nachhaltigkeit","tag-partnerschaft","tag-schweiz","tag-sustainability","tag-verkehrshaus"],"acf":[],"yoast_head":"<!-- This site is optimized with the Yoast SEO plugin v27.4 - https:\/\/yoast.com\/product\/yoast-seo-wordpress\/ -->\n<title>Sustainable Switzerland und Verkehrshaus der Schweiz starten Partnerschaft - Organisator<\/title>\n<meta name=\"description\" content=\"Sustainable Switzerland, die Nachhaltigkeitsinitiative der NZZ, ist mit dem Verkehrshaus der Schweiz eine Partnerschaft eingegangen.\" \/>\n<meta name=\"robots\" content=\"index, follow, max-snippet:-1, max-image-preview:large, max-video-preview:-1\" \/>\n<link rel=\"canonical\" href=\"https:\/\/www.organisator.ch\/it\/sostenibilita\/2024-10-21\/sustainable-switzerland-und-verkehrshaus-der-schweiz-starten-partnerschaft\/\" \/>\n<meta property=\"og:locale\" content=\"it_IT\" \/>\n<meta property=\"og:type\" content=\"article\" \/>\n<meta property=\"og:title\" content=\"Sustainable Switzerland und Verkehrshaus der Schweiz starten Partnerschaft\" \/>\n<meta property=\"og:description\" content=\"Sustainable Switzerland, die Nachhaltigkeitsinitiative der NZZ, ist mit dem Verkehrshaus der Schweiz eine Partnerschaft eingegangen.\" \/>\n<meta property=\"og:url\" content=\"https:\/\/www.organisator.ch\/it\/sostenibilita\/2024-10-21\/sustainable-switzerland-und-verkehrshaus-der-schweiz-starten-partnerschaft\/\" \/>\n<meta property=\"og:site_name\" content=\"Organisator\" \/>\n<meta property=\"article:publisher\" content=\"https:\/\/www.facebook.com\/OrganisatorFachmagazin\" \/>\n<meta property=\"article:published_time\" content=\"2024-10-21T08:20:16+00:00\" \/>\n<meta property=\"og:image\" content=\"https:\/\/www.organisator.ch\/wp-content\/uploads\/2024\/10\/Verkehrshaus-der-Schweiz-scaled.jpg\" \/>\n\t<meta property=\"og:image:width\" content=\"1400\" \/>\n\t<meta property=\"og:image:height\" content=\"934\" \/>\n\t<meta property=\"og:image:type\" content=\"image\/jpeg\" \/>\n<meta name=\"author\" content=\"Dzana Muminovic\" \/>\n<meta name=\"twitter:card\" content=\"summary_large_image\" \/>\n<meta name=\"twitter:title\" content=\"Sustainable Switzerland und Verkehrshaus der Schweiz starten Partnerschaft\" \/>\n<meta name=\"twitter:description\" content=\"#Sustainable #Switzerland, die #Nachhaltigkeitsinitiative der #NZZ, ist mit dem #Verkehrshaus der #Schweiz eine #Partnerschaft eingegangen.\" \/>\n<meta name=\"twitter:image\" content=\"https:\/\/www.organisator.ch\/wp-content\/uploads\/2024\/10\/Verkehrshaus-der-Schweiz-scaled.jpg\" \/>\n<script type=\"application\/ld+json\" class=\"yoast-schema-graph\">{\"@context\":\"https:\\\/\\\/schema.org\",\"@graph\":[{\"@type\":\"Article\",\"@id\":\"https:\\\/\\\/www.organisator.ch\\\/sustainability\\\/2024-10-21\\\/sustainable-switzerland-und-verkehrshaus-der-schweiz-starten-partnerschaft\\\/#article\",\"isPartOf\":{\"@id\":\"https:\\\/\\\/www.organisator.ch\\\/sustainability\\\/2024-10-21\\\/sustainable-switzerland-und-verkehrshaus-der-schweiz-starten-partnerschaft\\\/\"},\"author\":{\"name\":\"Dzana Muminovic\",\"@id\":\"https:\\\/\\\/www.organisator.ch\\\/#\\\/schema\\\/person\\\/afccda3a71c06d4be2ed9100dd163db7\"},\"headline\":\"Sustainable Switzerland und Verkehrshaus der Schweiz starten Partnerschaft\",\"datePublished\":\"2024-10-21T08:20:16+00:00\",\"mainEntityOfPage\":{\"@id\":\"https:\\\/\\\/www.organisator.ch\\\/sustainability\\\/2024-10-21\\\/sustainable-switzerland-und-verkehrshaus-der-schweiz-starten-partnerschaft\\\/\"},\"wordCount\":320,\"publisher\":{\"@id\":\"https:\\\/\\\/www.organisator.ch\\\/#organization\"},\"image\":{\"@id\":\"https:\\\/\\\/www.organisator.ch\\\/sustainability\\\/2024-10-21\\\/sustainable-switzerland-und-verkehrshaus-der-schweiz-starten-partnerschaft\\\/#primaryimage\"},\"thumbnailUrl\":\"https:\\\/\\\/www.organisator.ch\\\/wp-content\\\/uploads\\\/2024\\\/10\\\/Verkehrshaus-der-Schweiz-scaled.jpg\",\"keywords\":[\"Nachhaltigkeit\",\"Partnerschaft\",\"Schweiz\",\"Sustainability\",\"Verkehrshaus\"],\"articleSection\":[\"SUSTAINABILITY\"],\"inLanguage\":\"it-IT\"},{\"@type\":\"WebPage\",\"@id\":\"https:\\\/\\\/www.organisator.ch\\\/sustainability\\\/2024-10-21\\\/sustainable-switzerland-und-verkehrshaus-der-schweiz-starten-partnerschaft\\\/\",\"url\":\"https:\\\/\\\/www.organisator.ch\\\/sustainability\\\/2024-10-21\\\/sustainable-switzerland-und-verkehrshaus-der-schweiz-starten-partnerschaft\\\/\",\"name\":\"Sustainable Switzerland und Verkehrshaus der Schweiz starten Partnerschaft - Organisator\",\"isPartOf\":{\"@id\":\"https:\\\/\\\/www.organisator.ch\\\/#website\"},\"primaryImageOfPage\":{\"@id\":\"https:\\\/\\\/www.organisator.ch\\\/sustainability\\\/2024-10-21\\\/sustainable-switzerland-und-verkehrshaus-der-schweiz-starten-partnerschaft\\\/#primaryimage\"},\"image\":{\"@id\":\"https:\\\/\\\/www.organisator.ch\\\/sustainability\\\/2024-10-21\\\/sustainable-switzerland-und-verkehrshaus-der-schweiz-starten-partnerschaft\\\/#primaryimage\"},\"thumbnailUrl\":\"https:\\\/\\\/www.organisator.ch\\\/wp-content\\\/uploads\\\/2024\\\/10\\\/Verkehrshaus-der-Schweiz-scaled.jpg\",\"datePublished\":\"2024-10-21T08:20:16+00:00\",\"description\":\"Sustainable Switzerland, die Nachhaltigkeitsinitiative der NZZ, ist mit dem Verkehrshaus der Schweiz eine Partnerschaft eingegangen.\",\"breadcrumb\":{\"@id\":\"https:\\\/\\\/www.organisator.ch\\\/sustainability\\\/2024-10-21\\\/sustainable-switzerland-und-verkehrshaus-der-schweiz-starten-partnerschaft\\\/#breadcrumb\"},\"inLanguage\":\"it-IT\",\"potentialAction\":[{\"@type\":\"ReadAction\",\"target\":[\"https:\\\/\\\/www.organisator.ch\\\/sustainability\\\/2024-10-21\\\/sustainable-switzerland-und-verkehrshaus-der-schweiz-starten-partnerschaft\\\/\"]}]},{\"@type\":\"ImageObject\",\"inLanguage\":\"it-IT\",\"@id\":\"https:\\\/\\\/www.organisator.ch\\\/sustainability\\\/2024-10-21\\\/sustainable-switzerland-und-verkehrshaus-der-schweiz-starten-partnerschaft\\\/#primaryimage\",\"url\":\"https:\\\/\\\/www.organisator.ch\\\/wp-content\\\/uploads\\\/2024\\\/10\\\/Verkehrshaus-der-Schweiz-scaled.jpg\",\"contentUrl\":\"https:\\\/\\\/www.organisator.ch\\\/wp-content\\\/uploads\\\/2024\\\/10\\\/Verkehrshaus-der-Schweiz-scaled.jpg\",\"width\":1400,\"height\":934,\"caption\":\"Nachhaltigkeitsdialog gemeinsam f\u00f6rdern: Sustainable Switzerland und Verkehrshaus der Schweiz starten Partnerschaft. (Bild: www.unternehmen.nzz.ch)\"},{\"@type\":\"BreadcrumbList\",\"@id\":\"https:\\\/\\\/www.organisator.ch\\\/sustainability\\\/2024-10-21\\\/sustainable-switzerland-und-verkehrshaus-der-schweiz-starten-partnerschaft\\\/#breadcrumb\",\"itemListElement\":[{\"@type\":\"ListItem\",\"position\":1,\"name\":\"Home\",\"item\":\"https:\\\/\\\/www.organisator.ch\\\/\"},{\"@type\":\"ListItem\",\"position\":2,\"name\":\"Sustainable Switzerland und Verkehrshaus der Schweiz starten Partnerschaft\"}]},{\"@type\":\"WebSite\",\"@id\":\"https:\\\/\\\/www.organisator.ch\\\/#website\",\"url\":\"https:\\\/\\\/www.organisator.ch\\\/\",\"name\":\"Organisator\",\"description\":\"Kompetent. Praxisnah. Der ORGANISATOR bereitet in 10 Ausgaben pro Jahr die wesentlichen Themen f\u00fcr F\u00fchrungskr\u00e4fte von KMU auf.\",\"publisher\":{\"@id\":\"https:\\\/\\\/www.organisator.ch\\\/#organization\"},\"potentialAction\":[{\"@type\":\"SearchAction\",\"target\":{\"@type\":\"EntryPoint\",\"urlTemplate\":\"https:\\\/\\\/www.organisator.ch\\\/?s={search_term_string}\"},\"query-input\":{\"@type\":\"PropertyValueSpecification\",\"valueRequired\":true,\"valueName\":\"search_term_string\"}}],\"inLanguage\":\"it-IT\"},{\"@type\":\"Organization\",\"@id\":\"https:\\\/\\\/www.organisator.ch\\\/#organization\",\"name\":\"Organisator\",\"url\":\"https:\\\/\\\/www.organisator.ch\\\/\",\"logo\":{\"@type\":\"ImageObject\",\"inLanguage\":\"it-IT\",\"@id\":\"https:\\\/\\\/www.organisator.ch\\\/#\\\/schema\\\/logo\\\/image\\\/\",\"url\":\"https:\\\/\\\/www.organisator.ch\\\/wp-content\\\/uploads\\\/2022\\\/01\\\/Logo_Organisator_Website.png\",\"contentUrl\":\"https:\\\/\\\/www.organisator.ch\\\/wp-content\\\/uploads\\\/2022\\\/01\\\/Logo_Organisator_Website.png\",\"width\":800,\"height\":77,\"caption\":\"Organisator\"},\"image\":{\"@id\":\"https:\\\/\\\/www.organisator.ch\\\/#\\\/schema\\\/logo\\\/image\\\/\"},\"sameAs\":[\"https:\\\/\\\/www.facebook.com\\\/OrganisatorFachmagazin\",\"https:\\\/\\\/www.linkedin.com\\\/showcase\\\/organisator-das-magazin-fr-kmu\",\"https:\\\/\\\/www.xing.com\\\/news\\\/pages\\\/organisator-ch-695\",\"https:\\\/\\\/www.youtube.com\\\/channel\\\/UCGP2Sq0iWaZwT3BdIAQFYpw\"]},{\"@type\":\"Person\",\"@id\":\"https:\\\/\\\/www.organisator.ch\\\/#\\\/schema\\\/person\\\/afccda3a71c06d4be2ed9100dd163db7\",\"name\":\"Dzana Muminovic\",\"image\":{\"@type\":\"ImageObject\",\"inLanguage\":\"it-IT\",\"@id\":\"https:\\\/\\\/secure.gravatar.com\\\/avatar\\\/909c5c71aff4b38e88686f2ab2f1ba152571f394f41ed8bae431ea56ced93050?s=96&d=mm&r=g\",\"url\":\"https:\\\/\\\/secure.gravatar.com\\\/avatar\\\/909c5c71aff4b38e88686f2ab2f1ba152571f394f41ed8bae431ea56ced93050?s=96&d=mm&r=g\",\"contentUrl\":\"https:\\\/\\\/secure.gravatar.com\\\/avatar\\\/909c5c71aff4b38e88686f2ab2f1ba152571f394f41ed8bae431ea56ced93050?s=96&d=mm&r=g\",\"caption\":\"Dzana Muminovic\"},\"url\":\"https:\\\/\\\/www.organisator.ch\\\/it\\\/author\\\/dzana-muminovic\\\/\"}]}<\/script>\n<!-- \/ Yoast SEO plugin. -->","yoast_head_json":{"title":"Svizzera sostenibile e Museo Svizzero dei Trasporti lanciano una partnership - Organizzatore","description":"Sustainable Switzerland, l'iniziativa di sostenibilit\u00e0 della NZZ, ha avviato una collaborazione con il Museo Svizzero dei Trasporti.","robots":{"index":"index","follow":"follow","max-snippet":"max-snippet:-1","max-image-preview":"max-image-preview:large","max-video-preview":"max-video-preview:-1"},"canonical":"https:\/\/www.organisator.ch\/it\/sostenibilita\/2024-10-21\/sustainable-switzerland-und-verkehrshaus-der-schweiz-starten-partnerschaft\/","og_locale":"it_IT","og_type":"article","og_title":"Sustainable Switzerland und Verkehrshaus der Schweiz starten Partnerschaft","og_description":"Sustainable Switzerland, die Nachhaltigkeitsinitiative der NZZ, ist mit dem Verkehrshaus der Schweiz eine Partnerschaft eingegangen.","og_url":"https:\/\/www.organisator.ch\/it\/sostenibilita\/2024-10-21\/sustainable-switzerland-und-verkehrshaus-der-schweiz-starten-partnerschaft\/","og_site_name":"Organisator","article_publisher":"https:\/\/www.facebook.com\/OrganisatorFachmagazin","article_published_time":"2024-10-21T08:20:16+00:00","og_image":[{"width":1400,"height":934,"url":"https:\/\/www.organisator.ch\/wp-content\/uploads\/2024\/10\/Verkehrshaus-der-Schweiz-scaled.jpg","type":"image\/jpeg"}],"author":"Dzana Muminovic","twitter_card":"summary_large_image","twitter_title":"Sustainable Switzerland und Verkehrshaus der Schweiz starten Partnerschaft","twitter_description":"#Sustainable #Switzerland, die #Nachhaltigkeitsinitiative der #NZZ, ist mit dem #Verkehrshaus der #Schweiz eine #Partnerschaft eingegangen.","twitter_image":"https:\/\/www.organisator.ch\/wp-content\/uploads\/2024\/10\/Verkehrshaus-der-Schweiz-scaled.jpg","schema":{"@context":"https:\/\/schema.org","@graph":[{"@type":"Article","@id":"https:\/\/www.organisator.ch\/sustainability\/2024-10-21\/sustainable-switzerland-und-verkehrshaus-der-schweiz-starten-partnerschaft\/#article","isPartOf":{"@id":"https:\/\/www.organisator.ch\/sustainability\/2024-10-21\/sustainable-switzerland-und-verkehrshaus-der-schweiz-starten-partnerschaft\/"},"author":{"name":"Dzana Muminovic","@id":"https:\/\/www.organisator.ch\/#\/schema\/person\/afccda3a71c06d4be2ed9100dd163db7"},"headline":"Sustainable Switzerland und Verkehrshaus der Schweiz starten Partnerschaft","datePublished":"2024-10-21T08:20:16+00:00","mainEntityOfPage":{"@id":"https:\/\/www.organisator.ch\/sustainability\/2024-10-21\/sustainable-switzerland-und-verkehrshaus-der-schweiz-starten-partnerschaft\/"},"wordCount":320,"publisher":{"@id":"https:\/\/www.organisator.ch\/#organization"},"image":{"@id":"https:\/\/www.organisator.ch\/sustainability\/2024-10-21\/sustainable-switzerland-und-verkehrshaus-der-schweiz-starten-partnerschaft\/#primaryimage"},"thumbnailUrl":"https:\/\/www.organisator.ch\/wp-content\/uploads\/2024\/10\/Verkehrshaus-der-Schweiz-scaled.jpg","keywords":["Nachhaltigkeit","Partnerschaft","Schweiz","Sustainability","Verkehrshaus"],"articleSection":["SUSTAINABILITY"],"inLanguage":"it-IT"},{"@type":"WebPage","@id":"https:\/\/www.organisator.ch\/sustainability\/2024-10-21\/sustainable-switzerland-und-verkehrshaus-der-schweiz-starten-partnerschaft\/","url":"https:\/\/www.organisator.ch\/sustainability\/2024-10-21\/sustainable-switzerland-und-verkehrshaus-der-schweiz-starten-partnerschaft\/","name":"Svizzera sostenibile e Museo Svizzero dei Trasporti lanciano una partnership - Organizzatore","isPartOf":{"@id":"https:\/\/www.organisator.ch\/#website"},"primaryImageOfPage":{"@id":"https:\/\/www.organisator.ch\/sustainability\/2024-10-21\/sustainable-switzerland-und-verkehrshaus-der-schweiz-starten-partnerschaft\/#primaryimage"},"image":{"@id":"https:\/\/www.organisator.ch\/sustainability\/2024-10-21\/sustainable-switzerland-und-verkehrshaus-der-schweiz-starten-partnerschaft\/#primaryimage"},"thumbnailUrl":"https:\/\/www.organisator.ch\/wp-content\/uploads\/2024\/10\/Verkehrshaus-der-Schweiz-scaled.jpg","datePublished":"2024-10-21T08:20:16+00:00","description":"Sustainable Switzerland, l'iniziativa di sostenibilit\u00e0 della NZZ, ha avviato una collaborazione con il Museo Svizzero dei Trasporti.","breadcrumb":{"@id":"https:\/\/www.organisator.ch\/sustainability\/2024-10-21\/sustainable-switzerland-und-verkehrshaus-der-schweiz-starten-partnerschaft\/#breadcrumb"},"inLanguage":"it-IT","potentialAction":[{"@type":"ReadAction","target":["https:\/\/www.organisator.ch\/sustainability\/2024-10-21\/sustainable-switzerland-und-verkehrshaus-der-schweiz-starten-partnerschaft\/"]}]},{"@type":"ImageObject","inLanguage":"it-IT","@id":"https:\/\/www.organisator.ch\/sustainability\/2024-10-21\/sustainable-switzerland-und-verkehrshaus-der-schweiz-starten-partnerschaft\/#primaryimage","url":"https:\/\/www.organisator.ch\/wp-content\/uploads\/2024\/10\/Verkehrshaus-der-Schweiz-scaled.jpg","contentUrl":"https:\/\/www.organisator.ch\/wp-content\/uploads\/2024\/10\/Verkehrshaus-der-Schweiz-scaled.jpg","width":1400,"height":934,"caption":"Nachhaltigkeitsdialog gemeinsam f\u00f6rdern: Sustainable Switzerland und Verkehrshaus der Schweiz starten Partnerschaft. (Bild: www.unternehmen.nzz.ch)"},{"@type":"BreadcrumbList","@id":"https:\/\/www.organisator.ch\/sustainability\/2024-10-21\/sustainable-switzerland-und-verkehrshaus-der-schweiz-starten-partnerschaft\/#breadcrumb","itemListElement":[{"@type":"ListItem","position":1,"name":"Home","item":"https:\/\/www.organisator.ch\/"},{"@type":"ListItem","position":2,"name":"Sustainable Switzerland und Verkehrshaus der Schweiz starten Partnerschaft"}]},{"@type":"WebSite","@id":"https:\/\/www.organisator.ch\/#website","url":"https:\/\/www.organisator.ch\/","name":"Organizzatore","description":"Competente. Pratico. In 10 numeri all'anno, ORGANISATOR presenta i temi essenziali per i manager delle PMI.","publisher":{"@id":"https:\/\/www.organisator.ch\/#organization"},"potentialAction":[{"@type":"SearchAction","target":{"@type":"EntryPoint","urlTemplate":"https:\/\/www.organisator.ch\/?s={search_term_string}"},"query-input":{"@type":"PropertyValueSpecification","valueRequired":true,"valueName":"search_term_string"}}],"inLanguage":"it-IT"},{"@type":"Organization","@id":"https:\/\/www.organisator.ch\/#organization","name":"Organizzatore","url":"https:\/\/www.organisator.ch\/","logo":{"@type":"ImageObject","inLanguage":"it-IT","@id":"https:\/\/www.organisator.ch\/#\/schema\/logo\/image\/","url":"https:\/\/www.organisator.ch\/wp-content\/uploads\/2022\/01\/Logo_Organisator_Website.png","contentUrl":"https:\/\/www.organisator.ch\/wp-content\/uploads\/2022\/01\/Logo_Organisator_Website.png","width":800,"height":77,"caption":"Organisator"},"image":{"@id":"https:\/\/www.organisator.ch\/#\/schema\/logo\/image\/"},"sameAs":["https:\/\/www.facebook.com\/OrganisatorFachmagazin","https:\/\/www.linkedin.com\/showcase\/organisator-das-magazin-fr-kmu","https:\/\/www.xing.com\/news\/pages\/organisator-ch-695","https:\/\/www.youtube.com\/channel\/UCGP2Sq0iWaZwT3BdIAQFYpw"]},{"@type":"Person","@id":"https:\/\/www.organisator.ch\/#\/schema\/person\/afccda3a71c06d4be2ed9100dd163db7","name":"Dzana Muminovic","image":{"@type":"ImageObject","inLanguage":"it-IT","@id":"https:\/\/secure.gravatar.com\/avatar\/909c5c71aff4b38e88686f2ab2f1ba152571f394f41ed8bae431ea56ced93050?s=96&d=mm&r=g","url":"https:\/\/secure.gravatar.com\/avatar\/909c5c71aff4b38e88686f2ab2f1ba152571f394f41ed8bae431ea56ced93050?s=96&d=mm&r=g","contentUrl":"https:\/\/secure.gravatar.com\/avatar\/909c5c71aff4b38e88686f2ab2f1ba152571f394f41ed8bae431ea56ced93050?s=96&d=mm&r=g","caption":"Dzana Muminovic"},"url":"https:\/\/www.organisator.ch\/it\/author\/dzana-muminovic\/"}]}},"_links":{"self":[{"href":"https:\/\/www.organisator.ch\/it\/wp-json\/wp\/v2\/posts\/31027","targetHints":{"allow":["GET"]}}],"collection":[{"href":"https:\/\/www.organisator.ch\/it\/wp-json\/wp\/v2\/posts"}],"about":[{"href":"https:\/\/www.organisator.ch\/it\/wp-json\/wp\/v2\/types\/post"}],"author":[{"embeddable":true,"href":"https:\/\/www.organisator.ch\/it\/wp-json\/wp\/v2\/users\/80"}],"replies":[{"embeddable":true,"href":"https:\/\/www.organisator.ch\/it\/wp-json\/wp\/v2\/comments?post=31027"}],"version-history":[{"count":6,"href":"https:\/\/www.organisator.ch\/it\/wp-json\/wp\/v2\/posts\/31027\/revisions"}],"predecessor-version":[{"id":31103,"href":"https:\/\/www.organisator.ch\/it\/wp-json\/wp\/v2\/posts\/31027\/revisions\/31103"}],"wp:featuredmedia":[{"embeddable":true,"href":"https:\/\/www.organisator.ch\/it\/wp-json\/wp\/v2\/media\/31028"}],"wp:attachment":[{"href":"https:\/\/www.organisator.ch\/it\/wp-json\/wp\/v2\/media?parent=31027"}],"wp:term":[{"taxonomy":"category","embeddable":true,"href":"https:\/\/www.organisator.ch\/it\/wp-json\/wp\/v2\/categories?post=31027"},{"taxonomy":"post_tag","embeddable":true,"href":"https:\/\/www.organisator.ch\/it\/wp-json\/wp\/v2\/tags?post=31027"}],"curies":[{"name":"wp","href":"https:\/\/api.w.org\/{rel}","templated":true}]}}