{"id":3109,"date":"2020-06-09T10:25:55","date_gmt":"2020-06-09T08:25:55","guid":{"rendered":"https:\/\/www.umweltperspektiven.ch\/?p=3109"},"modified":"2020-06-09T10:25:55","modified_gmt":"2020-06-09T08:25:55","slug":"coronakrise-rueckt-un-entwicklungsziele-in-weite-ferne","status":"publish","type":"post","link":"https:\/\/www.organisator.ch\/it\/allgemein\/2020-06-09\/coronakrise-rueckt-un-entwicklungsziele-in-weite-ferne\/","title":{"rendered":"La crisi di Corona rende gli obiettivi di sviluppo delle Nazioni Unite una prospettiva lontana"},"content":{"rendered":"<figure id=\"attachment_3110\" aria-describedby=\"caption-attachment-3110\" style=\"width: 680px\" class=\"wp-caption alignnone\"><img loading=\"lazy\" decoding=\"async\" class=\"size-medium wp-image-3110\" src=\"\/\/www.umweltperspektiven.ch\/wp-content\/uploads\/2020\/06\/UN-Entwicklungsziele_UP_Umwelt-Perspektiven.jpg\" alt=\"\" width=\"680\" height=\"458\" \/><figcaption id=\"caption-attachment-3110\" class=\"wp-caption-text\">Dove le famiglie numerose, che vivono insieme in uno spazio molto piccolo, devono affrontare la disoccupazione e le paure esistenziali, soffrono soprattutto le donne e i bambini. (Immagine: Unsplash)<\/figcaption><\/figure>\n<p>\"Senza misure immediate per mitigare la crisi della corona per le famiglie e i bambini, non raggiungeremo gli obiettivi di sviluppo delle Nazioni Unite entro il 2030\", dice Erika Dittli, responsabile del programma di SOS Villaggi dei Bambini Svizzera. \"Le famiglie che sono appena riuscite a rompere il circolo vizioso della povert\u00e0 e della mancanza d'istruzione stanno affrontando una grave battuta d'arresto\".<\/p>\n<p>Dittli si aspetta che la povert\u00e0 e la fame aumentino drammaticamente sulla scia della crisi di Corona. Anche la violenza contro i bambini \u00e8 in costante aumento nell'isolamento di Corona, mentre l'opportunit\u00e0 di ricevere istruzione e cure mediche continua a diminuire. Una valutazione attuale degli obiettivi di sviluppo delle Nazioni Unite:<\/p>\n<p><strong>Povert\u00e0<\/strong><br \/>\nDal 1990, il numero di persone che vivono in estrema povert\u00e0 \u00e8 sceso dal 36 al 10%. \"A causa della crisi economica globale, milioni di famiglie stanno perdendo il loro unico reddito e non possono pi\u00f9 provvedere adeguatamente ai loro figli\", sottolinea Erika Dittli. Secondo le stime dell'Universit\u00e0 delle Nazioni Unite, il numero di persone che vivono in estrema povert\u00e0 aumenter\u00e0 da 80 a 420 milioni, a seconda dello sviluppo economico. La soglia del miliardo potrebbe essere superata prima della fine di quest'anno, per la prima volta dal 2010.<\/p>\n<p><strong>Fame<\/strong><br \/>\nAnche prima di Corona, il numero di persone affamate era aumentato di nuovo per tre anni consecutivi. \"Questa tendenza \u00e8 ulteriormente alimentata dalla crisi di Corona. Perch\u00e9 se oggi perdi il lavoro a causa della crisi di Corona, domani in molti paesi farai la fame\", spiega Dittli. Inoltre, molti paesi sono gi\u00e0 pesantemente gravati da cambiamenti climatici, guerre o altri disastri come la piaga delle locuste in Nord Africa. Il Programma alimentare mondiale delle Nazioni Unite (WFP) teme che dieci milioni di bambini in pi\u00f9 saranno colpiti dalla malnutrizione - un aumento del 20%. Se i bambini piccoli non mangiano abbastanza, questo porta spesso a danni irreversibili o addirittura alla morte dopo poco tempo.<\/p>\n<p><strong>Educazione<\/strong><br \/>\nLe misure globali di Corona hanno fatto s\u00ec che a volte pi\u00f9 del 90% di tutti gli studenti siano dovuti rimanere a casa. \"Invece di imparare a casa, molti di questi bambini devono tornare a lavorare nei campi o nell'azienda di famiglia\", dice Dittli. Pi\u00f9 a lungo dura questa situazione, pi\u00f9 \u00e8 probabile che un bambino non riprenda mai la sua istruzione. Prima della crisi, il nove per cento di tutti i bambini del mondo non andava a scuola. \"Temiamo che questo numero aumenti ancora. Le ragazze in particolare sono a rischio, poich\u00e9 sono di solito le prime ad essere colpite quando le loro famiglie non possono pi\u00f9 permettersi di mandarle a scuola\", dice Dittli.<\/p>\n<p><strong>Mortalit\u00e0 infantile<\/strong><br \/>\n\"Quando i genitori non hanno pi\u00f9 soldi per le medicine e le forniture igieniche e allo stesso tempo i sistemi sanitari sono sovraccarichi, un aumento della mortalit\u00e0 infantile \u00e8 prevedibile\", dice Dittli. Mentre il numero di morti annuali tra i bambini sotto i cinque anni \u00e8 stato pi\u00f9 che dimezzato dal 1990 da 12,7 milioni a circa 5,3 milioni, le attuali previsioni delle Nazioni Unite indicano che potrebbe aumentare ancora. Prima della crisi della corona, una media di 15.000 bambini sotto i cinque anni moriva ogni giorno in tutto il mondo. Ora potrebbero essere circa 6.000 in pi\u00f9 ogni giorno. \"Queste morti saranno in gran parte dovute a malattie prevenibili come la diarrea. Inimmaginabile in questo paese\", spiega Dittli.<\/p>\n<p><strong>Violenza, abuso, sfruttamento<\/strong><br \/>\nAnche l'obiettivo dichiarato dalle Nazioni Unite di proteggere tutti i bambini dalla violenza, dall'abuso e dallo sfruttamento entro il 2030 non sar\u00e0 raggiunto, secondo i timori di SOS Villaggi dei Bambini - al contrario: \"Dove le famiglie numerose, che vivono insieme in uno spazio molto piccolo, devono affrontare la disoccupazione e le paure esistenziali, abbiamo osservato un aumento della violenza domestica dall'inizio della crisi\", riferisce Erika Dittli. Anche lo sfruttamento del lavoro minorile e i matrimoni forzati sono in aumento. \"Di fronte alla scelta di lasciar morire di fame la propria figlia o di farla sposare, molti genitori scelgono la seconda\", spiega Dittli.<\/p>\n<p>La conclusione del responsabile del programma SOS: \"Se come umanit\u00e0 vogliamo fare un passo avanti entro il 2030 e riprenderci in modo sostenibile da questa crisi, dobbiamo investire nella prossima generazione - nell'istruzione e nel sostegno alle famiglie. Perch\u00e9 saranno i bambini di oggi a decidere quanto sar\u00e0 sostenibile e resistente alla crisi il nostro futuro\".<\/p>\n<p><a href=\"\/\/www.sos-kinderdorf.ch\">www.sos-kinderdorf.ch<\/a><\/p>\n<p>&nbsp;<\/p>","protected":false},"excerpt":{"rendered":"<p>\u201eOhne umgehende Massnahmen zur Abfederung der Coronakrise f\u00fcr Familien und Kinder werden wir die UN-Entwicklungsziele bis 2030 nicht erreichen\u201c, sagt Erika Dittli, Programmleiterin bei SOS-Kinderdorf Schweiz. \u201eFamilien, die es erst gerade geschafft haben den Teufelskreis von Armut und mangelnder Bildung zu durchbrechen, droht ein herber R\u00fcckschlag.\u201c Dittli geht davon aus, dass Armut und Hunger im [&hellip;]<\/p>\n","protected":false},"author":5,"featured_media":3110,"comment_status":"closed","ping_status":"closed","sticky":false,"template":"","format":"standard","meta":{"_acf_changed":false,"_yoast_wpseo_focuskw":"UN-Entwicklungsziele","_yoast_wpseo_metadesc":"UN-Entwicklungsziele im Abseits: Mehr Armut und Gewalt, weniger Bildung und medizinische Versorgung \u2013 ebenso die Coronapandemie schaden den UN Zielen.","articlekey":"","footnotes":""},"categories":[1],"tags":[726,814,131,1104,1380,1491,2401],"class_list":["post-3109","post","type-post","status-publish","format-standard","has-post-thumbnail","hentry","category-allgemein","tag-armut","tag-bildung","tag-corona-krise","tag-entwicklungsziele","tag-hunger","tag-kindersterblichkeit","tag-un-ziele"],"acf":[],"yoast_head":"<!-- This site is optimized with the Yoast SEO plugin v27.5 - https:\/\/yoast.com\/product\/yoast-seo-wordpress\/ -->\n<title>Coronakrise r\u00fcckt UN-Entwicklungsziele in weite Ferne - Organisator<\/title>\n<meta name=\"description\" content=\"UN-Entwicklungsziele im Abseits: Mehr Armut und Gewalt, weniger Bildung und medizinische Versorgung \u2013 ebenso die Coronapandemie schaden den UN Zielen.\" \/>\n<meta name=\"robots\" content=\"index, follow, max-snippet:-1, max-image-preview:large, max-video-preview:-1\" \/>\n<link rel=\"canonical\" href=\"https:\/\/www.organisator.ch\/it\/generale\/2020-06-09\/coronakrise-rueckt-un-entwicklungsziele-in-weite-ferne\/\" \/>\n<meta property=\"og:locale\" content=\"it_IT\" \/>\n<meta property=\"og:type\" content=\"article\" \/>\n<meta property=\"og:title\" content=\"Coronakrise r\u00fcckt UN-Entwicklungsziele in weite Ferne - Organisator\" \/>\n<meta property=\"og:description\" content=\"UN-Entwicklungsziele im Abseits: Mehr Armut und Gewalt, weniger Bildung und medizinische Versorgung \u2013 ebenso die Coronapandemie schaden den UN Zielen.\" \/>\n<meta property=\"og:url\" content=\"https:\/\/www.organisator.ch\/it\/generale\/2020-06-09\/coronakrise-rueckt-un-entwicklungsziele-in-weite-ferne\/\" \/>\n<meta property=\"og:site_name\" content=\"Organisator\" \/>\n<meta property=\"article:publisher\" content=\"https:\/\/www.facebook.com\/OrganisatorFachmagazin\" \/>\n<meta property=\"article:published_time\" content=\"2020-06-09T08:25:55+00:00\" \/>\n<meta property=\"og:image\" content=\"https:\/\/www.organisator.ch\/wp-content\/uploads\/2020\/06\/UN-Entwicklungsziele_UP_Umwelt-Perspektiven-scaled.jpg\" \/>\n\t<meta property=\"og:image:width\" content=\"2560\" \/>\n\t<meta property=\"og:image:height\" content=\"1726\" \/>\n\t<meta property=\"og:image:type\" content=\"image\/jpeg\" \/>\n<meta name=\"author\" content=\"michael.merz\" \/>\n<meta name=\"twitter:card\" content=\"summary_large_image\" \/>\n<script type=\"application\/ld+json\" class=\"yoast-schema-graph\">{\"@context\":\"https:\\\/\\\/schema.org\",\"@graph\":[{\"@type\":\"Article\",\"@id\":\"https:\\\/\\\/www.organisator.ch\\\/it\\\/generale\\\/2020-06-09\\\/coronakrise-rueckt-un-entwicklungsziele-in-weite-ferne\\\/#article\",\"isPartOf\":{\"@id\":\"https:\\\/\\\/www.organisator.ch\\\/it\\\/generale\\\/2020-06-09\\\/coronakrise-rueckt-un-entwicklungsziele-in-weite-ferne\\\/\"},\"author\":{\"name\":\"michael.merz\",\"@id\":\"https:\\\/\\\/www.organisator.ch\\\/#\\\/schema\\\/person\\\/134708ca9321c57b0362cceb7948ffbd\"},\"headline\":\"Coronakrise r\u00fcckt UN-Entwicklungsziele in weite Ferne\",\"datePublished\":\"2020-06-09T08:25:55+00:00\",\"mainEntityOfPage\":{\"@id\":\"https:\\\/\\\/www.organisator.ch\\\/it\\\/generale\\\/2020-06-09\\\/coronakrise-rueckt-un-entwicklungsziele-in-weite-ferne\\\/\"},\"wordCount\":683,\"publisher\":{\"@id\":\"https:\\\/\\\/www.organisator.ch\\\/#organization\"},\"image\":{\"@id\":\"https:\\\/\\\/www.organisator.ch\\\/it\\\/generale\\\/2020-06-09\\\/coronakrise-rueckt-un-entwicklungsziele-in-weite-ferne\\\/#primaryimage\"},\"thumbnailUrl\":\"https:\\\/\\\/www.organisator.ch\\\/wp-content\\\/uploads\\\/2020\\\/06\\\/UN-Entwicklungsziele_UP_Umwelt-Perspektiven-scaled.jpg\",\"keywords\":[\"Armut\",\"Bildung\",\"Corona-Krise\",\"Entwicklungsziele\",\"Hunger\",\"Kindersterblichkeit\",\"UN-Ziele\"],\"articleSection\":[\"Allgemein\"],\"inLanguage\":\"it-IT\"},{\"@type\":\"WebPage\",\"@id\":\"https:\\\/\\\/www.organisator.ch\\\/it\\\/generale\\\/2020-06-09\\\/coronakrise-rueckt-un-entwicklungsziele-in-weite-ferne\\\/\",\"url\":\"https:\\\/\\\/www.organisator.ch\\\/it\\\/generale\\\/2020-06-09\\\/coronakrise-rueckt-un-entwicklungsziele-in-weite-ferne\\\/\",\"name\":\"Coronakrise r\u00fcckt UN-Entwicklungsziele in weite Ferne - Organisator\",\"isPartOf\":{\"@id\":\"https:\\\/\\\/www.organisator.ch\\\/#website\"},\"primaryImageOfPage\":{\"@id\":\"https:\\\/\\\/www.organisator.ch\\\/it\\\/generale\\\/2020-06-09\\\/coronakrise-rueckt-un-entwicklungsziele-in-weite-ferne\\\/#primaryimage\"},\"image\":{\"@id\":\"https:\\\/\\\/www.organisator.ch\\\/it\\\/generale\\\/2020-06-09\\\/coronakrise-rueckt-un-entwicklungsziele-in-weite-ferne\\\/#primaryimage\"},\"thumbnailUrl\":\"https:\\\/\\\/www.organisator.ch\\\/wp-content\\\/uploads\\\/2020\\\/06\\\/UN-Entwicklungsziele_UP_Umwelt-Perspektiven-scaled.jpg\",\"datePublished\":\"2020-06-09T08:25:55+00:00\",\"description\":\"UN-Entwicklungsziele im Abseits: Mehr Armut und Gewalt, weniger Bildung und medizinische Versorgung \u2013 ebenso die Coronapandemie schaden den UN Zielen.\",\"breadcrumb\":{\"@id\":\"https:\\\/\\\/www.organisator.ch\\\/it\\\/generale\\\/2020-06-09\\\/coronakrise-rueckt-un-entwicklungsziele-in-weite-ferne\\\/#breadcrumb\"},\"inLanguage\":\"it-IT\",\"potentialAction\":[{\"@type\":\"ReadAction\",\"target\":[\"https:\\\/\\\/www.organisator.ch\\\/it\\\/generale\\\/2020-06-09\\\/coronakrise-rueckt-un-entwicklungsziele-in-weite-ferne\\\/\"]}]},{\"@type\":\"ImageObject\",\"inLanguage\":\"it-IT\",\"@id\":\"https:\\\/\\\/www.organisator.ch\\\/it\\\/generale\\\/2020-06-09\\\/coronakrise-rueckt-un-entwicklungsziele-in-weite-ferne\\\/#primaryimage\",\"url\":\"https:\\\/\\\/www.organisator.ch\\\/wp-content\\\/uploads\\\/2020\\\/06\\\/UN-Entwicklungsziele_UP_Umwelt-Perspektiven-scaled.jpg\",\"contentUrl\":\"https:\\\/\\\/www.organisator.ch\\\/wp-content\\\/uploads\\\/2020\\\/06\\\/UN-Entwicklungsziele_UP_Umwelt-Perspektiven-scaled.jpg\",\"width\":2560,\"height\":1726,\"caption\":\"Wo Grossfamilien, auf engstem Raum zusammen wohnen, mit Arbeitslosigkeit und Existenz\u00e4ngsten konfrontiert sind, leiden besonders auch Frauen und Kinder darunter. (Bild: Unsplash)\"},{\"@type\":\"BreadcrumbList\",\"@id\":\"https:\\\/\\\/www.organisator.ch\\\/it\\\/generale\\\/2020-06-09\\\/coronakrise-rueckt-un-entwicklungsziele-in-weite-ferne\\\/#breadcrumb\",\"itemListElement\":[{\"@type\":\"ListItem\",\"position\":1,\"name\":\"Home\",\"item\":\"https:\\\/\\\/www.organisator.ch\\\/\"},{\"@type\":\"ListItem\",\"position\":2,\"name\":\"Coronakrise r\u00fcckt UN-Entwicklungsziele in weite Ferne\"}]},{\"@type\":\"WebSite\",\"@id\":\"https:\\\/\\\/www.organisator.ch\\\/#website\",\"url\":\"https:\\\/\\\/www.organisator.ch\\\/\",\"name\":\"Organisator\",\"description\":\"Kompetent. Praxisnah. Der ORGANISATOR bereitet in 10 Ausgaben pro Jahr die wesentlichen Themen f\u00fcr F\u00fchrungskr\u00e4fte von KMU auf.\",\"publisher\":{\"@id\":\"https:\\\/\\\/www.organisator.ch\\\/#organization\"},\"potentialAction\":[{\"@type\":\"SearchAction\",\"target\":{\"@type\":\"EntryPoint\",\"urlTemplate\":\"https:\\\/\\\/www.organisator.ch\\\/?s={search_term_string}\"},\"query-input\":{\"@type\":\"PropertyValueSpecification\",\"valueRequired\":true,\"valueName\":\"search_term_string\"}}],\"inLanguage\":\"it-IT\"},{\"@type\":\"Organization\",\"@id\":\"https:\\\/\\\/www.organisator.ch\\\/#organization\",\"name\":\"Organisator\",\"url\":\"https:\\\/\\\/www.organisator.ch\\\/\",\"logo\":{\"@type\":\"ImageObject\",\"inLanguage\":\"it-IT\",\"@id\":\"https:\\\/\\\/www.organisator.ch\\\/#\\\/schema\\\/logo\\\/image\\\/\",\"url\":\"https:\\\/\\\/www.organisator.ch\\\/wp-content\\\/uploads\\\/2022\\\/01\\\/Logo_Organisator_Website.png\",\"contentUrl\":\"https:\\\/\\\/www.organisator.ch\\\/wp-content\\\/uploads\\\/2022\\\/01\\\/Logo_Organisator_Website.png\",\"width\":800,\"height\":77,\"caption\":\"Organisator\"},\"image\":{\"@id\":\"https:\\\/\\\/www.organisator.ch\\\/#\\\/schema\\\/logo\\\/image\\\/\"},\"sameAs\":[\"https:\\\/\\\/www.facebook.com\\\/OrganisatorFachmagazin\",\"https:\\\/\\\/www.linkedin.com\\\/showcase\\\/organisator-das-magazin-fr-kmu\",\"https:\\\/\\\/www.xing.com\\\/news\\\/pages\\\/organisator-ch-695\",\"https:\\\/\\\/www.youtube.com\\\/channel\\\/UCGP2Sq0iWaZwT3BdIAQFYpw\"]},{\"@type\":\"Person\",\"@id\":\"https:\\\/\\\/www.organisator.ch\\\/#\\\/schema\\\/person\\\/134708ca9321c57b0362cceb7948ffbd\",\"name\":\"michael.merz\",\"image\":{\"@type\":\"ImageObject\",\"inLanguage\":\"it-IT\",\"@id\":\"https:\\\/\\\/secure.gravatar.com\\\/avatar\\\/?s=96&d=mm&r=g\",\"url\":\"https:\\\/\\\/secure.gravatar.com\\\/avatar\\\/?s=96&d=mm&r=g\",\"contentUrl\":\"https:\\\/\\\/secure.gravatar.com\\\/avatar\\\/?s=96&d=mm&r=g\",\"caption\":\"michael.merz\"},\"url\":\"https:\\\/\\\/www.organisator.ch\\\/it\\\/author\\\/michael-merz\\\/\"}]}<\/script>\n<!-- \/ Yoast SEO plugin. -->","yoast_head_json":{"title":"La crisi di Corona rende gli obiettivi di sviluppo delle Nazioni Unite una prospettiva lontana - Organizzatore","description":"Gli obiettivi di sviluppo dell'ONU sono in fuorigioco: pi\u00f9 povert\u00e0 e violenza, meno istruzione e assistenza medica, oltre alla pandemia della corona, stanno danneggiando gli obiettivi dell'ONU.","robots":{"index":"index","follow":"follow","max-snippet":"max-snippet:-1","max-image-preview":"max-image-preview:large","max-video-preview":"max-video-preview:-1"},"canonical":"https:\/\/www.organisator.ch\/it\/generale\/2020-06-09\/coronakrise-rueckt-un-entwicklungsziele-in-weite-ferne\/","og_locale":"it_IT","og_type":"article","og_title":"Coronakrise r\u00fcckt UN-Entwicklungsziele in weite Ferne - Organisator","og_description":"UN-Entwicklungsziele im Abseits: Mehr Armut und Gewalt, weniger Bildung und medizinische Versorgung \u2013 ebenso die Coronapandemie schaden den UN Zielen.","og_url":"https:\/\/www.organisator.ch\/it\/generale\/2020-06-09\/coronakrise-rueckt-un-entwicklungsziele-in-weite-ferne\/","og_site_name":"Organisator","article_publisher":"https:\/\/www.facebook.com\/OrganisatorFachmagazin","article_published_time":"2020-06-09T08:25:55+00:00","og_image":[{"width":2560,"height":1726,"url":"https:\/\/www.organisator.ch\/wp-content\/uploads\/2020\/06\/UN-Entwicklungsziele_UP_Umwelt-Perspektiven-scaled.jpg","type":"image\/jpeg"}],"author":"michael.merz","twitter_card":"summary_large_image","schema":{"@context":"https:\/\/schema.org","@graph":[{"@type":"Article","@id":"https:\/\/www.organisator.ch\/it\/generale\/2020-06-09\/coronakrise-rueckt-un-entwicklungsziele-in-weite-ferne\/#article","isPartOf":{"@id":"https:\/\/www.organisator.ch\/it\/generale\/2020-06-09\/coronakrise-rueckt-un-entwicklungsziele-in-weite-ferne\/"},"author":{"name":"michael.merz","@id":"https:\/\/www.organisator.ch\/#\/schema\/person\/134708ca9321c57b0362cceb7948ffbd"},"headline":"Coronakrise r\u00fcckt UN-Entwicklungsziele in weite Ferne","datePublished":"2020-06-09T08:25:55+00:00","mainEntityOfPage":{"@id":"https:\/\/www.organisator.ch\/it\/generale\/2020-06-09\/coronakrise-rueckt-un-entwicklungsziele-in-weite-ferne\/"},"wordCount":683,"publisher":{"@id":"https:\/\/www.organisator.ch\/#organization"},"image":{"@id":"https:\/\/www.organisator.ch\/it\/generale\/2020-06-09\/coronakrise-rueckt-un-entwicklungsziele-in-weite-ferne\/#primaryimage"},"thumbnailUrl":"https:\/\/www.organisator.ch\/wp-content\/uploads\/2020\/06\/UN-Entwicklungsziele_UP_Umwelt-Perspektiven-scaled.jpg","keywords":["Armut","Bildung","Corona-Krise","Entwicklungsziele","Hunger","Kindersterblichkeit","UN-Ziele"],"articleSection":["Allgemein"],"inLanguage":"it-IT"},{"@type":"WebPage","@id":"https:\/\/www.organisator.ch\/it\/generale\/2020-06-09\/coronakrise-rueckt-un-entwicklungsziele-in-weite-ferne\/","url":"https:\/\/www.organisator.ch\/it\/generale\/2020-06-09\/coronakrise-rueckt-un-entwicklungsziele-in-weite-ferne\/","name":"La crisi di Corona rende gli obiettivi di sviluppo delle Nazioni Unite una prospettiva lontana - Organizzatore","isPartOf":{"@id":"https:\/\/www.organisator.ch\/#website"},"primaryImageOfPage":{"@id":"https:\/\/www.organisator.ch\/it\/generale\/2020-06-09\/coronakrise-rueckt-un-entwicklungsziele-in-weite-ferne\/#primaryimage"},"image":{"@id":"https:\/\/www.organisator.ch\/it\/generale\/2020-06-09\/coronakrise-rueckt-un-entwicklungsziele-in-weite-ferne\/#primaryimage"},"thumbnailUrl":"https:\/\/www.organisator.ch\/wp-content\/uploads\/2020\/06\/UN-Entwicklungsziele_UP_Umwelt-Perspektiven-scaled.jpg","datePublished":"2020-06-09T08:25:55+00:00","description":"Gli obiettivi di sviluppo dell'ONU sono in fuorigioco: pi\u00f9 povert\u00e0 e violenza, meno istruzione e assistenza medica, oltre alla pandemia della corona, stanno danneggiando gli obiettivi dell'ONU.","breadcrumb":{"@id":"https:\/\/www.organisator.ch\/it\/generale\/2020-06-09\/coronakrise-rueckt-un-entwicklungsziele-in-weite-ferne\/#breadcrumb"},"inLanguage":"it-IT","potentialAction":[{"@type":"ReadAction","target":["https:\/\/www.organisator.ch\/it\/generale\/2020-06-09\/coronakrise-rueckt-un-entwicklungsziele-in-weite-ferne\/"]}]},{"@type":"ImageObject","inLanguage":"it-IT","@id":"https:\/\/www.organisator.ch\/it\/generale\/2020-06-09\/coronakrise-rueckt-un-entwicklungsziele-in-weite-ferne\/#primaryimage","url":"https:\/\/www.organisator.ch\/wp-content\/uploads\/2020\/06\/UN-Entwicklungsziele_UP_Umwelt-Perspektiven-scaled.jpg","contentUrl":"https:\/\/www.organisator.ch\/wp-content\/uploads\/2020\/06\/UN-Entwicklungsziele_UP_Umwelt-Perspektiven-scaled.jpg","width":2560,"height":1726,"caption":"Wo Grossfamilien, auf engstem Raum zusammen wohnen, mit Arbeitslosigkeit und Existenz\u00e4ngsten konfrontiert sind, leiden besonders auch Frauen und Kinder darunter. (Bild: Unsplash)"},{"@type":"BreadcrumbList","@id":"https:\/\/www.organisator.ch\/it\/generale\/2020-06-09\/coronakrise-rueckt-un-entwicklungsziele-in-weite-ferne\/#breadcrumb","itemListElement":[{"@type":"ListItem","position":1,"name":"Home","item":"https:\/\/www.organisator.ch\/"},{"@type":"ListItem","position":2,"name":"Coronakrise r\u00fcckt UN-Entwicklungsziele in weite Ferne"}]},{"@type":"WebSite","@id":"https:\/\/www.organisator.ch\/#website","url":"https:\/\/www.organisator.ch\/","name":"Organizzatore","description":"Competente. Pratico. In 10 numeri all'anno, ORGANISATOR presenta i temi essenziali per i manager delle PMI.","publisher":{"@id":"https:\/\/www.organisator.ch\/#organization"},"potentialAction":[{"@type":"SearchAction","target":{"@type":"EntryPoint","urlTemplate":"https:\/\/www.organisator.ch\/?s={search_term_string}"},"query-input":{"@type":"PropertyValueSpecification","valueRequired":true,"valueName":"search_term_string"}}],"inLanguage":"it-IT"},{"@type":"Organization","@id":"https:\/\/www.organisator.ch\/#organization","name":"Organizzatore","url":"https:\/\/www.organisator.ch\/","logo":{"@type":"ImageObject","inLanguage":"it-IT","@id":"https:\/\/www.organisator.ch\/#\/schema\/logo\/image\/","url":"https:\/\/www.organisator.ch\/wp-content\/uploads\/2022\/01\/Logo_Organisator_Website.png","contentUrl":"https:\/\/www.organisator.ch\/wp-content\/uploads\/2022\/01\/Logo_Organisator_Website.png","width":800,"height":77,"caption":"Organisator"},"image":{"@id":"https:\/\/www.organisator.ch\/#\/schema\/logo\/image\/"},"sameAs":["https:\/\/www.facebook.com\/OrganisatorFachmagazin","https:\/\/www.linkedin.com\/showcase\/organisator-das-magazin-fr-kmu","https:\/\/www.xing.com\/news\/pages\/organisator-ch-695","https:\/\/www.youtube.com\/channel\/UCGP2Sq0iWaZwT3BdIAQFYpw"]},{"@type":"Person","@id":"https:\/\/www.organisator.ch\/#\/schema\/person\/134708ca9321c57b0362cceb7948ffbd","name":"michael.merz","image":{"@type":"ImageObject","inLanguage":"it-IT","@id":"https:\/\/secure.gravatar.com\/avatar\/?s=96&d=mm&r=g","url":"https:\/\/secure.gravatar.com\/avatar\/?s=96&d=mm&r=g","contentUrl":"https:\/\/secure.gravatar.com\/avatar\/?s=96&d=mm&r=g","caption":"michael.merz"},"url":"https:\/\/www.organisator.ch\/it\/author\/michael-merz\/"}]}},"_links":{"self":[{"href":"https:\/\/www.organisator.ch\/it\/wp-json\/wp\/v2\/posts\/3109","targetHints":{"allow":["GET"]}}],"collection":[{"href":"https:\/\/www.organisator.ch\/it\/wp-json\/wp\/v2\/posts"}],"about":[{"href":"https:\/\/www.organisator.ch\/it\/wp-json\/wp\/v2\/types\/post"}],"author":[{"embeddable":true,"href":"https:\/\/www.organisator.ch\/it\/wp-json\/wp\/v2\/users\/5"}],"replies":[{"embeddable":true,"href":"https:\/\/www.organisator.ch\/it\/wp-json\/wp\/v2\/comments?post=3109"}],"version-history":[{"count":0,"href":"https:\/\/www.organisator.ch\/it\/wp-json\/wp\/v2\/posts\/3109\/revisions"}],"wp:featuredmedia":[{"embeddable":true,"href":"https:\/\/www.organisator.ch\/it\/wp-json\/wp\/v2\/media\/3110"}],"wp:attachment":[{"href":"https:\/\/www.organisator.ch\/it\/wp-json\/wp\/v2\/media?parent=3109"}],"wp:term":[{"taxonomy":"category","embeddable":true,"href":"https:\/\/www.organisator.ch\/it\/wp-json\/wp\/v2\/categories?post=3109"},{"taxonomy":"post_tag","embeddable":true,"href":"https:\/\/www.organisator.ch\/it\/wp-json\/wp\/v2\/tags?post=3109"}],"curies":[{"name":"wp","href":"https:\/\/api.w.org\/{rel}","templated":true}]}}