{"id":31095,"date":"2024-10-22T08:21:48","date_gmt":"2024-10-22T06:21:48","guid":{"rendered":"https:\/\/www.m-q.ch\/?p=20589"},"modified":"2024-11-07T12:09:06","modified_gmt":"2024-11-07T11:09:06","slug":"helvetia-stellt-vertriebsorganisation-neu-auf-und-regelt-nachfolge-der-vertriebsleitung-fruehzeitig-per-2026","status":"publish","type":"post","link":"https:\/\/www.organisator.ch\/it\/operational-excellence\/2024-10-22\/helvetia-stellt-vertriebsorganisation-neu-auf-und-regelt-nachfolge-der-vertriebsleitung-fruehzeitig-per-2026\/","title":{"rendered":"Helvetia ristruttura l'organizzazione di vendita e predispone la successione della direzione commerciale a partire dal 2026"},"content":{"rendered":"<figure id=\"attachment_20590\" class=\"wp-caption alignnone\" style=\"width: 680px\" aria-describedby=\"caption-attachment-20590\"><img class=\"alignnone wp-image-20590 size-full\" src=\"https:\/\/www.m-q.ch\/wp-content\/uploads\/2024\/10\/Helvetia_Bild1_ps.jpg\" alt=\"Gestione delle vendite Helvetia\" width=\"680\" height=\"473\" \/>\r\n<figcaption id=\"caption-attachment-20590\" class=\"wp-caption-text\">Ralph Jeitziner, responsabile vendite di Helvetia Svizzera (a sinistra), passer\u00e0 il testimone al suo successore Simon Weiner il 1\u00b0 gennaio 2026. (Immagine: www.helvetia.ch, Remo Stalder)<\/figcaption>\r\n<\/figure>\r\n<p>A partire dal 1\u00b0 gennaio 2025, Helvetia ristruttura la propria organizzazione di vendita e nomina l'esperto Simon Weiner (45 anni) come responsabile della rete di vendita Svizzera. Questa funzione raggruppa i canali di vendita con accesso diretto ai clienti nel mercato nazionale svizzero e ne garantisce l'interazione ottimale per i clienti.<\/p>\r\n<p>Allo stesso tempo, l'azienda si sta organizzando per tempo per trovare il successore di Ralph Jeitziner come responsabile delle vendite. Ralph Jeitziner \u00e8 stato responsabile delle vendite per 29 anni, inizialmente presso Coop Life, Nationale Suisse e poi Helvetia. Ha deciso di andare in pensione il 30 aprile 2026. Simon Weiner assumer\u00e0 il suo ruolo all'inizio del 2026, entrando cos\u00ec a far parte della Direzione generale di Helvetia Svizzera.<\/p>\r\n<h3><strong>Specialista delle vendite con esperienza <\/strong><\/h3>\r\n<p>Simon Weiner, di doppia nazionalit\u00e0 svizzero-austriaca, conosce Helvetia e il settore assicurativo in Svizzera da molti anni. In qualit\u00e0 di responsabile della regione centrale delle vendite per cinque anni, \u00e8 stato responsabile dell'attuazione della strategia di vendita 2025 nella regione con il fatturato pi\u00f9 elevato della Svizzera. Ha inoltre supervisionato passi importanti come l'integrazione parziale delle vendite di MoneyPark, la piattaforma di prodotti e servizi leader nella consulenza ipotecaria e immobiliare indipendente.<\/p>\r\n<p>In precedenza, Simon Weiner \u00e8 stato CEO di Orion Rechtsschutz Versicherung AG dal 2017 al 2019 e ha ricoperto varie posizioni nell'ambito delle vendite presso Zurich Financial Services (Zurigo Svizzera) dal 2009 al 2016. Simon Weiner ha conseguito un International Executive MBA presso l'Universit\u00e0 di San Gallo HSG.<\/p>\r\n<p>Martin Jara, CEO di Helvetia Assicurazioni Svizzera, si rallegra della nomina: \"Ralph Jeitziner ha plasmato Helvetia per molti anni e ha svolto un ruolo fondamentale nel successo dell'azienda con la sua forte organizzazione di vendita. Era quindi ancora pi\u00f9 importante per noi trovare tempestivamente una soluzione a lungo termine per il suo successore. Con Simon Weiner subentra un esperto assoluto proveniente dai nostri ranghi. Gli auguro il massimo successo per l'imminente fusione organizzativa della rete di vendita che avverr\u00e0 l'anno prossimo e per il suo futuro ruolo di responsabile delle vendite e di membro della Direzione Generale Svizzera, e sono ansioso di lavorare con lui in futuro.\"<\/p>\r\n<p><em>Fonte: <a href=\"http:\/\/www.helvetia.ch\/\">www.helvetia.ch<\/a><\/em><\/p>\n<p class=\"syndicated-attribution\">Questo articolo \u00e8 apparso originariamente su m-q.ch - <a href=\"https:\/\/www.m-q.ch\/de\/helvetia-stellt-vertriebsorganisation-neu-auf-und-regelt-nachfolge-der-vertriebsleitung-fruehzeitig-per-2026\/\" target=\"_blank\">https:\/\/www.m-q.ch\/de\/helvetia-stellt-vertriebsorganisation-neu-auf-und-regelt-nachfolge-der-vertriebsleitung-fruehzeitig-per-2026\/<\/a><\/p>","protected":false},"excerpt":{"rendered":"<p>Simon Weiner, in precedenza responsabile della regione centrale delle vendite, assumer\u00e0 il nuovo ruolo di responsabile della rete di vendita svizzera a partire dal 1\u00b0 gennaio 2025. Dal 2026 succeder\u00e0 a Ralph Jeitziner, che va in pensione, come responsabile delle vendite e membro della direzione di Helvetia Svizzera.<\/p>","protected":false},"author":80,"featured_media":0,"comment_status":"closed","ping_status":"closed","sticky":false,"template":"","format":"standard","meta":{"_acf_changed":false,"_yoast_wpseo_focuskw":"Helvetia Vertriebsleitung","_yoast_wpseo_metadesc":"Helvetia ernennt Simon Weiner zum neuen Vertriebsleiter ab 2025 und regelt die Nachfolge von Ralph Jeitziner fr\u00fchzeitig.","articlekey":"","footnotes":""},"categories":[582],"tags":[103,4390,357,424,492,4664],"class_list":["post-31095","post","type-post","status-publish","format-standard","hentry","category-operational-excellence","tag-business-excellence","tag-helvetia","tag-nachfolgeregelung","tag-schweiz","tag-unternehmen","tag-vertriebsorganisation"],"acf":[],"yoast_head":"<!-- This site is optimized with the Yoast SEO plugin v27.4 - https:\/\/yoast.com\/product\/yoast-seo-wordpress\/ -->\n<title>Helvetia stellt Vertriebsorganisation neu auf und regelt Nachfolge der Vertriebsleitung fr\u00fchzeitig per 2026 - Organisator<\/title>\n<meta name=\"description\" content=\"Helvetia ernennt Simon Weiner zum neuen Vertriebsleiter ab 2025 und regelt die Nachfolge von Ralph Jeitziner fr\u00fchzeitig.\" \/>\n<meta name=\"robots\" content=\"index, follow, max-snippet:-1, max-image-preview:large, max-video-preview:-1\" \/>\n<link rel=\"canonical\" href=\"https:\/\/www.organisator.ch\/it\/eccellenza-operativa\/2024-10-22\/helvetia-stellt-vertriebsorganisation-neu-auf-und-regelt-nachfolge-der-vertriebsleitung-fruehzeitig-per-2026\/\" \/>\n<meta property=\"og:locale\" content=\"it_IT\" \/>\n<meta property=\"og:type\" content=\"article\" \/>\n<meta property=\"og:title\" content=\"Helvetia stellt Vertriebsorganisation neu auf und regelt Nachfolge der Vertriebsleitung fr\u00fchzeitig per 2026 - Organisator\" \/>\n<meta property=\"og:description\" content=\"Helvetia ernennt Simon Weiner zum neuen Vertriebsleiter ab 2025 und regelt die Nachfolge von Ralph Jeitziner fr\u00fchzeitig.\" \/>\n<meta property=\"og:url\" content=\"https:\/\/www.organisator.ch\/it\/eccellenza-operativa\/2024-10-22\/helvetia-stellt-vertriebsorganisation-neu-auf-und-regelt-nachfolge-der-vertriebsleitung-fruehzeitig-per-2026\/\" \/>\n<meta property=\"og:site_name\" content=\"Organisator\" \/>\n<meta property=\"article:publisher\" content=\"https:\/\/www.facebook.com\/OrganisatorFachmagazin\" \/>\n<meta property=\"article:published_time\" content=\"2024-10-22T06:21:48+00:00\" \/>\n<meta property=\"article:modified_time\" content=\"2024-11-07T11:09:06+00:00\" \/>\n<meta property=\"og:image\" content=\"https:\/\/www.m-q.ch\/wp-content\/uploads\/2024\/10\/Helvetia_Bild1_ps.jpg\" \/>\n<meta name=\"author\" content=\"Dzana Muminovic\" \/>\n<meta name=\"twitter:card\" content=\"summary_large_image\" \/>\n<script type=\"application\/ld+json\" class=\"yoast-schema-graph\">{\"@context\":\"https:\\\/\\\/schema.org\",\"@graph\":[{\"@type\":\"Article\",\"@id\":\"https:\\\/\\\/www.organisator.ch\\\/operational-excellence\\\/2024-10-22\\\/helvetia-stellt-vertriebsorganisation-neu-auf-und-regelt-nachfolge-der-vertriebsleitung-fruehzeitig-per-2026\\\/#article\",\"isPartOf\":{\"@id\":\"https:\\\/\\\/www.organisator.ch\\\/operational-excellence\\\/2024-10-22\\\/helvetia-stellt-vertriebsorganisation-neu-auf-und-regelt-nachfolge-der-vertriebsleitung-fruehzeitig-per-2026\\\/\"},\"author\":{\"name\":\"Dzana Muminovic\",\"@id\":\"https:\\\/\\\/www.organisator.ch\\\/#\\\/schema\\\/person\\\/afccda3a71c06d4be2ed9100dd163db7\"},\"headline\":\"Helvetia stellt Vertriebsorganisation neu auf und regelt Nachfolge der Vertriebsleitung fr\u00fchzeitig per 2026\",\"datePublished\":\"2024-10-22T06:21:48+00:00\",\"dateModified\":\"2024-11-07T11:09:06+00:00\",\"mainEntityOfPage\":{\"@id\":\"https:\\\/\\\/www.organisator.ch\\\/operational-excellence\\\/2024-10-22\\\/helvetia-stellt-vertriebsorganisation-neu-auf-und-regelt-nachfolge-der-vertriebsleitung-fruehzeitig-per-2026\\\/\"},\"wordCount\":363,\"publisher\":{\"@id\":\"https:\\\/\\\/www.organisator.ch\\\/#organization\"},\"image\":{\"@id\":\"https:\\\/\\\/www.organisator.ch\\\/operational-excellence\\\/2024-10-22\\\/helvetia-stellt-vertriebsorganisation-neu-auf-und-regelt-nachfolge-der-vertriebsleitung-fruehzeitig-per-2026\\\/#primaryimage\"},\"thumbnailUrl\":\"https:\\\/\\\/www.m-q.ch\\\/wp-content\\\/uploads\\\/2024\\\/10\\\/Helvetia_Bild1_ps.jpg\",\"keywords\":[\"Business Excellence\",\"Helvetia\",\"Nachfolgeregelung\",\"Schweiz\",\"Unternehmen\",\"Vertriebsorganisation\"],\"articleSection\":[\"OPERATIONAL EXCELLENCE\"],\"inLanguage\":\"it-IT\"},{\"@type\":\"WebPage\",\"@id\":\"https:\\\/\\\/www.organisator.ch\\\/operational-excellence\\\/2024-10-22\\\/helvetia-stellt-vertriebsorganisation-neu-auf-und-regelt-nachfolge-der-vertriebsleitung-fruehzeitig-per-2026\\\/\",\"url\":\"https:\\\/\\\/www.organisator.ch\\\/operational-excellence\\\/2024-10-22\\\/helvetia-stellt-vertriebsorganisation-neu-auf-und-regelt-nachfolge-der-vertriebsleitung-fruehzeitig-per-2026\\\/\",\"name\":\"Helvetia stellt Vertriebsorganisation neu auf und regelt Nachfolge der Vertriebsleitung fr\u00fchzeitig per 2026 - Organisator\",\"isPartOf\":{\"@id\":\"https:\\\/\\\/www.organisator.ch\\\/#website\"},\"primaryImageOfPage\":{\"@id\":\"https:\\\/\\\/www.organisator.ch\\\/operational-excellence\\\/2024-10-22\\\/helvetia-stellt-vertriebsorganisation-neu-auf-und-regelt-nachfolge-der-vertriebsleitung-fruehzeitig-per-2026\\\/#primaryimage\"},\"image\":{\"@id\":\"https:\\\/\\\/www.organisator.ch\\\/operational-excellence\\\/2024-10-22\\\/helvetia-stellt-vertriebsorganisation-neu-auf-und-regelt-nachfolge-der-vertriebsleitung-fruehzeitig-per-2026\\\/#primaryimage\"},\"thumbnailUrl\":\"https:\\\/\\\/www.m-q.ch\\\/wp-content\\\/uploads\\\/2024\\\/10\\\/Helvetia_Bild1_ps.jpg\",\"datePublished\":\"2024-10-22T06:21:48+00:00\",\"dateModified\":\"2024-11-07T11:09:06+00:00\",\"description\":\"Helvetia ernennt Simon Weiner zum neuen Vertriebsleiter ab 2025 und regelt die Nachfolge von Ralph Jeitziner fr\u00fchzeitig.\",\"breadcrumb\":{\"@id\":\"https:\\\/\\\/www.organisator.ch\\\/operational-excellence\\\/2024-10-22\\\/helvetia-stellt-vertriebsorganisation-neu-auf-und-regelt-nachfolge-der-vertriebsleitung-fruehzeitig-per-2026\\\/#breadcrumb\"},\"inLanguage\":\"it-IT\",\"potentialAction\":[{\"@type\":\"ReadAction\",\"target\":[\"https:\\\/\\\/www.organisator.ch\\\/operational-excellence\\\/2024-10-22\\\/helvetia-stellt-vertriebsorganisation-neu-auf-und-regelt-nachfolge-der-vertriebsleitung-fruehzeitig-per-2026\\\/\"]}]},{\"@type\":\"ImageObject\",\"inLanguage\":\"it-IT\",\"@id\":\"https:\\\/\\\/www.organisator.ch\\\/operational-excellence\\\/2024-10-22\\\/helvetia-stellt-vertriebsorganisation-neu-auf-und-regelt-nachfolge-der-vertriebsleitung-fruehzeitig-per-2026\\\/#primaryimage\",\"url\":\"https:\\\/\\\/www.m-q.ch\\\/wp-content\\\/uploads\\\/2024\\\/10\\\/Helvetia_Bild1_ps.jpg\",\"contentUrl\":\"https:\\\/\\\/www.m-q.ch\\\/wp-content\\\/uploads\\\/2024\\\/10\\\/Helvetia_Bild1_ps.jpg\"},{\"@type\":\"BreadcrumbList\",\"@id\":\"https:\\\/\\\/www.organisator.ch\\\/operational-excellence\\\/2024-10-22\\\/helvetia-stellt-vertriebsorganisation-neu-auf-und-regelt-nachfolge-der-vertriebsleitung-fruehzeitig-per-2026\\\/#breadcrumb\",\"itemListElement\":[{\"@type\":\"ListItem\",\"position\":1,\"name\":\"Home\",\"item\":\"https:\\\/\\\/www.organisator.ch\\\/\"},{\"@type\":\"ListItem\",\"position\":2,\"name\":\"Helvetia stellt Vertriebsorganisation neu auf und regelt Nachfolge der Vertriebsleitung fr\u00fchzeitig per 2026\"}]},{\"@type\":\"WebSite\",\"@id\":\"https:\\\/\\\/www.organisator.ch\\\/#website\",\"url\":\"https:\\\/\\\/www.organisator.ch\\\/\",\"name\":\"Organisator\",\"description\":\"Kompetent. Praxisnah. Der ORGANISATOR bereitet in 10 Ausgaben pro Jahr die wesentlichen Themen f\u00fcr F\u00fchrungskr\u00e4fte von KMU auf.\",\"publisher\":{\"@id\":\"https:\\\/\\\/www.organisator.ch\\\/#organization\"},\"potentialAction\":[{\"@type\":\"SearchAction\",\"target\":{\"@type\":\"EntryPoint\",\"urlTemplate\":\"https:\\\/\\\/www.organisator.ch\\\/?s={search_term_string}\"},\"query-input\":{\"@type\":\"PropertyValueSpecification\",\"valueRequired\":true,\"valueName\":\"search_term_string\"}}],\"inLanguage\":\"it-IT\"},{\"@type\":\"Organization\",\"@id\":\"https:\\\/\\\/www.organisator.ch\\\/#organization\",\"name\":\"Organisator\",\"url\":\"https:\\\/\\\/www.organisator.ch\\\/\",\"logo\":{\"@type\":\"ImageObject\",\"inLanguage\":\"it-IT\",\"@id\":\"https:\\\/\\\/www.organisator.ch\\\/#\\\/schema\\\/logo\\\/image\\\/\",\"url\":\"https:\\\/\\\/www.organisator.ch\\\/wp-content\\\/uploads\\\/2022\\\/01\\\/Logo_Organisator_Website.png\",\"contentUrl\":\"https:\\\/\\\/www.organisator.ch\\\/wp-content\\\/uploads\\\/2022\\\/01\\\/Logo_Organisator_Website.png\",\"width\":800,\"height\":77,\"caption\":\"Organisator\"},\"image\":{\"@id\":\"https:\\\/\\\/www.organisator.ch\\\/#\\\/schema\\\/logo\\\/image\\\/\"},\"sameAs\":[\"https:\\\/\\\/www.facebook.com\\\/OrganisatorFachmagazin\",\"https:\\\/\\\/www.linkedin.com\\\/showcase\\\/organisator-das-magazin-fr-kmu\",\"https:\\\/\\\/www.xing.com\\\/news\\\/pages\\\/organisator-ch-695\",\"https:\\\/\\\/www.youtube.com\\\/channel\\\/UCGP2Sq0iWaZwT3BdIAQFYpw\"]},{\"@type\":\"Person\",\"@id\":\"https:\\\/\\\/www.organisator.ch\\\/#\\\/schema\\\/person\\\/afccda3a71c06d4be2ed9100dd163db7\",\"name\":\"Dzana Muminovic\",\"image\":{\"@type\":\"ImageObject\",\"inLanguage\":\"it-IT\",\"@id\":\"https:\\\/\\\/secure.gravatar.com\\\/avatar\\\/909c5c71aff4b38e88686f2ab2f1ba152571f394f41ed8bae431ea56ced93050?s=96&d=mm&r=g\",\"url\":\"https:\\\/\\\/secure.gravatar.com\\\/avatar\\\/909c5c71aff4b38e88686f2ab2f1ba152571f394f41ed8bae431ea56ced93050?s=96&d=mm&r=g\",\"contentUrl\":\"https:\\\/\\\/secure.gravatar.com\\\/avatar\\\/909c5c71aff4b38e88686f2ab2f1ba152571f394f41ed8bae431ea56ced93050?s=96&d=mm&r=g\",\"caption\":\"Dzana Muminovic\"},\"url\":\"https:\\\/\\\/www.organisator.ch\\\/it\\\/author\\\/dzana-muminovic\\\/\"}]}<\/script>\n<!-- \/ Yoast SEO plugin. -->","yoast_head_json":{"title":"Helvetia ristruttura l'organizzazione di vendita e predispone la successione della direzione commerciale a partire dal 2026 - Organizzatore","description":"Helvetia nomina Simon Weiner nuovo responsabile delle vendite a partire dal 2025 e organizza tempestivamente il successore di Ralph Jeitziner.","robots":{"index":"index","follow":"follow","max-snippet":"max-snippet:-1","max-image-preview":"max-image-preview:large","max-video-preview":"max-video-preview:-1"},"canonical":"https:\/\/www.organisator.ch\/it\/eccellenza-operativa\/2024-10-22\/helvetia-stellt-vertriebsorganisation-neu-auf-und-regelt-nachfolge-der-vertriebsleitung-fruehzeitig-per-2026\/","og_locale":"it_IT","og_type":"article","og_title":"Helvetia stellt Vertriebsorganisation neu auf und regelt Nachfolge der Vertriebsleitung fr\u00fchzeitig per 2026 - Organisator","og_description":"Helvetia ernennt Simon Weiner zum neuen Vertriebsleiter ab 2025 und regelt die Nachfolge von Ralph Jeitziner fr\u00fchzeitig.","og_url":"https:\/\/www.organisator.ch\/it\/eccellenza-operativa\/2024-10-22\/helvetia-stellt-vertriebsorganisation-neu-auf-und-regelt-nachfolge-der-vertriebsleitung-fruehzeitig-per-2026\/","og_site_name":"Organisator","article_publisher":"https:\/\/www.facebook.com\/OrganisatorFachmagazin","article_published_time":"2024-10-22T06:21:48+00:00","article_modified_time":"2024-11-07T11:09:06+00:00","og_image":[{"url":"https:\/\/www.m-q.ch\/wp-content\/uploads\/2024\/10\/Helvetia_Bild1_ps.jpg","type":"","width":"","height":""}],"author":"Dzana Muminovic","twitter_card":"summary_large_image","schema":{"@context":"https:\/\/schema.org","@graph":[{"@type":"Article","@id":"https:\/\/www.organisator.ch\/operational-excellence\/2024-10-22\/helvetia-stellt-vertriebsorganisation-neu-auf-und-regelt-nachfolge-der-vertriebsleitung-fruehzeitig-per-2026\/#article","isPartOf":{"@id":"https:\/\/www.organisator.ch\/operational-excellence\/2024-10-22\/helvetia-stellt-vertriebsorganisation-neu-auf-und-regelt-nachfolge-der-vertriebsleitung-fruehzeitig-per-2026\/"},"author":{"name":"Dzana Muminovic","@id":"https:\/\/www.organisator.ch\/#\/schema\/person\/afccda3a71c06d4be2ed9100dd163db7"},"headline":"Helvetia stellt Vertriebsorganisation neu auf und regelt Nachfolge der Vertriebsleitung fr\u00fchzeitig per 2026","datePublished":"2024-10-22T06:21:48+00:00","dateModified":"2024-11-07T11:09:06+00:00","mainEntityOfPage":{"@id":"https:\/\/www.organisator.ch\/operational-excellence\/2024-10-22\/helvetia-stellt-vertriebsorganisation-neu-auf-und-regelt-nachfolge-der-vertriebsleitung-fruehzeitig-per-2026\/"},"wordCount":363,"publisher":{"@id":"https:\/\/www.organisator.ch\/#organization"},"image":{"@id":"https:\/\/www.organisator.ch\/operational-excellence\/2024-10-22\/helvetia-stellt-vertriebsorganisation-neu-auf-und-regelt-nachfolge-der-vertriebsleitung-fruehzeitig-per-2026\/#primaryimage"},"thumbnailUrl":"https:\/\/www.m-q.ch\/wp-content\/uploads\/2024\/10\/Helvetia_Bild1_ps.jpg","keywords":["Business Excellence","Helvetia","Nachfolgeregelung","Schweiz","Unternehmen","Vertriebsorganisation"],"articleSection":["OPERATIONAL EXCELLENCE"],"inLanguage":"it-IT"},{"@type":"WebPage","@id":"https:\/\/www.organisator.ch\/operational-excellence\/2024-10-22\/helvetia-stellt-vertriebsorganisation-neu-auf-und-regelt-nachfolge-der-vertriebsleitung-fruehzeitig-per-2026\/","url":"https:\/\/www.organisator.ch\/operational-excellence\/2024-10-22\/helvetia-stellt-vertriebsorganisation-neu-auf-und-regelt-nachfolge-der-vertriebsleitung-fruehzeitig-per-2026\/","name":"Helvetia ristruttura l'organizzazione di vendita e predispone la successione della direzione commerciale a partire dal 2026 - Organizzatore","isPartOf":{"@id":"https:\/\/www.organisator.ch\/#website"},"primaryImageOfPage":{"@id":"https:\/\/www.organisator.ch\/operational-excellence\/2024-10-22\/helvetia-stellt-vertriebsorganisation-neu-auf-und-regelt-nachfolge-der-vertriebsleitung-fruehzeitig-per-2026\/#primaryimage"},"image":{"@id":"https:\/\/www.organisator.ch\/operational-excellence\/2024-10-22\/helvetia-stellt-vertriebsorganisation-neu-auf-und-regelt-nachfolge-der-vertriebsleitung-fruehzeitig-per-2026\/#primaryimage"},"thumbnailUrl":"https:\/\/www.m-q.ch\/wp-content\/uploads\/2024\/10\/Helvetia_Bild1_ps.jpg","datePublished":"2024-10-22T06:21:48+00:00","dateModified":"2024-11-07T11:09:06+00:00","description":"Helvetia nomina Simon Weiner nuovo responsabile delle vendite a partire dal 2025 e organizza tempestivamente il successore di Ralph Jeitziner.","breadcrumb":{"@id":"https:\/\/www.organisator.ch\/operational-excellence\/2024-10-22\/helvetia-stellt-vertriebsorganisation-neu-auf-und-regelt-nachfolge-der-vertriebsleitung-fruehzeitig-per-2026\/#breadcrumb"},"inLanguage":"it-IT","potentialAction":[{"@type":"ReadAction","target":["https:\/\/www.organisator.ch\/operational-excellence\/2024-10-22\/helvetia-stellt-vertriebsorganisation-neu-auf-und-regelt-nachfolge-der-vertriebsleitung-fruehzeitig-per-2026\/"]}]},{"@type":"ImageObject","inLanguage":"it-IT","@id":"https:\/\/www.organisator.ch\/operational-excellence\/2024-10-22\/helvetia-stellt-vertriebsorganisation-neu-auf-und-regelt-nachfolge-der-vertriebsleitung-fruehzeitig-per-2026\/#primaryimage","url":"https:\/\/www.m-q.ch\/wp-content\/uploads\/2024\/10\/Helvetia_Bild1_ps.jpg","contentUrl":"https:\/\/www.m-q.ch\/wp-content\/uploads\/2024\/10\/Helvetia_Bild1_ps.jpg"},{"@type":"BreadcrumbList","@id":"https:\/\/www.organisator.ch\/operational-excellence\/2024-10-22\/helvetia-stellt-vertriebsorganisation-neu-auf-und-regelt-nachfolge-der-vertriebsleitung-fruehzeitig-per-2026\/#breadcrumb","itemListElement":[{"@type":"ListItem","position":1,"name":"Home","item":"https:\/\/www.organisator.ch\/"},{"@type":"ListItem","position":2,"name":"Helvetia stellt Vertriebsorganisation neu auf und regelt Nachfolge der Vertriebsleitung fr\u00fchzeitig per 2026"}]},{"@type":"WebSite","@id":"https:\/\/www.organisator.ch\/#website","url":"https:\/\/www.organisator.ch\/","name":"Organizzatore","description":"Competente. Pratico. In 10 numeri all'anno, ORGANISATOR presenta i temi essenziali per i manager delle PMI.","publisher":{"@id":"https:\/\/www.organisator.ch\/#organization"},"potentialAction":[{"@type":"SearchAction","target":{"@type":"EntryPoint","urlTemplate":"https:\/\/www.organisator.ch\/?s={search_term_string}"},"query-input":{"@type":"PropertyValueSpecification","valueRequired":true,"valueName":"search_term_string"}}],"inLanguage":"it-IT"},{"@type":"Organization","@id":"https:\/\/www.organisator.ch\/#organization","name":"Organizzatore","url":"https:\/\/www.organisator.ch\/","logo":{"@type":"ImageObject","inLanguage":"it-IT","@id":"https:\/\/www.organisator.ch\/#\/schema\/logo\/image\/","url":"https:\/\/www.organisator.ch\/wp-content\/uploads\/2022\/01\/Logo_Organisator_Website.png","contentUrl":"https:\/\/www.organisator.ch\/wp-content\/uploads\/2022\/01\/Logo_Organisator_Website.png","width":800,"height":77,"caption":"Organisator"},"image":{"@id":"https:\/\/www.organisator.ch\/#\/schema\/logo\/image\/"},"sameAs":["https:\/\/www.facebook.com\/OrganisatorFachmagazin","https:\/\/www.linkedin.com\/showcase\/organisator-das-magazin-fr-kmu","https:\/\/www.xing.com\/news\/pages\/organisator-ch-695","https:\/\/www.youtube.com\/channel\/UCGP2Sq0iWaZwT3BdIAQFYpw"]},{"@type":"Person","@id":"https:\/\/www.organisator.ch\/#\/schema\/person\/afccda3a71c06d4be2ed9100dd163db7","name":"Dzana Muminovic","image":{"@type":"ImageObject","inLanguage":"it-IT","@id":"https:\/\/secure.gravatar.com\/avatar\/909c5c71aff4b38e88686f2ab2f1ba152571f394f41ed8bae431ea56ced93050?s=96&d=mm&r=g","url":"https:\/\/secure.gravatar.com\/avatar\/909c5c71aff4b38e88686f2ab2f1ba152571f394f41ed8bae431ea56ced93050?s=96&d=mm&r=g","contentUrl":"https:\/\/secure.gravatar.com\/avatar\/909c5c71aff4b38e88686f2ab2f1ba152571f394f41ed8bae431ea56ced93050?s=96&d=mm&r=g","caption":"Dzana Muminovic"},"url":"https:\/\/www.organisator.ch\/it\/author\/dzana-muminovic\/"}]}},"_links":{"self":[{"href":"https:\/\/www.organisator.ch\/it\/wp-json\/wp\/v2\/posts\/31095","targetHints":{"allow":["GET"]}}],"collection":[{"href":"https:\/\/www.organisator.ch\/it\/wp-json\/wp\/v2\/posts"}],"about":[{"href":"https:\/\/www.organisator.ch\/it\/wp-json\/wp\/v2\/types\/post"}],"author":[{"embeddable":true,"href":"https:\/\/www.organisator.ch\/it\/wp-json\/wp\/v2\/users\/80"}],"replies":[{"embeddable":true,"href":"https:\/\/www.organisator.ch\/it\/wp-json\/wp\/v2\/comments?post=31095"}],"version-history":[{"count":5,"href":"https:\/\/www.organisator.ch\/it\/wp-json\/wp\/v2\/posts\/31095\/revisions"}],"predecessor-version":[{"id":31739,"href":"https:\/\/www.organisator.ch\/it\/wp-json\/wp\/v2\/posts\/31095\/revisions\/31739"}],"wp:attachment":[{"href":"https:\/\/www.organisator.ch\/it\/wp-json\/wp\/v2\/media?parent=31095"}],"wp:term":[{"taxonomy":"category","embeddable":true,"href":"https:\/\/www.organisator.ch\/it\/wp-json\/wp\/v2\/categories?post=31095"},{"taxonomy":"post_tag","embeddable":true,"href":"https:\/\/www.organisator.ch\/it\/wp-json\/wp\/v2\/tags?post=31095"}],"curies":[{"name":"wp","href":"https:\/\/api.w.org\/{rel}","templated":true}]}}