{"id":31183,"date":"2024-10-24T10:04:56","date_gmt":"2024-10-24T08:04:56","guid":{"rendered":"https:\/\/www.m-q.ch\/?p=20606"},"modified":"2024-11-07T11:37:06","modified_gmt":"2024-11-07T10:37:06","slug":"mobilezone-schliesst-sich-der-science-based-targets-initiative-an","status":"publish","type":"post","link":"https:\/\/www.organisator.ch\/it\/sustainability\/2024-10-24\/mobilezone-schliesst-sich-der-science-based-targets-initiative-an\/","title":{"rendered":"Mobilezone si unisce all'Iniziativa per gli obiettivi basati sulla scienza"},"content":{"rendered":"<figure id=\"attachment_20608\" class=\"wp-caption alignnone\" style=\"width: 680px\" aria-describedby=\"caption-attachment-20608\"><img class=\"alignnone wp-image-20608 size-full\" src=\"https:\/\/www.m-q.ch\/wp-content\/uploads\/2024\/10\/Mobilezone_Bild1_ps.jpg\" alt=\"obiettivi di riduzione di CO2 della zona mobile 2045\" width=\"680\" height=\"454\" \/>\r\n<figcaption id=\"caption-attachment-20608\" class=\"wp-caption-text\">Il Gruppo Mobilezone si \u00e8 impegnato a ridurre la propria impronta di CO2 in linea con gli obiettivi climatici di Parigi. (Immagine: www.depositphotos.com)<\/figcaption>\r\n<\/figure>\r\n<p>Il Gruppo Mobilezone mira a ridurre significativamente le emissioni di CO\u2082 a livello di Gruppo rispettivamente entro il 2032 e il 2045. L'impegno nei confronti dell'SBTi \u00e8 un ulteriore passo avanti per garantire attivit\u00e0 aziendali sostenibili a lungo termine. Gli obiettivi di riduzione a breve e a lungo termine saranno sviluppati da mobilezone nei prossimi mesi e comunicati all'SBTi, che li esaminer\u00e0 e li convalider\u00e0.\u00a0<\/p>\r\n<p>\"Siamo consapevoli della responsabilit\u00e0 che abbiamo come azienda e vogliamo dare il nostro contributo alla riduzione delle emissioni globali di CO\u2082. La collaborazione con SBTi ci permette di fissare obiettivi scientificamente validi e di dare cos\u00ec il nostro contributo a un futuro sostenibile\", afferma Bernhard M\u00e4chler, Chief Financial Officer Switzerland.<\/p>\r\n<p>Nel suo rapporto annuale 2023, il Gruppo mobilezone ha gi\u00e0 registrato la sua impronta di carbonio negli ambiti 1, 2 e 3 con l'anno di riferimento 2022 e l'ha fatta certificare in conformit\u00e0 alla norma ISO 14064.<\/p>\r\n<p>La Science Based Targets Initiative aiuta le aziende a formulare e convalidare obiettivi climatici in linea con le pi\u00f9 recenti scoperte scientifiche. \u00c8 stata lanciata dal WWF (World Wide Fund for Nature), dal Carbon Disclosure Project (CDP), dal Global Compact delle Nazioni Unite e dal World Resources Institute (WRI) per fornire alle aziende uno strumento per fissare obiettivi climatici vincolanti e contribuire cos\u00ec alla riduzione delle emissioni globali di gas serra. L'obiettivo dell'Accordo sul clima di Parigi \u00e8 quello di limitare il riscaldamento globale al di sotto dei 2 gradi, ma preferibilmente a 1,5 gradi.<\/p>\r\n<p><em>Fonte: <a href=\"http:\/\/www.mobilezoneholding.ch\/\">www.mobilezoneholding.ch<\/a><\/em><\/p>\n<p class=\"syndicated-attribution\">Questo articolo \u00e8 apparso originariamente su m-q.ch - <a href=\"https:\/\/www.m-q.ch\/de\/mobilezone-schliesst-sich-der-science-based-targets-initiative-an\/\" target=\"_blank\">https:\/\/www.m-q.ch\/de\/mobilezone-schliesst-sich-der-science-based-targets-initiative-an\/<\/a><\/p>","protected":false},"excerpt":{"rendered":"<p>Nell'ambito dell'iniziativa Science Based Targets (SBTi), il Gruppo Mobilezone si \u00e8 impegnato a ridurre la propria impronta di carbonio in linea con gli obiettivi climatici di Parigi.<\/p>","protected":false},"author":58,"featured_media":0,"comment_status":"closed","ping_status":"closed","sticky":false,"template":"","format":"standard","meta":{"_acf_changed":false,"_yoast_wpseo_focuskw":"mobilezone CO2-Reduktionsziele 2045","_yoast_wpseo_metadesc":"Mobilezone verpflichtet sich zur Senkung der CO\u2082-Emissionen bis 2045 im Einklang mit den Pariser Klimazielen.","articlekey":"","footnotes":""},"categories":[580],"tags":[1787,605,4673,492],"class_list":["post-31183","post","type-post","status-publish","format-standard","hentry","category-sustainability","tag-nachhaltigkeit","tag-qualitaetsmanagement","tag-sbti","tag-unternehmen"],"acf":[],"yoast_head":"<!-- This site is optimized with the Yoast SEO plugin v27.5 - https:\/\/yoast.com\/product\/yoast-seo-wordpress\/ -->\n<title>Mobilezone schliesst sich der Science Based Targets Initiative an - Organisator<\/title>\n<meta name=\"description\" content=\"Mobilezone verpflichtet sich zur Senkung der CO\u2082-Emissionen bis 2045 im Einklang mit den Pariser Klimazielen.\" \/>\n<meta name=\"robots\" content=\"index, follow, max-snippet:-1, max-image-preview:large, max-video-preview:-1\" \/>\n<link rel=\"canonical\" href=\"https:\/\/www.organisator.ch\/it\/sostenibilita\/2024-10-24\/mobilezone-schliesst-sich-der-science-based-targets-initiative-an\/\" \/>\n<meta property=\"og:locale\" content=\"it_IT\" \/>\n<meta property=\"og:type\" content=\"article\" \/>\n<meta property=\"og:title\" content=\"Mobilezone schliesst sich der Science Based Targets Initiative an - Organisator\" \/>\n<meta property=\"og:description\" content=\"Mobilezone verpflichtet sich zur Senkung der CO\u2082-Emissionen bis 2045 im Einklang mit den Pariser Klimazielen.\" \/>\n<meta property=\"og:url\" content=\"https:\/\/www.organisator.ch\/it\/sostenibilita\/2024-10-24\/mobilezone-schliesst-sich-der-science-based-targets-initiative-an\/\" \/>\n<meta property=\"og:site_name\" content=\"Organisator\" \/>\n<meta property=\"article:publisher\" content=\"https:\/\/www.facebook.com\/OrganisatorFachmagazin\" \/>\n<meta property=\"article:published_time\" content=\"2024-10-24T08:04:56+00:00\" \/>\n<meta property=\"article:modified_time\" content=\"2024-11-07T10:37:06+00:00\" \/>\n<meta property=\"og:image\" content=\"https:\/\/www.m-q.ch\/wp-content\/uploads\/2024\/10\/Mobilezone_Bild1_ps.jpg\" \/>\n<meta name=\"author\" content=\"Adelisa Kalajdzini\" \/>\n<meta name=\"twitter:card\" content=\"summary_large_image\" \/>\n<script type=\"application\/ld+json\" class=\"yoast-schema-graph\">{\"@context\":\"https:\\\/\\\/schema.org\",\"@graph\":[{\"@type\":\"Article\",\"@id\":\"https:\\\/\\\/www.organisator.ch\\\/sustainability\\\/2024-10-24\\\/mobilezone-schliesst-sich-der-science-based-targets-initiative-an\\\/#article\",\"isPartOf\":{\"@id\":\"https:\\\/\\\/www.organisator.ch\\\/sustainability\\\/2024-10-24\\\/mobilezone-schliesst-sich-der-science-based-targets-initiative-an\\\/\"},\"author\":{\"name\":\"Adelisa Kalajdzini\",\"@id\":\"https:\\\/\\\/www.organisator.ch\\\/#\\\/schema\\\/person\\\/2e1314a2172123f874db408d8911d3f3\"},\"headline\":\"Mobilezone schliesst sich der Science Based Targets Initiative an\",\"datePublished\":\"2024-10-24T08:04:56+00:00\",\"dateModified\":\"2024-11-07T10:37:06+00:00\",\"mainEntityOfPage\":{\"@id\":\"https:\\\/\\\/www.organisator.ch\\\/sustainability\\\/2024-10-24\\\/mobilezone-schliesst-sich-der-science-based-targets-initiative-an\\\/\"},\"wordCount\":277,\"publisher\":{\"@id\":\"https:\\\/\\\/www.organisator.ch\\\/#organization\"},\"image\":{\"@id\":\"https:\\\/\\\/www.organisator.ch\\\/sustainability\\\/2024-10-24\\\/mobilezone-schliesst-sich-der-science-based-targets-initiative-an\\\/#primaryimage\"},\"thumbnailUrl\":\"https:\\\/\\\/www.m-q.ch\\\/wp-content\\\/uploads\\\/2024\\\/10\\\/Mobilezone_Bild1_ps.jpg\",\"keywords\":[\"Nachhaltigkeit\",\"Qualit\u00e4tsmanagement\",\"SBTi\",\"Unternehmen\"],\"articleSection\":[\"SUSTAINABILITY\"],\"inLanguage\":\"it-IT\"},{\"@type\":\"WebPage\",\"@id\":\"https:\\\/\\\/www.organisator.ch\\\/sustainability\\\/2024-10-24\\\/mobilezone-schliesst-sich-der-science-based-targets-initiative-an\\\/\",\"url\":\"https:\\\/\\\/www.organisator.ch\\\/sustainability\\\/2024-10-24\\\/mobilezone-schliesst-sich-der-science-based-targets-initiative-an\\\/\",\"name\":\"Mobilezone schliesst sich der Science Based Targets Initiative an - Organisator\",\"isPartOf\":{\"@id\":\"https:\\\/\\\/www.organisator.ch\\\/#website\"},\"primaryImageOfPage\":{\"@id\":\"https:\\\/\\\/www.organisator.ch\\\/sustainability\\\/2024-10-24\\\/mobilezone-schliesst-sich-der-science-based-targets-initiative-an\\\/#primaryimage\"},\"image\":{\"@id\":\"https:\\\/\\\/www.organisator.ch\\\/sustainability\\\/2024-10-24\\\/mobilezone-schliesst-sich-der-science-based-targets-initiative-an\\\/#primaryimage\"},\"thumbnailUrl\":\"https:\\\/\\\/www.m-q.ch\\\/wp-content\\\/uploads\\\/2024\\\/10\\\/Mobilezone_Bild1_ps.jpg\",\"datePublished\":\"2024-10-24T08:04:56+00:00\",\"dateModified\":\"2024-11-07T10:37:06+00:00\",\"description\":\"Mobilezone verpflichtet sich zur Senkung der CO\u2082-Emissionen bis 2045 im Einklang mit den Pariser Klimazielen.\",\"breadcrumb\":{\"@id\":\"https:\\\/\\\/www.organisator.ch\\\/sustainability\\\/2024-10-24\\\/mobilezone-schliesst-sich-der-science-based-targets-initiative-an\\\/#breadcrumb\"},\"inLanguage\":\"it-IT\",\"potentialAction\":[{\"@type\":\"ReadAction\",\"target\":[\"https:\\\/\\\/www.organisator.ch\\\/sustainability\\\/2024-10-24\\\/mobilezone-schliesst-sich-der-science-based-targets-initiative-an\\\/\"]}]},{\"@type\":\"ImageObject\",\"inLanguage\":\"it-IT\",\"@id\":\"https:\\\/\\\/www.organisator.ch\\\/sustainability\\\/2024-10-24\\\/mobilezone-schliesst-sich-der-science-based-targets-initiative-an\\\/#primaryimage\",\"url\":\"https:\\\/\\\/www.m-q.ch\\\/wp-content\\\/uploads\\\/2024\\\/10\\\/Mobilezone_Bild1_ps.jpg\",\"contentUrl\":\"https:\\\/\\\/www.m-q.ch\\\/wp-content\\\/uploads\\\/2024\\\/10\\\/Mobilezone_Bild1_ps.jpg\"},{\"@type\":\"BreadcrumbList\",\"@id\":\"https:\\\/\\\/www.organisator.ch\\\/sustainability\\\/2024-10-24\\\/mobilezone-schliesst-sich-der-science-based-targets-initiative-an\\\/#breadcrumb\",\"itemListElement\":[{\"@type\":\"ListItem\",\"position\":1,\"name\":\"Home\",\"item\":\"https:\\\/\\\/www.organisator.ch\\\/\"},{\"@type\":\"ListItem\",\"position\":2,\"name\":\"Mobilezone schliesst sich der Science Based Targets Initiative an\"}]},{\"@type\":\"WebSite\",\"@id\":\"https:\\\/\\\/www.organisator.ch\\\/#website\",\"url\":\"https:\\\/\\\/www.organisator.ch\\\/\",\"name\":\"Organisator\",\"description\":\"Kompetent. Praxisnah. Der ORGANISATOR bereitet in 10 Ausgaben pro Jahr die wesentlichen Themen f\u00fcr F\u00fchrungskr\u00e4fte von KMU auf.\",\"publisher\":{\"@id\":\"https:\\\/\\\/www.organisator.ch\\\/#organization\"},\"potentialAction\":[{\"@type\":\"SearchAction\",\"target\":{\"@type\":\"EntryPoint\",\"urlTemplate\":\"https:\\\/\\\/www.organisator.ch\\\/?s={search_term_string}\"},\"query-input\":{\"@type\":\"PropertyValueSpecification\",\"valueRequired\":true,\"valueName\":\"search_term_string\"}}],\"inLanguage\":\"it-IT\"},{\"@type\":\"Organization\",\"@id\":\"https:\\\/\\\/www.organisator.ch\\\/#organization\",\"name\":\"Organisator\",\"url\":\"https:\\\/\\\/www.organisator.ch\\\/\",\"logo\":{\"@type\":\"ImageObject\",\"inLanguage\":\"it-IT\",\"@id\":\"https:\\\/\\\/www.organisator.ch\\\/#\\\/schema\\\/logo\\\/image\\\/\",\"url\":\"https:\\\/\\\/www.organisator.ch\\\/wp-content\\\/uploads\\\/2022\\\/01\\\/Logo_Organisator_Website.png\",\"contentUrl\":\"https:\\\/\\\/www.organisator.ch\\\/wp-content\\\/uploads\\\/2022\\\/01\\\/Logo_Organisator_Website.png\",\"width\":800,\"height\":77,\"caption\":\"Organisator\"},\"image\":{\"@id\":\"https:\\\/\\\/www.organisator.ch\\\/#\\\/schema\\\/logo\\\/image\\\/\"},\"sameAs\":[\"https:\\\/\\\/www.facebook.com\\\/OrganisatorFachmagazin\",\"https:\\\/\\\/www.linkedin.com\\\/showcase\\\/organisator-das-magazin-fr-kmu\",\"https:\\\/\\\/www.xing.com\\\/news\\\/pages\\\/organisator-ch-695\",\"https:\\\/\\\/www.youtube.com\\\/channel\\\/UCGP2Sq0iWaZwT3BdIAQFYpw\"]},{\"@type\":\"Person\",\"@id\":\"https:\\\/\\\/www.organisator.ch\\\/#\\\/schema\\\/person\\\/2e1314a2172123f874db408d8911d3f3\",\"name\":\"Adelisa Kalajdzini\",\"image\":{\"@type\":\"ImageObject\",\"inLanguage\":\"it-IT\",\"@id\":\"https:\\\/\\\/secure.gravatar.com\\\/avatar\\\/09a397c22ac58cad6f160ee8306348599df9df58a8ede73696226897b9fa4b24?s=96&d=mm&r=g\",\"url\":\"https:\\\/\\\/secure.gravatar.com\\\/avatar\\\/09a397c22ac58cad6f160ee8306348599df9df58a8ede73696226897b9fa4b24?s=96&d=mm&r=g\",\"contentUrl\":\"https:\\\/\\\/secure.gravatar.com\\\/avatar\\\/09a397c22ac58cad6f160ee8306348599df9df58a8ede73696226897b9fa4b24?s=96&d=mm&r=g\",\"caption\":\"Adelisa Kalajdzini\"},\"url\":\"https:\\\/\\\/www.organisator.ch\\\/it\\\/author\\\/adelisa-kalajdzini\\\/\"}]}<\/script>\n<!-- \/ Yoast SEO plugin. -->","yoast_head_json":{"title":"Mobilezone si unisce all'Iniziativa Obiettivi Scientifici - Organizzatore","description":"Mobilezone si impegna a ridurre le emissioni di CO\u2082 entro il 2045, in linea con gli obiettivi climatici di Parigi.","robots":{"index":"index","follow":"follow","max-snippet":"max-snippet:-1","max-image-preview":"max-image-preview:large","max-video-preview":"max-video-preview:-1"},"canonical":"https:\/\/www.organisator.ch\/it\/sostenibilita\/2024-10-24\/mobilezone-schliesst-sich-der-science-based-targets-initiative-an\/","og_locale":"it_IT","og_type":"article","og_title":"Mobilezone schliesst sich der Science Based Targets Initiative an - Organisator","og_description":"Mobilezone verpflichtet sich zur Senkung der CO\u2082-Emissionen bis 2045 im Einklang mit den Pariser Klimazielen.","og_url":"https:\/\/www.organisator.ch\/it\/sostenibilita\/2024-10-24\/mobilezone-schliesst-sich-der-science-based-targets-initiative-an\/","og_site_name":"Organisator","article_publisher":"https:\/\/www.facebook.com\/OrganisatorFachmagazin","article_published_time":"2024-10-24T08:04:56+00:00","article_modified_time":"2024-11-07T10:37:06+00:00","og_image":[{"url":"https:\/\/www.m-q.ch\/wp-content\/uploads\/2024\/10\/Mobilezone_Bild1_ps.jpg","type":"","width":"","height":""}],"author":"Adelisa Kalajdzini","twitter_card":"summary_large_image","schema":{"@context":"https:\/\/schema.org","@graph":[{"@type":"Article","@id":"https:\/\/www.organisator.ch\/sustainability\/2024-10-24\/mobilezone-schliesst-sich-der-science-based-targets-initiative-an\/#article","isPartOf":{"@id":"https:\/\/www.organisator.ch\/sustainability\/2024-10-24\/mobilezone-schliesst-sich-der-science-based-targets-initiative-an\/"},"author":{"name":"Adelisa Kalajdzini","@id":"https:\/\/www.organisator.ch\/#\/schema\/person\/2e1314a2172123f874db408d8911d3f3"},"headline":"Mobilezone schliesst sich der Science Based Targets Initiative an","datePublished":"2024-10-24T08:04:56+00:00","dateModified":"2024-11-07T10:37:06+00:00","mainEntityOfPage":{"@id":"https:\/\/www.organisator.ch\/sustainability\/2024-10-24\/mobilezone-schliesst-sich-der-science-based-targets-initiative-an\/"},"wordCount":277,"publisher":{"@id":"https:\/\/www.organisator.ch\/#organization"},"image":{"@id":"https:\/\/www.organisator.ch\/sustainability\/2024-10-24\/mobilezone-schliesst-sich-der-science-based-targets-initiative-an\/#primaryimage"},"thumbnailUrl":"https:\/\/www.m-q.ch\/wp-content\/uploads\/2024\/10\/Mobilezone_Bild1_ps.jpg","keywords":["Nachhaltigkeit","Qualit\u00e4tsmanagement","SBTi","Unternehmen"],"articleSection":["SUSTAINABILITY"],"inLanguage":"it-IT"},{"@type":"WebPage","@id":"https:\/\/www.organisator.ch\/sustainability\/2024-10-24\/mobilezone-schliesst-sich-der-science-based-targets-initiative-an\/","url":"https:\/\/www.organisator.ch\/sustainability\/2024-10-24\/mobilezone-schliesst-sich-der-science-based-targets-initiative-an\/","name":"Mobilezone si unisce all'Iniziativa Obiettivi Scientifici - Organizzatore","isPartOf":{"@id":"https:\/\/www.organisator.ch\/#website"},"primaryImageOfPage":{"@id":"https:\/\/www.organisator.ch\/sustainability\/2024-10-24\/mobilezone-schliesst-sich-der-science-based-targets-initiative-an\/#primaryimage"},"image":{"@id":"https:\/\/www.organisator.ch\/sustainability\/2024-10-24\/mobilezone-schliesst-sich-der-science-based-targets-initiative-an\/#primaryimage"},"thumbnailUrl":"https:\/\/www.m-q.ch\/wp-content\/uploads\/2024\/10\/Mobilezone_Bild1_ps.jpg","datePublished":"2024-10-24T08:04:56+00:00","dateModified":"2024-11-07T10:37:06+00:00","description":"Mobilezone si impegna a ridurre le emissioni di CO\u2082 entro il 2045, in linea con gli obiettivi climatici di Parigi.","breadcrumb":{"@id":"https:\/\/www.organisator.ch\/sustainability\/2024-10-24\/mobilezone-schliesst-sich-der-science-based-targets-initiative-an\/#breadcrumb"},"inLanguage":"it-IT","potentialAction":[{"@type":"ReadAction","target":["https:\/\/www.organisator.ch\/sustainability\/2024-10-24\/mobilezone-schliesst-sich-der-science-based-targets-initiative-an\/"]}]},{"@type":"ImageObject","inLanguage":"it-IT","@id":"https:\/\/www.organisator.ch\/sustainability\/2024-10-24\/mobilezone-schliesst-sich-der-science-based-targets-initiative-an\/#primaryimage","url":"https:\/\/www.m-q.ch\/wp-content\/uploads\/2024\/10\/Mobilezone_Bild1_ps.jpg","contentUrl":"https:\/\/www.m-q.ch\/wp-content\/uploads\/2024\/10\/Mobilezone_Bild1_ps.jpg"},{"@type":"BreadcrumbList","@id":"https:\/\/www.organisator.ch\/sustainability\/2024-10-24\/mobilezone-schliesst-sich-der-science-based-targets-initiative-an\/#breadcrumb","itemListElement":[{"@type":"ListItem","position":1,"name":"Home","item":"https:\/\/www.organisator.ch\/"},{"@type":"ListItem","position":2,"name":"Mobilezone schliesst sich der Science Based Targets Initiative an"}]},{"@type":"WebSite","@id":"https:\/\/www.organisator.ch\/#website","url":"https:\/\/www.organisator.ch\/","name":"Organizzatore","description":"Competente. Pratico. In 10 numeri all'anno, ORGANISATOR presenta i temi essenziali per i manager delle PMI.","publisher":{"@id":"https:\/\/www.organisator.ch\/#organization"},"potentialAction":[{"@type":"SearchAction","target":{"@type":"EntryPoint","urlTemplate":"https:\/\/www.organisator.ch\/?s={search_term_string}"},"query-input":{"@type":"PropertyValueSpecification","valueRequired":true,"valueName":"search_term_string"}}],"inLanguage":"it-IT"},{"@type":"Organization","@id":"https:\/\/www.organisator.ch\/#organization","name":"Organizzatore","url":"https:\/\/www.organisator.ch\/","logo":{"@type":"ImageObject","inLanguage":"it-IT","@id":"https:\/\/www.organisator.ch\/#\/schema\/logo\/image\/","url":"https:\/\/www.organisator.ch\/wp-content\/uploads\/2022\/01\/Logo_Organisator_Website.png","contentUrl":"https:\/\/www.organisator.ch\/wp-content\/uploads\/2022\/01\/Logo_Organisator_Website.png","width":800,"height":77,"caption":"Organisator"},"image":{"@id":"https:\/\/www.organisator.ch\/#\/schema\/logo\/image\/"},"sameAs":["https:\/\/www.facebook.com\/OrganisatorFachmagazin","https:\/\/www.linkedin.com\/showcase\/organisator-das-magazin-fr-kmu","https:\/\/www.xing.com\/news\/pages\/organisator-ch-695","https:\/\/www.youtube.com\/channel\/UCGP2Sq0iWaZwT3BdIAQFYpw"]},{"@type":"Person","@id":"https:\/\/www.organisator.ch\/#\/schema\/person\/2e1314a2172123f874db408d8911d3f3","name":"Adelisa Kalajdzini","image":{"@type":"ImageObject","inLanguage":"it-IT","@id":"https:\/\/secure.gravatar.com\/avatar\/09a397c22ac58cad6f160ee8306348599df9df58a8ede73696226897b9fa4b24?s=96&d=mm&r=g","url":"https:\/\/secure.gravatar.com\/avatar\/09a397c22ac58cad6f160ee8306348599df9df58a8ede73696226897b9fa4b24?s=96&d=mm&r=g","contentUrl":"https:\/\/secure.gravatar.com\/avatar\/09a397c22ac58cad6f160ee8306348599df9df58a8ede73696226897b9fa4b24?s=96&d=mm&r=g","caption":"Adelisa Kalajdzini"},"url":"https:\/\/www.organisator.ch\/it\/author\/adelisa-kalajdzini\/"}]}},"_links":{"self":[{"href":"https:\/\/www.organisator.ch\/it\/wp-json\/wp\/v2\/posts\/31183","targetHints":{"allow":["GET"]}}],"collection":[{"href":"https:\/\/www.organisator.ch\/it\/wp-json\/wp\/v2\/posts"}],"about":[{"href":"https:\/\/www.organisator.ch\/it\/wp-json\/wp\/v2\/types\/post"}],"author":[{"embeddable":true,"href":"https:\/\/www.organisator.ch\/it\/wp-json\/wp\/v2\/users\/58"}],"replies":[{"embeddable":true,"href":"https:\/\/www.organisator.ch\/it\/wp-json\/wp\/v2\/comments?post=31183"}],"version-history":[{"count":6,"href":"https:\/\/www.organisator.ch\/it\/wp-json\/wp\/v2\/posts\/31183\/revisions"}],"predecessor-version":[{"id":31724,"href":"https:\/\/www.organisator.ch\/it\/wp-json\/wp\/v2\/posts\/31183\/revisions\/31724"}],"wp:attachment":[{"href":"https:\/\/www.organisator.ch\/it\/wp-json\/wp\/v2\/media?parent=31183"}],"wp:term":[{"taxonomy":"category","embeddable":true,"href":"https:\/\/www.organisator.ch\/it\/wp-json\/wp\/v2\/categories?post=31183"},{"taxonomy":"post_tag","embeddable":true,"href":"https:\/\/www.organisator.ch\/it\/wp-json\/wp\/v2\/tags?post=31183"}],"curies":[{"name":"wp","href":"https:\/\/api.w.org\/{rel}","templated":true}]}}