{"id":31196,"date":"2024-10-24T16:21:50","date_gmt":"2024-10-24T14:21:50","guid":{"rendered":"https:\/\/www.markt-kom.com\/?p=225461"},"modified":"2024-11-07T11:33:16","modified_gmt":"2024-11-07T10:33:16","slug":"einen-guten-podcast-hat-man-lust-zu-hoeren-talks-an-der-dezibel-zur-zukunft-des-podcastings","status":"publish","type":"post","link":"https:\/\/www.organisator.ch\/it\/marketing\/2024-10-24\/einen-guten-podcast-hat-man-lust-zu-hoeren-talks-an-der-dezibel-zur-zukunft-des-podcastings\/","title":{"rendered":"\"Un buon podcast fa venire voglia di ascoltarlo\" - Interventi a \"dezibel\" sul futuro del podcasting"},"content":{"rendered":"<p><a href=\"https:\/\/www.markt-kom.com\/wp-content\/uploads\/2024\/10\/dezibel-2024-Cover.png\"><img class=\"alignnone wp-image-225465 size-full\" src=\"https:\/\/www.markt-kom.com\/wp-content\/uploads\/2024\/10\/dezibel-2024-Cover.png\" alt=\"conferenza sui decibel\" width=\"1280\" height=\"720\" \/><\/a><\/p>\r\n<p>Il nostro reportage da Winterthur sull'evento \"dezibel\" si concentra sulle interviste esclusive a Jeanne Drach, Laura Dath-Linienk\u00e4mper e Cheyenne Mackay, che hanno parlato dell'arte del podcasting, delle sfide di generare portata e della collaborazione nella regione DACH.<\/p>\r\n<p>I podcast sono ormai una parte indispensabile del panorama mediatico, non solo per l'intrattenimento, ma anche per i marchi che vogliono raccontare storie autentiche. Alla conferenza dezibel di Winterthur, gli esperti hanno discusso del futuro del podcasting e di come questo mezzo possa continuare a crescere grazie alla creativit\u00e0 e all'innovazione tecnologica.<\/p>\r\n<h3><strong>Jeanne Drach di \"Oh Wow\" chiede pi\u00f9 coraggio per essere autentica<\/strong><\/h3>\r\n<p>In un'intervista, Jeanne Drach, fondatrice della prima agenzia austriaca di podcast, sottolinea l'importanza dell'autenticit\u00e0 e del coraggio di sperimentare nuove forme di narrazione. \"Gli aspetti tecnici sono importanti, naturalmente, ma ci\u00f2 che conta davvero sono le storie emozionanti\", spiega Drach. Oh Wow produce podcast aziendali per clienti come le Poste austriache e il Parlamento europeo, ma anche originali con un obiettivo chiaro: \"Ci affidiamo a voci femminili forti e sperimentiamo nuove forme di narrazione\". Chiede pi\u00f9 coraggio nel settore dei podcast aziendali: \"I marchi dovrebbero trasmettere i loro messaggi in modo implicito, invece di insistere sul fatto che devono essere il super marchio\". Il suo consiglio per il successo di un podcast? \"Buone storie raccontate bene\".<\/p>\r\n<p><\/p>\r\n<h3><strong>Laura Dath-Linienk\u00e4mper di \"Podstars by OMR\" sullo storytelling autentico<\/strong><\/h3>\r\n<p>Anche Laura Dath-Linienk\u00e4mper di Podstars by OMR sottolinea la necessit\u00e0 di uno storytelling autentico e di coraggio. \"Il podcasting \u00e8 un mezzo che deve essere compreso e i marchi devono avere il coraggio di raccontare storie diverse\", afferma. \u00c8 particolarmente importante investire nella portata: \"Bisogna lanciare campagne intorno al podcast, parlarne alle persone e investire anche denaro. Se il contenuto \u00e8 buono, si crea un 'passaparola' e la gente ne parla\". I format di true crime sono ancora molto popolari in Germania, ma ogni storia ben raccontata pu\u00f2 trovare la sua nicchia, dice Dath-Linienk\u00e4mper.<\/p>\r\n<p><\/p>\r\n<h3><strong>Cheyenne Mackay di Podcastschmiede sul bisogno di visibilit\u00e0<\/strong><\/h3>\r\n<p>Cheyenne Mackay, co-iniziatrice di dezibel e fondatrice di Podcastschmiede, parla dell'estetica acustica che \u00e8 essenziale per un buon podcast. \"Un buon podcast non deve solo avere un buon suono, ma anche essere individuale e unico, come la musica\", afferma. La diffusione \u00e8 una sfida particolare in Svizzera, poich\u00e9 i podcast in dialetto sono spesso compresi solo nella Germania meridionale. Tuttavia, Mackay sottolinea che vale la pena investire nella diffusione: \"Bisogna investire nella visibilit\u00e0 di un podcast quasi quanto nella produzione stessa\". Il suo desiderio per la comunit\u00e0 dei podcast nella regione DACH: \"Pi\u00f9 networking e un dialogo pi\u00f9 intenso. Ne trarremmo tutti beneficio\".<\/p>\r\n<p><\/p>\r\n<p>La conferenza dezibel non solo ha dato spazio alle discussioni sulle innovazioni tecnologiche, come gli strumenti di intelligenza artificiale per l'editing e la trascrizione, ma ha anche dimostrato quanto i podcast possano beneficiare di un intenso scambio tra i Paesi della regione DACH. L'esclusiva visione dei pensieri di Darch, Dath-Linienk\u00e4mper e Mackay dimostra che: Il futuro del podcasting risiede in storie emozionanti e ben raccontate e in una continua ricerca della qualit\u00e0.<\/p>","protected":false},"excerpt":{"rendered":"<p>I podcast sono in crescita: quattro milioni di persone in Svizzera ascoltano regolarmente i podcast e il mercato si sta sviluppando rapidamente. Alla conferenza dezibel di Winterthur, gli esperti hanno illustrato le ultime tendenze, le tecnologie e gli approcci creativi nel campo del podcasting.<\/p>","protected":false},"author":8,"featured_media":0,"comment_status":"closed","ping_status":"closed","sticky":false,"template":"","format":"standard","meta":{"_acf_changed":false,"_yoast_wpseo_focuskw":"dezibel Konferenz","_yoast_wpseo_metadesc":"Die dezibel Konferenz 2024 in Winterthur diskutiert die Zukunft des Podcastings mit Experten wie Jeanne Drach und Laura Dath-Linienk\u00e4mper.","articlekey":"","footnotes":""},"categories":[29],"tags":[4675,4343,2645,4676],"class_list":["post-31196","post","type-post","status-publish","format-standard","hentry","category-marketing","tag-dezibel","tag-markom","tag-podcast","tag-podcast-schmiede"],"acf":[],"yoast_head":"<!-- This site is optimized with the Yoast SEO plugin v27.5 - https:\/\/yoast.com\/product\/yoast-seo-wordpress\/ -->\n<title>\u00abEinen guten Podcast hat man Lust zu h\u00f6ren\u00bb \u2013 Talks an der \u00abdezibel\u00bb zur Zukunft des Podcastings - Organisator<\/title>\n<meta name=\"description\" content=\"Die dezibel Konferenz 2024 in Winterthur diskutiert die Zukunft des Podcastings mit Experten wie Jeanne Drach und Laura Dath-Linienk\u00e4mper.\" \/>\n<meta name=\"robots\" content=\"index, follow, max-snippet:-1, max-image-preview:large, max-video-preview:-1\" \/>\n<link rel=\"canonical\" href=\"https:\/\/www.organisator.ch\/it\/marketing\/2024-10-24\/einen-guten-podcast-hat-man-lust-zu-hoeren-talks-an-der-dezibel-zur-zukunft-des-podcastings\/\" \/>\n<meta property=\"og:locale\" content=\"it_IT\" \/>\n<meta property=\"og:type\" content=\"article\" \/>\n<meta property=\"og:title\" content=\"\u00abEinen guten Podcast hat man Lust zu h\u00f6ren\u00bb \u2013 Talks an der \u00abdezibel\u00bb zur Zukunft des Podcastings - Organisator\" \/>\n<meta property=\"og:description\" content=\"Die dezibel Konferenz 2024 in Winterthur diskutiert die Zukunft des Podcastings mit Experten wie Jeanne Drach und Laura Dath-Linienk\u00e4mper.\" \/>\n<meta property=\"og:url\" content=\"https:\/\/www.organisator.ch\/it\/marketing\/2024-10-24\/einen-guten-podcast-hat-man-lust-zu-hoeren-talks-an-der-dezibel-zur-zukunft-des-podcastings\/\" \/>\n<meta property=\"og:site_name\" content=\"Organisator\" \/>\n<meta property=\"article:publisher\" content=\"https:\/\/www.facebook.com\/OrganisatorFachmagazin\" \/>\n<meta property=\"article:published_time\" content=\"2024-10-24T14:21:50+00:00\" \/>\n<meta property=\"article:modified_time\" content=\"2024-11-07T10:33:16+00:00\" \/>\n<meta property=\"og:image\" content=\"https:\/\/www.markt-kom.com\/wp-content\/uploads\/2024\/10\/dezibel-2024-Cover.png\" \/>\n<meta name=\"author\" content=\"galledia\" \/>\n<meta name=\"twitter:card\" content=\"summary_large_image\" \/>\n<meta name=\"twitter:creator\" content=\"@admin\" \/>\n<script type=\"application\/ld+json\" class=\"yoast-schema-graph\">{\"@context\":\"https:\\\/\\\/schema.org\",\"@graph\":[{\"@type\":\"Article\",\"@id\":\"https:\\\/\\\/www.organisator.ch\\\/marketing\\\/2024-10-24\\\/einen-guten-podcast-hat-man-lust-zu-hoeren-talks-an-der-dezibel-zur-zukunft-des-podcastings\\\/#article\",\"isPartOf\":{\"@id\":\"https:\\\/\\\/www.organisator.ch\\\/marketing\\\/2024-10-24\\\/einen-guten-podcast-hat-man-lust-zu-hoeren-talks-an-der-dezibel-zur-zukunft-des-podcastings\\\/\"},\"author\":{\"name\":\"galledia\",\"@id\":\"https:\\\/\\\/www.organisator.ch\\\/#\\\/schema\\\/person\\\/4e51799071cd2dd1232ac003643ef5f0\"},\"headline\":\"\u00abEinen guten Podcast hat man Lust zu h\u00f6ren\u00bb \u2013 Talks an der \u00abdezibel\u00bb zur Zukunft des Podcastings\",\"datePublished\":\"2024-10-24T14:21:50+00:00\",\"dateModified\":\"2024-11-07T10:33:16+00:00\",\"mainEntityOfPage\":{\"@id\":\"https:\\\/\\\/www.organisator.ch\\\/marketing\\\/2024-10-24\\\/einen-guten-podcast-hat-man-lust-zu-hoeren-talks-an-der-dezibel-zur-zukunft-des-podcastings\\\/\"},\"wordCount\":538,\"publisher\":{\"@id\":\"https:\\\/\\\/www.organisator.ch\\\/#organization\"},\"image\":{\"@id\":\"https:\\\/\\\/www.organisator.ch\\\/marketing\\\/2024-10-24\\\/einen-guten-podcast-hat-man-lust-zu-hoeren-talks-an-der-dezibel-zur-zukunft-des-podcastings\\\/#primaryimage\"},\"thumbnailUrl\":\"https:\\\/\\\/www.markt-kom.com\\\/wp-content\\\/uploads\\\/2024\\\/10\\\/dezibel-2024-Cover.png\",\"keywords\":[\"Dezibel\",\"MarKom\",\"Podcast\",\"Podcast-Schmiede\"],\"articleSection\":[\"MARKETING\"],\"inLanguage\":\"it-IT\"},{\"@type\":\"WebPage\",\"@id\":\"https:\\\/\\\/www.organisator.ch\\\/marketing\\\/2024-10-24\\\/einen-guten-podcast-hat-man-lust-zu-hoeren-talks-an-der-dezibel-zur-zukunft-des-podcastings\\\/\",\"url\":\"https:\\\/\\\/www.organisator.ch\\\/marketing\\\/2024-10-24\\\/einen-guten-podcast-hat-man-lust-zu-hoeren-talks-an-der-dezibel-zur-zukunft-des-podcastings\\\/\",\"name\":\"\u00abEinen guten Podcast hat man Lust zu h\u00f6ren\u00bb \u2013 Talks an der \u00abdezibel\u00bb zur Zukunft des Podcastings - Organisator\",\"isPartOf\":{\"@id\":\"https:\\\/\\\/www.organisator.ch\\\/#website\"},\"primaryImageOfPage\":{\"@id\":\"https:\\\/\\\/www.organisator.ch\\\/marketing\\\/2024-10-24\\\/einen-guten-podcast-hat-man-lust-zu-hoeren-talks-an-der-dezibel-zur-zukunft-des-podcastings\\\/#primaryimage\"},\"image\":{\"@id\":\"https:\\\/\\\/www.organisator.ch\\\/marketing\\\/2024-10-24\\\/einen-guten-podcast-hat-man-lust-zu-hoeren-talks-an-der-dezibel-zur-zukunft-des-podcastings\\\/#primaryimage\"},\"thumbnailUrl\":\"https:\\\/\\\/www.markt-kom.com\\\/wp-content\\\/uploads\\\/2024\\\/10\\\/dezibel-2024-Cover.png\",\"datePublished\":\"2024-10-24T14:21:50+00:00\",\"dateModified\":\"2024-11-07T10:33:16+00:00\",\"description\":\"Die dezibel Konferenz 2024 in Winterthur diskutiert die Zukunft des Podcastings mit Experten wie Jeanne Drach und Laura Dath-Linienk\u00e4mper.\",\"breadcrumb\":{\"@id\":\"https:\\\/\\\/www.organisator.ch\\\/marketing\\\/2024-10-24\\\/einen-guten-podcast-hat-man-lust-zu-hoeren-talks-an-der-dezibel-zur-zukunft-des-podcastings\\\/#breadcrumb\"},\"inLanguage\":\"it-IT\",\"potentialAction\":[{\"@type\":\"ReadAction\",\"target\":[\"https:\\\/\\\/www.organisator.ch\\\/marketing\\\/2024-10-24\\\/einen-guten-podcast-hat-man-lust-zu-hoeren-talks-an-der-dezibel-zur-zukunft-des-podcastings\\\/\"]}]},{\"@type\":\"ImageObject\",\"inLanguage\":\"it-IT\",\"@id\":\"https:\\\/\\\/www.organisator.ch\\\/marketing\\\/2024-10-24\\\/einen-guten-podcast-hat-man-lust-zu-hoeren-talks-an-der-dezibel-zur-zukunft-des-podcastings\\\/#primaryimage\",\"url\":\"https:\\\/\\\/www.markt-kom.com\\\/wp-content\\\/uploads\\\/2024\\\/10\\\/dezibel-2024-Cover.png\",\"contentUrl\":\"https:\\\/\\\/www.markt-kom.com\\\/wp-content\\\/uploads\\\/2024\\\/10\\\/dezibel-2024-Cover.png\"},{\"@type\":\"BreadcrumbList\",\"@id\":\"https:\\\/\\\/www.organisator.ch\\\/marketing\\\/2024-10-24\\\/einen-guten-podcast-hat-man-lust-zu-hoeren-talks-an-der-dezibel-zur-zukunft-des-podcastings\\\/#breadcrumb\",\"itemListElement\":[{\"@type\":\"ListItem\",\"position\":1,\"name\":\"Home\",\"item\":\"https:\\\/\\\/www.organisator.ch\\\/\"},{\"@type\":\"ListItem\",\"position\":2,\"name\":\"\u00abEinen guten Podcast hat man Lust zu h\u00f6ren\u00bb \u2013 Talks an der \u00abdezibel\u00bb zur Zukunft des Podcastings\"}]},{\"@type\":\"WebSite\",\"@id\":\"https:\\\/\\\/www.organisator.ch\\\/#website\",\"url\":\"https:\\\/\\\/www.organisator.ch\\\/\",\"name\":\"Organisator\",\"description\":\"Kompetent. Praxisnah. Der ORGANISATOR bereitet in 10 Ausgaben pro Jahr die wesentlichen Themen f\u00fcr F\u00fchrungskr\u00e4fte von KMU auf.\",\"publisher\":{\"@id\":\"https:\\\/\\\/www.organisator.ch\\\/#organization\"},\"potentialAction\":[{\"@type\":\"SearchAction\",\"target\":{\"@type\":\"EntryPoint\",\"urlTemplate\":\"https:\\\/\\\/www.organisator.ch\\\/?s={search_term_string}\"},\"query-input\":{\"@type\":\"PropertyValueSpecification\",\"valueRequired\":true,\"valueName\":\"search_term_string\"}}],\"inLanguage\":\"it-IT\"},{\"@type\":\"Organization\",\"@id\":\"https:\\\/\\\/www.organisator.ch\\\/#organization\",\"name\":\"Organisator\",\"url\":\"https:\\\/\\\/www.organisator.ch\\\/\",\"logo\":{\"@type\":\"ImageObject\",\"inLanguage\":\"it-IT\",\"@id\":\"https:\\\/\\\/www.organisator.ch\\\/#\\\/schema\\\/logo\\\/image\\\/\",\"url\":\"https:\\\/\\\/www.organisator.ch\\\/wp-content\\\/uploads\\\/2022\\\/01\\\/Logo_Organisator_Website.png\",\"contentUrl\":\"https:\\\/\\\/www.organisator.ch\\\/wp-content\\\/uploads\\\/2022\\\/01\\\/Logo_Organisator_Website.png\",\"width\":800,\"height\":77,\"caption\":\"Organisator\"},\"image\":{\"@id\":\"https:\\\/\\\/www.organisator.ch\\\/#\\\/schema\\\/logo\\\/image\\\/\"},\"sameAs\":[\"https:\\\/\\\/www.facebook.com\\\/OrganisatorFachmagazin\",\"https:\\\/\\\/www.linkedin.com\\\/showcase\\\/organisator-das-magazin-fr-kmu\",\"https:\\\/\\\/www.xing.com\\\/news\\\/pages\\\/organisator-ch-695\",\"https:\\\/\\\/www.youtube.com\\\/channel\\\/UCGP2Sq0iWaZwT3BdIAQFYpw\"]},{\"@type\":\"Person\",\"@id\":\"https:\\\/\\\/www.organisator.ch\\\/#\\\/schema\\\/person\\\/4e51799071cd2dd1232ac003643ef5f0\",\"name\":\"galledia\",\"image\":{\"@type\":\"ImageObject\",\"inLanguage\":\"it-IT\",\"@id\":\"https:\\\/\\\/secure.gravatar.com\\\/avatar\\\/78a7f90c01fc2bfc875782a0d4922b37cde2cf184ce347b91316d23cd7f69a36?s=96&d=mm&r=g\",\"url\":\"https:\\\/\\\/secure.gravatar.com\\\/avatar\\\/78a7f90c01fc2bfc875782a0d4922b37cde2cf184ce347b91316d23cd7f69a36?s=96&d=mm&r=g\",\"contentUrl\":\"https:\\\/\\\/secure.gravatar.com\\\/avatar\\\/78a7f90c01fc2bfc875782a0d4922b37cde2cf184ce347b91316d23cd7f69a36?s=96&d=mm&r=g\",\"caption\":\"galledia\"},\"sameAs\":[\"https:\\\/\\\/x.com\\\/admin\"],\"url\":\"https:\\\/\\\/www.organisator.ch\\\/it\\\/author\\\/galledia\\\/\"}]}<\/script>\n<!-- \/ Yoast SEO plugin. -->","yoast_head_json":{"title":"\"Un buon podcast fa venire voglia di ascoltarlo\" - Interventi a \"dezibel\" sul futuro del podcasting - Organizzatore","description":"La Conferenza dezibel 2024 a Winterthur discuter\u00e0 del futuro del podcasting con esperti come Jeanne Drach e Laura Dath-Linienk\u00e4mper.","robots":{"index":"index","follow":"follow","max-snippet":"max-snippet:-1","max-image-preview":"max-image-preview:large","max-video-preview":"max-video-preview:-1"},"canonical":"https:\/\/www.organisator.ch\/it\/marketing\/2024-10-24\/einen-guten-podcast-hat-man-lust-zu-hoeren-talks-an-der-dezibel-zur-zukunft-des-podcastings\/","og_locale":"it_IT","og_type":"article","og_title":"\u00abEinen guten Podcast hat man Lust zu h\u00f6ren\u00bb \u2013 Talks an der \u00abdezibel\u00bb zur Zukunft des Podcastings - Organisator","og_description":"Die dezibel Konferenz 2024 in Winterthur diskutiert die Zukunft des Podcastings mit Experten wie Jeanne Drach und Laura Dath-Linienk\u00e4mper.","og_url":"https:\/\/www.organisator.ch\/it\/marketing\/2024-10-24\/einen-guten-podcast-hat-man-lust-zu-hoeren-talks-an-der-dezibel-zur-zukunft-des-podcastings\/","og_site_name":"Organisator","article_publisher":"https:\/\/www.facebook.com\/OrganisatorFachmagazin","article_published_time":"2024-10-24T14:21:50+00:00","article_modified_time":"2024-11-07T10:33:16+00:00","og_image":[{"url":"https:\/\/www.markt-kom.com\/wp-content\/uploads\/2024\/10\/dezibel-2024-Cover.png","type":"","width":"","height":""}],"author":"galledia","twitter_card":"summary_large_image","twitter_creator":"@admin","schema":{"@context":"https:\/\/schema.org","@graph":[{"@type":"Article","@id":"https:\/\/www.organisator.ch\/marketing\/2024-10-24\/einen-guten-podcast-hat-man-lust-zu-hoeren-talks-an-der-dezibel-zur-zukunft-des-podcastings\/#article","isPartOf":{"@id":"https:\/\/www.organisator.ch\/marketing\/2024-10-24\/einen-guten-podcast-hat-man-lust-zu-hoeren-talks-an-der-dezibel-zur-zukunft-des-podcastings\/"},"author":{"name":"galledia","@id":"https:\/\/www.organisator.ch\/#\/schema\/person\/4e51799071cd2dd1232ac003643ef5f0"},"headline":"\u00abEinen guten Podcast hat man Lust zu h\u00f6ren\u00bb \u2013 Talks an der \u00abdezibel\u00bb zur Zukunft des Podcastings","datePublished":"2024-10-24T14:21:50+00:00","dateModified":"2024-11-07T10:33:16+00:00","mainEntityOfPage":{"@id":"https:\/\/www.organisator.ch\/marketing\/2024-10-24\/einen-guten-podcast-hat-man-lust-zu-hoeren-talks-an-der-dezibel-zur-zukunft-des-podcastings\/"},"wordCount":538,"publisher":{"@id":"https:\/\/www.organisator.ch\/#organization"},"image":{"@id":"https:\/\/www.organisator.ch\/marketing\/2024-10-24\/einen-guten-podcast-hat-man-lust-zu-hoeren-talks-an-der-dezibel-zur-zukunft-des-podcastings\/#primaryimage"},"thumbnailUrl":"https:\/\/www.markt-kom.com\/wp-content\/uploads\/2024\/10\/dezibel-2024-Cover.png","keywords":["Dezibel","MarKom","Podcast","Podcast-Schmiede"],"articleSection":["MARKETING"],"inLanguage":"it-IT"},{"@type":"WebPage","@id":"https:\/\/www.organisator.ch\/marketing\/2024-10-24\/einen-guten-podcast-hat-man-lust-zu-hoeren-talks-an-der-dezibel-zur-zukunft-des-podcastings\/","url":"https:\/\/www.organisator.ch\/marketing\/2024-10-24\/einen-guten-podcast-hat-man-lust-zu-hoeren-talks-an-der-dezibel-zur-zukunft-des-podcastings\/","name":"\"Un buon podcast fa venire voglia di ascoltarlo\" - Interventi a \"dezibel\" sul futuro del podcasting - Organizzatore","isPartOf":{"@id":"https:\/\/www.organisator.ch\/#website"},"primaryImageOfPage":{"@id":"https:\/\/www.organisator.ch\/marketing\/2024-10-24\/einen-guten-podcast-hat-man-lust-zu-hoeren-talks-an-der-dezibel-zur-zukunft-des-podcastings\/#primaryimage"},"image":{"@id":"https:\/\/www.organisator.ch\/marketing\/2024-10-24\/einen-guten-podcast-hat-man-lust-zu-hoeren-talks-an-der-dezibel-zur-zukunft-des-podcastings\/#primaryimage"},"thumbnailUrl":"https:\/\/www.markt-kom.com\/wp-content\/uploads\/2024\/10\/dezibel-2024-Cover.png","datePublished":"2024-10-24T14:21:50+00:00","dateModified":"2024-11-07T10:33:16+00:00","description":"La Conferenza dezibel 2024 a Winterthur discuter\u00e0 del futuro del podcasting con esperti come Jeanne Drach e Laura Dath-Linienk\u00e4mper.","breadcrumb":{"@id":"https:\/\/www.organisator.ch\/marketing\/2024-10-24\/einen-guten-podcast-hat-man-lust-zu-hoeren-talks-an-der-dezibel-zur-zukunft-des-podcastings\/#breadcrumb"},"inLanguage":"it-IT","potentialAction":[{"@type":"ReadAction","target":["https:\/\/www.organisator.ch\/marketing\/2024-10-24\/einen-guten-podcast-hat-man-lust-zu-hoeren-talks-an-der-dezibel-zur-zukunft-des-podcastings\/"]}]},{"@type":"ImageObject","inLanguage":"it-IT","@id":"https:\/\/www.organisator.ch\/marketing\/2024-10-24\/einen-guten-podcast-hat-man-lust-zu-hoeren-talks-an-der-dezibel-zur-zukunft-des-podcastings\/#primaryimage","url":"https:\/\/www.markt-kom.com\/wp-content\/uploads\/2024\/10\/dezibel-2024-Cover.png","contentUrl":"https:\/\/www.markt-kom.com\/wp-content\/uploads\/2024\/10\/dezibel-2024-Cover.png"},{"@type":"BreadcrumbList","@id":"https:\/\/www.organisator.ch\/marketing\/2024-10-24\/einen-guten-podcast-hat-man-lust-zu-hoeren-talks-an-der-dezibel-zur-zukunft-des-podcastings\/#breadcrumb","itemListElement":[{"@type":"ListItem","position":1,"name":"Home","item":"https:\/\/www.organisator.ch\/"},{"@type":"ListItem","position":2,"name":"\u00abEinen guten Podcast hat man Lust zu h\u00f6ren\u00bb \u2013 Talks an der \u00abdezibel\u00bb zur Zukunft des Podcastings"}]},{"@type":"WebSite","@id":"https:\/\/www.organisator.ch\/#website","url":"https:\/\/www.organisator.ch\/","name":"Organizzatore","description":"Competente. Pratico. In 10 numeri all'anno, ORGANISATOR presenta i temi essenziali per i manager delle PMI.","publisher":{"@id":"https:\/\/www.organisator.ch\/#organization"},"potentialAction":[{"@type":"SearchAction","target":{"@type":"EntryPoint","urlTemplate":"https:\/\/www.organisator.ch\/?s={search_term_string}"},"query-input":{"@type":"PropertyValueSpecification","valueRequired":true,"valueName":"search_term_string"}}],"inLanguage":"it-IT"},{"@type":"Organization","@id":"https:\/\/www.organisator.ch\/#organization","name":"Organizzatore","url":"https:\/\/www.organisator.ch\/","logo":{"@type":"ImageObject","inLanguage":"it-IT","@id":"https:\/\/www.organisator.ch\/#\/schema\/logo\/image\/","url":"https:\/\/www.organisator.ch\/wp-content\/uploads\/2022\/01\/Logo_Organisator_Website.png","contentUrl":"https:\/\/www.organisator.ch\/wp-content\/uploads\/2022\/01\/Logo_Organisator_Website.png","width":800,"height":77,"caption":"Organisator"},"image":{"@id":"https:\/\/www.organisator.ch\/#\/schema\/logo\/image\/"},"sameAs":["https:\/\/www.facebook.com\/OrganisatorFachmagazin","https:\/\/www.linkedin.com\/showcase\/organisator-das-magazin-fr-kmu","https:\/\/www.xing.com\/news\/pages\/organisator-ch-695","https:\/\/www.youtube.com\/channel\/UCGP2Sq0iWaZwT3BdIAQFYpw"]},{"@type":"Person","@id":"https:\/\/www.organisator.ch\/#\/schema\/person\/4e51799071cd2dd1232ac003643ef5f0","name":"galledia","image":{"@type":"ImageObject","inLanguage":"it-IT","@id":"https:\/\/secure.gravatar.com\/avatar\/78a7f90c01fc2bfc875782a0d4922b37cde2cf184ce347b91316d23cd7f69a36?s=96&d=mm&r=g","url":"https:\/\/secure.gravatar.com\/avatar\/78a7f90c01fc2bfc875782a0d4922b37cde2cf184ce347b91316d23cd7f69a36?s=96&d=mm&r=g","contentUrl":"https:\/\/secure.gravatar.com\/avatar\/78a7f90c01fc2bfc875782a0d4922b37cde2cf184ce347b91316d23cd7f69a36?s=96&d=mm&r=g","caption":"galledia"},"sameAs":["https:\/\/x.com\/admin"],"url":"https:\/\/www.organisator.ch\/it\/author\/galledia\/"}]}},"_links":{"self":[{"href":"https:\/\/www.organisator.ch\/it\/wp-json\/wp\/v2\/posts\/31196","targetHints":{"allow":["GET"]}}],"collection":[{"href":"https:\/\/www.organisator.ch\/it\/wp-json\/wp\/v2\/posts"}],"about":[{"href":"https:\/\/www.organisator.ch\/it\/wp-json\/wp\/v2\/types\/post"}],"author":[{"embeddable":true,"href":"https:\/\/www.organisator.ch\/it\/wp-json\/wp\/v2\/users\/8"}],"replies":[{"embeddable":true,"href":"https:\/\/www.organisator.ch\/it\/wp-json\/wp\/v2\/comments?post=31196"}],"version-history":[{"count":8,"href":"https:\/\/www.organisator.ch\/it\/wp-json\/wp\/v2\/posts\/31196\/revisions"}],"predecessor-version":[{"id":31721,"href":"https:\/\/www.organisator.ch\/it\/wp-json\/wp\/v2\/posts\/31196\/revisions\/31721"}],"wp:attachment":[{"href":"https:\/\/www.organisator.ch\/it\/wp-json\/wp\/v2\/media?parent=31196"}],"wp:term":[{"taxonomy":"category","embeddable":true,"href":"https:\/\/www.organisator.ch\/it\/wp-json\/wp\/v2\/categories?post=31196"},{"taxonomy":"post_tag","embeddable":true,"href":"https:\/\/www.organisator.ch\/it\/wp-json\/wp\/v2\/tags?post=31196"}],"curies":[{"name":"wp","href":"https:\/\/api.w.org\/{rel}","templated":true}]}}