{"id":31207,"date":"2024-10-24T08:57:34","date_gmt":"2024-10-24T06:57:34","guid":{"rendered":"https:\/\/www.markt-kom.com\/?p=225474"},"modified":"2024-11-07T11:51:52","modified_gmt":"2024-11-07T10:51:52","slug":"sechs-firmen-schliessen-sich-zur-union-group-zusammen","status":"publish","type":"post","link":"https:\/\/www.organisator.ch\/it\/marketing\/2024-10-24\/sechs-firmen-schliessen-sich-zur-union-group-zusammen\/","title":{"rendered":"Sei societ\u00e0 si fondono per formare il Gruppo Union"},"content":{"rendered":"<figure id=\"attachment_225475\" class=\"wp-caption aligncenter\" style=\"width: 1200px\" aria-describedby=\"caption-attachment-225475\"><img class=\"aligncenter wp-image-225475 size-full\" src=\"https:\/\/www.markt-kom.com\/wp-content\/uploads\/2024\/10\/Union-Group.jpg\" alt=\"Fusione\" width=\"1200\" height=\"900\" \/>\r\n<figcaption id=\"caption-attachment-225475\" class=\"wp-caption-text\">La direzione del Gruppo Union (da sinistra a destra): Martin Stauch, Christian Schwotzer e Cyrill Kuster. (Immagine: zVg.)<\/figcaption>\r\n<\/figure>\r\n<p>Le sei societ\u00e0 sorelle Neustadt, Gold Interactive, Motion Inn, Johanna Untern\u00e4hrer, Authentiq e Pure si fondono per formare il Gruppo Union. La fusione crea un gruppo che offre soluzioni olistiche per il marketing digitale, la brand experience, il motion design, la fotografia, le soluzioni software e la gestione del cambiamento.<\/p>\r\n<p>Gi\u00e0 presente a Lucerna e Zugo, la sede di Zurigo \u00e8 stata inaugurata nel 2023 con Gold Interactive, diventando cos\u00ec un importante centro d'affari svizzero.<\/p>\r\n<p>\"Per noi era importante poter offrire tutto da un'unica fonte ed essere ampiamente indipendenti da fornitori terzi\", afferma Martin Stauch, amministratore delegato del Gruppo Union. \"Si tratta di un'offerta probabilmente unica per ampiezza e profondit\u00e0. Ed \u00e8 una chiara differenziazione rispetto alle altre reti\". Il gruppo gestito dai proprietari si concentra sulle persone e sulle loro competenze individuali. Union ha ora \"le dimensioni ideali per poter agire in modo rapido ed efficace\", prosegue la dichiarazione. Le sei societ\u00e0 riuniscono quasi 70 dipendenti.<\/p>\r\n<p>Il DNA comune \u00e8 che tutte le unit\u00e0 sono in definitiva orientate ai dati. \"Ora potete beneficiare di diverse competenze in un'offerta globale e olistica\", afferma Cyrill Kuster, fondatore del Gruppo Union. \"Per creare esperienze di marca convincenti e misurabili, combiniamo intuizioni basate sui dati con concetti creativi. Questa combinazione porta all'impatto commerciale desiderato dai nostri clienti e tutto porta la stessa firma\".<\/p>\r\n<p>Il Gruppo Union ha sede a Zurigo. Ha anche una filiale a Lucerna. Il Gruppo \u00e8 operativo dall'inizio di ottobre e sta gi\u00e0 gestendo i primi mandati completi.<\/p>","protected":false},"excerpt":{"rendered":"<p>Sei singole societ\u00e0 diventeranno il Gruppo Union. Secondo un comunicato stampa, questo crea un gruppo che combina molte competenze necessarie per la realizzazione di esperienze di marca con impatto commerciale.<\/p>","protected":false},"author":8,"featured_media":0,"comment_status":"closed","ping_status":"closed","sticky":false,"template":"","format":"standard","meta":{"_acf_changed":false,"_yoast_wpseo_focuskw":"Zusammenschluss","_yoast_wpseo_metadesc":"Sechs Unternehmen formen die Union Group f\u00fcr ganzheitliche digitale L\u00f6sungen mit 70 Mitarbeitenden und zwei Standorten.","articlekey":"","footnotes":""},"categories":[29],"tags":[4345,4678],"class_list":["post-31207","post","type-post","status-publish","format-standard","hentry","category-marketing","tag-business","tag-union"],"acf":[],"yoast_head":"<!-- This site is optimized with the Yoast SEO plugin v27.5 - https:\/\/yoast.com\/product\/yoast-seo-wordpress\/ -->\n<title>Sechs Firmen schliessen sich zur Union Group zusammen - Organisator<\/title>\n<meta name=\"description\" content=\"Sechs Unternehmen formen die Union Group f\u00fcr ganzheitliche digitale L\u00f6sungen mit 70 Mitarbeitenden und zwei Standorten.\" \/>\n<meta name=\"robots\" content=\"index, follow, max-snippet:-1, max-image-preview:large, max-video-preview:-1\" \/>\n<link rel=\"canonical\" href=\"https:\/\/www.organisator.ch\/it\/marketing\/2024-10-24\/sechs-firmen-schliessen-sich-zur-union-group-zusammen\/\" \/>\n<meta property=\"og:locale\" content=\"it_IT\" \/>\n<meta property=\"og:type\" content=\"article\" \/>\n<meta property=\"og:title\" content=\"Sechs Firmen schliessen sich zur Union Group zusammen - Organisator\" \/>\n<meta property=\"og:description\" content=\"Sechs Unternehmen formen die Union Group f\u00fcr ganzheitliche digitale L\u00f6sungen mit 70 Mitarbeitenden und zwei Standorten.\" \/>\n<meta property=\"og:url\" content=\"https:\/\/www.organisator.ch\/it\/marketing\/2024-10-24\/sechs-firmen-schliessen-sich-zur-union-group-zusammen\/\" \/>\n<meta property=\"og:site_name\" content=\"Organisator\" \/>\n<meta property=\"article:publisher\" content=\"https:\/\/www.facebook.com\/OrganisatorFachmagazin\" \/>\n<meta property=\"article:published_time\" content=\"2024-10-24T06:57:34+00:00\" \/>\n<meta property=\"article:modified_time\" content=\"2024-11-07T10:51:52+00:00\" \/>\n<meta property=\"og:image\" content=\"https:\/\/www.markt-kom.com\/wp-content\/uploads\/2024\/10\/Union-Group.jpg\" \/>\n<meta name=\"author\" content=\"galledia\" \/>\n<meta name=\"twitter:card\" content=\"summary_large_image\" \/>\n<meta name=\"twitter:creator\" content=\"@admin\" \/>\n<script type=\"application\/ld+json\" class=\"yoast-schema-graph\">{\"@context\":\"https:\\\/\\\/schema.org\",\"@graph\":[{\"@type\":\"Article\",\"@id\":\"https:\\\/\\\/www.organisator.ch\\\/marketing\\\/2024-10-24\\\/sechs-firmen-schliessen-sich-zur-union-group-zusammen\\\/#article\",\"isPartOf\":{\"@id\":\"https:\\\/\\\/www.organisator.ch\\\/marketing\\\/2024-10-24\\\/sechs-firmen-schliessen-sich-zur-union-group-zusammen\\\/\"},\"author\":{\"name\":\"galledia\",\"@id\":\"https:\\\/\\\/www.organisator.ch\\\/#\\\/schema\\\/person\\\/4e51799071cd2dd1232ac003643ef5f0\"},\"headline\":\"Sechs Firmen schliessen sich zur Union Group zusammen\",\"datePublished\":\"2024-10-24T06:57:34+00:00\",\"dateModified\":\"2024-11-07T10:51:52+00:00\",\"mainEntityOfPage\":{\"@id\":\"https:\\\/\\\/www.organisator.ch\\\/marketing\\\/2024-10-24\\\/sechs-firmen-schliessen-sich-zur-union-group-zusammen\\\/\"},\"wordCount\":271,\"publisher\":{\"@id\":\"https:\\\/\\\/www.organisator.ch\\\/#organization\"},\"image\":{\"@id\":\"https:\\\/\\\/www.organisator.ch\\\/marketing\\\/2024-10-24\\\/sechs-firmen-schliessen-sich-zur-union-group-zusammen\\\/#primaryimage\"},\"thumbnailUrl\":\"https:\\\/\\\/www.markt-kom.com\\\/wp-content\\\/uploads\\\/2024\\\/10\\\/Union-Group.jpg\",\"keywords\":[\"Business\",\"Union\"],\"articleSection\":[\"MARKETING\"],\"inLanguage\":\"it-IT\"},{\"@type\":\"WebPage\",\"@id\":\"https:\\\/\\\/www.organisator.ch\\\/marketing\\\/2024-10-24\\\/sechs-firmen-schliessen-sich-zur-union-group-zusammen\\\/\",\"url\":\"https:\\\/\\\/www.organisator.ch\\\/marketing\\\/2024-10-24\\\/sechs-firmen-schliessen-sich-zur-union-group-zusammen\\\/\",\"name\":\"Sechs Firmen schliessen sich zur Union Group zusammen - Organisator\",\"isPartOf\":{\"@id\":\"https:\\\/\\\/www.organisator.ch\\\/#website\"},\"primaryImageOfPage\":{\"@id\":\"https:\\\/\\\/www.organisator.ch\\\/marketing\\\/2024-10-24\\\/sechs-firmen-schliessen-sich-zur-union-group-zusammen\\\/#primaryimage\"},\"image\":{\"@id\":\"https:\\\/\\\/www.organisator.ch\\\/marketing\\\/2024-10-24\\\/sechs-firmen-schliessen-sich-zur-union-group-zusammen\\\/#primaryimage\"},\"thumbnailUrl\":\"https:\\\/\\\/www.markt-kom.com\\\/wp-content\\\/uploads\\\/2024\\\/10\\\/Union-Group.jpg\",\"datePublished\":\"2024-10-24T06:57:34+00:00\",\"dateModified\":\"2024-11-07T10:51:52+00:00\",\"description\":\"Sechs Unternehmen formen die Union Group f\u00fcr ganzheitliche digitale L\u00f6sungen mit 70 Mitarbeitenden und zwei Standorten.\",\"breadcrumb\":{\"@id\":\"https:\\\/\\\/www.organisator.ch\\\/marketing\\\/2024-10-24\\\/sechs-firmen-schliessen-sich-zur-union-group-zusammen\\\/#breadcrumb\"},\"inLanguage\":\"it-IT\",\"potentialAction\":[{\"@type\":\"ReadAction\",\"target\":[\"https:\\\/\\\/www.organisator.ch\\\/marketing\\\/2024-10-24\\\/sechs-firmen-schliessen-sich-zur-union-group-zusammen\\\/\"]}]},{\"@type\":\"ImageObject\",\"inLanguage\":\"it-IT\",\"@id\":\"https:\\\/\\\/www.organisator.ch\\\/marketing\\\/2024-10-24\\\/sechs-firmen-schliessen-sich-zur-union-group-zusammen\\\/#primaryimage\",\"url\":\"https:\\\/\\\/www.markt-kom.com\\\/wp-content\\\/uploads\\\/2024\\\/10\\\/Union-Group.jpg\",\"contentUrl\":\"https:\\\/\\\/www.markt-kom.com\\\/wp-content\\\/uploads\\\/2024\\\/10\\\/Union-Group.jpg\"},{\"@type\":\"BreadcrumbList\",\"@id\":\"https:\\\/\\\/www.organisator.ch\\\/marketing\\\/2024-10-24\\\/sechs-firmen-schliessen-sich-zur-union-group-zusammen\\\/#breadcrumb\",\"itemListElement\":[{\"@type\":\"ListItem\",\"position\":1,\"name\":\"Home\",\"item\":\"https:\\\/\\\/www.organisator.ch\\\/\"},{\"@type\":\"ListItem\",\"position\":2,\"name\":\"Sechs Firmen schliessen sich zur Union Group zusammen\"}]},{\"@type\":\"WebSite\",\"@id\":\"https:\\\/\\\/www.organisator.ch\\\/#website\",\"url\":\"https:\\\/\\\/www.organisator.ch\\\/\",\"name\":\"Organisator\",\"description\":\"Kompetent. Praxisnah. Der ORGANISATOR bereitet in 10 Ausgaben pro Jahr die wesentlichen Themen f\u00fcr F\u00fchrungskr\u00e4fte von KMU auf.\",\"publisher\":{\"@id\":\"https:\\\/\\\/www.organisator.ch\\\/#organization\"},\"potentialAction\":[{\"@type\":\"SearchAction\",\"target\":{\"@type\":\"EntryPoint\",\"urlTemplate\":\"https:\\\/\\\/www.organisator.ch\\\/?s={search_term_string}\"},\"query-input\":{\"@type\":\"PropertyValueSpecification\",\"valueRequired\":true,\"valueName\":\"search_term_string\"}}],\"inLanguage\":\"it-IT\"},{\"@type\":\"Organization\",\"@id\":\"https:\\\/\\\/www.organisator.ch\\\/#organization\",\"name\":\"Organisator\",\"url\":\"https:\\\/\\\/www.organisator.ch\\\/\",\"logo\":{\"@type\":\"ImageObject\",\"inLanguage\":\"it-IT\",\"@id\":\"https:\\\/\\\/www.organisator.ch\\\/#\\\/schema\\\/logo\\\/image\\\/\",\"url\":\"https:\\\/\\\/www.organisator.ch\\\/wp-content\\\/uploads\\\/2022\\\/01\\\/Logo_Organisator_Website.png\",\"contentUrl\":\"https:\\\/\\\/www.organisator.ch\\\/wp-content\\\/uploads\\\/2022\\\/01\\\/Logo_Organisator_Website.png\",\"width\":800,\"height\":77,\"caption\":\"Organisator\"},\"image\":{\"@id\":\"https:\\\/\\\/www.organisator.ch\\\/#\\\/schema\\\/logo\\\/image\\\/\"},\"sameAs\":[\"https:\\\/\\\/www.facebook.com\\\/OrganisatorFachmagazin\",\"https:\\\/\\\/www.linkedin.com\\\/showcase\\\/organisator-das-magazin-fr-kmu\",\"https:\\\/\\\/www.xing.com\\\/news\\\/pages\\\/organisator-ch-695\",\"https:\\\/\\\/www.youtube.com\\\/channel\\\/UCGP2Sq0iWaZwT3BdIAQFYpw\"]},{\"@type\":\"Person\",\"@id\":\"https:\\\/\\\/www.organisator.ch\\\/#\\\/schema\\\/person\\\/4e51799071cd2dd1232ac003643ef5f0\",\"name\":\"galledia\",\"image\":{\"@type\":\"ImageObject\",\"inLanguage\":\"it-IT\",\"@id\":\"https:\\\/\\\/secure.gravatar.com\\\/avatar\\\/78a7f90c01fc2bfc875782a0d4922b37cde2cf184ce347b91316d23cd7f69a36?s=96&d=mm&r=g\",\"url\":\"https:\\\/\\\/secure.gravatar.com\\\/avatar\\\/78a7f90c01fc2bfc875782a0d4922b37cde2cf184ce347b91316d23cd7f69a36?s=96&d=mm&r=g\",\"contentUrl\":\"https:\\\/\\\/secure.gravatar.com\\\/avatar\\\/78a7f90c01fc2bfc875782a0d4922b37cde2cf184ce347b91316d23cd7f69a36?s=96&d=mm&r=g\",\"caption\":\"galledia\"},\"sameAs\":[\"https:\\\/\\\/x.com\\\/admin\"],\"url\":\"https:\\\/\\\/www.organisator.ch\\\/it\\\/author\\\/galledia\\\/\"}]}<\/script>\n<!-- \/ Yoast SEO plugin. -->","yoast_head_json":{"title":"Sei aziende si uniscono per formare il Gruppo Union - Organizzatore","description":"Sei societ\u00e0 formano il Gruppo Union per le soluzioni digitali integrate, con 70 dipendenti e due sedi.","robots":{"index":"index","follow":"follow","max-snippet":"max-snippet:-1","max-image-preview":"max-image-preview:large","max-video-preview":"max-video-preview:-1"},"canonical":"https:\/\/www.organisator.ch\/it\/marketing\/2024-10-24\/sechs-firmen-schliessen-sich-zur-union-group-zusammen\/","og_locale":"it_IT","og_type":"article","og_title":"Sechs Firmen schliessen sich zur Union Group zusammen - Organisator","og_description":"Sechs Unternehmen formen die Union Group f\u00fcr ganzheitliche digitale L\u00f6sungen mit 70 Mitarbeitenden und zwei Standorten.","og_url":"https:\/\/www.organisator.ch\/it\/marketing\/2024-10-24\/sechs-firmen-schliessen-sich-zur-union-group-zusammen\/","og_site_name":"Organisator","article_publisher":"https:\/\/www.facebook.com\/OrganisatorFachmagazin","article_published_time":"2024-10-24T06:57:34+00:00","article_modified_time":"2024-11-07T10:51:52+00:00","og_image":[{"url":"https:\/\/www.markt-kom.com\/wp-content\/uploads\/2024\/10\/Union-Group.jpg","type":"","width":"","height":""}],"author":"galledia","twitter_card":"summary_large_image","twitter_creator":"@admin","schema":{"@context":"https:\/\/schema.org","@graph":[{"@type":"Article","@id":"https:\/\/www.organisator.ch\/marketing\/2024-10-24\/sechs-firmen-schliessen-sich-zur-union-group-zusammen\/#article","isPartOf":{"@id":"https:\/\/www.organisator.ch\/marketing\/2024-10-24\/sechs-firmen-schliessen-sich-zur-union-group-zusammen\/"},"author":{"name":"galledia","@id":"https:\/\/www.organisator.ch\/#\/schema\/person\/4e51799071cd2dd1232ac003643ef5f0"},"headline":"Sechs Firmen schliessen sich zur Union Group zusammen","datePublished":"2024-10-24T06:57:34+00:00","dateModified":"2024-11-07T10:51:52+00:00","mainEntityOfPage":{"@id":"https:\/\/www.organisator.ch\/marketing\/2024-10-24\/sechs-firmen-schliessen-sich-zur-union-group-zusammen\/"},"wordCount":271,"publisher":{"@id":"https:\/\/www.organisator.ch\/#organization"},"image":{"@id":"https:\/\/www.organisator.ch\/marketing\/2024-10-24\/sechs-firmen-schliessen-sich-zur-union-group-zusammen\/#primaryimage"},"thumbnailUrl":"https:\/\/www.markt-kom.com\/wp-content\/uploads\/2024\/10\/Union-Group.jpg","keywords":["Business","Union"],"articleSection":["MARKETING"],"inLanguage":"it-IT"},{"@type":"WebPage","@id":"https:\/\/www.organisator.ch\/marketing\/2024-10-24\/sechs-firmen-schliessen-sich-zur-union-group-zusammen\/","url":"https:\/\/www.organisator.ch\/marketing\/2024-10-24\/sechs-firmen-schliessen-sich-zur-union-group-zusammen\/","name":"Sei aziende si uniscono per formare il Gruppo Union - Organizzatore","isPartOf":{"@id":"https:\/\/www.organisator.ch\/#website"},"primaryImageOfPage":{"@id":"https:\/\/www.organisator.ch\/marketing\/2024-10-24\/sechs-firmen-schliessen-sich-zur-union-group-zusammen\/#primaryimage"},"image":{"@id":"https:\/\/www.organisator.ch\/marketing\/2024-10-24\/sechs-firmen-schliessen-sich-zur-union-group-zusammen\/#primaryimage"},"thumbnailUrl":"https:\/\/www.markt-kom.com\/wp-content\/uploads\/2024\/10\/Union-Group.jpg","datePublished":"2024-10-24T06:57:34+00:00","dateModified":"2024-11-07T10:51:52+00:00","description":"Sei societ\u00e0 formano il Gruppo Union per le soluzioni digitali integrate, con 70 dipendenti e due sedi.","breadcrumb":{"@id":"https:\/\/www.organisator.ch\/marketing\/2024-10-24\/sechs-firmen-schliessen-sich-zur-union-group-zusammen\/#breadcrumb"},"inLanguage":"it-IT","potentialAction":[{"@type":"ReadAction","target":["https:\/\/www.organisator.ch\/marketing\/2024-10-24\/sechs-firmen-schliessen-sich-zur-union-group-zusammen\/"]}]},{"@type":"ImageObject","inLanguage":"it-IT","@id":"https:\/\/www.organisator.ch\/marketing\/2024-10-24\/sechs-firmen-schliessen-sich-zur-union-group-zusammen\/#primaryimage","url":"https:\/\/www.markt-kom.com\/wp-content\/uploads\/2024\/10\/Union-Group.jpg","contentUrl":"https:\/\/www.markt-kom.com\/wp-content\/uploads\/2024\/10\/Union-Group.jpg"},{"@type":"BreadcrumbList","@id":"https:\/\/www.organisator.ch\/marketing\/2024-10-24\/sechs-firmen-schliessen-sich-zur-union-group-zusammen\/#breadcrumb","itemListElement":[{"@type":"ListItem","position":1,"name":"Home","item":"https:\/\/www.organisator.ch\/"},{"@type":"ListItem","position":2,"name":"Sechs Firmen schliessen sich zur Union Group zusammen"}]},{"@type":"WebSite","@id":"https:\/\/www.organisator.ch\/#website","url":"https:\/\/www.organisator.ch\/","name":"Organizzatore","description":"Competente. Pratico. In 10 numeri all'anno, ORGANISATOR presenta i temi essenziali per i manager delle PMI.","publisher":{"@id":"https:\/\/www.organisator.ch\/#organization"},"potentialAction":[{"@type":"SearchAction","target":{"@type":"EntryPoint","urlTemplate":"https:\/\/www.organisator.ch\/?s={search_term_string}"},"query-input":{"@type":"PropertyValueSpecification","valueRequired":true,"valueName":"search_term_string"}}],"inLanguage":"it-IT"},{"@type":"Organization","@id":"https:\/\/www.organisator.ch\/#organization","name":"Organizzatore","url":"https:\/\/www.organisator.ch\/","logo":{"@type":"ImageObject","inLanguage":"it-IT","@id":"https:\/\/www.organisator.ch\/#\/schema\/logo\/image\/","url":"https:\/\/www.organisator.ch\/wp-content\/uploads\/2022\/01\/Logo_Organisator_Website.png","contentUrl":"https:\/\/www.organisator.ch\/wp-content\/uploads\/2022\/01\/Logo_Organisator_Website.png","width":800,"height":77,"caption":"Organisator"},"image":{"@id":"https:\/\/www.organisator.ch\/#\/schema\/logo\/image\/"},"sameAs":["https:\/\/www.facebook.com\/OrganisatorFachmagazin","https:\/\/www.linkedin.com\/showcase\/organisator-das-magazin-fr-kmu","https:\/\/www.xing.com\/news\/pages\/organisator-ch-695","https:\/\/www.youtube.com\/channel\/UCGP2Sq0iWaZwT3BdIAQFYpw"]},{"@type":"Person","@id":"https:\/\/www.organisator.ch\/#\/schema\/person\/4e51799071cd2dd1232ac003643ef5f0","name":"galledia","image":{"@type":"ImageObject","inLanguage":"it-IT","@id":"https:\/\/secure.gravatar.com\/avatar\/78a7f90c01fc2bfc875782a0d4922b37cde2cf184ce347b91316d23cd7f69a36?s=96&d=mm&r=g","url":"https:\/\/secure.gravatar.com\/avatar\/78a7f90c01fc2bfc875782a0d4922b37cde2cf184ce347b91316d23cd7f69a36?s=96&d=mm&r=g","contentUrl":"https:\/\/secure.gravatar.com\/avatar\/78a7f90c01fc2bfc875782a0d4922b37cde2cf184ce347b91316d23cd7f69a36?s=96&d=mm&r=g","caption":"galledia"},"sameAs":["https:\/\/x.com\/admin"],"url":"https:\/\/www.organisator.ch\/it\/author\/galledia\/"}]}},"_links":{"self":[{"href":"https:\/\/www.organisator.ch\/it\/wp-json\/wp\/v2\/posts\/31207","targetHints":{"allow":["GET"]}}],"collection":[{"href":"https:\/\/www.organisator.ch\/it\/wp-json\/wp\/v2\/posts"}],"about":[{"href":"https:\/\/www.organisator.ch\/it\/wp-json\/wp\/v2\/types\/post"}],"author":[{"embeddable":true,"href":"https:\/\/www.organisator.ch\/it\/wp-json\/wp\/v2\/users\/8"}],"replies":[{"embeddable":true,"href":"https:\/\/www.organisator.ch\/it\/wp-json\/wp\/v2\/comments?post=31207"}],"version-history":[{"count":4,"href":"https:\/\/www.organisator.ch\/it\/wp-json\/wp\/v2\/posts\/31207\/revisions"}],"predecessor-version":[{"id":31726,"href":"https:\/\/www.organisator.ch\/it\/wp-json\/wp\/v2\/posts\/31207\/revisions\/31726"}],"wp:attachment":[{"href":"https:\/\/www.organisator.ch\/it\/wp-json\/wp\/v2\/media?parent=31207"}],"wp:term":[{"taxonomy":"category","embeddable":true,"href":"https:\/\/www.organisator.ch\/it\/wp-json\/wp\/v2\/categories?post=31207"},{"taxonomy":"post_tag","embeddable":true,"href":"https:\/\/www.organisator.ch\/it\/wp-json\/wp\/v2\/tags?post=31207"}],"curies":[{"name":"wp","href":"https:\/\/api.w.org\/{rel}","templated":true}]}}