{"id":31212,"date":"2024-10-24T13:47:37","date_gmt":"2024-10-24T11:47:37","guid":{"rendered":"https:\/\/www.markt-kom.com\/?p=225494"},"modified":"2024-11-07T11:35:18","modified_gmt":"2024-11-07T10:35:18","slug":"berner-agentur-republica-stellt-sich-neu-auf","status":"publish","type":"post","link":"https:\/\/www.organisator.ch\/it\/marketing\/2024-10-24\/berner-agentur-republica-stellt-sich-neu-auf\/","title":{"rendered":"L'agenzia di Berna Republica si riposiziona"},"content":{"rendered":"<figure id=\"attachment_225496\" class=\"wp-caption aligncenter\" style=\"width: 1200px\" aria-describedby=\"caption-attachment-225496\"><img class=\"aligncenter wp-image-225496 size-full\" src=\"https:\/\/www.markt-kom.com\/wp-content\/uploads\/2024\/10\/republica-rethinking-kreative-leitung-stefanie-berchtold-florian-birkner.jpg\" alt=\"Repubblica\" width=\"1200\" height=\"800\" \/>\r\n<figcaption id=\"caption-attachment-225496\" class=\"wp-caption-text\">Parte del nuovo team di gestione creativa di Republica: Stefanie Berchtold e Florian Birkner.<\/figcaption>\r\n<\/figure>\r\n<p>Republica \u00e8 una costante nel mondo delle agenzie svizzere da circa 25 anni. Dalla Matte bernese, il CEO e fondatore Bala Trachsel guida con successo un team di circa 40 persone che creano comunicazioni differenzianti per clienti come SC Bern, Bernexpo, Jungfrau Ski Region, Rugenbr\u00e4u, Honegger, Swiss Heart Foundation e Senevita.<\/p>\r\n<h3>L'orientamento creativo sta diventando sempre pi\u00f9 importante<\/h3>\r\n<p>Sulla base dell'esperienza e del successo degli anni precedenti, negli ultimi mesi Republica \u00e8 stata riorganizzata in modo creativo. \"In un'epoca in cui i nostri clienti possono creare testi, immagini, video e siti web con l'aiuto dell'intelligenza artificiale, le idee eccezionali diventano sempre pi\u00f9 importanti. Per questo \u00e8 ancora pi\u00f9 importante la presenza di esperti con un'attitudine alla creazione eccezionale\", spiega Trachsel.<\/p>\r\n<p>Il progetto \"Rethinking Republica\" \u00e8 stato lanciato all'inizio del 2024, con il team di gestione creativa riorganizzato che svolge un ruolo chiave: Florian Birkner \u00e8 a bordo come direttore creativo da marzo. Gestisce la creazione insieme al direttore creativo e socio Stefanie Berchtold. Insieme a Bala Trachsel, il duo manageriale ha realizzato il processo di cambiamento negli ultimi mesi e sta gi\u00e0 registrando diversi nuovi successi commerciali.<\/p>\r\n<h3>Nuova doppia missione<\/h3>\r\n<p>L'agenzia refresh \u00e8 stata creata sotto l'ombrello della duplice missione \"Down to earth. Verso le stelle\", che caratterizzer\u00e0 il pensiero e le azioni dell'agenzia in futuro. \"Republica \u00e8 un'agenzia con una cultura sviluppata in modo indipendente e una preziosa esperienza interna che volevamo assolutamente integrare nel processo di cambiamento\", spiega Florian Birkner. \"Allo stesso tempo, per noi era importante accendere una nuova dinamica e spingere l'energia di un nuovo inizio. Con la nostra Dual Mission, celebriamo entrambe le cose: una solida comprensione delle strategie e dei messaggi giusti e il raggiungimento delle stelle creative\".<\/p>\r\n<p>\"Fino alla terra. Alle stelle\". ha ora trovato la sua strada nella pratica. A settembre \u00e8 stata lanciata la nuova immagine coerente dell'agenzia. La nuova dinamica \u00e8 particolarmente evidente nel nuovo logo e nel sito web completamente ridisegnato. \"Il nostro nuovo look \u00e8 stimolante e pieno di energia e sottolinea l'ampia gamma di argomenti in cui operiamo. Per noi era anche importante fare una dichiarazione chiara sia all'interno che all'esterno\", sottolinea Stefanie Berchtold.<\/p>\r\n<p><img class=\"aligncenter size-full wp-image-225495\" src=\"https:\/\/www.markt-kom.com\/wp-content\/uploads\/2024\/10\/republica-rethinking-logo.jpg\" alt=\"\" width=\"1200\" height=\"675\" \/><\/p>\r\n<p>Secondo Repubblica, le misure stanno gi\u00e0 avendo un impatto: ad esempio, \u00e8 in corso una campagna di offerte con due spot televisivi e un'ampia pubblicit\u00e0 esterna con manifesti per la campagna invernale del comprensorio sciistico della Jungfrau. A settembre \u00e8 stata lanciata una campagna per l'Universit\u00e0 di Berna per la formazione degli insegnanti ed \u00e8 in preparazione una nuova campagna per la Fondazione Svizzera per il Cuore.<\/p>","protected":false},"excerpt":{"rendered":"<p>Con il motto \"Down to earth. Verso le stelle\", Republica ha intrapreso un processo di cambiamento e si \u00e8 riorganizzata negli ultimi mesi. Secondo l'agenzia di Berna, le nuove campagne e il crescente portafoglio dimostrano che la nuova strategia sta funzionando.<\/p>","protected":false},"author":8,"featured_media":0,"comment_status":"closed","ping_status":"closed","sticky":false,"template":"","format":"standard","meta":{"_acf_changed":false,"_yoast_wpseo_focuskw":"Republica","_yoast_wpseo_metadesc":"Republica stellt neue kreative Leitung vor und setzt mit einer Dual-Mission auf frische Dynamik und innovative Kommunikation.","articlekey":"","footnotes":""},"categories":[29],"tags":[4345,3535],"class_list":["post-31212","post","type-post","status-publish","format-standard","hentry","category-marketing","tag-business","tag-republica"],"acf":[],"yoast_head":"<!-- This site is optimized with the Yoast SEO plugin v27.4 - https:\/\/yoast.com\/product\/yoast-seo-wordpress\/ -->\n<title>Berner Agentur Republica stellt sich neu auf - Organisator<\/title>\n<meta name=\"description\" content=\"Republica stellt neue kreative Leitung vor und setzt mit einer Dual-Mission auf frische Dynamik und innovative Kommunikation.\" \/>\n<meta name=\"robots\" content=\"index, follow, max-snippet:-1, max-image-preview:large, max-video-preview:-1\" \/>\n<link rel=\"canonical\" href=\"https:\/\/www.organisator.ch\/it\/marketing\/2024-10-24\/berner-agentur-republica-stellt-sich-neu-auf\/\" \/>\n<meta property=\"og:locale\" content=\"it_IT\" \/>\n<meta property=\"og:type\" content=\"article\" \/>\n<meta property=\"og:title\" content=\"Berner Agentur Republica stellt sich neu auf - Organisator\" \/>\n<meta property=\"og:description\" content=\"Republica stellt neue kreative Leitung vor und setzt mit einer Dual-Mission auf frische Dynamik und innovative Kommunikation.\" \/>\n<meta property=\"og:url\" content=\"https:\/\/www.organisator.ch\/it\/marketing\/2024-10-24\/berner-agentur-republica-stellt-sich-neu-auf\/\" \/>\n<meta property=\"og:site_name\" content=\"Organisator\" \/>\n<meta property=\"article:publisher\" content=\"https:\/\/www.facebook.com\/OrganisatorFachmagazin\" \/>\n<meta property=\"article:published_time\" content=\"2024-10-24T11:47:37+00:00\" \/>\n<meta property=\"article:modified_time\" content=\"2024-11-07T10:35:18+00:00\" \/>\n<meta property=\"og:image\" content=\"https:\/\/www.markt-kom.com\/wp-content\/uploads\/2024\/10\/republica-rethinking-kreative-leitung-stefanie-berchtold-florian-birkner.jpg\" \/>\n<meta name=\"author\" content=\"galledia\" \/>\n<meta name=\"twitter:card\" content=\"summary_large_image\" \/>\n<meta name=\"twitter:creator\" content=\"@admin\" \/>\n<script type=\"application\/ld+json\" class=\"yoast-schema-graph\">{\"@context\":\"https:\\\/\\\/schema.org\",\"@graph\":[{\"@type\":\"Article\",\"@id\":\"https:\\\/\\\/www.organisator.ch\\\/marketing\\\/2024-10-24\\\/berner-agentur-republica-stellt-sich-neu-auf\\\/#article\",\"isPartOf\":{\"@id\":\"https:\\\/\\\/www.organisator.ch\\\/marketing\\\/2024-10-24\\\/berner-agentur-republica-stellt-sich-neu-auf\\\/\"},\"author\":{\"name\":\"galledia\",\"@id\":\"https:\\\/\\\/www.organisator.ch\\\/#\\\/schema\\\/person\\\/4e51799071cd2dd1232ac003643ef5f0\"},\"headline\":\"Berner Agentur Republica stellt sich neu auf\",\"datePublished\":\"2024-10-24T11:47:37+00:00\",\"dateModified\":\"2024-11-07T10:35:18+00:00\",\"mainEntityOfPage\":{\"@id\":\"https:\\\/\\\/www.organisator.ch\\\/marketing\\\/2024-10-24\\\/berner-agentur-republica-stellt-sich-neu-auf\\\/\"},\"wordCount\":433,\"publisher\":{\"@id\":\"https:\\\/\\\/www.organisator.ch\\\/#organization\"},\"image\":{\"@id\":\"https:\\\/\\\/www.organisator.ch\\\/marketing\\\/2024-10-24\\\/berner-agentur-republica-stellt-sich-neu-auf\\\/#primaryimage\"},\"thumbnailUrl\":\"https:\\\/\\\/www.markt-kom.com\\\/wp-content\\\/uploads\\\/2024\\\/10\\\/republica-rethinking-kreative-leitung-stefanie-berchtold-florian-birkner.jpg\",\"keywords\":[\"Business\",\"Republica\"],\"articleSection\":[\"MARKETING\"],\"inLanguage\":\"it-IT\"},{\"@type\":\"WebPage\",\"@id\":\"https:\\\/\\\/www.organisator.ch\\\/marketing\\\/2024-10-24\\\/berner-agentur-republica-stellt-sich-neu-auf\\\/\",\"url\":\"https:\\\/\\\/www.organisator.ch\\\/marketing\\\/2024-10-24\\\/berner-agentur-republica-stellt-sich-neu-auf\\\/\",\"name\":\"Berner Agentur Republica stellt sich neu auf - Organisator\",\"isPartOf\":{\"@id\":\"https:\\\/\\\/www.organisator.ch\\\/#website\"},\"primaryImageOfPage\":{\"@id\":\"https:\\\/\\\/www.organisator.ch\\\/marketing\\\/2024-10-24\\\/berner-agentur-republica-stellt-sich-neu-auf\\\/#primaryimage\"},\"image\":{\"@id\":\"https:\\\/\\\/www.organisator.ch\\\/marketing\\\/2024-10-24\\\/berner-agentur-republica-stellt-sich-neu-auf\\\/#primaryimage\"},\"thumbnailUrl\":\"https:\\\/\\\/www.markt-kom.com\\\/wp-content\\\/uploads\\\/2024\\\/10\\\/republica-rethinking-kreative-leitung-stefanie-berchtold-florian-birkner.jpg\",\"datePublished\":\"2024-10-24T11:47:37+00:00\",\"dateModified\":\"2024-11-07T10:35:18+00:00\",\"description\":\"Republica stellt neue kreative Leitung vor und setzt mit einer Dual-Mission auf frische Dynamik und innovative Kommunikation.\",\"breadcrumb\":{\"@id\":\"https:\\\/\\\/www.organisator.ch\\\/marketing\\\/2024-10-24\\\/berner-agentur-republica-stellt-sich-neu-auf\\\/#breadcrumb\"},\"inLanguage\":\"it-IT\",\"potentialAction\":[{\"@type\":\"ReadAction\",\"target\":[\"https:\\\/\\\/www.organisator.ch\\\/marketing\\\/2024-10-24\\\/berner-agentur-republica-stellt-sich-neu-auf\\\/\"]}]},{\"@type\":\"ImageObject\",\"inLanguage\":\"it-IT\",\"@id\":\"https:\\\/\\\/www.organisator.ch\\\/marketing\\\/2024-10-24\\\/berner-agentur-republica-stellt-sich-neu-auf\\\/#primaryimage\",\"url\":\"https:\\\/\\\/www.markt-kom.com\\\/wp-content\\\/uploads\\\/2024\\\/10\\\/republica-rethinking-kreative-leitung-stefanie-berchtold-florian-birkner.jpg\",\"contentUrl\":\"https:\\\/\\\/www.markt-kom.com\\\/wp-content\\\/uploads\\\/2024\\\/10\\\/republica-rethinking-kreative-leitung-stefanie-berchtold-florian-birkner.jpg\"},{\"@type\":\"BreadcrumbList\",\"@id\":\"https:\\\/\\\/www.organisator.ch\\\/marketing\\\/2024-10-24\\\/berner-agentur-republica-stellt-sich-neu-auf\\\/#breadcrumb\",\"itemListElement\":[{\"@type\":\"ListItem\",\"position\":1,\"name\":\"Home\",\"item\":\"https:\\\/\\\/www.organisator.ch\\\/\"},{\"@type\":\"ListItem\",\"position\":2,\"name\":\"Berner Agentur Republica stellt sich neu auf\"}]},{\"@type\":\"WebSite\",\"@id\":\"https:\\\/\\\/www.organisator.ch\\\/#website\",\"url\":\"https:\\\/\\\/www.organisator.ch\\\/\",\"name\":\"Organisator\",\"description\":\"Kompetent. Praxisnah. Der ORGANISATOR bereitet in 10 Ausgaben pro Jahr die wesentlichen Themen f\u00fcr F\u00fchrungskr\u00e4fte von KMU auf.\",\"publisher\":{\"@id\":\"https:\\\/\\\/www.organisator.ch\\\/#organization\"},\"potentialAction\":[{\"@type\":\"SearchAction\",\"target\":{\"@type\":\"EntryPoint\",\"urlTemplate\":\"https:\\\/\\\/www.organisator.ch\\\/?s={search_term_string}\"},\"query-input\":{\"@type\":\"PropertyValueSpecification\",\"valueRequired\":true,\"valueName\":\"search_term_string\"}}],\"inLanguage\":\"it-IT\"},{\"@type\":\"Organization\",\"@id\":\"https:\\\/\\\/www.organisator.ch\\\/#organization\",\"name\":\"Organisator\",\"url\":\"https:\\\/\\\/www.organisator.ch\\\/\",\"logo\":{\"@type\":\"ImageObject\",\"inLanguage\":\"it-IT\",\"@id\":\"https:\\\/\\\/www.organisator.ch\\\/#\\\/schema\\\/logo\\\/image\\\/\",\"url\":\"https:\\\/\\\/www.organisator.ch\\\/wp-content\\\/uploads\\\/2022\\\/01\\\/Logo_Organisator_Website.png\",\"contentUrl\":\"https:\\\/\\\/www.organisator.ch\\\/wp-content\\\/uploads\\\/2022\\\/01\\\/Logo_Organisator_Website.png\",\"width\":800,\"height\":77,\"caption\":\"Organisator\"},\"image\":{\"@id\":\"https:\\\/\\\/www.organisator.ch\\\/#\\\/schema\\\/logo\\\/image\\\/\"},\"sameAs\":[\"https:\\\/\\\/www.facebook.com\\\/OrganisatorFachmagazin\",\"https:\\\/\\\/www.linkedin.com\\\/showcase\\\/organisator-das-magazin-fr-kmu\",\"https:\\\/\\\/www.xing.com\\\/news\\\/pages\\\/organisator-ch-695\",\"https:\\\/\\\/www.youtube.com\\\/channel\\\/UCGP2Sq0iWaZwT3BdIAQFYpw\"]},{\"@type\":\"Person\",\"@id\":\"https:\\\/\\\/www.organisator.ch\\\/#\\\/schema\\\/person\\\/4e51799071cd2dd1232ac003643ef5f0\",\"name\":\"galledia\",\"image\":{\"@type\":\"ImageObject\",\"inLanguage\":\"it-IT\",\"@id\":\"https:\\\/\\\/secure.gravatar.com\\\/avatar\\\/78a7f90c01fc2bfc875782a0d4922b37cde2cf184ce347b91316d23cd7f69a36?s=96&d=mm&r=g\",\"url\":\"https:\\\/\\\/secure.gravatar.com\\\/avatar\\\/78a7f90c01fc2bfc875782a0d4922b37cde2cf184ce347b91316d23cd7f69a36?s=96&d=mm&r=g\",\"contentUrl\":\"https:\\\/\\\/secure.gravatar.com\\\/avatar\\\/78a7f90c01fc2bfc875782a0d4922b37cde2cf184ce347b91316d23cd7f69a36?s=96&d=mm&r=g\",\"caption\":\"galledia\"},\"sameAs\":[\"https:\\\/\\\/x.com\\\/admin\"],\"url\":\"https:\\\/\\\/www.organisator.ch\\\/it\\\/author\\\/galledia\\\/\"}]}<\/script>\n<!-- \/ Yoast SEO plugin. -->","yoast_head_json":{"title":"L'agenzia di Berna Republica si riposiziona - organizzatore","description":"Republica introduce una nuova direzione creativa e punta su un fresco dinamismo e una comunicazione innovativa con una duplice missione.","robots":{"index":"index","follow":"follow","max-snippet":"max-snippet:-1","max-image-preview":"max-image-preview:large","max-video-preview":"max-video-preview:-1"},"canonical":"https:\/\/www.organisator.ch\/it\/marketing\/2024-10-24\/berner-agentur-republica-stellt-sich-neu-auf\/","og_locale":"it_IT","og_type":"article","og_title":"Berner Agentur Republica stellt sich neu auf - Organisator","og_description":"Republica stellt neue kreative Leitung vor und setzt mit einer Dual-Mission auf frische Dynamik und innovative Kommunikation.","og_url":"https:\/\/www.organisator.ch\/it\/marketing\/2024-10-24\/berner-agentur-republica-stellt-sich-neu-auf\/","og_site_name":"Organisator","article_publisher":"https:\/\/www.facebook.com\/OrganisatorFachmagazin","article_published_time":"2024-10-24T11:47:37+00:00","article_modified_time":"2024-11-07T10:35:18+00:00","og_image":[{"url":"https:\/\/www.markt-kom.com\/wp-content\/uploads\/2024\/10\/republica-rethinking-kreative-leitung-stefanie-berchtold-florian-birkner.jpg","type":"","width":"","height":""}],"author":"galledia","twitter_card":"summary_large_image","twitter_creator":"@admin","schema":{"@context":"https:\/\/schema.org","@graph":[{"@type":"Article","@id":"https:\/\/www.organisator.ch\/marketing\/2024-10-24\/berner-agentur-republica-stellt-sich-neu-auf\/#article","isPartOf":{"@id":"https:\/\/www.organisator.ch\/marketing\/2024-10-24\/berner-agentur-republica-stellt-sich-neu-auf\/"},"author":{"name":"galledia","@id":"https:\/\/www.organisator.ch\/#\/schema\/person\/4e51799071cd2dd1232ac003643ef5f0"},"headline":"Berner Agentur Republica stellt sich neu auf","datePublished":"2024-10-24T11:47:37+00:00","dateModified":"2024-11-07T10:35:18+00:00","mainEntityOfPage":{"@id":"https:\/\/www.organisator.ch\/marketing\/2024-10-24\/berner-agentur-republica-stellt-sich-neu-auf\/"},"wordCount":433,"publisher":{"@id":"https:\/\/www.organisator.ch\/#organization"},"image":{"@id":"https:\/\/www.organisator.ch\/marketing\/2024-10-24\/berner-agentur-republica-stellt-sich-neu-auf\/#primaryimage"},"thumbnailUrl":"https:\/\/www.markt-kom.com\/wp-content\/uploads\/2024\/10\/republica-rethinking-kreative-leitung-stefanie-berchtold-florian-birkner.jpg","keywords":["Business","Republica"],"articleSection":["MARKETING"],"inLanguage":"it-IT"},{"@type":"WebPage","@id":"https:\/\/www.organisator.ch\/marketing\/2024-10-24\/berner-agentur-republica-stellt-sich-neu-auf\/","url":"https:\/\/www.organisator.ch\/marketing\/2024-10-24\/berner-agentur-republica-stellt-sich-neu-auf\/","name":"L'agenzia di Berna Republica si riposiziona - organizzatore","isPartOf":{"@id":"https:\/\/www.organisator.ch\/#website"},"primaryImageOfPage":{"@id":"https:\/\/www.organisator.ch\/marketing\/2024-10-24\/berner-agentur-republica-stellt-sich-neu-auf\/#primaryimage"},"image":{"@id":"https:\/\/www.organisator.ch\/marketing\/2024-10-24\/berner-agentur-republica-stellt-sich-neu-auf\/#primaryimage"},"thumbnailUrl":"https:\/\/www.markt-kom.com\/wp-content\/uploads\/2024\/10\/republica-rethinking-kreative-leitung-stefanie-berchtold-florian-birkner.jpg","datePublished":"2024-10-24T11:47:37+00:00","dateModified":"2024-11-07T10:35:18+00:00","description":"Republica introduce una nuova direzione creativa e punta su un fresco dinamismo e una comunicazione innovativa con una duplice missione.","breadcrumb":{"@id":"https:\/\/www.organisator.ch\/marketing\/2024-10-24\/berner-agentur-republica-stellt-sich-neu-auf\/#breadcrumb"},"inLanguage":"it-IT","potentialAction":[{"@type":"ReadAction","target":["https:\/\/www.organisator.ch\/marketing\/2024-10-24\/berner-agentur-republica-stellt-sich-neu-auf\/"]}]},{"@type":"ImageObject","inLanguage":"it-IT","@id":"https:\/\/www.organisator.ch\/marketing\/2024-10-24\/berner-agentur-republica-stellt-sich-neu-auf\/#primaryimage","url":"https:\/\/www.markt-kom.com\/wp-content\/uploads\/2024\/10\/republica-rethinking-kreative-leitung-stefanie-berchtold-florian-birkner.jpg","contentUrl":"https:\/\/www.markt-kom.com\/wp-content\/uploads\/2024\/10\/republica-rethinking-kreative-leitung-stefanie-berchtold-florian-birkner.jpg"},{"@type":"BreadcrumbList","@id":"https:\/\/www.organisator.ch\/marketing\/2024-10-24\/berner-agentur-republica-stellt-sich-neu-auf\/#breadcrumb","itemListElement":[{"@type":"ListItem","position":1,"name":"Home","item":"https:\/\/www.organisator.ch\/"},{"@type":"ListItem","position":2,"name":"Berner Agentur Republica stellt sich neu auf"}]},{"@type":"WebSite","@id":"https:\/\/www.organisator.ch\/#website","url":"https:\/\/www.organisator.ch\/","name":"Organizzatore","description":"Competente. Pratico. In 10 numeri all'anno, ORGANISATOR presenta i temi essenziali per i manager delle PMI.","publisher":{"@id":"https:\/\/www.organisator.ch\/#organization"},"potentialAction":[{"@type":"SearchAction","target":{"@type":"EntryPoint","urlTemplate":"https:\/\/www.organisator.ch\/?s={search_term_string}"},"query-input":{"@type":"PropertyValueSpecification","valueRequired":true,"valueName":"search_term_string"}}],"inLanguage":"it-IT"},{"@type":"Organization","@id":"https:\/\/www.organisator.ch\/#organization","name":"Organizzatore","url":"https:\/\/www.organisator.ch\/","logo":{"@type":"ImageObject","inLanguage":"it-IT","@id":"https:\/\/www.organisator.ch\/#\/schema\/logo\/image\/","url":"https:\/\/www.organisator.ch\/wp-content\/uploads\/2022\/01\/Logo_Organisator_Website.png","contentUrl":"https:\/\/www.organisator.ch\/wp-content\/uploads\/2022\/01\/Logo_Organisator_Website.png","width":800,"height":77,"caption":"Organisator"},"image":{"@id":"https:\/\/www.organisator.ch\/#\/schema\/logo\/image\/"},"sameAs":["https:\/\/www.facebook.com\/OrganisatorFachmagazin","https:\/\/www.linkedin.com\/showcase\/organisator-das-magazin-fr-kmu","https:\/\/www.xing.com\/news\/pages\/organisator-ch-695","https:\/\/www.youtube.com\/channel\/UCGP2Sq0iWaZwT3BdIAQFYpw"]},{"@type":"Person","@id":"https:\/\/www.organisator.ch\/#\/schema\/person\/4e51799071cd2dd1232ac003643ef5f0","name":"galledia","image":{"@type":"ImageObject","inLanguage":"it-IT","@id":"https:\/\/secure.gravatar.com\/avatar\/78a7f90c01fc2bfc875782a0d4922b37cde2cf184ce347b91316d23cd7f69a36?s=96&d=mm&r=g","url":"https:\/\/secure.gravatar.com\/avatar\/78a7f90c01fc2bfc875782a0d4922b37cde2cf184ce347b91316d23cd7f69a36?s=96&d=mm&r=g","contentUrl":"https:\/\/secure.gravatar.com\/avatar\/78a7f90c01fc2bfc875782a0d4922b37cde2cf184ce347b91316d23cd7f69a36?s=96&d=mm&r=g","caption":"galledia"},"sameAs":["https:\/\/x.com\/admin"],"url":"https:\/\/www.organisator.ch\/it\/author\/galledia\/"}]}},"_links":{"self":[{"href":"https:\/\/www.organisator.ch\/it\/wp-json\/wp\/v2\/posts\/31212","targetHints":{"allow":["GET"]}}],"collection":[{"href":"https:\/\/www.organisator.ch\/it\/wp-json\/wp\/v2\/posts"}],"about":[{"href":"https:\/\/www.organisator.ch\/it\/wp-json\/wp\/v2\/types\/post"}],"author":[{"embeddable":true,"href":"https:\/\/www.organisator.ch\/it\/wp-json\/wp\/v2\/users\/8"}],"replies":[{"embeddable":true,"href":"https:\/\/www.organisator.ch\/it\/wp-json\/wp\/v2\/comments?post=31212"}],"version-history":[{"count":4,"href":"https:\/\/www.organisator.ch\/it\/wp-json\/wp\/v2\/posts\/31212\/revisions"}],"predecessor-version":[{"id":31723,"href":"https:\/\/www.organisator.ch\/it\/wp-json\/wp\/v2\/posts\/31212\/revisions\/31723"}],"wp:attachment":[{"href":"https:\/\/www.organisator.ch\/it\/wp-json\/wp\/v2\/media?parent=31212"}],"wp:term":[{"taxonomy":"category","embeddable":true,"href":"https:\/\/www.organisator.ch\/it\/wp-json\/wp\/v2\/categories?post=31212"},{"taxonomy":"post_tag","embeddable":true,"href":"https:\/\/www.organisator.ch\/it\/wp-json\/wp\/v2\/tags?post=31212"}],"curies":[{"name":"wp","href":"https:\/\/api.w.org\/{rel}","templated":true}]}}