{"id":31243,"date":"2024-10-28T12:01:09","date_gmt":"2024-10-28T11:01:09","guid":{"rendered":"https:\/\/www.organisator.ch\/?p=31243"},"modified":"2024-10-28T12:01:09","modified_gmt":"2024-10-28T11:01:09","slug":"quo-vadis-nachhaltige-wirtschaft-zukunftsperspektiven-auf-dem-forum-oe-2024","status":"publish","type":"post","link":"https:\/\/www.organisator.ch\/it\/sustainability\/2024-10-28\/quo-vadis-nachhaltige-wirtschaft-zukunftsperspektiven-auf-dem-forum-oe-2024\/","title":{"rendered":"\"Quo vadis economia sostenibile?\". - Prospettive future al forum \u00f6 2024"},"content":{"rendered":"<figure id=\"attachment_31278\" aria-describedby=\"caption-attachment-31278\" style=\"width: 680px\" class=\"wp-caption alignnone\"><img loading=\"lazy\" decoding=\"async\" class=\"size-full wp-image-31278\" src=\"https:\/\/www.organisator.ch\/wp-content\/uploads\/2024\/10\/Quo-vadis-nachhaltige-Wirtschaft-Zukunftsperspektiven-auf-dem-Forum-oe-2024-1_Organisator.jpg\" alt=\"\" width=\"680\" height=\"471\" srcset=\"https:\/\/www.organisator.ch\/wp-content\/uploads\/2024\/10\/Quo-vadis-nachhaltige-Wirtschaft-Zukunftsperspektiven-auf-dem-Forum-oe-2024-1_Organisator.jpg 680w, https:\/\/www.organisator.ch\/wp-content\/uploads\/2024\/10\/Quo-vadis-nachhaltige-Wirtschaft-Zukunftsperspektiven-auf-dem-Forum-oe-2024-1_Organisator-18x12.jpg 18w, https:\/\/www.organisator.ch\/wp-content\/uploads\/2024\/10\/Quo-vadis-nachhaltige-Wirtschaft-Zukunftsperspektiven-auf-dem-Forum-oe-2024-1_Organisator-375x260.jpg 375w, https:\/\/www.organisator.ch\/wp-content\/uploads\/2024\/10\/Quo-vadis-nachhaltige-Wirtschaft-Zukunftsperspektiven-auf-dem-Forum-oe-2024-1_Organisator-505x350.jpg 505w\" sizes=\"auto, (max-width: 680px) 100vw, 680px\" \/><figcaption id=\"caption-attachment-31278\" class=\"wp-caption-text\">Olmar Albers, direttore generale di \u00f6bu, a colloquio con Stefanie Egger e Justus Kunz al Forum \u00f6 2024 (Immagine: Thomas Berner).<\/figcaption><\/figure>\n<p>Marina Hasler, Managing Partner di Impact Hub, e Olmar Albers, Managing Director di \u00f6bu, hanno dato il via al \u00f6 Forum di quest'anno con una sessione interattiva di domande e risposte. I partecipanti sono stati incoraggiati ad alzarsi in piedi per le risposte \"s\u00ec\", per avere un'idea della loro familiarit\u00e0 con l'argomento. Questo warm-up aveva lo scopo di far entrare il pubblico nell'atmosfera del motto di quest'anno \"Quo vadis sustainable economy?\". Con questo motto, i temi che spesso sono alla periferia del business sostenibile sono stati messi al centro dell'attenzione e hanno evidenziato le opportunit\u00e0 che la sostenibilit\u00e0 offre all'ambiente, alle aziende e ai dipendenti.<\/p>\n<p>L'evento, che riunisce ogni anno circa 200 personalit\u00e0 del mondo dell'economia, della scienza, dell'innovazione e della societ\u00e0, funge da piattaforma di dialogo sui modelli aziendali orientati al futuro che dimostrano il potenziale di un approccio sostenibile. Grazie a varie sessioni e discorsi chiave su temi quali \"Rafforzare le aziende attraverso una strategia della biodiversit\u00e0\" e \"Il ruolo del design climatico nelle aziende\", il forum ha fatto luce su nuove prospettive e soluzioni per il business sostenibile.<\/p>\n<h3>Il ruolo dei dati ESG nei processi aziendali e nella cultura d'impresa<\/h3>\n<p>Nel keynote di apertura \"Data-driven insights into the opportunities of the sustainable economy\", Stefanie Egger, membro del Consiglio Direttivo di Crif AG, e il Prof. Dr Justus Julius Kunz dell'Universit\u00e0 di Scienze Applicate della Svizzera Nord-occidentale hanno fatto luce sul futuro dell'economia sostenibile in Svizzera. Le domande centrali erano: dove sta andando l'economia svizzera? A che punto siamo oggi? Come possiamo far uscire la sostenibilit\u00e0 dall'ambito del mero adempimento del dovere?\u00a0<\/p>\n<p>Stefanie Egger ha sottolineato il ruolo centrale dei dati ESG nella governance aziendale sostenibile. Crif AG valuta le societ\u00e0 sul mercato svizzero utilizzando dati secondari e primari; la piattaforma Synesgy fornisce in particolare i dati ESG primari dei clienti. I dati secondari si basano su informazioni disponibili pubblicamente e su medie di settore, mentre i dati primari vengono raccolti direttamente dalle controparti o dai fornitori. Ha aggiunto che la semplice raccolta di dati ESG non \u00e8 sufficiente. Le aziende devono integrarli in modo specifico nei loro processi aziendali per poter beneficiare di strategie sostenibili. Le certificazioni regolari promuovono anche miglioramenti a lungo termine, poich\u00e9 le aziende si occupano intensamente di questioni di sostenibilit\u00e0. Le aziende con buoni valori ESG, come le minori emissioni di CO\u2082, spesso beneficiano anche di migliori condizioni finanziarie, come tassi di interesse pi\u00f9 favorevoli sui prestiti.<\/p>\n<p>Dopo la presentazione di Stefanie Egger, Justus Julius Kunz si \u00e8 concentrato sul ruolo della cultura aziendale nell'attuazione della sostenibilit\u00e0. Ha sottolineato che la sostenibilit\u00e0 ESG non deve solo essere integrata nei processi aziendali, ma deve anche essere radicata nella cultura aziendale per garantire vantaggi competitivi a lungo termine. La gestione attiva della CO\u2082 \u00e8 fondamentale per il successo economico ESG. I benchmark aiutano a misurare i progressi e a riconoscere le opportunit\u00e0 di miglioramento. Tuttavia, una trasformazione completa a tutti i livelli aziendali con il coinvolgimento attivo dei dipendenti \u00e8 fondamentale per una posizione di mercato sostenibile. Le aziende che perseguono questo approccio non solo beneficiano di una forza innovativa, ma anche di una posizione pi\u00f9 forte sul mercato del lavoro, dato che soprattutto le giovani generazioni attribuiscono importanza alla sostenibilit\u00e0 autentica.<\/p>\n<figure id=\"attachment_31279\" aria-describedby=\"caption-attachment-31279\" style=\"width: 680px\" class=\"wp-caption alignnone\"><img loading=\"lazy\" decoding=\"async\" class=\"size-full wp-image-31279\" src=\"https:\/\/www.organisator.ch\/wp-content\/uploads\/2024\/10\/Quo-vadis-nachhaltige-Wirtschaft-Zukunftsperspektiven-auf-dem-Forum-oe-2024-2_Organisator.jpg\" alt=\"\" width=\"680\" height=\"434\" srcset=\"https:\/\/www.organisator.ch\/wp-content\/uploads\/2024\/10\/Quo-vadis-nachhaltige-Wirtschaft-Zukunftsperspektiven-auf-dem-Forum-oe-2024-2_Organisator.jpg 680w, https:\/\/www.organisator.ch\/wp-content\/uploads\/2024\/10\/Quo-vadis-nachhaltige-Wirtschaft-Zukunftsperspektiven-auf-dem-Forum-oe-2024-2_Organisator-18x12.jpg 18w, https:\/\/www.organisator.ch\/wp-content\/uploads\/2024\/10\/Quo-vadis-nachhaltige-Wirtschaft-Zukunftsperspektiven-auf-dem-Forum-oe-2024-2_Organisator-375x239.jpg 375w, https:\/\/www.organisator.ch\/wp-content\/uploads\/2024\/10\/Quo-vadis-nachhaltige-Wirtschaft-Zukunftsperspektiven-auf-dem-Forum-oe-2024-2_Organisator-548x350.jpg 548w\" sizes=\"auto, (max-width: 680px) 100vw, 680px\" \/><figcaption id=\"caption-attachment-31279\" class=\"wp-caption-text\">Dialogo finale del forum \u00f6 2024: Stefan Gara, Stephan Lienin e Matthew Gardner di Sustainserv (da sinistra a destra). (Immagine: Thomas Berner)<\/figcaption><\/figure>\n<h3><strong>Creazione di valore sostenibile - una prospettiva globale<\/strong><\/h3>\n<p>Nel keynote di chiusura del forum \u00f6 2024, il Dr. Stefan Gara, Senior Advisor di Sustainserv e membro del Parlamento dello Stato di Vienna, e il Dr. Matthew Gardner, Co-Fondatore e Managing Partner di Sustainserv, hanno discusso i vari approcci e gli attuali sviluppi negli Stati Uniti e nell'Unione Europea sotto la moderazione del Dr. Stephan Lienin, anch'egli Co-Fondatore e Managing Partner di Sustainserv. Gardner ha criticato la crescente politicizzazione dei concetti di sostenibilit\u00e0 negli Stati Uniti, dove l'ESG viene spesso definito \"woke\", un atteggiamento che a suo avviso ostacola la gestione del rischio e le strategie competitive. Gardner ha spiegato che l'ESG \u00e8 una necessit\u00e0 strategica per le aziende per ridurre al minimo i rischi e massimizzare le opportunit\u00e0, indipendentemente dai termini politici.<\/p>\n<p>Gara ha sottolineato l'importanza della sicurezza della pianificazione attraverso regolamenti europei come il Green Deal, che incoraggiano anche le aziende svizzere ad adeguarsi agli standard di sostenibilit\u00e0.  Dalla discussione \u00e8 emerso chiaramente che per una creazione di valore sostenibile di successo \u00e8 necessaria una stretta collaborazione tra aziende e amministrazioni locali, come nel caso delle \"alleanze per il clima\" della citt\u00e0 di Vienna. Queste promuovono partnership che contribuiscono alla decarbonizzazione e a una maggiore efficienza. Entrambi gli esperti hanno sottolineato che tali collaborazioni e una chiara focalizzazione sono essenziali per garantire la creazione di valore sostenibile a lungo termine e mantenere le aziende competitive.<\/p>\n<p><em>Ulteriori informazioni: <a href=\"http:\/\/www.oebu.ch\">www.oebu.ch<\/a><\/em><\/p>\n<p>&nbsp;<\/p>\n<blockquote>\n<h2>Dai rischi climatici all'economia circolare<\/h2>\n<p><strong>Le sessioni di breakout svolgono un ruolo importante al Forum \u00f6. Anche questa volta si sono tenuti cinque workshop di questo tipo, in cui sono stati discussi vari argomenti in piccoli gruppi.<\/strong><\/p>\n<p>Le sessioni di approfondimento del forum \u00f6 2024 si sono concentrate su quattro temi: biodiversit\u00e0, comunicazione verde, gestione dei dati e rischi climatici. Quest'ultimo \u00e8 stato oggetto di due workshop. I rischi climatici dovranno probabilmente essere presi sempre pi\u00f9 in considerazione da tutte le aziende in futuro, poich\u00e9 possono avere diversi effetti, se non direttamente sull'azienda stessa, molto probabilmente sulle catene di approvvigionamento. Infatti, quando i grandi eventi meteorologici colpiscono intere regioni, la produzione si blocca per un periodo di tempo pi\u00f9 lungo. Dal 2015 al 2023, la Task Force on Climate-related Financial Disclosures (TFCD) si \u00e8 occupata di tali questioni e ha fornito informazioni su ci\u00f2 che le aziende dovrebbero fare per ridurre al minimo i rischi del cambiamento climatico. Esse dovrebbero inoltre rendere trasparente questo aspetto nelle informazioni finanziarie relative al clima. Sulla base del lavoro di questa task force, \u00e8 stato sviluppato il concetto di \"Climate Design\", illustrato da Stephan Lienin, Stefan Gara e Matthew Garnder di Sustainserv GmbH. Il Climate Design \u00e8 un approccio innovativo per le aziende che si concentra sulla minimizzazione dell'impatto sul clima e sull'ottimizzazione delle prestazioni aziendali. Gestendo strategicamente l'uso intelligente di tutte le risorse - come energia, materiali, persone e partnership - lungo la catena del valore, il concetto di Climate Design affronta le sfide ambientali e sociali, aumenta la resilienza e fornisce un vantaggio competitivo allineando gli obiettivi economici alla responsabilit\u00e0 climatica.<\/p>\n<p>GS1 Switzerland ha ospitato una sessione di breakout sul tema dell'economia circolare e su come la gestione dei dati possa diventarne un motore. L'organizzazione, che ha sviluppato il noto codice a barre (noto anche come codice EAN) e lo ha reso uno standard globale, promuove anche un passaporto digitale dei prodotti (DPP) per l'economia circolare. Questo consente di rintracciare o integrare importanti dati di prodotto durante l'intero ciclo di vita, nonch\u00e9 di riutilizzare un prodotto. \"Solo i dati leggibili meccanicamente rendono possibile un'economia circolare funzionante\", afferma Dominik Halbeisen, Solutions Expert di GS1 Switzerland. Un ID prodotto unico consente la tracciabilit\u00e0 delle merci lungo l'intera catena del valore e comprende anche l'intera storia di un prodotto. L'UE sta facendo progressi in questo senso: i DPP per i prodotti tessili, l'acciaio e le batterie devono essere implementati entro la met\u00e0 del 2027. Altri settori dovrebbero - o devono - seguire, perch\u00e9 in linea di principio ogni prodotto \u00e8 in grado di essere DPP. In questo contesto, gli esperti GS1 hanno mostrato ai partecipanti come creare da soli un semplice DPP.<\/p>\n<\/blockquote>","protected":false},"excerpt":{"rendered":"<p>Per la 35esima volta, il 23 ottobre l'associazione \u00f6bu ha riunito a Zurigo esperti del mondo economico, scientifico e sociale per discutere le sfide della gestione sostenibile. <\/p>","protected":false},"author":80,"featured_media":31278,"comment_status":"closed","ping_status":"closed","sticky":false,"template":"","format":"standard","meta":{"_acf_changed":false,"_yoast_wpseo_focuskw":"Forum \u00f6 2024","_yoast_wpseo_metadesc":"Am 23. Oktober fand in Z\u00fcrich das Forum \u00f6 2024 statt. Fachleute diskutierten \u00fcber die Herausforderungen nachhaltigen Wirtschaftens.","articlekey":"","footnotes":""},"categories":[580],"tags":[829,1125,1227,358,1787,2576],"class_list":["post-31243","post","type-post","status-publish","format-standard","has-post-thumbnail","hentry","category-sustainability","tag-biodiversitaet","tag-esg","tag-forum-oe","tag-nachhaltige-wirtschaft","tag-nachhaltigkeit","tag-wirtschaft"],"acf":[],"yoast_head":"<!-- This site is optimized with the Yoast SEO plugin v27.4 - https:\/\/yoast.com\/product\/yoast-seo-wordpress\/ -->\n<title>\u201eQuo vadis nachhaltige Wirtschaft?\u201c \u2013 Zukunftsperspektiven auf dem Forum \u00f6 2024 - Organisator<\/title>\n<meta name=\"description\" content=\"Am 23. Oktober fand in Z\u00fcrich das Forum \u00f6 2024 statt. Fachleute diskutierten \u00fcber die Herausforderungen nachhaltigen Wirtschaftens.\" \/>\n<meta name=\"robots\" content=\"index, follow, max-snippet:-1, max-image-preview:large, max-video-preview:-1\" \/>\n<link rel=\"canonical\" href=\"https:\/\/www.organisator.ch\/it\/sostenibilita\/2024-10-28\/quo-vadis-nachhaltige-wirtschaft-zukunftsperspektiven-auf-dem-forum-oe-2024\/\" \/>\n<meta property=\"og:locale\" content=\"it_IT\" \/>\n<meta property=\"og:type\" content=\"article\" \/>\n<meta property=\"og:title\" content=\"\u201eQuo vadis nachhaltige Wirtschaft?\u201c \u2013 Zukunftsperspektiven auf dem Forum \u00d6 2024\" \/>\n<meta property=\"og:description\" content=\"Am 23. Oktober fand in Z\u00fcrich das Forum \u00f6 2024 statt. Fachleute diskutierten \u00fcber die Herausforderungen nachhaltigen Wirtschaftens.\" \/>\n<meta property=\"og:url\" content=\"https:\/\/www.organisator.ch\/it\/sostenibilita\/2024-10-28\/quo-vadis-nachhaltige-wirtschaft-zukunftsperspektiven-auf-dem-forum-oe-2024\/\" \/>\n<meta property=\"og:site_name\" content=\"Organisator\" \/>\n<meta property=\"article:publisher\" content=\"https:\/\/www.facebook.com\/OrganisatorFachmagazin\" \/>\n<meta property=\"article:published_time\" content=\"2024-10-28T11:01:09+00:00\" \/>\n<meta property=\"og:image\" content=\"https:\/\/www.organisator.ch\/wp-content\/uploads\/2024\/10\/Quo-vadis-nachhaltige-Wirtschaft-Zukunftsperspektiven-auf-dem-Forum-oe-2024-1_Organisator.jpg\" \/>\n\t<meta property=\"og:image:width\" content=\"680\" \/>\n\t<meta property=\"og:image:height\" content=\"471\" \/>\n\t<meta property=\"og:image:type\" content=\"image\/jpeg\" \/>\n<meta name=\"author\" content=\"Dzana Muminovic\" \/>\n<meta name=\"twitter:card\" content=\"summary_large_image\" \/>\n<meta name=\"twitter:title\" content=\"\u201eQuo vadis nachhaltige Wirtschaft?\u201c \u2013 Zukunftsperspektiven auf dem Forum \u00d6 2024\" \/>\n<meta name=\"twitter:description\" content=\"Am 23. Oktober fand in Z\u00fcrich das Forum \u00f6 2024 statt. Fachleute diskutierten \u00fcber die Herausforderungen nachhaltigen Wirtschaftens. #Nachhaltigkeit #\u00f6bu #ESG\" \/>\n<meta name=\"twitter:image\" content=\"https:\/\/www.organisator.ch\/wp-content\/uploads\/2024\/10\/Quo-vadis-nachhaltige-Wirtschaft-Zukunftsperspektiven-auf-dem-Forum-oe-2024-1_Organisator.jpg\" \/>\n<script type=\"application\/ld+json\" class=\"yoast-schema-graph\">{\"@context\":\"https:\\\/\\\/schema.org\",\"@graph\":[{\"@type\":\"Article\",\"@id\":\"https:\\\/\\\/www.organisator.ch\\\/sustainability\\\/2024-10-28\\\/quo-vadis-nachhaltige-wirtschaft-zukunftsperspektiven-auf-dem-forum-oe-2024\\\/#article\",\"isPartOf\":{\"@id\":\"https:\\\/\\\/www.organisator.ch\\\/sustainability\\\/2024-10-28\\\/quo-vadis-nachhaltige-wirtschaft-zukunftsperspektiven-auf-dem-forum-oe-2024\\\/\"},\"author\":{\"name\":\"Dzana Muminovic\",\"@id\":\"https:\\\/\\\/www.organisator.ch\\\/#\\\/schema\\\/person\\\/afccda3a71c06d4be2ed9100dd163db7\"},\"headline\":\"\u201eQuo vadis nachhaltige Wirtschaft?\u201c \u2013 Zukunftsperspektiven auf dem Forum \u00f6 2024\",\"datePublished\":\"2024-10-28T11:01:09+00:00\",\"mainEntityOfPage\":{\"@id\":\"https:\\\/\\\/www.organisator.ch\\\/sustainability\\\/2024-10-28\\\/quo-vadis-nachhaltige-wirtschaft-zukunftsperspektiven-auf-dem-forum-oe-2024\\\/\"},\"wordCount\":1191,\"publisher\":{\"@id\":\"https:\\\/\\\/www.organisator.ch\\\/#organization\"},\"image\":{\"@id\":\"https:\\\/\\\/www.organisator.ch\\\/sustainability\\\/2024-10-28\\\/quo-vadis-nachhaltige-wirtschaft-zukunftsperspektiven-auf-dem-forum-oe-2024\\\/#primaryimage\"},\"thumbnailUrl\":\"https:\\\/\\\/www.organisator.ch\\\/wp-content\\\/uploads\\\/2024\\\/10\\\/Quo-vadis-nachhaltige-Wirtschaft-Zukunftsperspektiven-auf-dem-Forum-oe-2024-1_Organisator.jpg\",\"keywords\":[\"Biodiversit\u00e4t\",\"ESG\",\"Forum \u00f6\",\"Nachhaltige Wirtschaft\",\"Nachhaltigkeit\",\"Wirtschaft\"],\"articleSection\":[\"SUSTAINABILITY\"],\"inLanguage\":\"it-IT\"},{\"@type\":\"WebPage\",\"@id\":\"https:\\\/\\\/www.organisator.ch\\\/sustainability\\\/2024-10-28\\\/quo-vadis-nachhaltige-wirtschaft-zukunftsperspektiven-auf-dem-forum-oe-2024\\\/\",\"url\":\"https:\\\/\\\/www.organisator.ch\\\/sustainability\\\/2024-10-28\\\/quo-vadis-nachhaltige-wirtschaft-zukunftsperspektiven-auf-dem-forum-oe-2024\\\/\",\"name\":\"\u201eQuo vadis nachhaltige Wirtschaft?\u201c \u2013 Zukunftsperspektiven auf dem Forum \u00f6 2024 - Organisator\",\"isPartOf\":{\"@id\":\"https:\\\/\\\/www.organisator.ch\\\/#website\"},\"primaryImageOfPage\":{\"@id\":\"https:\\\/\\\/www.organisator.ch\\\/sustainability\\\/2024-10-28\\\/quo-vadis-nachhaltige-wirtschaft-zukunftsperspektiven-auf-dem-forum-oe-2024\\\/#primaryimage\"},\"image\":{\"@id\":\"https:\\\/\\\/www.organisator.ch\\\/sustainability\\\/2024-10-28\\\/quo-vadis-nachhaltige-wirtschaft-zukunftsperspektiven-auf-dem-forum-oe-2024\\\/#primaryimage\"},\"thumbnailUrl\":\"https:\\\/\\\/www.organisator.ch\\\/wp-content\\\/uploads\\\/2024\\\/10\\\/Quo-vadis-nachhaltige-Wirtschaft-Zukunftsperspektiven-auf-dem-Forum-oe-2024-1_Organisator.jpg\",\"datePublished\":\"2024-10-28T11:01:09+00:00\",\"description\":\"Am 23. Oktober fand in Z\u00fcrich das Forum \u00f6 2024 statt. Fachleute diskutierten \u00fcber die Herausforderungen nachhaltigen Wirtschaftens.\",\"breadcrumb\":{\"@id\":\"https:\\\/\\\/www.organisator.ch\\\/sustainability\\\/2024-10-28\\\/quo-vadis-nachhaltige-wirtschaft-zukunftsperspektiven-auf-dem-forum-oe-2024\\\/#breadcrumb\"},\"inLanguage\":\"it-IT\",\"potentialAction\":[{\"@type\":\"ReadAction\",\"target\":[\"https:\\\/\\\/www.organisator.ch\\\/sustainability\\\/2024-10-28\\\/quo-vadis-nachhaltige-wirtschaft-zukunftsperspektiven-auf-dem-forum-oe-2024\\\/\"]}]},{\"@type\":\"ImageObject\",\"inLanguage\":\"it-IT\",\"@id\":\"https:\\\/\\\/www.organisator.ch\\\/sustainability\\\/2024-10-28\\\/quo-vadis-nachhaltige-wirtschaft-zukunftsperspektiven-auf-dem-forum-oe-2024\\\/#primaryimage\",\"url\":\"https:\\\/\\\/www.organisator.ch\\\/wp-content\\\/uploads\\\/2024\\\/10\\\/Quo-vadis-nachhaltige-Wirtschaft-Zukunftsperspektiven-auf-dem-Forum-oe-2024-1_Organisator.jpg\",\"contentUrl\":\"https:\\\/\\\/www.organisator.ch\\\/wp-content\\\/uploads\\\/2024\\\/10\\\/Quo-vadis-nachhaltige-Wirtschaft-Zukunftsperspektiven-auf-dem-Forum-oe-2024-1_Organisator.jpg\",\"width\":680,\"height\":471,\"caption\":\"Olmar Albers, \u00f6bu-Gesch\u00e4ftsf\u00fchrer, im Gespr\u00e4ch mit Stefanie Egger und Justus Kunz. (Bild: Thomas Berner)\"},{\"@type\":\"BreadcrumbList\",\"@id\":\"https:\\\/\\\/www.organisator.ch\\\/sustainability\\\/2024-10-28\\\/quo-vadis-nachhaltige-wirtschaft-zukunftsperspektiven-auf-dem-forum-oe-2024\\\/#breadcrumb\",\"itemListElement\":[{\"@type\":\"ListItem\",\"position\":1,\"name\":\"Home\",\"item\":\"https:\\\/\\\/www.organisator.ch\\\/\"},{\"@type\":\"ListItem\",\"position\":2,\"name\":\"\u201eQuo vadis nachhaltige Wirtschaft?\u201c \u2013 Zukunftsperspektiven auf dem Forum \u00f6 2024\"}]},{\"@type\":\"WebSite\",\"@id\":\"https:\\\/\\\/www.organisator.ch\\\/#website\",\"url\":\"https:\\\/\\\/www.organisator.ch\\\/\",\"name\":\"Organisator\",\"description\":\"Kompetent. Praxisnah. Der ORGANISATOR bereitet in 10 Ausgaben pro Jahr die wesentlichen Themen f\u00fcr F\u00fchrungskr\u00e4fte von KMU auf.\",\"publisher\":{\"@id\":\"https:\\\/\\\/www.organisator.ch\\\/#organization\"},\"potentialAction\":[{\"@type\":\"SearchAction\",\"target\":{\"@type\":\"EntryPoint\",\"urlTemplate\":\"https:\\\/\\\/www.organisator.ch\\\/?s={search_term_string}\"},\"query-input\":{\"@type\":\"PropertyValueSpecification\",\"valueRequired\":true,\"valueName\":\"search_term_string\"}}],\"inLanguage\":\"it-IT\"},{\"@type\":\"Organization\",\"@id\":\"https:\\\/\\\/www.organisator.ch\\\/#organization\",\"name\":\"Organisator\",\"url\":\"https:\\\/\\\/www.organisator.ch\\\/\",\"logo\":{\"@type\":\"ImageObject\",\"inLanguage\":\"it-IT\",\"@id\":\"https:\\\/\\\/www.organisator.ch\\\/#\\\/schema\\\/logo\\\/image\\\/\",\"url\":\"https:\\\/\\\/www.organisator.ch\\\/wp-content\\\/uploads\\\/2022\\\/01\\\/Logo_Organisator_Website.png\",\"contentUrl\":\"https:\\\/\\\/www.organisator.ch\\\/wp-content\\\/uploads\\\/2022\\\/01\\\/Logo_Organisator_Website.png\",\"width\":800,\"height\":77,\"caption\":\"Organisator\"},\"image\":{\"@id\":\"https:\\\/\\\/www.organisator.ch\\\/#\\\/schema\\\/logo\\\/image\\\/\"},\"sameAs\":[\"https:\\\/\\\/www.facebook.com\\\/OrganisatorFachmagazin\",\"https:\\\/\\\/www.linkedin.com\\\/showcase\\\/organisator-das-magazin-fr-kmu\",\"https:\\\/\\\/www.xing.com\\\/news\\\/pages\\\/organisator-ch-695\",\"https:\\\/\\\/www.youtube.com\\\/channel\\\/UCGP2Sq0iWaZwT3BdIAQFYpw\"]},{\"@type\":\"Person\",\"@id\":\"https:\\\/\\\/www.organisator.ch\\\/#\\\/schema\\\/person\\\/afccda3a71c06d4be2ed9100dd163db7\",\"name\":\"Dzana Muminovic\",\"image\":{\"@type\":\"ImageObject\",\"inLanguage\":\"it-IT\",\"@id\":\"https:\\\/\\\/secure.gravatar.com\\\/avatar\\\/909c5c71aff4b38e88686f2ab2f1ba152571f394f41ed8bae431ea56ced93050?s=96&d=mm&r=g\",\"url\":\"https:\\\/\\\/secure.gravatar.com\\\/avatar\\\/909c5c71aff4b38e88686f2ab2f1ba152571f394f41ed8bae431ea56ced93050?s=96&d=mm&r=g\",\"contentUrl\":\"https:\\\/\\\/secure.gravatar.com\\\/avatar\\\/909c5c71aff4b38e88686f2ab2f1ba152571f394f41ed8bae431ea56ced93050?s=96&d=mm&r=g\",\"caption\":\"Dzana Muminovic\"},\"url\":\"https:\\\/\\\/www.organisator.ch\\\/it\\\/author\\\/dzana-muminovic\\\/\"}]}<\/script>\n<!-- \/ Yoast SEO plugin. -->","yoast_head_json":{"title":"\"Quo vadis economia sostenibile?\". - Prospettive future al forum \u00f6 2024 - Organizzatore","description":"Il 23 ottobre si \u00e8 svolto a Zurigo il forum \u00f6 2024. Gli esperti hanno discusso le sfide della gestione sostenibile.","robots":{"index":"index","follow":"follow","max-snippet":"max-snippet:-1","max-image-preview":"max-image-preview:large","max-video-preview":"max-video-preview:-1"},"canonical":"https:\/\/www.organisator.ch\/it\/sostenibilita\/2024-10-28\/quo-vadis-nachhaltige-wirtschaft-zukunftsperspektiven-auf-dem-forum-oe-2024\/","og_locale":"it_IT","og_type":"article","og_title":"\u201eQuo vadis nachhaltige Wirtschaft?\u201c \u2013 Zukunftsperspektiven auf dem Forum \u00d6 2024","og_description":"Am 23. Oktober fand in Z\u00fcrich das Forum \u00f6 2024 statt. Fachleute diskutierten \u00fcber die Herausforderungen nachhaltigen Wirtschaftens.","og_url":"https:\/\/www.organisator.ch\/it\/sostenibilita\/2024-10-28\/quo-vadis-nachhaltige-wirtschaft-zukunftsperspektiven-auf-dem-forum-oe-2024\/","og_site_name":"Organisator","article_publisher":"https:\/\/www.facebook.com\/OrganisatorFachmagazin","article_published_time":"2024-10-28T11:01:09+00:00","og_image":[{"width":680,"height":471,"url":"https:\/\/www.organisator.ch\/wp-content\/uploads\/2024\/10\/Quo-vadis-nachhaltige-Wirtschaft-Zukunftsperspektiven-auf-dem-Forum-oe-2024-1_Organisator.jpg","type":"image\/jpeg"}],"author":"Dzana Muminovic","twitter_card":"summary_large_image","twitter_title":"\u201eQuo vadis nachhaltige Wirtschaft?\u201c \u2013 Zukunftsperspektiven auf dem Forum \u00d6 2024","twitter_description":"Am 23. Oktober fand in Z\u00fcrich das Forum \u00f6 2024 statt. Fachleute diskutierten \u00fcber die Herausforderungen nachhaltigen Wirtschaftens. #Nachhaltigkeit #\u00f6bu #ESG","twitter_image":"https:\/\/www.organisator.ch\/wp-content\/uploads\/2024\/10\/Quo-vadis-nachhaltige-Wirtschaft-Zukunftsperspektiven-auf-dem-Forum-oe-2024-1_Organisator.jpg","schema":{"@context":"https:\/\/schema.org","@graph":[{"@type":"Article","@id":"https:\/\/www.organisator.ch\/sustainability\/2024-10-28\/quo-vadis-nachhaltige-wirtschaft-zukunftsperspektiven-auf-dem-forum-oe-2024\/#article","isPartOf":{"@id":"https:\/\/www.organisator.ch\/sustainability\/2024-10-28\/quo-vadis-nachhaltige-wirtschaft-zukunftsperspektiven-auf-dem-forum-oe-2024\/"},"author":{"name":"Dzana Muminovic","@id":"https:\/\/www.organisator.ch\/#\/schema\/person\/afccda3a71c06d4be2ed9100dd163db7"},"headline":"\u201eQuo vadis nachhaltige Wirtschaft?\u201c \u2013 Zukunftsperspektiven auf dem Forum \u00f6 2024","datePublished":"2024-10-28T11:01:09+00:00","mainEntityOfPage":{"@id":"https:\/\/www.organisator.ch\/sustainability\/2024-10-28\/quo-vadis-nachhaltige-wirtschaft-zukunftsperspektiven-auf-dem-forum-oe-2024\/"},"wordCount":1191,"publisher":{"@id":"https:\/\/www.organisator.ch\/#organization"},"image":{"@id":"https:\/\/www.organisator.ch\/sustainability\/2024-10-28\/quo-vadis-nachhaltige-wirtschaft-zukunftsperspektiven-auf-dem-forum-oe-2024\/#primaryimage"},"thumbnailUrl":"https:\/\/www.organisator.ch\/wp-content\/uploads\/2024\/10\/Quo-vadis-nachhaltige-Wirtschaft-Zukunftsperspektiven-auf-dem-Forum-oe-2024-1_Organisator.jpg","keywords":["Biodiversit\u00e4t","ESG","Forum \u00f6","Nachhaltige Wirtschaft","Nachhaltigkeit","Wirtschaft"],"articleSection":["SUSTAINABILITY"],"inLanguage":"it-IT"},{"@type":"WebPage","@id":"https:\/\/www.organisator.ch\/sustainability\/2024-10-28\/quo-vadis-nachhaltige-wirtschaft-zukunftsperspektiven-auf-dem-forum-oe-2024\/","url":"https:\/\/www.organisator.ch\/sustainability\/2024-10-28\/quo-vadis-nachhaltige-wirtschaft-zukunftsperspektiven-auf-dem-forum-oe-2024\/","name":"\"Quo vadis economia sostenibile?\". - Prospettive future al forum \u00f6 2024 - Organizzatore","isPartOf":{"@id":"https:\/\/www.organisator.ch\/#website"},"primaryImageOfPage":{"@id":"https:\/\/www.organisator.ch\/sustainability\/2024-10-28\/quo-vadis-nachhaltige-wirtschaft-zukunftsperspektiven-auf-dem-forum-oe-2024\/#primaryimage"},"image":{"@id":"https:\/\/www.organisator.ch\/sustainability\/2024-10-28\/quo-vadis-nachhaltige-wirtschaft-zukunftsperspektiven-auf-dem-forum-oe-2024\/#primaryimage"},"thumbnailUrl":"https:\/\/www.organisator.ch\/wp-content\/uploads\/2024\/10\/Quo-vadis-nachhaltige-Wirtschaft-Zukunftsperspektiven-auf-dem-Forum-oe-2024-1_Organisator.jpg","datePublished":"2024-10-28T11:01:09+00:00","description":"Il 23 ottobre si \u00e8 svolto a Zurigo il forum \u00f6 2024. Gli esperti hanno discusso le sfide della gestione sostenibile.","breadcrumb":{"@id":"https:\/\/www.organisator.ch\/sustainability\/2024-10-28\/quo-vadis-nachhaltige-wirtschaft-zukunftsperspektiven-auf-dem-forum-oe-2024\/#breadcrumb"},"inLanguage":"it-IT","potentialAction":[{"@type":"ReadAction","target":["https:\/\/www.organisator.ch\/sustainability\/2024-10-28\/quo-vadis-nachhaltige-wirtschaft-zukunftsperspektiven-auf-dem-forum-oe-2024\/"]}]},{"@type":"ImageObject","inLanguage":"it-IT","@id":"https:\/\/www.organisator.ch\/sustainability\/2024-10-28\/quo-vadis-nachhaltige-wirtschaft-zukunftsperspektiven-auf-dem-forum-oe-2024\/#primaryimage","url":"https:\/\/www.organisator.ch\/wp-content\/uploads\/2024\/10\/Quo-vadis-nachhaltige-Wirtschaft-Zukunftsperspektiven-auf-dem-Forum-oe-2024-1_Organisator.jpg","contentUrl":"https:\/\/www.organisator.ch\/wp-content\/uploads\/2024\/10\/Quo-vadis-nachhaltige-Wirtschaft-Zukunftsperspektiven-auf-dem-Forum-oe-2024-1_Organisator.jpg","width":680,"height":471,"caption":"Olmar Albers, \u00f6bu-Gesch\u00e4ftsf\u00fchrer, im Gespr\u00e4ch mit Stefanie Egger und Justus Kunz. (Bild: Thomas Berner)"},{"@type":"BreadcrumbList","@id":"https:\/\/www.organisator.ch\/sustainability\/2024-10-28\/quo-vadis-nachhaltige-wirtschaft-zukunftsperspektiven-auf-dem-forum-oe-2024\/#breadcrumb","itemListElement":[{"@type":"ListItem","position":1,"name":"Home","item":"https:\/\/www.organisator.ch\/"},{"@type":"ListItem","position":2,"name":"\u201eQuo vadis nachhaltige Wirtschaft?\u201c \u2013 Zukunftsperspektiven auf dem Forum \u00f6 2024"}]},{"@type":"WebSite","@id":"https:\/\/www.organisator.ch\/#website","url":"https:\/\/www.organisator.ch\/","name":"Organizzatore","description":"Competente. Pratico. In 10 numeri all'anno, ORGANISATOR presenta i temi essenziali per i manager delle PMI.","publisher":{"@id":"https:\/\/www.organisator.ch\/#organization"},"potentialAction":[{"@type":"SearchAction","target":{"@type":"EntryPoint","urlTemplate":"https:\/\/www.organisator.ch\/?s={search_term_string}"},"query-input":{"@type":"PropertyValueSpecification","valueRequired":true,"valueName":"search_term_string"}}],"inLanguage":"it-IT"},{"@type":"Organization","@id":"https:\/\/www.organisator.ch\/#organization","name":"Organizzatore","url":"https:\/\/www.organisator.ch\/","logo":{"@type":"ImageObject","inLanguage":"it-IT","@id":"https:\/\/www.organisator.ch\/#\/schema\/logo\/image\/","url":"https:\/\/www.organisator.ch\/wp-content\/uploads\/2022\/01\/Logo_Organisator_Website.png","contentUrl":"https:\/\/www.organisator.ch\/wp-content\/uploads\/2022\/01\/Logo_Organisator_Website.png","width":800,"height":77,"caption":"Organisator"},"image":{"@id":"https:\/\/www.organisator.ch\/#\/schema\/logo\/image\/"},"sameAs":["https:\/\/www.facebook.com\/OrganisatorFachmagazin","https:\/\/www.linkedin.com\/showcase\/organisator-das-magazin-fr-kmu","https:\/\/www.xing.com\/news\/pages\/organisator-ch-695","https:\/\/www.youtube.com\/channel\/UCGP2Sq0iWaZwT3BdIAQFYpw"]},{"@type":"Person","@id":"https:\/\/www.organisator.ch\/#\/schema\/person\/afccda3a71c06d4be2ed9100dd163db7","name":"Dzana Muminovic","image":{"@type":"ImageObject","inLanguage":"it-IT","@id":"https:\/\/secure.gravatar.com\/avatar\/909c5c71aff4b38e88686f2ab2f1ba152571f394f41ed8bae431ea56ced93050?s=96&d=mm&r=g","url":"https:\/\/secure.gravatar.com\/avatar\/909c5c71aff4b38e88686f2ab2f1ba152571f394f41ed8bae431ea56ced93050?s=96&d=mm&r=g","contentUrl":"https:\/\/secure.gravatar.com\/avatar\/909c5c71aff4b38e88686f2ab2f1ba152571f394f41ed8bae431ea56ced93050?s=96&d=mm&r=g","caption":"Dzana Muminovic"},"url":"https:\/\/www.organisator.ch\/it\/author\/dzana-muminovic\/"}]}},"_links":{"self":[{"href":"https:\/\/www.organisator.ch\/it\/wp-json\/wp\/v2\/posts\/31243","targetHints":{"allow":["GET"]}}],"collection":[{"href":"https:\/\/www.organisator.ch\/it\/wp-json\/wp\/v2\/posts"}],"about":[{"href":"https:\/\/www.organisator.ch\/it\/wp-json\/wp\/v2\/types\/post"}],"author":[{"embeddable":true,"href":"https:\/\/www.organisator.ch\/it\/wp-json\/wp\/v2\/users\/80"}],"replies":[{"embeddable":true,"href":"https:\/\/www.organisator.ch\/it\/wp-json\/wp\/v2\/comments?post=31243"}],"version-history":[{"count":6,"href":"https:\/\/www.organisator.ch\/it\/wp-json\/wp\/v2\/posts\/31243\/revisions"}],"predecessor-version":[{"id":31314,"href":"https:\/\/www.organisator.ch\/it\/wp-json\/wp\/v2\/posts\/31243\/revisions\/31314"}],"wp:featuredmedia":[{"embeddable":true,"href":"https:\/\/www.organisator.ch\/it\/wp-json\/wp\/v2\/media\/31278"}],"wp:attachment":[{"href":"https:\/\/www.organisator.ch\/it\/wp-json\/wp\/v2\/media?parent=31243"}],"wp:term":[{"taxonomy":"category","embeddable":true,"href":"https:\/\/www.organisator.ch\/it\/wp-json\/wp\/v2\/categories?post=31243"},{"taxonomy":"post_tag","embeddable":true,"href":"https:\/\/www.organisator.ch\/it\/wp-json\/wp\/v2\/tags?post=31243"}],"curies":[{"name":"wp","href":"https:\/\/api.w.org\/{rel}","templated":true}]}}