{"id":31266,"date":"2024-10-28T09:14:28","date_gmt":"2024-10-28T08:14:28","guid":{"rendered":"https:\/\/www.m-q.ch\/?p=20611"},"modified":"2024-11-07T11:22:05","modified_gmt":"2024-11-07T10:22:05","slug":"nachhaltigkeit-und-digitalisierung-was-steht-am-internationalen-metrologiekongress-2025-an","status":"publish","type":"post","link":"https:\/\/www.organisator.ch\/it\/operational-excellence\/2024-10-28\/nachhaltigkeit-und-digitalisierung-was-steht-am-internationalen-metrologiekongress-2025-an\/","title":{"rendered":"Sostenibilit\u00e0 e digitalizzazione: cosa c'\u00e8 in agenda al Congresso Internazionale di Metrologia 2025?"},"content":{"rendered":"<figure id=\"attachment_20612\" class=\"wp-caption alignnone\" style=\"width: 680px\" aria-describedby=\"caption-attachment-20612\"><img class=\"alignnone wp-image-20612 size-full\" src=\"https:\/\/www.m-q.ch\/wp-content\/uploads\/2024\/10\/Metrology-Congress_Bild1_ps.jpg\" alt=\"Congresso Internazionale di Metrologia 2025\" width=\"680\" height=\"453\" \/>\r\n<figcaption id=\"caption-attachment-20612\" class=\"wp-caption-text\">Il Congresso Internazionale di Metrologia (CIM) si terr\u00e0 per la 22a volta dall'11 al 14 marzo 2025. (Immagine: www.cim-metrology.org)<\/figcaption>\r\n<\/figure>\r\n<p>Il CIM \u00e8 organizzato dal CFM (Coll\u00e8ge Fran\u00e7ais de M\u00e9trologie) e attira ogni anno quasi 650 partecipanti da 45 Paesi. Il congresso rinnova la sua partnership con Global Industrie, la pi\u00f9 grande fiera industriale francese, consolidando cos\u00ec la sua posizione di evento chiave per il settore.<\/p>\r\n<h3><strong>La transizione al centro di ogni sfida<\/strong><\/h3>\r\n<p>La metrologia svolge un ruolo cruciale nell'affrontare le sfide ambientali e digitali di oggi. Quest'anno, l'attenzione si concentrer\u00e0 su come la metrologia pu\u00f2 sostenere la sostenibilit\u00e0 in numerose presentazioni orali e poster, oltre che nella sessione plenaria principale del congresso. Inoltre, la digitalizzazione della metrologia, una delle maggiori sfide del prossimo decennio, sar\u00e0 affrontata in tre sessioni della conferenza e in tre tavole rotonde.<\/p>\r\n<p>\"Quest'anno abbiamo scelto il titolo 'Una nuova metrologia per un'industria e una societ\u00e0 sostenibili' perch\u00e9 il programma evidenzia come la metrologia stia cambiando e come la nostra comunit\u00e0 stia cercando nuovi modi per contribuire alla sfida della sostenibilit\u00e0\", afferma Martin Milton, direttore del BIPM e presidente del CIM2025.<\/p>\r\n<h3><strong>Quattro giorni per iniziare <\/strong><\/h3>\r\n<p>Per quattro giorni, i partecipanti avranno l'opportunit\u00e0 di esplorare tutti i temi importanti legati alla metrologia internazionale.<\/p>\r\n<p>L'obiettivo? Dare a ogni partecipante l'opportunit\u00e0 di trarre il massimo dall'evento, sia che si tratti di ampliare le proprie conoscenze, accrescere la propria rete di contatti o scoprire gli ultimi progressi tecnologici. Dalle ultime innovazioni in vari campi tecnici all'ottimizzazione dei processi di misurazione e qualit\u00e0, nulla viene trascurato al CIM.<\/p>\r\n<p>Questo numero celebra anche il 150\u00b0 anniversario della Convenzione del metro, una tappa storica da non perdere.<\/p>\r\n<h3><strong>Cosa c'\u00e8 nel programma?<\/strong><\/h3>\r\n<p><strong>200 conferenze, suddivise in presentazioni orali e poster<\/strong><\/p>\r\n<p><strong>5 tavoli rotondi: <\/strong><\/p>\r\n<ul>\r\n\t<li>IoT e metrologia: verso un Internet della metrologia?<\/li>\r\n\t<li>Infrastrutture di qualit\u00e0 in un mondo digitale<\/li>\r\n\t<li>Affrontare le sostanze inquinanti per un futuro pi\u00f9 sano<\/li>\r\n\t<li>Tecnologia dei sensori quantistici: la prossima rivoluzione industriale<\/li>\r\n\t<li>Metrologo: una specie in via di estinzione?<\/li>\r\n<\/ul>\r\n<p><strong>Sessione plenaria:<\/strong> \"Una nuova metrologia per un'industria e una societ\u00e0 sostenibili\".<\/p>\r\n<p><strong>Workshop QI-DIGITALE:<\/strong> La metrologia nella trasformazione digitale dell'infrastruttura di qualit\u00e0 internazionale<\/p>\r\n<p><strong>Corso breve:<\/strong> Garantire la tracciabilit\u00e0 delle misure nei laboratori ISO\/IEC 17 025 - Novit\u00e0 del 2025<\/p>\r\n<p>Numerosi <strong>Attivit\u00e0 di networking<\/strong> (coffee break, servizio catering, serata di gala, MyGI, ecc.)<\/p>\r\n<p>Tutte le presentazioni in loco saranno tenute in inglese.<\/p>\r\n<p><strong>Il pubblico \u00e8 composto da 650 partecipanti provenienti da 45 Paesi:<\/strong><\/p>\r\n<ul>\r\n\t<li>65 % rappresentano utenti finali di vari settori,<\/li>\r\n\t<li>35 % da enti ufficiali e laboratori di ricerca<\/li>\r\n<\/ul>\r\n<h3><strong>Area espositiva per gli operatori dell'industria e della ricerca<\/strong><\/h3>\r\n<p>Il Villaggio Metrologico, al centro dell'area Misura, Controllo, Visione e Strumentazione, \u00e8 il punto d'incontro centrale per gli espositori, i partecipanti al congresso e i visitatori del Global Industry Trade Show. I produttori di strumenti di misura, i fornitori di servizi, gli istituti pi\u00f9 importanti, ecc. si presentano qui e offrono un'esperienza completa delle ultime innovazioni e servizi con i loro stand e spazi espositivi.<\/p>\r\n<p>La piazza del Villaggio Metrologico sar\u00e0 il fulcro del networking e della collaborazione, un luogo perfetto per stabilire connessioni strategiche ed esplorare future partnership.<\/p>\r\n<p><em>Fonte e ulteriori informazioni: <a href=\"http:\/\/www.cim-metrology.org\/\">www.cim-metrology.org<\/a> <\/em><\/p>\n<p class=\"syndicated-attribution\">Questo articolo \u00e8 apparso originariamente su m-q.ch - <a href=\"https:\/\/www.m-q.ch\/de\/nachhaltigkeit-und-digitalisierung-was-steht-am-internationalen-metrologiekongress-2025-an\/\" target=\"_blank\">https:\/\/www.m-q.ch\/de\/nachhaltigkeit-und-digitalisierung-was-steht-am-internationalen-metrologiekongress-2025-an\/<\/a><\/p>","protected":false},"excerpt":{"rendered":"<p>Il Congresso Internazionale di Metrologia (CIM) si terr\u00e0 per la 22a volta dall'11 al 14 marzo 2025 all'Eurexpo di Lione (Francia). Questo evento imperdibile nel campo della metrologia e della misurazione si concentrer\u00e0 sulle migliori pratiche industriali e sulla ricerca applicata all'affidabilit\u00e0 dei dati di misura.<\/p>","protected":false},"author":58,"featured_media":0,"comment_status":"closed","ping_status":"closed","sticky":false,"template":"","format":"standard","meta":{"_acf_changed":false,"_yoast_wpseo_focuskw":"Internationaler Metrologiekongress 2025","_yoast_wpseo_metadesc":"Der Internationale Metrologiekongress 2025 fokussiert auf Nachhaltigkeit und Digitalisierung der Metrologie.","articlekey":"","footnotes":""},"categories":[582],"tags":[4685,156,4686,1787,605],"class_list":["post-31266","post","type-post","status-publish","format-standard","hentry","category-operational-excellence","tag-cim","tag-digitalisierung","tag-metrologiekongress","tag-nachhaltigkeit","tag-qualitaetsmanagement"],"acf":[],"yoast_head":"<!-- This site is optimized with the Yoast SEO plugin v27.5 - https:\/\/yoast.com\/product\/yoast-seo-wordpress\/ -->\n<title>Nachhaltigkeit und Digitalisierung: Was steht am internationalen Metrologiekongress 2025 an? - Organisator<\/title>\n<meta name=\"description\" content=\"Der Internationale Metrologiekongress 2025 fokussiert auf Nachhaltigkeit und Digitalisierung der Metrologie.\" \/>\n<meta name=\"robots\" content=\"index, follow, max-snippet:-1, max-image-preview:large, max-video-preview:-1\" \/>\n<link rel=\"canonical\" href=\"https:\/\/www.organisator.ch\/it\/eccellenza-operativa\/2024-10-28\/nachhaltigkeit-und-digitalisierung-was-steht-am-internationalen-metrologiekongress-2025-an\/\" \/>\n<meta property=\"og:locale\" content=\"it_IT\" \/>\n<meta property=\"og:type\" content=\"article\" \/>\n<meta property=\"og:title\" content=\"Nachhaltigkeit und Digitalisierung: Was steht am internationalen Metrologiekongress 2025 an? - Organisator\" \/>\n<meta property=\"og:description\" content=\"Der Internationale Metrologiekongress 2025 fokussiert auf Nachhaltigkeit und Digitalisierung der Metrologie.\" \/>\n<meta property=\"og:url\" content=\"https:\/\/www.organisator.ch\/it\/eccellenza-operativa\/2024-10-28\/nachhaltigkeit-und-digitalisierung-was-steht-am-internationalen-metrologiekongress-2025-an\/\" \/>\n<meta property=\"og:site_name\" content=\"Organisator\" \/>\n<meta property=\"article:publisher\" content=\"https:\/\/www.facebook.com\/OrganisatorFachmagazin\" \/>\n<meta property=\"article:published_time\" content=\"2024-10-28T08:14:28+00:00\" \/>\n<meta property=\"article:modified_time\" content=\"2024-11-07T10:22:05+00:00\" \/>\n<meta property=\"og:image\" content=\"https:\/\/www.m-q.ch\/wp-content\/uploads\/2024\/10\/Metrology-Congress_Bild1_ps.jpg\" \/>\n<meta name=\"author\" content=\"Adelisa Kalajdzini\" \/>\n<meta name=\"twitter:card\" content=\"summary_large_image\" \/>\n<script type=\"application\/ld+json\" class=\"yoast-schema-graph\">{\"@context\":\"https:\\\/\\\/schema.org\",\"@graph\":[{\"@type\":\"Article\",\"@id\":\"https:\\\/\\\/www.organisator.ch\\\/operational-excellence\\\/2024-10-28\\\/nachhaltigkeit-und-digitalisierung-was-steht-am-internationalen-metrologiekongress-2025-an\\\/#article\",\"isPartOf\":{\"@id\":\"https:\\\/\\\/www.organisator.ch\\\/operational-excellence\\\/2024-10-28\\\/nachhaltigkeit-und-digitalisierung-was-steht-am-internationalen-metrologiekongress-2025-an\\\/\"},\"author\":{\"name\":\"Adelisa Kalajdzini\",\"@id\":\"https:\\\/\\\/www.organisator.ch\\\/#\\\/schema\\\/person\\\/2e1314a2172123f874db408d8911d3f3\"},\"headline\":\"Nachhaltigkeit und Digitalisierung: Was steht am internationalen Metrologiekongress 2025 an?\",\"datePublished\":\"2024-10-28T08:14:28+00:00\",\"dateModified\":\"2024-11-07T10:22:05+00:00\",\"mainEntityOfPage\":{\"@id\":\"https:\\\/\\\/www.organisator.ch\\\/operational-excellence\\\/2024-10-28\\\/nachhaltigkeit-und-digitalisierung-was-steht-am-internationalen-metrologiekongress-2025-an\\\/\"},\"wordCount\":540,\"publisher\":{\"@id\":\"https:\\\/\\\/www.organisator.ch\\\/#organization\"},\"image\":{\"@id\":\"https:\\\/\\\/www.organisator.ch\\\/operational-excellence\\\/2024-10-28\\\/nachhaltigkeit-und-digitalisierung-was-steht-am-internationalen-metrologiekongress-2025-an\\\/#primaryimage\"},\"thumbnailUrl\":\"https:\\\/\\\/www.m-q.ch\\\/wp-content\\\/uploads\\\/2024\\\/10\\\/Metrology-Congress_Bild1_ps.jpg\",\"keywords\":[\"CIM\",\"Digitalisierung\",\"Metrologiekongress\",\"Nachhaltigkeit\",\"Qualit\u00e4tsmanagement\"],\"articleSection\":[\"OPERATIONAL EXCELLENCE\"],\"inLanguage\":\"it-IT\"},{\"@type\":\"WebPage\",\"@id\":\"https:\\\/\\\/www.organisator.ch\\\/operational-excellence\\\/2024-10-28\\\/nachhaltigkeit-und-digitalisierung-was-steht-am-internationalen-metrologiekongress-2025-an\\\/\",\"url\":\"https:\\\/\\\/www.organisator.ch\\\/operational-excellence\\\/2024-10-28\\\/nachhaltigkeit-und-digitalisierung-was-steht-am-internationalen-metrologiekongress-2025-an\\\/\",\"name\":\"Nachhaltigkeit und Digitalisierung: Was steht am internationalen Metrologiekongress 2025 an? - Organisator\",\"isPartOf\":{\"@id\":\"https:\\\/\\\/www.organisator.ch\\\/#website\"},\"primaryImageOfPage\":{\"@id\":\"https:\\\/\\\/www.organisator.ch\\\/operational-excellence\\\/2024-10-28\\\/nachhaltigkeit-und-digitalisierung-was-steht-am-internationalen-metrologiekongress-2025-an\\\/#primaryimage\"},\"image\":{\"@id\":\"https:\\\/\\\/www.organisator.ch\\\/operational-excellence\\\/2024-10-28\\\/nachhaltigkeit-und-digitalisierung-was-steht-am-internationalen-metrologiekongress-2025-an\\\/#primaryimage\"},\"thumbnailUrl\":\"https:\\\/\\\/www.m-q.ch\\\/wp-content\\\/uploads\\\/2024\\\/10\\\/Metrology-Congress_Bild1_ps.jpg\",\"datePublished\":\"2024-10-28T08:14:28+00:00\",\"dateModified\":\"2024-11-07T10:22:05+00:00\",\"description\":\"Der Internationale Metrologiekongress 2025 fokussiert auf Nachhaltigkeit und Digitalisierung der Metrologie.\",\"breadcrumb\":{\"@id\":\"https:\\\/\\\/www.organisator.ch\\\/operational-excellence\\\/2024-10-28\\\/nachhaltigkeit-und-digitalisierung-was-steht-am-internationalen-metrologiekongress-2025-an\\\/#breadcrumb\"},\"inLanguage\":\"it-IT\",\"potentialAction\":[{\"@type\":\"ReadAction\",\"target\":[\"https:\\\/\\\/www.organisator.ch\\\/operational-excellence\\\/2024-10-28\\\/nachhaltigkeit-und-digitalisierung-was-steht-am-internationalen-metrologiekongress-2025-an\\\/\"]}]},{\"@type\":\"ImageObject\",\"inLanguage\":\"it-IT\",\"@id\":\"https:\\\/\\\/www.organisator.ch\\\/operational-excellence\\\/2024-10-28\\\/nachhaltigkeit-und-digitalisierung-was-steht-am-internationalen-metrologiekongress-2025-an\\\/#primaryimage\",\"url\":\"https:\\\/\\\/www.m-q.ch\\\/wp-content\\\/uploads\\\/2024\\\/10\\\/Metrology-Congress_Bild1_ps.jpg\",\"contentUrl\":\"https:\\\/\\\/www.m-q.ch\\\/wp-content\\\/uploads\\\/2024\\\/10\\\/Metrology-Congress_Bild1_ps.jpg\"},{\"@type\":\"BreadcrumbList\",\"@id\":\"https:\\\/\\\/www.organisator.ch\\\/operational-excellence\\\/2024-10-28\\\/nachhaltigkeit-und-digitalisierung-was-steht-am-internationalen-metrologiekongress-2025-an\\\/#breadcrumb\",\"itemListElement\":[{\"@type\":\"ListItem\",\"position\":1,\"name\":\"Home\",\"item\":\"https:\\\/\\\/www.organisator.ch\\\/\"},{\"@type\":\"ListItem\",\"position\":2,\"name\":\"Nachhaltigkeit und Digitalisierung: Was steht am internationalen Metrologiekongress 2025 an?\"}]},{\"@type\":\"WebSite\",\"@id\":\"https:\\\/\\\/www.organisator.ch\\\/#website\",\"url\":\"https:\\\/\\\/www.organisator.ch\\\/\",\"name\":\"Organisator\",\"description\":\"Kompetent. Praxisnah. Der ORGANISATOR bereitet in 10 Ausgaben pro Jahr die wesentlichen Themen f\u00fcr F\u00fchrungskr\u00e4fte von KMU auf.\",\"publisher\":{\"@id\":\"https:\\\/\\\/www.organisator.ch\\\/#organization\"},\"potentialAction\":[{\"@type\":\"SearchAction\",\"target\":{\"@type\":\"EntryPoint\",\"urlTemplate\":\"https:\\\/\\\/www.organisator.ch\\\/?s={search_term_string}\"},\"query-input\":{\"@type\":\"PropertyValueSpecification\",\"valueRequired\":true,\"valueName\":\"search_term_string\"}}],\"inLanguage\":\"it-IT\"},{\"@type\":\"Organization\",\"@id\":\"https:\\\/\\\/www.organisator.ch\\\/#organization\",\"name\":\"Organisator\",\"url\":\"https:\\\/\\\/www.organisator.ch\\\/\",\"logo\":{\"@type\":\"ImageObject\",\"inLanguage\":\"it-IT\",\"@id\":\"https:\\\/\\\/www.organisator.ch\\\/#\\\/schema\\\/logo\\\/image\\\/\",\"url\":\"https:\\\/\\\/www.organisator.ch\\\/wp-content\\\/uploads\\\/2022\\\/01\\\/Logo_Organisator_Website.png\",\"contentUrl\":\"https:\\\/\\\/www.organisator.ch\\\/wp-content\\\/uploads\\\/2022\\\/01\\\/Logo_Organisator_Website.png\",\"width\":800,\"height\":77,\"caption\":\"Organisator\"},\"image\":{\"@id\":\"https:\\\/\\\/www.organisator.ch\\\/#\\\/schema\\\/logo\\\/image\\\/\"},\"sameAs\":[\"https:\\\/\\\/www.facebook.com\\\/OrganisatorFachmagazin\",\"https:\\\/\\\/www.linkedin.com\\\/showcase\\\/organisator-das-magazin-fr-kmu\",\"https:\\\/\\\/www.xing.com\\\/news\\\/pages\\\/organisator-ch-695\",\"https:\\\/\\\/www.youtube.com\\\/channel\\\/UCGP2Sq0iWaZwT3BdIAQFYpw\"]},{\"@type\":\"Person\",\"@id\":\"https:\\\/\\\/www.organisator.ch\\\/#\\\/schema\\\/person\\\/2e1314a2172123f874db408d8911d3f3\",\"name\":\"Adelisa Kalajdzini\",\"image\":{\"@type\":\"ImageObject\",\"inLanguage\":\"it-IT\",\"@id\":\"https:\\\/\\\/secure.gravatar.com\\\/avatar\\\/09a397c22ac58cad6f160ee8306348599df9df58a8ede73696226897b9fa4b24?s=96&d=mm&r=g\",\"url\":\"https:\\\/\\\/secure.gravatar.com\\\/avatar\\\/09a397c22ac58cad6f160ee8306348599df9df58a8ede73696226897b9fa4b24?s=96&d=mm&r=g\",\"contentUrl\":\"https:\\\/\\\/secure.gravatar.com\\\/avatar\\\/09a397c22ac58cad6f160ee8306348599df9df58a8ede73696226897b9fa4b24?s=96&d=mm&r=g\",\"caption\":\"Adelisa Kalajdzini\"},\"url\":\"https:\\\/\\\/www.organisator.ch\\\/it\\\/author\\\/adelisa-kalajdzini\\\/\"}]}<\/script>\n<!-- \/ Yoast SEO plugin. -->","yoast_head_json":{"title":"Sostenibilit\u00e0 e digitalizzazione: cosa c'\u00e8 in agenda al Congresso Internazionale di Metrologia 2025? - Organizzatore","description":"Il Congresso Internazionale di Metrologia 2025 si concentra sulla sostenibilit\u00e0 e sulla digitalizzazione della metrologia.","robots":{"index":"index","follow":"follow","max-snippet":"max-snippet:-1","max-image-preview":"max-image-preview:large","max-video-preview":"max-video-preview:-1"},"canonical":"https:\/\/www.organisator.ch\/it\/eccellenza-operativa\/2024-10-28\/nachhaltigkeit-und-digitalisierung-was-steht-am-internationalen-metrologiekongress-2025-an\/","og_locale":"it_IT","og_type":"article","og_title":"Nachhaltigkeit und Digitalisierung: Was steht am internationalen Metrologiekongress 2025 an? - Organisator","og_description":"Der Internationale Metrologiekongress 2025 fokussiert auf Nachhaltigkeit und Digitalisierung der Metrologie.","og_url":"https:\/\/www.organisator.ch\/it\/eccellenza-operativa\/2024-10-28\/nachhaltigkeit-und-digitalisierung-was-steht-am-internationalen-metrologiekongress-2025-an\/","og_site_name":"Organisator","article_publisher":"https:\/\/www.facebook.com\/OrganisatorFachmagazin","article_published_time":"2024-10-28T08:14:28+00:00","article_modified_time":"2024-11-07T10:22:05+00:00","og_image":[{"url":"https:\/\/www.m-q.ch\/wp-content\/uploads\/2024\/10\/Metrology-Congress_Bild1_ps.jpg","type":"","width":"","height":""}],"author":"Adelisa Kalajdzini","twitter_card":"summary_large_image","schema":{"@context":"https:\/\/schema.org","@graph":[{"@type":"Article","@id":"https:\/\/www.organisator.ch\/operational-excellence\/2024-10-28\/nachhaltigkeit-und-digitalisierung-was-steht-am-internationalen-metrologiekongress-2025-an\/#article","isPartOf":{"@id":"https:\/\/www.organisator.ch\/operational-excellence\/2024-10-28\/nachhaltigkeit-und-digitalisierung-was-steht-am-internationalen-metrologiekongress-2025-an\/"},"author":{"name":"Adelisa Kalajdzini","@id":"https:\/\/www.organisator.ch\/#\/schema\/person\/2e1314a2172123f874db408d8911d3f3"},"headline":"Nachhaltigkeit und Digitalisierung: Was steht am internationalen Metrologiekongress 2025 an?","datePublished":"2024-10-28T08:14:28+00:00","dateModified":"2024-11-07T10:22:05+00:00","mainEntityOfPage":{"@id":"https:\/\/www.organisator.ch\/operational-excellence\/2024-10-28\/nachhaltigkeit-und-digitalisierung-was-steht-am-internationalen-metrologiekongress-2025-an\/"},"wordCount":540,"publisher":{"@id":"https:\/\/www.organisator.ch\/#organization"},"image":{"@id":"https:\/\/www.organisator.ch\/operational-excellence\/2024-10-28\/nachhaltigkeit-und-digitalisierung-was-steht-am-internationalen-metrologiekongress-2025-an\/#primaryimage"},"thumbnailUrl":"https:\/\/www.m-q.ch\/wp-content\/uploads\/2024\/10\/Metrology-Congress_Bild1_ps.jpg","keywords":["CIM","Digitalisierung","Metrologiekongress","Nachhaltigkeit","Qualit\u00e4tsmanagement"],"articleSection":["OPERATIONAL EXCELLENCE"],"inLanguage":"it-IT"},{"@type":"WebPage","@id":"https:\/\/www.organisator.ch\/operational-excellence\/2024-10-28\/nachhaltigkeit-und-digitalisierung-was-steht-am-internationalen-metrologiekongress-2025-an\/","url":"https:\/\/www.organisator.ch\/operational-excellence\/2024-10-28\/nachhaltigkeit-und-digitalisierung-was-steht-am-internationalen-metrologiekongress-2025-an\/","name":"Sostenibilit\u00e0 e digitalizzazione: cosa c'\u00e8 in agenda al Congresso Internazionale di Metrologia 2025? - Organizzatore","isPartOf":{"@id":"https:\/\/www.organisator.ch\/#website"},"primaryImageOfPage":{"@id":"https:\/\/www.organisator.ch\/operational-excellence\/2024-10-28\/nachhaltigkeit-und-digitalisierung-was-steht-am-internationalen-metrologiekongress-2025-an\/#primaryimage"},"image":{"@id":"https:\/\/www.organisator.ch\/operational-excellence\/2024-10-28\/nachhaltigkeit-und-digitalisierung-was-steht-am-internationalen-metrologiekongress-2025-an\/#primaryimage"},"thumbnailUrl":"https:\/\/www.m-q.ch\/wp-content\/uploads\/2024\/10\/Metrology-Congress_Bild1_ps.jpg","datePublished":"2024-10-28T08:14:28+00:00","dateModified":"2024-11-07T10:22:05+00:00","description":"Il Congresso Internazionale di Metrologia 2025 si concentra sulla sostenibilit\u00e0 e sulla digitalizzazione della metrologia.","breadcrumb":{"@id":"https:\/\/www.organisator.ch\/operational-excellence\/2024-10-28\/nachhaltigkeit-und-digitalisierung-was-steht-am-internationalen-metrologiekongress-2025-an\/#breadcrumb"},"inLanguage":"it-IT","potentialAction":[{"@type":"ReadAction","target":["https:\/\/www.organisator.ch\/operational-excellence\/2024-10-28\/nachhaltigkeit-und-digitalisierung-was-steht-am-internationalen-metrologiekongress-2025-an\/"]}]},{"@type":"ImageObject","inLanguage":"it-IT","@id":"https:\/\/www.organisator.ch\/operational-excellence\/2024-10-28\/nachhaltigkeit-und-digitalisierung-was-steht-am-internationalen-metrologiekongress-2025-an\/#primaryimage","url":"https:\/\/www.m-q.ch\/wp-content\/uploads\/2024\/10\/Metrology-Congress_Bild1_ps.jpg","contentUrl":"https:\/\/www.m-q.ch\/wp-content\/uploads\/2024\/10\/Metrology-Congress_Bild1_ps.jpg"},{"@type":"BreadcrumbList","@id":"https:\/\/www.organisator.ch\/operational-excellence\/2024-10-28\/nachhaltigkeit-und-digitalisierung-was-steht-am-internationalen-metrologiekongress-2025-an\/#breadcrumb","itemListElement":[{"@type":"ListItem","position":1,"name":"Home","item":"https:\/\/www.organisator.ch\/"},{"@type":"ListItem","position":2,"name":"Nachhaltigkeit und Digitalisierung: Was steht am internationalen Metrologiekongress 2025 an?"}]},{"@type":"WebSite","@id":"https:\/\/www.organisator.ch\/#website","url":"https:\/\/www.organisator.ch\/","name":"Organizzatore","description":"Competente. Pratico. In 10 numeri all'anno, ORGANISATOR presenta i temi essenziali per i manager delle PMI.","publisher":{"@id":"https:\/\/www.organisator.ch\/#organization"},"potentialAction":[{"@type":"SearchAction","target":{"@type":"EntryPoint","urlTemplate":"https:\/\/www.organisator.ch\/?s={search_term_string}"},"query-input":{"@type":"PropertyValueSpecification","valueRequired":true,"valueName":"search_term_string"}}],"inLanguage":"it-IT"},{"@type":"Organization","@id":"https:\/\/www.organisator.ch\/#organization","name":"Organizzatore","url":"https:\/\/www.organisator.ch\/","logo":{"@type":"ImageObject","inLanguage":"it-IT","@id":"https:\/\/www.organisator.ch\/#\/schema\/logo\/image\/","url":"https:\/\/www.organisator.ch\/wp-content\/uploads\/2022\/01\/Logo_Organisator_Website.png","contentUrl":"https:\/\/www.organisator.ch\/wp-content\/uploads\/2022\/01\/Logo_Organisator_Website.png","width":800,"height":77,"caption":"Organisator"},"image":{"@id":"https:\/\/www.organisator.ch\/#\/schema\/logo\/image\/"},"sameAs":["https:\/\/www.facebook.com\/OrganisatorFachmagazin","https:\/\/www.linkedin.com\/showcase\/organisator-das-magazin-fr-kmu","https:\/\/www.xing.com\/news\/pages\/organisator-ch-695","https:\/\/www.youtube.com\/channel\/UCGP2Sq0iWaZwT3BdIAQFYpw"]},{"@type":"Person","@id":"https:\/\/www.organisator.ch\/#\/schema\/person\/2e1314a2172123f874db408d8911d3f3","name":"Adelisa Kalajdzini","image":{"@type":"ImageObject","inLanguage":"it-IT","@id":"https:\/\/secure.gravatar.com\/avatar\/09a397c22ac58cad6f160ee8306348599df9df58a8ede73696226897b9fa4b24?s=96&d=mm&r=g","url":"https:\/\/secure.gravatar.com\/avatar\/09a397c22ac58cad6f160ee8306348599df9df58a8ede73696226897b9fa4b24?s=96&d=mm&r=g","contentUrl":"https:\/\/secure.gravatar.com\/avatar\/09a397c22ac58cad6f160ee8306348599df9df58a8ede73696226897b9fa4b24?s=96&d=mm&r=g","caption":"Adelisa Kalajdzini"},"url":"https:\/\/www.organisator.ch\/it\/author\/adelisa-kalajdzini\/"}]}},"_links":{"self":[{"href":"https:\/\/www.organisator.ch\/it\/wp-json\/wp\/v2\/posts\/31266","targetHints":{"allow":["GET"]}}],"collection":[{"href":"https:\/\/www.organisator.ch\/it\/wp-json\/wp\/v2\/posts"}],"about":[{"href":"https:\/\/www.organisator.ch\/it\/wp-json\/wp\/v2\/types\/post"}],"author":[{"embeddable":true,"href":"https:\/\/www.organisator.ch\/it\/wp-json\/wp\/v2\/users\/58"}],"replies":[{"embeddable":true,"href":"https:\/\/www.organisator.ch\/it\/wp-json\/wp\/v2\/comments?post=31266"}],"version-history":[{"count":6,"href":"https:\/\/www.organisator.ch\/it\/wp-json\/wp\/v2\/posts\/31266\/revisions"}],"predecessor-version":[{"id":31714,"href":"https:\/\/www.organisator.ch\/it\/wp-json\/wp\/v2\/posts\/31266\/revisions\/31714"}],"wp:attachment":[{"href":"https:\/\/www.organisator.ch\/it\/wp-json\/wp\/v2\/media?parent=31266"}],"wp:term":[{"taxonomy":"category","embeddable":true,"href":"https:\/\/www.organisator.ch\/it\/wp-json\/wp\/v2\/categories?post=31266"},{"taxonomy":"post_tag","embeddable":true,"href":"https:\/\/www.organisator.ch\/it\/wp-json\/wp\/v2\/tags?post=31266"}],"curies":[{"name":"wp","href":"https:\/\/api.w.org\/{rel}","templated":true}]}}