{"id":31307,"date":"2024-10-29T00:05:15","date_gmt":"2024-10-28T23:05:15","guid":{"rendered":"https:\/\/www.markt-kom.com\/?p=225634"},"modified":"2024-11-07T11:13:11","modified_gmt":"2024-11-07T10:13:11","slug":"wirz-erfindet-sich-neu","status":"publish","type":"post","link":"https:\/\/www.organisator.ch\/it\/marketing\/2024-10-29\/wirz-erfindet-sich-neu\/","title":{"rendered":"Wirz si reinventa"},"content":{"rendered":"<p><a href=\"https:\/\/www.markt-kom.com\/wp-content\/uploads\/2024\/10\/Image_Neue-Ausrichtung_Wirz-scaled.jpg\"><img class=\"alignnone wp-image-225637 size-full\" src=\"https:\/\/www.markt-kom.com\/wp-content\/uploads\/2024\/10\/Image_Neue-Ausrichtung_Wirz-scaled.jpg\" alt=\"Creativit\u00e0 \" width=\"1400\" height=\"787\" \/><\/a><\/p>\r\n<p>La creativit\u00e0 porta al successo le aziende. Gli studi dimostrano che le aziende che integrano la creativit\u00e0 nella loro strategia aziendale crescono 2,6 volte pi\u00f9 velocemente dei loro concorrenti. In un momento in cui il 90% del valore di un'azienda \u00e8 costituito da beni immateriali, \u00e8 chiaro che la creativit\u00e0 \u00e8 la chiave per garantire la crescita e creare valore.<\/p>\r\n<h3>Sistema Wirz<\/h3>\r\n<p>Wirz ha quindi sviluppato un sistema che raggruppa la creativit\u00e0 e la utilizza nel modo pi\u00f9 efficiente possibile. Queste sono le parole del comunicato stampa che la storica azienda ha inviato all'inizio della settimana. E non solo per la pubblicit\u00e0 e la comunicazione, come prosegue il comunicato, ma per risolvere le sfide economiche pi\u00f9 importanti dei suoi clienti. Il sistema \u00e8 costituito da prodotti modulari che possono essere combinati e costruiti l'uno sull'altro e che possono essere messi insieme per creare programmi personalizzati a seconda del problema e della sfida economica. Inoltre, questa modularit\u00e0 consente ai clienti di scegliere con precisione gli elementi che si adattano alle loro sfide specifiche, dall'analisi dei bisogni strategici allo sviluppo di prodotti innovativi.<\/p>\r\n<p>Il nuovo modello si basa su processi sistematizzati. Ci\u00f2 significa che tutti i processi sono ottimizzati in modo da dedicare il minor tempo e le minori risorse possibili alla gestione e all'amministrazione dei progetti, lasciando il maggior tempo possibile a ci\u00f2 che in ultima analisi fa la differenza misurabile: la creativit\u00e0.<\/p>\r\n<h3>Remunerazione orientata ai risultati<\/h3>\r\n<p>Un'altra novit\u00e0: il sistema premia il risultato, non lo sforzo. I clienti Wirz non pagano quindi per le ore spese, ma per le soluzioni efficienti. Il nuovo modello di pricing premia la qualit\u00e0 e l'efficienza, non la massimizzazione dello sforzo. E soprattutto: il nuovo approccio porta sempre alla migliore soluzione possibile, perch\u00e9 la creativit\u00e0 pu\u00f2 sempre essere focalizzata su un problema specifico.<\/p>\r\n<h3>\"Partner commerciale creativo\"<\/h3>\r\n<p>Wirz \u00e8 convinto che questa riorganizzazione dar\u00e0 un segnale forte per il futuro dell'intero settore. L'agenzia si considera ora un \"partner commerciale creativo\" e offre soluzioni che vanno ben oltre la pubblicit\u00e0 e la comunicazione. La creativit\u00e0 diventa cos\u00ec il motore della crescita, del valore aggiunto e del successo misurabile.<\/p>\r\n<hr \/>\r\n<h3>Interrogato:<\/h3>\r\n<p>m&amp;k ha chiesto alla redazione di Wirz cosa significa quando un'agenzia di comunicazione si reinventa.<\/p>\r\n<p>&nbsp;<\/p>\r\n<p><strong>m&amp;k: Cosa ha spinto Wirz a riorientarsi?<\/strong><\/p>\r\n<p><strong>Redazione:<\/strong> Wirz ha deciso di cambiare radicalmente il proprio modello di business perch\u00e9 crede fermamente che la creativit\u00e0 possa fare di pi\u00f9 della \"semplice\" comunicazione e perch\u00e9 il settore della comunicazione e della pubblicit\u00e0 \u00e8 cambiato. Oggi i clienti devono utilizzare una variet\u00e0 di canali con lo stesso budget che prima veniva utilizzato principalmente per la pubblicit\u00e0 tradizionale. Inoltre, la soluzione non \u00e8 sempre una campagna. Il precedente modello di fatturazione a ore forniva un incentivo sbagliato e portava a un lavoro amministrativo che non apportava un reale valore aggiunto n\u00e9 al cliente n\u00e9 all'agenzia. WIRZ ha voluto anche passare da un modello che premia lo sforzo a uno che premia i risultati. L'obiettivo \u00e8 utilizzare la creativit\u00e0 in modo mirato ed efficiente per rispondere alle sfide economiche dei clienti.<\/p>\r\n<p>&nbsp;<\/p>\r\n<p><strong>I clienti otterranno di pi\u00f9? O qualcos'altro? Come possiamo immaginare questo in senso pratico?<\/strong><\/p>\r\n<p>I clienti di Yes! ricevono ora un prodotto creativo ancora migliore, 100% allineato ai loro obiettivi strategici e focalizzato sulla soluzione ottimale. Grazie alle nostre soluzioni mirate e modulari, Wirz \u00e8 in grado di rispondere in modo specifico alle singole sfide. WIRZ offre tre \"percorsi\", ognuno dei quali copre esigenze diverse: <strong>Capitale del marchio<\/strong>\u00a0(aumenta il valore del marchio),\u00a0<strong>Prontezza di mercato<\/strong>\u00a0(realizza nuove opportunit\u00e0 di mercato lungo il percorso del cliente) e\u00a0<strong>Nuovo gioco<\/strong>\u00a0(apre nuove aree di crescita attraverso prodotti\/servizi innovativi). Questa struttura modulare consente ai clienti di selezionare e combinare i prodotti di cui hanno bisogno. I clienti pagano per soluzioni e risultati specifici piuttosto che per le ore spese, il che significa che ci si concentra maggiormente sul lavoro creativo vero e proprio e meno sull'amministrazione.<\/p>\r\n<p>&nbsp;<\/p>\r\n<p><strong>Ci sar\u00e0 una riduzione dei posti di lavoro o \u00e8 pi\u00f9 probabile un'espansione?<\/strong><\/p>\r\n<p>L'organico \u00e8 stato parzialmente ridotto durante la fase di implementazione, in quanto i guadagni di efficienza richiedono meno lavoro amministrativo. Allo stesso tempo, per\u00f2, Wirz \u00e8 alla ricerca di nuovi talenti con specifiche competenze strategiche e creative per sostenere la nuova direzione e soddisfare meglio le esigenze dei clienti. Si tratta quindi pi\u00f9 di una riorganizzazione delle risorse umane che di una riduzione del personale.<\/p>","protected":false},"excerpt":{"rendered":"<p>Il tradizionale marchio di agenzia svizzero sta rinnovando completamente il suo modello di business e, a 88 anni, si sta trasformando da agenzia di comunicazione tradizionale a \"partner commerciale creativo\". Si affida a processi sistematizzati, a un nuovo sistema di remunerazione e alla massima concentrazione sul suo superpotere: la creativit\u00e0. m&amp;k ha chiesto cosa significhi esattamente \"reinventarsi\".<\/p>","protected":false},"author":8,"featured_media":0,"comment_status":"closed","ping_status":"closed","sticky":false,"template":"","format":"standard","meta":{"_acf_changed":false,"_yoast_wpseo_focuskw":"Kreativit\u00e4t","_yoast_wpseo_metadesc":"Wirz setzt Kreativit\u00e4t strategisch ein, um mit neuen Modellen und Ergebnissen Unternehmenswachstum zu f\u00f6rdern.","articlekey":"","footnotes":""},"categories":[29],"tags":[4345,4284],"class_list":["post-31307","post","type-post","status-publish","format-standard","hentry","category-marketing","tag-business","tag-wirz"],"acf":[],"yoast_head":"<!-- This site is optimized with the Yoast SEO plugin v27.5 - https:\/\/yoast.com\/product\/yoast-seo-wordpress\/ -->\n<title>Wirz erfindet sich neu - Organisator<\/title>\n<meta name=\"description\" content=\"Wirz setzt Kreativit\u00e4t strategisch ein, um mit neuen Modellen und Ergebnissen Unternehmenswachstum zu f\u00f6rdern.\" \/>\n<meta name=\"robots\" content=\"index, follow, max-snippet:-1, max-image-preview:large, max-video-preview:-1\" \/>\n<link rel=\"canonical\" href=\"https:\/\/www.organisator.ch\/it\/marketing\/2024-10-29\/wirz-erfindet-sich-neu\/\" \/>\n<meta property=\"og:locale\" content=\"it_IT\" \/>\n<meta property=\"og:type\" content=\"article\" \/>\n<meta property=\"og:title\" content=\"Wirz erfindet sich neu - Organisator\" \/>\n<meta property=\"og:description\" content=\"Wirz setzt Kreativit\u00e4t strategisch ein, um mit neuen Modellen und Ergebnissen Unternehmenswachstum zu f\u00f6rdern.\" \/>\n<meta property=\"og:url\" content=\"https:\/\/www.organisator.ch\/it\/marketing\/2024-10-29\/wirz-erfindet-sich-neu\/\" \/>\n<meta property=\"og:site_name\" content=\"Organisator\" \/>\n<meta property=\"article:publisher\" content=\"https:\/\/www.facebook.com\/OrganisatorFachmagazin\" \/>\n<meta property=\"article:published_time\" content=\"2024-10-28T23:05:15+00:00\" \/>\n<meta property=\"article:modified_time\" content=\"2024-11-07T10:13:11+00:00\" \/>\n<meta property=\"og:image\" content=\"https:\/\/www.markt-kom.com\/wp-content\/uploads\/2024\/10\/Image_Neue-Ausrichtung_Wirz-scaled.jpg\" \/>\n<meta name=\"author\" content=\"galledia\" \/>\n<meta name=\"twitter:card\" content=\"summary_large_image\" \/>\n<meta name=\"twitter:creator\" content=\"@admin\" \/>\n<script type=\"application\/ld+json\" class=\"yoast-schema-graph\">{\"@context\":\"https:\\\/\\\/schema.org\",\"@graph\":[{\"@type\":\"Article\",\"@id\":\"https:\\\/\\\/www.organisator.ch\\\/marketing\\\/2024-10-29\\\/wirz-erfindet-sich-neu\\\/#article\",\"isPartOf\":{\"@id\":\"https:\\\/\\\/www.organisator.ch\\\/marketing\\\/2024-10-29\\\/wirz-erfindet-sich-neu\\\/\"},\"author\":{\"name\":\"galledia\",\"@id\":\"https:\\\/\\\/www.organisator.ch\\\/#\\\/schema\\\/person\\\/4e51799071cd2dd1232ac003643ef5f0\"},\"headline\":\"Wirz erfindet sich neu\",\"datePublished\":\"2024-10-28T23:05:15+00:00\",\"dateModified\":\"2024-11-07T10:13:11+00:00\",\"mainEntityOfPage\":{\"@id\":\"https:\\\/\\\/www.organisator.ch\\\/marketing\\\/2024-10-29\\\/wirz-erfindet-sich-neu\\\/\"},\"wordCount\":716,\"publisher\":{\"@id\":\"https:\\\/\\\/www.organisator.ch\\\/#organization\"},\"image\":{\"@id\":\"https:\\\/\\\/www.organisator.ch\\\/marketing\\\/2024-10-29\\\/wirz-erfindet-sich-neu\\\/#primaryimage\"},\"thumbnailUrl\":\"https:\\\/\\\/www.markt-kom.com\\\/wp-content\\\/uploads\\\/2024\\\/10\\\/Image_Neue-Ausrichtung_Wirz-scaled.jpg\",\"keywords\":[\"Business\",\"Wirz\"],\"articleSection\":[\"MARKETING\"],\"inLanguage\":\"it-IT\"},{\"@type\":\"WebPage\",\"@id\":\"https:\\\/\\\/www.organisator.ch\\\/marketing\\\/2024-10-29\\\/wirz-erfindet-sich-neu\\\/\",\"url\":\"https:\\\/\\\/www.organisator.ch\\\/marketing\\\/2024-10-29\\\/wirz-erfindet-sich-neu\\\/\",\"name\":\"Wirz erfindet sich neu - Organisator\",\"isPartOf\":{\"@id\":\"https:\\\/\\\/www.organisator.ch\\\/#website\"},\"primaryImageOfPage\":{\"@id\":\"https:\\\/\\\/www.organisator.ch\\\/marketing\\\/2024-10-29\\\/wirz-erfindet-sich-neu\\\/#primaryimage\"},\"image\":{\"@id\":\"https:\\\/\\\/www.organisator.ch\\\/marketing\\\/2024-10-29\\\/wirz-erfindet-sich-neu\\\/#primaryimage\"},\"thumbnailUrl\":\"https:\\\/\\\/www.markt-kom.com\\\/wp-content\\\/uploads\\\/2024\\\/10\\\/Image_Neue-Ausrichtung_Wirz-scaled.jpg\",\"datePublished\":\"2024-10-28T23:05:15+00:00\",\"dateModified\":\"2024-11-07T10:13:11+00:00\",\"description\":\"Wirz setzt Kreativit\u00e4t strategisch ein, um mit neuen Modellen und Ergebnissen Unternehmenswachstum zu f\u00f6rdern.\",\"breadcrumb\":{\"@id\":\"https:\\\/\\\/www.organisator.ch\\\/marketing\\\/2024-10-29\\\/wirz-erfindet-sich-neu\\\/#breadcrumb\"},\"inLanguage\":\"it-IT\",\"potentialAction\":[{\"@type\":\"ReadAction\",\"target\":[\"https:\\\/\\\/www.organisator.ch\\\/marketing\\\/2024-10-29\\\/wirz-erfindet-sich-neu\\\/\"]}]},{\"@type\":\"ImageObject\",\"inLanguage\":\"it-IT\",\"@id\":\"https:\\\/\\\/www.organisator.ch\\\/marketing\\\/2024-10-29\\\/wirz-erfindet-sich-neu\\\/#primaryimage\",\"url\":\"https:\\\/\\\/www.markt-kom.com\\\/wp-content\\\/uploads\\\/2024\\\/10\\\/Image_Neue-Ausrichtung_Wirz-scaled.jpg\",\"contentUrl\":\"https:\\\/\\\/www.markt-kom.com\\\/wp-content\\\/uploads\\\/2024\\\/10\\\/Image_Neue-Ausrichtung_Wirz-scaled.jpg\"},{\"@type\":\"BreadcrumbList\",\"@id\":\"https:\\\/\\\/www.organisator.ch\\\/marketing\\\/2024-10-29\\\/wirz-erfindet-sich-neu\\\/#breadcrumb\",\"itemListElement\":[{\"@type\":\"ListItem\",\"position\":1,\"name\":\"Home\",\"item\":\"https:\\\/\\\/www.organisator.ch\\\/\"},{\"@type\":\"ListItem\",\"position\":2,\"name\":\"Wirz erfindet sich neu\"}]},{\"@type\":\"WebSite\",\"@id\":\"https:\\\/\\\/www.organisator.ch\\\/#website\",\"url\":\"https:\\\/\\\/www.organisator.ch\\\/\",\"name\":\"Organisator\",\"description\":\"Kompetent. Praxisnah. Der ORGANISATOR bereitet in 10 Ausgaben pro Jahr die wesentlichen Themen f\u00fcr F\u00fchrungskr\u00e4fte von KMU auf.\",\"publisher\":{\"@id\":\"https:\\\/\\\/www.organisator.ch\\\/#organization\"},\"potentialAction\":[{\"@type\":\"SearchAction\",\"target\":{\"@type\":\"EntryPoint\",\"urlTemplate\":\"https:\\\/\\\/www.organisator.ch\\\/?s={search_term_string}\"},\"query-input\":{\"@type\":\"PropertyValueSpecification\",\"valueRequired\":true,\"valueName\":\"search_term_string\"}}],\"inLanguage\":\"it-IT\"},{\"@type\":\"Organization\",\"@id\":\"https:\\\/\\\/www.organisator.ch\\\/#organization\",\"name\":\"Organisator\",\"url\":\"https:\\\/\\\/www.organisator.ch\\\/\",\"logo\":{\"@type\":\"ImageObject\",\"inLanguage\":\"it-IT\",\"@id\":\"https:\\\/\\\/www.organisator.ch\\\/#\\\/schema\\\/logo\\\/image\\\/\",\"url\":\"https:\\\/\\\/www.organisator.ch\\\/wp-content\\\/uploads\\\/2022\\\/01\\\/Logo_Organisator_Website.png\",\"contentUrl\":\"https:\\\/\\\/www.organisator.ch\\\/wp-content\\\/uploads\\\/2022\\\/01\\\/Logo_Organisator_Website.png\",\"width\":800,\"height\":77,\"caption\":\"Organisator\"},\"image\":{\"@id\":\"https:\\\/\\\/www.organisator.ch\\\/#\\\/schema\\\/logo\\\/image\\\/\"},\"sameAs\":[\"https:\\\/\\\/www.facebook.com\\\/OrganisatorFachmagazin\",\"https:\\\/\\\/www.linkedin.com\\\/showcase\\\/organisator-das-magazin-fr-kmu\",\"https:\\\/\\\/www.xing.com\\\/news\\\/pages\\\/organisator-ch-695\",\"https:\\\/\\\/www.youtube.com\\\/channel\\\/UCGP2Sq0iWaZwT3BdIAQFYpw\"]},{\"@type\":\"Person\",\"@id\":\"https:\\\/\\\/www.organisator.ch\\\/#\\\/schema\\\/person\\\/4e51799071cd2dd1232ac003643ef5f0\",\"name\":\"galledia\",\"image\":{\"@type\":\"ImageObject\",\"inLanguage\":\"it-IT\",\"@id\":\"https:\\\/\\\/secure.gravatar.com\\\/avatar\\\/78a7f90c01fc2bfc875782a0d4922b37cde2cf184ce347b91316d23cd7f69a36?s=96&d=mm&r=g\",\"url\":\"https:\\\/\\\/secure.gravatar.com\\\/avatar\\\/78a7f90c01fc2bfc875782a0d4922b37cde2cf184ce347b91316d23cd7f69a36?s=96&d=mm&r=g\",\"contentUrl\":\"https:\\\/\\\/secure.gravatar.com\\\/avatar\\\/78a7f90c01fc2bfc875782a0d4922b37cde2cf184ce347b91316d23cd7f69a36?s=96&d=mm&r=g\",\"caption\":\"galledia\"},\"sameAs\":[\"https:\\\/\\\/x.com\\\/admin\"],\"url\":\"https:\\\/\\\/www.organisator.ch\\\/it\\\/author\\\/galledia\\\/\"}]}<\/script>\n<!-- \/ Yoast SEO plugin. -->","yoast_head_json":{"title":"Wirz si reinventa - Organizzatore","description":"Wirz utilizza la creativit\u00e0 in modo strategico per promuovere la crescita aziendale con nuovi modelli e risultati.","robots":{"index":"index","follow":"follow","max-snippet":"max-snippet:-1","max-image-preview":"max-image-preview:large","max-video-preview":"max-video-preview:-1"},"canonical":"https:\/\/www.organisator.ch\/it\/marketing\/2024-10-29\/wirz-erfindet-sich-neu\/","og_locale":"it_IT","og_type":"article","og_title":"Wirz erfindet sich neu - Organisator","og_description":"Wirz setzt Kreativit\u00e4t strategisch ein, um mit neuen Modellen und Ergebnissen Unternehmenswachstum zu f\u00f6rdern.","og_url":"https:\/\/www.organisator.ch\/it\/marketing\/2024-10-29\/wirz-erfindet-sich-neu\/","og_site_name":"Organisator","article_publisher":"https:\/\/www.facebook.com\/OrganisatorFachmagazin","article_published_time":"2024-10-28T23:05:15+00:00","article_modified_time":"2024-11-07T10:13:11+00:00","og_image":[{"url":"https:\/\/www.markt-kom.com\/wp-content\/uploads\/2024\/10\/Image_Neue-Ausrichtung_Wirz-scaled.jpg","type":"","width":"","height":""}],"author":"galledia","twitter_card":"summary_large_image","twitter_creator":"@admin","schema":{"@context":"https:\/\/schema.org","@graph":[{"@type":"Article","@id":"https:\/\/www.organisator.ch\/marketing\/2024-10-29\/wirz-erfindet-sich-neu\/#article","isPartOf":{"@id":"https:\/\/www.organisator.ch\/marketing\/2024-10-29\/wirz-erfindet-sich-neu\/"},"author":{"name":"galledia","@id":"https:\/\/www.organisator.ch\/#\/schema\/person\/4e51799071cd2dd1232ac003643ef5f0"},"headline":"Wirz erfindet sich neu","datePublished":"2024-10-28T23:05:15+00:00","dateModified":"2024-11-07T10:13:11+00:00","mainEntityOfPage":{"@id":"https:\/\/www.organisator.ch\/marketing\/2024-10-29\/wirz-erfindet-sich-neu\/"},"wordCount":716,"publisher":{"@id":"https:\/\/www.organisator.ch\/#organization"},"image":{"@id":"https:\/\/www.organisator.ch\/marketing\/2024-10-29\/wirz-erfindet-sich-neu\/#primaryimage"},"thumbnailUrl":"https:\/\/www.markt-kom.com\/wp-content\/uploads\/2024\/10\/Image_Neue-Ausrichtung_Wirz-scaled.jpg","keywords":["Business","Wirz"],"articleSection":["MARKETING"],"inLanguage":"it-IT"},{"@type":"WebPage","@id":"https:\/\/www.organisator.ch\/marketing\/2024-10-29\/wirz-erfindet-sich-neu\/","url":"https:\/\/www.organisator.ch\/marketing\/2024-10-29\/wirz-erfindet-sich-neu\/","name":"Wirz si reinventa - Organizzatore","isPartOf":{"@id":"https:\/\/www.organisator.ch\/#website"},"primaryImageOfPage":{"@id":"https:\/\/www.organisator.ch\/marketing\/2024-10-29\/wirz-erfindet-sich-neu\/#primaryimage"},"image":{"@id":"https:\/\/www.organisator.ch\/marketing\/2024-10-29\/wirz-erfindet-sich-neu\/#primaryimage"},"thumbnailUrl":"https:\/\/www.markt-kom.com\/wp-content\/uploads\/2024\/10\/Image_Neue-Ausrichtung_Wirz-scaled.jpg","datePublished":"2024-10-28T23:05:15+00:00","dateModified":"2024-11-07T10:13:11+00:00","description":"Wirz utilizza la creativit\u00e0 in modo strategico per promuovere la crescita aziendale con nuovi modelli e risultati.","breadcrumb":{"@id":"https:\/\/www.organisator.ch\/marketing\/2024-10-29\/wirz-erfindet-sich-neu\/#breadcrumb"},"inLanguage":"it-IT","potentialAction":[{"@type":"ReadAction","target":["https:\/\/www.organisator.ch\/marketing\/2024-10-29\/wirz-erfindet-sich-neu\/"]}]},{"@type":"ImageObject","inLanguage":"it-IT","@id":"https:\/\/www.organisator.ch\/marketing\/2024-10-29\/wirz-erfindet-sich-neu\/#primaryimage","url":"https:\/\/www.markt-kom.com\/wp-content\/uploads\/2024\/10\/Image_Neue-Ausrichtung_Wirz-scaled.jpg","contentUrl":"https:\/\/www.markt-kom.com\/wp-content\/uploads\/2024\/10\/Image_Neue-Ausrichtung_Wirz-scaled.jpg"},{"@type":"BreadcrumbList","@id":"https:\/\/www.organisator.ch\/marketing\/2024-10-29\/wirz-erfindet-sich-neu\/#breadcrumb","itemListElement":[{"@type":"ListItem","position":1,"name":"Home","item":"https:\/\/www.organisator.ch\/"},{"@type":"ListItem","position":2,"name":"Wirz erfindet sich neu"}]},{"@type":"WebSite","@id":"https:\/\/www.organisator.ch\/#website","url":"https:\/\/www.organisator.ch\/","name":"Organizzatore","description":"Competente. Pratico. In 10 numeri all'anno, ORGANISATOR presenta i temi essenziali per i manager delle PMI.","publisher":{"@id":"https:\/\/www.organisator.ch\/#organization"},"potentialAction":[{"@type":"SearchAction","target":{"@type":"EntryPoint","urlTemplate":"https:\/\/www.organisator.ch\/?s={search_term_string}"},"query-input":{"@type":"PropertyValueSpecification","valueRequired":true,"valueName":"search_term_string"}}],"inLanguage":"it-IT"},{"@type":"Organization","@id":"https:\/\/www.organisator.ch\/#organization","name":"Organizzatore","url":"https:\/\/www.organisator.ch\/","logo":{"@type":"ImageObject","inLanguage":"it-IT","@id":"https:\/\/www.organisator.ch\/#\/schema\/logo\/image\/","url":"https:\/\/www.organisator.ch\/wp-content\/uploads\/2022\/01\/Logo_Organisator_Website.png","contentUrl":"https:\/\/www.organisator.ch\/wp-content\/uploads\/2022\/01\/Logo_Organisator_Website.png","width":800,"height":77,"caption":"Organisator"},"image":{"@id":"https:\/\/www.organisator.ch\/#\/schema\/logo\/image\/"},"sameAs":["https:\/\/www.facebook.com\/OrganisatorFachmagazin","https:\/\/www.linkedin.com\/showcase\/organisator-das-magazin-fr-kmu","https:\/\/www.xing.com\/news\/pages\/organisator-ch-695","https:\/\/www.youtube.com\/channel\/UCGP2Sq0iWaZwT3BdIAQFYpw"]},{"@type":"Person","@id":"https:\/\/www.organisator.ch\/#\/schema\/person\/4e51799071cd2dd1232ac003643ef5f0","name":"galledia","image":{"@type":"ImageObject","inLanguage":"it-IT","@id":"https:\/\/secure.gravatar.com\/avatar\/78a7f90c01fc2bfc875782a0d4922b37cde2cf184ce347b91316d23cd7f69a36?s=96&d=mm&r=g","url":"https:\/\/secure.gravatar.com\/avatar\/78a7f90c01fc2bfc875782a0d4922b37cde2cf184ce347b91316d23cd7f69a36?s=96&d=mm&r=g","contentUrl":"https:\/\/secure.gravatar.com\/avatar\/78a7f90c01fc2bfc875782a0d4922b37cde2cf184ce347b91316d23cd7f69a36?s=96&d=mm&r=g","caption":"galledia"},"sameAs":["https:\/\/x.com\/admin"],"url":"https:\/\/www.organisator.ch\/it\/author\/galledia\/"}]}},"_links":{"self":[{"href":"https:\/\/www.organisator.ch\/it\/wp-json\/wp\/v2\/posts\/31307","targetHints":{"allow":["GET"]}}],"collection":[{"href":"https:\/\/www.organisator.ch\/it\/wp-json\/wp\/v2\/posts"}],"about":[{"href":"https:\/\/www.organisator.ch\/it\/wp-json\/wp\/v2\/types\/post"}],"author":[{"embeddable":true,"href":"https:\/\/www.organisator.ch\/it\/wp-json\/wp\/v2\/users\/8"}],"replies":[{"embeddable":true,"href":"https:\/\/www.organisator.ch\/it\/wp-json\/wp\/v2\/comments?post=31307"}],"version-history":[{"count":5,"href":"https:\/\/www.organisator.ch\/it\/wp-json\/wp\/v2\/posts\/31307\/revisions"}],"predecessor-version":[{"id":31706,"href":"https:\/\/www.organisator.ch\/it\/wp-json\/wp\/v2\/posts\/31307\/revisions\/31706"}],"wp:attachment":[{"href":"https:\/\/www.organisator.ch\/it\/wp-json\/wp\/v2\/media?parent=31307"}],"wp:term":[{"taxonomy":"category","embeddable":true,"href":"https:\/\/www.organisator.ch\/it\/wp-json\/wp\/v2\/categories?post=31307"},{"taxonomy":"post_tag","embeddable":true,"href":"https:\/\/www.organisator.ch\/it\/wp-json\/wp\/v2\/tags?post=31307"}],"curies":[{"name":"wp","href":"https:\/\/api.w.org\/{rel}","templated":true}]}}