{"id":31321,"date":"2024-10-29T09:20:07","date_gmt":"2024-10-29T08:20:07","guid":{"rendered":"https:\/\/www.organisator.ch\/?p=31321"},"modified":"2024-10-29T09:20:07","modified_gmt":"2024-10-29T08:20:07","slug":"85-delegiertenversammlung-von-swissmechanic-schweiz","status":"publish","type":"post","link":"https:\/\/www.organisator.ch\/it\/management\/2024-10-29\/85-delegiertenversammlung-von-swissmechanic-schweiz\/","title":{"rendered":"85a Assemblea dei delegati di Swissmechanic Svizzera"},"content":{"rendered":"<figure id=\"attachment_31322\" aria-describedby=\"caption-attachment-31322\" style=\"width: 680px\" class=\"wp-caption alignnone\"><img loading=\"lazy\" decoding=\"async\" class=\"size-full wp-image-31322\" src=\"https:\/\/www.organisator.ch\/wp-content\/uploads\/2024\/10\/Swissmehcanic_Bild1_ps.jpg\" alt=\"\" width=\"680\" height=\"382\" srcset=\"https:\/\/www.organisator.ch\/wp-content\/uploads\/2024\/10\/Swissmehcanic_Bild1_ps.jpg 680w, https:\/\/www.organisator.ch\/wp-content\/uploads\/2024\/10\/Swissmehcanic_Bild1_ps-18x10.jpg 18w, https:\/\/www.organisator.ch\/wp-content\/uploads\/2024\/10\/Swissmehcanic_Bild1_ps-375x211.jpg 375w, https:\/\/www.organisator.ch\/wp-content\/uploads\/2024\/10\/Swissmehcanic_Bild1_ps-623x350.jpg 623w\" sizes=\"auto, (max-width: 680px) 100vw, 680px\" \/><figcaption id=\"caption-attachment-31322\" class=\"wp-caption-text\">L'85a Assemblea dei delegati di Swissmechanic Svizzera si \u00e8 svolta il 26 ottobre 2024. (Immagine: www.swissmechanic.ch)<\/figcaption><\/figure>\n<p>Il 26 ottobre 2024 si \u00e8 svolta a Kartause Ittingen (TG) l'85a Assemblea dei delegati di Swissmechanic Svizzera, l'agile associazione dell'industria MEM delle PMI. In 85 anni di esistenza, l'associazione \u00e8 cresciuta notevolmente e si \u00e8 evoluta con il corso della tecnologia. Tuttavia, i valori di base sono rimasti gli stessi.<\/p>\n<p>Dal 2022 il presidente Nicola Roberto Tettamanti guida Swissmechanic verso il futuro, con agilit\u00e0 e networking. Alla luce delle numerose sfide, in particolare la carenza di lavoratori qualificati e la successione aziendale, il presidente ha sottolineato: \"Abbiamo tutti lo stesso obiettivo: garantire il nostro posto di lavoro in Svizzera\".<\/p>\n<p>La formazione professionale e il suo ulteriore sviluppo sono stati e sono un tema chiave nella revisione in corso delle professioni, la cui fase di preparazione operativa si concluder\u00e0 quest'anno. La revisione garantir\u00e0 che la formazione di base nelle otto professioni MEM sia attraente per i giovani, al passo con i rapidi sviluppi tecnologici e orientata al futuro, e che risponda alle esigenze delle aziende MEM.<\/p>\n<p>J\u00fcrg Marti, direttore di Swissmechanic Svizzera, ha spiegato: \"L'anno prossimo, la revisione dell'occupazione riguarder\u00e0 la preparazione dell'attuazione per l'introduzione nel 2026 - ed \u00e8 importante che l'attuazione sia adatta alle PMI e che le nostre PMI possano continuare a formare apprendisti di alto livello\". In questo modo, possiamo garantire che il nostro mercato del lavoro rimanga competitivo e che anche le regioni economiche meno centrali abbiano forti lavoratori qualificati e forti PMI\".<\/p>\n<h3><strong>Elezioni <\/strong><\/h3>\n<p>Ueli Meyer e Hansruedi Graf, che si sono dimessi dal Consiglio direttivo di Swissmechanic, sono stati ringraziati per il loro grande impegno. Pascal Degen, presidente di entrambe le sezioni di Basilea e proprietario e CEO di Dero AG, \u00e8 stato eletto nuovo membro del Consiglio direttivo.<\/p>\n<p>Jan Sutter, responsabile della formazione presso Swissmechanic Solothurn, e Patrick Schlenker, responsabile dell'officina meccanica centrale presso il Biozentrum dell'Universit\u00e0 di Basilea, sono stati eletti nuovi membri della Commissione per la formazione di base.<\/p>\n<p>I delegati hanno confermato Daniel Arn, Christoph N\u00e4geli, Christian Gerlach e Matthias Zurbuchen come membri del comitato per la formazione continua. Roger Portmann, responsabile della formazione presso il Centro di formazione di Lenzburg (wbz) e Fr\u00e9d\u00e9ric Grand sono stati eletti di recente in questo comitato,<\/p>\n<p>Docente presso il Centre Valaisan de Perfectionnement Continu (CVPC). Dominik Spycher, responsabile della formazione professionale presso il Centro di formazione tecnologica di Frauenfeld (BZT), \u00e8 un nuovo membro ospite del Comitato per la formazione continua.<\/p>\n<h3><strong>Saluti e discorso programmatico <\/strong><\/h3>\n<p>Quest'anno Swissmechanic ha ricevuto le parole di benvenuto di Peter B\u00fchler, Presidente del Gran Consiglio della Turgovia, Walter Sch\u00f6nholzer, Presidente del Governo cantonale della Turgovia, Martin Hirzel, Presidente di Swissmem, e Urs Furrer, Direttore dell'Associazione Svizzera del Commercio. Dopo la riunione dei delegati, il Prof. Dr. Christoph Schaltegger, Direttore dell'Istituto per la Politica Economica Svizzera (IWP) dell'Universit\u00e0 di Lucerna, ha tenuto un'interessante presentazione sul tema del risparmio nella politica federale.<\/p>\n<p><em>Fonte: <a href=\"http:\/\/www.swissmechanic.ch\">www.swissmechanic.ch<\/a><\/em><\/p>","protected":false},"excerpt":{"rendered":"<p>In occasione dell'assemblea dei delegati, Swissmechanic Svizzera ha riaffermato il proprio impegno a favore delle PMI-MEM svizzere, in particolare della formazione di base e degli adulti nelle professioni MEM. Sono stati nominati nuovi membri del Comitato esecutivo e dei Comitati per la formazione di base e avanzata.<\/p>","protected":false},"author":58,"featured_media":31322,"comment_status":"closed","ping_status":"closed","sticky":false,"template":"","format":"standard","meta":{"_acf_changed":false,"_yoast_wpseo_focuskw":"Delegiertenversammlung","_yoast_wpseo_metadesc":"An der Delegiertenversammlung bekr\u00e4ftigte Swissmechanic Schweiz sein Engagement f\u00fcr die Anliegen der Schweizer KMU-MEM.","articlekey":"","footnotes":""},"categories":[28],"tags":[4690,4406,334,3414,492],"class_list":["post-31321","post","type-post","status-publish","format-standard","has-post-thumbnail","hentry","category-management","tag-delegiertenversammlung","tag-kmu-mem","tag-management","tag-swissmechanic","tag-unternehmen"],"acf":[],"yoast_head":"<!-- This site is optimized with the Yoast SEO plugin v27.5 - https:\/\/yoast.com\/product\/yoast-seo-wordpress\/ -->\n<title>85. Delegiertenversammlung von Swissmechanic Schweiz - Organisator<\/title>\n<meta name=\"description\" content=\"An der Delegiertenversammlung bekr\u00e4ftigte Swissmechanic Schweiz sein Engagement f\u00fcr die Anliegen der Schweizer KMU-MEM.\" \/>\n<meta name=\"robots\" content=\"index, follow, max-snippet:-1, max-image-preview:large, max-video-preview:-1\" \/>\n<link rel=\"canonical\" href=\"https:\/\/www.organisator.ch\/it\/gestione-2\/2024-10-29\/85-delegiertenversammlung-von-swissmechanic-schweiz\/\" \/>\n<meta property=\"og:locale\" content=\"it_IT\" \/>\n<meta property=\"og:type\" content=\"article\" \/>\n<meta property=\"og:title\" content=\"85. Delegiertenversammlung von Swissmechanic Schweiz\" \/>\n<meta property=\"og:description\" content=\"An der Delegiertenversammlung bekr\u00e4ftigte Swissmechanic Schweiz sein Engagement f\u00fcr die Anliegen der Schweizer KMU-MEM.\" \/>\n<meta property=\"og:url\" content=\"https:\/\/www.organisator.ch\/it\/gestione-2\/2024-10-29\/85-delegiertenversammlung-von-swissmechanic-schweiz\/\" \/>\n<meta property=\"og:site_name\" content=\"Organisator\" \/>\n<meta property=\"article:publisher\" content=\"https:\/\/www.facebook.com\/OrganisatorFachmagazin\" \/>\n<meta property=\"article:published_time\" content=\"2024-10-29T08:20:07+00:00\" \/>\n<meta property=\"og:image\" content=\"https:\/\/www.organisator.ch\/wp-content\/uploads\/2024\/10\/Swissmehcanic_Bild1_ps.jpg\" \/>\n\t<meta property=\"og:image:width\" content=\"680\" \/>\n\t<meta property=\"og:image:height\" content=\"382\" \/>\n\t<meta property=\"og:image:type\" content=\"image\/jpeg\" \/>\n<meta name=\"author\" content=\"Adelisa Kalajdzini\" \/>\n<meta name=\"twitter:card\" content=\"summary_large_image\" \/>\n<meta name=\"twitter:title\" content=\"85. Delegiertenversammlung von Swissmechanic Schweiz\" \/>\n<meta name=\"twitter:description\" content=\"An der #Delegiertenversammlung bekr\u00e4ftigte #Swissmechanic #Schweiz sein #Engagement f\u00fcr die #Anliegen der Schweizer #KMU-MEM.\" \/>\n<meta name=\"twitter:image\" content=\"https:\/\/www.organisator.ch\/wp-content\/uploads\/2024\/10\/Swissmehcanic_Bild1_ps.jpg\" \/>\n<script type=\"application\/ld+json\" class=\"yoast-schema-graph\">{\"@context\":\"https:\\\/\\\/schema.org\",\"@graph\":[{\"@type\":\"Article\",\"@id\":\"https:\\\/\\\/www.organisator.ch\\\/management\\\/2024-10-29\\\/85-delegiertenversammlung-von-swissmechanic-schweiz\\\/#article\",\"isPartOf\":{\"@id\":\"https:\\\/\\\/www.organisator.ch\\\/management\\\/2024-10-29\\\/85-delegiertenversammlung-von-swissmechanic-schweiz\\\/\"},\"author\":{\"name\":\"Adelisa Kalajdzini\",\"@id\":\"https:\\\/\\\/www.organisator.ch\\\/#\\\/schema\\\/person\\\/2e1314a2172123f874db408d8911d3f3\"},\"headline\":\"85. Delegiertenversammlung von Swissmechanic Schweiz\",\"datePublished\":\"2024-10-29T08:20:07+00:00\",\"mainEntityOfPage\":{\"@id\":\"https:\\\/\\\/www.organisator.ch\\\/management\\\/2024-10-29\\\/85-delegiertenversammlung-von-swissmechanic-schweiz\\\/\"},\"wordCount\":441,\"publisher\":{\"@id\":\"https:\\\/\\\/www.organisator.ch\\\/#organization\"},\"image\":{\"@id\":\"https:\\\/\\\/www.organisator.ch\\\/management\\\/2024-10-29\\\/85-delegiertenversammlung-von-swissmechanic-schweiz\\\/#primaryimage\"},\"thumbnailUrl\":\"https:\\\/\\\/www.organisator.ch\\\/wp-content\\\/uploads\\\/2024\\\/10\\\/Swissmehcanic_Bild1_ps.jpg\",\"keywords\":[\"Delegiertenversammlung\",\"KMU-MEM\",\"Management\",\"Swissmechanic\",\"Unternehmen\"],\"articleSection\":[\"MANAGEMENT\"],\"inLanguage\":\"it-IT\"},{\"@type\":\"WebPage\",\"@id\":\"https:\\\/\\\/www.organisator.ch\\\/management\\\/2024-10-29\\\/85-delegiertenversammlung-von-swissmechanic-schweiz\\\/\",\"url\":\"https:\\\/\\\/www.organisator.ch\\\/management\\\/2024-10-29\\\/85-delegiertenversammlung-von-swissmechanic-schweiz\\\/\",\"name\":\"85. Delegiertenversammlung von Swissmechanic Schweiz - Organisator\",\"isPartOf\":{\"@id\":\"https:\\\/\\\/www.organisator.ch\\\/#website\"},\"primaryImageOfPage\":{\"@id\":\"https:\\\/\\\/www.organisator.ch\\\/management\\\/2024-10-29\\\/85-delegiertenversammlung-von-swissmechanic-schweiz\\\/#primaryimage\"},\"image\":{\"@id\":\"https:\\\/\\\/www.organisator.ch\\\/management\\\/2024-10-29\\\/85-delegiertenversammlung-von-swissmechanic-schweiz\\\/#primaryimage\"},\"thumbnailUrl\":\"https:\\\/\\\/www.organisator.ch\\\/wp-content\\\/uploads\\\/2024\\\/10\\\/Swissmehcanic_Bild1_ps.jpg\",\"datePublished\":\"2024-10-29T08:20:07+00:00\",\"description\":\"An der Delegiertenversammlung bekr\u00e4ftigte Swissmechanic Schweiz sein Engagement f\u00fcr die Anliegen der Schweizer KMU-MEM.\",\"breadcrumb\":{\"@id\":\"https:\\\/\\\/www.organisator.ch\\\/management\\\/2024-10-29\\\/85-delegiertenversammlung-von-swissmechanic-schweiz\\\/#breadcrumb\"},\"inLanguage\":\"it-IT\",\"potentialAction\":[{\"@type\":\"ReadAction\",\"target\":[\"https:\\\/\\\/www.organisator.ch\\\/management\\\/2024-10-29\\\/85-delegiertenversammlung-von-swissmechanic-schweiz\\\/\"]}]},{\"@type\":\"ImageObject\",\"inLanguage\":\"it-IT\",\"@id\":\"https:\\\/\\\/www.organisator.ch\\\/management\\\/2024-10-29\\\/85-delegiertenversammlung-von-swissmechanic-schweiz\\\/#primaryimage\",\"url\":\"https:\\\/\\\/www.organisator.ch\\\/wp-content\\\/uploads\\\/2024\\\/10\\\/Swissmehcanic_Bild1_ps.jpg\",\"contentUrl\":\"https:\\\/\\\/www.organisator.ch\\\/wp-content\\\/uploads\\\/2024\\\/10\\\/Swissmehcanic_Bild1_ps.jpg\",\"width\":680,\"height\":382,\"caption\":\"Am 26. Oktober 2024 fand die 85. Delegiertenversammlung von Swissmechanic Schweiz statt. (Bild: www.swissmechanic.ch)\"},{\"@type\":\"BreadcrumbList\",\"@id\":\"https:\\\/\\\/www.organisator.ch\\\/management\\\/2024-10-29\\\/85-delegiertenversammlung-von-swissmechanic-schweiz\\\/#breadcrumb\",\"itemListElement\":[{\"@type\":\"ListItem\",\"position\":1,\"name\":\"Home\",\"item\":\"https:\\\/\\\/www.organisator.ch\\\/\"},{\"@type\":\"ListItem\",\"position\":2,\"name\":\"85. Delegiertenversammlung von Swissmechanic Schweiz\"}]},{\"@type\":\"WebSite\",\"@id\":\"https:\\\/\\\/www.organisator.ch\\\/#website\",\"url\":\"https:\\\/\\\/www.organisator.ch\\\/\",\"name\":\"Organisator\",\"description\":\"Kompetent. Praxisnah. Der ORGANISATOR bereitet in 10 Ausgaben pro Jahr die wesentlichen Themen f\u00fcr F\u00fchrungskr\u00e4fte von KMU auf.\",\"publisher\":{\"@id\":\"https:\\\/\\\/www.organisator.ch\\\/#organization\"},\"potentialAction\":[{\"@type\":\"SearchAction\",\"target\":{\"@type\":\"EntryPoint\",\"urlTemplate\":\"https:\\\/\\\/www.organisator.ch\\\/?s={search_term_string}\"},\"query-input\":{\"@type\":\"PropertyValueSpecification\",\"valueRequired\":true,\"valueName\":\"search_term_string\"}}],\"inLanguage\":\"it-IT\"},{\"@type\":\"Organization\",\"@id\":\"https:\\\/\\\/www.organisator.ch\\\/#organization\",\"name\":\"Organisator\",\"url\":\"https:\\\/\\\/www.organisator.ch\\\/\",\"logo\":{\"@type\":\"ImageObject\",\"inLanguage\":\"it-IT\",\"@id\":\"https:\\\/\\\/www.organisator.ch\\\/#\\\/schema\\\/logo\\\/image\\\/\",\"url\":\"https:\\\/\\\/www.organisator.ch\\\/wp-content\\\/uploads\\\/2022\\\/01\\\/Logo_Organisator_Website.png\",\"contentUrl\":\"https:\\\/\\\/www.organisator.ch\\\/wp-content\\\/uploads\\\/2022\\\/01\\\/Logo_Organisator_Website.png\",\"width\":800,\"height\":77,\"caption\":\"Organisator\"},\"image\":{\"@id\":\"https:\\\/\\\/www.organisator.ch\\\/#\\\/schema\\\/logo\\\/image\\\/\"},\"sameAs\":[\"https:\\\/\\\/www.facebook.com\\\/OrganisatorFachmagazin\",\"https:\\\/\\\/www.linkedin.com\\\/showcase\\\/organisator-das-magazin-fr-kmu\",\"https:\\\/\\\/www.xing.com\\\/news\\\/pages\\\/organisator-ch-695\",\"https:\\\/\\\/www.youtube.com\\\/channel\\\/UCGP2Sq0iWaZwT3BdIAQFYpw\"]},{\"@type\":\"Person\",\"@id\":\"https:\\\/\\\/www.organisator.ch\\\/#\\\/schema\\\/person\\\/2e1314a2172123f874db408d8911d3f3\",\"name\":\"Adelisa Kalajdzini\",\"image\":{\"@type\":\"ImageObject\",\"inLanguage\":\"it-IT\",\"@id\":\"https:\\\/\\\/secure.gravatar.com\\\/avatar\\\/09a397c22ac58cad6f160ee8306348599df9df58a8ede73696226897b9fa4b24?s=96&d=mm&r=g\",\"url\":\"https:\\\/\\\/secure.gravatar.com\\\/avatar\\\/09a397c22ac58cad6f160ee8306348599df9df58a8ede73696226897b9fa4b24?s=96&d=mm&r=g\",\"contentUrl\":\"https:\\\/\\\/secure.gravatar.com\\\/avatar\\\/09a397c22ac58cad6f160ee8306348599df9df58a8ede73696226897b9fa4b24?s=96&d=mm&r=g\",\"caption\":\"Adelisa Kalajdzini\"},\"url\":\"https:\\\/\\\/www.organisator.ch\\\/it\\\/author\\\/adelisa-kalajdzini\\\/\"}]}<\/script>\n<!-- \/ Yoast SEO plugin. -->","yoast_head_json":{"title":"85a Assemblea dei delegati di Swissmechanic Svizzera - Organizzatore","description":"Durante la riunione dei delegati, Swissmechanic Svizzera ha ribadito il proprio impegno nei confronti delle PMI-MEM svizzere.","robots":{"index":"index","follow":"follow","max-snippet":"max-snippet:-1","max-image-preview":"max-image-preview:large","max-video-preview":"max-video-preview:-1"},"canonical":"https:\/\/www.organisator.ch\/it\/gestione-2\/2024-10-29\/85-delegiertenversammlung-von-swissmechanic-schweiz\/","og_locale":"it_IT","og_type":"article","og_title":"85. Delegiertenversammlung von Swissmechanic Schweiz","og_description":"An der Delegiertenversammlung bekr\u00e4ftigte Swissmechanic Schweiz sein Engagement f\u00fcr die Anliegen der Schweizer KMU-MEM.","og_url":"https:\/\/www.organisator.ch\/it\/gestione-2\/2024-10-29\/85-delegiertenversammlung-von-swissmechanic-schweiz\/","og_site_name":"Organisator","article_publisher":"https:\/\/www.facebook.com\/OrganisatorFachmagazin","article_published_time":"2024-10-29T08:20:07+00:00","og_image":[{"width":680,"height":382,"url":"https:\/\/www.organisator.ch\/wp-content\/uploads\/2024\/10\/Swissmehcanic_Bild1_ps.jpg","type":"image\/jpeg"}],"author":"Adelisa Kalajdzini","twitter_card":"summary_large_image","twitter_title":"85. Delegiertenversammlung von Swissmechanic Schweiz","twitter_description":"An der #Delegiertenversammlung bekr\u00e4ftigte #Swissmechanic #Schweiz sein #Engagement f\u00fcr die #Anliegen der Schweizer #KMU-MEM.","twitter_image":"https:\/\/www.organisator.ch\/wp-content\/uploads\/2024\/10\/Swissmehcanic_Bild1_ps.jpg","schema":{"@context":"https:\/\/schema.org","@graph":[{"@type":"Article","@id":"https:\/\/www.organisator.ch\/management\/2024-10-29\/85-delegiertenversammlung-von-swissmechanic-schweiz\/#article","isPartOf":{"@id":"https:\/\/www.organisator.ch\/management\/2024-10-29\/85-delegiertenversammlung-von-swissmechanic-schweiz\/"},"author":{"name":"Adelisa Kalajdzini","@id":"https:\/\/www.organisator.ch\/#\/schema\/person\/2e1314a2172123f874db408d8911d3f3"},"headline":"85. Delegiertenversammlung von Swissmechanic Schweiz","datePublished":"2024-10-29T08:20:07+00:00","mainEntityOfPage":{"@id":"https:\/\/www.organisator.ch\/management\/2024-10-29\/85-delegiertenversammlung-von-swissmechanic-schweiz\/"},"wordCount":441,"publisher":{"@id":"https:\/\/www.organisator.ch\/#organization"},"image":{"@id":"https:\/\/www.organisator.ch\/management\/2024-10-29\/85-delegiertenversammlung-von-swissmechanic-schweiz\/#primaryimage"},"thumbnailUrl":"https:\/\/www.organisator.ch\/wp-content\/uploads\/2024\/10\/Swissmehcanic_Bild1_ps.jpg","keywords":["Delegiertenversammlung","KMU-MEM","Management","Swissmechanic","Unternehmen"],"articleSection":["MANAGEMENT"],"inLanguage":"it-IT"},{"@type":"WebPage","@id":"https:\/\/www.organisator.ch\/management\/2024-10-29\/85-delegiertenversammlung-von-swissmechanic-schweiz\/","url":"https:\/\/www.organisator.ch\/management\/2024-10-29\/85-delegiertenversammlung-von-swissmechanic-schweiz\/","name":"85a Assemblea dei delegati di Swissmechanic Svizzera - Organizzatore","isPartOf":{"@id":"https:\/\/www.organisator.ch\/#website"},"primaryImageOfPage":{"@id":"https:\/\/www.organisator.ch\/management\/2024-10-29\/85-delegiertenversammlung-von-swissmechanic-schweiz\/#primaryimage"},"image":{"@id":"https:\/\/www.organisator.ch\/management\/2024-10-29\/85-delegiertenversammlung-von-swissmechanic-schweiz\/#primaryimage"},"thumbnailUrl":"https:\/\/www.organisator.ch\/wp-content\/uploads\/2024\/10\/Swissmehcanic_Bild1_ps.jpg","datePublished":"2024-10-29T08:20:07+00:00","description":"Durante la riunione dei delegati, Swissmechanic Svizzera ha ribadito il proprio impegno nei confronti delle PMI-MEM svizzere.","breadcrumb":{"@id":"https:\/\/www.organisator.ch\/management\/2024-10-29\/85-delegiertenversammlung-von-swissmechanic-schweiz\/#breadcrumb"},"inLanguage":"it-IT","potentialAction":[{"@type":"ReadAction","target":["https:\/\/www.organisator.ch\/management\/2024-10-29\/85-delegiertenversammlung-von-swissmechanic-schweiz\/"]}]},{"@type":"ImageObject","inLanguage":"it-IT","@id":"https:\/\/www.organisator.ch\/management\/2024-10-29\/85-delegiertenversammlung-von-swissmechanic-schweiz\/#primaryimage","url":"https:\/\/www.organisator.ch\/wp-content\/uploads\/2024\/10\/Swissmehcanic_Bild1_ps.jpg","contentUrl":"https:\/\/www.organisator.ch\/wp-content\/uploads\/2024\/10\/Swissmehcanic_Bild1_ps.jpg","width":680,"height":382,"caption":"Am 26. Oktober 2024 fand die 85. Delegiertenversammlung von Swissmechanic Schweiz statt. (Bild: www.swissmechanic.ch)"},{"@type":"BreadcrumbList","@id":"https:\/\/www.organisator.ch\/management\/2024-10-29\/85-delegiertenversammlung-von-swissmechanic-schweiz\/#breadcrumb","itemListElement":[{"@type":"ListItem","position":1,"name":"Home","item":"https:\/\/www.organisator.ch\/"},{"@type":"ListItem","position":2,"name":"85. Delegiertenversammlung von Swissmechanic Schweiz"}]},{"@type":"WebSite","@id":"https:\/\/www.organisator.ch\/#website","url":"https:\/\/www.organisator.ch\/","name":"Organizzatore","description":"Competente. Pratico. In 10 numeri all'anno, ORGANISATOR presenta i temi essenziali per i manager delle PMI.","publisher":{"@id":"https:\/\/www.organisator.ch\/#organization"},"potentialAction":[{"@type":"SearchAction","target":{"@type":"EntryPoint","urlTemplate":"https:\/\/www.organisator.ch\/?s={search_term_string}"},"query-input":{"@type":"PropertyValueSpecification","valueRequired":true,"valueName":"search_term_string"}}],"inLanguage":"it-IT"},{"@type":"Organization","@id":"https:\/\/www.organisator.ch\/#organization","name":"Organizzatore","url":"https:\/\/www.organisator.ch\/","logo":{"@type":"ImageObject","inLanguage":"it-IT","@id":"https:\/\/www.organisator.ch\/#\/schema\/logo\/image\/","url":"https:\/\/www.organisator.ch\/wp-content\/uploads\/2022\/01\/Logo_Organisator_Website.png","contentUrl":"https:\/\/www.organisator.ch\/wp-content\/uploads\/2022\/01\/Logo_Organisator_Website.png","width":800,"height":77,"caption":"Organisator"},"image":{"@id":"https:\/\/www.organisator.ch\/#\/schema\/logo\/image\/"},"sameAs":["https:\/\/www.facebook.com\/OrganisatorFachmagazin","https:\/\/www.linkedin.com\/showcase\/organisator-das-magazin-fr-kmu","https:\/\/www.xing.com\/news\/pages\/organisator-ch-695","https:\/\/www.youtube.com\/channel\/UCGP2Sq0iWaZwT3BdIAQFYpw"]},{"@type":"Person","@id":"https:\/\/www.organisator.ch\/#\/schema\/person\/2e1314a2172123f874db408d8911d3f3","name":"Adelisa Kalajdzini","image":{"@type":"ImageObject","inLanguage":"it-IT","@id":"https:\/\/secure.gravatar.com\/avatar\/09a397c22ac58cad6f160ee8306348599df9df58a8ede73696226897b9fa4b24?s=96&d=mm&r=g","url":"https:\/\/secure.gravatar.com\/avatar\/09a397c22ac58cad6f160ee8306348599df9df58a8ede73696226897b9fa4b24?s=96&d=mm&r=g","contentUrl":"https:\/\/secure.gravatar.com\/avatar\/09a397c22ac58cad6f160ee8306348599df9df58a8ede73696226897b9fa4b24?s=96&d=mm&r=g","caption":"Adelisa Kalajdzini"},"url":"https:\/\/www.organisator.ch\/it\/author\/adelisa-kalajdzini\/"}]}},"_links":{"self":[{"href":"https:\/\/www.organisator.ch\/it\/wp-json\/wp\/v2\/posts\/31321","targetHints":{"allow":["GET"]}}],"collection":[{"href":"https:\/\/www.organisator.ch\/it\/wp-json\/wp\/v2\/posts"}],"about":[{"href":"https:\/\/www.organisator.ch\/it\/wp-json\/wp\/v2\/types\/post"}],"author":[{"embeddable":true,"href":"https:\/\/www.organisator.ch\/it\/wp-json\/wp\/v2\/users\/58"}],"replies":[{"embeddable":true,"href":"https:\/\/www.organisator.ch\/it\/wp-json\/wp\/v2\/comments?post=31321"}],"version-history":[{"count":2,"href":"https:\/\/www.organisator.ch\/it\/wp-json\/wp\/v2\/posts\/31321\/revisions"}],"predecessor-version":[{"id":31354,"href":"https:\/\/www.organisator.ch\/it\/wp-json\/wp\/v2\/posts\/31321\/revisions\/31354"}],"wp:featuredmedia":[{"embeddable":true,"href":"https:\/\/www.organisator.ch\/it\/wp-json\/wp\/v2\/media\/31322"}],"wp:attachment":[{"href":"https:\/\/www.organisator.ch\/it\/wp-json\/wp\/v2\/media?parent=31321"}],"wp:term":[{"taxonomy":"category","embeddable":true,"href":"https:\/\/www.organisator.ch\/it\/wp-json\/wp\/v2\/categories?post=31321"},{"taxonomy":"post_tag","embeddable":true,"href":"https:\/\/www.organisator.ch\/it\/wp-json\/wp\/v2\/tags?post=31321"}],"curies":[{"name":"wp","href":"https:\/\/api.w.org\/{rel}","templated":true}]}}