{"id":31324,"date":"2024-10-29T08:55:18","date_gmt":"2024-10-29T07:55:18","guid":{"rendered":"https:\/\/www.markt-kom.com\/?p=225690"},"modified":"2024-11-07T11:06:29","modified_gmt":"2024-11-07T10:06:29","slug":"neue-karrierechancen-hwz-bietet-ab-herbst-2025-major-vertiefungen-fuer-bachelor-studierende","status":"publish","type":"post","link":"https:\/\/www.organisator.ch\/it\/marketing\/2024-10-29\/neue-karrierechancen-hwz-bietet-ab-herbst-2025-major-vertiefungen-fuer-bachelor-studierende\/","title":{"rendered":"Nuove opportunit\u00e0 di carriera: dall'autunno 2025 l'HWZ offrir\u00e0 agli studenti di laurea triennale specializzazioni di rilievo"},"content":{"rendered":"<figure id=\"attachment_225692\" class=\"wp-caption alignnone\" style=\"width: 978px\" aria-describedby=\"caption-attachment-225692\"><a href=\"https:\/\/www.markt-kom.com\/wp-content\/uploads\/2024\/10\/Bildschirmfoto-2024-10-29-um-08.53.25.png\"><img class=\"alignnone wp-image-225692 size-full\" src=\"https:\/\/www.markt-kom.com\/wp-content\/uploads\/2024\/10\/Bildschirmfoto-2024-10-29-um-08.53.25.png\" alt=\"HWZ\" width=\"978\" height=\"652\" \/><\/a>\r\n<figcaption id=\"caption-attachment-225692\" class=\"wp-caption-text\">Helen Irniger, responsabile dei programmi di Bachelor HWZ, e Urs J\u00e4ckli, responsabile del Dipartimento di Educazione HWZ<\/figcaption>\r\n<\/figure>\r\n<p>Con l'introduzione di ulteriori specializzazioni principali, la <a href=\"https:\/\/fh-hwz.ch\/\" rel=\"noopener\">HWZ<\/a> offre ai suoi studenti di laurea triennale l'opportunit\u00e0 di adattare il proprio percorso di studi alle attuali esigenze del mercato del lavoro e agli obiettivi di carriera personali. A partire dall'autunno 2025, sar\u00e0 possibile scegliere tra sette specializzazioni orientate alla pratica, sviluppate in collaborazione con esperti del mondo economico e scientifico. Gli studenti dei corsi di laurea triennale in Business Administration, Business Communications e Digital Business &amp; AI potranno concentrarsi su aree specifiche nell'ultimo anno di studio e approfondire le loro qualifiche in settori quali AI Marketing, Sustainable Business Development o UX &amp; Data-Driven Organisations.<\/p>\r\n<p>Helen Irniger, responsabile del programma di specializzazione dell'HWZ, sottolinea l'importanza di queste opzioni: \"Il quarto anno di studi offre agli studenti l'opportunit\u00e0 di specializzarsi in modo orientato alla pratica, scegliendo una specializzazione e scrivendo una tesi di laurea triennale per circa un terzo dei loro studi.\" Urs J\u00e4ckli, direttore del Dipartimento di Formazione dell'HWZ, aggiunge: \"Il nostro obiettivo \u00e8 preparare in modo ottimale gli studenti del Bachelor alle esigenze dinamiche del mercato del lavoro\". Con questo modello principale, l'HWZ offre agli studenti una formazione flessibile e orientata al futuro, che copre sia un'ampia base di conoscenze che competenze specialistiche.<\/p>\r\n<h3 class=\"x_MsoNormal\"><b>Il programma di specializzazione rivisto - argomenti e specializzazioni<\/b><\/h3>\r\n<p class=\"x_MsoNormal\">Nell'ultimo anno del corso di laurea triennale HWZ, della durata di otto semestri, gli studenti possono scegliere tra un'ampia gamma di sette specializzazioni principali:<\/p>\r\n<ul type=\"square\">\r\n\t<li class=\"x_MsoNormal\">Specializzazione AI Marketing, vendite \/ Psicologia aziendale<\/li>\r\n\t<li class=\"x_MsoNormal\"><span lang=\"EN-US\">Maggiore Gestione integrata del business digitale e dell'intelligenza artificiale<\/span><\/li>\r\n\t<li class=\"x_MsoNormal\"><span lang=\"EN-US\">Consulenza principale, coaching, leadership \/ psicologia aziendale<\/span><\/li>\r\n\t<li class=\"x_MsoNormal\"><span lang=\"EN-US\">Maggiore Sviluppo aziendale sostenibile e imprenditorialit\u00e0<\/span><\/li>\r\n\t<li class=\"x_MsoNormal\"><span lang=\"EN-US\">Principale Diritto commerciale e conformit\u00e0<\/span><\/li>\r\n\t<li class=\"x_MsoNormal\"><span lang=\"EN-US\">Principali attivit\u00e0 bancarie e finanziarie<\/span><\/li>\r\n\t<li class=\"x_MsoNormal\"><span lang=\"EN-US\">Principali organizzazioni UX e Data-Driven<\/span><\/li>\r\n<\/ul>","protected":false},"excerpt":{"rendered":"<p>L'HWZ amplia la sua offerta formativa: a partire dall'autunno 2025, gli studenti dei corsi di laurea in Business Administration, Business Communications e Digital Business &amp; AI potranno scegliere tra sette specializzazioni principali. La nuova offerta consentir\u00e0 agli studenti di specializzarsi in settori specifici orientati al futuro e agli obiettivi di carriera individuali.<\/p>","protected":false},"author":8,"featured_media":0,"comment_status":"closed","ping_status":"closed","sticky":false,"template":"","format":"standard","meta":{"_acf_changed":false,"_yoast_wpseo_focuskw":"HWZ","_yoast_wpseo_metadesc":"Die HWZ bietet ab Herbst 2025 neue Major-Vertiefungen in praxisorientierten Bereichen f\u00fcr Bachelor-Studierende an.","articlekey":"","footnotes":""},"categories":[29],"tags":[4345,1382,4691],"class_list":["post-31324","post","type-post","status-publish","format-standard","hentry","category-marketing","tag-business","tag-hwz","tag-nachwuchstalente"],"acf":[],"yoast_head":"<!-- This site is optimized with the Yoast SEO plugin v27.5 - https:\/\/yoast.com\/product\/yoast-seo-wordpress\/ -->\n<title>Neue Karrierechancen: HWZ bietet ab Herbst 2025 Major-Vertiefungen f\u00fcr Bachelor-Studierende - Organisator<\/title>\n<meta name=\"description\" content=\"Die HWZ bietet ab Herbst 2025 neue Major-Vertiefungen in praxisorientierten Bereichen f\u00fcr Bachelor-Studierende an.\" \/>\n<meta name=\"robots\" content=\"index, follow, max-snippet:-1, max-image-preview:large, max-video-preview:-1\" \/>\n<link rel=\"canonical\" href=\"https:\/\/www.organisator.ch\/it\/marketing\/2024-10-29\/neue-karrierechancen-hwz-bietet-ab-herbst-2025-major-vertiefungen-fuer-bachelor-studierende\/\" \/>\n<meta property=\"og:locale\" content=\"it_IT\" \/>\n<meta property=\"og:type\" content=\"article\" \/>\n<meta property=\"og:title\" content=\"Neue Karrierechancen: HWZ bietet ab Herbst 2025 Major-Vertiefungen f\u00fcr Bachelor-Studierende - Organisator\" \/>\n<meta property=\"og:description\" content=\"Die HWZ bietet ab Herbst 2025 neue Major-Vertiefungen in praxisorientierten Bereichen f\u00fcr Bachelor-Studierende an.\" \/>\n<meta property=\"og:url\" content=\"https:\/\/www.organisator.ch\/it\/marketing\/2024-10-29\/neue-karrierechancen-hwz-bietet-ab-herbst-2025-major-vertiefungen-fuer-bachelor-studierende\/\" \/>\n<meta property=\"og:site_name\" content=\"Organisator\" \/>\n<meta property=\"article:publisher\" content=\"https:\/\/www.facebook.com\/OrganisatorFachmagazin\" \/>\n<meta property=\"article:published_time\" content=\"2024-10-29T07:55:18+00:00\" \/>\n<meta property=\"article:modified_time\" content=\"2024-11-07T10:06:29+00:00\" \/>\n<meta property=\"og:image\" content=\"https:\/\/www.markt-kom.com\/wp-content\/uploads\/2024\/10\/Bildschirmfoto-2024-10-29-um-08.53.25.png\" \/>\n<meta name=\"author\" content=\"galledia\" \/>\n<meta name=\"twitter:card\" content=\"summary_large_image\" \/>\n<meta name=\"twitter:creator\" content=\"@admin\" \/>\n<script type=\"application\/ld+json\" class=\"yoast-schema-graph\">{\"@context\":\"https:\\\/\\\/schema.org\",\"@graph\":[{\"@type\":\"Article\",\"@id\":\"https:\\\/\\\/www.organisator.ch\\\/marketing\\\/2024-10-29\\\/neue-karrierechancen-hwz-bietet-ab-herbst-2025-major-vertiefungen-fuer-bachelor-studierende\\\/#article\",\"isPartOf\":{\"@id\":\"https:\\\/\\\/www.organisator.ch\\\/marketing\\\/2024-10-29\\\/neue-karrierechancen-hwz-bietet-ab-herbst-2025-major-vertiefungen-fuer-bachelor-studierende\\\/\"},\"author\":{\"name\":\"galledia\",\"@id\":\"https:\\\/\\\/www.organisator.ch\\\/#\\\/schema\\\/person\\\/4e51799071cd2dd1232ac003643ef5f0\"},\"headline\":\"Neue Karrierechancen: HWZ bietet ab Herbst 2025 Major-Vertiefungen f\u00fcr Bachelor-Studierende\",\"datePublished\":\"2024-10-29T07:55:18+00:00\",\"dateModified\":\"2024-11-07T10:06:29+00:00\",\"mainEntityOfPage\":{\"@id\":\"https:\\\/\\\/www.organisator.ch\\\/marketing\\\/2024-10-29\\\/neue-karrierechancen-hwz-bietet-ab-herbst-2025-major-vertiefungen-fuer-bachelor-studierende\\\/\"},\"wordCount\":256,\"publisher\":{\"@id\":\"https:\\\/\\\/www.organisator.ch\\\/#organization\"},\"image\":{\"@id\":\"https:\\\/\\\/www.organisator.ch\\\/marketing\\\/2024-10-29\\\/neue-karrierechancen-hwz-bietet-ab-herbst-2025-major-vertiefungen-fuer-bachelor-studierende\\\/#primaryimage\"},\"thumbnailUrl\":\"https:\\\/\\\/www.markt-kom.com\\\/wp-content\\\/uploads\\\/2024\\\/10\\\/Bildschirmfoto-2024-10-29-um-08.53.25.png\",\"keywords\":[\"Business\",\"HWZ\",\"Nachwuchstalente\"],\"articleSection\":[\"MARKETING\"],\"inLanguage\":\"it-IT\"},{\"@type\":\"WebPage\",\"@id\":\"https:\\\/\\\/www.organisator.ch\\\/marketing\\\/2024-10-29\\\/neue-karrierechancen-hwz-bietet-ab-herbst-2025-major-vertiefungen-fuer-bachelor-studierende\\\/\",\"url\":\"https:\\\/\\\/www.organisator.ch\\\/marketing\\\/2024-10-29\\\/neue-karrierechancen-hwz-bietet-ab-herbst-2025-major-vertiefungen-fuer-bachelor-studierende\\\/\",\"name\":\"Neue Karrierechancen: HWZ bietet ab Herbst 2025 Major-Vertiefungen f\u00fcr Bachelor-Studierende - Organisator\",\"isPartOf\":{\"@id\":\"https:\\\/\\\/www.organisator.ch\\\/#website\"},\"primaryImageOfPage\":{\"@id\":\"https:\\\/\\\/www.organisator.ch\\\/marketing\\\/2024-10-29\\\/neue-karrierechancen-hwz-bietet-ab-herbst-2025-major-vertiefungen-fuer-bachelor-studierende\\\/#primaryimage\"},\"image\":{\"@id\":\"https:\\\/\\\/www.organisator.ch\\\/marketing\\\/2024-10-29\\\/neue-karrierechancen-hwz-bietet-ab-herbst-2025-major-vertiefungen-fuer-bachelor-studierende\\\/#primaryimage\"},\"thumbnailUrl\":\"https:\\\/\\\/www.markt-kom.com\\\/wp-content\\\/uploads\\\/2024\\\/10\\\/Bildschirmfoto-2024-10-29-um-08.53.25.png\",\"datePublished\":\"2024-10-29T07:55:18+00:00\",\"dateModified\":\"2024-11-07T10:06:29+00:00\",\"description\":\"Die HWZ bietet ab Herbst 2025 neue Major-Vertiefungen in praxisorientierten Bereichen f\u00fcr Bachelor-Studierende an.\",\"breadcrumb\":{\"@id\":\"https:\\\/\\\/www.organisator.ch\\\/marketing\\\/2024-10-29\\\/neue-karrierechancen-hwz-bietet-ab-herbst-2025-major-vertiefungen-fuer-bachelor-studierende\\\/#breadcrumb\"},\"inLanguage\":\"it-IT\",\"potentialAction\":[{\"@type\":\"ReadAction\",\"target\":[\"https:\\\/\\\/www.organisator.ch\\\/marketing\\\/2024-10-29\\\/neue-karrierechancen-hwz-bietet-ab-herbst-2025-major-vertiefungen-fuer-bachelor-studierende\\\/\"]}]},{\"@type\":\"ImageObject\",\"inLanguage\":\"it-IT\",\"@id\":\"https:\\\/\\\/www.organisator.ch\\\/marketing\\\/2024-10-29\\\/neue-karrierechancen-hwz-bietet-ab-herbst-2025-major-vertiefungen-fuer-bachelor-studierende\\\/#primaryimage\",\"url\":\"https:\\\/\\\/www.markt-kom.com\\\/wp-content\\\/uploads\\\/2024\\\/10\\\/Bildschirmfoto-2024-10-29-um-08.53.25.png\",\"contentUrl\":\"https:\\\/\\\/www.markt-kom.com\\\/wp-content\\\/uploads\\\/2024\\\/10\\\/Bildschirmfoto-2024-10-29-um-08.53.25.png\"},{\"@type\":\"BreadcrumbList\",\"@id\":\"https:\\\/\\\/www.organisator.ch\\\/marketing\\\/2024-10-29\\\/neue-karrierechancen-hwz-bietet-ab-herbst-2025-major-vertiefungen-fuer-bachelor-studierende\\\/#breadcrumb\",\"itemListElement\":[{\"@type\":\"ListItem\",\"position\":1,\"name\":\"Home\",\"item\":\"https:\\\/\\\/www.organisator.ch\\\/\"},{\"@type\":\"ListItem\",\"position\":2,\"name\":\"Neue Karrierechancen: HWZ bietet ab Herbst 2025 Major-Vertiefungen f\u00fcr Bachelor-Studierende\"}]},{\"@type\":\"WebSite\",\"@id\":\"https:\\\/\\\/www.organisator.ch\\\/#website\",\"url\":\"https:\\\/\\\/www.organisator.ch\\\/\",\"name\":\"Organisator\",\"description\":\"Kompetent. Praxisnah. Der ORGANISATOR bereitet in 10 Ausgaben pro Jahr die wesentlichen Themen f\u00fcr F\u00fchrungskr\u00e4fte von KMU auf.\",\"publisher\":{\"@id\":\"https:\\\/\\\/www.organisator.ch\\\/#organization\"},\"potentialAction\":[{\"@type\":\"SearchAction\",\"target\":{\"@type\":\"EntryPoint\",\"urlTemplate\":\"https:\\\/\\\/www.organisator.ch\\\/?s={search_term_string}\"},\"query-input\":{\"@type\":\"PropertyValueSpecification\",\"valueRequired\":true,\"valueName\":\"search_term_string\"}}],\"inLanguage\":\"it-IT\"},{\"@type\":\"Organization\",\"@id\":\"https:\\\/\\\/www.organisator.ch\\\/#organization\",\"name\":\"Organisator\",\"url\":\"https:\\\/\\\/www.organisator.ch\\\/\",\"logo\":{\"@type\":\"ImageObject\",\"inLanguage\":\"it-IT\",\"@id\":\"https:\\\/\\\/www.organisator.ch\\\/#\\\/schema\\\/logo\\\/image\\\/\",\"url\":\"https:\\\/\\\/www.organisator.ch\\\/wp-content\\\/uploads\\\/2022\\\/01\\\/Logo_Organisator_Website.png\",\"contentUrl\":\"https:\\\/\\\/www.organisator.ch\\\/wp-content\\\/uploads\\\/2022\\\/01\\\/Logo_Organisator_Website.png\",\"width\":800,\"height\":77,\"caption\":\"Organisator\"},\"image\":{\"@id\":\"https:\\\/\\\/www.organisator.ch\\\/#\\\/schema\\\/logo\\\/image\\\/\"},\"sameAs\":[\"https:\\\/\\\/www.facebook.com\\\/OrganisatorFachmagazin\",\"https:\\\/\\\/www.linkedin.com\\\/showcase\\\/organisator-das-magazin-fr-kmu\",\"https:\\\/\\\/www.xing.com\\\/news\\\/pages\\\/organisator-ch-695\",\"https:\\\/\\\/www.youtube.com\\\/channel\\\/UCGP2Sq0iWaZwT3BdIAQFYpw\"]},{\"@type\":\"Person\",\"@id\":\"https:\\\/\\\/www.organisator.ch\\\/#\\\/schema\\\/person\\\/4e51799071cd2dd1232ac003643ef5f0\",\"name\":\"galledia\",\"image\":{\"@type\":\"ImageObject\",\"inLanguage\":\"it-IT\",\"@id\":\"https:\\\/\\\/secure.gravatar.com\\\/avatar\\\/78a7f90c01fc2bfc875782a0d4922b37cde2cf184ce347b91316d23cd7f69a36?s=96&d=mm&r=g\",\"url\":\"https:\\\/\\\/secure.gravatar.com\\\/avatar\\\/78a7f90c01fc2bfc875782a0d4922b37cde2cf184ce347b91316d23cd7f69a36?s=96&d=mm&r=g\",\"contentUrl\":\"https:\\\/\\\/secure.gravatar.com\\\/avatar\\\/78a7f90c01fc2bfc875782a0d4922b37cde2cf184ce347b91316d23cd7f69a36?s=96&d=mm&r=g\",\"caption\":\"galledia\"},\"sameAs\":[\"https:\\\/\\\/x.com\\\/admin\"],\"url\":\"https:\\\/\\\/www.organisator.ch\\\/it\\\/author\\\/galledia\\\/\"}]}<\/script>\n<!-- \/ Yoast SEO plugin. -->","yoast_head_json":{"title":"Nuove opportunit\u00e0 di carriera: HWZ offrir\u00e0 grandi specializzazioni per gli studenti di laurea triennale a partire dall'autunno 2025 - Organizzatore","description":"A partire dall'autunno 2025, l'HWZ offrir\u00e0 agli studenti del Bachelor nuove specializzazioni in aree orientate alla pratica.","robots":{"index":"index","follow":"follow","max-snippet":"max-snippet:-1","max-image-preview":"max-image-preview:large","max-video-preview":"max-video-preview:-1"},"canonical":"https:\/\/www.organisator.ch\/it\/marketing\/2024-10-29\/neue-karrierechancen-hwz-bietet-ab-herbst-2025-major-vertiefungen-fuer-bachelor-studierende\/","og_locale":"it_IT","og_type":"article","og_title":"Neue Karrierechancen: HWZ bietet ab Herbst 2025 Major-Vertiefungen f\u00fcr Bachelor-Studierende - Organisator","og_description":"Die HWZ bietet ab Herbst 2025 neue Major-Vertiefungen in praxisorientierten Bereichen f\u00fcr Bachelor-Studierende an.","og_url":"https:\/\/www.organisator.ch\/it\/marketing\/2024-10-29\/neue-karrierechancen-hwz-bietet-ab-herbst-2025-major-vertiefungen-fuer-bachelor-studierende\/","og_site_name":"Organisator","article_publisher":"https:\/\/www.facebook.com\/OrganisatorFachmagazin","article_published_time":"2024-10-29T07:55:18+00:00","article_modified_time":"2024-11-07T10:06:29+00:00","og_image":[{"url":"https:\/\/www.markt-kom.com\/wp-content\/uploads\/2024\/10\/Bildschirmfoto-2024-10-29-um-08.53.25.png","type":"","width":"","height":""}],"author":"galledia","twitter_card":"summary_large_image","twitter_creator":"@admin","schema":{"@context":"https:\/\/schema.org","@graph":[{"@type":"Article","@id":"https:\/\/www.organisator.ch\/marketing\/2024-10-29\/neue-karrierechancen-hwz-bietet-ab-herbst-2025-major-vertiefungen-fuer-bachelor-studierende\/#article","isPartOf":{"@id":"https:\/\/www.organisator.ch\/marketing\/2024-10-29\/neue-karrierechancen-hwz-bietet-ab-herbst-2025-major-vertiefungen-fuer-bachelor-studierende\/"},"author":{"name":"galledia","@id":"https:\/\/www.organisator.ch\/#\/schema\/person\/4e51799071cd2dd1232ac003643ef5f0"},"headline":"Neue Karrierechancen: HWZ bietet ab Herbst 2025 Major-Vertiefungen f\u00fcr Bachelor-Studierende","datePublished":"2024-10-29T07:55:18+00:00","dateModified":"2024-11-07T10:06:29+00:00","mainEntityOfPage":{"@id":"https:\/\/www.organisator.ch\/marketing\/2024-10-29\/neue-karrierechancen-hwz-bietet-ab-herbst-2025-major-vertiefungen-fuer-bachelor-studierende\/"},"wordCount":256,"publisher":{"@id":"https:\/\/www.organisator.ch\/#organization"},"image":{"@id":"https:\/\/www.organisator.ch\/marketing\/2024-10-29\/neue-karrierechancen-hwz-bietet-ab-herbst-2025-major-vertiefungen-fuer-bachelor-studierende\/#primaryimage"},"thumbnailUrl":"https:\/\/www.markt-kom.com\/wp-content\/uploads\/2024\/10\/Bildschirmfoto-2024-10-29-um-08.53.25.png","keywords":["Business","HWZ","Nachwuchstalente"],"articleSection":["MARKETING"],"inLanguage":"it-IT"},{"@type":"WebPage","@id":"https:\/\/www.organisator.ch\/marketing\/2024-10-29\/neue-karrierechancen-hwz-bietet-ab-herbst-2025-major-vertiefungen-fuer-bachelor-studierende\/","url":"https:\/\/www.organisator.ch\/marketing\/2024-10-29\/neue-karrierechancen-hwz-bietet-ab-herbst-2025-major-vertiefungen-fuer-bachelor-studierende\/","name":"Nuove opportunit\u00e0 di carriera: HWZ offrir\u00e0 grandi specializzazioni per gli studenti di laurea triennale a partire dall'autunno 2025 - Organizzatore","isPartOf":{"@id":"https:\/\/www.organisator.ch\/#website"},"primaryImageOfPage":{"@id":"https:\/\/www.organisator.ch\/marketing\/2024-10-29\/neue-karrierechancen-hwz-bietet-ab-herbst-2025-major-vertiefungen-fuer-bachelor-studierende\/#primaryimage"},"image":{"@id":"https:\/\/www.organisator.ch\/marketing\/2024-10-29\/neue-karrierechancen-hwz-bietet-ab-herbst-2025-major-vertiefungen-fuer-bachelor-studierende\/#primaryimage"},"thumbnailUrl":"https:\/\/www.markt-kom.com\/wp-content\/uploads\/2024\/10\/Bildschirmfoto-2024-10-29-um-08.53.25.png","datePublished":"2024-10-29T07:55:18+00:00","dateModified":"2024-11-07T10:06:29+00:00","description":"A partire dall'autunno 2025, l'HWZ offrir\u00e0 agli studenti del Bachelor nuove specializzazioni in aree orientate alla pratica.","breadcrumb":{"@id":"https:\/\/www.organisator.ch\/marketing\/2024-10-29\/neue-karrierechancen-hwz-bietet-ab-herbst-2025-major-vertiefungen-fuer-bachelor-studierende\/#breadcrumb"},"inLanguage":"it-IT","potentialAction":[{"@type":"ReadAction","target":["https:\/\/www.organisator.ch\/marketing\/2024-10-29\/neue-karrierechancen-hwz-bietet-ab-herbst-2025-major-vertiefungen-fuer-bachelor-studierende\/"]}]},{"@type":"ImageObject","inLanguage":"it-IT","@id":"https:\/\/www.organisator.ch\/marketing\/2024-10-29\/neue-karrierechancen-hwz-bietet-ab-herbst-2025-major-vertiefungen-fuer-bachelor-studierende\/#primaryimage","url":"https:\/\/www.markt-kom.com\/wp-content\/uploads\/2024\/10\/Bildschirmfoto-2024-10-29-um-08.53.25.png","contentUrl":"https:\/\/www.markt-kom.com\/wp-content\/uploads\/2024\/10\/Bildschirmfoto-2024-10-29-um-08.53.25.png"},{"@type":"BreadcrumbList","@id":"https:\/\/www.organisator.ch\/marketing\/2024-10-29\/neue-karrierechancen-hwz-bietet-ab-herbst-2025-major-vertiefungen-fuer-bachelor-studierende\/#breadcrumb","itemListElement":[{"@type":"ListItem","position":1,"name":"Home","item":"https:\/\/www.organisator.ch\/"},{"@type":"ListItem","position":2,"name":"Neue Karrierechancen: HWZ bietet ab Herbst 2025 Major-Vertiefungen f\u00fcr Bachelor-Studierende"}]},{"@type":"WebSite","@id":"https:\/\/www.organisator.ch\/#website","url":"https:\/\/www.organisator.ch\/","name":"Organizzatore","description":"Competente. Pratico. In 10 numeri all'anno, ORGANISATOR presenta i temi essenziali per i manager delle PMI.","publisher":{"@id":"https:\/\/www.organisator.ch\/#organization"},"potentialAction":[{"@type":"SearchAction","target":{"@type":"EntryPoint","urlTemplate":"https:\/\/www.organisator.ch\/?s={search_term_string}"},"query-input":{"@type":"PropertyValueSpecification","valueRequired":true,"valueName":"search_term_string"}}],"inLanguage":"it-IT"},{"@type":"Organization","@id":"https:\/\/www.organisator.ch\/#organization","name":"Organizzatore","url":"https:\/\/www.organisator.ch\/","logo":{"@type":"ImageObject","inLanguage":"it-IT","@id":"https:\/\/www.organisator.ch\/#\/schema\/logo\/image\/","url":"https:\/\/www.organisator.ch\/wp-content\/uploads\/2022\/01\/Logo_Organisator_Website.png","contentUrl":"https:\/\/www.organisator.ch\/wp-content\/uploads\/2022\/01\/Logo_Organisator_Website.png","width":800,"height":77,"caption":"Organisator"},"image":{"@id":"https:\/\/www.organisator.ch\/#\/schema\/logo\/image\/"},"sameAs":["https:\/\/www.facebook.com\/OrganisatorFachmagazin","https:\/\/www.linkedin.com\/showcase\/organisator-das-magazin-fr-kmu","https:\/\/www.xing.com\/news\/pages\/organisator-ch-695","https:\/\/www.youtube.com\/channel\/UCGP2Sq0iWaZwT3BdIAQFYpw"]},{"@type":"Person","@id":"https:\/\/www.organisator.ch\/#\/schema\/person\/4e51799071cd2dd1232ac003643ef5f0","name":"galledia","image":{"@type":"ImageObject","inLanguage":"it-IT","@id":"https:\/\/secure.gravatar.com\/avatar\/78a7f90c01fc2bfc875782a0d4922b37cde2cf184ce347b91316d23cd7f69a36?s=96&d=mm&r=g","url":"https:\/\/secure.gravatar.com\/avatar\/78a7f90c01fc2bfc875782a0d4922b37cde2cf184ce347b91316d23cd7f69a36?s=96&d=mm&r=g","contentUrl":"https:\/\/secure.gravatar.com\/avatar\/78a7f90c01fc2bfc875782a0d4922b37cde2cf184ce347b91316d23cd7f69a36?s=96&d=mm&r=g","caption":"galledia"},"sameAs":["https:\/\/x.com\/admin"],"url":"https:\/\/www.organisator.ch\/it\/author\/galledia\/"}]}},"_links":{"self":[{"href":"https:\/\/www.organisator.ch\/it\/wp-json\/wp\/v2\/posts\/31324","targetHints":{"allow":["GET"]}}],"collection":[{"href":"https:\/\/www.organisator.ch\/it\/wp-json\/wp\/v2\/posts"}],"about":[{"href":"https:\/\/www.organisator.ch\/it\/wp-json\/wp\/v2\/types\/post"}],"author":[{"embeddable":true,"href":"https:\/\/www.organisator.ch\/it\/wp-json\/wp\/v2\/users\/8"}],"replies":[{"embeddable":true,"href":"https:\/\/www.organisator.ch\/it\/wp-json\/wp\/v2\/comments?post=31324"}],"version-history":[{"count":5,"href":"https:\/\/www.organisator.ch\/it\/wp-json\/wp\/v2\/posts\/31324\/revisions"}],"predecessor-version":[{"id":31703,"href":"https:\/\/www.organisator.ch\/it\/wp-json\/wp\/v2\/posts\/31324\/revisions\/31703"}],"wp:attachment":[{"href":"https:\/\/www.organisator.ch\/it\/wp-json\/wp\/v2\/media?parent=31324"}],"wp:term":[{"taxonomy":"category","embeddable":true,"href":"https:\/\/www.organisator.ch\/it\/wp-json\/wp\/v2\/categories?post=31324"},{"taxonomy":"post_tag","embeddable":true,"href":"https:\/\/www.organisator.ch\/it\/wp-json\/wp\/v2\/tags?post=31324"}],"curies":[{"name":"wp","href":"https:\/\/api.w.org\/{rel}","templated":true}]}}