{"id":31327,"date":"2024-10-29T10:47:27","date_gmt":"2024-10-29T09:47:27","guid":{"rendered":"https:\/\/www.m-q.ch\/?p=20624"},"modified":"2024-11-07T11:03:31","modified_gmt":"2024-11-07T10:03:31","slug":"das-ersthelfer-symposium-war-auch-2024-ein-voller-erfolg","status":"publish","type":"post","link":"https:\/\/www.organisator.ch\/it\/operational-excellence\/2024-10-29\/das-ersthelfer-symposium-war-auch-2024-ein-voller-erfolg\/","title":{"rendered":"Il simposio di primo soccorso \u00e8 stato un successo anche nel 2024."},"content":{"rendered":"<figure id=\"attachment_20626\" class=\"wp-caption alignnone\" style=\"width: 680px\" aria-describedby=\"caption-attachment-20626\"><img class=\"alignnone wp-image-20626 size-full\" src=\"https:\/\/www.m-q.ch\/wp-content\/uploads\/2024\/10\/Ersthelfer_Symposium_Bild1_ps.jpg\" alt=\"Simposio sul primo soccorso \" width=\"680\" height=\"454\" \/>\r\n<figcaption id=\"caption-attachment-20626\" class=\"wp-caption-text\">Il simposio sul primo soccorso si rivolge a tutti gli operatori di primo soccorso, principianti, avanzati o professionisti, che si tratti di samaritani, paramedici aziendali, privati o organizzazioni blue light. (Immagine: www.ersthelfersymposium.ch)<\/figcaption>\r\n<\/figure>\r\n<p>Per quanto ci sforziamo di diventare socialmente, politicamente, culturalmente ed economicamente uguali, l'anatomia di donne e uomini rimane diversa. E questo ha un impatto sulle possibili emergenze mediche e sul primo soccorso appropriato. In presenza di differenze, \u00e8 necessaria la comprensione. \u00c8 proprio questa comprensione che il Simposio sul Primo Soccorso 2024 ha promosso.<\/p>\r\n<p>L'infermiere paramedico e anestesista Willem van Waasbergen ha condotto i partecipanti in una breve escursione nell'anatomia. Poi si \u00e8 concentrato sulle donne: dal ciclo mestruale alle gravidanze, agli aborti spontanei e alle gravidanze ectopiche, fino alla cistite e alla pre-eclampsia. Ha sottolineato la teoria con le sue esperienze personali nella vita lavorativa di tutti i giorni. Ha anche sciolto la questione se le donne incinte debbano essere lasciate sdraiate sul fianco sinistro: meglio a sinistra che a destra, ma meglio a destra che sulla schiena.<\/p>\r\n<p>Dopo che un uomo si \u00e8 scagliato contro le donne, una donna ha affrontato gli uomini. La dottoressa Doris Mannhard, specialista in urologia FMH dell'Uroclinic Uster, ha affrontato tutti i tipi di emergenze maschili, tra cui ernie inguinali, epididimite, torsione testicolare e ritenzione urinaria. Ha anche parlato di casi che ha incontrato nel suo lavoro quotidiano, suscitando spesso un notevole gemito da parte dei partecipanti di sesso maschile.<\/p>\r\n<h3><strong>Differenze religiose e culturali<\/strong><\/h3>\r\n<p>Esistono anche differenze culturali e religiose. Tuttavia, spesso non sono cos\u00ec facili da imparare come le caratteristiche anatomiche. Alcuni pazienti non vogliono essere rianimati, altri non vogliono sangue estraneo, altri non devono essere toccati e altri non devono essere lasciati soli nella stanza. E: pu\u00f2 essere estremamente difficile conciliare queste differenze con i propri valori e le procedure apprese.<\/p>\r\n<p>Stephan Sch\u00e4rli si \u00e8 concentrato su questo tema nella sua presentazione. Ha attinto a una vasta esperienza: \u00e8 paramedico, responsabile di un reparto di emergenza interdisciplinare a Luks Wolhusen e presidente di un centro Spitex. E ha dato ai partecipanti una cosa in particolare: \u00c8 tutta una questione di comunicazione, verbale e non verbale.<\/p>\r\n<h3><strong>Discussione del panel: L'intera gamma di sfide<\/strong><\/h3>\r\n<p>Tuttavia, il tema \"uomini e donne\" presenta molti altri ostacoli nel primo soccorso. Ad esempio, la definizione dei limiti, la protezione legale e l'autoprotezione psicologica per i primi soccorritori.<\/p>\r\n<p>Queste domande sono state affrontate nella tavola rotonda conclusiva. Ai relatori si sono aggiunti due membri del consiglio di amministrazione di SVBS: Bruno Ducceschi e Katia G\u00fcntert hanno condiviso molte storie ed esempi tratti dal loro bagaglio di esperienze.<\/p>\r\n<h3><strong>Il Simposio 2025 del Primo Soccorritore si sposta<\/strong><\/h3>\r\n<p>Dopo quattro eventi di successo nell'auditorium, il prossimo simposio sui soccorritori si trasferir\u00e0 nella sala Lucerna del KKL di Lucerna l'8 novembre 2025, rendendo l'evento ancora pi\u00f9 professionale, pi\u00f9 piacevole e pi\u00f9 impressionante.<\/p>\r\n<p>Il programma \u00e8 gi\u00e0 stato ultimato. Intitolato \"I primi soccorritori - gi\u00e0 con un piede in prigione?\", il programma affronta vari argomenti di rilevanza legale:<\/p>\r\n<ul>\r\n\t<li>Il comportamento corretto sulla scena di un incidente: cosa non piace alla polizia e alla procura e quando \u00e8 possibile farla franca? Michael Muther, capo della Polizia di Sicurezza Sud, approfondisce l'argomento.<\/li>\r\n\t<li>Rapporti con i media: cosa fare se si viene fotografati senza essere interpellati e cosa si pu\u00f2 dire se un giornalista fa domande? Kay Schubert, professionista dei media, risponde a queste domande.<\/li>\r\n\t<li>Dispensare farmaci: cosa possono, devono o possono dispensare gli operatori di primo soccorso? Questa domanda suscita ripetutamente ignoranza, ma anche mancanza di comprensione. Rudolf Hauri, medico cantonale del Cantone di Zugo, affronter\u00e0 questo argomento.<\/li>\r\n\t<li>Marcel Ruf (carcere di Lenzburg) spiega come viene organizzato il primo soccorso in un carcere, cosa preparare e come procedere se i servizi di emergenza devono entrare e uscire dal carcere.<\/li>\r\n<\/ul>\r\n<h3><strong>Dai principianti ai professionisti, in tedesco e francese<\/strong><\/h3>\r\n<p>Il simposio sui primi soccorritori si rivolge a tutti i soccorritori, principianti, avanzati o professionisti, che siano samaritani, paramedici aziendali, privati o organizzazioni di servizi di emergenza. Grazie alla traduzione simultanea di tutte le presentazioni, si rivolgono ai primi soccorritori della Svizzera tedesca e francese.<\/p>\r\n<p>I relatori di alto livello dedicheranno circa un'ora ai loro argomenti, con ampio spazio per le domande dei partecipanti.<\/p>\r\n<p>Naturalmente, anche il programma di supporto \u00e8 importante: nel 2025, un numero ancora maggiore di espositori presenter\u00e0 i propri prodotti, corsi e servizi nel foyer e le pause offriranno tempo sufficiente e l'atmosfera giusta per scambiare idee e fare rete.<\/p>\r\n<p>E: lo SGAS ha confermato 2 punti di formazione per la partecipazione al First Aider Symposium 2025, l'IVR accrediter\u00e0 3,5 ore per il certificato IVR.<\/p>\r\n<p><em>Fonte: <a href=\"http:\/\/www.ersthelfersymposium.ch\/\">www.ersthelfersymposium.ch<\/a><\/em><\/p>\n<p class=\"syndicated-attribution\">Questo articolo \u00e8 apparso originariamente su m-q.ch - <a href=\"https:\/\/www.m-q.ch\/de\/das-ersthelfer-symposium-war-auch-2024-ein-voller-erfolg\/\" target=\"_blank\">https:\/\/www.m-q.ch\/de\/das-ersthelfer-symposium-war-auch-2024-ein-voller-erfolg\/<\/a><\/p>","protected":false},"excerpt":{"rendered":"<p>Il simposio 2024 sul primo soccorso si \u00e8 concentrato sul tema \"Donne e uomini\". I relatori hanno illustrato le molte differenze tra donne e uomini nel primo soccorso in modo umoristico e fondato. Nel frattempo, il simposio di primo soccorso si \u00e8 svolto per l'ultima volta nell'auditorium del KKL Luzern - l'anno prossimo si sposter\u00e0 nella Luzernersaal del KKL Luzern. Il programma \u00e8 gi\u00e0 stato definito.<\/p>","protected":false},"author":58,"featured_media":0,"comment_status":"closed","ping_status":"closed","sticky":false,"template":"","format":"standard","meta":{"_acf_changed":false,"_yoast_wpseo_focuskw":"Ersthelfer Symposium","_yoast_wpseo_metadesc":"Das Ersthelfer Symposium 2025 behandelt Themen wie geschlechtsspezifische Erste Hilfe und kulturelle Unterschiede.","articlekey":"","footnotes":""},"categories":[582],"tags":[3496,4692,1953,418],"class_list":["post-31327","post","type-post","status-publish","format-standard","hentry","category-operational-excellence","tag-erste-hilfe","tag-ersthelfer-symposium","tag-programm","tag-risikomanagement"],"acf":[],"yoast_head":"<!-- This site is optimized with the Yoast SEO plugin v27.5 - https:\/\/yoast.com\/product\/yoast-seo-wordpress\/ -->\n<title>Das Ersthelfer Symposium war auch 2024 ein voller Erfolg - Organisator<\/title>\n<meta name=\"description\" content=\"Das Ersthelfer Symposium 2025 behandelt Themen wie geschlechtsspezifische Erste Hilfe und kulturelle Unterschiede.\" \/>\n<meta name=\"robots\" content=\"index, follow, max-snippet:-1, max-image-preview:large, max-video-preview:-1\" \/>\n<link rel=\"canonical\" href=\"https:\/\/www.organisator.ch\/it\/eccellenza-operativa\/2024-10-29\/das-ersthelfer-symposium-war-auch-2024-ein-voller-erfolg\/\" \/>\n<meta property=\"og:locale\" content=\"it_IT\" \/>\n<meta property=\"og:type\" content=\"article\" \/>\n<meta property=\"og:title\" content=\"Das Ersthelfer Symposium war auch 2024 ein voller Erfolg - Organisator\" \/>\n<meta property=\"og:description\" content=\"Das Ersthelfer Symposium 2025 behandelt Themen wie geschlechtsspezifische Erste Hilfe und kulturelle Unterschiede.\" \/>\n<meta property=\"og:url\" content=\"https:\/\/www.organisator.ch\/it\/eccellenza-operativa\/2024-10-29\/das-ersthelfer-symposium-war-auch-2024-ein-voller-erfolg\/\" \/>\n<meta property=\"og:site_name\" content=\"Organisator\" \/>\n<meta property=\"article:publisher\" content=\"https:\/\/www.facebook.com\/OrganisatorFachmagazin\" \/>\n<meta property=\"article:published_time\" content=\"2024-10-29T09:47:27+00:00\" \/>\n<meta property=\"article:modified_time\" content=\"2024-11-07T10:03:31+00:00\" \/>\n<meta property=\"og:image\" content=\"https:\/\/www.m-q.ch\/wp-content\/uploads\/2024\/10\/Ersthelfer_Symposium_Bild1_ps.jpg\" \/>\n<meta name=\"author\" content=\"Adelisa Kalajdzini\" \/>\n<meta name=\"twitter:card\" content=\"summary_large_image\" \/>\n<script type=\"application\/ld+json\" class=\"yoast-schema-graph\">{\"@context\":\"https:\\\/\\\/schema.org\",\"@graph\":[{\"@type\":\"Article\",\"@id\":\"https:\\\/\\\/www.organisator.ch\\\/operational-excellence\\\/2024-10-29\\\/das-ersthelfer-symposium-war-auch-2024-ein-voller-erfolg\\\/#article\",\"isPartOf\":{\"@id\":\"https:\\\/\\\/www.organisator.ch\\\/operational-excellence\\\/2024-10-29\\\/das-ersthelfer-symposium-war-auch-2024-ein-voller-erfolg\\\/\"},\"author\":{\"name\":\"Adelisa Kalajdzini\",\"@id\":\"https:\\\/\\\/www.organisator.ch\\\/#\\\/schema\\\/person\\\/2e1314a2172123f874db408d8911d3f3\"},\"headline\":\"Das Ersthelfer Symposium war auch 2024 ein voller Erfolg\",\"datePublished\":\"2024-10-29T09:47:27+00:00\",\"dateModified\":\"2024-11-07T10:03:31+00:00\",\"mainEntityOfPage\":{\"@id\":\"https:\\\/\\\/www.organisator.ch\\\/operational-excellence\\\/2024-10-29\\\/das-ersthelfer-symposium-war-auch-2024-ein-voller-erfolg\\\/\"},\"wordCount\":792,\"publisher\":{\"@id\":\"https:\\\/\\\/www.organisator.ch\\\/#organization\"},\"image\":{\"@id\":\"https:\\\/\\\/www.organisator.ch\\\/operational-excellence\\\/2024-10-29\\\/das-ersthelfer-symposium-war-auch-2024-ein-voller-erfolg\\\/#primaryimage\"},\"thumbnailUrl\":\"https:\\\/\\\/www.m-q.ch\\\/wp-content\\\/uploads\\\/2024\\\/10\\\/Ersthelfer_Symposium_Bild1_ps.jpg\",\"keywords\":[\"Erste Hilfe\",\"Ersthelfer Symposium\",\"Programm\",\"Risikomanagement\"],\"articleSection\":[\"OPERATIONAL EXCELLENCE\"],\"inLanguage\":\"it-IT\"},{\"@type\":\"WebPage\",\"@id\":\"https:\\\/\\\/www.organisator.ch\\\/operational-excellence\\\/2024-10-29\\\/das-ersthelfer-symposium-war-auch-2024-ein-voller-erfolg\\\/\",\"url\":\"https:\\\/\\\/www.organisator.ch\\\/operational-excellence\\\/2024-10-29\\\/das-ersthelfer-symposium-war-auch-2024-ein-voller-erfolg\\\/\",\"name\":\"Das Ersthelfer Symposium war auch 2024 ein voller Erfolg - Organisator\",\"isPartOf\":{\"@id\":\"https:\\\/\\\/www.organisator.ch\\\/#website\"},\"primaryImageOfPage\":{\"@id\":\"https:\\\/\\\/www.organisator.ch\\\/operational-excellence\\\/2024-10-29\\\/das-ersthelfer-symposium-war-auch-2024-ein-voller-erfolg\\\/#primaryimage\"},\"image\":{\"@id\":\"https:\\\/\\\/www.organisator.ch\\\/operational-excellence\\\/2024-10-29\\\/das-ersthelfer-symposium-war-auch-2024-ein-voller-erfolg\\\/#primaryimage\"},\"thumbnailUrl\":\"https:\\\/\\\/www.m-q.ch\\\/wp-content\\\/uploads\\\/2024\\\/10\\\/Ersthelfer_Symposium_Bild1_ps.jpg\",\"datePublished\":\"2024-10-29T09:47:27+00:00\",\"dateModified\":\"2024-11-07T10:03:31+00:00\",\"description\":\"Das Ersthelfer Symposium 2025 behandelt Themen wie geschlechtsspezifische Erste Hilfe und kulturelle Unterschiede.\",\"breadcrumb\":{\"@id\":\"https:\\\/\\\/www.organisator.ch\\\/operational-excellence\\\/2024-10-29\\\/das-ersthelfer-symposium-war-auch-2024-ein-voller-erfolg\\\/#breadcrumb\"},\"inLanguage\":\"it-IT\",\"potentialAction\":[{\"@type\":\"ReadAction\",\"target\":[\"https:\\\/\\\/www.organisator.ch\\\/operational-excellence\\\/2024-10-29\\\/das-ersthelfer-symposium-war-auch-2024-ein-voller-erfolg\\\/\"]}]},{\"@type\":\"ImageObject\",\"inLanguage\":\"it-IT\",\"@id\":\"https:\\\/\\\/www.organisator.ch\\\/operational-excellence\\\/2024-10-29\\\/das-ersthelfer-symposium-war-auch-2024-ein-voller-erfolg\\\/#primaryimage\",\"url\":\"https:\\\/\\\/www.m-q.ch\\\/wp-content\\\/uploads\\\/2024\\\/10\\\/Ersthelfer_Symposium_Bild1_ps.jpg\",\"contentUrl\":\"https:\\\/\\\/www.m-q.ch\\\/wp-content\\\/uploads\\\/2024\\\/10\\\/Ersthelfer_Symposium_Bild1_ps.jpg\"},{\"@type\":\"BreadcrumbList\",\"@id\":\"https:\\\/\\\/www.organisator.ch\\\/operational-excellence\\\/2024-10-29\\\/das-ersthelfer-symposium-war-auch-2024-ein-voller-erfolg\\\/#breadcrumb\",\"itemListElement\":[{\"@type\":\"ListItem\",\"position\":1,\"name\":\"Home\",\"item\":\"https:\\\/\\\/www.organisator.ch\\\/\"},{\"@type\":\"ListItem\",\"position\":2,\"name\":\"Das Ersthelfer Symposium war auch 2024 ein voller Erfolg\"}]},{\"@type\":\"WebSite\",\"@id\":\"https:\\\/\\\/www.organisator.ch\\\/#website\",\"url\":\"https:\\\/\\\/www.organisator.ch\\\/\",\"name\":\"Organisator\",\"description\":\"Kompetent. Praxisnah. Der ORGANISATOR bereitet in 10 Ausgaben pro Jahr die wesentlichen Themen f\u00fcr F\u00fchrungskr\u00e4fte von KMU auf.\",\"publisher\":{\"@id\":\"https:\\\/\\\/www.organisator.ch\\\/#organization\"},\"potentialAction\":[{\"@type\":\"SearchAction\",\"target\":{\"@type\":\"EntryPoint\",\"urlTemplate\":\"https:\\\/\\\/www.organisator.ch\\\/?s={search_term_string}\"},\"query-input\":{\"@type\":\"PropertyValueSpecification\",\"valueRequired\":true,\"valueName\":\"search_term_string\"}}],\"inLanguage\":\"it-IT\"},{\"@type\":\"Organization\",\"@id\":\"https:\\\/\\\/www.organisator.ch\\\/#organization\",\"name\":\"Organisator\",\"url\":\"https:\\\/\\\/www.organisator.ch\\\/\",\"logo\":{\"@type\":\"ImageObject\",\"inLanguage\":\"it-IT\",\"@id\":\"https:\\\/\\\/www.organisator.ch\\\/#\\\/schema\\\/logo\\\/image\\\/\",\"url\":\"https:\\\/\\\/www.organisator.ch\\\/wp-content\\\/uploads\\\/2022\\\/01\\\/Logo_Organisator_Website.png\",\"contentUrl\":\"https:\\\/\\\/www.organisator.ch\\\/wp-content\\\/uploads\\\/2022\\\/01\\\/Logo_Organisator_Website.png\",\"width\":800,\"height\":77,\"caption\":\"Organisator\"},\"image\":{\"@id\":\"https:\\\/\\\/www.organisator.ch\\\/#\\\/schema\\\/logo\\\/image\\\/\"},\"sameAs\":[\"https:\\\/\\\/www.facebook.com\\\/OrganisatorFachmagazin\",\"https:\\\/\\\/www.linkedin.com\\\/showcase\\\/organisator-das-magazin-fr-kmu\",\"https:\\\/\\\/www.xing.com\\\/news\\\/pages\\\/organisator-ch-695\",\"https:\\\/\\\/www.youtube.com\\\/channel\\\/UCGP2Sq0iWaZwT3BdIAQFYpw\"]},{\"@type\":\"Person\",\"@id\":\"https:\\\/\\\/www.organisator.ch\\\/#\\\/schema\\\/person\\\/2e1314a2172123f874db408d8911d3f3\",\"name\":\"Adelisa Kalajdzini\",\"image\":{\"@type\":\"ImageObject\",\"inLanguage\":\"it-IT\",\"@id\":\"https:\\\/\\\/secure.gravatar.com\\\/avatar\\\/09a397c22ac58cad6f160ee8306348599df9df58a8ede73696226897b9fa4b24?s=96&d=mm&r=g\",\"url\":\"https:\\\/\\\/secure.gravatar.com\\\/avatar\\\/09a397c22ac58cad6f160ee8306348599df9df58a8ede73696226897b9fa4b24?s=96&d=mm&r=g\",\"contentUrl\":\"https:\\\/\\\/secure.gravatar.com\\\/avatar\\\/09a397c22ac58cad6f160ee8306348599df9df58a8ede73696226897b9fa4b24?s=96&d=mm&r=g\",\"caption\":\"Adelisa Kalajdzini\"},\"url\":\"https:\\\/\\\/www.organisator.ch\\\/it\\\/author\\\/adelisa-kalajdzini\\\/\"}]}<\/script>\n<!-- \/ Yoast SEO plugin. -->","yoast_head_json":{"title":"Anche il simposio dei primi soccorritori nel 2024 \u00e8 stato un successo - organizzatore","description":"Il Simposio sul Primo Soccorso 2025 tratter\u00e0 argomenti come il primo soccorso specifico per genere e le differenze culturali.","robots":{"index":"index","follow":"follow","max-snippet":"max-snippet:-1","max-image-preview":"max-image-preview:large","max-video-preview":"max-video-preview:-1"},"canonical":"https:\/\/www.organisator.ch\/it\/eccellenza-operativa\/2024-10-29\/das-ersthelfer-symposium-war-auch-2024-ein-voller-erfolg\/","og_locale":"it_IT","og_type":"article","og_title":"Das Ersthelfer Symposium war auch 2024 ein voller Erfolg - Organisator","og_description":"Das Ersthelfer Symposium 2025 behandelt Themen wie geschlechtsspezifische Erste Hilfe und kulturelle Unterschiede.","og_url":"https:\/\/www.organisator.ch\/it\/eccellenza-operativa\/2024-10-29\/das-ersthelfer-symposium-war-auch-2024-ein-voller-erfolg\/","og_site_name":"Organisator","article_publisher":"https:\/\/www.facebook.com\/OrganisatorFachmagazin","article_published_time":"2024-10-29T09:47:27+00:00","article_modified_time":"2024-11-07T10:03:31+00:00","og_image":[{"url":"https:\/\/www.m-q.ch\/wp-content\/uploads\/2024\/10\/Ersthelfer_Symposium_Bild1_ps.jpg","type":"","width":"","height":""}],"author":"Adelisa Kalajdzini","twitter_card":"summary_large_image","schema":{"@context":"https:\/\/schema.org","@graph":[{"@type":"Article","@id":"https:\/\/www.organisator.ch\/operational-excellence\/2024-10-29\/das-ersthelfer-symposium-war-auch-2024-ein-voller-erfolg\/#article","isPartOf":{"@id":"https:\/\/www.organisator.ch\/operational-excellence\/2024-10-29\/das-ersthelfer-symposium-war-auch-2024-ein-voller-erfolg\/"},"author":{"name":"Adelisa Kalajdzini","@id":"https:\/\/www.organisator.ch\/#\/schema\/person\/2e1314a2172123f874db408d8911d3f3"},"headline":"Das Ersthelfer Symposium war auch 2024 ein voller Erfolg","datePublished":"2024-10-29T09:47:27+00:00","dateModified":"2024-11-07T10:03:31+00:00","mainEntityOfPage":{"@id":"https:\/\/www.organisator.ch\/operational-excellence\/2024-10-29\/das-ersthelfer-symposium-war-auch-2024-ein-voller-erfolg\/"},"wordCount":792,"publisher":{"@id":"https:\/\/www.organisator.ch\/#organization"},"image":{"@id":"https:\/\/www.organisator.ch\/operational-excellence\/2024-10-29\/das-ersthelfer-symposium-war-auch-2024-ein-voller-erfolg\/#primaryimage"},"thumbnailUrl":"https:\/\/www.m-q.ch\/wp-content\/uploads\/2024\/10\/Ersthelfer_Symposium_Bild1_ps.jpg","keywords":["Erste Hilfe","Ersthelfer Symposium","Programm","Risikomanagement"],"articleSection":["OPERATIONAL EXCELLENCE"],"inLanguage":"it-IT"},{"@type":"WebPage","@id":"https:\/\/www.organisator.ch\/operational-excellence\/2024-10-29\/das-ersthelfer-symposium-war-auch-2024-ein-voller-erfolg\/","url":"https:\/\/www.organisator.ch\/operational-excellence\/2024-10-29\/das-ersthelfer-symposium-war-auch-2024-ein-voller-erfolg\/","name":"Anche il simposio dei primi soccorritori nel 2024 \u00e8 stato un successo - organizzatore","isPartOf":{"@id":"https:\/\/www.organisator.ch\/#website"},"primaryImageOfPage":{"@id":"https:\/\/www.organisator.ch\/operational-excellence\/2024-10-29\/das-ersthelfer-symposium-war-auch-2024-ein-voller-erfolg\/#primaryimage"},"image":{"@id":"https:\/\/www.organisator.ch\/operational-excellence\/2024-10-29\/das-ersthelfer-symposium-war-auch-2024-ein-voller-erfolg\/#primaryimage"},"thumbnailUrl":"https:\/\/www.m-q.ch\/wp-content\/uploads\/2024\/10\/Ersthelfer_Symposium_Bild1_ps.jpg","datePublished":"2024-10-29T09:47:27+00:00","dateModified":"2024-11-07T10:03:31+00:00","description":"Il Simposio sul Primo Soccorso 2025 tratter\u00e0 argomenti come il primo soccorso specifico per genere e le differenze culturali.","breadcrumb":{"@id":"https:\/\/www.organisator.ch\/operational-excellence\/2024-10-29\/das-ersthelfer-symposium-war-auch-2024-ein-voller-erfolg\/#breadcrumb"},"inLanguage":"it-IT","potentialAction":[{"@type":"ReadAction","target":["https:\/\/www.organisator.ch\/operational-excellence\/2024-10-29\/das-ersthelfer-symposium-war-auch-2024-ein-voller-erfolg\/"]}]},{"@type":"ImageObject","inLanguage":"it-IT","@id":"https:\/\/www.organisator.ch\/operational-excellence\/2024-10-29\/das-ersthelfer-symposium-war-auch-2024-ein-voller-erfolg\/#primaryimage","url":"https:\/\/www.m-q.ch\/wp-content\/uploads\/2024\/10\/Ersthelfer_Symposium_Bild1_ps.jpg","contentUrl":"https:\/\/www.m-q.ch\/wp-content\/uploads\/2024\/10\/Ersthelfer_Symposium_Bild1_ps.jpg"},{"@type":"BreadcrumbList","@id":"https:\/\/www.organisator.ch\/operational-excellence\/2024-10-29\/das-ersthelfer-symposium-war-auch-2024-ein-voller-erfolg\/#breadcrumb","itemListElement":[{"@type":"ListItem","position":1,"name":"Home","item":"https:\/\/www.organisator.ch\/"},{"@type":"ListItem","position":2,"name":"Das Ersthelfer Symposium war auch 2024 ein voller Erfolg"}]},{"@type":"WebSite","@id":"https:\/\/www.organisator.ch\/#website","url":"https:\/\/www.organisator.ch\/","name":"Organizzatore","description":"Competente. Pratico. In 10 numeri all'anno, ORGANISATOR presenta i temi essenziali per i manager delle PMI.","publisher":{"@id":"https:\/\/www.organisator.ch\/#organization"},"potentialAction":[{"@type":"SearchAction","target":{"@type":"EntryPoint","urlTemplate":"https:\/\/www.organisator.ch\/?s={search_term_string}"},"query-input":{"@type":"PropertyValueSpecification","valueRequired":true,"valueName":"search_term_string"}}],"inLanguage":"it-IT"},{"@type":"Organization","@id":"https:\/\/www.organisator.ch\/#organization","name":"Organizzatore","url":"https:\/\/www.organisator.ch\/","logo":{"@type":"ImageObject","inLanguage":"it-IT","@id":"https:\/\/www.organisator.ch\/#\/schema\/logo\/image\/","url":"https:\/\/www.organisator.ch\/wp-content\/uploads\/2022\/01\/Logo_Organisator_Website.png","contentUrl":"https:\/\/www.organisator.ch\/wp-content\/uploads\/2022\/01\/Logo_Organisator_Website.png","width":800,"height":77,"caption":"Organisator"},"image":{"@id":"https:\/\/www.organisator.ch\/#\/schema\/logo\/image\/"},"sameAs":["https:\/\/www.facebook.com\/OrganisatorFachmagazin","https:\/\/www.linkedin.com\/showcase\/organisator-das-magazin-fr-kmu","https:\/\/www.xing.com\/news\/pages\/organisator-ch-695","https:\/\/www.youtube.com\/channel\/UCGP2Sq0iWaZwT3BdIAQFYpw"]},{"@type":"Person","@id":"https:\/\/www.organisator.ch\/#\/schema\/person\/2e1314a2172123f874db408d8911d3f3","name":"Adelisa Kalajdzini","image":{"@type":"ImageObject","inLanguage":"it-IT","@id":"https:\/\/secure.gravatar.com\/avatar\/09a397c22ac58cad6f160ee8306348599df9df58a8ede73696226897b9fa4b24?s=96&d=mm&r=g","url":"https:\/\/secure.gravatar.com\/avatar\/09a397c22ac58cad6f160ee8306348599df9df58a8ede73696226897b9fa4b24?s=96&d=mm&r=g","contentUrl":"https:\/\/secure.gravatar.com\/avatar\/09a397c22ac58cad6f160ee8306348599df9df58a8ede73696226897b9fa4b24?s=96&d=mm&r=g","caption":"Adelisa Kalajdzini"},"url":"https:\/\/www.organisator.ch\/it\/author\/adelisa-kalajdzini\/"}]}},"_links":{"self":[{"href":"https:\/\/www.organisator.ch\/it\/wp-json\/wp\/v2\/posts\/31327","targetHints":{"allow":["GET"]}}],"collection":[{"href":"https:\/\/www.organisator.ch\/it\/wp-json\/wp\/v2\/posts"}],"about":[{"href":"https:\/\/www.organisator.ch\/it\/wp-json\/wp\/v2\/types\/post"}],"author":[{"embeddable":true,"href":"https:\/\/www.organisator.ch\/it\/wp-json\/wp\/v2\/users\/58"}],"replies":[{"embeddable":true,"href":"https:\/\/www.organisator.ch\/it\/wp-json\/wp\/v2\/comments?post=31327"}],"version-history":[{"count":7,"href":"https:\/\/www.organisator.ch\/it\/wp-json\/wp\/v2\/posts\/31327\/revisions"}],"predecessor-version":[{"id":31701,"href":"https:\/\/www.organisator.ch\/it\/wp-json\/wp\/v2\/posts\/31327\/revisions\/31701"}],"wp:attachment":[{"href":"https:\/\/www.organisator.ch\/it\/wp-json\/wp\/v2\/media?parent=31327"}],"wp:term":[{"taxonomy":"category","embeddable":true,"href":"https:\/\/www.organisator.ch\/it\/wp-json\/wp\/v2\/categories?post=31327"},{"taxonomy":"post_tag","embeddable":true,"href":"https:\/\/www.organisator.ch\/it\/wp-json\/wp\/v2\/tags?post=31327"}],"curies":[{"name":"wp","href":"https:\/\/api.w.org\/{rel}","templated":true}]}}