{"id":31338,"date":"2024-10-29T15:12:16","date_gmt":"2024-10-29T14:12:16","guid":{"rendered":"https:\/\/www.markt-kom.com\/?p=225722"},"modified":"2024-11-07T10:58:39","modified_gmt":"2024-11-07T09:58:39","slug":"zuerich-tourismus-fuehrungswechsel-und-strategische-neuausrichtung","status":"publish","type":"post","link":"https:\/\/www.organisator.ch\/it\/marketing\/2024-10-29\/zuerich-tourismus-fuehrungswechsel-und-strategische-neuausrichtung\/","title":{"rendered":"Zurigo Turismo: cambio di gestione e riorientamento strategico"},"content":{"rendered":"<figure id=\"attachment_225723\" class=\"wp-caption alignnone\" style=\"width: 1024px\" aria-describedby=\"caption-attachment-225723\"><a href=\"https:\/\/www.markt-kom.com\/wp-content\/uploads\/2024\/10\/Beitragscover-43-10.png\"><img class=\"alignnone wp-image-225723 size-full\" src=\"https:\/\/www.markt-kom.com\/wp-content\/uploads\/2024\/10\/Beitragscover-43-10.png\" alt=\"Zurigo Turismo \" width=\"1024\" height=\"768\" \/><\/a>\r\n<figcaption id=\"caption-attachment-225723\" class=\"wp-caption-text\">Rafforzamento del team di gestione: da sinistra a destra Marina Bollhalder, Nora Brumm, Marc Scheurer<\/figcaption>\r\n<\/figure>\r\n<p>Zurigo Turismo \u00e8 in fase di riorganizzazione strategica: Con Janine Rupf, Marina Bollhalder e Marc Scheurer, il team di gestione viene rafforzato e riorganizzato. Questi adeguamenti strutturali aprono la strada a un'azienda orientata al futuro e in linea con il mercato. La creazione della nuova divisione Destination Development \u00e8 un passo decisivo in questo processo, che porta avanti la transizione dal marketing di destinazione allo sviluppo completo della destinazione.<\/p>\r\n<p>La visione alla base di questo riorientamento \u00e8 la promozione del turismo come parte essenziale della vita della citt\u00e0, a beneficio sia degli ospiti che della popolazione locale. L'attenzione alla mobilit\u00e0 sostenibile, l'ulteriore sviluppo dell'offerta turistica e una pi\u00f9 stretta collaborazione con i partner politici ed economici sottolineano l'obiettivo di aumentare in modo sostenibile il valore sociale ed economico del turismo zurighese.<\/p>\r\n<p>Marc Scheurer, esperto di turismo e nuovo responsabile dello sviluppo delle destinazioni, sar\u00e0 responsabile dello sviluppo strategico a partire da dicembre. Le iniziative previste comprendono la promozione dei collegamenti ferroviari notturni e la creazione di nuove esperienze per gli abitanti e i visitatori. Con questo riorientamento, Zurigo Turismo traccia una rotta chiara per il futuro della citt\u00e0.<\/p>\r\n<p>Sono entrate a far parte del Comitato esecutivo anche Janine Rupf come responsabile del marketing e Marina Bollhalder come responsabile delle operazioni. Con questo rafforzamento strategico e un adeguamento mirato dell'area di attivit\u00e0, Zurigo Turismo si posiziona in modo proattivo sul mercato e rafforza l'attrattiva della regione per i turisti.<\/p>","protected":false},"excerpt":{"rendered":"<p>Con la nomina di nuove posizioni dirigenziali centrali e l'introduzione della divisione \"Sviluppo della destinazione\", Zurigo Turismo sta compiendo passi decisivi verso un'organizzazione completa di sviluppo e gestione della destinazione. L'obiettivo \u00e8 trasformare il turismo in modo sostenibile e sviluppare ulteriormente l'esperienza turistica in modo mirato.<\/p>","protected":false},"author":8,"featured_media":0,"comment_status":"closed","ping_status":"closed","sticky":false,"template":"","format":"standard","meta":{"_acf_changed":false,"_yoast_wpseo_focuskw":"Z\u00fcrich Tourismus","_yoast_wpseo_metadesc":"Z\u00fcrich Tourismus verst\u00e4rkt seine Gesch\u00e4ftsleitung und gr\u00fcndet den Bereich Destination Development f\u00fcr nachhaltigen Tourismus.","articlekey":"","footnotes":""},"categories":[29],"tags":[4345,4695],"class_list":["post-31338","post","type-post","status-publish","format-standard","hentry","category-marketing","tag-business","tag-zuerich-tourismus"],"acf":[],"yoast_head":"<!-- This site is optimized with the Yoast SEO plugin v27.4 - https:\/\/yoast.com\/product\/yoast-seo-wordpress\/ -->\n<title>Z\u00fcrich Tourismus: F\u00fchrungswechsel und strategische Neuausrichtung - Organisator<\/title>\n<meta name=\"description\" content=\"Z\u00fcrich Tourismus verst\u00e4rkt seine Gesch\u00e4ftsleitung und gr\u00fcndet den Bereich Destination Development f\u00fcr nachhaltigen Tourismus.\" \/>\n<meta name=\"robots\" content=\"index, follow, max-snippet:-1, max-image-preview:large, max-video-preview:-1\" \/>\n<link rel=\"canonical\" href=\"https:\/\/www.organisator.ch\/it\/marketing\/2024-10-29\/zuerich-tourismus-fuehrungswechsel-und-strategische-neuausrichtung\/\" \/>\n<meta property=\"og:locale\" content=\"it_IT\" \/>\n<meta property=\"og:type\" content=\"article\" \/>\n<meta property=\"og:title\" content=\"Z\u00fcrich Tourismus: F\u00fchrungswechsel und strategische Neuausrichtung - Organisator\" \/>\n<meta property=\"og:description\" content=\"Z\u00fcrich Tourismus verst\u00e4rkt seine Gesch\u00e4ftsleitung und gr\u00fcndet den Bereich Destination Development f\u00fcr nachhaltigen Tourismus.\" \/>\n<meta property=\"og:url\" content=\"https:\/\/www.organisator.ch\/it\/marketing\/2024-10-29\/zuerich-tourismus-fuehrungswechsel-und-strategische-neuausrichtung\/\" \/>\n<meta property=\"og:site_name\" content=\"Organisator\" \/>\n<meta property=\"article:publisher\" content=\"https:\/\/www.facebook.com\/OrganisatorFachmagazin\" \/>\n<meta property=\"article:published_time\" content=\"2024-10-29T14:12:16+00:00\" \/>\n<meta property=\"article:modified_time\" content=\"2024-11-07T09:58:39+00:00\" \/>\n<meta property=\"og:image\" content=\"https:\/\/www.markt-kom.com\/wp-content\/uploads\/2024\/10\/Beitragscover-43-10.png\" \/>\n<meta name=\"author\" content=\"galledia\" \/>\n<meta name=\"twitter:card\" content=\"summary_large_image\" \/>\n<meta name=\"twitter:creator\" content=\"@admin\" \/>\n<script type=\"application\/ld+json\" class=\"yoast-schema-graph\">{\"@context\":\"https:\\\/\\\/schema.org\",\"@graph\":[{\"@type\":\"Article\",\"@id\":\"https:\\\/\\\/www.organisator.ch\\\/marketing\\\/2024-10-29\\\/zuerich-tourismus-fuehrungswechsel-und-strategische-neuausrichtung\\\/#article\",\"isPartOf\":{\"@id\":\"https:\\\/\\\/www.organisator.ch\\\/marketing\\\/2024-10-29\\\/zuerich-tourismus-fuehrungswechsel-und-strategische-neuausrichtung\\\/\"},\"author\":{\"name\":\"galledia\",\"@id\":\"https:\\\/\\\/www.organisator.ch\\\/#\\\/schema\\\/person\\\/4e51799071cd2dd1232ac003643ef5f0\"},\"headline\":\"Z\u00fcrich Tourismus: F\u00fchrungswechsel und strategische Neuausrichtung\",\"datePublished\":\"2024-10-29T14:12:16+00:00\",\"dateModified\":\"2024-11-07T09:58:39+00:00\",\"mainEntityOfPage\":{\"@id\":\"https:\\\/\\\/www.organisator.ch\\\/marketing\\\/2024-10-29\\\/zuerich-tourismus-fuehrungswechsel-und-strategische-neuausrichtung\\\/\"},\"wordCount\":251,\"publisher\":{\"@id\":\"https:\\\/\\\/www.organisator.ch\\\/#organization\"},\"image\":{\"@id\":\"https:\\\/\\\/www.organisator.ch\\\/marketing\\\/2024-10-29\\\/zuerich-tourismus-fuehrungswechsel-und-strategische-neuausrichtung\\\/#primaryimage\"},\"thumbnailUrl\":\"https:\\\/\\\/www.markt-kom.com\\\/wp-content\\\/uploads\\\/2024\\\/10\\\/Beitragscover-43-10.png\",\"keywords\":[\"Business\",\"Z\u00fcrich Tourismus\"],\"articleSection\":[\"MARKETING\"],\"inLanguage\":\"it-IT\"},{\"@type\":\"WebPage\",\"@id\":\"https:\\\/\\\/www.organisator.ch\\\/marketing\\\/2024-10-29\\\/zuerich-tourismus-fuehrungswechsel-und-strategische-neuausrichtung\\\/\",\"url\":\"https:\\\/\\\/www.organisator.ch\\\/marketing\\\/2024-10-29\\\/zuerich-tourismus-fuehrungswechsel-und-strategische-neuausrichtung\\\/\",\"name\":\"Z\u00fcrich Tourismus: F\u00fchrungswechsel und strategische Neuausrichtung - Organisator\",\"isPartOf\":{\"@id\":\"https:\\\/\\\/www.organisator.ch\\\/#website\"},\"primaryImageOfPage\":{\"@id\":\"https:\\\/\\\/www.organisator.ch\\\/marketing\\\/2024-10-29\\\/zuerich-tourismus-fuehrungswechsel-und-strategische-neuausrichtung\\\/#primaryimage\"},\"image\":{\"@id\":\"https:\\\/\\\/www.organisator.ch\\\/marketing\\\/2024-10-29\\\/zuerich-tourismus-fuehrungswechsel-und-strategische-neuausrichtung\\\/#primaryimage\"},\"thumbnailUrl\":\"https:\\\/\\\/www.markt-kom.com\\\/wp-content\\\/uploads\\\/2024\\\/10\\\/Beitragscover-43-10.png\",\"datePublished\":\"2024-10-29T14:12:16+00:00\",\"dateModified\":\"2024-11-07T09:58:39+00:00\",\"description\":\"Z\u00fcrich Tourismus verst\u00e4rkt seine Gesch\u00e4ftsleitung und gr\u00fcndet den Bereich Destination Development f\u00fcr nachhaltigen Tourismus.\",\"breadcrumb\":{\"@id\":\"https:\\\/\\\/www.organisator.ch\\\/marketing\\\/2024-10-29\\\/zuerich-tourismus-fuehrungswechsel-und-strategische-neuausrichtung\\\/#breadcrumb\"},\"inLanguage\":\"it-IT\",\"potentialAction\":[{\"@type\":\"ReadAction\",\"target\":[\"https:\\\/\\\/www.organisator.ch\\\/marketing\\\/2024-10-29\\\/zuerich-tourismus-fuehrungswechsel-und-strategische-neuausrichtung\\\/\"]}]},{\"@type\":\"ImageObject\",\"inLanguage\":\"it-IT\",\"@id\":\"https:\\\/\\\/www.organisator.ch\\\/marketing\\\/2024-10-29\\\/zuerich-tourismus-fuehrungswechsel-und-strategische-neuausrichtung\\\/#primaryimage\",\"url\":\"https:\\\/\\\/www.markt-kom.com\\\/wp-content\\\/uploads\\\/2024\\\/10\\\/Beitragscover-43-10.png\",\"contentUrl\":\"https:\\\/\\\/www.markt-kom.com\\\/wp-content\\\/uploads\\\/2024\\\/10\\\/Beitragscover-43-10.png\"},{\"@type\":\"BreadcrumbList\",\"@id\":\"https:\\\/\\\/www.organisator.ch\\\/marketing\\\/2024-10-29\\\/zuerich-tourismus-fuehrungswechsel-und-strategische-neuausrichtung\\\/#breadcrumb\",\"itemListElement\":[{\"@type\":\"ListItem\",\"position\":1,\"name\":\"Home\",\"item\":\"https:\\\/\\\/www.organisator.ch\\\/\"},{\"@type\":\"ListItem\",\"position\":2,\"name\":\"Z\u00fcrich Tourismus: F\u00fchrungswechsel und strategische Neuausrichtung\"}]},{\"@type\":\"WebSite\",\"@id\":\"https:\\\/\\\/www.organisator.ch\\\/#website\",\"url\":\"https:\\\/\\\/www.organisator.ch\\\/\",\"name\":\"Organisator\",\"description\":\"Kompetent. Praxisnah. Der ORGANISATOR bereitet in 10 Ausgaben pro Jahr die wesentlichen Themen f\u00fcr F\u00fchrungskr\u00e4fte von KMU auf.\",\"publisher\":{\"@id\":\"https:\\\/\\\/www.organisator.ch\\\/#organization\"},\"potentialAction\":[{\"@type\":\"SearchAction\",\"target\":{\"@type\":\"EntryPoint\",\"urlTemplate\":\"https:\\\/\\\/www.organisator.ch\\\/?s={search_term_string}\"},\"query-input\":{\"@type\":\"PropertyValueSpecification\",\"valueRequired\":true,\"valueName\":\"search_term_string\"}}],\"inLanguage\":\"it-IT\"},{\"@type\":\"Organization\",\"@id\":\"https:\\\/\\\/www.organisator.ch\\\/#organization\",\"name\":\"Organisator\",\"url\":\"https:\\\/\\\/www.organisator.ch\\\/\",\"logo\":{\"@type\":\"ImageObject\",\"inLanguage\":\"it-IT\",\"@id\":\"https:\\\/\\\/www.organisator.ch\\\/#\\\/schema\\\/logo\\\/image\\\/\",\"url\":\"https:\\\/\\\/www.organisator.ch\\\/wp-content\\\/uploads\\\/2022\\\/01\\\/Logo_Organisator_Website.png\",\"contentUrl\":\"https:\\\/\\\/www.organisator.ch\\\/wp-content\\\/uploads\\\/2022\\\/01\\\/Logo_Organisator_Website.png\",\"width\":800,\"height\":77,\"caption\":\"Organisator\"},\"image\":{\"@id\":\"https:\\\/\\\/www.organisator.ch\\\/#\\\/schema\\\/logo\\\/image\\\/\"},\"sameAs\":[\"https:\\\/\\\/www.facebook.com\\\/OrganisatorFachmagazin\",\"https:\\\/\\\/www.linkedin.com\\\/showcase\\\/organisator-das-magazin-fr-kmu\",\"https:\\\/\\\/www.xing.com\\\/news\\\/pages\\\/organisator-ch-695\",\"https:\\\/\\\/www.youtube.com\\\/channel\\\/UCGP2Sq0iWaZwT3BdIAQFYpw\"]},{\"@type\":\"Person\",\"@id\":\"https:\\\/\\\/www.organisator.ch\\\/#\\\/schema\\\/person\\\/4e51799071cd2dd1232ac003643ef5f0\",\"name\":\"galledia\",\"image\":{\"@type\":\"ImageObject\",\"inLanguage\":\"it-IT\",\"@id\":\"https:\\\/\\\/secure.gravatar.com\\\/avatar\\\/78a7f90c01fc2bfc875782a0d4922b37cde2cf184ce347b91316d23cd7f69a36?s=96&d=mm&r=g\",\"url\":\"https:\\\/\\\/secure.gravatar.com\\\/avatar\\\/78a7f90c01fc2bfc875782a0d4922b37cde2cf184ce347b91316d23cd7f69a36?s=96&d=mm&r=g\",\"contentUrl\":\"https:\\\/\\\/secure.gravatar.com\\\/avatar\\\/78a7f90c01fc2bfc875782a0d4922b37cde2cf184ce347b91316d23cd7f69a36?s=96&d=mm&r=g\",\"caption\":\"galledia\"},\"sameAs\":[\"https:\\\/\\\/x.com\\\/admin\"],\"url\":\"https:\\\/\\\/www.organisator.ch\\\/it\\\/author\\\/galledia\\\/\"}]}<\/script>\n<!-- \/ Yoast SEO plugin. -->","yoast_head_json":{"title":"Zurigo Turismo: cambio di gestione e riallineamento strategico - Organizzatore","description":"Zurigo Turismo rafforza la propria gestione e istituisce la divisione Sviluppo delle destinazioni per il turismo sostenibile.","robots":{"index":"index","follow":"follow","max-snippet":"max-snippet:-1","max-image-preview":"max-image-preview:large","max-video-preview":"max-video-preview:-1"},"canonical":"https:\/\/www.organisator.ch\/it\/marketing\/2024-10-29\/zuerich-tourismus-fuehrungswechsel-und-strategische-neuausrichtung\/","og_locale":"it_IT","og_type":"article","og_title":"Z\u00fcrich Tourismus: F\u00fchrungswechsel und strategische Neuausrichtung - Organisator","og_description":"Z\u00fcrich Tourismus verst\u00e4rkt seine Gesch\u00e4ftsleitung und gr\u00fcndet den Bereich Destination Development f\u00fcr nachhaltigen Tourismus.","og_url":"https:\/\/www.organisator.ch\/it\/marketing\/2024-10-29\/zuerich-tourismus-fuehrungswechsel-und-strategische-neuausrichtung\/","og_site_name":"Organisator","article_publisher":"https:\/\/www.facebook.com\/OrganisatorFachmagazin","article_published_time":"2024-10-29T14:12:16+00:00","article_modified_time":"2024-11-07T09:58:39+00:00","og_image":[{"url":"https:\/\/www.markt-kom.com\/wp-content\/uploads\/2024\/10\/Beitragscover-43-10.png","type":"","width":"","height":""}],"author":"galledia","twitter_card":"summary_large_image","twitter_creator":"@admin","schema":{"@context":"https:\/\/schema.org","@graph":[{"@type":"Article","@id":"https:\/\/www.organisator.ch\/marketing\/2024-10-29\/zuerich-tourismus-fuehrungswechsel-und-strategische-neuausrichtung\/#article","isPartOf":{"@id":"https:\/\/www.organisator.ch\/marketing\/2024-10-29\/zuerich-tourismus-fuehrungswechsel-und-strategische-neuausrichtung\/"},"author":{"name":"galledia","@id":"https:\/\/www.organisator.ch\/#\/schema\/person\/4e51799071cd2dd1232ac003643ef5f0"},"headline":"Z\u00fcrich Tourismus: F\u00fchrungswechsel und strategische Neuausrichtung","datePublished":"2024-10-29T14:12:16+00:00","dateModified":"2024-11-07T09:58:39+00:00","mainEntityOfPage":{"@id":"https:\/\/www.organisator.ch\/marketing\/2024-10-29\/zuerich-tourismus-fuehrungswechsel-und-strategische-neuausrichtung\/"},"wordCount":251,"publisher":{"@id":"https:\/\/www.organisator.ch\/#organization"},"image":{"@id":"https:\/\/www.organisator.ch\/marketing\/2024-10-29\/zuerich-tourismus-fuehrungswechsel-und-strategische-neuausrichtung\/#primaryimage"},"thumbnailUrl":"https:\/\/www.markt-kom.com\/wp-content\/uploads\/2024\/10\/Beitragscover-43-10.png","keywords":["Business","Z\u00fcrich Tourismus"],"articleSection":["MARKETING"],"inLanguage":"it-IT"},{"@type":"WebPage","@id":"https:\/\/www.organisator.ch\/marketing\/2024-10-29\/zuerich-tourismus-fuehrungswechsel-und-strategische-neuausrichtung\/","url":"https:\/\/www.organisator.ch\/marketing\/2024-10-29\/zuerich-tourismus-fuehrungswechsel-und-strategische-neuausrichtung\/","name":"Zurigo Turismo: cambio di gestione e riallineamento strategico - Organizzatore","isPartOf":{"@id":"https:\/\/www.organisator.ch\/#website"},"primaryImageOfPage":{"@id":"https:\/\/www.organisator.ch\/marketing\/2024-10-29\/zuerich-tourismus-fuehrungswechsel-und-strategische-neuausrichtung\/#primaryimage"},"image":{"@id":"https:\/\/www.organisator.ch\/marketing\/2024-10-29\/zuerich-tourismus-fuehrungswechsel-und-strategische-neuausrichtung\/#primaryimage"},"thumbnailUrl":"https:\/\/www.markt-kom.com\/wp-content\/uploads\/2024\/10\/Beitragscover-43-10.png","datePublished":"2024-10-29T14:12:16+00:00","dateModified":"2024-11-07T09:58:39+00:00","description":"Zurigo Turismo rafforza la propria gestione e istituisce la divisione Sviluppo delle destinazioni per il turismo sostenibile.","breadcrumb":{"@id":"https:\/\/www.organisator.ch\/marketing\/2024-10-29\/zuerich-tourismus-fuehrungswechsel-und-strategische-neuausrichtung\/#breadcrumb"},"inLanguage":"it-IT","potentialAction":[{"@type":"ReadAction","target":["https:\/\/www.organisator.ch\/marketing\/2024-10-29\/zuerich-tourismus-fuehrungswechsel-und-strategische-neuausrichtung\/"]}]},{"@type":"ImageObject","inLanguage":"it-IT","@id":"https:\/\/www.organisator.ch\/marketing\/2024-10-29\/zuerich-tourismus-fuehrungswechsel-und-strategische-neuausrichtung\/#primaryimage","url":"https:\/\/www.markt-kom.com\/wp-content\/uploads\/2024\/10\/Beitragscover-43-10.png","contentUrl":"https:\/\/www.markt-kom.com\/wp-content\/uploads\/2024\/10\/Beitragscover-43-10.png"},{"@type":"BreadcrumbList","@id":"https:\/\/www.organisator.ch\/marketing\/2024-10-29\/zuerich-tourismus-fuehrungswechsel-und-strategische-neuausrichtung\/#breadcrumb","itemListElement":[{"@type":"ListItem","position":1,"name":"Home","item":"https:\/\/www.organisator.ch\/"},{"@type":"ListItem","position":2,"name":"Z\u00fcrich Tourismus: F\u00fchrungswechsel und strategische Neuausrichtung"}]},{"@type":"WebSite","@id":"https:\/\/www.organisator.ch\/#website","url":"https:\/\/www.organisator.ch\/","name":"Organizzatore","description":"Competente. Pratico. In 10 numeri all'anno, ORGANISATOR presenta i temi essenziali per i manager delle PMI.","publisher":{"@id":"https:\/\/www.organisator.ch\/#organization"},"potentialAction":[{"@type":"SearchAction","target":{"@type":"EntryPoint","urlTemplate":"https:\/\/www.organisator.ch\/?s={search_term_string}"},"query-input":{"@type":"PropertyValueSpecification","valueRequired":true,"valueName":"search_term_string"}}],"inLanguage":"it-IT"},{"@type":"Organization","@id":"https:\/\/www.organisator.ch\/#organization","name":"Organizzatore","url":"https:\/\/www.organisator.ch\/","logo":{"@type":"ImageObject","inLanguage":"it-IT","@id":"https:\/\/www.organisator.ch\/#\/schema\/logo\/image\/","url":"https:\/\/www.organisator.ch\/wp-content\/uploads\/2022\/01\/Logo_Organisator_Website.png","contentUrl":"https:\/\/www.organisator.ch\/wp-content\/uploads\/2022\/01\/Logo_Organisator_Website.png","width":800,"height":77,"caption":"Organisator"},"image":{"@id":"https:\/\/www.organisator.ch\/#\/schema\/logo\/image\/"},"sameAs":["https:\/\/www.facebook.com\/OrganisatorFachmagazin","https:\/\/www.linkedin.com\/showcase\/organisator-das-magazin-fr-kmu","https:\/\/www.xing.com\/news\/pages\/organisator-ch-695","https:\/\/www.youtube.com\/channel\/UCGP2Sq0iWaZwT3BdIAQFYpw"]},{"@type":"Person","@id":"https:\/\/www.organisator.ch\/#\/schema\/person\/4e51799071cd2dd1232ac003643ef5f0","name":"galledia","image":{"@type":"ImageObject","inLanguage":"it-IT","@id":"https:\/\/secure.gravatar.com\/avatar\/78a7f90c01fc2bfc875782a0d4922b37cde2cf184ce347b91316d23cd7f69a36?s=96&d=mm&r=g","url":"https:\/\/secure.gravatar.com\/avatar\/78a7f90c01fc2bfc875782a0d4922b37cde2cf184ce347b91316d23cd7f69a36?s=96&d=mm&r=g","contentUrl":"https:\/\/secure.gravatar.com\/avatar\/78a7f90c01fc2bfc875782a0d4922b37cde2cf184ce347b91316d23cd7f69a36?s=96&d=mm&r=g","caption":"galledia"},"sameAs":["https:\/\/x.com\/admin"],"url":"https:\/\/www.organisator.ch\/it\/author\/galledia\/"}]}},"_links":{"self":[{"href":"https:\/\/www.organisator.ch\/it\/wp-json\/wp\/v2\/posts\/31338","targetHints":{"allow":["GET"]}}],"collection":[{"href":"https:\/\/www.organisator.ch\/it\/wp-json\/wp\/v2\/posts"}],"about":[{"href":"https:\/\/www.organisator.ch\/it\/wp-json\/wp\/v2\/types\/post"}],"author":[{"embeddable":true,"href":"https:\/\/www.organisator.ch\/it\/wp-json\/wp\/v2\/users\/8"}],"replies":[{"embeddable":true,"href":"https:\/\/www.organisator.ch\/it\/wp-json\/wp\/v2\/comments?post=31338"}],"version-history":[{"count":6,"href":"https:\/\/www.organisator.ch\/it\/wp-json\/wp\/v2\/posts\/31338\/revisions"}],"predecessor-version":[{"id":31698,"href":"https:\/\/www.organisator.ch\/it\/wp-json\/wp\/v2\/posts\/31338\/revisions\/31698"}],"wp:attachment":[{"href":"https:\/\/www.organisator.ch\/it\/wp-json\/wp\/v2\/media?parent=31338"}],"wp:term":[{"taxonomy":"category","embeddable":true,"href":"https:\/\/www.organisator.ch\/it\/wp-json\/wp\/v2\/categories?post=31338"},{"taxonomy":"post_tag","embeddable":true,"href":"https:\/\/www.organisator.ch\/it\/wp-json\/wp\/v2\/tags?post=31338"}],"curies":[{"name":"wp","href":"https:\/\/api.w.org\/{rel}","templated":true}]}}