{"id":31340,"date":"2024-10-29T14:59:41","date_gmt":"2024-10-29T13:59:41","guid":{"rendered":"https:\/\/www.markt-kom.com\/?p=225714"},"modified":"2024-11-07T11:01:18","modified_gmt":"2024-11-07T10:01:18","slug":"neues-filmstudio-bringt-frischen-wind-in-die-schweizer-kreativszene","status":"publish","type":"post","link":"https:\/\/www.organisator.ch\/it\/marketing\/2024-10-29\/neues-filmstudio-bringt-frischen-wind-in-die-schweizer-kreativszene\/","title":{"rendered":"Un nuovo studio cinematografico porta una ventata di aria fresca alla scena creativa svizzera"},"content":{"rendered":"<p><a href=\"https:\/\/www.markt-kom.com\/wp-content\/uploads\/2024\/10\/Beitragscover-43-7-4.png\"><img class=\"alignnone wp-image-225720 size-full\" src=\"https:\/\/www.markt-kom.com\/wp-content\/uploads\/2024\/10\/Beitragscover-43-7-4.png\" alt=\"Studi svizzeri AG \" width=\"1024\" height=\"768\" \/><\/a><\/p>\r\n<p>Cinque rinomate societ\u00e0 di produzione cinematografica svizzere e internazionali hanno unito le forze per formare Swiss Studios AG, al fine di rafforzare il potenziale creativo dell'industria cinematografica svizzera. Con un'offerta completa che comprende sviluppo, produzione, distribuzione e gestione delle licenze da un'unica fonte, Swiss Studios si impegna a creare contenuti di alta qualit\u00e0 per il cinema, la televisione e i servizi di streaming. In particolare, le nuove opportunit\u00e0 create dalla Legge sul cinema svizzero, che impone ai fornitori di servizi di streaming di investire nella produzione cinematografica locale, aprono prospettive interessanti per Swiss Studios.<\/p>\r\n<p>Malte Probst, Presidente del Consiglio di Amministrazione e CEO di Swiss Studios AG, sottolinea: \"Con Swiss Studios stiamo gettando le basi per un'industria cinematografica svizzera innovativa e competitiva a livello internazionale\". Gli azionisti - tra cui Elite Filmproduktion, Praesens-Film, Contrast Series, Bavaria Fiction Switzerland e Kinescope Film - stanno contribuendo con una solida esperienza e una forte rete a portare la Svizzera sulla scena internazionale come luogo di produzione.<\/p>\r\n<p>Lo studio persegue obiettivi ambiziosi: Oltre allo sviluppo di contenuti creativi, un'attenzione particolare \u00e8 rivolta alle innovazioni digitali e all'integrazione dell'intelligenza artificiale nel processo di produzione. \"Vogliamo combinare innovazione tecnica e narrazione creativa per ispirare il pubblico svizzero e internazionale\", spiega Corinne Rossi, membro del consiglio di amministrazione.<\/p>\r\n<p>&nbsp;<\/p>","protected":false},"excerpt":{"rendered":"<p>Con la fondazione di Swiss Studios AG, le principali societ\u00e0 di produzione di Zurigo stanno creando una piattaforma per produzioni innovative di film, serie e documentari che arricchiranno il mercato svizzero e internazionale. Creativit\u00e0 e innovazione digitale sono al centro del nuovo studio.<\/p>","protected":false},"author":8,"featured_media":0,"comment_status":"closed","ping_status":"closed","sticky":false,"template":"","format":"standard","meta":{"_acf_changed":false,"_yoast_wpseo_focuskw":"Swiss Studios AG","_yoast_wpseo_metadesc":"Swiss Studios AG st\u00e4rkt die Schweizer Filmindustrie mit kreativen und digitalen Innovationen.","articlekey":"","footnotes":""},"categories":[29],"tags":[4345],"class_list":["post-31340","post","type-post","status-publish","format-standard","hentry","category-marketing","tag-business"],"acf":[],"yoast_head":"<!-- This site is optimized with the Yoast SEO plugin v27.5 - https:\/\/yoast.com\/product\/yoast-seo-wordpress\/ -->\n<title>Neues Filmstudio bringt frischen Wind in die Schweizer Kreativszene - Organisator<\/title>\n<meta name=\"description\" content=\"Swiss Studios AG st\u00e4rkt die Schweizer Filmindustrie mit kreativen und digitalen Innovationen.\" \/>\n<meta name=\"robots\" content=\"index, follow, max-snippet:-1, max-image-preview:large, max-video-preview:-1\" \/>\n<link rel=\"canonical\" href=\"https:\/\/www.organisator.ch\/it\/marketing\/2024-10-29\/neues-filmstudio-bringt-frischen-wind-in-die-schweizer-kreativszene\/\" \/>\n<meta property=\"og:locale\" content=\"it_IT\" \/>\n<meta property=\"og:type\" content=\"article\" \/>\n<meta property=\"og:title\" content=\"Neues Filmstudio bringt frischen Wind in die Schweizer Kreativszene - Organisator\" \/>\n<meta property=\"og:description\" content=\"Swiss Studios AG st\u00e4rkt die Schweizer Filmindustrie mit kreativen und digitalen Innovationen.\" \/>\n<meta property=\"og:url\" content=\"https:\/\/www.organisator.ch\/it\/marketing\/2024-10-29\/neues-filmstudio-bringt-frischen-wind-in-die-schweizer-kreativszene\/\" \/>\n<meta property=\"og:site_name\" content=\"Organisator\" \/>\n<meta property=\"article:publisher\" content=\"https:\/\/www.facebook.com\/OrganisatorFachmagazin\" \/>\n<meta property=\"article:published_time\" content=\"2024-10-29T13:59:41+00:00\" \/>\n<meta property=\"article:modified_time\" content=\"2024-11-07T10:01:18+00:00\" \/>\n<meta property=\"og:image\" content=\"https:\/\/www.markt-kom.com\/wp-content\/uploads\/2024\/10\/Beitragscover-43-7-4.png\" \/>\n<meta name=\"author\" content=\"galledia\" \/>\n<meta name=\"twitter:card\" content=\"summary_large_image\" \/>\n<meta name=\"twitter:creator\" content=\"@admin\" \/>\n<script type=\"application\/ld+json\" class=\"yoast-schema-graph\">{\"@context\":\"https:\\\/\\\/schema.org\",\"@graph\":[{\"@type\":\"Article\",\"@id\":\"https:\\\/\\\/www.organisator.ch\\\/marketing\\\/2024-10-29\\\/neues-filmstudio-bringt-frischen-wind-in-die-schweizer-kreativszene\\\/#article\",\"isPartOf\":{\"@id\":\"https:\\\/\\\/www.organisator.ch\\\/marketing\\\/2024-10-29\\\/neues-filmstudio-bringt-frischen-wind-in-die-schweizer-kreativszene\\\/\"},\"author\":{\"name\":\"galledia\",\"@id\":\"https:\\\/\\\/www.organisator.ch\\\/#\\\/schema\\\/person\\\/4e51799071cd2dd1232ac003643ef5f0\"},\"headline\":\"Neues Filmstudio bringt frischen Wind in die Schweizer Kreativszene\",\"datePublished\":\"2024-10-29T13:59:41+00:00\",\"dateModified\":\"2024-11-07T10:01:18+00:00\",\"mainEntityOfPage\":{\"@id\":\"https:\\\/\\\/www.organisator.ch\\\/marketing\\\/2024-10-29\\\/neues-filmstudio-bringt-frischen-wind-in-die-schweizer-kreativszene\\\/\"},\"wordCount\":204,\"publisher\":{\"@id\":\"https:\\\/\\\/www.organisator.ch\\\/#organization\"},\"image\":{\"@id\":\"https:\\\/\\\/www.organisator.ch\\\/marketing\\\/2024-10-29\\\/neues-filmstudio-bringt-frischen-wind-in-die-schweizer-kreativszene\\\/#primaryimage\"},\"thumbnailUrl\":\"https:\\\/\\\/www.markt-kom.com\\\/wp-content\\\/uploads\\\/2024\\\/10\\\/Beitragscover-43-7-4.png\",\"keywords\":[\"Business\"],\"articleSection\":[\"MARKETING\"],\"inLanguage\":\"it-IT\"},{\"@type\":\"WebPage\",\"@id\":\"https:\\\/\\\/www.organisator.ch\\\/marketing\\\/2024-10-29\\\/neues-filmstudio-bringt-frischen-wind-in-die-schweizer-kreativszene\\\/\",\"url\":\"https:\\\/\\\/www.organisator.ch\\\/marketing\\\/2024-10-29\\\/neues-filmstudio-bringt-frischen-wind-in-die-schweizer-kreativszene\\\/\",\"name\":\"Neues Filmstudio bringt frischen Wind in die Schweizer Kreativszene - Organisator\",\"isPartOf\":{\"@id\":\"https:\\\/\\\/www.organisator.ch\\\/#website\"},\"primaryImageOfPage\":{\"@id\":\"https:\\\/\\\/www.organisator.ch\\\/marketing\\\/2024-10-29\\\/neues-filmstudio-bringt-frischen-wind-in-die-schweizer-kreativszene\\\/#primaryimage\"},\"image\":{\"@id\":\"https:\\\/\\\/www.organisator.ch\\\/marketing\\\/2024-10-29\\\/neues-filmstudio-bringt-frischen-wind-in-die-schweizer-kreativszene\\\/#primaryimage\"},\"thumbnailUrl\":\"https:\\\/\\\/www.markt-kom.com\\\/wp-content\\\/uploads\\\/2024\\\/10\\\/Beitragscover-43-7-4.png\",\"datePublished\":\"2024-10-29T13:59:41+00:00\",\"dateModified\":\"2024-11-07T10:01:18+00:00\",\"description\":\"Swiss Studios AG st\u00e4rkt die Schweizer Filmindustrie mit kreativen und digitalen Innovationen.\",\"breadcrumb\":{\"@id\":\"https:\\\/\\\/www.organisator.ch\\\/marketing\\\/2024-10-29\\\/neues-filmstudio-bringt-frischen-wind-in-die-schweizer-kreativszene\\\/#breadcrumb\"},\"inLanguage\":\"it-IT\",\"potentialAction\":[{\"@type\":\"ReadAction\",\"target\":[\"https:\\\/\\\/www.organisator.ch\\\/marketing\\\/2024-10-29\\\/neues-filmstudio-bringt-frischen-wind-in-die-schweizer-kreativszene\\\/\"]}]},{\"@type\":\"ImageObject\",\"inLanguage\":\"it-IT\",\"@id\":\"https:\\\/\\\/www.organisator.ch\\\/marketing\\\/2024-10-29\\\/neues-filmstudio-bringt-frischen-wind-in-die-schweizer-kreativszene\\\/#primaryimage\",\"url\":\"https:\\\/\\\/www.markt-kom.com\\\/wp-content\\\/uploads\\\/2024\\\/10\\\/Beitragscover-43-7-4.png\",\"contentUrl\":\"https:\\\/\\\/www.markt-kom.com\\\/wp-content\\\/uploads\\\/2024\\\/10\\\/Beitragscover-43-7-4.png\"},{\"@type\":\"BreadcrumbList\",\"@id\":\"https:\\\/\\\/www.organisator.ch\\\/marketing\\\/2024-10-29\\\/neues-filmstudio-bringt-frischen-wind-in-die-schweizer-kreativszene\\\/#breadcrumb\",\"itemListElement\":[{\"@type\":\"ListItem\",\"position\":1,\"name\":\"Home\",\"item\":\"https:\\\/\\\/www.organisator.ch\\\/\"},{\"@type\":\"ListItem\",\"position\":2,\"name\":\"Neues Filmstudio bringt frischen Wind in die Schweizer Kreativszene\"}]},{\"@type\":\"WebSite\",\"@id\":\"https:\\\/\\\/www.organisator.ch\\\/#website\",\"url\":\"https:\\\/\\\/www.organisator.ch\\\/\",\"name\":\"Organisator\",\"description\":\"Kompetent. Praxisnah. Der ORGANISATOR bereitet in 10 Ausgaben pro Jahr die wesentlichen Themen f\u00fcr F\u00fchrungskr\u00e4fte von KMU auf.\",\"publisher\":{\"@id\":\"https:\\\/\\\/www.organisator.ch\\\/#organization\"},\"potentialAction\":[{\"@type\":\"SearchAction\",\"target\":{\"@type\":\"EntryPoint\",\"urlTemplate\":\"https:\\\/\\\/www.organisator.ch\\\/?s={search_term_string}\"},\"query-input\":{\"@type\":\"PropertyValueSpecification\",\"valueRequired\":true,\"valueName\":\"search_term_string\"}}],\"inLanguage\":\"it-IT\"},{\"@type\":\"Organization\",\"@id\":\"https:\\\/\\\/www.organisator.ch\\\/#organization\",\"name\":\"Organisator\",\"url\":\"https:\\\/\\\/www.organisator.ch\\\/\",\"logo\":{\"@type\":\"ImageObject\",\"inLanguage\":\"it-IT\",\"@id\":\"https:\\\/\\\/www.organisator.ch\\\/#\\\/schema\\\/logo\\\/image\\\/\",\"url\":\"https:\\\/\\\/www.organisator.ch\\\/wp-content\\\/uploads\\\/2022\\\/01\\\/Logo_Organisator_Website.png\",\"contentUrl\":\"https:\\\/\\\/www.organisator.ch\\\/wp-content\\\/uploads\\\/2022\\\/01\\\/Logo_Organisator_Website.png\",\"width\":800,\"height\":77,\"caption\":\"Organisator\"},\"image\":{\"@id\":\"https:\\\/\\\/www.organisator.ch\\\/#\\\/schema\\\/logo\\\/image\\\/\"},\"sameAs\":[\"https:\\\/\\\/www.facebook.com\\\/OrganisatorFachmagazin\",\"https:\\\/\\\/www.linkedin.com\\\/showcase\\\/organisator-das-magazin-fr-kmu\",\"https:\\\/\\\/www.xing.com\\\/news\\\/pages\\\/organisator-ch-695\",\"https:\\\/\\\/www.youtube.com\\\/channel\\\/UCGP2Sq0iWaZwT3BdIAQFYpw\"]},{\"@type\":\"Person\",\"@id\":\"https:\\\/\\\/www.organisator.ch\\\/#\\\/schema\\\/person\\\/4e51799071cd2dd1232ac003643ef5f0\",\"name\":\"galledia\",\"image\":{\"@type\":\"ImageObject\",\"inLanguage\":\"it-IT\",\"@id\":\"https:\\\/\\\/secure.gravatar.com\\\/avatar\\\/78a7f90c01fc2bfc875782a0d4922b37cde2cf184ce347b91316d23cd7f69a36?s=96&d=mm&r=g\",\"url\":\"https:\\\/\\\/secure.gravatar.com\\\/avatar\\\/78a7f90c01fc2bfc875782a0d4922b37cde2cf184ce347b91316d23cd7f69a36?s=96&d=mm&r=g\",\"contentUrl\":\"https:\\\/\\\/secure.gravatar.com\\\/avatar\\\/78a7f90c01fc2bfc875782a0d4922b37cde2cf184ce347b91316d23cd7f69a36?s=96&d=mm&r=g\",\"caption\":\"galledia\"},\"sameAs\":[\"https:\\\/\\\/x.com\\\/admin\"],\"url\":\"https:\\\/\\\/www.organisator.ch\\\/it\\\/author\\\/galledia\\\/\"}]}<\/script>\n<!-- \/ Yoast SEO plugin. -->","yoast_head_json":{"title":"Il nuovo studio cinematografico porta una ventata di aria fresca alla scena creativa svizzera - Organizzatore","description":"Swiss Studios AG rafforza l'industria cinematografica svizzera con innovazioni creative e digitali.","robots":{"index":"index","follow":"follow","max-snippet":"max-snippet:-1","max-image-preview":"max-image-preview:large","max-video-preview":"max-video-preview:-1"},"canonical":"https:\/\/www.organisator.ch\/it\/marketing\/2024-10-29\/neues-filmstudio-bringt-frischen-wind-in-die-schweizer-kreativszene\/","og_locale":"it_IT","og_type":"article","og_title":"Neues Filmstudio bringt frischen Wind in die Schweizer Kreativszene - Organisator","og_description":"Swiss Studios AG st\u00e4rkt die Schweizer Filmindustrie mit kreativen und digitalen Innovationen.","og_url":"https:\/\/www.organisator.ch\/it\/marketing\/2024-10-29\/neues-filmstudio-bringt-frischen-wind-in-die-schweizer-kreativszene\/","og_site_name":"Organisator","article_publisher":"https:\/\/www.facebook.com\/OrganisatorFachmagazin","article_published_time":"2024-10-29T13:59:41+00:00","article_modified_time":"2024-11-07T10:01:18+00:00","og_image":[{"url":"https:\/\/www.markt-kom.com\/wp-content\/uploads\/2024\/10\/Beitragscover-43-7-4.png","type":"","width":"","height":""}],"author":"galledia","twitter_card":"summary_large_image","twitter_creator":"@admin","schema":{"@context":"https:\/\/schema.org","@graph":[{"@type":"Article","@id":"https:\/\/www.organisator.ch\/marketing\/2024-10-29\/neues-filmstudio-bringt-frischen-wind-in-die-schweizer-kreativszene\/#article","isPartOf":{"@id":"https:\/\/www.organisator.ch\/marketing\/2024-10-29\/neues-filmstudio-bringt-frischen-wind-in-die-schweizer-kreativszene\/"},"author":{"name":"galledia","@id":"https:\/\/www.organisator.ch\/#\/schema\/person\/4e51799071cd2dd1232ac003643ef5f0"},"headline":"Neues Filmstudio bringt frischen Wind in die Schweizer Kreativszene","datePublished":"2024-10-29T13:59:41+00:00","dateModified":"2024-11-07T10:01:18+00:00","mainEntityOfPage":{"@id":"https:\/\/www.organisator.ch\/marketing\/2024-10-29\/neues-filmstudio-bringt-frischen-wind-in-die-schweizer-kreativszene\/"},"wordCount":204,"publisher":{"@id":"https:\/\/www.organisator.ch\/#organization"},"image":{"@id":"https:\/\/www.organisator.ch\/marketing\/2024-10-29\/neues-filmstudio-bringt-frischen-wind-in-die-schweizer-kreativszene\/#primaryimage"},"thumbnailUrl":"https:\/\/www.markt-kom.com\/wp-content\/uploads\/2024\/10\/Beitragscover-43-7-4.png","keywords":["Business"],"articleSection":["MARKETING"],"inLanguage":"it-IT"},{"@type":"WebPage","@id":"https:\/\/www.organisator.ch\/marketing\/2024-10-29\/neues-filmstudio-bringt-frischen-wind-in-die-schweizer-kreativszene\/","url":"https:\/\/www.organisator.ch\/marketing\/2024-10-29\/neues-filmstudio-bringt-frischen-wind-in-die-schweizer-kreativszene\/","name":"Il nuovo studio cinematografico porta una ventata di aria fresca alla scena creativa svizzera - Organizzatore","isPartOf":{"@id":"https:\/\/www.organisator.ch\/#website"},"primaryImageOfPage":{"@id":"https:\/\/www.organisator.ch\/marketing\/2024-10-29\/neues-filmstudio-bringt-frischen-wind-in-die-schweizer-kreativszene\/#primaryimage"},"image":{"@id":"https:\/\/www.organisator.ch\/marketing\/2024-10-29\/neues-filmstudio-bringt-frischen-wind-in-die-schweizer-kreativszene\/#primaryimage"},"thumbnailUrl":"https:\/\/www.markt-kom.com\/wp-content\/uploads\/2024\/10\/Beitragscover-43-7-4.png","datePublished":"2024-10-29T13:59:41+00:00","dateModified":"2024-11-07T10:01:18+00:00","description":"Swiss Studios AG rafforza l'industria cinematografica svizzera con innovazioni creative e digitali.","breadcrumb":{"@id":"https:\/\/www.organisator.ch\/marketing\/2024-10-29\/neues-filmstudio-bringt-frischen-wind-in-die-schweizer-kreativszene\/#breadcrumb"},"inLanguage":"it-IT","potentialAction":[{"@type":"ReadAction","target":["https:\/\/www.organisator.ch\/marketing\/2024-10-29\/neues-filmstudio-bringt-frischen-wind-in-die-schweizer-kreativszene\/"]}]},{"@type":"ImageObject","inLanguage":"it-IT","@id":"https:\/\/www.organisator.ch\/marketing\/2024-10-29\/neues-filmstudio-bringt-frischen-wind-in-die-schweizer-kreativszene\/#primaryimage","url":"https:\/\/www.markt-kom.com\/wp-content\/uploads\/2024\/10\/Beitragscover-43-7-4.png","contentUrl":"https:\/\/www.markt-kom.com\/wp-content\/uploads\/2024\/10\/Beitragscover-43-7-4.png"},{"@type":"BreadcrumbList","@id":"https:\/\/www.organisator.ch\/marketing\/2024-10-29\/neues-filmstudio-bringt-frischen-wind-in-die-schweizer-kreativszene\/#breadcrumb","itemListElement":[{"@type":"ListItem","position":1,"name":"Home","item":"https:\/\/www.organisator.ch\/"},{"@type":"ListItem","position":2,"name":"Neues Filmstudio bringt frischen Wind in die Schweizer Kreativszene"}]},{"@type":"WebSite","@id":"https:\/\/www.organisator.ch\/#website","url":"https:\/\/www.organisator.ch\/","name":"Organizzatore","description":"Competente. Pratico. In 10 numeri all'anno, ORGANISATOR presenta i temi essenziali per i manager delle PMI.","publisher":{"@id":"https:\/\/www.organisator.ch\/#organization"},"potentialAction":[{"@type":"SearchAction","target":{"@type":"EntryPoint","urlTemplate":"https:\/\/www.organisator.ch\/?s={search_term_string}"},"query-input":{"@type":"PropertyValueSpecification","valueRequired":true,"valueName":"search_term_string"}}],"inLanguage":"it-IT"},{"@type":"Organization","@id":"https:\/\/www.organisator.ch\/#organization","name":"Organizzatore","url":"https:\/\/www.organisator.ch\/","logo":{"@type":"ImageObject","inLanguage":"it-IT","@id":"https:\/\/www.organisator.ch\/#\/schema\/logo\/image\/","url":"https:\/\/www.organisator.ch\/wp-content\/uploads\/2022\/01\/Logo_Organisator_Website.png","contentUrl":"https:\/\/www.organisator.ch\/wp-content\/uploads\/2022\/01\/Logo_Organisator_Website.png","width":800,"height":77,"caption":"Organisator"},"image":{"@id":"https:\/\/www.organisator.ch\/#\/schema\/logo\/image\/"},"sameAs":["https:\/\/www.facebook.com\/OrganisatorFachmagazin","https:\/\/www.linkedin.com\/showcase\/organisator-das-magazin-fr-kmu","https:\/\/www.xing.com\/news\/pages\/organisator-ch-695","https:\/\/www.youtube.com\/channel\/UCGP2Sq0iWaZwT3BdIAQFYpw"]},{"@type":"Person","@id":"https:\/\/www.organisator.ch\/#\/schema\/person\/4e51799071cd2dd1232ac003643ef5f0","name":"galledia","image":{"@type":"ImageObject","inLanguage":"it-IT","@id":"https:\/\/secure.gravatar.com\/avatar\/78a7f90c01fc2bfc875782a0d4922b37cde2cf184ce347b91316d23cd7f69a36?s=96&d=mm&r=g","url":"https:\/\/secure.gravatar.com\/avatar\/78a7f90c01fc2bfc875782a0d4922b37cde2cf184ce347b91316d23cd7f69a36?s=96&d=mm&r=g","contentUrl":"https:\/\/secure.gravatar.com\/avatar\/78a7f90c01fc2bfc875782a0d4922b37cde2cf184ce347b91316d23cd7f69a36?s=96&d=mm&r=g","caption":"galledia"},"sameAs":["https:\/\/x.com\/admin"],"url":"https:\/\/www.organisator.ch\/it\/author\/galledia\/"}]}},"_links":{"self":[{"href":"https:\/\/www.organisator.ch\/it\/wp-json\/wp\/v2\/posts\/31340","targetHints":{"allow":["GET"]}}],"collection":[{"href":"https:\/\/www.organisator.ch\/it\/wp-json\/wp\/v2\/posts"}],"about":[{"href":"https:\/\/www.organisator.ch\/it\/wp-json\/wp\/v2\/types\/post"}],"author":[{"embeddable":true,"href":"https:\/\/www.organisator.ch\/it\/wp-json\/wp\/v2\/users\/8"}],"replies":[{"embeddable":true,"href":"https:\/\/www.organisator.ch\/it\/wp-json\/wp\/v2\/comments?post=31340"}],"version-history":[{"count":3,"href":"https:\/\/www.organisator.ch\/it\/wp-json\/wp\/v2\/posts\/31340\/revisions"}],"predecessor-version":[{"id":31699,"href":"https:\/\/www.organisator.ch\/it\/wp-json\/wp\/v2\/posts\/31340\/revisions\/31699"}],"wp:attachment":[{"href":"https:\/\/www.organisator.ch\/it\/wp-json\/wp\/v2\/media?parent=31340"}],"wp:term":[{"taxonomy":"category","embeddable":true,"href":"https:\/\/www.organisator.ch\/it\/wp-json\/wp\/v2\/categories?post=31340"},{"taxonomy":"post_tag","embeddable":true,"href":"https:\/\/www.organisator.ch\/it\/wp-json\/wp\/v2\/tags?post=31340"}],"curies":[{"name":"wp","href":"https:\/\/api.w.org\/{rel}","templated":true}]}}