{"id":31343,"date":"2024-10-29T16:26:22","date_gmt":"2024-10-29T15:26:22","guid":{"rendered":"https:\/\/www.markt-kom.com\/?p=225662"},"modified":"2024-11-07T10:53:44","modified_gmt":"2024-11-07T09:53:44","slug":"mutiger-wandel-bei-wirz-gelingt-die-kreative-transformation","status":"publish","type":"post","link":"https:\/\/www.organisator.ch\/it\/marketing\/2024-10-29\/mutiger-wandel-bei-wirz-gelingt-die-kreative-transformation\/","title":{"rendered":"Cambiamenti audaci alla Wirz - La trasformazione creativa avr\u00e0 successo?"},"content":{"rendered":"<figure id=\"attachment_225673\" class=\"wp-caption alignnone\" style=\"width: 1400px\" aria-describedby=\"caption-attachment-225673\"><a href=\"https:\/\/www.markt-kom.com\/wp-content\/uploads\/2024\/10\/A-creative-modern-space-with-groups-of-people-engaged-in-lively-discussions.-Generated-by-Dall-e-scaled.webp\"><img class=\"alignnone wp-image-225673 size-full\" src=\"https:\/\/www.markt-kom.com\/wp-content\/uploads\/2024\/10\/A-creative-modern-space-with-groups-of-people-engaged-in-lively-discussions.-Generated-by-Dall-e-scaled.webp\" alt=\"Wirz Creative Business\" width=\"1400\" height=\"800\" \/><\/a>\r\n<figcaption id=\"caption-attachment-225673\" class=\"wp-caption-text\">\"Uno spazio creativo e moderno con gruppi di persone impegnate in vivaci discussioni e Logo\". Immagine generata dall'AI con Dall-e<\/figcaption>\r\n<\/figure>\r\n<p>Il settore pubblicitario si trova ad affrontare sfide che richiedono un cambiamento radicale - e <a href=\"https:\/\/www.wirz.ch\/\" rel=\"noopener\">Wirz<\/a> dimostra che un'agenzia tradizionale vuole cogliere l'opportunit\u00e0 di ridefinirsi.<\/p>\r\n<h3><strong>Wirz come \"Creative Business Partner\" - Una rottura radicale con la tradizione<\/strong><\/h3>\r\n<p>In qualit\u00e0 di \"Creative Business Partner\", l'azienda sta abbandonando la rigida fatturazione basata sulle spese a favore di un approccio basato su un modello che si concentra sulla creativit\u00e0 come forza produttiva. I clienti non pagano per le ore spese, ma per il successo misurabile delle soluzioni creative. Questo cambiamento pu\u00f2 sembrare radicale ad alcuni, ma in un momento in cui le strutture pubblicitarie tradizionali vengono sempre pi\u00f9 messe sotto esame, Wirz sta lanciando un forte segnale di spirito innovativo e di adattabilit\u00e0.<\/p>\r\n<h3><strong>Creativit\u00e0 strategica invece di strutture rigide<\/strong><\/h3>\r\n<p>I nuovi moduli come \"Brand Capital\" e \"New Game\" dimostrano quanto l'agenzia si stia trasformando: non si tratta solo di pubblicit\u00e0, ma di creativit\u00e0 strategica in grado di intervenire profondamente nella catena del valore di un'azienda. La creativit\u00e0 diventa il motore della crescita e del valore aggiunto orientato agli obiettivi strategici del cliente. Ma questo cambiamento comporta anche dei rischi, perch\u00e9 come si pu\u00f2 misurare la creativit\u00e0? La promessa che il supporto creativo e la consulenza strategica portino risultati concreti \u00e8 ambiziosa e richiede un riadattamento della comprensione del mercato da parte dell'industria.<\/p>\r\n<h3>Da processi rigorosi a partnership creative flessibili<\/h3>\r\n<p>Ricordo il periodo trascorso alla Wirz a met\u00e0 degli anni Novanta, quando l'agenzia aveva una struttura quasi militare: gerarchie chiare, controlli serrati. Erano tempi diversi. Il mondo della pubblicit\u00e0 era dominato dalla stampa, dalla televisione e dalle campagne di affissione. Il digitale non aveva alcun ruolo e l'idea di creativit\u00e0 era inestricabilmente legata all'artigianalit\u00e0 e alla comprensione del mercato dei media tradizionali. L'attuale trasformazione di Wirz sottolinea che oggi sono richieste competenze completamente diverse: L'agenzia sta cercando di posizionarsi come partner per gli obiettivi strategici dell'azienda e di collocare il ruolo della creativit\u00e0 in un nuovo contesto a pi\u00f9 livelli.<\/p>\r\n<h3><strong>L'equilibrio tra creativit\u00e0 e realt\u00e0 economica<\/strong><\/h3>\r\n<p>Ma una cosa rimane: Il settore rischia di perdere giovani talenti perch\u00e9 i creativi si stanno sempre pi\u00f9 realizzando in altri settori. Il CEO di un'agenzia mi ha detto di recente: \"Attualmente sto provando un senso di impotenza nel settore\". E: in un momento in cui le questioni sociali come la diversit\u00e0 e la sostenibilit\u00e0 stanno - giustamente - acquistando importanza, non devono diventare una distrazione dalla realt\u00e0 economica. Al contrario, devono integrare il potenziale creativo che caratterizza la vera forza innovativa di questo settore.<\/p>\r\n<figure id=\"attachment_225675\" class=\"wp-caption alignnone\" style=\"width: 1400px\" aria-describedby=\"caption-attachment-225675\"><a href=\"https:\/\/www.markt-kom.com\/wp-content\/uploads\/2024\/10\/A-dynamic-image-of-a-young-creative-talent-in-the-advertising-industry-collaborating-on-a-cool-innovative-strategy-with-a-colleague-generated-by-AI-Tool-Dall-e-scaled.webp\"><img class=\"size-full wp-image-225675\" src=\"https:\/\/www.markt-kom.com\/wp-content\/uploads\/2024\/10\/A-dynamic-image-of-a-young-creative-talent-in-the-advertising-industry-collaborating-on-a-cool-innovative-strategy-with-a-colleague-generated-by-AI-Tool-Dall-e-scaled.webp\" alt=\"\" width=\"1400\" height=\"800\" \/><\/a>\r\n<figcaption id=\"caption-attachment-225675\" class=\"wp-caption-text\">\"Un'immagine dinamica di un giovane talento creativo del settore pubblicitario che collabora con un collega a una strategia fresca e innovativa\" - generata da AI-Tool Dall-e<\/figcaption>\r\n<\/figure>\r\n<p>Wirz ha osato fare il passo di mettere sistematicamente la creativit\u00e0 al servizio della crescita dell'azienda: una decisione coraggiosa che merita rispetto. Il successo a lungo termine dipender\u00e0 dalla sostenibilit\u00e0 di questo modello e dalla capacit\u00e0 di attrarre clienti disposti a pagare adeguatamente per i risultati.<\/p>","protected":false},"excerpt":{"rendered":"<p>Un'agenzia pubblicitaria tradizionale osa subire un profondo cambiamento e si ridefinisce come \"partner commerciale creativo\". Come membro di lunga data del settore, riconosco che adattare le soluzioni creative alle crescenti esigenze economiche richiede talento e orizzonti. Riuscir\u00e0 Wirz a dare nuovo slancio al settore?<\/p>","protected":false},"author":8,"featured_media":0,"comment_status":"closed","ping_status":"closed","sticky":false,"template":"","format":"standard","meta":{"_acf_changed":false,"_yoast_wpseo_focuskw":"Wirz Creative Business","_yoast_wpseo_metadesc":"Die Agentur Wirz setzt auf strategische Kreativit\u00e4t als \u00abCreative Business Partner\u00bb und bricht mit traditionellen Werbemodellen.","articlekey":"","footnotes":""},"categories":[29],"tags":[4345,4348],"class_list":["post-31343","post","type-post","status-publish","format-standard","hentry","category-marketing","tag-business","tag-mk-format"],"acf":[],"yoast_head":"<!-- This site is optimized with the Yoast SEO plugin v27.5 - https:\/\/yoast.com\/product\/yoast-seo-wordpress\/ -->\n<title>Mutiger Wandel bei Wirz \u2013 Gelingt die kreative Transformation? - Organisator<\/title>\n<meta name=\"description\" content=\"Die Agentur Wirz setzt auf strategische Kreativit\u00e4t als \u00abCreative Business Partner\u00bb und bricht mit traditionellen Werbemodellen.\" \/>\n<meta name=\"robots\" content=\"index, follow, max-snippet:-1, max-image-preview:large, max-video-preview:-1\" \/>\n<link rel=\"canonical\" href=\"https:\/\/www.organisator.ch\/it\/marketing\/2024-10-29\/mutiger-wandel-bei-wirz-gelingt-die-kreative-transformation\/\" \/>\n<meta property=\"og:locale\" content=\"it_IT\" \/>\n<meta property=\"og:type\" content=\"article\" \/>\n<meta property=\"og:title\" content=\"Mutiger Wandel bei Wirz \u2013 Gelingt die kreative Transformation? - Organisator\" \/>\n<meta property=\"og:description\" content=\"Die Agentur Wirz setzt auf strategische Kreativit\u00e4t als \u00abCreative Business Partner\u00bb und bricht mit traditionellen Werbemodellen.\" \/>\n<meta property=\"og:url\" content=\"https:\/\/www.organisator.ch\/it\/marketing\/2024-10-29\/mutiger-wandel-bei-wirz-gelingt-die-kreative-transformation\/\" \/>\n<meta property=\"og:site_name\" content=\"Organisator\" \/>\n<meta property=\"article:publisher\" content=\"https:\/\/www.facebook.com\/OrganisatorFachmagazin\" \/>\n<meta property=\"article:published_time\" content=\"2024-10-29T15:26:22+00:00\" \/>\n<meta property=\"article:modified_time\" content=\"2024-11-07T09:53:44+00:00\" \/>\n<meta property=\"og:image\" content=\"https:\/\/www.markt-kom.com\/wp-content\/uploads\/2024\/10\/A-creative-modern-space-with-groups-of-people-engaged-in-lively-discussions.-Generated-by-Dall-e-scaled.webp\" \/>\n<meta name=\"author\" content=\"galledia\" \/>\n<meta name=\"twitter:card\" content=\"summary_large_image\" \/>\n<meta name=\"twitter:creator\" content=\"@admin\" \/>\n<script type=\"application\/ld+json\" class=\"yoast-schema-graph\">{\"@context\":\"https:\\\/\\\/schema.org\",\"@graph\":[{\"@type\":\"Article\",\"@id\":\"https:\\\/\\\/www.organisator.ch\\\/marketing\\\/2024-10-29\\\/mutiger-wandel-bei-wirz-gelingt-die-kreative-transformation\\\/#article\",\"isPartOf\":{\"@id\":\"https:\\\/\\\/www.organisator.ch\\\/marketing\\\/2024-10-29\\\/mutiger-wandel-bei-wirz-gelingt-die-kreative-transformation\\\/\"},\"author\":{\"name\":\"galledia\",\"@id\":\"https:\\\/\\\/www.organisator.ch\\\/#\\\/schema\\\/person\\\/4e51799071cd2dd1232ac003643ef5f0\"},\"headline\":\"Mutiger Wandel bei Wirz \u2013 Gelingt die kreative Transformation?\",\"datePublished\":\"2024-10-29T15:26:22+00:00\",\"dateModified\":\"2024-11-07T09:53:44+00:00\",\"mainEntityOfPage\":{\"@id\":\"https:\\\/\\\/www.organisator.ch\\\/marketing\\\/2024-10-29\\\/mutiger-wandel-bei-wirz-gelingt-die-kreative-transformation\\\/\"},\"wordCount\":528,\"publisher\":{\"@id\":\"https:\\\/\\\/www.organisator.ch\\\/#organization\"},\"image\":{\"@id\":\"https:\\\/\\\/www.organisator.ch\\\/marketing\\\/2024-10-29\\\/mutiger-wandel-bei-wirz-gelingt-die-kreative-transformation\\\/#primaryimage\"},\"thumbnailUrl\":\"https:\\\/\\\/www.markt-kom.com\\\/wp-content\\\/uploads\\\/2024\\\/10\\\/A-creative-modern-space-with-groups-of-people-engaged-in-lively-discussions.-Generated-by-Dall-e-scaled.webp\",\"keywords\":[\"Business\",\"m&amp;k FORMAT\"],\"articleSection\":[\"MARKETING\"],\"inLanguage\":\"it-IT\"},{\"@type\":\"WebPage\",\"@id\":\"https:\\\/\\\/www.organisator.ch\\\/marketing\\\/2024-10-29\\\/mutiger-wandel-bei-wirz-gelingt-die-kreative-transformation\\\/\",\"url\":\"https:\\\/\\\/www.organisator.ch\\\/marketing\\\/2024-10-29\\\/mutiger-wandel-bei-wirz-gelingt-die-kreative-transformation\\\/\",\"name\":\"Mutiger Wandel bei Wirz \u2013 Gelingt die kreative Transformation? - Organisator\",\"isPartOf\":{\"@id\":\"https:\\\/\\\/www.organisator.ch\\\/#website\"},\"primaryImageOfPage\":{\"@id\":\"https:\\\/\\\/www.organisator.ch\\\/marketing\\\/2024-10-29\\\/mutiger-wandel-bei-wirz-gelingt-die-kreative-transformation\\\/#primaryimage\"},\"image\":{\"@id\":\"https:\\\/\\\/www.organisator.ch\\\/marketing\\\/2024-10-29\\\/mutiger-wandel-bei-wirz-gelingt-die-kreative-transformation\\\/#primaryimage\"},\"thumbnailUrl\":\"https:\\\/\\\/www.markt-kom.com\\\/wp-content\\\/uploads\\\/2024\\\/10\\\/A-creative-modern-space-with-groups-of-people-engaged-in-lively-discussions.-Generated-by-Dall-e-scaled.webp\",\"datePublished\":\"2024-10-29T15:26:22+00:00\",\"dateModified\":\"2024-11-07T09:53:44+00:00\",\"description\":\"Die Agentur Wirz setzt auf strategische Kreativit\u00e4t als \u00abCreative Business Partner\u00bb und bricht mit traditionellen Werbemodellen.\",\"breadcrumb\":{\"@id\":\"https:\\\/\\\/www.organisator.ch\\\/marketing\\\/2024-10-29\\\/mutiger-wandel-bei-wirz-gelingt-die-kreative-transformation\\\/#breadcrumb\"},\"inLanguage\":\"it-IT\",\"potentialAction\":[{\"@type\":\"ReadAction\",\"target\":[\"https:\\\/\\\/www.organisator.ch\\\/marketing\\\/2024-10-29\\\/mutiger-wandel-bei-wirz-gelingt-die-kreative-transformation\\\/\"]}]},{\"@type\":\"ImageObject\",\"inLanguage\":\"it-IT\",\"@id\":\"https:\\\/\\\/www.organisator.ch\\\/marketing\\\/2024-10-29\\\/mutiger-wandel-bei-wirz-gelingt-die-kreative-transformation\\\/#primaryimage\",\"url\":\"https:\\\/\\\/www.markt-kom.com\\\/wp-content\\\/uploads\\\/2024\\\/10\\\/A-creative-modern-space-with-groups-of-people-engaged-in-lively-discussions.-Generated-by-Dall-e-scaled.webp\",\"contentUrl\":\"https:\\\/\\\/www.markt-kom.com\\\/wp-content\\\/uploads\\\/2024\\\/10\\\/A-creative-modern-space-with-groups-of-people-engaged-in-lively-discussions.-Generated-by-Dall-e-scaled.webp\"},{\"@type\":\"BreadcrumbList\",\"@id\":\"https:\\\/\\\/www.organisator.ch\\\/marketing\\\/2024-10-29\\\/mutiger-wandel-bei-wirz-gelingt-die-kreative-transformation\\\/#breadcrumb\",\"itemListElement\":[{\"@type\":\"ListItem\",\"position\":1,\"name\":\"Home\",\"item\":\"https:\\\/\\\/www.organisator.ch\\\/\"},{\"@type\":\"ListItem\",\"position\":2,\"name\":\"Mutiger Wandel bei Wirz \u2013 Gelingt die kreative Transformation?\"}]},{\"@type\":\"WebSite\",\"@id\":\"https:\\\/\\\/www.organisator.ch\\\/#website\",\"url\":\"https:\\\/\\\/www.organisator.ch\\\/\",\"name\":\"Organisator\",\"description\":\"Kompetent. Praxisnah. Der ORGANISATOR bereitet in 10 Ausgaben pro Jahr die wesentlichen Themen f\u00fcr F\u00fchrungskr\u00e4fte von KMU auf.\",\"publisher\":{\"@id\":\"https:\\\/\\\/www.organisator.ch\\\/#organization\"},\"potentialAction\":[{\"@type\":\"SearchAction\",\"target\":{\"@type\":\"EntryPoint\",\"urlTemplate\":\"https:\\\/\\\/www.organisator.ch\\\/?s={search_term_string}\"},\"query-input\":{\"@type\":\"PropertyValueSpecification\",\"valueRequired\":true,\"valueName\":\"search_term_string\"}}],\"inLanguage\":\"it-IT\"},{\"@type\":\"Organization\",\"@id\":\"https:\\\/\\\/www.organisator.ch\\\/#organization\",\"name\":\"Organisator\",\"url\":\"https:\\\/\\\/www.organisator.ch\\\/\",\"logo\":{\"@type\":\"ImageObject\",\"inLanguage\":\"it-IT\",\"@id\":\"https:\\\/\\\/www.organisator.ch\\\/#\\\/schema\\\/logo\\\/image\\\/\",\"url\":\"https:\\\/\\\/www.organisator.ch\\\/wp-content\\\/uploads\\\/2022\\\/01\\\/Logo_Organisator_Website.png\",\"contentUrl\":\"https:\\\/\\\/www.organisator.ch\\\/wp-content\\\/uploads\\\/2022\\\/01\\\/Logo_Organisator_Website.png\",\"width\":800,\"height\":77,\"caption\":\"Organisator\"},\"image\":{\"@id\":\"https:\\\/\\\/www.organisator.ch\\\/#\\\/schema\\\/logo\\\/image\\\/\"},\"sameAs\":[\"https:\\\/\\\/www.facebook.com\\\/OrganisatorFachmagazin\",\"https:\\\/\\\/www.linkedin.com\\\/showcase\\\/organisator-das-magazin-fr-kmu\",\"https:\\\/\\\/www.xing.com\\\/news\\\/pages\\\/organisator-ch-695\",\"https:\\\/\\\/www.youtube.com\\\/channel\\\/UCGP2Sq0iWaZwT3BdIAQFYpw\"]},{\"@type\":\"Person\",\"@id\":\"https:\\\/\\\/www.organisator.ch\\\/#\\\/schema\\\/person\\\/4e51799071cd2dd1232ac003643ef5f0\",\"name\":\"galledia\",\"image\":{\"@type\":\"ImageObject\",\"inLanguage\":\"it-IT\",\"@id\":\"https:\\\/\\\/secure.gravatar.com\\\/avatar\\\/78a7f90c01fc2bfc875782a0d4922b37cde2cf184ce347b91316d23cd7f69a36?s=96&d=mm&r=g\",\"url\":\"https:\\\/\\\/secure.gravatar.com\\\/avatar\\\/78a7f90c01fc2bfc875782a0d4922b37cde2cf184ce347b91316d23cd7f69a36?s=96&d=mm&r=g\",\"contentUrl\":\"https:\\\/\\\/secure.gravatar.com\\\/avatar\\\/78a7f90c01fc2bfc875782a0d4922b37cde2cf184ce347b91316d23cd7f69a36?s=96&d=mm&r=g\",\"caption\":\"galledia\"},\"sameAs\":[\"https:\\\/\\\/x.com\\\/admin\"],\"url\":\"https:\\\/\\\/www.organisator.ch\\\/it\\\/author\\\/galledia\\\/\"}]}<\/script>\n<!-- \/ Yoast SEO plugin. -->","yoast_head_json":{"title":"Cambiamenti audaci alla Wirz - La trasformazione creativa avr\u00e0 successo? - Organizzatore","description":"L'agenzia Wirz si concentra sulla creativit\u00e0 strategica come \"partner commerciale creativo\" e rompe con i modelli pubblicitari tradizionali.","robots":{"index":"index","follow":"follow","max-snippet":"max-snippet:-1","max-image-preview":"max-image-preview:large","max-video-preview":"max-video-preview:-1"},"canonical":"https:\/\/www.organisator.ch\/it\/marketing\/2024-10-29\/mutiger-wandel-bei-wirz-gelingt-die-kreative-transformation\/","og_locale":"it_IT","og_type":"article","og_title":"Mutiger Wandel bei Wirz \u2013 Gelingt die kreative Transformation? - Organisator","og_description":"Die Agentur Wirz setzt auf strategische Kreativit\u00e4t als \u00abCreative Business Partner\u00bb und bricht mit traditionellen Werbemodellen.","og_url":"https:\/\/www.organisator.ch\/it\/marketing\/2024-10-29\/mutiger-wandel-bei-wirz-gelingt-die-kreative-transformation\/","og_site_name":"Organisator","article_publisher":"https:\/\/www.facebook.com\/OrganisatorFachmagazin","article_published_time":"2024-10-29T15:26:22+00:00","article_modified_time":"2024-11-07T09:53:44+00:00","og_image":[{"url":"https:\/\/www.markt-kom.com\/wp-content\/uploads\/2024\/10\/A-creative-modern-space-with-groups-of-people-engaged-in-lively-discussions.-Generated-by-Dall-e-scaled.webp","type":"","width":"","height":""}],"author":"galledia","twitter_card":"summary_large_image","twitter_creator":"@admin","schema":{"@context":"https:\/\/schema.org","@graph":[{"@type":"Article","@id":"https:\/\/www.organisator.ch\/marketing\/2024-10-29\/mutiger-wandel-bei-wirz-gelingt-die-kreative-transformation\/#article","isPartOf":{"@id":"https:\/\/www.organisator.ch\/marketing\/2024-10-29\/mutiger-wandel-bei-wirz-gelingt-die-kreative-transformation\/"},"author":{"name":"galledia","@id":"https:\/\/www.organisator.ch\/#\/schema\/person\/4e51799071cd2dd1232ac003643ef5f0"},"headline":"Mutiger Wandel bei Wirz \u2013 Gelingt die kreative Transformation?","datePublished":"2024-10-29T15:26:22+00:00","dateModified":"2024-11-07T09:53:44+00:00","mainEntityOfPage":{"@id":"https:\/\/www.organisator.ch\/marketing\/2024-10-29\/mutiger-wandel-bei-wirz-gelingt-die-kreative-transformation\/"},"wordCount":528,"publisher":{"@id":"https:\/\/www.organisator.ch\/#organization"},"image":{"@id":"https:\/\/www.organisator.ch\/marketing\/2024-10-29\/mutiger-wandel-bei-wirz-gelingt-die-kreative-transformation\/#primaryimage"},"thumbnailUrl":"https:\/\/www.markt-kom.com\/wp-content\/uploads\/2024\/10\/A-creative-modern-space-with-groups-of-people-engaged-in-lively-discussions.-Generated-by-Dall-e-scaled.webp","keywords":["Business","m&amp;k FORMAT"],"articleSection":["MARKETING"],"inLanguage":"it-IT"},{"@type":"WebPage","@id":"https:\/\/www.organisator.ch\/marketing\/2024-10-29\/mutiger-wandel-bei-wirz-gelingt-die-kreative-transformation\/","url":"https:\/\/www.organisator.ch\/marketing\/2024-10-29\/mutiger-wandel-bei-wirz-gelingt-die-kreative-transformation\/","name":"Cambiamenti audaci alla Wirz - La trasformazione creativa avr\u00e0 successo? - Organizzatore","isPartOf":{"@id":"https:\/\/www.organisator.ch\/#website"},"primaryImageOfPage":{"@id":"https:\/\/www.organisator.ch\/marketing\/2024-10-29\/mutiger-wandel-bei-wirz-gelingt-die-kreative-transformation\/#primaryimage"},"image":{"@id":"https:\/\/www.organisator.ch\/marketing\/2024-10-29\/mutiger-wandel-bei-wirz-gelingt-die-kreative-transformation\/#primaryimage"},"thumbnailUrl":"https:\/\/www.markt-kom.com\/wp-content\/uploads\/2024\/10\/A-creative-modern-space-with-groups-of-people-engaged-in-lively-discussions.-Generated-by-Dall-e-scaled.webp","datePublished":"2024-10-29T15:26:22+00:00","dateModified":"2024-11-07T09:53:44+00:00","description":"L'agenzia Wirz si concentra sulla creativit\u00e0 strategica come \"partner commerciale creativo\" e rompe con i modelli pubblicitari tradizionali.","breadcrumb":{"@id":"https:\/\/www.organisator.ch\/marketing\/2024-10-29\/mutiger-wandel-bei-wirz-gelingt-die-kreative-transformation\/#breadcrumb"},"inLanguage":"it-IT","potentialAction":[{"@type":"ReadAction","target":["https:\/\/www.organisator.ch\/marketing\/2024-10-29\/mutiger-wandel-bei-wirz-gelingt-die-kreative-transformation\/"]}]},{"@type":"ImageObject","inLanguage":"it-IT","@id":"https:\/\/www.organisator.ch\/marketing\/2024-10-29\/mutiger-wandel-bei-wirz-gelingt-die-kreative-transformation\/#primaryimage","url":"https:\/\/www.markt-kom.com\/wp-content\/uploads\/2024\/10\/A-creative-modern-space-with-groups-of-people-engaged-in-lively-discussions.-Generated-by-Dall-e-scaled.webp","contentUrl":"https:\/\/www.markt-kom.com\/wp-content\/uploads\/2024\/10\/A-creative-modern-space-with-groups-of-people-engaged-in-lively-discussions.-Generated-by-Dall-e-scaled.webp"},{"@type":"BreadcrumbList","@id":"https:\/\/www.organisator.ch\/marketing\/2024-10-29\/mutiger-wandel-bei-wirz-gelingt-die-kreative-transformation\/#breadcrumb","itemListElement":[{"@type":"ListItem","position":1,"name":"Home","item":"https:\/\/www.organisator.ch\/"},{"@type":"ListItem","position":2,"name":"Mutiger Wandel bei Wirz \u2013 Gelingt die kreative Transformation?"}]},{"@type":"WebSite","@id":"https:\/\/www.organisator.ch\/#website","url":"https:\/\/www.organisator.ch\/","name":"Organizzatore","description":"Competente. Pratico. In 10 numeri all'anno, ORGANISATOR presenta i temi essenziali per i manager delle PMI.","publisher":{"@id":"https:\/\/www.organisator.ch\/#organization"},"potentialAction":[{"@type":"SearchAction","target":{"@type":"EntryPoint","urlTemplate":"https:\/\/www.organisator.ch\/?s={search_term_string}"},"query-input":{"@type":"PropertyValueSpecification","valueRequired":true,"valueName":"search_term_string"}}],"inLanguage":"it-IT"},{"@type":"Organization","@id":"https:\/\/www.organisator.ch\/#organization","name":"Organizzatore","url":"https:\/\/www.organisator.ch\/","logo":{"@type":"ImageObject","inLanguage":"it-IT","@id":"https:\/\/www.organisator.ch\/#\/schema\/logo\/image\/","url":"https:\/\/www.organisator.ch\/wp-content\/uploads\/2022\/01\/Logo_Organisator_Website.png","contentUrl":"https:\/\/www.organisator.ch\/wp-content\/uploads\/2022\/01\/Logo_Organisator_Website.png","width":800,"height":77,"caption":"Organisator"},"image":{"@id":"https:\/\/www.organisator.ch\/#\/schema\/logo\/image\/"},"sameAs":["https:\/\/www.facebook.com\/OrganisatorFachmagazin","https:\/\/www.linkedin.com\/showcase\/organisator-das-magazin-fr-kmu","https:\/\/www.xing.com\/news\/pages\/organisator-ch-695","https:\/\/www.youtube.com\/channel\/UCGP2Sq0iWaZwT3BdIAQFYpw"]},{"@type":"Person","@id":"https:\/\/www.organisator.ch\/#\/schema\/person\/4e51799071cd2dd1232ac003643ef5f0","name":"galledia","image":{"@type":"ImageObject","inLanguage":"it-IT","@id":"https:\/\/secure.gravatar.com\/avatar\/78a7f90c01fc2bfc875782a0d4922b37cde2cf184ce347b91316d23cd7f69a36?s=96&d=mm&r=g","url":"https:\/\/secure.gravatar.com\/avatar\/78a7f90c01fc2bfc875782a0d4922b37cde2cf184ce347b91316d23cd7f69a36?s=96&d=mm&r=g","contentUrl":"https:\/\/secure.gravatar.com\/avatar\/78a7f90c01fc2bfc875782a0d4922b37cde2cf184ce347b91316d23cd7f69a36?s=96&d=mm&r=g","caption":"galledia"},"sameAs":["https:\/\/x.com\/admin"],"url":"https:\/\/www.organisator.ch\/it\/author\/galledia\/"}]}},"_links":{"self":[{"href":"https:\/\/www.organisator.ch\/it\/wp-json\/wp\/v2\/posts\/31343","targetHints":{"allow":["GET"]}}],"collection":[{"href":"https:\/\/www.organisator.ch\/it\/wp-json\/wp\/v2\/posts"}],"about":[{"href":"https:\/\/www.organisator.ch\/it\/wp-json\/wp\/v2\/types\/post"}],"author":[{"embeddable":true,"href":"https:\/\/www.organisator.ch\/it\/wp-json\/wp\/v2\/users\/8"}],"replies":[{"embeddable":true,"href":"https:\/\/www.organisator.ch\/it\/wp-json\/wp\/v2\/comments?post=31343"}],"version-history":[{"count":4,"href":"https:\/\/www.organisator.ch\/it\/wp-json\/wp\/v2\/posts\/31343\/revisions"}],"predecessor-version":[{"id":31694,"href":"https:\/\/www.organisator.ch\/it\/wp-json\/wp\/v2\/posts\/31343\/revisions\/31694"}],"wp:attachment":[{"href":"https:\/\/www.organisator.ch\/it\/wp-json\/wp\/v2\/media?parent=31343"}],"wp:term":[{"taxonomy":"category","embeddable":true,"href":"https:\/\/www.organisator.ch\/it\/wp-json\/wp\/v2\/categories?post=31343"},{"taxonomy":"post_tag","embeddable":true,"href":"https:\/\/www.organisator.ch\/it\/wp-json\/wp\/v2\/tags?post=31343"}],"curies":[{"name":"wp","href":"https:\/\/api.w.org\/{rel}","templated":true}]}}