{"id":31377,"date":"2024-10-30T09:54:50","date_gmt":"2024-10-30T08:54:50","guid":{"rendered":"https:\/\/www.markt-kom.com\/?p=225765"},"modified":"2024-11-07T10:06:28","modified_gmt":"2024-11-07T09:06:28","slug":"europa-im-kaufkraftvergleich-2024-schweiz-unter-den-spitzenreitern-grosse-regionale-unterschiede-sichtbar","status":"publish","type":"post","link":"https:\/\/www.organisator.ch\/it\/marketing\/2024-10-30\/europa-im-kaufkraftvergleich-2024-schweiz-unter-den-spitzenreitern-grosse-regionale-unterschiede-sichtbar\/","title":{"rendered":"Confronto del potere d'acquisto in Europa nel 2024: la Svizzera \u00e8 in testa, ma sono visibili grandi differenze regionali"},"content":{"rendered":"<p>&nbsp;<\/p>\r\n<figure id=\"attachment_225767\" class=\"wp-caption alignnone\" style=\"width: 1031px\" aria-describedby=\"caption-attachment-225767\"><a href=\"https:\/\/www.markt-kom.com\/wp-content\/uploads\/2024\/10\/Bildschirmfoto-2024-10-30-um-09.47.28.png\"><img class=\"alignnone wp-image-225767 size-full\" src=\"https:\/\/www.markt-kom.com\/wp-content\/uploads\/2024\/10\/Bildschirmfoto-2024-10-30-um-09.47.28.png\" alt=\"Studio GfK\" width=\"1031\" height=\"707\" \/><\/a>\r\n<figcaption id=\"caption-attachment-225767\" class=\"wp-caption-text\">Il potere d'acquisto degli europei salir\u00e0 a 18.768 euro nel 2024 - la regione DACH \u00e8 ben posizionata con un elevato potere d'acquisto. Pi\u00f9 rosso \u00e8, pi\u00f9 alto \u00e8 il potere d'acquisto.<\/figcaption>\r\n<\/figure>\r\n<p>Il <a href=\"https:\/\/nielseniq.com\/global\/de\/news-center\/2024\/die-kaufkraft-der-europaer-steigt-2024-auf-18-768-euro\/\" rel=\"noopener\">Studio GfK<\/a> sul potere d'acquisto europeo nel 2024 illustra le differenze di reddito, talvolta notevoli, all'interno dell'Europa: mentre il potere d'acquisto pro capite del Liechtenstein, pari a 70.180 euro, \u00e8 pi\u00f9 di 3,7 volte la media, la Svizzera e il Lussemburgo occupano il secondo e il terzo posto della classifica, rispettivamente con 52.566 e 41.785 euro pro capite. La Svizzera, in particolare, mostra un potere d'acquisto impressionantemente costante e si posiziona ben al di sopra della media europea. Anche l'Austria si colloca al sesto posto tra i primi 10 Paesi con un aumento.<\/p>\r\n<figure id=\"attachment_225769\" class=\"wp-caption alignnone\" style=\"width: 1300px\" aria-describedby=\"caption-attachment-225769\"><a href=\"https:\/\/www.markt-kom.com\/wp-content\/uploads\/2024\/10\/Bildschirmfoto-2024-10-30-um-09.50.46.png\"><img class=\"size-full wp-image-225769\" src=\"https:\/\/www.markt-kom.com\/wp-content\/uploads\/2024\/10\/Bildschirmfoto-2024-10-30-um-09.50.46.png\" alt=\"Classifica del potere d&#039;acquisto in Europa (Top 10)\" width=\"1300\" height=\"575\" \/><\/a>\r\n<figcaption id=\"caption-attachment-225769\" class=\"wp-caption-text\">GfK Purchasing Power Europe 2024 * Indice pro capite: media europea = 100<\/figcaption>\r\n<\/figure>\r\n<p>Un confronto tra Paesi rivela una disparit\u00e0 regionale che appare meno pronunciata nei Paesi Bassi, in Germania e in Austria, ma che mostra notevoli differenze tra le regioni pi\u00f9 ricche e quelle a basso reddito, in particolare in Francia, Italia e Spagna. In Francia, il potere d'acquisto nella regione della capitale \u00cele-de-France \u00e8 ben al di sopra della media nazionale e rimane il centro economico del Paese. L'Italia, invece, mostra un chiaro divario nord-sud: mentre la provincia di Bolzano, nuovo leader, rappresenta le regioni settentrionali pi\u00f9 ricche, l'Italia meridionale \u00e8 molto indietro rispetto alla media nazionale.<\/p>\r\n<p>Quest'anno il Regno Unito e i Paesi Bassi sono saliti nella classifica generale europea: Il Regno Unito sale di tre posizioni al settimo posto con un potere d'acquisto di 28.086 euro pro capite, mentre i Paesi Bassi salgono al decimo posto con un valore medio di 27.558 euro, mostrando una distribuzione relativamente equilibrata del potere d'acquisto tra le province.<\/p>\r\n<p>Nel complesso, 16 dei 42 Paesi analizzati si collocano al di sopra della media europea. Nonostante una crescita nominale del potere d'acquisto del 3,9%, il divario di reddito regionale e transnazionale rimane notevole, soprattutto nei Paesi dell'Europa orientale e meridionale come Polonia, Ungheria e Romania, dove il reddito netto disponibile rimane relativamente basso. Tuttavia, si nota una tendenza alla convergenza dei redditi nelle regioni meno ricche. Lo studio \"Purchasing Power Europe 2024\" \u00e8 ora disponibile e contiene dati dettagliati a livello di comuni e codici postali.<\/p>\r\n<hr \/>\r\n<p>Allo studio:<\/p>\r\n<p>Lo studio \"GfK Purchasing Power Europe 2024\" \u00e8 disponibile per 42 Paesi europei a livelli fini come comuni e codici postali, oltre a dati corrispondenti su abitanti e famiglie e mappe digitali.<\/p>\r\n<p>Il potere d'acquisto si riferisce al reddito disponibile al netto delle imposte e dei contributi sociali, compresi i trasferimenti, ed \u00e8 indicato pro capite e per anno in euro come indice. Il potere d'acquisto GfK si riferisce al reddito disponibile nominale. Ci\u00f2 significa che i valori non sono adeguati all'inflazione. Il calcolo si basa sui dati delle statistiche sulle imposte sul reddito, sulle statistiche rilevanti per il calcolo dei trasferimenti e sulle previsioni degli istituti economici.<\/p>\r\n<p>I consumatori utilizzano il loro potere d'acquisto generale per coprire tutte le spese per l'alimentazione, l'alloggio, i servizi, i costi energetici, le pensioni private e le assicurazioni, oltre ad altre spese come le vacanze, la mobilit\u00e0 e i desideri dei consumatori.<\/p>","protected":false},"excerpt":{"rendered":"<p>Lo studio GfK \"Purchasing Power Europe 2024\" mostra chiare differenze tra i 42 Paesi analizzati. Liechtenstein, Svizzera e Lussemburgo guidano la classifica con i valori pi\u00f9 alti, mentre il potere d'acquisto in Kosovo, Bielorussia e Ucraina rimane basso. Complessivamente, il potere d'acquisto medio \u00e8 di 18.768 euro pro capite.<\/p>","protected":false},"author":8,"featured_media":0,"comment_status":"closed","ping_status":"closed","sticky":false,"template":"","format":"standard","meta":{"_acf_changed":false,"_yoast_wpseo_focuskw":"GfK-Studie","_yoast_wpseo_metadesc":"Die GfK-Studie zeigt 2024 steigende Kaufkraft in Europa, mit Liechtenstein, Schweiz und Luxemburg an der Spitze.","articlekey":"","footnotes":""},"categories":[29],"tags":[4345,3610,4314],"class_list":["post-31377","post","type-post","status-publish","format-standard","hentry","category-marketing","tag-business","tag-gfk","tag-kaufkraft"],"acf":[],"yoast_head":"<!-- This site is optimized with the Yoast SEO plugin v27.4 - https:\/\/yoast.com\/product\/yoast-seo-wordpress\/ -->\n<title>Europa im Kaufkraftvergleich 2024: Schweiz unter den Spitzenreitern, grosse regionale Unterschiede sichtbar - Organisator<\/title>\n<meta name=\"description\" content=\"Die GfK-Studie zeigt 2024 steigende Kaufkraft in Europa, mit Liechtenstein, Schweiz und Luxemburg an der Spitze.\" \/>\n<meta name=\"robots\" content=\"index, follow, max-snippet:-1, max-image-preview:large, max-video-preview:-1\" \/>\n<link rel=\"canonical\" href=\"https:\/\/www.organisator.ch\/it\/marketing\/2024-10-30\/europa-im-kaufkraftvergleich-2024-schweiz-unter-den-spitzenreitern-grosse-regionale-unterschiede-sichtbar\/\" \/>\n<meta property=\"og:locale\" content=\"it_IT\" \/>\n<meta property=\"og:type\" content=\"article\" \/>\n<meta property=\"og:title\" content=\"Europa im Kaufkraftvergleich 2024: Schweiz unter den Spitzenreitern, grosse regionale Unterschiede sichtbar - Organisator\" \/>\n<meta property=\"og:description\" content=\"Die GfK-Studie zeigt 2024 steigende Kaufkraft in Europa, mit Liechtenstein, Schweiz und Luxemburg an der Spitze.\" \/>\n<meta property=\"og:url\" content=\"https:\/\/www.organisator.ch\/it\/marketing\/2024-10-30\/europa-im-kaufkraftvergleich-2024-schweiz-unter-den-spitzenreitern-grosse-regionale-unterschiede-sichtbar\/\" \/>\n<meta property=\"og:site_name\" content=\"Organisator\" \/>\n<meta property=\"article:publisher\" content=\"https:\/\/www.facebook.com\/OrganisatorFachmagazin\" \/>\n<meta property=\"article:published_time\" content=\"2024-10-30T08:54:50+00:00\" \/>\n<meta property=\"article:modified_time\" content=\"2024-11-07T09:06:28+00:00\" \/>\n<meta property=\"og:image\" content=\"https:\/\/www.markt-kom.com\/wp-content\/uploads\/2024\/10\/Bildschirmfoto-2024-10-30-um-09.47.28.png\" \/>\n<meta name=\"author\" content=\"galledia\" \/>\n<meta name=\"twitter:card\" content=\"summary_large_image\" \/>\n<meta name=\"twitter:creator\" content=\"@admin\" \/>\n<script type=\"application\/ld+json\" class=\"yoast-schema-graph\">{\"@context\":\"https:\\\/\\\/schema.org\",\"@graph\":[{\"@type\":\"Article\",\"@id\":\"https:\\\/\\\/www.organisator.ch\\\/marketing\\\/2024-10-30\\\/europa-im-kaufkraftvergleich-2024-schweiz-unter-den-spitzenreitern-grosse-regionale-unterschiede-sichtbar\\\/#article\",\"isPartOf\":{\"@id\":\"https:\\\/\\\/www.organisator.ch\\\/marketing\\\/2024-10-30\\\/europa-im-kaufkraftvergleich-2024-schweiz-unter-den-spitzenreitern-grosse-regionale-unterschiede-sichtbar\\\/\"},\"author\":{\"name\":\"galledia\",\"@id\":\"https:\\\/\\\/www.organisator.ch\\\/#\\\/schema\\\/person\\\/4e51799071cd2dd1232ac003643ef5f0\"},\"headline\":\"Europa im Kaufkraftvergleich 2024: Schweiz unter den Spitzenreitern, grosse regionale Unterschiede sichtbar\",\"datePublished\":\"2024-10-30T08:54:50+00:00\",\"dateModified\":\"2024-11-07T09:06:28+00:00\",\"mainEntityOfPage\":{\"@id\":\"https:\\\/\\\/www.organisator.ch\\\/marketing\\\/2024-10-30\\\/europa-im-kaufkraftvergleich-2024-schweiz-unter-den-spitzenreitern-grosse-regionale-unterschiede-sichtbar\\\/\"},\"wordCount\":477,\"publisher\":{\"@id\":\"https:\\\/\\\/www.organisator.ch\\\/#organization\"},\"image\":{\"@id\":\"https:\\\/\\\/www.organisator.ch\\\/marketing\\\/2024-10-30\\\/europa-im-kaufkraftvergleich-2024-schweiz-unter-den-spitzenreitern-grosse-regionale-unterschiede-sichtbar\\\/#primaryimage\"},\"thumbnailUrl\":\"https:\\\/\\\/www.markt-kom.com\\\/wp-content\\\/uploads\\\/2024\\\/10\\\/Bildschirmfoto-2024-10-30-um-09.47.28.png\",\"keywords\":[\"Business\",\"Gfk\",\"Kaufkraft\"],\"articleSection\":[\"MARKETING\"],\"inLanguage\":\"it-IT\"},{\"@type\":\"WebPage\",\"@id\":\"https:\\\/\\\/www.organisator.ch\\\/marketing\\\/2024-10-30\\\/europa-im-kaufkraftvergleich-2024-schweiz-unter-den-spitzenreitern-grosse-regionale-unterschiede-sichtbar\\\/\",\"url\":\"https:\\\/\\\/www.organisator.ch\\\/marketing\\\/2024-10-30\\\/europa-im-kaufkraftvergleich-2024-schweiz-unter-den-spitzenreitern-grosse-regionale-unterschiede-sichtbar\\\/\",\"name\":\"Europa im Kaufkraftvergleich 2024: Schweiz unter den Spitzenreitern, grosse regionale Unterschiede sichtbar - Organisator\",\"isPartOf\":{\"@id\":\"https:\\\/\\\/www.organisator.ch\\\/#website\"},\"primaryImageOfPage\":{\"@id\":\"https:\\\/\\\/www.organisator.ch\\\/marketing\\\/2024-10-30\\\/europa-im-kaufkraftvergleich-2024-schweiz-unter-den-spitzenreitern-grosse-regionale-unterschiede-sichtbar\\\/#primaryimage\"},\"image\":{\"@id\":\"https:\\\/\\\/www.organisator.ch\\\/marketing\\\/2024-10-30\\\/europa-im-kaufkraftvergleich-2024-schweiz-unter-den-spitzenreitern-grosse-regionale-unterschiede-sichtbar\\\/#primaryimage\"},\"thumbnailUrl\":\"https:\\\/\\\/www.markt-kom.com\\\/wp-content\\\/uploads\\\/2024\\\/10\\\/Bildschirmfoto-2024-10-30-um-09.47.28.png\",\"datePublished\":\"2024-10-30T08:54:50+00:00\",\"dateModified\":\"2024-11-07T09:06:28+00:00\",\"description\":\"Die GfK-Studie zeigt 2024 steigende Kaufkraft in Europa, mit Liechtenstein, Schweiz und Luxemburg an der Spitze.\",\"breadcrumb\":{\"@id\":\"https:\\\/\\\/www.organisator.ch\\\/marketing\\\/2024-10-30\\\/europa-im-kaufkraftvergleich-2024-schweiz-unter-den-spitzenreitern-grosse-regionale-unterschiede-sichtbar\\\/#breadcrumb\"},\"inLanguage\":\"it-IT\",\"potentialAction\":[{\"@type\":\"ReadAction\",\"target\":[\"https:\\\/\\\/www.organisator.ch\\\/marketing\\\/2024-10-30\\\/europa-im-kaufkraftvergleich-2024-schweiz-unter-den-spitzenreitern-grosse-regionale-unterschiede-sichtbar\\\/\"]}]},{\"@type\":\"ImageObject\",\"inLanguage\":\"it-IT\",\"@id\":\"https:\\\/\\\/www.organisator.ch\\\/marketing\\\/2024-10-30\\\/europa-im-kaufkraftvergleich-2024-schweiz-unter-den-spitzenreitern-grosse-regionale-unterschiede-sichtbar\\\/#primaryimage\",\"url\":\"https:\\\/\\\/www.markt-kom.com\\\/wp-content\\\/uploads\\\/2024\\\/10\\\/Bildschirmfoto-2024-10-30-um-09.47.28.png\",\"contentUrl\":\"https:\\\/\\\/www.markt-kom.com\\\/wp-content\\\/uploads\\\/2024\\\/10\\\/Bildschirmfoto-2024-10-30-um-09.47.28.png\"},{\"@type\":\"BreadcrumbList\",\"@id\":\"https:\\\/\\\/www.organisator.ch\\\/marketing\\\/2024-10-30\\\/europa-im-kaufkraftvergleich-2024-schweiz-unter-den-spitzenreitern-grosse-regionale-unterschiede-sichtbar\\\/#breadcrumb\",\"itemListElement\":[{\"@type\":\"ListItem\",\"position\":1,\"name\":\"Home\",\"item\":\"https:\\\/\\\/www.organisator.ch\\\/\"},{\"@type\":\"ListItem\",\"position\":2,\"name\":\"Europa im Kaufkraftvergleich 2024: Schweiz unter den Spitzenreitern, grosse regionale Unterschiede sichtbar\"}]},{\"@type\":\"WebSite\",\"@id\":\"https:\\\/\\\/www.organisator.ch\\\/#website\",\"url\":\"https:\\\/\\\/www.organisator.ch\\\/\",\"name\":\"Organisator\",\"description\":\"Kompetent. Praxisnah. Der ORGANISATOR bereitet in 10 Ausgaben pro Jahr die wesentlichen Themen f\u00fcr F\u00fchrungskr\u00e4fte von KMU auf.\",\"publisher\":{\"@id\":\"https:\\\/\\\/www.organisator.ch\\\/#organization\"},\"potentialAction\":[{\"@type\":\"SearchAction\",\"target\":{\"@type\":\"EntryPoint\",\"urlTemplate\":\"https:\\\/\\\/www.organisator.ch\\\/?s={search_term_string}\"},\"query-input\":{\"@type\":\"PropertyValueSpecification\",\"valueRequired\":true,\"valueName\":\"search_term_string\"}}],\"inLanguage\":\"it-IT\"},{\"@type\":\"Organization\",\"@id\":\"https:\\\/\\\/www.organisator.ch\\\/#organization\",\"name\":\"Organisator\",\"url\":\"https:\\\/\\\/www.organisator.ch\\\/\",\"logo\":{\"@type\":\"ImageObject\",\"inLanguage\":\"it-IT\",\"@id\":\"https:\\\/\\\/www.organisator.ch\\\/#\\\/schema\\\/logo\\\/image\\\/\",\"url\":\"https:\\\/\\\/www.organisator.ch\\\/wp-content\\\/uploads\\\/2022\\\/01\\\/Logo_Organisator_Website.png\",\"contentUrl\":\"https:\\\/\\\/www.organisator.ch\\\/wp-content\\\/uploads\\\/2022\\\/01\\\/Logo_Organisator_Website.png\",\"width\":800,\"height\":77,\"caption\":\"Organisator\"},\"image\":{\"@id\":\"https:\\\/\\\/www.organisator.ch\\\/#\\\/schema\\\/logo\\\/image\\\/\"},\"sameAs\":[\"https:\\\/\\\/www.facebook.com\\\/OrganisatorFachmagazin\",\"https:\\\/\\\/www.linkedin.com\\\/showcase\\\/organisator-das-magazin-fr-kmu\",\"https:\\\/\\\/www.xing.com\\\/news\\\/pages\\\/organisator-ch-695\",\"https:\\\/\\\/www.youtube.com\\\/channel\\\/UCGP2Sq0iWaZwT3BdIAQFYpw\"]},{\"@type\":\"Person\",\"@id\":\"https:\\\/\\\/www.organisator.ch\\\/#\\\/schema\\\/person\\\/4e51799071cd2dd1232ac003643ef5f0\",\"name\":\"galledia\",\"image\":{\"@type\":\"ImageObject\",\"inLanguage\":\"it-IT\",\"@id\":\"https:\\\/\\\/secure.gravatar.com\\\/avatar\\\/78a7f90c01fc2bfc875782a0d4922b37cde2cf184ce347b91316d23cd7f69a36?s=96&d=mm&r=g\",\"url\":\"https:\\\/\\\/secure.gravatar.com\\\/avatar\\\/78a7f90c01fc2bfc875782a0d4922b37cde2cf184ce347b91316d23cd7f69a36?s=96&d=mm&r=g\",\"contentUrl\":\"https:\\\/\\\/secure.gravatar.com\\\/avatar\\\/78a7f90c01fc2bfc875782a0d4922b37cde2cf184ce347b91316d23cd7f69a36?s=96&d=mm&r=g\",\"caption\":\"galledia\"},\"sameAs\":[\"https:\\\/\\\/x.com\\\/admin\"],\"url\":\"https:\\\/\\\/www.organisator.ch\\\/it\\\/author\\\/galledia\\\/\"}]}<\/script>\n<!-- \/ Yoast SEO plugin. -->","yoast_head_json":{"title":"L'Europa nel confronto del potere d'acquisto 2024: la Svizzera tra i primi posti, ma con grandi differenze regionali - Organizzatore","description":"Lo studio GfK mostra un aumento del potere d'acquisto in Europa nel 2024, con Liechtenstein, Svizzera e Lussemburgo in testa.","robots":{"index":"index","follow":"follow","max-snippet":"max-snippet:-1","max-image-preview":"max-image-preview:large","max-video-preview":"max-video-preview:-1"},"canonical":"https:\/\/www.organisator.ch\/it\/marketing\/2024-10-30\/europa-im-kaufkraftvergleich-2024-schweiz-unter-den-spitzenreitern-grosse-regionale-unterschiede-sichtbar\/","og_locale":"it_IT","og_type":"article","og_title":"Europa im Kaufkraftvergleich 2024: Schweiz unter den Spitzenreitern, grosse regionale Unterschiede sichtbar - Organisator","og_description":"Die GfK-Studie zeigt 2024 steigende Kaufkraft in Europa, mit Liechtenstein, Schweiz und Luxemburg an der Spitze.","og_url":"https:\/\/www.organisator.ch\/it\/marketing\/2024-10-30\/europa-im-kaufkraftvergleich-2024-schweiz-unter-den-spitzenreitern-grosse-regionale-unterschiede-sichtbar\/","og_site_name":"Organisator","article_publisher":"https:\/\/www.facebook.com\/OrganisatorFachmagazin","article_published_time":"2024-10-30T08:54:50+00:00","article_modified_time":"2024-11-07T09:06:28+00:00","og_image":[{"url":"https:\/\/www.markt-kom.com\/wp-content\/uploads\/2024\/10\/Bildschirmfoto-2024-10-30-um-09.47.28.png","type":"","width":"","height":""}],"author":"galledia","twitter_card":"summary_large_image","twitter_creator":"@admin","schema":{"@context":"https:\/\/schema.org","@graph":[{"@type":"Article","@id":"https:\/\/www.organisator.ch\/marketing\/2024-10-30\/europa-im-kaufkraftvergleich-2024-schweiz-unter-den-spitzenreitern-grosse-regionale-unterschiede-sichtbar\/#article","isPartOf":{"@id":"https:\/\/www.organisator.ch\/marketing\/2024-10-30\/europa-im-kaufkraftvergleich-2024-schweiz-unter-den-spitzenreitern-grosse-regionale-unterschiede-sichtbar\/"},"author":{"name":"galledia","@id":"https:\/\/www.organisator.ch\/#\/schema\/person\/4e51799071cd2dd1232ac003643ef5f0"},"headline":"Europa im Kaufkraftvergleich 2024: Schweiz unter den Spitzenreitern, grosse regionale Unterschiede sichtbar","datePublished":"2024-10-30T08:54:50+00:00","dateModified":"2024-11-07T09:06:28+00:00","mainEntityOfPage":{"@id":"https:\/\/www.organisator.ch\/marketing\/2024-10-30\/europa-im-kaufkraftvergleich-2024-schweiz-unter-den-spitzenreitern-grosse-regionale-unterschiede-sichtbar\/"},"wordCount":477,"publisher":{"@id":"https:\/\/www.organisator.ch\/#organization"},"image":{"@id":"https:\/\/www.organisator.ch\/marketing\/2024-10-30\/europa-im-kaufkraftvergleich-2024-schweiz-unter-den-spitzenreitern-grosse-regionale-unterschiede-sichtbar\/#primaryimage"},"thumbnailUrl":"https:\/\/www.markt-kom.com\/wp-content\/uploads\/2024\/10\/Bildschirmfoto-2024-10-30-um-09.47.28.png","keywords":["Business","Gfk","Kaufkraft"],"articleSection":["MARKETING"],"inLanguage":"it-IT"},{"@type":"WebPage","@id":"https:\/\/www.organisator.ch\/marketing\/2024-10-30\/europa-im-kaufkraftvergleich-2024-schweiz-unter-den-spitzenreitern-grosse-regionale-unterschiede-sichtbar\/","url":"https:\/\/www.organisator.ch\/marketing\/2024-10-30\/europa-im-kaufkraftvergleich-2024-schweiz-unter-den-spitzenreitern-grosse-regionale-unterschiede-sichtbar\/","name":"L'Europa nel confronto del potere d'acquisto 2024: la Svizzera tra i primi posti, ma con grandi differenze regionali - Organizzatore","isPartOf":{"@id":"https:\/\/www.organisator.ch\/#website"},"primaryImageOfPage":{"@id":"https:\/\/www.organisator.ch\/marketing\/2024-10-30\/europa-im-kaufkraftvergleich-2024-schweiz-unter-den-spitzenreitern-grosse-regionale-unterschiede-sichtbar\/#primaryimage"},"image":{"@id":"https:\/\/www.organisator.ch\/marketing\/2024-10-30\/europa-im-kaufkraftvergleich-2024-schweiz-unter-den-spitzenreitern-grosse-regionale-unterschiede-sichtbar\/#primaryimage"},"thumbnailUrl":"https:\/\/www.markt-kom.com\/wp-content\/uploads\/2024\/10\/Bildschirmfoto-2024-10-30-um-09.47.28.png","datePublished":"2024-10-30T08:54:50+00:00","dateModified":"2024-11-07T09:06:28+00:00","description":"Lo studio GfK mostra un aumento del potere d'acquisto in Europa nel 2024, con Liechtenstein, Svizzera e Lussemburgo in testa.","breadcrumb":{"@id":"https:\/\/www.organisator.ch\/marketing\/2024-10-30\/europa-im-kaufkraftvergleich-2024-schweiz-unter-den-spitzenreitern-grosse-regionale-unterschiede-sichtbar\/#breadcrumb"},"inLanguage":"it-IT","potentialAction":[{"@type":"ReadAction","target":["https:\/\/www.organisator.ch\/marketing\/2024-10-30\/europa-im-kaufkraftvergleich-2024-schweiz-unter-den-spitzenreitern-grosse-regionale-unterschiede-sichtbar\/"]}]},{"@type":"ImageObject","inLanguage":"it-IT","@id":"https:\/\/www.organisator.ch\/marketing\/2024-10-30\/europa-im-kaufkraftvergleich-2024-schweiz-unter-den-spitzenreitern-grosse-regionale-unterschiede-sichtbar\/#primaryimage","url":"https:\/\/www.markt-kom.com\/wp-content\/uploads\/2024\/10\/Bildschirmfoto-2024-10-30-um-09.47.28.png","contentUrl":"https:\/\/www.markt-kom.com\/wp-content\/uploads\/2024\/10\/Bildschirmfoto-2024-10-30-um-09.47.28.png"},{"@type":"BreadcrumbList","@id":"https:\/\/www.organisator.ch\/marketing\/2024-10-30\/europa-im-kaufkraftvergleich-2024-schweiz-unter-den-spitzenreitern-grosse-regionale-unterschiede-sichtbar\/#breadcrumb","itemListElement":[{"@type":"ListItem","position":1,"name":"Home","item":"https:\/\/www.organisator.ch\/"},{"@type":"ListItem","position":2,"name":"Europa im Kaufkraftvergleich 2024: Schweiz unter den Spitzenreitern, grosse regionale Unterschiede sichtbar"}]},{"@type":"WebSite","@id":"https:\/\/www.organisator.ch\/#website","url":"https:\/\/www.organisator.ch\/","name":"Organizzatore","description":"Competente. Pratico. In 10 numeri all'anno, ORGANISATOR presenta i temi essenziali per i manager delle PMI.","publisher":{"@id":"https:\/\/www.organisator.ch\/#organization"},"potentialAction":[{"@type":"SearchAction","target":{"@type":"EntryPoint","urlTemplate":"https:\/\/www.organisator.ch\/?s={search_term_string}"},"query-input":{"@type":"PropertyValueSpecification","valueRequired":true,"valueName":"search_term_string"}}],"inLanguage":"it-IT"},{"@type":"Organization","@id":"https:\/\/www.organisator.ch\/#organization","name":"Organizzatore","url":"https:\/\/www.organisator.ch\/","logo":{"@type":"ImageObject","inLanguage":"it-IT","@id":"https:\/\/www.organisator.ch\/#\/schema\/logo\/image\/","url":"https:\/\/www.organisator.ch\/wp-content\/uploads\/2022\/01\/Logo_Organisator_Website.png","contentUrl":"https:\/\/www.organisator.ch\/wp-content\/uploads\/2022\/01\/Logo_Organisator_Website.png","width":800,"height":77,"caption":"Organisator"},"image":{"@id":"https:\/\/www.organisator.ch\/#\/schema\/logo\/image\/"},"sameAs":["https:\/\/www.facebook.com\/OrganisatorFachmagazin","https:\/\/www.linkedin.com\/showcase\/organisator-das-magazin-fr-kmu","https:\/\/www.xing.com\/news\/pages\/organisator-ch-695","https:\/\/www.youtube.com\/channel\/UCGP2Sq0iWaZwT3BdIAQFYpw"]},{"@type":"Person","@id":"https:\/\/www.organisator.ch\/#\/schema\/person\/4e51799071cd2dd1232ac003643ef5f0","name":"galledia","image":{"@type":"ImageObject","inLanguage":"it-IT","@id":"https:\/\/secure.gravatar.com\/avatar\/78a7f90c01fc2bfc875782a0d4922b37cde2cf184ce347b91316d23cd7f69a36?s=96&d=mm&r=g","url":"https:\/\/secure.gravatar.com\/avatar\/78a7f90c01fc2bfc875782a0d4922b37cde2cf184ce347b91316d23cd7f69a36?s=96&d=mm&r=g","contentUrl":"https:\/\/secure.gravatar.com\/avatar\/78a7f90c01fc2bfc875782a0d4922b37cde2cf184ce347b91316d23cd7f69a36?s=96&d=mm&r=g","caption":"galledia"},"sameAs":["https:\/\/x.com\/admin"],"url":"https:\/\/www.organisator.ch\/it\/author\/galledia\/"}]}},"_links":{"self":[{"href":"https:\/\/www.organisator.ch\/it\/wp-json\/wp\/v2\/posts\/31377","targetHints":{"allow":["GET"]}}],"collection":[{"href":"https:\/\/www.organisator.ch\/it\/wp-json\/wp\/v2\/posts"}],"about":[{"href":"https:\/\/www.organisator.ch\/it\/wp-json\/wp\/v2\/types\/post"}],"author":[{"embeddable":true,"href":"https:\/\/www.organisator.ch\/it\/wp-json\/wp\/v2\/users\/8"}],"replies":[{"embeddable":true,"href":"https:\/\/www.organisator.ch\/it\/wp-json\/wp\/v2\/comments?post=31377"}],"version-history":[{"count":4,"href":"https:\/\/www.organisator.ch\/it\/wp-json\/wp\/v2\/posts\/31377\/revisions"}],"predecessor-version":[{"id":31689,"href":"https:\/\/www.organisator.ch\/it\/wp-json\/wp\/v2\/posts\/31377\/revisions\/31689"}],"wp:attachment":[{"href":"https:\/\/www.organisator.ch\/it\/wp-json\/wp\/v2\/media?parent=31377"}],"wp:term":[{"taxonomy":"category","embeddable":true,"href":"https:\/\/www.organisator.ch\/it\/wp-json\/wp\/v2\/categories?post=31377"},{"taxonomy":"post_tag","embeddable":true,"href":"https:\/\/www.organisator.ch\/it\/wp-json\/wp\/v2\/tags?post=31377"}],"curies":[{"name":"wp","href":"https:\/\/api.w.org\/{rel}","templated":true}]}}