{"id":31405,"date":"2024-11-04T07:07:04","date_gmt":"2024-11-04T06:07:04","guid":{"rendered":"https:\/\/www.organisator.ch\/?p=31405"},"modified":"2024-10-31T10:07:41","modified_gmt":"2024-10-31T09:07:41","slug":"swiss-staffingindex-druck-auf-arbeitsmarkt-verschaerft-sich","status":"publish","type":"post","link":"https:\/\/www.organisator.ch\/it\/human-resources\/2024-11-04\/swiss-staffingindex-druck-auf-arbeitsmarkt-verschaerft-sich\/","title":{"rendered":"Swiss Staffingindex: si intensifica la pressione sul mercato del lavoro"},"content":{"rendered":"<figure id=\"attachment_31408\" aria-describedby=\"caption-attachment-31408\" style=\"width: 680px\" class=\"wp-caption alignnone\"><img loading=\"lazy\" decoding=\"async\" class=\"size-full wp-image-31408\" src=\"https:\/\/www.organisator.ch\/wp-content\/uploads\/2024\/10\/swiss-Staffingindex_Bild1_ps.jpg\" alt=\"\" width=\"680\" height=\"417\" srcset=\"https:\/\/www.organisator.ch\/wp-content\/uploads\/2024\/10\/swiss-Staffingindex_Bild1_ps.jpg 680w, https:\/\/www.organisator.ch\/wp-content\/uploads\/2024\/10\/swiss-Staffingindex_Bild1_ps-18x12.jpg 18w, https:\/\/www.organisator.ch\/wp-content\/uploads\/2024\/10\/swiss-Staffingindex_Bild1_ps-375x230.jpg 375w, https:\/\/www.organisator.ch\/wp-content\/uploads\/2024\/10\/swiss-Staffingindex_Bild1_ps-571x350.jpg 571w\" sizes=\"auto, (max-width: 680px) 100vw, 680px\" \/><figcaption id=\"caption-attachment-31408\" class=\"wp-caption-text\">Nel settembre 2024, il tasso di disoccupazione \u00e8 salito al 2,5% e il numero di persone in cerca di lavoro \u00e8 aumentato del 20,1%. (Immagine: www.depositphotos.com)<\/figcaption><\/figure>\n<p>Il perdurare della crisi economica sta esercitando una notevole pressione sul mercato del lavoro svizzero. Il settore del collocamento a tempo indeterminato, in particolare, sta subendo un netto calo rispetto all'anno precedente: con una diminuzione del 25,9% del fatturato, la flessione nel terzo trimestre \u00e8 ancora maggiore rispetto al trimestre precedente (20,8%). Il settore temporaneo ha inoltre registrato un ulteriore calo del 5,3% delle ore di lavoro. Questi sviluppi indicano una crescente incertezza tra le aziende, che sono riluttanti a creare nuovi posti di lavoro di fronte all'incertezza delle prospettive future. L'incertezza strutturale sta aggravando la crisi economica e pesa sull'intero settore.<\/p>\n<p>Gli ultimi dati della SECO confermano il quadro teso del mercato del lavoro dipinto dallo Swiss Staffing Index. Nel settembre 2024, il tasso di disoccupazione \u00e8 salito al 2,5% e il numero di persone in cerca di lavoro \u00e8 aumentato del 20,1%. Secondo il barometro del mercato del lavoro, questa tendenza rende pessimisti anche gli esperti dei centri regionali per l'impiego (URC). Essi prevedono un ulteriore aumento della disoccupazione e un calo dell'occupazione nel 4\u00b0 trimestre. I settori dell'industria e dei servizi sono particolarmente colpiti, poich\u00e9 importanti mercati di vendita esteri come la Germania e la Cina si stanno indebolendo.<\/p>\n<p>Le aziende orientate all'esportazione, in particolare, stanno riducendo notevolmente il bisogno di dipendenti temporanei, in parte perch\u00e9 il franco forte sta pesando sull'attivit\u00e0 estera nel suo complesso. A ci\u00f2 si aggiunge l'eccesso di capacit\u00e0 produttiva e la debolezza del commercio online. Nelle aree in cui c'\u00e8 carenza di manodopera qualificata nonostante il rallentamento dell'economia, le esigenze delle aziende spesso non corrispondono all'offerta disponibile di candidati. Tuttavia, se l'offerta \u00e8 adeguata, molte aziende assumono dipendenti temporanei a tempo indeterminato, riducendo contemporaneamente la domanda nel settore del personale temporaneo e permanente.<\/p>\n<h3><strong>Uno studio dimostra che il lavoro temporaneo funge da ponte durante i cambiamenti di carriera<\/strong><\/h3>\n<p>Il lavoro temporaneo offre alle aziende e alle persone in cerca di lavoro la flessibilit\u00e0 necessaria per reagire rapidamente ai cambiamenti economici e funge da ponte verso il mercato del lavoro. Secondo un nuovo studio dell'Osservatorio del mercato del lavoro della Svizzera orientale AMOSA, il 74% dei lavoratori temporanei ha cambiato datore di lavoro almeno una volta negli ultimi cinque anni, il 41% ha cambiato carriera e il 21% ha attraversato un periodo di disoccupazione.<\/p>\n<p>Queste cifre illustrano l'elevato grado di mobilit\u00e0 e adattabilit\u00e0 che il lavoro temporaneo offre alle persone in cerca di lavoro sul mercato del lavoro. I lavoratori possono reagire in modo flessibile alle nuove circostanze e organizzare con successo le transizioni di carriera. Soprattutto in un contesto economico caratterizzato dall'incertezza, il lavoro temporaneo \u00e8 uno strumento che aiuta le aziende a colmare efficacemente le carenze di personale e offre ai dipendenti una preziosa opportunit\u00e0 di affermarsi nel mondo del lavoro.<\/p>\n<h3><strong>Prospettive caute per il 2025<\/strong><\/h3>\n<p>Il mercato del lavoro rimarr\u00e0 probabilmente rigido nel prossimo futuro. La crescita dell'1,2% prevista dalla SECO per il 2024 non sembra sufficiente a stimolare l'occupazione sul mercato del lavoro. Con l'1,7% previsto per il prossimo anno, la situazione economica dovrebbe migliorare. Tuttavia, questo leggero aumento non dovrebbe portare a una forte riduzione della disoccupazione e a un aumento dell'occupazione. Di conseguenza, il ruolo dei fornitori di servizi per il personale come partner per il riorientamento professionale e la ricerca di lavoro continuer\u00e0 ad acquisire importanza. Questo vale anche per il fondo di formazione congiunta temptraining, grazie al quale i lavoratori temporanei possono prepararsi facilmente alle sfide del mondo del lavoro di domani con agevolazioni per la formazione fino a 5.000 franchi.<\/p>\n<p><em>Fonte: <a href=\"http:\/\/www.swissstaffing.ch\">www.swissstaffing.ch<\/a><\/em><\/p>","protected":false},"excerpt":{"rendered":"<p>Il rallentamento dell'economia sta avendo un impatto sul mercato del lavoro. Le attivit\u00e0 di collocamento a tempo indeterminato dei fornitori di servizi per il personale sono diminuite del 25,9% nel 3\u00b0 trimestre rispetto all'anno precedente. L'attivit\u00e0 di collocamento temporaneo rimane chiaramente in rosso.<\/p>","protected":false},"author":58,"featured_media":31408,"comment_status":"closed","ping_status":"closed","sticky":false,"template":"","format":"standard","meta":{"_acf_changed":false,"_yoast_wpseo_focuskw":"Arbeitsmarkt","_yoast_wpseo_metadesc":"Die Konjunkturabk\u00fchlung schl\u00e4gt auf den Arbeitsmarkt durch. Das Feststellengesch\u00e4ft der Personaldienstleister rutscht im 3. Quartal gegen\u00fcber Vorjahr um 25,9 Prozent ab.","articlekey":"","footnotes":""},"categories":[579],"tags":[47,4072,310,424,492],"class_list":["post-31405","post","type-post","status-publish","format-standard","has-post-thumbnail","hentry","category-human-resources","tag-arbeitsmarkt","tag-index","tag-konjunktur","tag-schweiz","tag-unternehmen"],"acf":[],"yoast_head":"<!-- This site is optimized with the Yoast SEO plugin v27.5 - https:\/\/yoast.com\/product\/yoast-seo-wordpress\/ -->\n<title>Swiss Staffingindex: Druck auf Arbeitsmarkt versch\u00e4rft sich - Organisator<\/title>\n<meta name=\"description\" content=\"Die Konjunkturabk\u00fchlung schl\u00e4gt auf den Arbeitsmarkt durch. Das Feststellengesch\u00e4ft der Personaldienstleister rutscht im 3. Quartal gegen\u00fcber Vorjahr um 25,9 Prozent ab.\" \/>\n<meta name=\"robots\" content=\"index, follow, max-snippet:-1, max-image-preview:large, max-video-preview:-1\" \/>\n<link rel=\"canonical\" href=\"https:\/\/www.organisator.ch\/it\/risorse-umane\/2024-11-04\/swiss-staffingindex-druck-auf-arbeitsmarkt-verschaerft-sich\/\" \/>\n<meta property=\"og:locale\" content=\"it_IT\" \/>\n<meta property=\"og:type\" content=\"article\" \/>\n<meta property=\"og:title\" content=\"Swiss Staffingindex: Druck auf Arbeitsmarkt versch\u00e4rft sich\" \/>\n<meta property=\"og:description\" content=\"Die Konjunkturabk\u00fchlung schl\u00e4gt auf den Arbeitsmarkt durch. Das Feststellengesch\u00e4ft der Personaldienstleister rutscht im 3. Quartal gegen\u00fcber Vorjahr um 25,9 Prozent ab.\" \/>\n<meta property=\"og:url\" content=\"https:\/\/www.organisator.ch\/it\/risorse-umane\/2024-11-04\/swiss-staffingindex-druck-auf-arbeitsmarkt-verschaerft-sich\/\" \/>\n<meta property=\"og:site_name\" content=\"Organisator\" \/>\n<meta property=\"article:publisher\" content=\"https:\/\/www.facebook.com\/OrganisatorFachmagazin\" \/>\n<meta property=\"article:published_time\" content=\"2024-11-04T06:07:04+00:00\" \/>\n<meta property=\"og:image\" content=\"https:\/\/www.organisator.ch\/wp-content\/uploads\/2024\/10\/swiss-Staffingindex_Bild1_ps.jpg\" \/>\n\t<meta property=\"og:image:width\" content=\"680\" \/>\n\t<meta property=\"og:image:height\" content=\"417\" \/>\n\t<meta property=\"og:image:type\" content=\"image\/jpeg\" \/>\n<meta name=\"author\" content=\"Adelisa Kalajdzini\" \/>\n<meta name=\"twitter:card\" content=\"summary_large_image\" \/>\n<meta name=\"twitter:title\" content=\"Swiss Staffingindex: Druck auf Arbeitsmarkt versch\u00e4rft sich\" \/>\n<meta name=\"twitter:description\" content=\"Die #Konjunkturabk\u00fchlung schl\u00e4gt auf den #Arbeitsmarkt durch. Das #Feststellengesch\u00e4ft der #Personaldienstleister rutscht im 3. Quartal gegen\u00fcber Vorjahr um 25,9 Prozent ab.\" \/>\n<meta name=\"twitter:image\" content=\"https:\/\/www.organisator.ch\/wp-content\/uploads\/2024\/10\/swiss-Staffingindex_Bild1_ps.jpg\" \/>\n<script type=\"application\/ld+json\" class=\"yoast-schema-graph\">{\"@context\":\"https:\\\/\\\/schema.org\",\"@graph\":[{\"@type\":\"Article\",\"@id\":\"https:\\\/\\\/www.organisator.ch\\\/human-resources\\\/2024-11-04\\\/swiss-staffingindex-druck-auf-arbeitsmarkt-verschaerft-sich\\\/#article\",\"isPartOf\":{\"@id\":\"https:\\\/\\\/www.organisator.ch\\\/human-resources\\\/2024-11-04\\\/swiss-staffingindex-druck-auf-arbeitsmarkt-verschaerft-sich\\\/\"},\"author\":{\"name\":\"Adelisa Kalajdzini\",\"@id\":\"https:\\\/\\\/www.organisator.ch\\\/#\\\/schema\\\/person\\\/2e1314a2172123f874db408d8911d3f3\"},\"headline\":\"Swiss Staffingindex: Druck auf Arbeitsmarkt versch\u00e4rft sich\",\"datePublished\":\"2024-11-04T06:07:04+00:00\",\"mainEntityOfPage\":{\"@id\":\"https:\\\/\\\/www.organisator.ch\\\/human-resources\\\/2024-11-04\\\/swiss-staffingindex-druck-auf-arbeitsmarkt-verschaerft-sich\\\/\"},\"wordCount\":563,\"publisher\":{\"@id\":\"https:\\\/\\\/www.organisator.ch\\\/#organization\"},\"image\":{\"@id\":\"https:\\\/\\\/www.organisator.ch\\\/human-resources\\\/2024-11-04\\\/swiss-staffingindex-druck-auf-arbeitsmarkt-verschaerft-sich\\\/#primaryimage\"},\"thumbnailUrl\":\"https:\\\/\\\/www.organisator.ch\\\/wp-content\\\/uploads\\\/2024\\\/10\\\/swiss-Staffingindex_Bild1_ps.jpg\",\"keywords\":[\"Arbeitsmarkt\",\"Index\",\"Konjunktur\",\"Schweiz\",\"Unternehmen\"],\"articleSection\":[\"HUMAN RESOURCES\"],\"inLanguage\":\"it-IT\"},{\"@type\":\"WebPage\",\"@id\":\"https:\\\/\\\/www.organisator.ch\\\/human-resources\\\/2024-11-04\\\/swiss-staffingindex-druck-auf-arbeitsmarkt-verschaerft-sich\\\/\",\"url\":\"https:\\\/\\\/www.organisator.ch\\\/human-resources\\\/2024-11-04\\\/swiss-staffingindex-druck-auf-arbeitsmarkt-verschaerft-sich\\\/\",\"name\":\"Swiss Staffingindex: Druck auf Arbeitsmarkt versch\u00e4rft sich - Organisator\",\"isPartOf\":{\"@id\":\"https:\\\/\\\/www.organisator.ch\\\/#website\"},\"primaryImageOfPage\":{\"@id\":\"https:\\\/\\\/www.organisator.ch\\\/human-resources\\\/2024-11-04\\\/swiss-staffingindex-druck-auf-arbeitsmarkt-verschaerft-sich\\\/#primaryimage\"},\"image\":{\"@id\":\"https:\\\/\\\/www.organisator.ch\\\/human-resources\\\/2024-11-04\\\/swiss-staffingindex-druck-auf-arbeitsmarkt-verschaerft-sich\\\/#primaryimage\"},\"thumbnailUrl\":\"https:\\\/\\\/www.organisator.ch\\\/wp-content\\\/uploads\\\/2024\\\/10\\\/swiss-Staffingindex_Bild1_ps.jpg\",\"datePublished\":\"2024-11-04T06:07:04+00:00\",\"description\":\"Die Konjunkturabk\u00fchlung schl\u00e4gt auf den Arbeitsmarkt durch. Das Feststellengesch\u00e4ft der Personaldienstleister rutscht im 3. Quartal gegen\u00fcber Vorjahr um 25,9 Prozent ab.\",\"breadcrumb\":{\"@id\":\"https:\\\/\\\/www.organisator.ch\\\/human-resources\\\/2024-11-04\\\/swiss-staffingindex-druck-auf-arbeitsmarkt-verschaerft-sich\\\/#breadcrumb\"},\"inLanguage\":\"it-IT\",\"potentialAction\":[{\"@type\":\"ReadAction\",\"target\":[\"https:\\\/\\\/www.organisator.ch\\\/human-resources\\\/2024-11-04\\\/swiss-staffingindex-druck-auf-arbeitsmarkt-verschaerft-sich\\\/\"]}]},{\"@type\":\"ImageObject\",\"inLanguage\":\"it-IT\",\"@id\":\"https:\\\/\\\/www.organisator.ch\\\/human-resources\\\/2024-11-04\\\/swiss-staffingindex-druck-auf-arbeitsmarkt-verschaerft-sich\\\/#primaryimage\",\"url\":\"https:\\\/\\\/www.organisator.ch\\\/wp-content\\\/uploads\\\/2024\\\/10\\\/swiss-Staffingindex_Bild1_ps.jpg\",\"contentUrl\":\"https:\\\/\\\/www.organisator.ch\\\/wp-content\\\/uploads\\\/2024\\\/10\\\/swiss-Staffingindex_Bild1_ps.jpg\",\"width\":680,\"height\":417,\"caption\":\"Im September 2024 stieg die Arbeitslosenquote auf 2,5 Prozent, und die Zahl der Stellensuchenden erh\u00f6hte sich um 20,1 Prozent. (Bild: www.depositphotos.com)\"},{\"@type\":\"BreadcrumbList\",\"@id\":\"https:\\\/\\\/www.organisator.ch\\\/human-resources\\\/2024-11-04\\\/swiss-staffingindex-druck-auf-arbeitsmarkt-verschaerft-sich\\\/#breadcrumb\",\"itemListElement\":[{\"@type\":\"ListItem\",\"position\":1,\"name\":\"Home\",\"item\":\"https:\\\/\\\/www.organisator.ch\\\/\"},{\"@type\":\"ListItem\",\"position\":2,\"name\":\"Swiss Staffingindex: Druck auf Arbeitsmarkt versch\u00e4rft sich\"}]},{\"@type\":\"WebSite\",\"@id\":\"https:\\\/\\\/www.organisator.ch\\\/#website\",\"url\":\"https:\\\/\\\/www.organisator.ch\\\/\",\"name\":\"Organisator\",\"description\":\"Kompetent. Praxisnah. Der ORGANISATOR bereitet in 10 Ausgaben pro Jahr die wesentlichen Themen f\u00fcr F\u00fchrungskr\u00e4fte von KMU auf.\",\"publisher\":{\"@id\":\"https:\\\/\\\/www.organisator.ch\\\/#organization\"},\"potentialAction\":[{\"@type\":\"SearchAction\",\"target\":{\"@type\":\"EntryPoint\",\"urlTemplate\":\"https:\\\/\\\/www.organisator.ch\\\/?s={search_term_string}\"},\"query-input\":{\"@type\":\"PropertyValueSpecification\",\"valueRequired\":true,\"valueName\":\"search_term_string\"}}],\"inLanguage\":\"it-IT\"},{\"@type\":\"Organization\",\"@id\":\"https:\\\/\\\/www.organisator.ch\\\/#organization\",\"name\":\"Organisator\",\"url\":\"https:\\\/\\\/www.organisator.ch\\\/\",\"logo\":{\"@type\":\"ImageObject\",\"inLanguage\":\"it-IT\",\"@id\":\"https:\\\/\\\/www.organisator.ch\\\/#\\\/schema\\\/logo\\\/image\\\/\",\"url\":\"https:\\\/\\\/www.organisator.ch\\\/wp-content\\\/uploads\\\/2022\\\/01\\\/Logo_Organisator_Website.png\",\"contentUrl\":\"https:\\\/\\\/www.organisator.ch\\\/wp-content\\\/uploads\\\/2022\\\/01\\\/Logo_Organisator_Website.png\",\"width\":800,\"height\":77,\"caption\":\"Organisator\"},\"image\":{\"@id\":\"https:\\\/\\\/www.organisator.ch\\\/#\\\/schema\\\/logo\\\/image\\\/\"},\"sameAs\":[\"https:\\\/\\\/www.facebook.com\\\/OrganisatorFachmagazin\",\"https:\\\/\\\/www.linkedin.com\\\/showcase\\\/organisator-das-magazin-fr-kmu\",\"https:\\\/\\\/www.xing.com\\\/news\\\/pages\\\/organisator-ch-695\",\"https:\\\/\\\/www.youtube.com\\\/channel\\\/UCGP2Sq0iWaZwT3BdIAQFYpw\"]},{\"@type\":\"Person\",\"@id\":\"https:\\\/\\\/www.organisator.ch\\\/#\\\/schema\\\/person\\\/2e1314a2172123f874db408d8911d3f3\",\"name\":\"Adelisa Kalajdzini\",\"image\":{\"@type\":\"ImageObject\",\"inLanguage\":\"it-IT\",\"@id\":\"https:\\\/\\\/secure.gravatar.com\\\/avatar\\\/09a397c22ac58cad6f160ee8306348599df9df58a8ede73696226897b9fa4b24?s=96&d=mm&r=g\",\"url\":\"https:\\\/\\\/secure.gravatar.com\\\/avatar\\\/09a397c22ac58cad6f160ee8306348599df9df58a8ede73696226897b9fa4b24?s=96&d=mm&r=g\",\"contentUrl\":\"https:\\\/\\\/secure.gravatar.com\\\/avatar\\\/09a397c22ac58cad6f160ee8306348599df9df58a8ede73696226897b9fa4b24?s=96&d=mm&r=g\",\"caption\":\"Adelisa Kalajdzini\"},\"url\":\"https:\\\/\\\/www.organisator.ch\\\/it\\\/author\\\/adelisa-kalajdzini\\\/\"}]}<\/script>\n<!-- \/ Yoast SEO plugin. -->","yoast_head_json":{"title":"Swiss Staffingindex: si intensifica la pressione sul mercato del lavoro - Organizer","description":"Il rallentamento dell'economia sta avendo un impatto sul mercato del lavoro. Le attivit\u00e0 di collocamento a tempo indeterminato dei fornitori di servizi per il personale sono diminuite del 25,9% nel 3\u00b0 trimestre rispetto all'anno precedente.","robots":{"index":"index","follow":"follow","max-snippet":"max-snippet:-1","max-image-preview":"max-image-preview:large","max-video-preview":"max-video-preview:-1"},"canonical":"https:\/\/www.organisator.ch\/it\/risorse-umane\/2024-11-04\/swiss-staffingindex-druck-auf-arbeitsmarkt-verschaerft-sich\/","og_locale":"it_IT","og_type":"article","og_title":"Swiss Staffingindex: Druck auf Arbeitsmarkt versch\u00e4rft sich","og_description":"Die Konjunkturabk\u00fchlung schl\u00e4gt auf den Arbeitsmarkt durch. Das Feststellengesch\u00e4ft der Personaldienstleister rutscht im 3. Quartal gegen\u00fcber Vorjahr um 25,9 Prozent ab.","og_url":"https:\/\/www.organisator.ch\/it\/risorse-umane\/2024-11-04\/swiss-staffingindex-druck-auf-arbeitsmarkt-verschaerft-sich\/","og_site_name":"Organisator","article_publisher":"https:\/\/www.facebook.com\/OrganisatorFachmagazin","article_published_time":"2024-11-04T06:07:04+00:00","og_image":[{"width":680,"height":417,"url":"https:\/\/www.organisator.ch\/wp-content\/uploads\/2024\/10\/swiss-Staffingindex_Bild1_ps.jpg","type":"image\/jpeg"}],"author":"Adelisa Kalajdzini","twitter_card":"summary_large_image","twitter_title":"Swiss Staffingindex: Druck auf Arbeitsmarkt versch\u00e4rft sich","twitter_description":"Die #Konjunkturabk\u00fchlung schl\u00e4gt auf den #Arbeitsmarkt durch. Das #Feststellengesch\u00e4ft der #Personaldienstleister rutscht im 3. Quartal gegen\u00fcber Vorjahr um 25,9 Prozent ab.","twitter_image":"https:\/\/www.organisator.ch\/wp-content\/uploads\/2024\/10\/swiss-Staffingindex_Bild1_ps.jpg","schema":{"@context":"https:\/\/schema.org","@graph":[{"@type":"Article","@id":"https:\/\/www.organisator.ch\/human-resources\/2024-11-04\/swiss-staffingindex-druck-auf-arbeitsmarkt-verschaerft-sich\/#article","isPartOf":{"@id":"https:\/\/www.organisator.ch\/human-resources\/2024-11-04\/swiss-staffingindex-druck-auf-arbeitsmarkt-verschaerft-sich\/"},"author":{"name":"Adelisa Kalajdzini","@id":"https:\/\/www.organisator.ch\/#\/schema\/person\/2e1314a2172123f874db408d8911d3f3"},"headline":"Swiss Staffingindex: Druck auf Arbeitsmarkt versch\u00e4rft sich","datePublished":"2024-11-04T06:07:04+00:00","mainEntityOfPage":{"@id":"https:\/\/www.organisator.ch\/human-resources\/2024-11-04\/swiss-staffingindex-druck-auf-arbeitsmarkt-verschaerft-sich\/"},"wordCount":563,"publisher":{"@id":"https:\/\/www.organisator.ch\/#organization"},"image":{"@id":"https:\/\/www.organisator.ch\/human-resources\/2024-11-04\/swiss-staffingindex-druck-auf-arbeitsmarkt-verschaerft-sich\/#primaryimage"},"thumbnailUrl":"https:\/\/www.organisator.ch\/wp-content\/uploads\/2024\/10\/swiss-Staffingindex_Bild1_ps.jpg","keywords":["Arbeitsmarkt","Index","Konjunktur","Schweiz","Unternehmen"],"articleSection":["HUMAN RESOURCES"],"inLanguage":"it-IT"},{"@type":"WebPage","@id":"https:\/\/www.organisator.ch\/human-resources\/2024-11-04\/swiss-staffingindex-druck-auf-arbeitsmarkt-verschaerft-sich\/","url":"https:\/\/www.organisator.ch\/human-resources\/2024-11-04\/swiss-staffingindex-druck-auf-arbeitsmarkt-verschaerft-sich\/","name":"Swiss Staffingindex: si intensifica la pressione sul mercato del lavoro - Organizer","isPartOf":{"@id":"https:\/\/www.organisator.ch\/#website"},"primaryImageOfPage":{"@id":"https:\/\/www.organisator.ch\/human-resources\/2024-11-04\/swiss-staffingindex-druck-auf-arbeitsmarkt-verschaerft-sich\/#primaryimage"},"image":{"@id":"https:\/\/www.organisator.ch\/human-resources\/2024-11-04\/swiss-staffingindex-druck-auf-arbeitsmarkt-verschaerft-sich\/#primaryimage"},"thumbnailUrl":"https:\/\/www.organisator.ch\/wp-content\/uploads\/2024\/10\/swiss-Staffingindex_Bild1_ps.jpg","datePublished":"2024-11-04T06:07:04+00:00","description":"Il rallentamento dell'economia sta avendo un impatto sul mercato del lavoro. Le attivit\u00e0 di collocamento a tempo indeterminato dei fornitori di servizi per il personale sono diminuite del 25,9% nel 3\u00b0 trimestre rispetto all'anno precedente.","breadcrumb":{"@id":"https:\/\/www.organisator.ch\/human-resources\/2024-11-04\/swiss-staffingindex-druck-auf-arbeitsmarkt-verschaerft-sich\/#breadcrumb"},"inLanguage":"it-IT","potentialAction":[{"@type":"ReadAction","target":["https:\/\/www.organisator.ch\/human-resources\/2024-11-04\/swiss-staffingindex-druck-auf-arbeitsmarkt-verschaerft-sich\/"]}]},{"@type":"ImageObject","inLanguage":"it-IT","@id":"https:\/\/www.organisator.ch\/human-resources\/2024-11-04\/swiss-staffingindex-druck-auf-arbeitsmarkt-verschaerft-sich\/#primaryimage","url":"https:\/\/www.organisator.ch\/wp-content\/uploads\/2024\/10\/swiss-Staffingindex_Bild1_ps.jpg","contentUrl":"https:\/\/www.organisator.ch\/wp-content\/uploads\/2024\/10\/swiss-Staffingindex_Bild1_ps.jpg","width":680,"height":417,"caption":"Im September 2024 stieg die Arbeitslosenquote auf 2,5 Prozent, und die Zahl der Stellensuchenden erh\u00f6hte sich um 20,1 Prozent. (Bild: www.depositphotos.com)"},{"@type":"BreadcrumbList","@id":"https:\/\/www.organisator.ch\/human-resources\/2024-11-04\/swiss-staffingindex-druck-auf-arbeitsmarkt-verschaerft-sich\/#breadcrumb","itemListElement":[{"@type":"ListItem","position":1,"name":"Home","item":"https:\/\/www.organisator.ch\/"},{"@type":"ListItem","position":2,"name":"Swiss Staffingindex: Druck auf Arbeitsmarkt versch\u00e4rft sich"}]},{"@type":"WebSite","@id":"https:\/\/www.organisator.ch\/#website","url":"https:\/\/www.organisator.ch\/","name":"Organizzatore","description":"Competente. Pratico. In 10 numeri all'anno, ORGANISATOR presenta i temi essenziali per i manager delle PMI.","publisher":{"@id":"https:\/\/www.organisator.ch\/#organization"},"potentialAction":[{"@type":"SearchAction","target":{"@type":"EntryPoint","urlTemplate":"https:\/\/www.organisator.ch\/?s={search_term_string}"},"query-input":{"@type":"PropertyValueSpecification","valueRequired":true,"valueName":"search_term_string"}}],"inLanguage":"it-IT"},{"@type":"Organization","@id":"https:\/\/www.organisator.ch\/#organization","name":"Organizzatore","url":"https:\/\/www.organisator.ch\/","logo":{"@type":"ImageObject","inLanguage":"it-IT","@id":"https:\/\/www.organisator.ch\/#\/schema\/logo\/image\/","url":"https:\/\/www.organisator.ch\/wp-content\/uploads\/2022\/01\/Logo_Organisator_Website.png","contentUrl":"https:\/\/www.organisator.ch\/wp-content\/uploads\/2022\/01\/Logo_Organisator_Website.png","width":800,"height":77,"caption":"Organisator"},"image":{"@id":"https:\/\/www.organisator.ch\/#\/schema\/logo\/image\/"},"sameAs":["https:\/\/www.facebook.com\/OrganisatorFachmagazin","https:\/\/www.linkedin.com\/showcase\/organisator-das-magazin-fr-kmu","https:\/\/www.xing.com\/news\/pages\/organisator-ch-695","https:\/\/www.youtube.com\/channel\/UCGP2Sq0iWaZwT3BdIAQFYpw"]},{"@type":"Person","@id":"https:\/\/www.organisator.ch\/#\/schema\/person\/2e1314a2172123f874db408d8911d3f3","name":"Adelisa Kalajdzini","image":{"@type":"ImageObject","inLanguage":"it-IT","@id":"https:\/\/secure.gravatar.com\/avatar\/09a397c22ac58cad6f160ee8306348599df9df58a8ede73696226897b9fa4b24?s=96&d=mm&r=g","url":"https:\/\/secure.gravatar.com\/avatar\/09a397c22ac58cad6f160ee8306348599df9df58a8ede73696226897b9fa4b24?s=96&d=mm&r=g","contentUrl":"https:\/\/secure.gravatar.com\/avatar\/09a397c22ac58cad6f160ee8306348599df9df58a8ede73696226897b9fa4b24?s=96&d=mm&r=g","caption":"Adelisa Kalajdzini"},"url":"https:\/\/www.organisator.ch\/it\/author\/adelisa-kalajdzini\/"}]}},"_links":{"self":[{"href":"https:\/\/www.organisator.ch\/it\/wp-json\/wp\/v2\/posts\/31405","targetHints":{"allow":["GET"]}}],"collection":[{"href":"https:\/\/www.organisator.ch\/it\/wp-json\/wp\/v2\/posts"}],"about":[{"href":"https:\/\/www.organisator.ch\/it\/wp-json\/wp\/v2\/types\/post"}],"author":[{"embeddable":true,"href":"https:\/\/www.organisator.ch\/it\/wp-json\/wp\/v2\/users\/58"}],"replies":[{"embeddable":true,"href":"https:\/\/www.organisator.ch\/it\/wp-json\/wp\/v2\/comments?post=31405"}],"version-history":[{"count":4,"href":"https:\/\/www.organisator.ch\/it\/wp-json\/wp\/v2\/posts\/31405\/revisions"}],"predecessor-version":[{"id":31494,"href":"https:\/\/www.organisator.ch\/it\/wp-json\/wp\/v2\/posts\/31405\/revisions\/31494"}],"wp:featuredmedia":[{"embeddable":true,"href":"https:\/\/www.organisator.ch\/it\/wp-json\/wp\/v2\/media\/31408"}],"wp:attachment":[{"href":"https:\/\/www.organisator.ch\/it\/wp-json\/wp\/v2\/media?parent=31405"}],"wp:term":[{"taxonomy":"category","embeddable":true,"href":"https:\/\/www.organisator.ch\/it\/wp-json\/wp\/v2\/categories?post=31405"},{"taxonomy":"post_tag","embeddable":true,"href":"https:\/\/www.organisator.ch\/it\/wp-json\/wp\/v2\/tags?post=31405"}],"curies":[{"name":"wp","href":"https:\/\/api.w.org\/{rel}","templated":true}]}}