{"id":31410,"date":"2024-10-31T10:32:44","date_gmt":"2024-10-31T09:32:44","guid":{"rendered":"https:\/\/www.m-q.ch\/?p=20643"},"modified":"2024-11-07T09:47:46","modified_gmt":"2024-11-07T08:47:46","slug":"erfolgreiche-premiere-des-ersten-kommunikations-summits","status":"publish","type":"post","link":"https:\/\/www.organisator.ch\/it\/operational-excellence\/2024-10-31\/erfolgreiche-premiere-des-ersten-kommunikations-summits\/","title":{"rendered":"Prima edizione di successo del primo Summit sulle comunicazioni"},"content":{"rendered":"<figure id=\"attachment_20644\" class=\"wp-caption alignnone\" style=\"width: 680px\" aria-describedby=\"caption-attachment-20644\"><img class=\"alignnone wp-image-20644 size-full\" src=\"https:\/\/www.m-q.ch\/wp-content\/uploads\/2024\/10\/Bild1_ps_Das-Publikum-verfolgte-gespannt-das-Referat-von-Dietmar-Dahmen.-c-Peter-Brandenberger-www.im-licht.ch_.jpg\" alt=\"MediCongresso\" width=\"680\" height=\"393\" \/>\r\n<figcaption id=\"caption-attachment-20644\" class=\"wp-caption-text\">Il pubblico ha ascoltato con attenzione la presentazione di Dietmar Dahmen. (Immagine: Peter Brandenberger - www.im-licht.ch)<\/figcaption>\r\n<\/figure>\r\n<p>MediCongress festeggia la sua prima edizione: il 29 ottobre 2024 si \u00e8 svolto a Zurigo il primo Summit sulla comunicazione. Il congresso si rivolge agli esperti di marketing e comunicazione del settore sanitario e fornisce nuovi spunti di riflessione sulla comunicazione sanitaria. \"Il gran numero di visitatori del primo Communications Summit ha dimostrato quanto interesse ci sia per una comunicazione sanitaria orientata al futuro. Siamo lieti che abbiano partecipato cos\u00ec tanti professionisti della sanit\u00e0 e che insieme possiamo portare la comunicazione nel nostro settore a un nuovo livello\", ha dichiarato Joel Brandenberger, membro del Comitato esecutivo di MediCongress.<\/p>\r\n<h3><strong>Storytelling, contenuti e prospettive future<\/strong><\/h3>\r\n<p>I relatori hanno accompagnato i visitatori in un viaggio nel mondo del marketing sanitario moderno. L'esperto di comunicazione e media Ferris B\u00fchler ha aperto la giornata con una presentazione sullo storytelling, che ha illustrato come le storie vivide possano rafforzare la fiducia dei pazienti. \u00c8 seguito un approfondimento pratico sul content marketing, in cui sono state presentate strategie per contenuti autentici e mirati. La direttrice di Google Britta Fleck ha offerto al pubblico uno sguardo sul futuro della pubblicit\u00e0 supportata dall'intelligenza artificiale, mentre altre presentazioni si sono concentrate su come l'intelligenza artificiale e gli strumenti CRM integrati possono rendere pi\u00f9 efficiente lo sviluppo delle campagne e la fidelizzazione dei clienti.<\/p>\r\n<h3><strong>Cultura aziendale e gestione delle crisi<\/strong><\/h3>\r\n<p>Dopo un pranzo di networking stimolante, Dietmar Dahmen, carismatico fondatore e CEO di Dietmar Dahmen Brainkicks GmbH, ha aperto la sessione pomeridiana con un'introduzione avvincente: \"Il futuro e il cambiamento stanno avvenendo, che ci piaccia o no. Il nostro compito non \u00e8 solo quello di tenere il passo, ma di guidare e plasmare attivamente il cambiamento\", ha affermato l'esperto di innovazione. Altre presentazioni su cultura aziendale, employer branding e merger branding hanno completato il programma. Mathias Ebneter e Guido Marsch del fornitore di servizi IT Netsafe hanno concluso il programma con un caso di studio sugli attacchi informatici, che ha mostrato come una comunicazione mirata possa disinnescare una crisi.<\/p>\r\n<p>Con argomenti di comunicazione completi, MediCongress ha offerto un programma vario al primo Communications Summit che ha affrontato le sfide attuali della comunicazione sanitaria. Ora spetta ai partecipanti integrare le nuove conoscenze acquisite nel loro lavoro quotidiano e contribuire cos\u00ec all'ulteriore sviluppo della comunicazione sanitaria.<\/p>\r\n<p><em>Fonte: <a href=\"http:\/\/www.medicongress.ch\/\">www.medicongress.ch<\/a><\/em><\/p>\n<p class=\"syndicated-attribution\">Questo articolo \u00e8 apparso originariamente su m-q.ch - <a href=\"https:\/\/www.m-q.ch\/de\/erfolgreiche-premiere-des-ersten-kommunikations-summits\/\" target=\"_blank\">https:\/\/www.m-q.ch\/de\/erfolgreiche-premiere-des-ersten-kommunikations-summits\/<\/a><\/p>","protected":false},"excerpt":{"rendered":"<p>Il 29 ottobre si \u00e8 svolto a Zurigo il primo MediCongress Communications Summit. Numerosi esperti di comunicazione del settore sanitario hanno colto l'occasione per fare rete, scambiare esperienze e acquisire nuove prospettive in settori quali lo storytelling, l'employer branding e l'intelligenza artificiale per la comunicazione sanitaria. Il programma si \u00e8 concentrato su 16 esperti dei settori della comunicazione, del marketing e dell'IT, che hanno presentato approcci attuali.<\/p>","protected":false},"author":58,"featured_media":0,"comment_status":"closed","ping_status":"closed","sticky":false,"template":"","format":"standard","meta":{"_acf_changed":false,"_yoast_wpseo_focuskw":"MediCongress","_yoast_wpseo_metadesc":"MediCongress 2024 in Z\u00fcrich brachte neue Erkenntnisse und Trends in der Gesundheitskommunikation.","articlekey":"","footnotes":""},"categories":[582],"tags":[586,4202,4698,605,418,2239,492],"class_list":["post-31410","post","type-post","status-publish","format-standard","hentry","category-operational-excellence","tag-allgemein","tag-gesundheitsbranche","tag-gesundheitskommunikation","tag-qualitaetsmanagement","tag-risikomanagement","tag-summit","tag-unternehmen"],"acf":[],"yoast_head":"<!-- This site is optimized with the Yoast SEO plugin v27.5 - https:\/\/yoast.com\/product\/yoast-seo-wordpress\/ -->\n<title>Erfolgreiche Premiere des ersten Kommunikations Summits - Organisator<\/title>\n<meta name=\"description\" content=\"MediCongress 2024 in Z\u00fcrich brachte neue Erkenntnisse und Trends in der Gesundheitskommunikation.\" \/>\n<meta name=\"robots\" content=\"index, follow, max-snippet:-1, max-image-preview:large, max-video-preview:-1\" \/>\n<link rel=\"canonical\" href=\"https:\/\/www.organisator.ch\/it\/eccellenza-operativa\/2024-10-31\/erfolgreiche-premiere-des-ersten-kommunikations-summits\/\" \/>\n<meta property=\"og:locale\" content=\"it_IT\" \/>\n<meta property=\"og:type\" content=\"article\" \/>\n<meta property=\"og:title\" content=\"Erfolgreiche Premiere des ersten Kommunikations Summits - Organisator\" \/>\n<meta property=\"og:description\" content=\"MediCongress 2024 in Z\u00fcrich brachte neue Erkenntnisse und Trends in der Gesundheitskommunikation.\" \/>\n<meta property=\"og:url\" content=\"https:\/\/www.organisator.ch\/it\/eccellenza-operativa\/2024-10-31\/erfolgreiche-premiere-des-ersten-kommunikations-summits\/\" \/>\n<meta property=\"og:site_name\" content=\"Organisator\" \/>\n<meta property=\"article:publisher\" content=\"https:\/\/www.facebook.com\/OrganisatorFachmagazin\" \/>\n<meta property=\"article:published_time\" content=\"2024-10-31T09:32:44+00:00\" \/>\n<meta property=\"article:modified_time\" content=\"2024-11-07T08:47:46+00:00\" \/>\n<meta property=\"og:image\" content=\"https:\/\/www.m-q.ch\/wp-content\/uploads\/2024\/10\/Bild1_ps_Das-Publikum-verfolgte-gespannt-das-Referat-von-Dietmar-Dahmen.-c-Peter-Brandenberger-www.im-licht.ch_.jpg\" \/>\n<meta name=\"author\" content=\"Adelisa Kalajdzini\" \/>\n<meta name=\"twitter:card\" content=\"summary_large_image\" \/>\n<script type=\"application\/ld+json\" class=\"yoast-schema-graph\">{\"@context\":\"https:\\\/\\\/schema.org\",\"@graph\":[{\"@type\":\"Article\",\"@id\":\"https:\\\/\\\/www.organisator.ch\\\/operational-excellence\\\/2024-10-31\\\/erfolgreiche-premiere-des-ersten-kommunikations-summits\\\/#article\",\"isPartOf\":{\"@id\":\"https:\\\/\\\/www.organisator.ch\\\/operational-excellence\\\/2024-10-31\\\/erfolgreiche-premiere-des-ersten-kommunikations-summits\\\/\"},\"author\":{\"name\":\"Adelisa Kalajdzini\",\"@id\":\"https:\\\/\\\/www.organisator.ch\\\/#\\\/schema\\\/person\\\/2e1314a2172123f874db408d8911d3f3\"},\"headline\":\"Erfolgreiche Premiere des ersten Kommunikations Summits\",\"datePublished\":\"2024-10-31T09:32:44+00:00\",\"dateModified\":\"2024-11-07T08:47:46+00:00\",\"mainEntityOfPage\":{\"@id\":\"https:\\\/\\\/www.organisator.ch\\\/operational-excellence\\\/2024-10-31\\\/erfolgreiche-premiere-des-ersten-kommunikations-summits\\\/\"},\"wordCount\":351,\"publisher\":{\"@id\":\"https:\\\/\\\/www.organisator.ch\\\/#organization\"},\"image\":{\"@id\":\"https:\\\/\\\/www.organisator.ch\\\/operational-excellence\\\/2024-10-31\\\/erfolgreiche-premiere-des-ersten-kommunikations-summits\\\/#primaryimage\"},\"thumbnailUrl\":\"https:\\\/\\\/www.m-q.ch\\\/wp-content\\\/uploads\\\/2024\\\/10\\\/Bild1_ps_Das-Publikum-verfolgte-gespannt-das-Referat-von-Dietmar-Dahmen.-c-Peter-Brandenberger-www.im-licht.ch_.jpg\",\"keywords\":[\"Allgemein\",\"Gesundheitsbranche\",\"Gesundheitskommunikation\",\"Qualit\u00e4tsmanagement\",\"Risikomanagement\",\"Summit\",\"Unternehmen\"],\"articleSection\":[\"OPERATIONAL EXCELLENCE\"],\"inLanguage\":\"it-IT\"},{\"@type\":\"WebPage\",\"@id\":\"https:\\\/\\\/www.organisator.ch\\\/operational-excellence\\\/2024-10-31\\\/erfolgreiche-premiere-des-ersten-kommunikations-summits\\\/\",\"url\":\"https:\\\/\\\/www.organisator.ch\\\/operational-excellence\\\/2024-10-31\\\/erfolgreiche-premiere-des-ersten-kommunikations-summits\\\/\",\"name\":\"Erfolgreiche Premiere des ersten Kommunikations Summits - Organisator\",\"isPartOf\":{\"@id\":\"https:\\\/\\\/www.organisator.ch\\\/#website\"},\"primaryImageOfPage\":{\"@id\":\"https:\\\/\\\/www.organisator.ch\\\/operational-excellence\\\/2024-10-31\\\/erfolgreiche-premiere-des-ersten-kommunikations-summits\\\/#primaryimage\"},\"image\":{\"@id\":\"https:\\\/\\\/www.organisator.ch\\\/operational-excellence\\\/2024-10-31\\\/erfolgreiche-premiere-des-ersten-kommunikations-summits\\\/#primaryimage\"},\"thumbnailUrl\":\"https:\\\/\\\/www.m-q.ch\\\/wp-content\\\/uploads\\\/2024\\\/10\\\/Bild1_ps_Das-Publikum-verfolgte-gespannt-das-Referat-von-Dietmar-Dahmen.-c-Peter-Brandenberger-www.im-licht.ch_.jpg\",\"datePublished\":\"2024-10-31T09:32:44+00:00\",\"dateModified\":\"2024-11-07T08:47:46+00:00\",\"description\":\"MediCongress 2024 in Z\u00fcrich brachte neue Erkenntnisse und Trends in der Gesundheitskommunikation.\",\"breadcrumb\":{\"@id\":\"https:\\\/\\\/www.organisator.ch\\\/operational-excellence\\\/2024-10-31\\\/erfolgreiche-premiere-des-ersten-kommunikations-summits\\\/#breadcrumb\"},\"inLanguage\":\"it-IT\",\"potentialAction\":[{\"@type\":\"ReadAction\",\"target\":[\"https:\\\/\\\/www.organisator.ch\\\/operational-excellence\\\/2024-10-31\\\/erfolgreiche-premiere-des-ersten-kommunikations-summits\\\/\"]}]},{\"@type\":\"ImageObject\",\"inLanguage\":\"it-IT\",\"@id\":\"https:\\\/\\\/www.organisator.ch\\\/operational-excellence\\\/2024-10-31\\\/erfolgreiche-premiere-des-ersten-kommunikations-summits\\\/#primaryimage\",\"url\":\"https:\\\/\\\/www.m-q.ch\\\/wp-content\\\/uploads\\\/2024\\\/10\\\/Bild1_ps_Das-Publikum-verfolgte-gespannt-das-Referat-von-Dietmar-Dahmen.-c-Peter-Brandenberger-www.im-licht.ch_.jpg\",\"contentUrl\":\"https:\\\/\\\/www.m-q.ch\\\/wp-content\\\/uploads\\\/2024\\\/10\\\/Bild1_ps_Das-Publikum-verfolgte-gespannt-das-Referat-von-Dietmar-Dahmen.-c-Peter-Brandenberger-www.im-licht.ch_.jpg\"},{\"@type\":\"BreadcrumbList\",\"@id\":\"https:\\\/\\\/www.organisator.ch\\\/operational-excellence\\\/2024-10-31\\\/erfolgreiche-premiere-des-ersten-kommunikations-summits\\\/#breadcrumb\",\"itemListElement\":[{\"@type\":\"ListItem\",\"position\":1,\"name\":\"Home\",\"item\":\"https:\\\/\\\/www.organisator.ch\\\/\"},{\"@type\":\"ListItem\",\"position\":2,\"name\":\"Erfolgreiche Premiere des ersten Kommunikations Summits\"}]},{\"@type\":\"WebSite\",\"@id\":\"https:\\\/\\\/www.organisator.ch\\\/#website\",\"url\":\"https:\\\/\\\/www.organisator.ch\\\/\",\"name\":\"Organisator\",\"description\":\"Kompetent. Praxisnah. Der ORGANISATOR bereitet in 10 Ausgaben pro Jahr die wesentlichen Themen f\u00fcr F\u00fchrungskr\u00e4fte von KMU auf.\",\"publisher\":{\"@id\":\"https:\\\/\\\/www.organisator.ch\\\/#organization\"},\"potentialAction\":[{\"@type\":\"SearchAction\",\"target\":{\"@type\":\"EntryPoint\",\"urlTemplate\":\"https:\\\/\\\/www.organisator.ch\\\/?s={search_term_string}\"},\"query-input\":{\"@type\":\"PropertyValueSpecification\",\"valueRequired\":true,\"valueName\":\"search_term_string\"}}],\"inLanguage\":\"it-IT\"},{\"@type\":\"Organization\",\"@id\":\"https:\\\/\\\/www.organisator.ch\\\/#organization\",\"name\":\"Organisator\",\"url\":\"https:\\\/\\\/www.organisator.ch\\\/\",\"logo\":{\"@type\":\"ImageObject\",\"inLanguage\":\"it-IT\",\"@id\":\"https:\\\/\\\/www.organisator.ch\\\/#\\\/schema\\\/logo\\\/image\\\/\",\"url\":\"https:\\\/\\\/www.organisator.ch\\\/wp-content\\\/uploads\\\/2022\\\/01\\\/Logo_Organisator_Website.png\",\"contentUrl\":\"https:\\\/\\\/www.organisator.ch\\\/wp-content\\\/uploads\\\/2022\\\/01\\\/Logo_Organisator_Website.png\",\"width\":800,\"height\":77,\"caption\":\"Organisator\"},\"image\":{\"@id\":\"https:\\\/\\\/www.organisator.ch\\\/#\\\/schema\\\/logo\\\/image\\\/\"},\"sameAs\":[\"https:\\\/\\\/www.facebook.com\\\/OrganisatorFachmagazin\",\"https:\\\/\\\/www.linkedin.com\\\/showcase\\\/organisator-das-magazin-fr-kmu\",\"https:\\\/\\\/www.xing.com\\\/news\\\/pages\\\/organisator-ch-695\",\"https:\\\/\\\/www.youtube.com\\\/channel\\\/UCGP2Sq0iWaZwT3BdIAQFYpw\"]},{\"@type\":\"Person\",\"@id\":\"https:\\\/\\\/www.organisator.ch\\\/#\\\/schema\\\/person\\\/2e1314a2172123f874db408d8911d3f3\",\"name\":\"Adelisa Kalajdzini\",\"image\":{\"@type\":\"ImageObject\",\"inLanguage\":\"it-IT\",\"@id\":\"https:\\\/\\\/secure.gravatar.com\\\/avatar\\\/09a397c22ac58cad6f160ee8306348599df9df58a8ede73696226897b9fa4b24?s=96&d=mm&r=g\",\"url\":\"https:\\\/\\\/secure.gravatar.com\\\/avatar\\\/09a397c22ac58cad6f160ee8306348599df9df58a8ede73696226897b9fa4b24?s=96&d=mm&r=g\",\"contentUrl\":\"https:\\\/\\\/secure.gravatar.com\\\/avatar\\\/09a397c22ac58cad6f160ee8306348599df9df58a8ede73696226897b9fa4b24?s=96&d=mm&r=g\",\"caption\":\"Adelisa Kalajdzini\"},\"url\":\"https:\\\/\\\/www.organisator.ch\\\/it\\\/author\\\/adelisa-kalajdzini\\\/\"}]}<\/script>\n<!-- \/ Yoast SEO plugin. -->","yoast_head_json":{"title":"Prima edizione di successo del primo Summit sulle comunicazioni - Organizzatore","description":"Il MediCongress 2024 di Zurigo ha portato nuovi spunti e tendenze nella comunicazione sanitaria.","robots":{"index":"index","follow":"follow","max-snippet":"max-snippet:-1","max-image-preview":"max-image-preview:large","max-video-preview":"max-video-preview:-1"},"canonical":"https:\/\/www.organisator.ch\/it\/eccellenza-operativa\/2024-10-31\/erfolgreiche-premiere-des-ersten-kommunikations-summits\/","og_locale":"it_IT","og_type":"article","og_title":"Erfolgreiche Premiere des ersten Kommunikations Summits - Organisator","og_description":"MediCongress 2024 in Z\u00fcrich brachte neue Erkenntnisse und Trends in der Gesundheitskommunikation.","og_url":"https:\/\/www.organisator.ch\/it\/eccellenza-operativa\/2024-10-31\/erfolgreiche-premiere-des-ersten-kommunikations-summits\/","og_site_name":"Organisator","article_publisher":"https:\/\/www.facebook.com\/OrganisatorFachmagazin","article_published_time":"2024-10-31T09:32:44+00:00","article_modified_time":"2024-11-07T08:47:46+00:00","og_image":[{"url":"https:\/\/www.m-q.ch\/wp-content\/uploads\/2024\/10\/Bild1_ps_Das-Publikum-verfolgte-gespannt-das-Referat-von-Dietmar-Dahmen.-c-Peter-Brandenberger-www.im-licht.ch_.jpg","type":"","width":"","height":""}],"author":"Adelisa Kalajdzini","twitter_card":"summary_large_image","schema":{"@context":"https:\/\/schema.org","@graph":[{"@type":"Article","@id":"https:\/\/www.organisator.ch\/operational-excellence\/2024-10-31\/erfolgreiche-premiere-des-ersten-kommunikations-summits\/#article","isPartOf":{"@id":"https:\/\/www.organisator.ch\/operational-excellence\/2024-10-31\/erfolgreiche-premiere-des-ersten-kommunikations-summits\/"},"author":{"name":"Adelisa Kalajdzini","@id":"https:\/\/www.organisator.ch\/#\/schema\/person\/2e1314a2172123f874db408d8911d3f3"},"headline":"Erfolgreiche Premiere des ersten Kommunikations Summits","datePublished":"2024-10-31T09:32:44+00:00","dateModified":"2024-11-07T08:47:46+00:00","mainEntityOfPage":{"@id":"https:\/\/www.organisator.ch\/operational-excellence\/2024-10-31\/erfolgreiche-premiere-des-ersten-kommunikations-summits\/"},"wordCount":351,"publisher":{"@id":"https:\/\/www.organisator.ch\/#organization"},"image":{"@id":"https:\/\/www.organisator.ch\/operational-excellence\/2024-10-31\/erfolgreiche-premiere-des-ersten-kommunikations-summits\/#primaryimage"},"thumbnailUrl":"https:\/\/www.m-q.ch\/wp-content\/uploads\/2024\/10\/Bild1_ps_Das-Publikum-verfolgte-gespannt-das-Referat-von-Dietmar-Dahmen.-c-Peter-Brandenberger-www.im-licht.ch_.jpg","keywords":["Allgemein","Gesundheitsbranche","Gesundheitskommunikation","Qualit\u00e4tsmanagement","Risikomanagement","Summit","Unternehmen"],"articleSection":["OPERATIONAL EXCELLENCE"],"inLanguage":"it-IT"},{"@type":"WebPage","@id":"https:\/\/www.organisator.ch\/operational-excellence\/2024-10-31\/erfolgreiche-premiere-des-ersten-kommunikations-summits\/","url":"https:\/\/www.organisator.ch\/operational-excellence\/2024-10-31\/erfolgreiche-premiere-des-ersten-kommunikations-summits\/","name":"Prima edizione di successo del primo Summit sulle comunicazioni - Organizzatore","isPartOf":{"@id":"https:\/\/www.organisator.ch\/#website"},"primaryImageOfPage":{"@id":"https:\/\/www.organisator.ch\/operational-excellence\/2024-10-31\/erfolgreiche-premiere-des-ersten-kommunikations-summits\/#primaryimage"},"image":{"@id":"https:\/\/www.organisator.ch\/operational-excellence\/2024-10-31\/erfolgreiche-premiere-des-ersten-kommunikations-summits\/#primaryimage"},"thumbnailUrl":"https:\/\/www.m-q.ch\/wp-content\/uploads\/2024\/10\/Bild1_ps_Das-Publikum-verfolgte-gespannt-das-Referat-von-Dietmar-Dahmen.-c-Peter-Brandenberger-www.im-licht.ch_.jpg","datePublished":"2024-10-31T09:32:44+00:00","dateModified":"2024-11-07T08:47:46+00:00","description":"Il MediCongress 2024 di Zurigo ha portato nuovi spunti e tendenze nella comunicazione sanitaria.","breadcrumb":{"@id":"https:\/\/www.organisator.ch\/operational-excellence\/2024-10-31\/erfolgreiche-premiere-des-ersten-kommunikations-summits\/#breadcrumb"},"inLanguage":"it-IT","potentialAction":[{"@type":"ReadAction","target":["https:\/\/www.organisator.ch\/operational-excellence\/2024-10-31\/erfolgreiche-premiere-des-ersten-kommunikations-summits\/"]}]},{"@type":"ImageObject","inLanguage":"it-IT","@id":"https:\/\/www.organisator.ch\/operational-excellence\/2024-10-31\/erfolgreiche-premiere-des-ersten-kommunikations-summits\/#primaryimage","url":"https:\/\/www.m-q.ch\/wp-content\/uploads\/2024\/10\/Bild1_ps_Das-Publikum-verfolgte-gespannt-das-Referat-von-Dietmar-Dahmen.-c-Peter-Brandenberger-www.im-licht.ch_.jpg","contentUrl":"https:\/\/www.m-q.ch\/wp-content\/uploads\/2024\/10\/Bild1_ps_Das-Publikum-verfolgte-gespannt-das-Referat-von-Dietmar-Dahmen.-c-Peter-Brandenberger-www.im-licht.ch_.jpg"},{"@type":"BreadcrumbList","@id":"https:\/\/www.organisator.ch\/operational-excellence\/2024-10-31\/erfolgreiche-premiere-des-ersten-kommunikations-summits\/#breadcrumb","itemListElement":[{"@type":"ListItem","position":1,"name":"Home","item":"https:\/\/www.organisator.ch\/"},{"@type":"ListItem","position":2,"name":"Erfolgreiche Premiere des ersten Kommunikations Summits"}]},{"@type":"WebSite","@id":"https:\/\/www.organisator.ch\/#website","url":"https:\/\/www.organisator.ch\/","name":"Organizzatore","description":"Competente. Pratico. In 10 numeri all'anno, ORGANISATOR presenta i temi essenziali per i manager delle PMI.","publisher":{"@id":"https:\/\/www.organisator.ch\/#organization"},"potentialAction":[{"@type":"SearchAction","target":{"@type":"EntryPoint","urlTemplate":"https:\/\/www.organisator.ch\/?s={search_term_string}"},"query-input":{"@type":"PropertyValueSpecification","valueRequired":true,"valueName":"search_term_string"}}],"inLanguage":"it-IT"},{"@type":"Organization","@id":"https:\/\/www.organisator.ch\/#organization","name":"Organizzatore","url":"https:\/\/www.organisator.ch\/","logo":{"@type":"ImageObject","inLanguage":"it-IT","@id":"https:\/\/www.organisator.ch\/#\/schema\/logo\/image\/","url":"https:\/\/www.organisator.ch\/wp-content\/uploads\/2022\/01\/Logo_Organisator_Website.png","contentUrl":"https:\/\/www.organisator.ch\/wp-content\/uploads\/2022\/01\/Logo_Organisator_Website.png","width":800,"height":77,"caption":"Organisator"},"image":{"@id":"https:\/\/www.organisator.ch\/#\/schema\/logo\/image\/"},"sameAs":["https:\/\/www.facebook.com\/OrganisatorFachmagazin","https:\/\/www.linkedin.com\/showcase\/organisator-das-magazin-fr-kmu","https:\/\/www.xing.com\/news\/pages\/organisator-ch-695","https:\/\/www.youtube.com\/channel\/UCGP2Sq0iWaZwT3BdIAQFYpw"]},{"@type":"Person","@id":"https:\/\/www.organisator.ch\/#\/schema\/person\/2e1314a2172123f874db408d8911d3f3","name":"Adelisa Kalajdzini","image":{"@type":"ImageObject","inLanguage":"it-IT","@id":"https:\/\/secure.gravatar.com\/avatar\/09a397c22ac58cad6f160ee8306348599df9df58a8ede73696226897b9fa4b24?s=96&d=mm&r=g","url":"https:\/\/secure.gravatar.com\/avatar\/09a397c22ac58cad6f160ee8306348599df9df58a8ede73696226897b9fa4b24?s=96&d=mm&r=g","contentUrl":"https:\/\/secure.gravatar.com\/avatar\/09a397c22ac58cad6f160ee8306348599df9df58a8ede73696226897b9fa4b24?s=96&d=mm&r=g","caption":"Adelisa Kalajdzini"},"url":"https:\/\/www.organisator.ch\/it\/author\/adelisa-kalajdzini\/"}]}},"_links":{"self":[{"href":"https:\/\/www.organisator.ch\/it\/wp-json\/wp\/v2\/posts\/31410","targetHints":{"allow":["GET"]}}],"collection":[{"href":"https:\/\/www.organisator.ch\/it\/wp-json\/wp\/v2\/posts"}],"about":[{"href":"https:\/\/www.organisator.ch\/it\/wp-json\/wp\/v2\/types\/post"}],"author":[{"embeddable":true,"href":"https:\/\/www.organisator.ch\/it\/wp-json\/wp\/v2\/users\/58"}],"replies":[{"embeddable":true,"href":"https:\/\/www.organisator.ch\/it\/wp-json\/wp\/v2\/comments?post=31410"}],"version-history":[{"count":7,"href":"https:\/\/www.organisator.ch\/it\/wp-json\/wp\/v2\/posts\/31410\/revisions"}],"predecessor-version":[{"id":31681,"href":"https:\/\/www.organisator.ch\/it\/wp-json\/wp\/v2\/posts\/31410\/revisions\/31681"}],"wp:attachment":[{"href":"https:\/\/www.organisator.ch\/it\/wp-json\/wp\/v2\/media?parent=31410"}],"wp:term":[{"taxonomy":"category","embeddable":true,"href":"https:\/\/www.organisator.ch\/it\/wp-json\/wp\/v2\/categories?post=31410"},{"taxonomy":"post_tag","embeddable":true,"href":"https:\/\/www.organisator.ch\/it\/wp-json\/wp\/v2\/tags?post=31410"}],"curies":[{"name":"wp","href":"https:\/\/api.w.org\/{rel}","templated":true}]}}