{"id":31452,"date":"2024-11-03T19:28:54","date_gmt":"2024-11-03T18:28:54","guid":{"rendered":"https:\/\/www.markt-kom.com\/?p=225954"},"modified":"2024-11-07T09:32:48","modified_gmt":"2024-11-07T08:32:48","slug":"family-gewinnt-fonds-fuer-verkehrssicherheit-pitch","status":"publish","type":"post","link":"https:\/\/www.organisator.ch\/it\/marketing\/2024-11-03\/family-gewinnt-fonds-fuer-verkehrssicherheit-pitch\/","title":{"rendered":"Una famiglia vince il bando \"Fondo per la sicurezza stradale"},"content":{"rendered":"<p><img class=\"alignnone wp-image-225955 size-full\" src=\"https:\/\/www.markt-kom.com\/wp-content\/uploads\/2024\/11\/fvsxfamily_mm-scaled.jpg\" alt=\"Illusione di controllo su bici ed e-bike\" width=\"1400\" height=\"788\" \/>La famiglia Acency di Uster ha avuto la meglio su noti concorrenti e ha vinto il pitch del FVS sul tema \"Illusione di controllo su bicicletta ed e-bike\".<\/p>\r\n<p>Manuela Carluccio, responsabile del progetto presso l'FVS, spiega: \"Grazie a un concetto basato sulla conoscenza e sul coraggio e a una presentazione convincente, l'agenzia \u00e8 riuscita ad aggiudicarsi la gara d'appalto. A partire dalla primavera del 2025, avr\u00e0 il compito di aumentare sensibilmente la sicurezza stradale sulle strade svizzere nei prossimi anni attraverso misure informative ed educative. Non vediamo l'ora di iniziare questa collaborazione\".<\/p>\r\n<h3><strong>Non c'\u00e8 spazio per le illusioni<\/strong><\/h3>\r\n<p>\"La cosiddetta \"illusione del controllo\" nel traffico stradale descrive l'ingannevole sensazione di sicurezza e controllo che pu\u00f2 colpire tutti gli utenti della strada. Tuttavia, i ciclisti e i ciclisti di e-bike ne sono particolarmente colpiti, in quanto sono pi\u00f9 a rischio a causa della loro maggiore vulnerabilit\u00e0. Sottovalutare i pericoli e sopravvalutare le proprie capacit\u00e0 porta spesso a situazioni rischiose o addirittura letali\", spiega Andreas Schumacher, direttore generale della FVS, in merito al progetto.<\/p>\r\n<p>\"Il nostro compito \u00e8 quello di rompere questa illusione e mostrare alle persone che la prudenza e la consapevolezza sulla strada sono fondamentali per la sopravvivenza. Non si tratta solo di una campagna pubblicitaria, ma di una responsabilit\u00e0 sociale. Siamo ansiosi di contribuire alla sicurezza sulle strade svizzere con il nostro lavoro e, nel migliore dei casi, anche di salvare vite umane\", aggiunge Claudio Catrambone, fondatore, CEO e CCO di Family Acency.<\/p>\r\n<h3><strong>Un passo significativo verso una maggiore sicurezza<\/strong><\/h3>\r\n<p>Secondo le statistiche sugli incidenti stradali del 2023 dell'Ufficio federale delle strade USTRA, 42 persone hanno perso la vita in incidenti con biciclette ed e-bike, mentre 4.332 utenti della strada sono stati coinvolti in incidenti gravi (tra cui 1.344 incidenti con biciclette ed e-bike con conseguenze gravi).<\/p>\r\n<p>La popolarit\u00e0 di questi mezzi di trasporto rende ancora pi\u00f9 urgente la sensibilizzazione sui rischi legati alla circolazione stradale. \"La sicurezza stradale non \u00e8 un lusso, ma una necessit\u00e0. La nostra iniziativa vuole contribuire a rendere i ciclisti e gli utilizzatori di e-bike pi\u00f9 consapevoli delle loro responsabilit\u00e0, riducendo cos\u00ec in modo significativo il rischio di incidenti\", sottolinea Florian Weitzel, direttore creativo di Family Acency.<\/p>\r\n<p>\"\u00c8 una sfida particolare progettare pubblicit\u00e0 educative in modo che raggiungano e sensibilizzino le persone senza essere istruttive o opprimenti. Ci vogliono sensibilit\u00e0 e creativit\u00e0 per trasmettere messaggi importanti in modo che cambino il comportamento a lungo termine. Questa sfida \u00e8 ci\u00f2 che rende il progetto cos\u00ec entusiasmante per noi, e personalmente non vedo l'ora di aprire nuove strade per fare la differenza\", aggiunge.<\/p>\r\n<hr \/>\r\n<p><em>Family Acency \u00e8 stata fondata nel 2020 e serve clienti come: Rivella, KPT, Sauber Motorsports, Amorana, CH Media, Watson e ora anche il \"Road Safety Fund\". <\/em><\/p>","protected":false},"excerpt":{"rendered":"<p>La famiglia vince il bando \"Fondo per la sicurezza stradale\" e si impegna a rendere pi\u00f9 sicure le strade svizzere a partire dal 2025.<\/p>","protected":false},"author":8,"featured_media":0,"comment_status":"closed","ping_status":"closed","sticky":false,"template":"","format":"standard","meta":{"_acf_changed":false,"_yoast_wpseo_focuskw":"Kontrollillusion auf Fahrrad & E-Bike","_yoast_wpseo_metadesc":"Family Acency erh\u00f6ht Verkehrssicherheit durch Aufkl\u00e4rung der Kontrollillusion auf Fahrrad und E-Bike.","articlekey":"","footnotes":""},"categories":[29],"tags":[2855],"class_list":["post-31452","post","type-post","status-publish","format-standard","hentry","category-marketing","tag-etats"],"acf":[],"yoast_head":"<!-- This site is optimized with the Yoast SEO plugin v27.4 - https:\/\/yoast.com\/product\/yoast-seo-wordpress\/ -->\n<title>Family gewinnt \u00abFonds f\u00fcr Verkehrssicherheit\u00bb-Pitch - Organisator<\/title>\n<meta name=\"description\" content=\"Family Acency erh\u00f6ht Verkehrssicherheit durch Aufkl\u00e4rung der Kontrollillusion auf Fahrrad und E-Bike.\" \/>\n<meta name=\"robots\" content=\"index, follow, max-snippet:-1, max-image-preview:large, max-video-preview:-1\" \/>\n<link rel=\"canonical\" href=\"https:\/\/www.markt-kom.com\/de\/markom\/etats\/family-gewinnt-fonds-fuer-verkehrssicherheit-pitch\/\" \/>\n<meta property=\"og:locale\" content=\"it_IT\" \/>\n<meta property=\"og:type\" content=\"article\" \/>\n<meta property=\"og:title\" content=\"Family gewinnt \u00abFonds f\u00fcr Verkehrssicherheit\u00bb-Pitch - Organisator\" \/>\n<meta property=\"og:description\" content=\"Family Acency erh\u00f6ht Verkehrssicherheit durch Aufkl\u00e4rung der Kontrollillusion auf Fahrrad und E-Bike.\" \/>\n<meta property=\"og:url\" content=\"https:\/\/www.markt-kom.com\/de\/markom\/etats\/family-gewinnt-fonds-fuer-verkehrssicherheit-pitch\/\" \/>\n<meta property=\"og:site_name\" content=\"Organisator\" \/>\n<meta property=\"article:publisher\" content=\"https:\/\/www.facebook.com\/OrganisatorFachmagazin\" \/>\n<meta property=\"article:published_time\" content=\"2024-11-03T18:28:54+00:00\" \/>\n<meta property=\"article:modified_time\" content=\"2024-11-07T08:32:48+00:00\" \/>\n<meta property=\"og:image\" content=\"https:\/\/www.markt-kom.com\/wp-content\/uploads\/2024\/11\/fvsxfamily_mm-scaled.jpg\" \/>\n<meta name=\"author\" content=\"galledia\" \/>\n<meta name=\"twitter:card\" content=\"summary_large_image\" \/>\n<meta name=\"twitter:creator\" content=\"@admin\" \/>\n<script type=\"application\/ld+json\" class=\"yoast-schema-graph\">{\"@context\":\"https:\\\/\\\/schema.org\",\"@graph\":[{\"@type\":\"Article\",\"@id\":\"https:\\\/\\\/www.markt-kom.com\\\/de\\\/markom\\\/etats\\\/family-gewinnt-fonds-fuer-verkehrssicherheit-pitch\\\/#article\",\"isPartOf\":{\"@id\":\"https:\\\/\\\/www.organisator.ch\\\/marketing\\\/2024-11-03\\\/family-gewinnt-fonds-fuer-verkehrssicherheit-pitch\\\/\"},\"author\":{\"name\":\"galledia\",\"@id\":\"https:\\\/\\\/www.organisator.ch\\\/#\\\/schema\\\/person\\\/4e51799071cd2dd1232ac003643ef5f0\"},\"headline\":\"Family gewinnt \u00abFonds f\u00fcr Verkehrssicherheit\u00bb-Pitch\",\"datePublished\":\"2024-11-03T18:28:54+00:00\",\"dateModified\":\"2024-11-07T08:32:48+00:00\",\"mainEntityOfPage\":{\"@id\":\"https:\\\/\\\/www.organisator.ch\\\/marketing\\\/2024-11-03\\\/family-gewinnt-fonds-fuer-verkehrssicherheit-pitch\\\/\"},\"wordCount\":439,\"publisher\":{\"@id\":\"https:\\\/\\\/www.organisator.ch\\\/#organization\"},\"image\":{\"@id\":\"https:\\\/\\\/www.markt-kom.com\\\/de\\\/markom\\\/etats\\\/family-gewinnt-fonds-fuer-verkehrssicherheit-pitch\\\/#primaryimage\"},\"thumbnailUrl\":\"https:\\\/\\\/www.markt-kom.com\\\/wp-content\\\/uploads\\\/2024\\\/11\\\/fvsxfamily_mm-scaled.jpg\",\"keywords\":[\"Etats\"],\"articleSection\":[\"MARKETING\"],\"inLanguage\":\"it-IT\"},{\"@type\":\"WebPage\",\"@id\":\"https:\\\/\\\/www.organisator.ch\\\/marketing\\\/2024-11-03\\\/family-gewinnt-fonds-fuer-verkehrssicherheit-pitch\\\/\",\"url\":\"https:\\\/\\\/www.markt-kom.com\\\/de\\\/markom\\\/etats\\\/family-gewinnt-fonds-fuer-verkehrssicherheit-pitch\\\/\",\"name\":\"Family gewinnt \u00abFonds f\u00fcr Verkehrssicherheit\u00bb-Pitch - Organisator\",\"isPartOf\":{\"@id\":\"https:\\\/\\\/www.organisator.ch\\\/#website\"},\"primaryImageOfPage\":{\"@id\":\"https:\\\/\\\/www.markt-kom.com\\\/de\\\/markom\\\/etats\\\/family-gewinnt-fonds-fuer-verkehrssicherheit-pitch\\\/#primaryimage\"},\"image\":{\"@id\":\"https:\\\/\\\/www.markt-kom.com\\\/de\\\/markom\\\/etats\\\/family-gewinnt-fonds-fuer-verkehrssicherheit-pitch\\\/#primaryimage\"},\"thumbnailUrl\":\"https:\\\/\\\/www.markt-kom.com\\\/wp-content\\\/uploads\\\/2024\\\/11\\\/fvsxfamily_mm-scaled.jpg\",\"datePublished\":\"2024-11-03T18:28:54+00:00\",\"dateModified\":\"2024-11-07T08:32:48+00:00\",\"description\":\"Family Acency erh\u00f6ht Verkehrssicherheit durch Aufkl\u00e4rung der Kontrollillusion auf Fahrrad und E-Bike.\",\"breadcrumb\":{\"@id\":\"https:\\\/\\\/www.markt-kom.com\\\/de\\\/markom\\\/etats\\\/family-gewinnt-fonds-fuer-verkehrssicherheit-pitch\\\/#breadcrumb\"},\"inLanguage\":\"it-IT\",\"potentialAction\":[{\"@type\":\"ReadAction\",\"target\":[\"https:\\\/\\\/www.markt-kom.com\\\/de\\\/markom\\\/etats\\\/family-gewinnt-fonds-fuer-verkehrssicherheit-pitch\\\/\"]}]},{\"@type\":\"ImageObject\",\"inLanguage\":\"it-IT\",\"@id\":\"https:\\\/\\\/www.markt-kom.com\\\/de\\\/markom\\\/etats\\\/family-gewinnt-fonds-fuer-verkehrssicherheit-pitch\\\/#primaryimage\",\"url\":\"https:\\\/\\\/www.markt-kom.com\\\/wp-content\\\/uploads\\\/2024\\\/11\\\/fvsxfamily_mm-scaled.jpg\",\"contentUrl\":\"https:\\\/\\\/www.markt-kom.com\\\/wp-content\\\/uploads\\\/2024\\\/11\\\/fvsxfamily_mm-scaled.jpg\"},{\"@type\":\"BreadcrumbList\",\"@id\":\"https:\\\/\\\/www.markt-kom.com\\\/de\\\/markom\\\/etats\\\/family-gewinnt-fonds-fuer-verkehrssicherheit-pitch\\\/#breadcrumb\",\"itemListElement\":[{\"@type\":\"ListItem\",\"position\":1,\"name\":\"Home\",\"item\":\"https:\\\/\\\/www.organisator.ch\\\/\"},{\"@type\":\"ListItem\",\"position\":2,\"name\":\"Family gewinnt \u00abFonds f\u00fcr Verkehrssicherheit\u00bb-Pitch\"}]},{\"@type\":\"WebSite\",\"@id\":\"https:\\\/\\\/www.organisator.ch\\\/#website\",\"url\":\"https:\\\/\\\/www.organisator.ch\\\/\",\"name\":\"Organisator\",\"description\":\"Kompetent. Praxisnah. Der ORGANISATOR bereitet in 10 Ausgaben pro Jahr die wesentlichen Themen f\u00fcr F\u00fchrungskr\u00e4fte von KMU auf.\",\"publisher\":{\"@id\":\"https:\\\/\\\/www.organisator.ch\\\/#organization\"},\"potentialAction\":[{\"@type\":\"SearchAction\",\"target\":{\"@type\":\"EntryPoint\",\"urlTemplate\":\"https:\\\/\\\/www.organisator.ch\\\/?s={search_term_string}\"},\"query-input\":{\"@type\":\"PropertyValueSpecification\",\"valueRequired\":true,\"valueName\":\"search_term_string\"}}],\"inLanguage\":\"it-IT\"},{\"@type\":\"Organization\",\"@id\":\"https:\\\/\\\/www.organisator.ch\\\/#organization\",\"name\":\"Organisator\",\"url\":\"https:\\\/\\\/www.organisator.ch\\\/\",\"logo\":{\"@type\":\"ImageObject\",\"inLanguage\":\"it-IT\",\"@id\":\"https:\\\/\\\/www.organisator.ch\\\/#\\\/schema\\\/logo\\\/image\\\/\",\"url\":\"https:\\\/\\\/www.organisator.ch\\\/wp-content\\\/uploads\\\/2022\\\/01\\\/Logo_Organisator_Website.png\",\"contentUrl\":\"https:\\\/\\\/www.organisator.ch\\\/wp-content\\\/uploads\\\/2022\\\/01\\\/Logo_Organisator_Website.png\",\"width\":800,\"height\":77,\"caption\":\"Organisator\"},\"image\":{\"@id\":\"https:\\\/\\\/www.organisator.ch\\\/#\\\/schema\\\/logo\\\/image\\\/\"},\"sameAs\":[\"https:\\\/\\\/www.facebook.com\\\/OrganisatorFachmagazin\",\"https:\\\/\\\/www.linkedin.com\\\/showcase\\\/organisator-das-magazin-fr-kmu\",\"https:\\\/\\\/www.xing.com\\\/news\\\/pages\\\/organisator-ch-695\",\"https:\\\/\\\/www.youtube.com\\\/channel\\\/UCGP2Sq0iWaZwT3BdIAQFYpw\"]},{\"@type\":\"Person\",\"@id\":\"https:\\\/\\\/www.organisator.ch\\\/#\\\/schema\\\/person\\\/4e51799071cd2dd1232ac003643ef5f0\",\"name\":\"galledia\",\"image\":{\"@type\":\"ImageObject\",\"inLanguage\":\"it-IT\",\"@id\":\"https:\\\/\\\/secure.gravatar.com\\\/avatar\\\/78a7f90c01fc2bfc875782a0d4922b37cde2cf184ce347b91316d23cd7f69a36?s=96&d=mm&r=g\",\"url\":\"https:\\\/\\\/secure.gravatar.com\\\/avatar\\\/78a7f90c01fc2bfc875782a0d4922b37cde2cf184ce347b91316d23cd7f69a36?s=96&d=mm&r=g\",\"contentUrl\":\"https:\\\/\\\/secure.gravatar.com\\\/avatar\\\/78a7f90c01fc2bfc875782a0d4922b37cde2cf184ce347b91316d23cd7f69a36?s=96&d=mm&r=g\",\"caption\":\"galledia\"},\"sameAs\":[\"https:\\\/\\\/x.com\\\/admin\"],\"url\":\"https:\\\/\\\/www.organisator.ch\\\/it\\\/author\\\/galledia\\\/\"}]}<\/script>\n<!-- \/ Yoast SEO plugin. -->","yoast_head_json":{"title":"La famiglia vince il bando del \"Fondo per la sicurezza stradale\" - organizzatore","description":"Family Acency aumenta la sicurezza stradale sensibilizzando l'opinione pubblica sull'illusione di controllo delle biciclette e delle e-bike.","robots":{"index":"index","follow":"follow","max-snippet":"max-snippet:-1","max-image-preview":"max-image-preview:large","max-video-preview":"max-video-preview:-1"},"canonical":"https:\/\/www.markt-kom.com\/de\/markom\/etats\/family-gewinnt-fonds-fuer-verkehrssicherheit-pitch\/","og_locale":"it_IT","og_type":"article","og_title":"Family gewinnt \u00abFonds f\u00fcr Verkehrssicherheit\u00bb-Pitch - Organisator","og_description":"Family Acency erh\u00f6ht Verkehrssicherheit durch Aufkl\u00e4rung der Kontrollillusion auf Fahrrad und E-Bike.","og_url":"https:\/\/www.markt-kom.com\/de\/markom\/etats\/family-gewinnt-fonds-fuer-verkehrssicherheit-pitch\/","og_site_name":"Organisator","article_publisher":"https:\/\/www.facebook.com\/OrganisatorFachmagazin","article_published_time":"2024-11-03T18:28:54+00:00","article_modified_time":"2024-11-07T08:32:48+00:00","og_image":[{"url":"https:\/\/www.markt-kom.com\/wp-content\/uploads\/2024\/11\/fvsxfamily_mm-scaled.jpg","type":"","width":"","height":""}],"author":"galledia","twitter_card":"summary_large_image","twitter_creator":"@admin","schema":{"@context":"https:\/\/schema.org","@graph":[{"@type":"Article","@id":"https:\/\/www.markt-kom.com\/de\/markom\/etats\/family-gewinnt-fonds-fuer-verkehrssicherheit-pitch\/#article","isPartOf":{"@id":"https:\/\/www.organisator.ch\/marketing\/2024-11-03\/family-gewinnt-fonds-fuer-verkehrssicherheit-pitch\/"},"author":{"name":"galledia","@id":"https:\/\/www.organisator.ch\/#\/schema\/person\/4e51799071cd2dd1232ac003643ef5f0"},"headline":"Family gewinnt \u00abFonds f\u00fcr Verkehrssicherheit\u00bb-Pitch","datePublished":"2024-11-03T18:28:54+00:00","dateModified":"2024-11-07T08:32:48+00:00","mainEntityOfPage":{"@id":"https:\/\/www.organisator.ch\/marketing\/2024-11-03\/family-gewinnt-fonds-fuer-verkehrssicherheit-pitch\/"},"wordCount":439,"publisher":{"@id":"https:\/\/www.organisator.ch\/#organization"},"image":{"@id":"https:\/\/www.markt-kom.com\/de\/markom\/etats\/family-gewinnt-fonds-fuer-verkehrssicherheit-pitch\/#primaryimage"},"thumbnailUrl":"https:\/\/www.markt-kom.com\/wp-content\/uploads\/2024\/11\/fvsxfamily_mm-scaled.jpg","keywords":["Etats"],"articleSection":["MARKETING"],"inLanguage":"it-IT"},{"@type":"WebPage","@id":"https:\/\/www.organisator.ch\/marketing\/2024-11-03\/family-gewinnt-fonds-fuer-verkehrssicherheit-pitch\/","url":"https:\/\/www.markt-kom.com\/de\/markom\/etats\/family-gewinnt-fonds-fuer-verkehrssicherheit-pitch\/","name":"La famiglia vince il bando del \"Fondo per la sicurezza stradale\" - organizzatore","isPartOf":{"@id":"https:\/\/www.organisator.ch\/#website"},"primaryImageOfPage":{"@id":"https:\/\/www.markt-kom.com\/de\/markom\/etats\/family-gewinnt-fonds-fuer-verkehrssicherheit-pitch\/#primaryimage"},"image":{"@id":"https:\/\/www.markt-kom.com\/de\/markom\/etats\/family-gewinnt-fonds-fuer-verkehrssicherheit-pitch\/#primaryimage"},"thumbnailUrl":"https:\/\/www.markt-kom.com\/wp-content\/uploads\/2024\/11\/fvsxfamily_mm-scaled.jpg","datePublished":"2024-11-03T18:28:54+00:00","dateModified":"2024-11-07T08:32:48+00:00","description":"Family Acency aumenta la sicurezza stradale sensibilizzando l'opinione pubblica sull'illusione di controllo delle biciclette e delle e-bike.","breadcrumb":{"@id":"https:\/\/www.markt-kom.com\/de\/markom\/etats\/family-gewinnt-fonds-fuer-verkehrssicherheit-pitch\/#breadcrumb"},"inLanguage":"it-IT","potentialAction":[{"@type":"ReadAction","target":["https:\/\/www.markt-kom.com\/de\/markom\/etats\/family-gewinnt-fonds-fuer-verkehrssicherheit-pitch\/"]}]},{"@type":"ImageObject","inLanguage":"it-IT","@id":"https:\/\/www.markt-kom.com\/de\/markom\/etats\/family-gewinnt-fonds-fuer-verkehrssicherheit-pitch\/#primaryimage","url":"https:\/\/www.markt-kom.com\/wp-content\/uploads\/2024\/11\/fvsxfamily_mm-scaled.jpg","contentUrl":"https:\/\/www.markt-kom.com\/wp-content\/uploads\/2024\/11\/fvsxfamily_mm-scaled.jpg"},{"@type":"BreadcrumbList","@id":"https:\/\/www.markt-kom.com\/de\/markom\/etats\/family-gewinnt-fonds-fuer-verkehrssicherheit-pitch\/#breadcrumb","itemListElement":[{"@type":"ListItem","position":1,"name":"Home","item":"https:\/\/www.organisator.ch\/"},{"@type":"ListItem","position":2,"name":"Family gewinnt \u00abFonds f\u00fcr Verkehrssicherheit\u00bb-Pitch"}]},{"@type":"WebSite","@id":"https:\/\/www.organisator.ch\/#website","url":"https:\/\/www.organisator.ch\/","name":"Organizzatore","description":"Competente. Pratico. In 10 numeri all'anno, ORGANISATOR presenta i temi essenziali per i manager delle PMI.","publisher":{"@id":"https:\/\/www.organisator.ch\/#organization"},"potentialAction":[{"@type":"SearchAction","target":{"@type":"EntryPoint","urlTemplate":"https:\/\/www.organisator.ch\/?s={search_term_string}"},"query-input":{"@type":"PropertyValueSpecification","valueRequired":true,"valueName":"search_term_string"}}],"inLanguage":"it-IT"},{"@type":"Organization","@id":"https:\/\/www.organisator.ch\/#organization","name":"Organizzatore","url":"https:\/\/www.organisator.ch\/","logo":{"@type":"ImageObject","inLanguage":"it-IT","@id":"https:\/\/www.organisator.ch\/#\/schema\/logo\/image\/","url":"https:\/\/www.organisator.ch\/wp-content\/uploads\/2022\/01\/Logo_Organisator_Website.png","contentUrl":"https:\/\/www.organisator.ch\/wp-content\/uploads\/2022\/01\/Logo_Organisator_Website.png","width":800,"height":77,"caption":"Organisator"},"image":{"@id":"https:\/\/www.organisator.ch\/#\/schema\/logo\/image\/"},"sameAs":["https:\/\/www.facebook.com\/OrganisatorFachmagazin","https:\/\/www.linkedin.com\/showcase\/organisator-das-magazin-fr-kmu","https:\/\/www.xing.com\/news\/pages\/organisator-ch-695","https:\/\/www.youtube.com\/channel\/UCGP2Sq0iWaZwT3BdIAQFYpw"]},{"@type":"Person","@id":"https:\/\/www.organisator.ch\/#\/schema\/person\/4e51799071cd2dd1232ac003643ef5f0","name":"galledia","image":{"@type":"ImageObject","inLanguage":"it-IT","@id":"https:\/\/secure.gravatar.com\/avatar\/78a7f90c01fc2bfc875782a0d4922b37cde2cf184ce347b91316d23cd7f69a36?s=96&d=mm&r=g","url":"https:\/\/secure.gravatar.com\/avatar\/78a7f90c01fc2bfc875782a0d4922b37cde2cf184ce347b91316d23cd7f69a36?s=96&d=mm&r=g","contentUrl":"https:\/\/secure.gravatar.com\/avatar\/78a7f90c01fc2bfc875782a0d4922b37cde2cf184ce347b91316d23cd7f69a36?s=96&d=mm&r=g","caption":"galledia"},"sameAs":["https:\/\/x.com\/admin"],"url":"https:\/\/www.organisator.ch\/it\/author\/galledia\/"}]}},"_links":{"self":[{"href":"https:\/\/www.organisator.ch\/it\/wp-json\/wp\/v2\/posts\/31452","targetHints":{"allow":["GET"]}}],"collection":[{"href":"https:\/\/www.organisator.ch\/it\/wp-json\/wp\/v2\/posts"}],"about":[{"href":"https:\/\/www.organisator.ch\/it\/wp-json\/wp\/v2\/types\/post"}],"author":[{"embeddable":true,"href":"https:\/\/www.organisator.ch\/it\/wp-json\/wp\/v2\/users\/8"}],"replies":[{"embeddable":true,"href":"https:\/\/www.organisator.ch\/it\/wp-json\/wp\/v2\/comments?post=31452"}],"version-history":[{"count":5,"href":"https:\/\/www.organisator.ch\/it\/wp-json\/wp\/v2\/posts\/31452\/revisions"}],"predecessor-version":[{"id":31675,"href":"https:\/\/www.organisator.ch\/it\/wp-json\/wp\/v2\/posts\/31452\/revisions\/31675"}],"wp:attachment":[{"href":"https:\/\/www.organisator.ch\/it\/wp-json\/wp\/v2\/media?parent=31452"}],"wp:term":[{"taxonomy":"category","embeddable":true,"href":"https:\/\/www.organisator.ch\/it\/wp-json\/wp\/v2\/categories?post=31452"},{"taxonomy":"post_tag","embeddable":true,"href":"https:\/\/www.organisator.ch\/it\/wp-json\/wp\/v2\/tags?post=31452"}],"curies":[{"name":"wp","href":"https:\/\/api.w.org\/{rel}","templated":true}]}}