{"id":31464,"date":"2024-11-04T13:38:46","date_gmt":"2024-11-04T12:38:46","guid":{"rendered":"https:\/\/www.organisator.ch\/?p=31464"},"modified":"2024-11-04T17:04:50","modified_gmt":"2024-11-04T16:04:50","slug":"franke-schliesst-die-akquisition-von-wesco-erfolgreich-ab","status":"publish","type":"post","link":"https:\/\/www.organisator.ch\/it\/management\/2024-11-04\/franke-schliesst-die-akquisition-von-wesco-erfolgreich-ab\/","title":{"rendered":"Franke completa con successo l'acquisizione di Wesco"},"content":{"rendered":"<figure id=\"attachment_31465\" aria-describedby=\"caption-attachment-31465\" style=\"width: 680px\" class=\"wp-caption alignnone\"><img loading=\"lazy\" decoding=\"async\" class=\"size-full wp-image-31465\" src=\"https:\/\/www.organisator.ch\/wp-content\/uploads\/2024\/11\/Franke-Wesco_Bild1_ps.jpg\" alt=\"\" width=\"680\" height=\"458\" srcset=\"https:\/\/www.organisator.ch\/wp-content\/uploads\/2024\/11\/Franke-Wesco_Bild1_ps.jpg 680w, https:\/\/www.organisator.ch\/wp-content\/uploads\/2024\/11\/Franke-Wesco_Bild1_ps-18x12.jpg 18w, https:\/\/www.organisator.ch\/wp-content\/uploads\/2024\/11\/Franke-Wesco_Bild1_ps-375x253.jpg 375w, https:\/\/www.organisator.ch\/wp-content\/uploads\/2024\/11\/Franke-Wesco_Bild1_ps-520x350.jpg 520w\" sizes=\"auto, (max-width: 680px) 100vw, 680px\" \/><figcaption id=\"caption-attachment-31465\" class=\"wp-caption-text\">Franke ha completato con successo l'acquisizione di WESCO (Immagine: www.franke.ch)<\/figcaption><\/figure>\n<p>Wesco sar\u00e0 gestita come unit\u00e0 indipendente sotto la guida di Barbara Borra e completer\u00e0 e rafforzer\u00e0 l'offerta di Franke Home Solutions, una divisione del Gruppo Franke. Barbara Borra, Presidente\/CEO di Franke Home Solutions: \"Siamo molto soddisfatti del rapido sviluppo di Wesco. <a href=\"https:\/\/www.organisator.ch\/de\/management\/2024-10-01\/franke-gruppe-erwirbt-wesco\/\">Completamento della transazione<\/a> e attendiamo con ansia l'integrazione del Gruppo WESCO. Insieme ai team di Wesco e berbel, ci concentreremo sul continuare a fornire ai clienti un servizio di prima classe e a consolidare le relazioni esistenti. Questa acquisizione rafforza la nostra offerta nel mercato dei cofani dei fornelli sia dal punto di vista geografico che strategico e, soprattutto, ci permette di raggiungere gradualmente una posizione di leadership in Germania e Svizzera.\"<\/p>\n<h3><strong>Informazioni su Franke e Wesco<\/strong><\/h3>\n<p>Il Gruppo Franke \u00e8 un produttore e fornitore leader a livello mondiale di soluzioni e attrezzature per cucine domestiche, ristorazione professionale e preparazione del caff\u00e8. L'azienda \u00e8 presente in tutto il mondo e impiega circa 7.700 persone in 35 Paesi. Il fatturato netto ammonta a circa 2,42 miliardi di franchi svizzeri. Il gruppo di aziende appartiene al Gruppo Artemis, Svizzera.<\/p>\n<p>Franke Home Solutions \u00e8 una divisione del Gruppo Franke e il principale fornitore al mondo di sistemi e soluzioni intelligenti per la cucina di casa. La divisione opera in tutto il mondo e genera un fatturato netto di 932 milioni di franchi svizzeri con circa 4.200 dipendenti in oltre 30 Paesi. La gamma di prodotti copre tutte le aree della cucina e non solo: dalla preparazione e cottura alla pulizia, dallo smaltimento dei rifiuti al trattamento dell'aria. Le soluzioni offrono un'esperienza di vita senza limiti, semplice, igienica e rispettosa dell'ambiente.<\/p>\n<p>Fondato nel 1962, il Gruppo Wesco \u00e8 un'azienda leader specializzata in cofani aspiranti e sistemi di ventilazione per cucine, case, uffici e scuole. Con circa 280 dipendenti nelle sedi in Svizzera (Wesco AG), Germania (berbel Ablufttechnik GmbH) e Italia (Createc srl), il Gruppo generer\u00e0 un fatturato netto di 97 milioni di franchi svizzeri nel 2023. Wesco \u00e8 sinonimo di cofani aspiranti e soluzioni di ventilazione di alta qualit\u00e0 \"made for Switzerland\". Il Gruppo Wesco combina un'eccezionale esperienza nel campo della ventilazione e del design ed \u00e8 sinonimo di massima qualit\u00e0, efficienza e innovazione.<\/p>\n<p><em>Fonte: <a href=\"http:\/\/www.franke.ch\">www.franke.ch<\/a><\/em><\/p>","protected":false},"excerpt":{"rendered":"<p>Il Gruppo Franke ha completato con successo l'acquisizione del Gruppo Wesco, fornitore di qualit\u00e0 di cofani aspiranti e sistemi di ventilazione in Svizzera e Germania, annunciata a settembre. Le autorit\u00e0 competenti in materia di concorrenza hanno approvato la transazione. <\/p>","protected":false},"author":80,"featured_media":31465,"comment_status":"closed","ping_status":"closed","sticky":false,"template":"","format":"standard","meta":{"_acf_changed":false,"_yoast_wpseo_focuskw":"Franke","_yoast_wpseo_metadesc":"Die Franke Gruppe hat die im September angek\u00fcndigte Akquisition der Wesco Gruppe, einem Premiumanbieter f\u00fcr Dunstabzugshauben und L\u00fcftungssysteme, erfolgreich abgeschlossen.","articlekey":"","footnotes":""},"categories":[28],"tags":[35,3323,424,475,492],"class_list":["post-31464","post","type-post","status-publish","format-standard","has-post-thumbnail","hentry","category-management","tag-akquisition","tag-firmenuebernahmen","tag-schweiz","tag-technologie","tag-unternehmen"],"acf":[],"yoast_head":"<!-- This site is optimized with the Yoast SEO plugin v27.5 - https:\/\/yoast.com\/product\/yoast-seo-wordpress\/ -->\n<title>Franke schliesst die Akquisition von Wesco erfolgreich ab - Organisator<\/title>\n<meta name=\"description\" content=\"Die Franke Gruppe hat die im September angek\u00fcndigte Akquisition der Wesco Gruppe, einem Premiumanbieter f\u00fcr Dunstabzugshauben und L\u00fcftungssysteme, erfolgreich abgeschlossen.\" \/>\n<meta name=\"robots\" content=\"index, follow, max-snippet:-1, max-image-preview:large, max-video-preview:-1\" \/>\n<link rel=\"canonical\" href=\"https:\/\/www.organisator.ch\/it\/gestione-2\/2024-11-04\/franke-schliesst-die-akquisition-von-wesco-erfolgreich-ab\/\" \/>\n<meta property=\"og:locale\" content=\"it_IT\" \/>\n<meta property=\"og:type\" content=\"article\" \/>\n<meta property=\"og:title\" content=\"Franke schliesst die Akquisition von WESCO erfolgreich ab\" \/>\n<meta property=\"og:description\" content=\"Die Franke Gruppe hat die im September angek\u00fcndigte Akquisition der Wesco Gruppe, einem Premiumanbieter f\u00fcr Dunstabzugshauben und L\u00fcftungssysteme, erfolgreich abgeschlossen.\" \/>\n<meta property=\"og:url\" content=\"https:\/\/www.organisator.ch\/it\/gestione-2\/2024-11-04\/franke-schliesst-die-akquisition-von-wesco-erfolgreich-ab\/\" \/>\n<meta property=\"og:site_name\" content=\"Organisator\" \/>\n<meta property=\"article:publisher\" content=\"https:\/\/www.facebook.com\/OrganisatorFachmagazin\" \/>\n<meta property=\"article:published_time\" content=\"2024-11-04T12:38:46+00:00\" \/>\n<meta property=\"article:modified_time\" content=\"2024-11-04T16:04:50+00:00\" \/>\n<meta property=\"og:image\" content=\"https:\/\/www.organisator.ch\/wp-content\/uploads\/2024\/11\/Franke-Wesco_Bild1_ps.jpg\" \/>\n\t<meta property=\"og:image:width\" content=\"680\" \/>\n\t<meta property=\"og:image:height\" content=\"458\" \/>\n\t<meta property=\"og:image:type\" content=\"image\/jpeg\" \/>\n<meta name=\"author\" content=\"Dzana Muminovic\" \/>\n<meta name=\"twitter:card\" content=\"summary_large_image\" \/>\n<meta name=\"twitter:title\" content=\"Franke schliesst die Akquisition von WESCO erfolgreich ab\" \/>\n<meta name=\"twitter:description\" content=\"Die Franke Gruppe hat die im September angek\u00fcndigte Akquisition der Wesco Gruppe, einem Premiumanbieter f\u00fcr Dunstabzugshauben und L\u00fcftungssysteme, erfolgreich abgeschlossen.\" \/>\n<meta name=\"twitter:image\" content=\"https:\/\/www.organisator.ch\/wp-content\/uploads\/2024\/11\/Franke-Wesco_Bild1_ps.jpg\" \/>\n<script type=\"application\/ld+json\" class=\"yoast-schema-graph\">{\"@context\":\"https:\\\/\\\/schema.org\",\"@graph\":[{\"@type\":\"Article\",\"@id\":\"https:\\\/\\\/www.organisator.ch\\\/management\\\/2024-11-04\\\/franke-schliesst-die-akquisition-von-wesco-erfolgreich-ab\\\/#article\",\"isPartOf\":{\"@id\":\"https:\\\/\\\/www.organisator.ch\\\/management\\\/2024-11-04\\\/franke-schliesst-die-akquisition-von-wesco-erfolgreich-ab\\\/\"},\"author\":{\"name\":\"Dzana Muminovic\",\"@id\":\"https:\\\/\\\/www.organisator.ch\\\/#\\\/schema\\\/person\\\/afccda3a71c06d4be2ed9100dd163db7\"},\"headline\":\"Franke schliesst die Akquisition von Wesco erfolgreich ab\",\"datePublished\":\"2024-11-04T12:38:46+00:00\",\"dateModified\":\"2024-11-04T16:04:50+00:00\",\"mainEntityOfPage\":{\"@id\":\"https:\\\/\\\/www.organisator.ch\\\/management\\\/2024-11-04\\\/franke-schliesst-die-akquisition-von-wesco-erfolgreich-ab\\\/\"},\"wordCount\":396,\"publisher\":{\"@id\":\"https:\\\/\\\/www.organisator.ch\\\/#organization\"},\"image\":{\"@id\":\"https:\\\/\\\/www.organisator.ch\\\/management\\\/2024-11-04\\\/franke-schliesst-die-akquisition-von-wesco-erfolgreich-ab\\\/#primaryimage\"},\"thumbnailUrl\":\"https:\\\/\\\/www.organisator.ch\\\/wp-content\\\/uploads\\\/2024\\\/11\\\/Franke-Wesco_Bild1_ps.jpg\",\"keywords\":[\"Akquisition\",\"Firmen\u00fcbernahmen\",\"Schweiz\",\"Technologie\",\"Unternehmen\"],\"articleSection\":[\"MANAGEMENT\"],\"inLanguage\":\"it-IT\"},{\"@type\":\"WebPage\",\"@id\":\"https:\\\/\\\/www.organisator.ch\\\/management\\\/2024-11-04\\\/franke-schliesst-die-akquisition-von-wesco-erfolgreich-ab\\\/\",\"url\":\"https:\\\/\\\/www.organisator.ch\\\/management\\\/2024-11-04\\\/franke-schliesst-die-akquisition-von-wesco-erfolgreich-ab\\\/\",\"name\":\"Franke schliesst die Akquisition von Wesco erfolgreich ab - Organisator\",\"isPartOf\":{\"@id\":\"https:\\\/\\\/www.organisator.ch\\\/#website\"},\"primaryImageOfPage\":{\"@id\":\"https:\\\/\\\/www.organisator.ch\\\/management\\\/2024-11-04\\\/franke-schliesst-die-akquisition-von-wesco-erfolgreich-ab\\\/#primaryimage\"},\"image\":{\"@id\":\"https:\\\/\\\/www.organisator.ch\\\/management\\\/2024-11-04\\\/franke-schliesst-die-akquisition-von-wesco-erfolgreich-ab\\\/#primaryimage\"},\"thumbnailUrl\":\"https:\\\/\\\/www.organisator.ch\\\/wp-content\\\/uploads\\\/2024\\\/11\\\/Franke-Wesco_Bild1_ps.jpg\",\"datePublished\":\"2024-11-04T12:38:46+00:00\",\"dateModified\":\"2024-11-04T16:04:50+00:00\",\"description\":\"Die Franke Gruppe hat die im September angek\u00fcndigte Akquisition der Wesco Gruppe, einem Premiumanbieter f\u00fcr Dunstabzugshauben und L\u00fcftungssysteme, erfolgreich abgeschlossen.\",\"breadcrumb\":{\"@id\":\"https:\\\/\\\/www.organisator.ch\\\/management\\\/2024-11-04\\\/franke-schliesst-die-akquisition-von-wesco-erfolgreich-ab\\\/#breadcrumb\"},\"inLanguage\":\"it-IT\",\"potentialAction\":[{\"@type\":\"ReadAction\",\"target\":[\"https:\\\/\\\/www.organisator.ch\\\/management\\\/2024-11-04\\\/franke-schliesst-die-akquisition-von-wesco-erfolgreich-ab\\\/\"]}]},{\"@type\":\"ImageObject\",\"inLanguage\":\"it-IT\",\"@id\":\"https:\\\/\\\/www.organisator.ch\\\/management\\\/2024-11-04\\\/franke-schliesst-die-akquisition-von-wesco-erfolgreich-ab\\\/#primaryimage\",\"url\":\"https:\\\/\\\/www.organisator.ch\\\/wp-content\\\/uploads\\\/2024\\\/11\\\/Franke-Wesco_Bild1_ps.jpg\",\"contentUrl\":\"https:\\\/\\\/www.organisator.ch\\\/wp-content\\\/uploads\\\/2024\\\/11\\\/Franke-Wesco_Bild1_ps.jpg\",\"width\":680,\"height\":458,\"caption\":\"Franke hat die \u00dcbernahme von WESCO erfolgreich abgeschlossen (Bild: www.franke.ch)\"},{\"@type\":\"BreadcrumbList\",\"@id\":\"https:\\\/\\\/www.organisator.ch\\\/management\\\/2024-11-04\\\/franke-schliesst-die-akquisition-von-wesco-erfolgreich-ab\\\/#breadcrumb\",\"itemListElement\":[{\"@type\":\"ListItem\",\"position\":1,\"name\":\"Home\",\"item\":\"https:\\\/\\\/www.organisator.ch\\\/\"},{\"@type\":\"ListItem\",\"position\":2,\"name\":\"Franke schliesst die Akquisition von Wesco erfolgreich ab\"}]},{\"@type\":\"WebSite\",\"@id\":\"https:\\\/\\\/www.organisator.ch\\\/#website\",\"url\":\"https:\\\/\\\/www.organisator.ch\\\/\",\"name\":\"Organisator\",\"description\":\"Kompetent. Praxisnah. Der ORGANISATOR bereitet in 10 Ausgaben pro Jahr die wesentlichen Themen f\u00fcr F\u00fchrungskr\u00e4fte von KMU auf.\",\"publisher\":{\"@id\":\"https:\\\/\\\/www.organisator.ch\\\/#organization\"},\"potentialAction\":[{\"@type\":\"SearchAction\",\"target\":{\"@type\":\"EntryPoint\",\"urlTemplate\":\"https:\\\/\\\/www.organisator.ch\\\/?s={search_term_string}\"},\"query-input\":{\"@type\":\"PropertyValueSpecification\",\"valueRequired\":true,\"valueName\":\"search_term_string\"}}],\"inLanguage\":\"it-IT\"},{\"@type\":\"Organization\",\"@id\":\"https:\\\/\\\/www.organisator.ch\\\/#organization\",\"name\":\"Organisator\",\"url\":\"https:\\\/\\\/www.organisator.ch\\\/\",\"logo\":{\"@type\":\"ImageObject\",\"inLanguage\":\"it-IT\",\"@id\":\"https:\\\/\\\/www.organisator.ch\\\/#\\\/schema\\\/logo\\\/image\\\/\",\"url\":\"https:\\\/\\\/www.organisator.ch\\\/wp-content\\\/uploads\\\/2022\\\/01\\\/Logo_Organisator_Website.png\",\"contentUrl\":\"https:\\\/\\\/www.organisator.ch\\\/wp-content\\\/uploads\\\/2022\\\/01\\\/Logo_Organisator_Website.png\",\"width\":800,\"height\":77,\"caption\":\"Organisator\"},\"image\":{\"@id\":\"https:\\\/\\\/www.organisator.ch\\\/#\\\/schema\\\/logo\\\/image\\\/\"},\"sameAs\":[\"https:\\\/\\\/www.facebook.com\\\/OrganisatorFachmagazin\",\"https:\\\/\\\/www.linkedin.com\\\/showcase\\\/organisator-das-magazin-fr-kmu\",\"https:\\\/\\\/www.xing.com\\\/news\\\/pages\\\/organisator-ch-695\",\"https:\\\/\\\/www.youtube.com\\\/channel\\\/UCGP2Sq0iWaZwT3BdIAQFYpw\"]},{\"@type\":\"Person\",\"@id\":\"https:\\\/\\\/www.organisator.ch\\\/#\\\/schema\\\/person\\\/afccda3a71c06d4be2ed9100dd163db7\",\"name\":\"Dzana Muminovic\",\"image\":{\"@type\":\"ImageObject\",\"inLanguage\":\"it-IT\",\"@id\":\"https:\\\/\\\/secure.gravatar.com\\\/avatar\\\/909c5c71aff4b38e88686f2ab2f1ba152571f394f41ed8bae431ea56ced93050?s=96&d=mm&r=g\",\"url\":\"https:\\\/\\\/secure.gravatar.com\\\/avatar\\\/909c5c71aff4b38e88686f2ab2f1ba152571f394f41ed8bae431ea56ced93050?s=96&d=mm&r=g\",\"contentUrl\":\"https:\\\/\\\/secure.gravatar.com\\\/avatar\\\/909c5c71aff4b38e88686f2ab2f1ba152571f394f41ed8bae431ea56ced93050?s=96&d=mm&r=g\",\"caption\":\"Dzana Muminovic\"},\"url\":\"https:\\\/\\\/www.organisator.ch\\\/it\\\/author\\\/dzana-muminovic\\\/\"}]}<\/script>\n<!-- \/ Yoast SEO plugin. -->","yoast_head_json":{"title":"Franke completa con successo l'acquisizione di Wesco - Organiser","description":"Il Gruppo Franke ha completato con successo l'acquisizione del Gruppo Wesco, fornitore di qualit\u00e0 di cofani aspiranti e sistemi di ventilazione, annunciata a settembre.","robots":{"index":"index","follow":"follow","max-snippet":"max-snippet:-1","max-image-preview":"max-image-preview:large","max-video-preview":"max-video-preview:-1"},"canonical":"https:\/\/www.organisator.ch\/it\/gestione-2\/2024-11-04\/franke-schliesst-die-akquisition-von-wesco-erfolgreich-ab\/","og_locale":"it_IT","og_type":"article","og_title":"Franke schliesst die Akquisition von WESCO erfolgreich ab","og_description":"Die Franke Gruppe hat die im September angek\u00fcndigte Akquisition der Wesco Gruppe, einem Premiumanbieter f\u00fcr Dunstabzugshauben und L\u00fcftungssysteme, erfolgreich abgeschlossen.","og_url":"https:\/\/www.organisator.ch\/it\/gestione-2\/2024-11-04\/franke-schliesst-die-akquisition-von-wesco-erfolgreich-ab\/","og_site_name":"Organisator","article_publisher":"https:\/\/www.facebook.com\/OrganisatorFachmagazin","article_published_time":"2024-11-04T12:38:46+00:00","article_modified_time":"2024-11-04T16:04:50+00:00","og_image":[{"width":680,"height":458,"url":"https:\/\/www.organisator.ch\/wp-content\/uploads\/2024\/11\/Franke-Wesco_Bild1_ps.jpg","type":"image\/jpeg"}],"author":"Dzana Muminovic","twitter_card":"summary_large_image","twitter_title":"Franke schliesst die Akquisition von WESCO erfolgreich ab","twitter_description":"Die Franke Gruppe hat die im September angek\u00fcndigte Akquisition der Wesco Gruppe, einem Premiumanbieter f\u00fcr Dunstabzugshauben und L\u00fcftungssysteme, erfolgreich abgeschlossen.","twitter_image":"https:\/\/www.organisator.ch\/wp-content\/uploads\/2024\/11\/Franke-Wesco_Bild1_ps.jpg","schema":{"@context":"https:\/\/schema.org","@graph":[{"@type":"Article","@id":"https:\/\/www.organisator.ch\/management\/2024-11-04\/franke-schliesst-die-akquisition-von-wesco-erfolgreich-ab\/#article","isPartOf":{"@id":"https:\/\/www.organisator.ch\/management\/2024-11-04\/franke-schliesst-die-akquisition-von-wesco-erfolgreich-ab\/"},"author":{"name":"Dzana Muminovic","@id":"https:\/\/www.organisator.ch\/#\/schema\/person\/afccda3a71c06d4be2ed9100dd163db7"},"headline":"Franke schliesst die Akquisition von Wesco erfolgreich ab","datePublished":"2024-11-04T12:38:46+00:00","dateModified":"2024-11-04T16:04:50+00:00","mainEntityOfPage":{"@id":"https:\/\/www.organisator.ch\/management\/2024-11-04\/franke-schliesst-die-akquisition-von-wesco-erfolgreich-ab\/"},"wordCount":396,"publisher":{"@id":"https:\/\/www.organisator.ch\/#organization"},"image":{"@id":"https:\/\/www.organisator.ch\/management\/2024-11-04\/franke-schliesst-die-akquisition-von-wesco-erfolgreich-ab\/#primaryimage"},"thumbnailUrl":"https:\/\/www.organisator.ch\/wp-content\/uploads\/2024\/11\/Franke-Wesco_Bild1_ps.jpg","keywords":["Akquisition","Firmen\u00fcbernahmen","Schweiz","Technologie","Unternehmen"],"articleSection":["MANAGEMENT"],"inLanguage":"it-IT"},{"@type":"WebPage","@id":"https:\/\/www.organisator.ch\/management\/2024-11-04\/franke-schliesst-die-akquisition-von-wesco-erfolgreich-ab\/","url":"https:\/\/www.organisator.ch\/management\/2024-11-04\/franke-schliesst-die-akquisition-von-wesco-erfolgreich-ab\/","name":"Franke completa con successo l'acquisizione di Wesco - Organiser","isPartOf":{"@id":"https:\/\/www.organisator.ch\/#website"},"primaryImageOfPage":{"@id":"https:\/\/www.organisator.ch\/management\/2024-11-04\/franke-schliesst-die-akquisition-von-wesco-erfolgreich-ab\/#primaryimage"},"image":{"@id":"https:\/\/www.organisator.ch\/management\/2024-11-04\/franke-schliesst-die-akquisition-von-wesco-erfolgreich-ab\/#primaryimage"},"thumbnailUrl":"https:\/\/www.organisator.ch\/wp-content\/uploads\/2024\/11\/Franke-Wesco_Bild1_ps.jpg","datePublished":"2024-11-04T12:38:46+00:00","dateModified":"2024-11-04T16:04:50+00:00","description":"Il Gruppo Franke ha completato con successo l'acquisizione del Gruppo Wesco, fornitore di qualit\u00e0 di cofani aspiranti e sistemi di ventilazione, annunciata a settembre.","breadcrumb":{"@id":"https:\/\/www.organisator.ch\/management\/2024-11-04\/franke-schliesst-die-akquisition-von-wesco-erfolgreich-ab\/#breadcrumb"},"inLanguage":"it-IT","potentialAction":[{"@type":"ReadAction","target":["https:\/\/www.organisator.ch\/management\/2024-11-04\/franke-schliesst-die-akquisition-von-wesco-erfolgreich-ab\/"]}]},{"@type":"ImageObject","inLanguage":"it-IT","@id":"https:\/\/www.organisator.ch\/management\/2024-11-04\/franke-schliesst-die-akquisition-von-wesco-erfolgreich-ab\/#primaryimage","url":"https:\/\/www.organisator.ch\/wp-content\/uploads\/2024\/11\/Franke-Wesco_Bild1_ps.jpg","contentUrl":"https:\/\/www.organisator.ch\/wp-content\/uploads\/2024\/11\/Franke-Wesco_Bild1_ps.jpg","width":680,"height":458,"caption":"Franke hat die \u00dcbernahme von WESCO erfolgreich abgeschlossen (Bild: www.franke.ch)"},{"@type":"BreadcrumbList","@id":"https:\/\/www.organisator.ch\/management\/2024-11-04\/franke-schliesst-die-akquisition-von-wesco-erfolgreich-ab\/#breadcrumb","itemListElement":[{"@type":"ListItem","position":1,"name":"Home","item":"https:\/\/www.organisator.ch\/"},{"@type":"ListItem","position":2,"name":"Franke schliesst die Akquisition von Wesco erfolgreich ab"}]},{"@type":"WebSite","@id":"https:\/\/www.organisator.ch\/#website","url":"https:\/\/www.organisator.ch\/","name":"Organizzatore","description":"Competente. Pratico. In 10 numeri all'anno, ORGANISATOR presenta i temi essenziali per i manager delle PMI.","publisher":{"@id":"https:\/\/www.organisator.ch\/#organization"},"potentialAction":[{"@type":"SearchAction","target":{"@type":"EntryPoint","urlTemplate":"https:\/\/www.organisator.ch\/?s={search_term_string}"},"query-input":{"@type":"PropertyValueSpecification","valueRequired":true,"valueName":"search_term_string"}}],"inLanguage":"it-IT"},{"@type":"Organization","@id":"https:\/\/www.organisator.ch\/#organization","name":"Organizzatore","url":"https:\/\/www.organisator.ch\/","logo":{"@type":"ImageObject","inLanguage":"it-IT","@id":"https:\/\/www.organisator.ch\/#\/schema\/logo\/image\/","url":"https:\/\/www.organisator.ch\/wp-content\/uploads\/2022\/01\/Logo_Organisator_Website.png","contentUrl":"https:\/\/www.organisator.ch\/wp-content\/uploads\/2022\/01\/Logo_Organisator_Website.png","width":800,"height":77,"caption":"Organisator"},"image":{"@id":"https:\/\/www.organisator.ch\/#\/schema\/logo\/image\/"},"sameAs":["https:\/\/www.facebook.com\/OrganisatorFachmagazin","https:\/\/www.linkedin.com\/showcase\/organisator-das-magazin-fr-kmu","https:\/\/www.xing.com\/news\/pages\/organisator-ch-695","https:\/\/www.youtube.com\/channel\/UCGP2Sq0iWaZwT3BdIAQFYpw"]},{"@type":"Person","@id":"https:\/\/www.organisator.ch\/#\/schema\/person\/afccda3a71c06d4be2ed9100dd163db7","name":"Dzana Muminovic","image":{"@type":"ImageObject","inLanguage":"it-IT","@id":"https:\/\/secure.gravatar.com\/avatar\/909c5c71aff4b38e88686f2ab2f1ba152571f394f41ed8bae431ea56ced93050?s=96&d=mm&r=g","url":"https:\/\/secure.gravatar.com\/avatar\/909c5c71aff4b38e88686f2ab2f1ba152571f394f41ed8bae431ea56ced93050?s=96&d=mm&r=g","contentUrl":"https:\/\/secure.gravatar.com\/avatar\/909c5c71aff4b38e88686f2ab2f1ba152571f394f41ed8bae431ea56ced93050?s=96&d=mm&r=g","caption":"Dzana Muminovic"},"url":"https:\/\/www.organisator.ch\/it\/author\/dzana-muminovic\/"}]}},"_links":{"self":[{"href":"https:\/\/www.organisator.ch\/it\/wp-json\/wp\/v2\/posts\/31464","targetHints":{"allow":["GET"]}}],"collection":[{"href":"https:\/\/www.organisator.ch\/it\/wp-json\/wp\/v2\/posts"}],"about":[{"href":"https:\/\/www.organisator.ch\/it\/wp-json\/wp\/v2\/types\/post"}],"author":[{"embeddable":true,"href":"https:\/\/www.organisator.ch\/it\/wp-json\/wp\/v2\/users\/80"}],"replies":[{"embeddable":true,"href":"https:\/\/www.organisator.ch\/it\/wp-json\/wp\/v2\/comments?post=31464"}],"version-history":[{"count":7,"href":"https:\/\/www.organisator.ch\/it\/wp-json\/wp\/v2\/posts\/31464\/revisions"}],"predecessor-version":[{"id":31500,"href":"https:\/\/www.organisator.ch\/it\/wp-json\/wp\/v2\/posts\/31464\/revisions\/31500"}],"wp:featuredmedia":[{"embeddable":true,"href":"https:\/\/www.organisator.ch\/it\/wp-json\/wp\/v2\/media\/31465"}],"wp:attachment":[{"href":"https:\/\/www.organisator.ch\/it\/wp-json\/wp\/v2\/media?parent=31464"}],"wp:term":[{"taxonomy":"category","embeddable":true,"href":"https:\/\/www.organisator.ch\/it\/wp-json\/wp\/v2\/categories?post=31464"},{"taxonomy":"post_tag","embeddable":true,"href":"https:\/\/www.organisator.ch\/it\/wp-json\/wp\/v2\/tags?post=31464"}],"curies":[{"name":"wp","href":"https:\/\/api.w.org\/{rel}","templated":true}]}}