{"id":31474,"date":"2024-11-20T06:20:04","date_gmt":"2024-11-20T05:20:04","guid":{"rendered":"https:\/\/www.organisator.ch\/?p=31474"},"modified":"2024-11-04T10:20:48","modified_gmt":"2024-11-04T09:20:48","slug":"prix-svc-wirtschaftsraum-zuerich-2024-schneider-umweltservice-ag","status":"publish","type":"post","link":"https:\/\/www.organisator.ch\/it\/management\/2024-11-20\/prix-svc-wirtschaftsraum-zuerich-2024-schneider-umweltservice-ag\/","title":{"rendered":"Premio SVC Area economica Zurigo 2024: Schneider Umweltservice AG"},"content":{"rendered":"<figure id=\"attachment_31475\" aria-describedby=\"caption-attachment-31475\" style=\"width: 680px\" class=\"wp-caption alignnone\"><img loading=\"lazy\" decoding=\"async\" class=\"size-full wp-image-31475\" src=\"https:\/\/www.organisator.ch\/wp-content\/uploads\/2024\/11\/Schneider-Umweltservice_Bild1_ps.jpg\" alt=\"\" width=\"680\" height=\"398\" srcset=\"https:\/\/www.organisator.ch\/wp-content\/uploads\/2024\/11\/Schneider-Umweltservice_Bild1_ps.jpg 680w, https:\/\/www.organisator.ch\/wp-content\/uploads\/2024\/11\/Schneider-Umweltservice_Bild1_ps-18x12.jpg 18w, https:\/\/www.organisator.ch\/wp-content\/uploads\/2024\/11\/Schneider-Umweltservice_Bild1_ps-375x219.jpg 375w, https:\/\/www.organisator.ch\/wp-content\/uploads\/2024\/11\/Schneider-Umweltservice_Bild1_ps-598x350.jpg 598w\" sizes=\"auto, (max-width: 680px) 100vw, 680px\" \/><figcaption id=\"caption-attachment-31475\" class=\"wp-caption-text\">Oggi Schneider Umweltservice AG impiega circa 370 persone. (Immagine: Schneider Umweltservice AG \/ www.umweltservice.ch)<\/figcaption><\/figure>\n<p>Schneider Umweltservice AG di Meilen ZH, fondata nel 1905 come piccola azienda di trasporti, si \u00e8 sviluppata nel corso di quattro generazioni fino a diventare un'azienda leader nel settore del riciclaggio e dello smaltimento dei rifiuti. Oggi l'azienda impiega circa 370 persone e gestisce undici centri di riciclaggio e cinque punti di raccolta nelle regioni economiche di Zurigo, Zugo e Lucerna. Integrata da centri di raccolta mobili, Schneider offre soluzioni complete per tutti i materiali riciclabili e i rifiuti, sia per i privati che per le aziende.<\/p>\n<h3><strong>Soluzioni di riciclaggio innovative per tutti i settori<\/strong><\/h3>\n<p>Schneider Umweltservice offre un'ampia gamma di soluzioni per lo smaltimento e il riciclaggio dei rifiuti. Oltre al recupero e al riciclaggio di materiali riciclabili come carta, vetro e plastica, l'azienda si occupa anche dello smaltimento professionale dei rifiuti pericolosi. Schneider svolge un ruolo fondamentale soprattutto nell'industria delle costruzioni. Grandi quantit\u00e0 di rifiuti minerali provenienti da ristrutturazioni e demolizioni vengono trasformate in materiali edili riciclati di alta qualit\u00e0 in moderni impianti di frantumazione e selezione. Questi processi contribuiscono in modo significativo alla riduzione del volume dei rifiuti e consentono un riciclaggio efficiente dei materiali da costruzione.<\/p>\n<h3><strong>Concetti sostenibili per un futuro ecologico<\/strong><\/h3>\n<p>Schneider Umweltservice AG persegue obiettivi ambiziosi per migliorare la propria impronta ecologica: Entro il 2028, oltre il 90% dei trasporti dovr\u00e0 essere effettuato elettricamente. Il passaggio ai veicoli elettrici ridurr\u00e0 significativamente le emissioni di CO\u2082. L'azienda si sta inoltre concentrando sull'espansione dei suoi impianti fotovoltaici, che generano elettricit\u00e0 per uso proprio in sei sedi. L'acqua piovana viene utilizzata per pulire i veicoli nei centri di riciclaggio, con un risparmio annuo di 60.000 litri di acqua potabile nel sito di Volketswil. Grazie all'utilizzo di tecnologie moderne come i separatori magnetici e la tecnologia del vicino infrarosso, Schneider \u00e8 in grado di separare i materiali riciclabili in modo efficiente e di aumentare ulteriormente il tasso di riciclaggio.<\/p>\n<h3><strong>Responsabilit\u00e0 verso la societ\u00e0 e l'ambiente <\/strong><\/h3>\n<p>Oltre alla responsabilit\u00e0 ecologica, Schneider Umweltservice \u00e8 impegnata anche in ambito sociale. Grazie alla collaborazione con il centro di lavoro di Uster, le persone con disabilit\u00e0 cognitive vengono integrate nel processo lavorativo. L'azienda sostiene anche il progetto di protezione del clima di Fair Recycling in Brasile, in cui i vecchi frigoriferi vengono riciclati e i gas contenenti CFC vengono resi innocui. Finora sono stati riciclati 1,5 milioni di frigoriferi e sono stati risparmiati quasi 1,8 milioni di tonnellate di CO\u2082 equivalenti.<\/p>\n<p><em>Ulteriori informazioni: <a href=\"https:\/\/umweltservice.ch\/\">www.umweltservice.ch\u00a0<\/a>\/ <a href=\"http:\/\/www.svc.swiss\">www.svc.swiss\u00a0<\/a><\/em><\/p>\n<blockquote>\n<h3>Premio SVC Spazio economico Zurigo 2024<\/h3>\n<p>La cerimonia di premiazione si terr\u00e0 marted\u00ec 26 novembre 2024 alla Kongresshaus di Zurigo. Sono attesi circa 1.500 ospiti provenienti dal mondo degli affari, della scienza, della politica e della cultura. La cerimonia di premiazione sar\u00e0 condotta da Nik Hartmann. <a href=\"https:\/\/svc.swiss\/sites\/default\/files\/2024-09\/svc_leporello_a5_wrzh_online.pdf\">Ulteriori informazioni<\/a>.<\/p>\n<\/blockquote>","protected":false},"excerpt":{"rendered":"<p>Il Prix SVC Zurich Economic Area sar\u00e0 assegnato il 26 novembre 2024. Schneider Umweltservice AG di Meilen ZH \u00e8 in finale. Un breve ritratto di questa azienda leader nel settore del riciclaggio e dello smaltimento dei rifiuti.<\/p>","protected":false},"author":80,"featured_media":31475,"comment_status":"closed","ping_status":"closed","sticky":false,"template":"","format":"standard","meta":{"_acf_changed":false,"_yoast_wpseo_focuskw":"Schneider Umweltservice AG","_yoast_wpseo_metadesc":"Am 26. November 2024 wird der Prix SVC Wirtschaftsraum Z\u00fcrich verliehen. Mit im Final: Die Schneider Umweltservice AG aus Meilen.","articlekey":"","footnotes":""},"categories":[28],"tags":[66,1787,392,424,492],"class_list":["post-31474","post","type-post","status-publish","format-standard","has-post-thumbnail","hentry","category-management","tag-awards","tag-nachhaltigkeit","tag-prix-svc-wirtschaftsraum-zuerich","tag-schweiz","tag-unternehmen"],"acf":[],"yoast_head":"<!-- This site is optimized with the Yoast SEO plugin v27.5 - https:\/\/yoast.com\/product\/yoast-seo-wordpress\/ -->\n<title>Prix SVC Wirtschaftsraum Z\u00fcrich 2024: Schneider Umweltservice AG - Organisator<\/title>\n<meta name=\"description\" content=\"Am 26. November 2024 wird der Prix SVC Wirtschaftsraum Z\u00fcrich verliehen. Mit im Final: Die Schneider Umweltservice AG aus Meilen.\" \/>\n<meta name=\"robots\" content=\"index, follow, max-snippet:-1, max-image-preview:large, max-video-preview:-1\" \/>\n<link rel=\"canonical\" href=\"https:\/\/www.organisator.ch\/it\/gestione-2\/2024-11-20\/prix-svc-wirtschaftsraum-zuerich-2024-schneider-umweltservice-ag\/\" \/>\n<meta property=\"og:locale\" content=\"it_IT\" \/>\n<meta property=\"og:type\" content=\"article\" \/>\n<meta property=\"og:title\" content=\"Prix SVC Wirtschaftsraum Z\u00fcrich 2024: Schneider Umweltservice AG\" \/>\n<meta property=\"og:description\" content=\"Am 26. November 2024 wird der Prix SVC Wirtschaftsraum Z\u00fcrich verliehen. Mit im Final: Die Schneider Umweltservice AG aus Meilen.\" \/>\n<meta property=\"og:url\" content=\"https:\/\/www.organisator.ch\/it\/gestione-2\/2024-11-20\/prix-svc-wirtschaftsraum-zuerich-2024-schneider-umweltservice-ag\/\" \/>\n<meta property=\"og:site_name\" content=\"Organisator\" \/>\n<meta property=\"article:publisher\" content=\"https:\/\/www.facebook.com\/OrganisatorFachmagazin\" \/>\n<meta property=\"article:published_time\" content=\"2024-11-20T05:20:04+00:00\" \/>\n<meta property=\"og:image\" content=\"https:\/\/www.organisator.ch\/wp-content\/uploads\/2024\/11\/Schneider-Umweltservice_Bild1_ps.jpg\" \/>\n\t<meta property=\"og:image:width\" content=\"680\" \/>\n\t<meta property=\"og:image:height\" content=\"398\" \/>\n\t<meta property=\"og:image:type\" content=\"image\/jpeg\" \/>\n<meta name=\"author\" content=\"Dzana Muminovic\" \/>\n<meta name=\"twitter:card\" content=\"summary_large_image\" \/>\n<meta name=\"twitter:title\" content=\"Prix SVC Wirtschaftsraum Z\u00fcrich 2024: Schneider Umweltservice AG\" \/>\n<meta name=\"twitter:description\" content=\"Am 26. November 2024 wird der #Prix #SVC #Wirtschaftsraum #Z\u00fcrich verliehen. Mit im Final: Die #Schneider #Umweltservice AG aus #Meilen ZH.\" \/>\n<meta name=\"twitter:image\" content=\"https:\/\/www.organisator.ch\/wp-content\/uploads\/2024\/11\/Schneider-Umweltservice_Bild1_ps.jpg\" \/>\n<script type=\"application\/ld+json\" class=\"yoast-schema-graph\">{\"@context\":\"https:\\\/\\\/schema.org\",\"@graph\":[{\"@type\":\"Article\",\"@id\":\"https:\\\/\\\/www.organisator.ch\\\/management\\\/2024-11-20\\\/prix-svc-wirtschaftsraum-zuerich-2024-schneider-umweltservice-ag\\\/#article\",\"isPartOf\":{\"@id\":\"https:\\\/\\\/www.organisator.ch\\\/management\\\/2024-11-20\\\/prix-svc-wirtschaftsraum-zuerich-2024-schneider-umweltservice-ag\\\/\"},\"author\":{\"name\":\"Dzana Muminovic\",\"@id\":\"https:\\\/\\\/www.organisator.ch\\\/#\\\/schema\\\/person\\\/afccda3a71c06d4be2ed9100dd163db7\"},\"headline\":\"Prix SVC Wirtschaftsraum Z\u00fcrich 2024: Schneider Umweltservice AG\",\"datePublished\":\"2024-11-20T05:20:04+00:00\",\"mainEntityOfPage\":{\"@id\":\"https:\\\/\\\/www.organisator.ch\\\/management\\\/2024-11-20\\\/prix-svc-wirtschaftsraum-zuerich-2024-schneider-umweltservice-ag\\\/\"},\"wordCount\":427,\"publisher\":{\"@id\":\"https:\\\/\\\/www.organisator.ch\\\/#organization\"},\"image\":{\"@id\":\"https:\\\/\\\/www.organisator.ch\\\/management\\\/2024-11-20\\\/prix-svc-wirtschaftsraum-zuerich-2024-schneider-umweltservice-ag\\\/#primaryimage\"},\"thumbnailUrl\":\"https:\\\/\\\/www.organisator.ch\\\/wp-content\\\/uploads\\\/2024\\\/11\\\/Schneider-Umweltservice_Bild1_ps.jpg\",\"keywords\":[\"Awards\",\"Nachhaltigkeit\",\"Prix SVC Wirtschaftsraum Z\u00fcrich\",\"Schweiz\",\"Unternehmen\"],\"articleSection\":[\"MANAGEMENT\"],\"inLanguage\":\"it-IT\"},{\"@type\":\"WebPage\",\"@id\":\"https:\\\/\\\/www.organisator.ch\\\/management\\\/2024-11-20\\\/prix-svc-wirtschaftsraum-zuerich-2024-schneider-umweltservice-ag\\\/\",\"url\":\"https:\\\/\\\/www.organisator.ch\\\/management\\\/2024-11-20\\\/prix-svc-wirtschaftsraum-zuerich-2024-schneider-umweltservice-ag\\\/\",\"name\":\"Prix SVC Wirtschaftsraum Z\u00fcrich 2024: Schneider Umweltservice AG - Organisator\",\"isPartOf\":{\"@id\":\"https:\\\/\\\/www.organisator.ch\\\/#website\"},\"primaryImageOfPage\":{\"@id\":\"https:\\\/\\\/www.organisator.ch\\\/management\\\/2024-11-20\\\/prix-svc-wirtschaftsraum-zuerich-2024-schneider-umweltservice-ag\\\/#primaryimage\"},\"image\":{\"@id\":\"https:\\\/\\\/www.organisator.ch\\\/management\\\/2024-11-20\\\/prix-svc-wirtschaftsraum-zuerich-2024-schneider-umweltservice-ag\\\/#primaryimage\"},\"thumbnailUrl\":\"https:\\\/\\\/www.organisator.ch\\\/wp-content\\\/uploads\\\/2024\\\/11\\\/Schneider-Umweltservice_Bild1_ps.jpg\",\"datePublished\":\"2024-11-20T05:20:04+00:00\",\"description\":\"Am 26. November 2024 wird der Prix SVC Wirtschaftsraum Z\u00fcrich verliehen. Mit im Final: Die Schneider Umweltservice AG aus Meilen.\",\"breadcrumb\":{\"@id\":\"https:\\\/\\\/www.organisator.ch\\\/management\\\/2024-11-20\\\/prix-svc-wirtschaftsraum-zuerich-2024-schneider-umweltservice-ag\\\/#breadcrumb\"},\"inLanguage\":\"it-IT\",\"potentialAction\":[{\"@type\":\"ReadAction\",\"target\":[\"https:\\\/\\\/www.organisator.ch\\\/management\\\/2024-11-20\\\/prix-svc-wirtschaftsraum-zuerich-2024-schneider-umweltservice-ag\\\/\"]}]},{\"@type\":\"ImageObject\",\"inLanguage\":\"it-IT\",\"@id\":\"https:\\\/\\\/www.organisator.ch\\\/management\\\/2024-11-20\\\/prix-svc-wirtschaftsraum-zuerich-2024-schneider-umweltservice-ag\\\/#primaryimage\",\"url\":\"https:\\\/\\\/www.organisator.ch\\\/wp-content\\\/uploads\\\/2024\\\/11\\\/Schneider-Umweltservice_Bild1_ps.jpg\",\"contentUrl\":\"https:\\\/\\\/www.organisator.ch\\\/wp-content\\\/uploads\\\/2024\\\/11\\\/Schneider-Umweltservice_Bild1_ps.jpg\",\"width\":680,\"height\":398,\"caption\":\"Heute besch\u00e4ftigt die Schneider Umweltservice AG rund 370 Mitarbeitende. (Bild: Schneider Umweltservice AG \\\/ www.umweltservice.ch)\"},{\"@type\":\"BreadcrumbList\",\"@id\":\"https:\\\/\\\/www.organisator.ch\\\/management\\\/2024-11-20\\\/prix-svc-wirtschaftsraum-zuerich-2024-schneider-umweltservice-ag\\\/#breadcrumb\",\"itemListElement\":[{\"@type\":\"ListItem\",\"position\":1,\"name\":\"Home\",\"item\":\"https:\\\/\\\/www.organisator.ch\\\/\"},{\"@type\":\"ListItem\",\"position\":2,\"name\":\"Prix SVC Wirtschaftsraum Z\u00fcrich 2024: Schneider Umweltservice AG\"}]},{\"@type\":\"WebSite\",\"@id\":\"https:\\\/\\\/www.organisator.ch\\\/#website\",\"url\":\"https:\\\/\\\/www.organisator.ch\\\/\",\"name\":\"Organisator\",\"description\":\"Kompetent. Praxisnah. Der ORGANISATOR bereitet in 10 Ausgaben pro Jahr die wesentlichen Themen f\u00fcr F\u00fchrungskr\u00e4fte von KMU auf.\",\"publisher\":{\"@id\":\"https:\\\/\\\/www.organisator.ch\\\/#organization\"},\"potentialAction\":[{\"@type\":\"SearchAction\",\"target\":{\"@type\":\"EntryPoint\",\"urlTemplate\":\"https:\\\/\\\/www.organisator.ch\\\/?s={search_term_string}\"},\"query-input\":{\"@type\":\"PropertyValueSpecification\",\"valueRequired\":true,\"valueName\":\"search_term_string\"}}],\"inLanguage\":\"it-IT\"},{\"@type\":\"Organization\",\"@id\":\"https:\\\/\\\/www.organisator.ch\\\/#organization\",\"name\":\"Organisator\",\"url\":\"https:\\\/\\\/www.organisator.ch\\\/\",\"logo\":{\"@type\":\"ImageObject\",\"inLanguage\":\"it-IT\",\"@id\":\"https:\\\/\\\/www.organisator.ch\\\/#\\\/schema\\\/logo\\\/image\\\/\",\"url\":\"https:\\\/\\\/www.organisator.ch\\\/wp-content\\\/uploads\\\/2022\\\/01\\\/Logo_Organisator_Website.png\",\"contentUrl\":\"https:\\\/\\\/www.organisator.ch\\\/wp-content\\\/uploads\\\/2022\\\/01\\\/Logo_Organisator_Website.png\",\"width\":800,\"height\":77,\"caption\":\"Organisator\"},\"image\":{\"@id\":\"https:\\\/\\\/www.organisator.ch\\\/#\\\/schema\\\/logo\\\/image\\\/\"},\"sameAs\":[\"https:\\\/\\\/www.facebook.com\\\/OrganisatorFachmagazin\",\"https:\\\/\\\/www.linkedin.com\\\/showcase\\\/organisator-das-magazin-fr-kmu\",\"https:\\\/\\\/www.xing.com\\\/news\\\/pages\\\/organisator-ch-695\",\"https:\\\/\\\/www.youtube.com\\\/channel\\\/UCGP2Sq0iWaZwT3BdIAQFYpw\"]},{\"@type\":\"Person\",\"@id\":\"https:\\\/\\\/www.organisator.ch\\\/#\\\/schema\\\/person\\\/afccda3a71c06d4be2ed9100dd163db7\",\"name\":\"Dzana Muminovic\",\"image\":{\"@type\":\"ImageObject\",\"inLanguage\":\"it-IT\",\"@id\":\"https:\\\/\\\/secure.gravatar.com\\\/avatar\\\/909c5c71aff4b38e88686f2ab2f1ba152571f394f41ed8bae431ea56ced93050?s=96&d=mm&r=g\",\"url\":\"https:\\\/\\\/secure.gravatar.com\\\/avatar\\\/909c5c71aff4b38e88686f2ab2f1ba152571f394f41ed8bae431ea56ced93050?s=96&d=mm&r=g\",\"contentUrl\":\"https:\\\/\\\/secure.gravatar.com\\\/avatar\\\/909c5c71aff4b38e88686f2ab2f1ba152571f394f41ed8bae431ea56ced93050?s=96&d=mm&r=g\",\"caption\":\"Dzana Muminovic\"},\"url\":\"https:\\\/\\\/www.organisator.ch\\\/it\\\/author\\\/dzana-muminovic\\\/\"}]}<\/script>\n<!-- \/ Yoast SEO plugin. -->","yoast_head_json":{"title":"Premio SVC Area economica Zurigo 2024: Schneider Umweltservice AG - Organizzatore","description":"Il Prix SVC Zurich Economic Area sar\u00e0 assegnato il 26 novembre 2024. In finale anche: Schneider Umweltservice AG di Meilen.","robots":{"index":"index","follow":"follow","max-snippet":"max-snippet:-1","max-image-preview":"max-image-preview:large","max-video-preview":"max-video-preview:-1"},"canonical":"https:\/\/www.organisator.ch\/it\/gestione-2\/2024-11-20\/prix-svc-wirtschaftsraum-zuerich-2024-schneider-umweltservice-ag\/","og_locale":"it_IT","og_type":"article","og_title":"Prix SVC Wirtschaftsraum Z\u00fcrich 2024: Schneider Umweltservice AG","og_description":"Am 26. November 2024 wird der Prix SVC Wirtschaftsraum Z\u00fcrich verliehen. Mit im Final: Die Schneider Umweltservice AG aus Meilen.","og_url":"https:\/\/www.organisator.ch\/it\/gestione-2\/2024-11-20\/prix-svc-wirtschaftsraum-zuerich-2024-schneider-umweltservice-ag\/","og_site_name":"Organisator","article_publisher":"https:\/\/www.facebook.com\/OrganisatorFachmagazin","article_published_time":"2024-11-20T05:20:04+00:00","og_image":[{"width":680,"height":398,"url":"https:\/\/www.organisator.ch\/wp-content\/uploads\/2024\/11\/Schneider-Umweltservice_Bild1_ps.jpg","type":"image\/jpeg"}],"author":"Dzana Muminovic","twitter_card":"summary_large_image","twitter_title":"Prix SVC Wirtschaftsraum Z\u00fcrich 2024: Schneider Umweltservice AG","twitter_description":"Am 26. November 2024 wird der #Prix #SVC #Wirtschaftsraum #Z\u00fcrich verliehen. Mit im Final: Die #Schneider #Umweltservice AG aus #Meilen ZH.","twitter_image":"https:\/\/www.organisator.ch\/wp-content\/uploads\/2024\/11\/Schneider-Umweltservice_Bild1_ps.jpg","schema":{"@context":"https:\/\/schema.org","@graph":[{"@type":"Article","@id":"https:\/\/www.organisator.ch\/management\/2024-11-20\/prix-svc-wirtschaftsraum-zuerich-2024-schneider-umweltservice-ag\/#article","isPartOf":{"@id":"https:\/\/www.organisator.ch\/management\/2024-11-20\/prix-svc-wirtschaftsraum-zuerich-2024-schneider-umweltservice-ag\/"},"author":{"name":"Dzana Muminovic","@id":"https:\/\/www.organisator.ch\/#\/schema\/person\/afccda3a71c06d4be2ed9100dd163db7"},"headline":"Prix SVC Wirtschaftsraum Z\u00fcrich 2024: Schneider Umweltservice AG","datePublished":"2024-11-20T05:20:04+00:00","mainEntityOfPage":{"@id":"https:\/\/www.organisator.ch\/management\/2024-11-20\/prix-svc-wirtschaftsraum-zuerich-2024-schneider-umweltservice-ag\/"},"wordCount":427,"publisher":{"@id":"https:\/\/www.organisator.ch\/#organization"},"image":{"@id":"https:\/\/www.organisator.ch\/management\/2024-11-20\/prix-svc-wirtschaftsraum-zuerich-2024-schneider-umweltservice-ag\/#primaryimage"},"thumbnailUrl":"https:\/\/www.organisator.ch\/wp-content\/uploads\/2024\/11\/Schneider-Umweltservice_Bild1_ps.jpg","keywords":["Awards","Nachhaltigkeit","Prix SVC Wirtschaftsraum Z\u00fcrich","Schweiz","Unternehmen"],"articleSection":["MANAGEMENT"],"inLanguage":"it-IT"},{"@type":"WebPage","@id":"https:\/\/www.organisator.ch\/management\/2024-11-20\/prix-svc-wirtschaftsraum-zuerich-2024-schneider-umweltservice-ag\/","url":"https:\/\/www.organisator.ch\/management\/2024-11-20\/prix-svc-wirtschaftsraum-zuerich-2024-schneider-umweltservice-ag\/","name":"Premio SVC Area economica Zurigo 2024: Schneider Umweltservice AG - Organizzatore","isPartOf":{"@id":"https:\/\/www.organisator.ch\/#website"},"primaryImageOfPage":{"@id":"https:\/\/www.organisator.ch\/management\/2024-11-20\/prix-svc-wirtschaftsraum-zuerich-2024-schneider-umweltservice-ag\/#primaryimage"},"image":{"@id":"https:\/\/www.organisator.ch\/management\/2024-11-20\/prix-svc-wirtschaftsraum-zuerich-2024-schneider-umweltservice-ag\/#primaryimage"},"thumbnailUrl":"https:\/\/www.organisator.ch\/wp-content\/uploads\/2024\/11\/Schneider-Umweltservice_Bild1_ps.jpg","datePublished":"2024-11-20T05:20:04+00:00","description":"Il Prix SVC Zurich Economic Area sar\u00e0 assegnato il 26 novembre 2024. In finale anche: Schneider Umweltservice AG di Meilen.","breadcrumb":{"@id":"https:\/\/www.organisator.ch\/management\/2024-11-20\/prix-svc-wirtschaftsraum-zuerich-2024-schneider-umweltservice-ag\/#breadcrumb"},"inLanguage":"it-IT","potentialAction":[{"@type":"ReadAction","target":["https:\/\/www.organisator.ch\/management\/2024-11-20\/prix-svc-wirtschaftsraum-zuerich-2024-schneider-umweltservice-ag\/"]}]},{"@type":"ImageObject","inLanguage":"it-IT","@id":"https:\/\/www.organisator.ch\/management\/2024-11-20\/prix-svc-wirtschaftsraum-zuerich-2024-schneider-umweltservice-ag\/#primaryimage","url":"https:\/\/www.organisator.ch\/wp-content\/uploads\/2024\/11\/Schneider-Umweltservice_Bild1_ps.jpg","contentUrl":"https:\/\/www.organisator.ch\/wp-content\/uploads\/2024\/11\/Schneider-Umweltservice_Bild1_ps.jpg","width":680,"height":398,"caption":"Heute besch\u00e4ftigt die Schneider Umweltservice AG rund 370 Mitarbeitende. (Bild: Schneider Umweltservice AG \/ www.umweltservice.ch)"},{"@type":"BreadcrumbList","@id":"https:\/\/www.organisator.ch\/management\/2024-11-20\/prix-svc-wirtschaftsraum-zuerich-2024-schneider-umweltservice-ag\/#breadcrumb","itemListElement":[{"@type":"ListItem","position":1,"name":"Home","item":"https:\/\/www.organisator.ch\/"},{"@type":"ListItem","position":2,"name":"Prix SVC Wirtschaftsraum Z\u00fcrich 2024: Schneider Umweltservice AG"}]},{"@type":"WebSite","@id":"https:\/\/www.organisator.ch\/#website","url":"https:\/\/www.organisator.ch\/","name":"Organizzatore","description":"Competente. Pratico. In 10 numeri all'anno, ORGANISATOR presenta i temi essenziali per i manager delle PMI.","publisher":{"@id":"https:\/\/www.organisator.ch\/#organization"},"potentialAction":[{"@type":"SearchAction","target":{"@type":"EntryPoint","urlTemplate":"https:\/\/www.organisator.ch\/?s={search_term_string}"},"query-input":{"@type":"PropertyValueSpecification","valueRequired":true,"valueName":"search_term_string"}}],"inLanguage":"it-IT"},{"@type":"Organization","@id":"https:\/\/www.organisator.ch\/#organization","name":"Organizzatore","url":"https:\/\/www.organisator.ch\/","logo":{"@type":"ImageObject","inLanguage":"it-IT","@id":"https:\/\/www.organisator.ch\/#\/schema\/logo\/image\/","url":"https:\/\/www.organisator.ch\/wp-content\/uploads\/2022\/01\/Logo_Organisator_Website.png","contentUrl":"https:\/\/www.organisator.ch\/wp-content\/uploads\/2022\/01\/Logo_Organisator_Website.png","width":800,"height":77,"caption":"Organisator"},"image":{"@id":"https:\/\/www.organisator.ch\/#\/schema\/logo\/image\/"},"sameAs":["https:\/\/www.facebook.com\/OrganisatorFachmagazin","https:\/\/www.linkedin.com\/showcase\/organisator-das-magazin-fr-kmu","https:\/\/www.xing.com\/news\/pages\/organisator-ch-695","https:\/\/www.youtube.com\/channel\/UCGP2Sq0iWaZwT3BdIAQFYpw"]},{"@type":"Person","@id":"https:\/\/www.organisator.ch\/#\/schema\/person\/afccda3a71c06d4be2ed9100dd163db7","name":"Dzana Muminovic","image":{"@type":"ImageObject","inLanguage":"it-IT","@id":"https:\/\/secure.gravatar.com\/avatar\/909c5c71aff4b38e88686f2ab2f1ba152571f394f41ed8bae431ea56ced93050?s=96&d=mm&r=g","url":"https:\/\/secure.gravatar.com\/avatar\/909c5c71aff4b38e88686f2ab2f1ba152571f394f41ed8bae431ea56ced93050?s=96&d=mm&r=g","contentUrl":"https:\/\/secure.gravatar.com\/avatar\/909c5c71aff4b38e88686f2ab2f1ba152571f394f41ed8bae431ea56ced93050?s=96&d=mm&r=g","caption":"Dzana Muminovic"},"url":"https:\/\/www.organisator.ch\/it\/author\/dzana-muminovic\/"}]}},"_links":{"self":[{"href":"https:\/\/www.organisator.ch\/it\/wp-json\/wp\/v2\/posts\/31474","targetHints":{"allow":["GET"]}}],"collection":[{"href":"https:\/\/www.organisator.ch\/it\/wp-json\/wp\/v2\/posts"}],"about":[{"href":"https:\/\/www.organisator.ch\/it\/wp-json\/wp\/v2\/types\/post"}],"author":[{"embeddable":true,"href":"https:\/\/www.organisator.ch\/it\/wp-json\/wp\/v2\/users\/80"}],"replies":[{"embeddable":true,"href":"https:\/\/www.organisator.ch\/it\/wp-json\/wp\/v2\/comments?post=31474"}],"version-history":[{"count":1,"href":"https:\/\/www.organisator.ch\/it\/wp-json\/wp\/v2\/posts\/31474\/revisions"}],"predecessor-version":[{"id":31476,"href":"https:\/\/www.organisator.ch\/it\/wp-json\/wp\/v2\/posts\/31474\/revisions\/31476"}],"wp:featuredmedia":[{"embeddable":true,"href":"https:\/\/www.organisator.ch\/it\/wp-json\/wp\/v2\/media\/31475"}],"wp:attachment":[{"href":"https:\/\/www.organisator.ch\/it\/wp-json\/wp\/v2\/media?parent=31474"}],"wp:term":[{"taxonomy":"category","embeddable":true,"href":"https:\/\/www.organisator.ch\/it\/wp-json\/wp\/v2\/categories?post=31474"},{"taxonomy":"post_tag","embeddable":true,"href":"https:\/\/www.organisator.ch\/it\/wp-json\/wp\/v2\/tags?post=31474"}],"curies":[{"name":"wp","href":"https:\/\/api.w.org\/{rel}","templated":true}]}}