{"id":31523,"date":"2024-11-06T06:51:27","date_gmt":"2024-11-06T05:51:27","guid":{"rendered":"https:\/\/www.organisator.ch\/?p=31523"},"modified":"2024-11-05T14:52:40","modified_gmt":"2024-11-05T13:52:40","slug":"nicolas-roland-tritt-dem-vorstand-als-generaldirektor-von-raja-office-bei","status":"publish","type":"post","link":"https:\/\/www.organisator.ch\/it\/marketing\/2024-11-06\/nicolas-roland-tritt-dem-vorstand-als-generaldirektor-von-raja-office-bei\/","title":{"rendered":"Nicolas Roland entra nel Consiglio di Amministrazione come Direttore Generale di Raja Office"},"content":{"rendered":"<figure id=\"attachment_31524\" aria-describedby=\"caption-attachment-31524\" style=\"width: 680px\" class=\"wp-caption alignnone\"><img loading=\"lazy\" decoding=\"async\" class=\"size-full wp-image-31524\" src=\"https:\/\/www.organisator.ch\/wp-content\/uploads\/2024\/11\/Nicolas_Roland_Bild1_ps.jpg\" alt=\"\" width=\"680\" height=\"482\" srcset=\"https:\/\/www.organisator.ch\/wp-content\/uploads\/2024\/11\/Nicolas_Roland_Bild1_ps.jpg 680w, https:\/\/www.organisator.ch\/wp-content\/uploads\/2024\/11\/Nicolas_Roland_Bild1_ps-18x12.jpg 18w, https:\/\/www.organisator.ch\/wp-content\/uploads\/2024\/11\/Nicolas_Roland_Bild1_ps-375x266.jpg 375w, https:\/\/www.organisator.ch\/wp-content\/uploads\/2024\/11\/Nicolas_Roland_Bild1_ps-494x350.jpg 494w\" sizes=\"auto, (max-width: 680px) 100vw, 680px\" \/><figcaption id=\"caption-attachment-31524\" class=\"wp-caption-text\">Nicola Roland subentrer\u00e0 ad Alain Josse nel gennaio 2025. (Immagine: www.raja-group.com)<\/figcaption><\/figure>\n<p>Nicolas Roland guider\u00e0 la strategia e lo sviluppo della divisione Raja Office, presente in dieci Paesi europei con le societ\u00e0 Viking, Mondoffice, JPG, Kalamazoo, Bernard e Welcome Office. Con un fatturato di 800 milioni di euro, Raja Office \u00e8 il pi\u00f9 grande rivenditore online di forniture e attrezzature per ufficio in Europa.<\/p>\n<p>\"Alain Josse ha contribuito enormemente allo sviluppo del Gruppo Raja dal 2006. Lo ringrazio profondamente per la sua determinazione, la sua leadership e le sue qualit\u00e0 umane. Sono molto lieto di dare il benvenuto a Nicolas Roland, la cui conoscenza del mercato delle apparecchiature aziendali \u00e8 un grande punto di forza. La sua missione sar\u00e0 quella di dare nuovo impulso allo sviluppo di Raja Office, di rafforzare l'organizzazione e le prestazioni per consolidare la nostra posizione in questo mercato strategico\", ha spiegato Dani\u00e8le Marcovici. \u00c8 presidente e amministratore delegato del Gruppo Raja.<\/p>\n<h3><strong>Da Hilti a Raja<\/strong><\/h3>\n<p>Prima di entrare a far parte del Gruppo Raja, Nicolas Roland ha ricoperto per 13 anni (2011-2024) ruoli dirigenziali presso Hilti, produttore globale di utensili e accessori per l'edilizia: Direttore generale Francia occidentale (2022-2024), Direttore generale Filippine (2020-2022), Vicepresidente senior della logistica per la regione Asia-Pacifico (2018-2020) e Vicepresidente senior della distribuzione globale (2011-2018).<\/p>\n<p>Nicolas Roland \u00e8 stato in precedenza CEO del Gruppo Odilis, una media impresa francese specializzata in meccanica industriale, dal 2009 al 2011. Tra il 2001 e il 2009 ha lavorato per Osram, azienda leader mondiale nella produzione di prodotti per l'illuminazione, ricoprendo posizioni di responsabilit\u00e0 nel settore della logistica in Francia, Germania, Cina e Hong Kong.<\/p>\n<p>Nicolas Roland parla correntemente francese, inglese e tedesco. Ha studiato in Francia e in Inghilterra e ha conseguito un MBA (Master of Business Administration) presso la Coventry University.<\/p>\n<p><em>Fonte: <a href=\"http:\/\/www.raja-group.com\">www.raja-group.com<\/a><\/em><\/p>","protected":false},"excerpt":{"rendered":"<p>Nicolas Roland \u00e8 entrato a far parte del Gruppo Raja il 30 settembre 2024 come nuovo membro del Comitato esecutivo e ha assunto la direzione della divisione Raja Office, specializzata nella distribuzione di forniture e attrezzature per ufficio. Nel gennaio 2025 succeder\u00e0 ad Alain Josse, che va in pensione dopo oltre 40 anni di servizio, di cui 18 nel Gruppo Raja. I due manager lavoreranno insieme fino alla fine dell'anno per garantire una transizione senza problemi.<\/p>","protected":false},"author":80,"featured_media":31524,"comment_status":"closed","ping_status":"closed","sticky":false,"template":"","format":"standard","meta":{"_acf_changed":false,"_yoast_wpseo_focuskw":"Nicolas Roland","_yoast_wpseo_metadesc":"Nicolas Roland trat am 30. September 2024 als neues Vorstandsmitglied der Raja-Gruppe bei und \u00fcbernahm die Leitung des Gesch\u00e4ftsbereichs Raja Office.","articlekey":"","footnotes":""},"categories":[29],"tags":[4709,4269,3848,492,4708],"class_list":["post-31523","post","type-post","status-publish","format-standard","has-post-thumbnail","hentry","category-marketing","tag-buerobedarf","tag-nachfolge","tag-raja","tag-unternehmen","tag-vorstand"],"acf":[],"yoast_head":"<!-- This site is optimized with the Yoast SEO plugin v27.5 - https:\/\/yoast.com\/product\/yoast-seo-wordpress\/ -->\n<title>Nicolas Roland tritt dem Vorstand als Generaldirektor von Raja Office bei - Organisator<\/title>\n<meta name=\"description\" content=\"Nicolas Roland trat am 30. September 2024 als neues Vorstandsmitglied der Raja-Gruppe bei und \u00fcbernahm die Leitung des Gesch\u00e4ftsbereichs Raja Office.\" \/>\n<meta name=\"robots\" content=\"index, follow, max-snippet:-1, max-image-preview:large, max-video-preview:-1\" \/>\n<link rel=\"canonical\" href=\"https:\/\/www.organisator.ch\/it\/marketing\/2024-11-06\/nicolas-roland-tritt-dem-vorstand-als-generaldirektor-von-raja-office-bei\/\" \/>\n<meta property=\"og:locale\" content=\"it_IT\" \/>\n<meta property=\"og:type\" content=\"article\" \/>\n<meta property=\"og:title\" content=\"Nicolas Roland tritt dem Vorstand als Generaldirektor von Raja Office bei\" \/>\n<meta property=\"og:description\" content=\"Nicolas Roland trat am 30. September 2024 als neues Vorstandsmitglied der Raja-Gruppe bei und \u00fcbernahm die Leitung des Gesch\u00e4ftsbereichs Raja Office.\" \/>\n<meta property=\"og:url\" content=\"https:\/\/www.organisator.ch\/it\/marketing\/2024-11-06\/nicolas-roland-tritt-dem-vorstand-als-generaldirektor-von-raja-office-bei\/\" \/>\n<meta property=\"og:site_name\" content=\"Organisator\" \/>\n<meta property=\"article:publisher\" content=\"https:\/\/www.facebook.com\/OrganisatorFachmagazin\" \/>\n<meta property=\"article:published_time\" content=\"2024-11-06T05:51:27+00:00\" \/>\n<meta property=\"og:image\" content=\"https:\/\/www.organisator.ch\/wp-content\/uploads\/2024\/11\/Nicolas_Roland_Bild1_ps.jpg\" \/>\n\t<meta property=\"og:image:width\" content=\"680\" \/>\n\t<meta property=\"og:image:height\" content=\"482\" \/>\n\t<meta property=\"og:image:type\" content=\"image\/jpeg\" \/>\n<meta name=\"author\" content=\"Dzana Muminovic\" \/>\n<meta name=\"twitter:card\" content=\"summary_large_image\" \/>\n<meta name=\"twitter:title\" content=\"Nicolas Roland tritt dem Vorstand als Generaldirektor von Raja Office bei\" \/>\n<meta name=\"twitter:description\" content=\"#Nicolas #Roland trat am 30. September 2024 als neues #Vorstandsmitglied der #Raja-Gruppe bei und \u00fcbernahm die #Leitung des #Gesch\u00e4ftsbereichs #Raja #Office.\" \/>\n<meta name=\"twitter:image\" content=\"https:\/\/www.organisator.ch\/wp-content\/uploads\/2024\/11\/Nicolas_Roland_Bild1_ps.jpg\" \/>\n<script type=\"application\/ld+json\" class=\"yoast-schema-graph\">{\"@context\":\"https:\\\/\\\/schema.org\",\"@graph\":[{\"@type\":\"Article\",\"@id\":\"https:\\\/\\\/www.organisator.ch\\\/marketing\\\/2024-11-06\\\/nicolas-roland-tritt-dem-vorstand-als-generaldirektor-von-raja-office-bei\\\/#article\",\"isPartOf\":{\"@id\":\"https:\\\/\\\/www.organisator.ch\\\/marketing\\\/2024-11-06\\\/nicolas-roland-tritt-dem-vorstand-als-generaldirektor-von-raja-office-bei\\\/\"},\"author\":{\"name\":\"Dzana Muminovic\",\"@id\":\"https:\\\/\\\/www.organisator.ch\\\/#\\\/schema\\\/person\\\/afccda3a71c06d4be2ed9100dd163db7\"},\"headline\":\"Nicolas Roland tritt dem Vorstand als Generaldirektor von Raja Office bei\",\"datePublished\":\"2024-11-06T05:51:27+00:00\",\"mainEntityOfPage\":{\"@id\":\"https:\\\/\\\/www.organisator.ch\\\/marketing\\\/2024-11-06\\\/nicolas-roland-tritt-dem-vorstand-als-generaldirektor-von-raja-office-bei\\\/\"},\"wordCount\":322,\"publisher\":{\"@id\":\"https:\\\/\\\/www.organisator.ch\\\/#organization\"},\"image\":{\"@id\":\"https:\\\/\\\/www.organisator.ch\\\/marketing\\\/2024-11-06\\\/nicolas-roland-tritt-dem-vorstand-als-generaldirektor-von-raja-office-bei\\\/#primaryimage\"},\"thumbnailUrl\":\"https:\\\/\\\/www.organisator.ch\\\/wp-content\\\/uploads\\\/2024\\\/11\\\/Nicolas_Roland_Bild1_ps.jpg\",\"keywords\":[\"B\u00fcrobedarf\",\"Nachfolge\",\"Raja\",\"Unternehmen\",\"Vorstand\"],\"articleSection\":[\"MARKETING\"],\"inLanguage\":\"it-IT\"},{\"@type\":\"WebPage\",\"@id\":\"https:\\\/\\\/www.organisator.ch\\\/marketing\\\/2024-11-06\\\/nicolas-roland-tritt-dem-vorstand-als-generaldirektor-von-raja-office-bei\\\/\",\"url\":\"https:\\\/\\\/www.organisator.ch\\\/marketing\\\/2024-11-06\\\/nicolas-roland-tritt-dem-vorstand-als-generaldirektor-von-raja-office-bei\\\/\",\"name\":\"Nicolas Roland tritt dem Vorstand als Generaldirektor von Raja Office bei - Organisator\",\"isPartOf\":{\"@id\":\"https:\\\/\\\/www.organisator.ch\\\/#website\"},\"primaryImageOfPage\":{\"@id\":\"https:\\\/\\\/www.organisator.ch\\\/marketing\\\/2024-11-06\\\/nicolas-roland-tritt-dem-vorstand-als-generaldirektor-von-raja-office-bei\\\/#primaryimage\"},\"image\":{\"@id\":\"https:\\\/\\\/www.organisator.ch\\\/marketing\\\/2024-11-06\\\/nicolas-roland-tritt-dem-vorstand-als-generaldirektor-von-raja-office-bei\\\/#primaryimage\"},\"thumbnailUrl\":\"https:\\\/\\\/www.organisator.ch\\\/wp-content\\\/uploads\\\/2024\\\/11\\\/Nicolas_Roland_Bild1_ps.jpg\",\"datePublished\":\"2024-11-06T05:51:27+00:00\",\"description\":\"Nicolas Roland trat am 30. September 2024 als neues Vorstandsmitglied der Raja-Gruppe bei und \u00fcbernahm die Leitung des Gesch\u00e4ftsbereichs Raja Office.\",\"breadcrumb\":{\"@id\":\"https:\\\/\\\/www.organisator.ch\\\/marketing\\\/2024-11-06\\\/nicolas-roland-tritt-dem-vorstand-als-generaldirektor-von-raja-office-bei\\\/#breadcrumb\"},\"inLanguage\":\"it-IT\",\"potentialAction\":[{\"@type\":\"ReadAction\",\"target\":[\"https:\\\/\\\/www.organisator.ch\\\/marketing\\\/2024-11-06\\\/nicolas-roland-tritt-dem-vorstand-als-generaldirektor-von-raja-office-bei\\\/\"]}]},{\"@type\":\"ImageObject\",\"inLanguage\":\"it-IT\",\"@id\":\"https:\\\/\\\/www.organisator.ch\\\/marketing\\\/2024-11-06\\\/nicolas-roland-tritt-dem-vorstand-als-generaldirektor-von-raja-office-bei\\\/#primaryimage\",\"url\":\"https:\\\/\\\/www.organisator.ch\\\/wp-content\\\/uploads\\\/2024\\\/11\\\/Nicolas_Roland_Bild1_ps.jpg\",\"contentUrl\":\"https:\\\/\\\/www.organisator.ch\\\/wp-content\\\/uploads\\\/2024\\\/11\\\/Nicolas_Roland_Bild1_ps.jpg\",\"width\":680,\"height\":482,\"caption\":\"Nicola Roland wird im Januar 2025 die Nachfolge von Alain Josse antreten. (Bild: www.raja-group.com)\"},{\"@type\":\"BreadcrumbList\",\"@id\":\"https:\\\/\\\/www.organisator.ch\\\/marketing\\\/2024-11-06\\\/nicolas-roland-tritt-dem-vorstand-als-generaldirektor-von-raja-office-bei\\\/#breadcrumb\",\"itemListElement\":[{\"@type\":\"ListItem\",\"position\":1,\"name\":\"Home\",\"item\":\"https:\\\/\\\/www.organisator.ch\\\/\"},{\"@type\":\"ListItem\",\"position\":2,\"name\":\"Nicolas Roland tritt dem Vorstand als Generaldirektor von Raja Office bei\"}]},{\"@type\":\"WebSite\",\"@id\":\"https:\\\/\\\/www.organisator.ch\\\/#website\",\"url\":\"https:\\\/\\\/www.organisator.ch\\\/\",\"name\":\"Organisator\",\"description\":\"Kompetent. Praxisnah. Der ORGANISATOR bereitet in 10 Ausgaben pro Jahr die wesentlichen Themen f\u00fcr F\u00fchrungskr\u00e4fte von KMU auf.\",\"publisher\":{\"@id\":\"https:\\\/\\\/www.organisator.ch\\\/#organization\"},\"potentialAction\":[{\"@type\":\"SearchAction\",\"target\":{\"@type\":\"EntryPoint\",\"urlTemplate\":\"https:\\\/\\\/www.organisator.ch\\\/?s={search_term_string}\"},\"query-input\":{\"@type\":\"PropertyValueSpecification\",\"valueRequired\":true,\"valueName\":\"search_term_string\"}}],\"inLanguage\":\"it-IT\"},{\"@type\":\"Organization\",\"@id\":\"https:\\\/\\\/www.organisator.ch\\\/#organization\",\"name\":\"Organisator\",\"url\":\"https:\\\/\\\/www.organisator.ch\\\/\",\"logo\":{\"@type\":\"ImageObject\",\"inLanguage\":\"it-IT\",\"@id\":\"https:\\\/\\\/www.organisator.ch\\\/#\\\/schema\\\/logo\\\/image\\\/\",\"url\":\"https:\\\/\\\/www.organisator.ch\\\/wp-content\\\/uploads\\\/2022\\\/01\\\/Logo_Organisator_Website.png\",\"contentUrl\":\"https:\\\/\\\/www.organisator.ch\\\/wp-content\\\/uploads\\\/2022\\\/01\\\/Logo_Organisator_Website.png\",\"width\":800,\"height\":77,\"caption\":\"Organisator\"},\"image\":{\"@id\":\"https:\\\/\\\/www.organisator.ch\\\/#\\\/schema\\\/logo\\\/image\\\/\"},\"sameAs\":[\"https:\\\/\\\/www.facebook.com\\\/OrganisatorFachmagazin\",\"https:\\\/\\\/www.linkedin.com\\\/showcase\\\/organisator-das-magazin-fr-kmu\",\"https:\\\/\\\/www.xing.com\\\/news\\\/pages\\\/organisator-ch-695\",\"https:\\\/\\\/www.youtube.com\\\/channel\\\/UCGP2Sq0iWaZwT3BdIAQFYpw\"]},{\"@type\":\"Person\",\"@id\":\"https:\\\/\\\/www.organisator.ch\\\/#\\\/schema\\\/person\\\/afccda3a71c06d4be2ed9100dd163db7\",\"name\":\"Dzana Muminovic\",\"image\":{\"@type\":\"ImageObject\",\"inLanguage\":\"it-IT\",\"@id\":\"https:\\\/\\\/secure.gravatar.com\\\/avatar\\\/909c5c71aff4b38e88686f2ab2f1ba152571f394f41ed8bae431ea56ced93050?s=96&d=mm&r=g\",\"url\":\"https:\\\/\\\/secure.gravatar.com\\\/avatar\\\/909c5c71aff4b38e88686f2ab2f1ba152571f394f41ed8bae431ea56ced93050?s=96&d=mm&r=g\",\"contentUrl\":\"https:\\\/\\\/secure.gravatar.com\\\/avatar\\\/909c5c71aff4b38e88686f2ab2f1ba152571f394f41ed8bae431ea56ced93050?s=96&d=mm&r=g\",\"caption\":\"Dzana Muminovic\"},\"url\":\"https:\\\/\\\/www.organisator.ch\\\/it\\\/author\\\/dzana-muminovic\\\/\"}]}<\/script>\n<!-- \/ Yoast SEO plugin. -->","yoast_head_json":{"title":"Nicolas Roland entra nel Consiglio di Amministrazione come Direttore Generale di Raja Office - Organizzatore","description":"Nicolas Roland \u00e8 entrato a far parte del Gruppo Raja come nuovo membro del Comitato esecutivo il 30 settembre 2024 e ha assunto la direzione della divisione Raja Office.","robots":{"index":"index","follow":"follow","max-snippet":"max-snippet:-1","max-image-preview":"max-image-preview:large","max-video-preview":"max-video-preview:-1"},"canonical":"https:\/\/www.organisator.ch\/it\/marketing\/2024-11-06\/nicolas-roland-tritt-dem-vorstand-als-generaldirektor-von-raja-office-bei\/","og_locale":"it_IT","og_type":"article","og_title":"Nicolas Roland tritt dem Vorstand als Generaldirektor von Raja Office bei","og_description":"Nicolas Roland trat am 30. September 2024 als neues Vorstandsmitglied der Raja-Gruppe bei und \u00fcbernahm die Leitung des Gesch\u00e4ftsbereichs Raja Office.","og_url":"https:\/\/www.organisator.ch\/it\/marketing\/2024-11-06\/nicolas-roland-tritt-dem-vorstand-als-generaldirektor-von-raja-office-bei\/","og_site_name":"Organisator","article_publisher":"https:\/\/www.facebook.com\/OrganisatorFachmagazin","article_published_time":"2024-11-06T05:51:27+00:00","og_image":[{"width":680,"height":482,"url":"https:\/\/www.organisator.ch\/wp-content\/uploads\/2024\/11\/Nicolas_Roland_Bild1_ps.jpg","type":"image\/jpeg"}],"author":"Dzana Muminovic","twitter_card":"summary_large_image","twitter_title":"Nicolas Roland tritt dem Vorstand als Generaldirektor von Raja Office bei","twitter_description":"#Nicolas #Roland trat am 30. September 2024 als neues #Vorstandsmitglied der #Raja-Gruppe bei und \u00fcbernahm die #Leitung des #Gesch\u00e4ftsbereichs #Raja #Office.","twitter_image":"https:\/\/www.organisator.ch\/wp-content\/uploads\/2024\/11\/Nicolas_Roland_Bild1_ps.jpg","schema":{"@context":"https:\/\/schema.org","@graph":[{"@type":"Article","@id":"https:\/\/www.organisator.ch\/marketing\/2024-11-06\/nicolas-roland-tritt-dem-vorstand-als-generaldirektor-von-raja-office-bei\/#article","isPartOf":{"@id":"https:\/\/www.organisator.ch\/marketing\/2024-11-06\/nicolas-roland-tritt-dem-vorstand-als-generaldirektor-von-raja-office-bei\/"},"author":{"name":"Dzana Muminovic","@id":"https:\/\/www.organisator.ch\/#\/schema\/person\/afccda3a71c06d4be2ed9100dd163db7"},"headline":"Nicolas Roland tritt dem Vorstand als Generaldirektor von Raja Office bei","datePublished":"2024-11-06T05:51:27+00:00","mainEntityOfPage":{"@id":"https:\/\/www.organisator.ch\/marketing\/2024-11-06\/nicolas-roland-tritt-dem-vorstand-als-generaldirektor-von-raja-office-bei\/"},"wordCount":322,"publisher":{"@id":"https:\/\/www.organisator.ch\/#organization"},"image":{"@id":"https:\/\/www.organisator.ch\/marketing\/2024-11-06\/nicolas-roland-tritt-dem-vorstand-als-generaldirektor-von-raja-office-bei\/#primaryimage"},"thumbnailUrl":"https:\/\/www.organisator.ch\/wp-content\/uploads\/2024\/11\/Nicolas_Roland_Bild1_ps.jpg","keywords":["B\u00fcrobedarf","Nachfolge","Raja","Unternehmen","Vorstand"],"articleSection":["MARKETING"],"inLanguage":"it-IT"},{"@type":"WebPage","@id":"https:\/\/www.organisator.ch\/marketing\/2024-11-06\/nicolas-roland-tritt-dem-vorstand-als-generaldirektor-von-raja-office-bei\/","url":"https:\/\/www.organisator.ch\/marketing\/2024-11-06\/nicolas-roland-tritt-dem-vorstand-als-generaldirektor-von-raja-office-bei\/","name":"Nicolas Roland entra nel Consiglio di Amministrazione come Direttore Generale di Raja Office - Organizzatore","isPartOf":{"@id":"https:\/\/www.organisator.ch\/#website"},"primaryImageOfPage":{"@id":"https:\/\/www.organisator.ch\/marketing\/2024-11-06\/nicolas-roland-tritt-dem-vorstand-als-generaldirektor-von-raja-office-bei\/#primaryimage"},"image":{"@id":"https:\/\/www.organisator.ch\/marketing\/2024-11-06\/nicolas-roland-tritt-dem-vorstand-als-generaldirektor-von-raja-office-bei\/#primaryimage"},"thumbnailUrl":"https:\/\/www.organisator.ch\/wp-content\/uploads\/2024\/11\/Nicolas_Roland_Bild1_ps.jpg","datePublished":"2024-11-06T05:51:27+00:00","description":"Nicolas Roland \u00e8 entrato a far parte del Gruppo Raja come nuovo membro del Comitato esecutivo il 30 settembre 2024 e ha assunto la direzione della divisione Raja Office.","breadcrumb":{"@id":"https:\/\/www.organisator.ch\/marketing\/2024-11-06\/nicolas-roland-tritt-dem-vorstand-als-generaldirektor-von-raja-office-bei\/#breadcrumb"},"inLanguage":"it-IT","potentialAction":[{"@type":"ReadAction","target":["https:\/\/www.organisator.ch\/marketing\/2024-11-06\/nicolas-roland-tritt-dem-vorstand-als-generaldirektor-von-raja-office-bei\/"]}]},{"@type":"ImageObject","inLanguage":"it-IT","@id":"https:\/\/www.organisator.ch\/marketing\/2024-11-06\/nicolas-roland-tritt-dem-vorstand-als-generaldirektor-von-raja-office-bei\/#primaryimage","url":"https:\/\/www.organisator.ch\/wp-content\/uploads\/2024\/11\/Nicolas_Roland_Bild1_ps.jpg","contentUrl":"https:\/\/www.organisator.ch\/wp-content\/uploads\/2024\/11\/Nicolas_Roland_Bild1_ps.jpg","width":680,"height":482,"caption":"Nicola Roland wird im Januar 2025 die Nachfolge von Alain Josse antreten. (Bild: www.raja-group.com)"},{"@type":"BreadcrumbList","@id":"https:\/\/www.organisator.ch\/marketing\/2024-11-06\/nicolas-roland-tritt-dem-vorstand-als-generaldirektor-von-raja-office-bei\/#breadcrumb","itemListElement":[{"@type":"ListItem","position":1,"name":"Home","item":"https:\/\/www.organisator.ch\/"},{"@type":"ListItem","position":2,"name":"Nicolas Roland tritt dem Vorstand als Generaldirektor von Raja Office bei"}]},{"@type":"WebSite","@id":"https:\/\/www.organisator.ch\/#website","url":"https:\/\/www.organisator.ch\/","name":"Organizzatore","description":"Competente. Pratico. In 10 numeri all'anno, ORGANISATOR presenta i temi essenziali per i manager delle PMI.","publisher":{"@id":"https:\/\/www.organisator.ch\/#organization"},"potentialAction":[{"@type":"SearchAction","target":{"@type":"EntryPoint","urlTemplate":"https:\/\/www.organisator.ch\/?s={search_term_string}"},"query-input":{"@type":"PropertyValueSpecification","valueRequired":true,"valueName":"search_term_string"}}],"inLanguage":"it-IT"},{"@type":"Organization","@id":"https:\/\/www.organisator.ch\/#organization","name":"Organizzatore","url":"https:\/\/www.organisator.ch\/","logo":{"@type":"ImageObject","inLanguage":"it-IT","@id":"https:\/\/www.organisator.ch\/#\/schema\/logo\/image\/","url":"https:\/\/www.organisator.ch\/wp-content\/uploads\/2022\/01\/Logo_Organisator_Website.png","contentUrl":"https:\/\/www.organisator.ch\/wp-content\/uploads\/2022\/01\/Logo_Organisator_Website.png","width":800,"height":77,"caption":"Organisator"},"image":{"@id":"https:\/\/www.organisator.ch\/#\/schema\/logo\/image\/"},"sameAs":["https:\/\/www.facebook.com\/OrganisatorFachmagazin","https:\/\/www.linkedin.com\/showcase\/organisator-das-magazin-fr-kmu","https:\/\/www.xing.com\/news\/pages\/organisator-ch-695","https:\/\/www.youtube.com\/channel\/UCGP2Sq0iWaZwT3BdIAQFYpw"]},{"@type":"Person","@id":"https:\/\/www.organisator.ch\/#\/schema\/person\/afccda3a71c06d4be2ed9100dd163db7","name":"Dzana Muminovic","image":{"@type":"ImageObject","inLanguage":"it-IT","@id":"https:\/\/secure.gravatar.com\/avatar\/909c5c71aff4b38e88686f2ab2f1ba152571f394f41ed8bae431ea56ced93050?s=96&d=mm&r=g","url":"https:\/\/secure.gravatar.com\/avatar\/909c5c71aff4b38e88686f2ab2f1ba152571f394f41ed8bae431ea56ced93050?s=96&d=mm&r=g","contentUrl":"https:\/\/secure.gravatar.com\/avatar\/909c5c71aff4b38e88686f2ab2f1ba152571f394f41ed8bae431ea56ced93050?s=96&d=mm&r=g","caption":"Dzana Muminovic"},"url":"https:\/\/www.organisator.ch\/it\/author\/dzana-muminovic\/"}]}},"_links":{"self":[{"href":"https:\/\/www.organisator.ch\/it\/wp-json\/wp\/v2\/posts\/31523","targetHints":{"allow":["GET"]}}],"collection":[{"href":"https:\/\/www.organisator.ch\/it\/wp-json\/wp\/v2\/posts"}],"about":[{"href":"https:\/\/www.organisator.ch\/it\/wp-json\/wp\/v2\/types\/post"}],"author":[{"embeddable":true,"href":"https:\/\/www.organisator.ch\/it\/wp-json\/wp\/v2\/users\/80"}],"replies":[{"embeddable":true,"href":"https:\/\/www.organisator.ch\/it\/wp-json\/wp\/v2\/comments?post=31523"}],"version-history":[{"count":2,"href":"https:\/\/www.organisator.ch\/it\/wp-json\/wp\/v2\/posts\/31523\/revisions"}],"predecessor-version":[{"id":31545,"href":"https:\/\/www.organisator.ch\/it\/wp-json\/wp\/v2\/posts\/31523\/revisions\/31545"}],"wp:featuredmedia":[{"embeddable":true,"href":"https:\/\/www.organisator.ch\/it\/wp-json\/wp\/v2\/media\/31524"}],"wp:attachment":[{"href":"https:\/\/www.organisator.ch\/it\/wp-json\/wp\/v2\/media?parent=31523"}],"wp:term":[{"taxonomy":"category","embeddable":true,"href":"https:\/\/www.organisator.ch\/it\/wp-json\/wp\/v2\/categories?post=31523"},{"taxonomy":"post_tag","embeddable":true,"href":"https:\/\/www.organisator.ch\/it\/wp-json\/wp\/v2\/tags?post=31523"}],"curies":[{"name":"wp","href":"https:\/\/api.w.org\/{rel}","templated":true}]}}