{"id":31529,"date":"2024-11-06T09:53:49","date_gmt":"2024-11-06T08:53:49","guid":{"rendered":"https:\/\/www.organisator.ch\/?p=31529"},"modified":"2026-01-29T11:33:24","modified_gmt":"2026-01-29T10:33:24","slug":"die-froehlich-info-ag-ist-preistraegerin-des-phoenix-award-2024-in-der-kategorie-kmu-bis-50-mitarbeitende","status":"publish","type":"post","link":"https:\/\/www.organisator.ch\/it\/management\/2024-11-06\/die-froehlich-info-ag-ist-preistraegerin-des-phoenix-award-2024-in-der-kategorie-kmu-bis-50-mitarbeitende\/","title":{"rendered":"Fr\u00f6hlich Info AG \u00e8 il vincitore del Phoenix Award 2024 nella categoria \"PMI con fino a 50 dipendenti\"."},"content":{"rendered":"<figure id=\"attachment_31530\" aria-describedby=\"caption-attachment-31530\" style=\"width: 680px\" class=\"wp-caption alignnone\"><img loading=\"lazy\" decoding=\"async\" class=\"wp-image-31530 size-full\" src=\"https:\/\/www.organisator.ch\/wp-content\/uploads\/2024\/11\/Phoenix-Award_Bild1_ps.jpg\" alt=\"\" width=\"680\" height=\"510\" srcset=\"https:\/\/www.organisator.ch\/wp-content\/uploads\/2024\/11\/Phoenix-Award_Bild1_ps.jpg 680w, https:\/\/www.organisator.ch\/wp-content\/uploads\/2024\/11\/Phoenix-Award_Bild1_ps-16x12.jpg 16w, https:\/\/www.organisator.ch\/wp-content\/uploads\/2024\/11\/Phoenix-Award_Bild1_ps-375x281.jpg 375w, https:\/\/www.organisator.ch\/wp-content\/uploads\/2024\/11\/Phoenix-Award_Bild1_ps-467x350.jpg 467w\" sizes=\"auto, (max-width: 680px) 100vw, 680px\" \/><figcaption id=\"caption-attachment-31530\" class=\"wp-caption-text\">Da sinistra: Sascha Ullmann, sindaco di Zollikon, Heinz Eberle-Fr\u00f6hlich, membro del consiglio di amministrazione Fr\u00f6hlich Info, Rafaela Devonas-Eberle, amministratore delegato Fr\u00f6hlich Info, Claudia Eberle-Fr\u00f6hlich, membro del consiglio di amministrazione Fr\u00f6hlich Info, Flurin Devonas, Direzione Fr\u00f6hlich Info, Hans J\u00fcrg Domenig, Presidente dell'Organizzazione ombrello svizzera per la successione aziendale - CHDU, lodatore e membro della giuria del Phoenix Award Anja Jenner, imprenditrice familiare, Samuel M\u00f6sle, co-responsabile della promozione della localit\u00e0 del Cantone di Zurigo. (Immagine: CHDU)<\/figcaption><\/figure>\n<p>Il Premio Phoenix viene assegnato annualmente dal 2020. Il premio premia le PMI svizzere che hanno saputo pianificare la propria successione per almeno un secolo. Le aziende che esistono da cos\u00ec tanto tempo hanno gi\u00e0 dovuto superare diverse crisi come guerre mondiali e crisi economiche e risorgere come la \"Fenice dalle ceneri\". L'attenzione, come potenziali vincitori del premio, si concentra quindi sulle PMI svizzere che hanno compiuto 100 anni nell'anno in questione o che sono iscritte nel registro commerciale svizzero da 100 anni.<\/p>\n<h3>Una PMI del Cantone di Zurigo premiata per la prima volta<\/h3>\n<p>Due generazioni dell'azienda di famiglia sono state liete di ritirare personalmente il premio: Rafaela Devonas-Eberle e Flurin Devonas (quarta generazione), dirigenti, e Claudia e Heinz Eberle-Fr\u00f6hlich (terza generazione), Consiglio di Amministrazione. Una pietra miliare scintillante nell'anno del centenario dell'azienda di Zollikon.<\/p>\n<figure id=\"attachment_31534\" aria-describedby=\"caption-attachment-31534\" style=\"width: 680px\" class=\"wp-caption alignnone\"><img loading=\"lazy\" decoding=\"async\" class=\"size-full wp-image-31534\" src=\"https:\/\/www.organisator.ch\/wp-content\/uploads\/2024\/11\/Phoenix-Award_Bild2_ps.jpg\" alt=\"\" width=\"680\" height=\"453\" srcset=\"https:\/\/www.organisator.ch\/wp-content\/uploads\/2024\/11\/Phoenix-Award_Bild2_ps.jpg 680w, https:\/\/www.organisator.ch\/wp-content\/uploads\/2024\/11\/Phoenix-Award_Bild2_ps-18x12.jpg 18w, https:\/\/www.organisator.ch\/wp-content\/uploads\/2024\/11\/Phoenix-Award_Bild2_ps-375x250.jpg 375w, https:\/\/www.organisator.ch\/wp-content\/uploads\/2024\/11\/Phoenix-Award_Bild2_ps-525x350.jpg 525w\" sizes=\"auto, (max-width: 680px) 100vw, 680px\" \/><figcaption id=\"caption-attachment-31534\" class=\"wp-caption-text\">Rafaela e Flurin Devonas-Eberle, giovane coppia di imprenditori e quarta generazione, sono pronti per le nuove sfide del settore dei media. (Immagine: CHDU)<\/figcaption><\/figure>\n<p>Il certificato di premiazione \u00e8 stato consegnato da <a href=\"https:\/\/www.organisator.ch\/de\/management\/2024-09-27\/hans-juerg-domenig-wird-neuer-praesident-des-chdu\/\">Hans J\u00fcrg Domenig, Presidente del CHDU<\/a>insieme alla lodatrice Anja Jenner, membro della giuria del Phoenix Award e imprenditrice familiare. Nel suo discorso di elogio, ha reso omaggio all'azienda con queste parole, tra le altre: \"Continuare a esistere in un modo cos\u00ec unico - con una sana fiducia in se stessi, un incredibile coraggio e un impegno incrollabile - in un settore che \u00e8 stato spinto indietro dalla digitalizzazione ha il mio pieno rispetto. Questo, unito a un processo di successione avviato precocemente da una generazione all'altra e che ora ha portato a un riuscito passaggio di consegne alla quarta generazione, \u00e8 notevole e degno di essere emulato.\"<\/p>\n<p>Anche Samuel M\u00f6sle, co-responsabile della promozione del territorio del Cantone di Zurigo, ha espresso le sue personali congratulazioni: \"Sono lieto che Fr\u00f6hlich Info AG sia la prima PMI del Cantone di Zurigo a essere insignita del Phoenix Award quest'anno. \u00c8 un risultato incredibile mantenere in vita un'azienda per 100 anni e superare con successo sfide che vanno dalla pianificazione della successione ai continui cambiamenti nel mercato e nel mondo del lavoro. Nel Cantone di Zurigo, attualmente sono circa 20 le aziende che ogni anno riescono in questo intento. Fr\u00f6hlich Info AG \u00e8 una di queste e noi, il Dipartimento dell'Economia di Zurigo, siamo molto contenti che esistano queste aziende. Il Premio Phoenix del CHDU offre a queste aziende una vetrina e pu\u00f2 fungere da faro e ispirazione per altre imprese. Ne siamo molto lieti\".<\/p>\n<p>Anche Sascha Ullmann, sindaco del comune di Zollikon, si \u00e8 congratulato personalmente con i vincitori del premio presso la sede dell'azienda. Si \u00e8 rallegrato del fatto che un'azienda familiare di lunga data sia riuscita ancora una volta a organizzare con successo la propria successione, \"in modo che anche il passato abbia un futuro\", come ha affermato.<\/p>\n<h3><strong>Fr\u00f6hlich Info: un'azienda con attitudine<\/strong><\/h3>\n<p>\"Benvenuti in un viaggio attraverso 100 anni di passione, innovazione e coesione familiare!\" \u00e8 l'invitante prima frase della cronaca che i membri della famiglia della Fr\u00f6hlich Info AG hanno redatto in occasione del loro anniversario. Un viaggio emozionante, caratterizzato da forti personalit\u00e0 femminili che ancora oggi guidano l'azienda in quarta generazione, sempre in collaborazione con i loro mariti.<\/p>\n<p>Hedwig Baumann-Zolliker, che proveniva da una famiglia di imprenditori e costruttori di corde, diede il via alle attivit\u00e0. Insieme al marito Albert Baumann, nel 1924 fond\u00f2 la \"Albert Baumann-Zolliker, Seilerwaren, Lederwaren und Papeterie\", con sede in Fr\u00f6hlichstrasse 178 a Zurigo. Fin da subito ci si rese conto che la pubblicit\u00e0 e gli stampati godevano di una domanda in costante crescita da parte dei clienti. In linea con il mercato e la domanda, la giovane azienda, con il suo spirito pionieristico, modifica di conseguenza il proprio assortimento, sviluppa nuove idee per la cancelleria aziendale, ad esempio, e punta con coraggio alla crescita. Questa strategia \u00e8 un filo rosso che attraversa la storia dell'azienda fino ad oggi. Ci\u00f2 vale anche per il coinvolgimento precoce della generazione successiva nell'azienda dei genitori, compresa la definizione della successione.<\/p>\n<p>Ma c'\u00e8 molto di pi\u00f9 che rende questa azienda a conduzione familiare un pioniere del settore. Tra questi, l'introduzione di un proprio fondo pensione per i dipendenti e, successivamente, l'uso precoce della digitalizzazione per creare nuove offerte come le pubblicazioni veloci. Il salto nell'era tecnologica \u00e8 stato un successo e ha portato all'azienda una sana crescita. Tuttavia, l'uso attento delle risorse naturali e dell'ambiente, la parit\u00e0 tra uomini e donne e la formazione dei dipendenti, in particolare degli apprendisti, sono sempre stati e sono tuttora al centro del successo dell'azienda. In altre parole: Fr\u00f6hlich Info AG \u00e8 un'azienda con un atteggiamento.<\/p>\n<h3><strong>Coraggio, cambio di prospettiva e spirito pionieristico ispirano la giuria<\/strong><\/h3>\n<p>Un principio che, insieme al successo a lungo termine, ha convinto la giuria del Phoenix Award e il comitato consultivo della giuria. Essi hanno riassunto il merito dell'azienda in questi punti, tra gli altri:<\/p>\n<ul>\n<li>Pianificazione coerente e lungimirante della successione in quanto azienda familiare di quarta generazione con diversi membri della famiglia che lavorano in azienda<\/li>\n<li>Sviluppo precoce del modello di business dell'azienda grafica attraverso l'ampliamento della gamma di servizi IT, informativi e di infotainment.<\/li>\n<li>Un impegno importante e di lunga data per la sostenibilit\u00e0: un impegno completo per le questioni ambientali e sociali, gi\u00e0 riconosciuto pi\u00f9 volte.<\/li>\n<li>Un progetto culturale a s\u00e9 stante: proprio al centro di Fr\u00f6hlich<\/li>\n<li>Coraggio imprenditoriale in tempi in cui le case editrici rischiano di \"estinguersi\": acquisizione dello Zolliker Bote da TA-Media &gt;&gt; Conservazione di un giornale locale ed espansione a Zumikon quattro anni dopo - Zolliker Zumiker Bote<\/li>\n<li>Forte potenziale di innovazione e impegno a preservare l'industria della stampa<\/li>\n<\/ul>\n<p>\"Che piacere! Siamo onorati di ricevere il Phoenix Award di quest'anno. \u00c8 un grande onore e anche una motivazione per continuare a seguire la nostra strategia e per avere sempre il coraggio di intraprendere strade insolite. Naturalmente, questo \u00e8 possibile solo con un team forte, ed \u00e8 per questo che questo premio \u00e8 un omaggio a tutti noi di Fr\u00f6hlich Info\", ha riassunto Rafaela Devonas-Eberle nel suo discorso di accettazione, in rappresentanza della terza e quarta generazione.<\/p>\n<p><em>Fonte: <a href=\"http:\/\/www.chdu.ch\">www.chdu.ch<\/a><\/em><\/p>\n<p><em>Aggiornamento: <a href=\"https:\/\/www.organisator.ch\/de\/management\/2025-12-10\/zwei-auszeichnungen-fuer-langfristiges-schweizer-unternehmertum\/\">Clicca qui per i vincitori del premio 2025<\/a><\/em><\/p>","protected":false},"excerpt":{"rendered":"<p>Quando una PMI riesce a resistere nel settore della stampa e dell'editoria, da anni in declino, e a scrivere 100 anni di storie di successo, merita un riconoscimento speciale. Fr\u00f6hlich Info AG lo ha ricevuto il 5 novembre con la consegna del Phoenix Award 2024, il premio per l'imprenditorialit\u00e0 svizzera a lungo termine dell'associazione svizzera per la successione aziendale CHDU.<\/p>","protected":false},"author":80,"featured_media":31530,"comment_status":"closed","ping_status":"closed","sticky":false,"template":"","format":"standard","meta":{"_acf_changed":false,"_yoast_wpseo_focuskw":"Fr\u00f6hlich Info","_yoast_wpseo_metadesc":"Zwei Generationen des Familienunternehmens Fr\u00f6hlich Info AG in Zollikon nahmen den Phoenix Award 2024 f\u00fcr langfristiges Schweizer Unternehmertum am 5.11.2024 entgegen.","articlekey":"","footnotes":""},"categories":[28],"tags":[3786,301,4712,1946,424],"class_list":["post-31529","post","type-post","status-publish","format-standard","has-post-thumbnail","hentry","category-management","tag-druckbranche","tag-kmu","tag-phoenix-award","tag-preisverleihung","tag-schweiz"],"acf":[],"yoast_head":"<!-- This site is optimized with the Yoast SEO plugin v27.4 - https:\/\/yoast.com\/product\/yoast-seo-wordpress\/ -->\n<title>Die Fr\u00f6hlich Info AG ist Preistr\u00e4gerin des Phoenix Award 2024 in der Kategorie \u00abKMU bis 50 Mitarbeitende\u00bb - Organisator<\/title>\n<meta name=\"description\" content=\"Zwei Generationen des Familienunternehmens Fr\u00f6hlich Info AG in Zollikon nahmen den Phoenix Award 2024 f\u00fcr langfristiges Schweizer Unternehmertum am 5.11.2024 entgegen.\" \/>\n<meta name=\"robots\" content=\"index, follow, max-snippet:-1, max-image-preview:large, max-video-preview:-1\" \/>\n<link rel=\"canonical\" href=\"https:\/\/www.organisator.ch\/it\/gestione-2\/2024-11-06\/die-froehlich-info-ag-ist-preistraegerin-des-phoenix-award-2024-in-der-kategorie-kmu-bis-50-mitarbeitende\/\" \/>\n<meta property=\"og:locale\" content=\"it_IT\" \/>\n<meta property=\"og:type\" content=\"article\" \/>\n<meta property=\"og:title\" content=\"Die Fr\u00f6hlich Info AG ist Preistr\u00e4gerin des Phoenix Award 2024 in der Kategorie \u00abKMU bis 50 Mitarbeitende\u00bb\" \/>\n<meta property=\"og:description\" content=\"Zwei Generationen des Familienunternehmens Fr\u00f6hlich Info AG in Zollikon nahmen den Phoenix Award 2024 f\u00fcr langfristiges Schweizer Unternehmertum am 5.11.2024 entgegen.\" \/>\n<meta property=\"og:url\" content=\"https:\/\/www.organisator.ch\/it\/gestione-2\/2024-11-06\/die-froehlich-info-ag-ist-preistraegerin-des-phoenix-award-2024-in-der-kategorie-kmu-bis-50-mitarbeitende\/\" \/>\n<meta property=\"og:site_name\" content=\"Organisator\" \/>\n<meta property=\"article:publisher\" content=\"https:\/\/www.facebook.com\/OrganisatorFachmagazin\" \/>\n<meta property=\"article:published_time\" content=\"2024-11-06T08:53:49+00:00\" \/>\n<meta property=\"article:modified_time\" content=\"2026-01-29T10:33:24+00:00\" \/>\n<meta property=\"og:image\" content=\"https:\/\/www.organisator.ch\/wp-content\/uploads\/2024\/11\/Phoenix-Award_Bild1_ps.jpg\" \/>\n\t<meta property=\"og:image:width\" content=\"680\" \/>\n\t<meta property=\"og:image:height\" content=\"510\" \/>\n\t<meta property=\"og:image:type\" content=\"image\/jpeg\" \/>\n<meta name=\"author\" content=\"Dzana Muminovic\" \/>\n<meta name=\"twitter:card\" content=\"summary_large_image\" \/>\n<meta name=\"twitter:title\" content=\"Die Fr\u00f6hlich Info AG ist Preistr\u00e4gerin des Phoenix Award 2024 in der Kategorie \u00abKMU bis 50 Mitarbeitende\u00bb\" \/>\n<meta name=\"twitter:description\" content=\"Zwei Generationen des #Familienunternehmens #Fr\u00f6hlich #Info AG in #Zollikon nahmen den #Phoenix #Award 2024 f\u00fcr langfristiges #Schweizer #Unternehmertum am 5.11.2024 entgegen.\" \/>\n<meta name=\"twitter:image\" content=\"https:\/\/www.organisator.ch\/wp-content\/uploads\/2024\/11\/Phoenix-Award_Bild1_ps.jpg\" \/>\n<script type=\"application\/ld+json\" class=\"yoast-schema-graph\">{\"@context\":\"https:\\\/\\\/schema.org\",\"@graph\":[{\"@type\":\"Article\",\"@id\":\"https:\\\/\\\/www.organisator.ch\\\/management\\\/2024-11-06\\\/die-froehlich-info-ag-ist-preistraegerin-des-phoenix-award-2024-in-der-kategorie-kmu-bis-50-mitarbeitende\\\/#article\",\"isPartOf\":{\"@id\":\"https:\\\/\\\/www.organisator.ch\\\/management\\\/2024-11-06\\\/die-froehlich-info-ag-ist-preistraegerin-des-phoenix-award-2024-in-der-kategorie-kmu-bis-50-mitarbeitende\\\/\"},\"author\":{\"name\":\"Dzana Muminovic\",\"@id\":\"https:\\\/\\\/www.organisator.ch\\\/#\\\/schema\\\/person\\\/afccda3a71c06d4be2ed9100dd163db7\"},\"headline\":\"Die Fr\u00f6hlich Info AG ist Preistr\u00e4gerin des Phoenix Award 2024 in der Kategorie \u00abKMU bis 50 Mitarbeitende\u00bb\",\"datePublished\":\"2024-11-06T08:53:49+00:00\",\"dateModified\":\"2026-01-29T10:33:24+00:00\",\"mainEntityOfPage\":{\"@id\":\"https:\\\/\\\/www.organisator.ch\\\/management\\\/2024-11-06\\\/die-froehlich-info-ag-ist-preistraegerin-des-phoenix-award-2024-in-der-kategorie-kmu-bis-50-mitarbeitende\\\/\"},\"wordCount\":1070,\"publisher\":{\"@id\":\"https:\\\/\\\/www.organisator.ch\\\/#organization\"},\"image\":{\"@id\":\"https:\\\/\\\/www.organisator.ch\\\/management\\\/2024-11-06\\\/die-froehlich-info-ag-ist-preistraegerin-des-phoenix-award-2024-in-der-kategorie-kmu-bis-50-mitarbeitende\\\/#primaryimage\"},\"thumbnailUrl\":\"https:\\\/\\\/www.organisator.ch\\\/wp-content\\\/uploads\\\/2024\\\/11\\\/Phoenix-Award_Bild1_ps.jpg\",\"keywords\":[\"Druckbranche\",\"KMU\",\"Phoenix Award\",\"Preisverleihung\",\"Schweiz\"],\"articleSection\":[\"MANAGEMENT\"],\"inLanguage\":\"it-IT\"},{\"@type\":\"WebPage\",\"@id\":\"https:\\\/\\\/www.organisator.ch\\\/management\\\/2024-11-06\\\/die-froehlich-info-ag-ist-preistraegerin-des-phoenix-award-2024-in-der-kategorie-kmu-bis-50-mitarbeitende\\\/\",\"url\":\"https:\\\/\\\/www.organisator.ch\\\/management\\\/2024-11-06\\\/die-froehlich-info-ag-ist-preistraegerin-des-phoenix-award-2024-in-der-kategorie-kmu-bis-50-mitarbeitende\\\/\",\"name\":\"Die Fr\u00f6hlich Info AG ist Preistr\u00e4gerin des Phoenix Award 2024 in der Kategorie \u00abKMU bis 50 Mitarbeitende\u00bb - Organisator\",\"isPartOf\":{\"@id\":\"https:\\\/\\\/www.organisator.ch\\\/#website\"},\"primaryImageOfPage\":{\"@id\":\"https:\\\/\\\/www.organisator.ch\\\/management\\\/2024-11-06\\\/die-froehlich-info-ag-ist-preistraegerin-des-phoenix-award-2024-in-der-kategorie-kmu-bis-50-mitarbeitende\\\/#primaryimage\"},\"image\":{\"@id\":\"https:\\\/\\\/www.organisator.ch\\\/management\\\/2024-11-06\\\/die-froehlich-info-ag-ist-preistraegerin-des-phoenix-award-2024-in-der-kategorie-kmu-bis-50-mitarbeitende\\\/#primaryimage\"},\"thumbnailUrl\":\"https:\\\/\\\/www.organisator.ch\\\/wp-content\\\/uploads\\\/2024\\\/11\\\/Phoenix-Award_Bild1_ps.jpg\",\"datePublished\":\"2024-11-06T08:53:49+00:00\",\"dateModified\":\"2026-01-29T10:33:24+00:00\",\"description\":\"Zwei Generationen des Familienunternehmens Fr\u00f6hlich Info AG in Zollikon nahmen den Phoenix Award 2024 f\u00fcr langfristiges Schweizer Unternehmertum am 5.11.2024 entgegen.\",\"breadcrumb\":{\"@id\":\"https:\\\/\\\/www.organisator.ch\\\/management\\\/2024-11-06\\\/die-froehlich-info-ag-ist-preistraegerin-des-phoenix-award-2024-in-der-kategorie-kmu-bis-50-mitarbeitende\\\/#breadcrumb\"},\"inLanguage\":\"it-IT\",\"potentialAction\":[{\"@type\":\"ReadAction\",\"target\":[\"https:\\\/\\\/www.organisator.ch\\\/management\\\/2024-11-06\\\/die-froehlich-info-ag-ist-preistraegerin-des-phoenix-award-2024-in-der-kategorie-kmu-bis-50-mitarbeitende\\\/\"]}]},{\"@type\":\"ImageObject\",\"inLanguage\":\"it-IT\",\"@id\":\"https:\\\/\\\/www.organisator.ch\\\/management\\\/2024-11-06\\\/die-froehlich-info-ag-ist-preistraegerin-des-phoenix-award-2024-in-der-kategorie-kmu-bis-50-mitarbeitende\\\/#primaryimage\",\"url\":\"https:\\\/\\\/www.organisator.ch\\\/wp-content\\\/uploads\\\/2024\\\/11\\\/Phoenix-Award_Bild1_ps.jpg\",\"contentUrl\":\"https:\\\/\\\/www.organisator.ch\\\/wp-content\\\/uploads\\\/2024\\\/11\\\/Phoenix-Award_Bild1_ps.jpg\",\"width\":680,\"height\":510,\"caption\":\"Von links: Sascha Ullmann, Gemeindepr\u00e4sident der Gemeinde Zollikon, Heinz Eberle-Fr\u00f6hlich, Verwaltungsrat Fr\u00f6hlich Info, Rafaela Devonas-Eberle, Gesch\u00e4ftsf\u00fchrung Fr\u00f6hlich Info, Claudia Eberle-Fr\u00f6hlich, Verwaltungsrat Fr\u00f6hlich Info, Flurin Devonas, Gesch\u00e4ftsleitung Fr\u00f6hlich Info, Hans J\u00fcrg Domenig, Pr\u00e4sident Schweizer Dachverband f\u00fcr Unternehmensnachfolge \u2013 CHDU, Laudatorin und Mitglied der Phoenix Awward Jury Anja Jenner, Familienunternehmerin, Samuel M\u00f6sle, Co-Leiter Standortf\u00f6rderung des Kantons Z\u00fcrich. (Bild: Schweizer Dachverband f\u00fcr Unternehmensnachfolge \u2013 CHDU)\"},{\"@type\":\"BreadcrumbList\",\"@id\":\"https:\\\/\\\/www.organisator.ch\\\/management\\\/2024-11-06\\\/die-froehlich-info-ag-ist-preistraegerin-des-phoenix-award-2024-in-der-kategorie-kmu-bis-50-mitarbeitende\\\/#breadcrumb\",\"itemListElement\":[{\"@type\":\"ListItem\",\"position\":1,\"name\":\"Home\",\"item\":\"https:\\\/\\\/www.organisator.ch\\\/\"},{\"@type\":\"ListItem\",\"position\":2,\"name\":\"Die Fr\u00f6hlich Info AG ist Preistr\u00e4gerin des Phoenix Award 2024 in der Kategorie \u00abKMU bis 50 Mitarbeitende\u00bb\"}]},{\"@type\":\"WebSite\",\"@id\":\"https:\\\/\\\/www.organisator.ch\\\/#website\",\"url\":\"https:\\\/\\\/www.organisator.ch\\\/\",\"name\":\"Organisator\",\"description\":\"Kompetent. Praxisnah. Der ORGANISATOR bereitet in 10 Ausgaben pro Jahr die wesentlichen Themen f\u00fcr F\u00fchrungskr\u00e4fte von KMU auf.\",\"publisher\":{\"@id\":\"https:\\\/\\\/www.organisator.ch\\\/#organization\"},\"potentialAction\":[{\"@type\":\"SearchAction\",\"target\":{\"@type\":\"EntryPoint\",\"urlTemplate\":\"https:\\\/\\\/www.organisator.ch\\\/?s={search_term_string}\"},\"query-input\":{\"@type\":\"PropertyValueSpecification\",\"valueRequired\":true,\"valueName\":\"search_term_string\"}}],\"inLanguage\":\"it-IT\"},{\"@type\":\"Organization\",\"@id\":\"https:\\\/\\\/www.organisator.ch\\\/#organization\",\"name\":\"Organisator\",\"url\":\"https:\\\/\\\/www.organisator.ch\\\/\",\"logo\":{\"@type\":\"ImageObject\",\"inLanguage\":\"it-IT\",\"@id\":\"https:\\\/\\\/www.organisator.ch\\\/#\\\/schema\\\/logo\\\/image\\\/\",\"url\":\"https:\\\/\\\/www.organisator.ch\\\/wp-content\\\/uploads\\\/2022\\\/01\\\/Logo_Organisator_Website.png\",\"contentUrl\":\"https:\\\/\\\/www.organisator.ch\\\/wp-content\\\/uploads\\\/2022\\\/01\\\/Logo_Organisator_Website.png\",\"width\":800,\"height\":77,\"caption\":\"Organisator\"},\"image\":{\"@id\":\"https:\\\/\\\/www.organisator.ch\\\/#\\\/schema\\\/logo\\\/image\\\/\"},\"sameAs\":[\"https:\\\/\\\/www.facebook.com\\\/OrganisatorFachmagazin\",\"https:\\\/\\\/www.linkedin.com\\\/showcase\\\/organisator-das-magazin-fr-kmu\",\"https:\\\/\\\/www.xing.com\\\/news\\\/pages\\\/organisator-ch-695\",\"https:\\\/\\\/www.youtube.com\\\/channel\\\/UCGP2Sq0iWaZwT3BdIAQFYpw\"]},{\"@type\":\"Person\",\"@id\":\"https:\\\/\\\/www.organisator.ch\\\/#\\\/schema\\\/person\\\/afccda3a71c06d4be2ed9100dd163db7\",\"name\":\"Dzana Muminovic\",\"image\":{\"@type\":\"ImageObject\",\"inLanguage\":\"it-IT\",\"@id\":\"https:\\\/\\\/secure.gravatar.com\\\/avatar\\\/909c5c71aff4b38e88686f2ab2f1ba152571f394f41ed8bae431ea56ced93050?s=96&d=mm&r=g\",\"url\":\"https:\\\/\\\/secure.gravatar.com\\\/avatar\\\/909c5c71aff4b38e88686f2ab2f1ba152571f394f41ed8bae431ea56ced93050?s=96&d=mm&r=g\",\"contentUrl\":\"https:\\\/\\\/secure.gravatar.com\\\/avatar\\\/909c5c71aff4b38e88686f2ab2f1ba152571f394f41ed8bae431ea56ced93050?s=96&d=mm&r=g\",\"caption\":\"Dzana Muminovic\"},\"url\":\"https:\\\/\\\/www.organisator.ch\\\/it\\\/author\\\/dzana-muminovic\\\/\"}]}<\/script>\n<!-- \/ Yoast SEO plugin. -->","yoast_head_json":{"title":"Fr\u00f6hlich Info AG \u00e8 il vincitore del Phoenix Award 2024 nella categoria \"PMI con fino a 50 dipendenti\" - Organizzatore","description":"Due generazioni dell'azienda familiare Fr\u00f6hlich Info AG di Zollikon hanno ricevuto il 5 novembre 2024 il Phoenix Award 2024 per l'imprenditorialit\u00e0 svizzera a lungo termine.","robots":{"index":"index","follow":"follow","max-snippet":"max-snippet:-1","max-image-preview":"max-image-preview:large","max-video-preview":"max-video-preview:-1"},"canonical":"https:\/\/www.organisator.ch\/it\/gestione-2\/2024-11-06\/die-froehlich-info-ag-ist-preistraegerin-des-phoenix-award-2024-in-der-kategorie-kmu-bis-50-mitarbeitende\/","og_locale":"it_IT","og_type":"article","og_title":"Die Fr\u00f6hlich Info AG ist Preistr\u00e4gerin des Phoenix Award 2024 in der Kategorie \u00abKMU bis 50 Mitarbeitende\u00bb","og_description":"Zwei Generationen des Familienunternehmens Fr\u00f6hlich Info AG in Zollikon nahmen den Phoenix Award 2024 f\u00fcr langfristiges Schweizer Unternehmertum am 5.11.2024 entgegen.","og_url":"https:\/\/www.organisator.ch\/it\/gestione-2\/2024-11-06\/die-froehlich-info-ag-ist-preistraegerin-des-phoenix-award-2024-in-der-kategorie-kmu-bis-50-mitarbeitende\/","og_site_name":"Organisator","article_publisher":"https:\/\/www.facebook.com\/OrganisatorFachmagazin","article_published_time":"2024-11-06T08:53:49+00:00","article_modified_time":"2026-01-29T10:33:24+00:00","og_image":[{"width":680,"height":510,"url":"https:\/\/www.organisator.ch\/wp-content\/uploads\/2024\/11\/Phoenix-Award_Bild1_ps.jpg","type":"image\/jpeg"}],"author":"Dzana Muminovic","twitter_card":"summary_large_image","twitter_title":"Die Fr\u00f6hlich Info AG ist Preistr\u00e4gerin des Phoenix Award 2024 in der Kategorie \u00abKMU bis 50 Mitarbeitende\u00bb","twitter_description":"Zwei Generationen des #Familienunternehmens #Fr\u00f6hlich #Info AG in #Zollikon nahmen den #Phoenix #Award 2024 f\u00fcr langfristiges #Schweizer #Unternehmertum am 5.11.2024 entgegen.","twitter_image":"https:\/\/www.organisator.ch\/wp-content\/uploads\/2024\/11\/Phoenix-Award_Bild1_ps.jpg","schema":{"@context":"https:\/\/schema.org","@graph":[{"@type":"Article","@id":"https:\/\/www.organisator.ch\/management\/2024-11-06\/die-froehlich-info-ag-ist-preistraegerin-des-phoenix-award-2024-in-der-kategorie-kmu-bis-50-mitarbeitende\/#article","isPartOf":{"@id":"https:\/\/www.organisator.ch\/management\/2024-11-06\/die-froehlich-info-ag-ist-preistraegerin-des-phoenix-award-2024-in-der-kategorie-kmu-bis-50-mitarbeitende\/"},"author":{"name":"Dzana Muminovic","@id":"https:\/\/www.organisator.ch\/#\/schema\/person\/afccda3a71c06d4be2ed9100dd163db7"},"headline":"Die Fr\u00f6hlich Info AG ist Preistr\u00e4gerin des Phoenix Award 2024 in der Kategorie \u00abKMU bis 50 Mitarbeitende\u00bb","datePublished":"2024-11-06T08:53:49+00:00","dateModified":"2026-01-29T10:33:24+00:00","mainEntityOfPage":{"@id":"https:\/\/www.organisator.ch\/management\/2024-11-06\/die-froehlich-info-ag-ist-preistraegerin-des-phoenix-award-2024-in-der-kategorie-kmu-bis-50-mitarbeitende\/"},"wordCount":1070,"publisher":{"@id":"https:\/\/www.organisator.ch\/#organization"},"image":{"@id":"https:\/\/www.organisator.ch\/management\/2024-11-06\/die-froehlich-info-ag-ist-preistraegerin-des-phoenix-award-2024-in-der-kategorie-kmu-bis-50-mitarbeitende\/#primaryimage"},"thumbnailUrl":"https:\/\/www.organisator.ch\/wp-content\/uploads\/2024\/11\/Phoenix-Award_Bild1_ps.jpg","keywords":["Druckbranche","KMU","Phoenix Award","Preisverleihung","Schweiz"],"articleSection":["MANAGEMENT"],"inLanguage":"it-IT"},{"@type":"WebPage","@id":"https:\/\/www.organisator.ch\/management\/2024-11-06\/die-froehlich-info-ag-ist-preistraegerin-des-phoenix-award-2024-in-der-kategorie-kmu-bis-50-mitarbeitende\/","url":"https:\/\/www.organisator.ch\/management\/2024-11-06\/die-froehlich-info-ag-ist-preistraegerin-des-phoenix-award-2024-in-der-kategorie-kmu-bis-50-mitarbeitende\/","name":"Fr\u00f6hlich Info AG \u00e8 il vincitore del Phoenix Award 2024 nella categoria \"PMI con fino a 50 dipendenti\" - Organizzatore","isPartOf":{"@id":"https:\/\/www.organisator.ch\/#website"},"primaryImageOfPage":{"@id":"https:\/\/www.organisator.ch\/management\/2024-11-06\/die-froehlich-info-ag-ist-preistraegerin-des-phoenix-award-2024-in-der-kategorie-kmu-bis-50-mitarbeitende\/#primaryimage"},"image":{"@id":"https:\/\/www.organisator.ch\/management\/2024-11-06\/die-froehlich-info-ag-ist-preistraegerin-des-phoenix-award-2024-in-der-kategorie-kmu-bis-50-mitarbeitende\/#primaryimage"},"thumbnailUrl":"https:\/\/www.organisator.ch\/wp-content\/uploads\/2024\/11\/Phoenix-Award_Bild1_ps.jpg","datePublished":"2024-11-06T08:53:49+00:00","dateModified":"2026-01-29T10:33:24+00:00","description":"Due generazioni dell'azienda familiare Fr\u00f6hlich Info AG di Zollikon hanno ricevuto il 5 novembre 2024 il Phoenix Award 2024 per l'imprenditorialit\u00e0 svizzera a lungo termine.","breadcrumb":{"@id":"https:\/\/www.organisator.ch\/management\/2024-11-06\/die-froehlich-info-ag-ist-preistraegerin-des-phoenix-award-2024-in-der-kategorie-kmu-bis-50-mitarbeitende\/#breadcrumb"},"inLanguage":"it-IT","potentialAction":[{"@type":"ReadAction","target":["https:\/\/www.organisator.ch\/management\/2024-11-06\/die-froehlich-info-ag-ist-preistraegerin-des-phoenix-award-2024-in-der-kategorie-kmu-bis-50-mitarbeitende\/"]}]},{"@type":"ImageObject","inLanguage":"it-IT","@id":"https:\/\/www.organisator.ch\/management\/2024-11-06\/die-froehlich-info-ag-ist-preistraegerin-des-phoenix-award-2024-in-der-kategorie-kmu-bis-50-mitarbeitende\/#primaryimage","url":"https:\/\/www.organisator.ch\/wp-content\/uploads\/2024\/11\/Phoenix-Award_Bild1_ps.jpg","contentUrl":"https:\/\/www.organisator.ch\/wp-content\/uploads\/2024\/11\/Phoenix-Award_Bild1_ps.jpg","width":680,"height":510,"caption":"Von links: Sascha Ullmann, Gemeindepr\u00e4sident der Gemeinde Zollikon, Heinz Eberle-Fr\u00f6hlich, Verwaltungsrat Fr\u00f6hlich Info, Rafaela Devonas-Eberle, Gesch\u00e4ftsf\u00fchrung Fr\u00f6hlich Info, Claudia Eberle-Fr\u00f6hlich, Verwaltungsrat Fr\u00f6hlich Info, Flurin Devonas, Gesch\u00e4ftsleitung Fr\u00f6hlich Info, Hans J\u00fcrg Domenig, Pr\u00e4sident Schweizer Dachverband f\u00fcr Unternehmensnachfolge \u2013 CHDU, Laudatorin und Mitglied der Phoenix Awward Jury Anja Jenner, Familienunternehmerin, Samuel M\u00f6sle, Co-Leiter Standortf\u00f6rderung des Kantons Z\u00fcrich. (Bild: Schweizer Dachverband f\u00fcr Unternehmensnachfolge \u2013 CHDU)"},{"@type":"BreadcrumbList","@id":"https:\/\/www.organisator.ch\/management\/2024-11-06\/die-froehlich-info-ag-ist-preistraegerin-des-phoenix-award-2024-in-der-kategorie-kmu-bis-50-mitarbeitende\/#breadcrumb","itemListElement":[{"@type":"ListItem","position":1,"name":"Home","item":"https:\/\/www.organisator.ch\/"},{"@type":"ListItem","position":2,"name":"Die Fr\u00f6hlich Info AG ist Preistr\u00e4gerin des Phoenix Award 2024 in der Kategorie \u00abKMU bis 50 Mitarbeitende\u00bb"}]},{"@type":"WebSite","@id":"https:\/\/www.organisator.ch\/#website","url":"https:\/\/www.organisator.ch\/","name":"Organizzatore","description":"Competente. Pratico. In 10 numeri all'anno, ORGANISATOR presenta i temi essenziali per i manager delle PMI.","publisher":{"@id":"https:\/\/www.organisator.ch\/#organization"},"potentialAction":[{"@type":"SearchAction","target":{"@type":"EntryPoint","urlTemplate":"https:\/\/www.organisator.ch\/?s={search_term_string}"},"query-input":{"@type":"PropertyValueSpecification","valueRequired":true,"valueName":"search_term_string"}}],"inLanguage":"it-IT"},{"@type":"Organization","@id":"https:\/\/www.organisator.ch\/#organization","name":"Organizzatore","url":"https:\/\/www.organisator.ch\/","logo":{"@type":"ImageObject","inLanguage":"it-IT","@id":"https:\/\/www.organisator.ch\/#\/schema\/logo\/image\/","url":"https:\/\/www.organisator.ch\/wp-content\/uploads\/2022\/01\/Logo_Organisator_Website.png","contentUrl":"https:\/\/www.organisator.ch\/wp-content\/uploads\/2022\/01\/Logo_Organisator_Website.png","width":800,"height":77,"caption":"Organisator"},"image":{"@id":"https:\/\/www.organisator.ch\/#\/schema\/logo\/image\/"},"sameAs":["https:\/\/www.facebook.com\/OrganisatorFachmagazin","https:\/\/www.linkedin.com\/showcase\/organisator-das-magazin-fr-kmu","https:\/\/www.xing.com\/news\/pages\/organisator-ch-695","https:\/\/www.youtube.com\/channel\/UCGP2Sq0iWaZwT3BdIAQFYpw"]},{"@type":"Person","@id":"https:\/\/www.organisator.ch\/#\/schema\/person\/afccda3a71c06d4be2ed9100dd163db7","name":"Dzana Muminovic","image":{"@type":"ImageObject","inLanguage":"it-IT","@id":"https:\/\/secure.gravatar.com\/avatar\/909c5c71aff4b38e88686f2ab2f1ba152571f394f41ed8bae431ea56ced93050?s=96&d=mm&r=g","url":"https:\/\/secure.gravatar.com\/avatar\/909c5c71aff4b38e88686f2ab2f1ba152571f394f41ed8bae431ea56ced93050?s=96&d=mm&r=g","contentUrl":"https:\/\/secure.gravatar.com\/avatar\/909c5c71aff4b38e88686f2ab2f1ba152571f394f41ed8bae431ea56ced93050?s=96&d=mm&r=g","caption":"Dzana Muminovic"},"url":"https:\/\/www.organisator.ch\/it\/author\/dzana-muminovic\/"}]}},"_links":{"self":[{"href":"https:\/\/www.organisator.ch\/it\/wp-json\/wp\/v2\/posts\/31529","targetHints":{"allow":["GET"]}}],"collection":[{"href":"https:\/\/www.organisator.ch\/it\/wp-json\/wp\/v2\/posts"}],"about":[{"href":"https:\/\/www.organisator.ch\/it\/wp-json\/wp\/v2\/types\/post"}],"author":[{"embeddable":true,"href":"https:\/\/www.organisator.ch\/it\/wp-json\/wp\/v2\/users\/80"}],"replies":[{"embeddable":true,"href":"https:\/\/www.organisator.ch\/it\/wp-json\/wp\/v2\/comments?post=31529"}],"version-history":[{"count":6,"href":"https:\/\/www.organisator.ch\/it\/wp-json\/wp\/v2\/posts\/31529\/revisions"}],"predecessor-version":[{"id":43965,"href":"https:\/\/www.organisator.ch\/it\/wp-json\/wp\/v2\/posts\/31529\/revisions\/43965"}],"wp:featuredmedia":[{"embeddable":true,"href":"https:\/\/www.organisator.ch\/it\/wp-json\/wp\/v2\/media\/31530"}],"wp:attachment":[{"href":"https:\/\/www.organisator.ch\/it\/wp-json\/wp\/v2\/media?parent=31529"}],"wp:term":[{"taxonomy":"category","embeddable":true,"href":"https:\/\/www.organisator.ch\/it\/wp-json\/wp\/v2\/categories?post=31529"},{"taxonomy":"post_tag","embeddable":true,"href":"https:\/\/www.organisator.ch\/it\/wp-json\/wp\/v2\/tags?post=31529"}],"curies":[{"name":"wp","href":"https:\/\/api.w.org\/{rel}","templated":true}]}}