{"id":31557,"date":"2024-11-07T09:22:08","date_gmt":"2024-11-07T08:22:08","guid":{"rendered":"https:\/\/www.organisator.ch\/?p=31557"},"modified":"2024-11-06T11:02:32","modified_gmt":"2024-11-06T10:02:32","slug":"mimacom-neuer-ceo-tim-weinmann-und-neue-strategische-unternehmensausrichtung","status":"publish","type":"post","link":"https:\/\/www.organisator.ch\/it\/management\/2024-11-07\/mimacom-neuer-ceo-tim-weinmann-und-neue-strategische-unternehmensausrichtung\/","title":{"rendered":"Mimacom: nuovo CEO Tim Weinmann e nuovo orientamento strategico dell'azienda"},"content":{"rendered":"<figure id=\"attachment_31558\" aria-describedby=\"caption-attachment-31558\" style=\"width: 680px\" class=\"wp-caption alignnone\"><img loading=\"lazy\" decoding=\"async\" class=\"size-full wp-image-31558\" src=\"https:\/\/www.organisator.ch\/wp-content\/uploads\/2024\/11\/Mimacom_Bild1_ps.jpg\" alt=\"\" width=\"680\" height=\"454\" srcset=\"https:\/\/www.organisator.ch\/wp-content\/uploads\/2024\/11\/Mimacom_Bild1_ps.jpg 680w, https:\/\/www.organisator.ch\/wp-content\/uploads\/2024\/11\/Mimacom_Bild1_ps-18x12.jpg 18w, https:\/\/www.organisator.ch\/wp-content\/uploads\/2024\/11\/Mimacom_Bild1_ps-375x250.jpg 375w, https:\/\/www.organisator.ch\/wp-content\/uploads\/2024\/11\/Mimacom_Bild1_ps-524x350.jpg 524w\" sizes=\"auto, (max-width: 680px) 100vw, 680px\" \/><figcaption id=\"caption-attachment-31558\" class=\"wp-caption-text\">(Da sinistra a destra): Bruno Wassmer, Jean-Francois Clercx, Fabian Kleiser, Tim Weinmann. (Immagine: www.mimacom.com)<\/figcaption><\/figure>\n<p>Tim Weinmann assumer\u00e0 il ruolo di CEO globale. Weinmann lavora per l'azienda dal 2016. Dal 2023 \u00e8 stato Chief Revenue Officer e responsabile delle attivit\u00e0 di Mimacom negli Stati Uniti. In precedenza, \u00e8 stato responsabile del mercato tedesco e ha ricoperto il ruolo globale di vicepresidente vendite e marketing. Subentra al CEO ad interim Agim Emruli. Quest'ultimo si concentrer\u00e0 sul suo ruolo di CEO del Mimacom Flowable Group (MFG).<\/p>\n<h3><strong>Il nuovo team di gestione introduce tre linee di servizi internazionali <\/strong><\/h3>\n<p>I team Mimacom stanno gi\u00e0 lavorando insieme in tutti i mercati per offrire ai clienti il miglior servizio possibile. La nuova struttura riflette la direzione strategica in termini organizzativi. Bruno Wassmer (Digital Product Engineering), Jean-Francois Clercx (Automation Fabric) e Fabian Kleiser (Digital Foundation) sono responsabili delle tre linee di servizio. Il vicepresidente esecutivo per le vendite e il marketing Matthias K\u00f6hler completa il team di gestione.<\/p>\n<p>Ciascuna delle tre aree \u00e8 composta da team internazionali di consulenti, ingegneri software e addetti alle vendite. La nuova struttura dei servizi semplifica la collaborazione transfrontaliera con i clienti. Allo stesso tempo, questi ultimi beneficiano dell'esperienza locale dei consulenti e degli ingegneri di Mimacom.<\/p>\n<p>\"Non vedo l'ora di lavorare con l'esperto team di gestione per introdurre le nuove linee di servizio al fine di servire i nostri clienti a livello globale continuando a offrire la nostra esperienza locale\", afferma Tim Weinmann. \"Grazie alla nuova struttura organizzativa, siamo in una posizione ideale per dare forma al progresso digitale in modo innovativo e redditizio per i nostri clienti in tutti i mercati Mimacom.\"<\/p>\n<p><em>Fonte: <a href=\"http:\/\/www.mimacom.com\">www.mimacom.com<\/a><\/em><\/p>","protected":false},"excerpt":{"rendered":"<p>Il fornitore svizzero di IT e digitalizzazione Mimacom, con sede a Berna, sta riallineando la propria strategia e passando da un'organizzazione per paese a una struttura per linee di servizio. Ci\u00f2 consentir\u00e0 a Mimacom di riflettere meglio gli sviluppi del mercato e di rimanere leader tecnologico. Oltre al CEO Tim Weinmann, il nuovo team di gestione comprende i tre Service Line Lead Bruno Wassmer, Jean-Francois Clercx e Fabian Kleiser, nonch\u00e9 il Sales &amp; Marketing Lead Matthias K\u00f6hler.<\/p>","protected":false},"author":58,"featured_media":31558,"comment_status":"closed","ping_status":"closed","sticky":false,"template":"","format":"standard","meta":{"_acf_changed":false,"_yoast_wpseo_focuskw":"Mimacom","_yoast_wpseo_metadesc":"Der Schweizer IT- und Digitalisierungsanbieter Mimacom mit Sitz in Bern richtet sich strategisch neu aus und wechselt von einer L\u00e4nderorganisation zu einer Serviceline-Struktur.","articlekey":"","footnotes":""},"categories":[28],"tags":[904,334,492,4717],"class_list":["post-31557","post","type-post","status-publish","format-standard","has-post-thumbnail","hentry","category-management","tag-ceo","tag-management","tag-unternehmen","tag-unternehmensausrichtung"],"acf":[],"yoast_head":"<!-- This site is optimized with the Yoast SEO plugin v27.4 - https:\/\/yoast.com\/product\/yoast-seo-wordpress\/ -->\n<title>Mimacom: Neuer CEO Tim Weinmann und neue strategische Unternehmensausrichtung - Organisator<\/title>\n<meta name=\"description\" content=\"Der Schweizer IT- und Digitalisierungsanbieter Mimacom mit Sitz in Bern richtet sich strategisch neu aus und wechselt von einer L\u00e4nderorganisation zu einer Serviceline-Struktur.\" \/>\n<meta name=\"robots\" content=\"index, follow, max-snippet:-1, max-image-preview:large, max-video-preview:-1\" \/>\n<link rel=\"canonical\" href=\"https:\/\/www.organisator.ch\/it\/gestione-2\/2024-11-07\/mimacom-neuer-ceo-tim-weinmann-und-neue-strategische-unternehmensausrichtung\/\" \/>\n<meta property=\"og:locale\" content=\"it_IT\" \/>\n<meta property=\"og:type\" content=\"article\" \/>\n<meta property=\"og:title\" content=\"Mimacom: Neuer CEO Tim Weinmann und neue strategische Unternehmensausrichtung\" \/>\n<meta property=\"og:description\" content=\"Der Schweizer IT- und Digitalisierungsanbieter Mimacom mit Sitz in Bern richtet sich strategisch neu aus und wechselt von einer L\u00e4nderorganisation zu einer Serviceline-Struktur.\" \/>\n<meta property=\"og:url\" content=\"https:\/\/www.organisator.ch\/it\/gestione-2\/2024-11-07\/mimacom-neuer-ceo-tim-weinmann-und-neue-strategische-unternehmensausrichtung\/\" \/>\n<meta property=\"og:site_name\" content=\"Organisator\" \/>\n<meta property=\"article:publisher\" content=\"https:\/\/www.facebook.com\/OrganisatorFachmagazin\" \/>\n<meta property=\"article:published_time\" content=\"2024-11-07T08:22:08+00:00\" \/>\n<meta property=\"og:image\" content=\"https:\/\/www.organisator.ch\/wp-content\/uploads\/2024\/11\/Mimacom_Bild1_ps.jpg\" \/>\n\t<meta property=\"og:image:width\" content=\"680\" \/>\n\t<meta property=\"og:image:height\" content=\"454\" \/>\n\t<meta property=\"og:image:type\" content=\"image\/jpeg\" \/>\n<meta name=\"author\" content=\"Adelisa Kalajdzini\" \/>\n<meta name=\"twitter:card\" content=\"summary_large_image\" \/>\n<meta name=\"twitter:title\" content=\"Mimacom: Neuer CEO Tim Weinmann und neue strategische Unternehmensausrichtung\" \/>\n<meta name=\"twitter:description\" content=\"Der Schweizer IT- und Digitalisierungsanbieter #Mimacom mit Sitz in #Bern richtet sich strategisch neu aus und wechselt von einer #L\u00e4nderorganisation zu einer #Serviceline-Struktur.\" \/>\n<meta name=\"twitter:image\" content=\"https:\/\/www.organisator.ch\/wp-content\/uploads\/2024\/11\/Mimacom_Bild1_ps.jpg\" \/>\n<script type=\"application\/ld+json\" class=\"yoast-schema-graph\">{\"@context\":\"https:\\\/\\\/schema.org\",\"@graph\":[{\"@type\":\"Article\",\"@id\":\"https:\\\/\\\/www.organisator.ch\\\/management\\\/2024-11-07\\\/mimacom-neuer-ceo-tim-weinmann-und-neue-strategische-unternehmensausrichtung\\\/#article\",\"isPartOf\":{\"@id\":\"https:\\\/\\\/www.organisator.ch\\\/management\\\/2024-11-07\\\/mimacom-neuer-ceo-tim-weinmann-und-neue-strategische-unternehmensausrichtung\\\/\"},\"author\":{\"name\":\"Adelisa Kalajdzini\",\"@id\":\"https:\\\/\\\/www.organisator.ch\\\/#\\\/schema\\\/person\\\/2e1314a2172123f874db408d8911d3f3\"},\"headline\":\"Mimacom: Neuer CEO Tim Weinmann und neue strategische Unternehmensausrichtung\",\"datePublished\":\"2024-11-07T08:22:08+00:00\",\"mainEntityOfPage\":{\"@id\":\"https:\\\/\\\/www.organisator.ch\\\/management\\\/2024-11-07\\\/mimacom-neuer-ceo-tim-weinmann-und-neue-strategische-unternehmensausrichtung\\\/\"},\"wordCount\":266,\"publisher\":{\"@id\":\"https:\\\/\\\/www.organisator.ch\\\/#organization\"},\"image\":{\"@id\":\"https:\\\/\\\/www.organisator.ch\\\/management\\\/2024-11-07\\\/mimacom-neuer-ceo-tim-weinmann-und-neue-strategische-unternehmensausrichtung\\\/#primaryimage\"},\"thumbnailUrl\":\"https:\\\/\\\/www.organisator.ch\\\/wp-content\\\/uploads\\\/2024\\\/11\\\/Mimacom_Bild1_ps.jpg\",\"keywords\":[\"CEO\",\"Management\",\"Unternehmen\",\"Unternehmensausrichtung\"],\"articleSection\":[\"MANAGEMENT\"],\"inLanguage\":\"it-IT\"},{\"@type\":\"WebPage\",\"@id\":\"https:\\\/\\\/www.organisator.ch\\\/management\\\/2024-11-07\\\/mimacom-neuer-ceo-tim-weinmann-und-neue-strategische-unternehmensausrichtung\\\/\",\"url\":\"https:\\\/\\\/www.organisator.ch\\\/management\\\/2024-11-07\\\/mimacom-neuer-ceo-tim-weinmann-und-neue-strategische-unternehmensausrichtung\\\/\",\"name\":\"Mimacom: Neuer CEO Tim Weinmann und neue strategische Unternehmensausrichtung - Organisator\",\"isPartOf\":{\"@id\":\"https:\\\/\\\/www.organisator.ch\\\/#website\"},\"primaryImageOfPage\":{\"@id\":\"https:\\\/\\\/www.organisator.ch\\\/management\\\/2024-11-07\\\/mimacom-neuer-ceo-tim-weinmann-und-neue-strategische-unternehmensausrichtung\\\/#primaryimage\"},\"image\":{\"@id\":\"https:\\\/\\\/www.organisator.ch\\\/management\\\/2024-11-07\\\/mimacom-neuer-ceo-tim-weinmann-und-neue-strategische-unternehmensausrichtung\\\/#primaryimage\"},\"thumbnailUrl\":\"https:\\\/\\\/www.organisator.ch\\\/wp-content\\\/uploads\\\/2024\\\/11\\\/Mimacom_Bild1_ps.jpg\",\"datePublished\":\"2024-11-07T08:22:08+00:00\",\"description\":\"Der Schweizer IT- und Digitalisierungsanbieter Mimacom mit Sitz in Bern richtet sich strategisch neu aus und wechselt von einer L\u00e4nderorganisation zu einer Serviceline-Struktur.\",\"breadcrumb\":{\"@id\":\"https:\\\/\\\/www.organisator.ch\\\/management\\\/2024-11-07\\\/mimacom-neuer-ceo-tim-weinmann-und-neue-strategische-unternehmensausrichtung\\\/#breadcrumb\"},\"inLanguage\":\"it-IT\",\"potentialAction\":[{\"@type\":\"ReadAction\",\"target\":[\"https:\\\/\\\/www.organisator.ch\\\/management\\\/2024-11-07\\\/mimacom-neuer-ceo-tim-weinmann-und-neue-strategische-unternehmensausrichtung\\\/\"]}]},{\"@type\":\"ImageObject\",\"inLanguage\":\"it-IT\",\"@id\":\"https:\\\/\\\/www.organisator.ch\\\/management\\\/2024-11-07\\\/mimacom-neuer-ceo-tim-weinmann-und-neue-strategische-unternehmensausrichtung\\\/#primaryimage\",\"url\":\"https:\\\/\\\/www.organisator.ch\\\/wp-content\\\/uploads\\\/2024\\\/11\\\/Mimacom_Bild1_ps.jpg\",\"contentUrl\":\"https:\\\/\\\/www.organisator.ch\\\/wp-content\\\/uploads\\\/2024\\\/11\\\/Mimacom_Bild1_ps.jpg\",\"width\":680,\"height\":454,\"caption\":\"(V. l. n. r.): Bruno Wassmer, Jean-Francois Clercx, Fabian Kleiser, Tim Weinmann. (Bild: www.mimacom.com)\"},{\"@type\":\"BreadcrumbList\",\"@id\":\"https:\\\/\\\/www.organisator.ch\\\/management\\\/2024-11-07\\\/mimacom-neuer-ceo-tim-weinmann-und-neue-strategische-unternehmensausrichtung\\\/#breadcrumb\",\"itemListElement\":[{\"@type\":\"ListItem\",\"position\":1,\"name\":\"Home\",\"item\":\"https:\\\/\\\/www.organisator.ch\\\/\"},{\"@type\":\"ListItem\",\"position\":2,\"name\":\"Mimacom: Neuer CEO Tim Weinmann und neue strategische Unternehmensausrichtung\"}]},{\"@type\":\"WebSite\",\"@id\":\"https:\\\/\\\/www.organisator.ch\\\/#website\",\"url\":\"https:\\\/\\\/www.organisator.ch\\\/\",\"name\":\"Organisator\",\"description\":\"Kompetent. Praxisnah. Der ORGANISATOR bereitet in 10 Ausgaben pro Jahr die wesentlichen Themen f\u00fcr F\u00fchrungskr\u00e4fte von KMU auf.\",\"publisher\":{\"@id\":\"https:\\\/\\\/www.organisator.ch\\\/#organization\"},\"potentialAction\":[{\"@type\":\"SearchAction\",\"target\":{\"@type\":\"EntryPoint\",\"urlTemplate\":\"https:\\\/\\\/www.organisator.ch\\\/?s={search_term_string}\"},\"query-input\":{\"@type\":\"PropertyValueSpecification\",\"valueRequired\":true,\"valueName\":\"search_term_string\"}}],\"inLanguage\":\"it-IT\"},{\"@type\":\"Organization\",\"@id\":\"https:\\\/\\\/www.organisator.ch\\\/#organization\",\"name\":\"Organisator\",\"url\":\"https:\\\/\\\/www.organisator.ch\\\/\",\"logo\":{\"@type\":\"ImageObject\",\"inLanguage\":\"it-IT\",\"@id\":\"https:\\\/\\\/www.organisator.ch\\\/#\\\/schema\\\/logo\\\/image\\\/\",\"url\":\"https:\\\/\\\/www.organisator.ch\\\/wp-content\\\/uploads\\\/2022\\\/01\\\/Logo_Organisator_Website.png\",\"contentUrl\":\"https:\\\/\\\/www.organisator.ch\\\/wp-content\\\/uploads\\\/2022\\\/01\\\/Logo_Organisator_Website.png\",\"width\":800,\"height\":77,\"caption\":\"Organisator\"},\"image\":{\"@id\":\"https:\\\/\\\/www.organisator.ch\\\/#\\\/schema\\\/logo\\\/image\\\/\"},\"sameAs\":[\"https:\\\/\\\/www.facebook.com\\\/OrganisatorFachmagazin\",\"https:\\\/\\\/www.linkedin.com\\\/showcase\\\/organisator-das-magazin-fr-kmu\",\"https:\\\/\\\/www.xing.com\\\/news\\\/pages\\\/organisator-ch-695\",\"https:\\\/\\\/www.youtube.com\\\/channel\\\/UCGP2Sq0iWaZwT3BdIAQFYpw\"]},{\"@type\":\"Person\",\"@id\":\"https:\\\/\\\/www.organisator.ch\\\/#\\\/schema\\\/person\\\/2e1314a2172123f874db408d8911d3f3\",\"name\":\"Adelisa Kalajdzini\",\"image\":{\"@type\":\"ImageObject\",\"inLanguage\":\"it-IT\",\"@id\":\"https:\\\/\\\/secure.gravatar.com\\\/avatar\\\/09a397c22ac58cad6f160ee8306348599df9df58a8ede73696226897b9fa4b24?s=96&d=mm&r=g\",\"url\":\"https:\\\/\\\/secure.gravatar.com\\\/avatar\\\/09a397c22ac58cad6f160ee8306348599df9df58a8ede73696226897b9fa4b24?s=96&d=mm&r=g\",\"contentUrl\":\"https:\\\/\\\/secure.gravatar.com\\\/avatar\\\/09a397c22ac58cad6f160ee8306348599df9df58a8ede73696226897b9fa4b24?s=96&d=mm&r=g\",\"caption\":\"Adelisa Kalajdzini\"},\"url\":\"https:\\\/\\\/www.organisator.ch\\\/it\\\/author\\\/adelisa-kalajdzini\\\/\"}]}<\/script>\n<!-- \/ Yoast SEO plugin. -->","yoast_head_json":{"title":"Mimacom: nuovo CEO Tim Weinmann e nuovo orientamento strategico dell'azienda - Organizzatore","description":"Il fornitore svizzero di IT e digitalizzazione Mimacom, con sede a Berna, sta riallineando la propria strategia e passando da un'organizzazione per paese a una struttura per linee di servizio.","robots":{"index":"index","follow":"follow","max-snippet":"max-snippet:-1","max-image-preview":"max-image-preview:large","max-video-preview":"max-video-preview:-1"},"canonical":"https:\/\/www.organisator.ch\/it\/gestione-2\/2024-11-07\/mimacom-neuer-ceo-tim-weinmann-und-neue-strategische-unternehmensausrichtung\/","og_locale":"it_IT","og_type":"article","og_title":"Mimacom: Neuer CEO Tim Weinmann und neue strategische Unternehmensausrichtung","og_description":"Der Schweizer IT- und Digitalisierungsanbieter Mimacom mit Sitz in Bern richtet sich strategisch neu aus und wechselt von einer L\u00e4nderorganisation zu einer Serviceline-Struktur.","og_url":"https:\/\/www.organisator.ch\/it\/gestione-2\/2024-11-07\/mimacom-neuer-ceo-tim-weinmann-und-neue-strategische-unternehmensausrichtung\/","og_site_name":"Organisator","article_publisher":"https:\/\/www.facebook.com\/OrganisatorFachmagazin","article_published_time":"2024-11-07T08:22:08+00:00","og_image":[{"width":680,"height":454,"url":"https:\/\/www.organisator.ch\/wp-content\/uploads\/2024\/11\/Mimacom_Bild1_ps.jpg","type":"image\/jpeg"}],"author":"Adelisa Kalajdzini","twitter_card":"summary_large_image","twitter_title":"Mimacom: Neuer CEO Tim Weinmann und neue strategische Unternehmensausrichtung","twitter_description":"Der Schweizer IT- und Digitalisierungsanbieter #Mimacom mit Sitz in #Bern richtet sich strategisch neu aus und wechselt von einer #L\u00e4nderorganisation zu einer #Serviceline-Struktur.","twitter_image":"https:\/\/www.organisator.ch\/wp-content\/uploads\/2024\/11\/Mimacom_Bild1_ps.jpg","schema":{"@context":"https:\/\/schema.org","@graph":[{"@type":"Article","@id":"https:\/\/www.organisator.ch\/management\/2024-11-07\/mimacom-neuer-ceo-tim-weinmann-und-neue-strategische-unternehmensausrichtung\/#article","isPartOf":{"@id":"https:\/\/www.organisator.ch\/management\/2024-11-07\/mimacom-neuer-ceo-tim-weinmann-und-neue-strategische-unternehmensausrichtung\/"},"author":{"name":"Adelisa Kalajdzini","@id":"https:\/\/www.organisator.ch\/#\/schema\/person\/2e1314a2172123f874db408d8911d3f3"},"headline":"Mimacom: Neuer CEO Tim Weinmann und neue strategische Unternehmensausrichtung","datePublished":"2024-11-07T08:22:08+00:00","mainEntityOfPage":{"@id":"https:\/\/www.organisator.ch\/management\/2024-11-07\/mimacom-neuer-ceo-tim-weinmann-und-neue-strategische-unternehmensausrichtung\/"},"wordCount":266,"publisher":{"@id":"https:\/\/www.organisator.ch\/#organization"},"image":{"@id":"https:\/\/www.organisator.ch\/management\/2024-11-07\/mimacom-neuer-ceo-tim-weinmann-und-neue-strategische-unternehmensausrichtung\/#primaryimage"},"thumbnailUrl":"https:\/\/www.organisator.ch\/wp-content\/uploads\/2024\/11\/Mimacom_Bild1_ps.jpg","keywords":["CEO","Management","Unternehmen","Unternehmensausrichtung"],"articleSection":["MANAGEMENT"],"inLanguage":"it-IT"},{"@type":"WebPage","@id":"https:\/\/www.organisator.ch\/management\/2024-11-07\/mimacom-neuer-ceo-tim-weinmann-und-neue-strategische-unternehmensausrichtung\/","url":"https:\/\/www.organisator.ch\/management\/2024-11-07\/mimacom-neuer-ceo-tim-weinmann-und-neue-strategische-unternehmensausrichtung\/","name":"Mimacom: nuovo CEO Tim Weinmann e nuovo orientamento strategico dell'azienda - Organizzatore","isPartOf":{"@id":"https:\/\/www.organisator.ch\/#website"},"primaryImageOfPage":{"@id":"https:\/\/www.organisator.ch\/management\/2024-11-07\/mimacom-neuer-ceo-tim-weinmann-und-neue-strategische-unternehmensausrichtung\/#primaryimage"},"image":{"@id":"https:\/\/www.organisator.ch\/management\/2024-11-07\/mimacom-neuer-ceo-tim-weinmann-und-neue-strategische-unternehmensausrichtung\/#primaryimage"},"thumbnailUrl":"https:\/\/www.organisator.ch\/wp-content\/uploads\/2024\/11\/Mimacom_Bild1_ps.jpg","datePublished":"2024-11-07T08:22:08+00:00","description":"Il fornitore svizzero di IT e digitalizzazione Mimacom, con sede a Berna, sta riallineando la propria strategia e passando da un'organizzazione per paese a una struttura per linee di servizio.","breadcrumb":{"@id":"https:\/\/www.organisator.ch\/management\/2024-11-07\/mimacom-neuer-ceo-tim-weinmann-und-neue-strategische-unternehmensausrichtung\/#breadcrumb"},"inLanguage":"it-IT","potentialAction":[{"@type":"ReadAction","target":["https:\/\/www.organisator.ch\/management\/2024-11-07\/mimacom-neuer-ceo-tim-weinmann-und-neue-strategische-unternehmensausrichtung\/"]}]},{"@type":"ImageObject","inLanguage":"it-IT","@id":"https:\/\/www.organisator.ch\/management\/2024-11-07\/mimacom-neuer-ceo-tim-weinmann-und-neue-strategische-unternehmensausrichtung\/#primaryimage","url":"https:\/\/www.organisator.ch\/wp-content\/uploads\/2024\/11\/Mimacom_Bild1_ps.jpg","contentUrl":"https:\/\/www.organisator.ch\/wp-content\/uploads\/2024\/11\/Mimacom_Bild1_ps.jpg","width":680,"height":454,"caption":"(V. l. n. r.): Bruno Wassmer, Jean-Francois Clercx, Fabian Kleiser, Tim Weinmann. (Bild: www.mimacom.com)"},{"@type":"BreadcrumbList","@id":"https:\/\/www.organisator.ch\/management\/2024-11-07\/mimacom-neuer-ceo-tim-weinmann-und-neue-strategische-unternehmensausrichtung\/#breadcrumb","itemListElement":[{"@type":"ListItem","position":1,"name":"Home","item":"https:\/\/www.organisator.ch\/"},{"@type":"ListItem","position":2,"name":"Mimacom: Neuer CEO Tim Weinmann und neue strategische Unternehmensausrichtung"}]},{"@type":"WebSite","@id":"https:\/\/www.organisator.ch\/#website","url":"https:\/\/www.organisator.ch\/","name":"Organizzatore","description":"Competente. Pratico. In 10 numeri all'anno, ORGANISATOR presenta i temi essenziali per i manager delle PMI.","publisher":{"@id":"https:\/\/www.organisator.ch\/#organization"},"potentialAction":[{"@type":"SearchAction","target":{"@type":"EntryPoint","urlTemplate":"https:\/\/www.organisator.ch\/?s={search_term_string}"},"query-input":{"@type":"PropertyValueSpecification","valueRequired":true,"valueName":"search_term_string"}}],"inLanguage":"it-IT"},{"@type":"Organization","@id":"https:\/\/www.organisator.ch\/#organization","name":"Organizzatore","url":"https:\/\/www.organisator.ch\/","logo":{"@type":"ImageObject","inLanguage":"it-IT","@id":"https:\/\/www.organisator.ch\/#\/schema\/logo\/image\/","url":"https:\/\/www.organisator.ch\/wp-content\/uploads\/2022\/01\/Logo_Organisator_Website.png","contentUrl":"https:\/\/www.organisator.ch\/wp-content\/uploads\/2022\/01\/Logo_Organisator_Website.png","width":800,"height":77,"caption":"Organisator"},"image":{"@id":"https:\/\/www.organisator.ch\/#\/schema\/logo\/image\/"},"sameAs":["https:\/\/www.facebook.com\/OrganisatorFachmagazin","https:\/\/www.linkedin.com\/showcase\/organisator-das-magazin-fr-kmu","https:\/\/www.xing.com\/news\/pages\/organisator-ch-695","https:\/\/www.youtube.com\/channel\/UCGP2Sq0iWaZwT3BdIAQFYpw"]},{"@type":"Person","@id":"https:\/\/www.organisator.ch\/#\/schema\/person\/2e1314a2172123f874db408d8911d3f3","name":"Adelisa Kalajdzini","image":{"@type":"ImageObject","inLanguage":"it-IT","@id":"https:\/\/secure.gravatar.com\/avatar\/09a397c22ac58cad6f160ee8306348599df9df58a8ede73696226897b9fa4b24?s=96&d=mm&r=g","url":"https:\/\/secure.gravatar.com\/avatar\/09a397c22ac58cad6f160ee8306348599df9df58a8ede73696226897b9fa4b24?s=96&d=mm&r=g","contentUrl":"https:\/\/secure.gravatar.com\/avatar\/09a397c22ac58cad6f160ee8306348599df9df58a8ede73696226897b9fa4b24?s=96&d=mm&r=g","caption":"Adelisa Kalajdzini"},"url":"https:\/\/www.organisator.ch\/it\/author\/adelisa-kalajdzini\/"}]}},"_links":{"self":[{"href":"https:\/\/www.organisator.ch\/it\/wp-json\/wp\/v2\/posts\/31557","targetHints":{"allow":["GET"]}}],"collection":[{"href":"https:\/\/www.organisator.ch\/it\/wp-json\/wp\/v2\/posts"}],"about":[{"href":"https:\/\/www.organisator.ch\/it\/wp-json\/wp\/v2\/types\/post"}],"author":[{"embeddable":true,"href":"https:\/\/www.organisator.ch\/it\/wp-json\/wp\/v2\/users\/58"}],"replies":[{"embeddable":true,"href":"https:\/\/www.organisator.ch\/it\/wp-json\/wp\/v2\/comments?post=31557"}],"version-history":[{"count":4,"href":"https:\/\/www.organisator.ch\/it\/wp-json\/wp\/v2\/posts\/31557\/revisions"}],"predecessor-version":[{"id":31868,"href":"https:\/\/www.organisator.ch\/it\/wp-json\/wp\/v2\/posts\/31557\/revisions\/31868"}],"wp:featuredmedia":[{"embeddable":true,"href":"https:\/\/www.organisator.ch\/it\/wp-json\/wp\/v2\/media\/31558"}],"wp:attachment":[{"href":"https:\/\/www.organisator.ch\/it\/wp-json\/wp\/v2\/media?parent=31557"}],"wp:term":[{"taxonomy":"category","embeddable":true,"href":"https:\/\/www.organisator.ch\/it\/wp-json\/wp\/v2\/categories?post=31557"},{"taxonomy":"post_tag","embeddable":true,"href":"https:\/\/www.organisator.ch\/it\/wp-json\/wp\/v2\/tags?post=31557"}],"curies":[{"name":"wp","href":"https:\/\/api.w.org\/{rel}","templated":true}]}}